{"id":990,"date":"2024-08-30T18:33:21","date_gmt":"2024-08-30T21:33:21","guid":{"rendered":"https:\/\/revistacampus.uandes.cl\/2024\/?p=990"},"modified":"2024-09-06T13:39:43","modified_gmt":"2024-09-06T16:39:43","slug":"bajo-la-batuta-de-giovanni-panella","status":"publish","type":"post","link":"https:\/\/revistacampus.uandes.cl\/2024\/bajo-la-batuta-de-giovanni-panella\/","title":{"rendered":"Bajo la batuta de Giovanni Panella"},"content":{"rendered":"\n<p class=\"has-small-font-size\"><strong>Integrantes de la camerata UANDES 2024:<\/strong><em> Viol\u00edn primero: <\/em>M\u00f3nica Betancourt (concertino), Jairo Gonz\u00e1lez, Jos\u00e9 Manuel Hern\u00e1ndez y Nazaret Bero\u00edza. <em>Viol\u00edn segundo: <\/em>Claudio Ar\u00e9valo, Paula Rosales y Cecilia Mu\u00f1oz.<em> Viola: <\/em>Rodrigo Rodr\u00edguez y Daluz Sep\u00falveda. <em>Violonchelo: <\/em>Polonia Sienkiewicz y Pablo Browne.<em> Contrabajo:<\/em> Jimena Rey.<\/p>\n\n\n\n<div style=\"height:30px\" aria-hidden=\"true\" class=\"wp-block-spacer\"><\/div>\n\n\n\n<p class=\"has-background\" style=\"background-color:#e3e3e3\"><img decoding=\"async\" width=\"60\" height=\"60\" class=\"wp-image-402\" style=\"width: 60px;\" src=\"https:\/\/revistacampus.uandes.cl\/2024\/wp-content\/uploads\/2024\/08\/VE-POR-MAS.png\" alt=\"\" srcset=\"https:\/\/revistacampus.uandes.cl\/2024\/wp-content\/uploads\/2024\/08\/VE-POR-MAS.png 250w, https:\/\/revistacampus.uandes.cl\/2024\/wp-content\/uploads\/2024\/08\/VE-POR-MAS-150x150.png 150w\" sizes=\"(max-width: 60px) 100vw, 60px\" \/><br><strong>El director italiano de 39 a\u00f1os<\/strong>, que en junio de 2024 realiz\u00f3 su debut a cargo de la Orquesta Filarm\u00f3nica de Buenos Aires, es el nuevo director titular del elenco universitario.<br><br>Por Julio Rivera Oyarz\u00fan<\/p>\n\n\n\n<div style=\"height:30px\" aria-hidden=\"true\" class=\"wp-block-spacer\"><\/div>\n\n\n\n<p><strong>La presentaci\u00f3n en la <a href=\"https:\/\/revistacampus.uandes.cl\/2023\/el-nuevo-ciclo-de-la-camerata-uandes\/\" target=\"_blank\" rel=\"noreferrer noopener\">temporada 2023<\/a> de la <a href=\"https:\/\/www.uandes.cl\/extension\/camerata-uandes\/\" target=\"_blank\" rel=\"noreferrer noopener\">Camerata UANDES<\/a> le permiti\u00f3 ser elegido como su director titular a contar de este a\u00f1o, posici\u00f3n que complementar\u00e1 con su trabajo de director y compositor en Argentina.<\/strong> \u201cEs un gran desaf\u00edo, que me genera respeto. Por un lado, proponer caminos y, por otro, aprender del camino que ha transitado la agrupaci\u00f3n. Quiero aportar con entusiasmo e innovaci\u00f3n sobre la base de mi experiencia, pero siempre respetando las tradiciones y la trayectoria del elenco\u201d, agrega sobre la agrupaci\u00f3n de 12 m\u00fasicos, con una trayectoria de casi un cuarto de siglo y m\u00e1s de un centenar de conciertos en la UANDES.<\/p>\n\n\n\n<p>\u201cEste a\u00f1o buscamos tem\u00e1ticas que unifiquen el repertorio\u201d, se\u00f1ala respecto de la <a href=\"https:\/\/www.uandes.cl\/noticias\/giovanni-panella-y-la-camerata-uandes-inauguran-temporada-de-conciertos-2024-con-stabat-mater\/\" target=\"_blank\" rel=\"noreferrer noopener\">temporada 2024<\/a>, dise\u00f1ada en colaboraci\u00f3n con el director chileno Francisco Rettig y el equipo de <a href=\"https:\/\/www.uandes.cl\/extension\/\" target=\"_blank\" rel=\"noreferrer noopener\">Extensi\u00f3n Cultural<\/a> de la Universidad. \u201cMi intenci\u00f3n es potenciar la difusi\u00f3n para que ayudemos a generar el p\u00fablico del ma\u00f1ana, ya que es parte de nuestra misi\u00f3n como m\u00fasicos\u201d, explica acerca del objetivo de integrar composiciones m\u00e1s conocidas por el auditorio joven.<\/p>\n\n\n\n<div class=\"wp-block-columns is-layout-flex wp-container-core-columns-is-layout-9d6595d7 wp-block-columns-is-layout-flex\">\n<div class=\"wp-block-column is-layout-flow wp-block-column-is-layout-flow\" style=\"flex-basis:50%\">\n<figure class=\"wp-block-image size-large\"><img fetchpriority=\"high\" decoding=\"async\" width=\"1024\" height=\"601\" src=\"https:\/\/revistacampus.uandes.cl\/2024\/wp-content\/uploads\/2024\/08\/Camerata-uandes-1024x601.jpg\" alt=\"\" class=\"wp-image-1132\" srcset=\"https:\/\/revistacampus.uandes.cl\/2024\/wp-content\/uploads\/2024\/08\/Camerata-uandes-1024x601.jpg 1024w, https:\/\/revistacampus.uandes.cl\/2024\/wp-content\/uploads\/2024\/08\/Camerata-uandes-300x176.jpg 300w, https:\/\/revistacampus.uandes.cl\/2024\/wp-content\/uploads\/2024\/08\/Camerata-uandes-768x451.jpg 768w, https:\/\/revistacampus.uandes.cl\/2024\/wp-content\/uploads\/2024\/08\/Camerata-uandes-1536x902.jpg 1536w, https:\/\/revistacampus.uandes.cl\/2024\/wp-content\/uploads\/2024\/08\/Camerata-uandes.jpg 1920w\" sizes=\"(max-width: 1024px) 100vw, 1024px\" \/><\/figure>\n<\/div>\n\n\n\n<div class=\"wp-block-column is-layout-flow wp-block-column-is-layout-flow\" style=\"flex-basis:50%\">\n<div style=\"height:20px\" aria-hidden=\"true\" class=\"wp-block-spacer\"><\/div>\n\n\n\n<p>\u201cProponemos un repertorio multifac\u00e9tico, para romper las barreras con el p\u00fablico y acercar al mundo universitario a los conciertos. Queremos que sea accesible, explicando el repertorio para que todos se involucren. Creo que cualquier persona que no ha participado de un concierto, pero que se da el espacio para disfrutar en el contexto correcto, va a quedar enganchado\u201d, asegura.<\/p>\n<\/div>\n<\/div>\n\n\n\n<div style=\"height:39px\" aria-hidden=\"true\" class=\"wp-block-spacer\"><\/div>\n\n\n\n<h2 class=\"wp-block-heading\">\u00bfQui\u00e9n es Giovanni Panella?<\/h2>\n\n\n\n<div class=\"wp-block-columns is-layout-flex wp-container-core-columns-is-layout-9d6595d7 wp-block-columns-is-layout-flex\">\n<div class=\"wp-block-column is-layout-flow wp-block-column-is-layout-flow\" style=\"flex-basis:70%\">\n<p>Nacido en Italia en 1985, comenz\u00f3 sus estudios musicales a los 7 a\u00f1os y empez\u00f3 a dirigir a los 14, como alumno de los destacados Pio Di Meo y Gian Luigi Zampieri. Se gradu\u00f3 en composici\u00f3n y direcci\u00f3n coral en el <em>Conservatorio L. Refice de Frosinone<\/em>, en direcci\u00f3n orquestal en el <em>Conservatorio S. Pietro a Majella <\/em>de N\u00e1poles y se perfeccion\u00f3 con Gianluigi Gelmetti en la<em> Academia Musicale Chigiana<\/em> de Siena<em>. <\/em><\/p>\n\n\n\n<p>El cat\u00e1logo de sus composiciones abarca varios estilos y diferentes conjuntos instrumentales y vocales -de la orquesta a la m\u00fasica de c\u00e1mara, de lo sinf\u00f3nico sacro a la polifon\u00eda-, e incluye nuevos lenguajes y tecnolog\u00edas, con alta estima por la tradici\u00f3n del pasado.<\/p>\n<\/div>\n\n\n\n<div class=\"wp-block-column is-layout-flow wp-block-column-is-layout-flow\" style=\"flex-basis:30%\">\n<figure class=\"wp-block-image size-full is-style-rounded\"><img decoding=\"async\" width=\"1280\" height=\"720\" src=\"https:\/\/revistacampus.uandes.cl\/2024\/wp-content\/uploads\/2024\/08\/giovanni_panella.jpg\" alt=\"\" class=\"wp-image-1125\" style=\"aspect-ratio:1;object-fit:cover\" srcset=\"https:\/\/revistacampus.uandes.cl\/2024\/wp-content\/uploads\/2024\/08\/giovanni_panella.jpg 1280w, https:\/\/revistacampus.uandes.cl\/2024\/wp-content\/uploads\/2024\/08\/giovanni_panella-300x169.jpg 300w, https:\/\/revistacampus.uandes.cl\/2024\/wp-content\/uploads\/2024\/08\/giovanni_panella-1024x576.jpg 1024w, https:\/\/revistacampus.uandes.cl\/2024\/wp-content\/uploads\/2024\/08\/giovanni_panella-768x432.jpg 768w\" sizes=\"(max-width: 1280px) 100vw, 1280px\" \/><\/figure>\n<\/div>\n<\/div>\n\n\n\n<p>En 2014 emigr\u00f3 a Buenos Aires, Argentina, -donde reside junto a su se\u00f1ora- para ocupar el cargo de director musical y <em>Kapellmeister <\/em>de la <strong>Bas\u00edlica Nuestra Se\u00f1ora del Socorro<\/strong>, que cuenta con colaboraciones de prestigio y estreno de importantes obras. Entre otras actividades, en junio de este a\u00f1o <strong>debut\u00f3 como director de la Orquesta Filarm\u00f3nica de Buenos Aires<\/strong> y es candidato a doctor por la Universidad de Guanajuato, M\u00e9xico. <img loading=\"lazy\" decoding=\"async\" width=\"15\" height=\"15\" class=\"wp-image-402\" style=\"width: 15px;\" src=\"https:\/\/revistacampus.uandes.cl\/2024\/wp-content\/uploads\/2024\/08\/VE-POR-MAS.png\" alt=\"\" srcset=\"https:\/\/revistacampus.uandes.cl\/2024\/wp-content\/uploads\/2024\/08\/VE-POR-MAS.png 250w, https:\/\/revistacampus.uandes.cl\/2024\/wp-content\/uploads\/2024\/08\/VE-POR-MAS-150x150.png 150w\" sizes=\"(max-width: 15px) 100vw, 15px\" \/><\/p>\n","protected":false},"excerpt":{"rendered":"<p>Integrantes de la camerata UANDES 2024: Viol\u00edn primero: M\u00f3nica Betancourt (concertino), Jairo Gonz\u00e1lez, Jos\u00e9 Manuel Hern\u00e1ndez y Nazaret Bero\u00edza. Viol\u00edn segundo: Claudio Ar\u00e9valo, Paula Rosales y Cecilia Mu\u00f1oz. Viola: Rodrigo Rodr\u00edguez y Daluz Sep\u00falveda. Violonchelo: Polonia Sienkiewicz y Pablo Browne. Contrabajo: Jimena Rey. El director italiano de 39 a\u00f1os, que en junio de 2024 realiz\u00f3 [&hellip;]<\/p>\n","protected":false},"author":1,"featured_media":991,"comment_status":"open","ping_status":"open","sticky":false,"template":"","format":"standard","meta":{"footnotes":""},"categories":[39,9,1],"tags":[28],"class_list":["post-990","post","type-post","status-publish","format-standard","has-post-thumbnail","hentry","category-cultura","category-destacados","category-sin-categoria","tag-camerata-uandes"],"_links":{"self":[{"href":"https:\/\/revistacampus.uandes.cl\/2024\/wp-json\/wp\/v2\/posts\/990","targetHints":{"allow":["GET"]}}],"collection":[{"href":"https:\/\/revistacampus.uandes.cl\/2024\/wp-json\/wp\/v2\/posts"}],"about":[{"href":"https:\/\/revistacampus.uandes.cl\/2024\/wp-json\/wp\/v2\/types\/post"}],"author":[{"embeddable":true,"href":"https:\/\/revistacampus.uandes.cl\/2024\/wp-json\/wp\/v2\/users\/1"}],"replies":[{"embeddable":true,"href":"https:\/\/revistacampus.uandes.cl\/2024\/wp-json\/wp\/v2\/comments?post=990"}],"version-history":[{"count":17,"href":"https:\/\/revistacampus.uandes.cl\/2024\/wp-json\/wp\/v2\/posts\/990\/revisions"}],"predecessor-version":[{"id":1336,"href":"https:\/\/revistacampus.uandes.cl\/2024\/wp-json\/wp\/v2\/posts\/990\/revisions\/1336"}],"wp:featuredmedia":[{"embeddable":true,"href":"https:\/\/revistacampus.uandes.cl\/2024\/wp-json\/wp\/v2\/media\/991"}],"wp:attachment":[{"href":"https:\/\/revistacampus.uandes.cl\/2024\/wp-json\/wp\/v2\/media?parent=990"}],"wp:term":[{"taxonomy":"category","embeddable":true,"href":"https:\/\/revistacampus.uandes.cl\/2024\/wp-json\/wp\/v2\/categories?post=990"},{"taxonomy":"post_tag","embeddable":true,"href":"https:\/\/revistacampus.uandes.cl\/2024\/wp-json\/wp\/v2\/tags?post=990"}],"curies":[{"name":"wp","href":"https:\/\/api.w.org\/{rel}","templated":true}]}}