{"id":961,"date":"2024-08-30T18:11:11","date_gmt":"2024-08-30T21:11:11","guid":{"rendered":"https:\/\/revistacampus.uandes.cl\/2024\/?p=961"},"modified":"2024-09-05T19:52:10","modified_gmt":"2024-09-05T22:52:10","slug":"destacados-clinica","status":"publish","type":"post","link":"https:\/\/revistacampus.uandes.cl\/2024\/destacados-clinica\/","title":{"rendered":"Destacados Cl\u00ednica UANDES"},"content":{"rendered":"\n<hr class=\"wp-block-separator has-text-color has-alpha-channel-opacity has-background\" style=\"background-color:#e10e17;color:#e10e17\"\/>\n\n\n\n<div style=\"height:20px\" aria-hidden=\"true\" class=\"wp-block-spacer\"><\/div>\n\n\n\n<h1 class=\"wp-block-heading\"><img decoding=\"async\" width=\"50\" height=\"50\" class=\"wp-image-402\" style=\"width: 50px;\" src=\"https:\/\/revistacampus.uandes.cl\/2024\/wp-content\/uploads\/2024\/08\/VE-POR-MAS.png\" alt=\"\" srcset=\"https:\/\/revistacampus.uandes.cl\/2024\/wp-content\/uploads\/2024\/08\/VE-POR-MAS.png 250w, https:\/\/revistacampus.uandes.cl\/2024\/wp-content\/uploads\/2024\/08\/VE-POR-MAS-150x150.png 150w\" sizes=\"(max-width: 50px) 100vw, 50px\" \/><br><strong><mark style=\"background-color:rgba(0, 0, 0, 0);color:#e10e17\" class=\"has-inline-color\">Comienza el programa de trasplante<\/mark><\/strong><\/h1>\n\n\n\n<div style=\"height:30px\" aria-hidden=\"true\" class=\"wp-block-spacer\"><\/div>\n\n\n\n<div class=\"wp-block-columns is-layout-flex wp-container-core-columns-is-layout-9d6595d7 wp-block-columns-is-layout-flex\">\n<div class=\"wp-block-column is-layout-flow wp-block-column-is-layout-flow\" style=\"flex-basis:50%\">\n<figure class=\"wp-block-image size-full is-resized\"><img fetchpriority=\"high\" decoding=\"async\" width=\"2000\" height=\"1592\" src=\"https:\/\/revistacampus.uandes.cl\/2024\/wp-content\/uploads\/2024\/08\/Comienza-el-programa-de-trasplante-OK.jpg\" alt=\"\" class=\"wp-image-964\" style=\"width:479px;height:auto\" srcset=\"https:\/\/revistacampus.uandes.cl\/2024\/wp-content\/uploads\/2024\/08\/Comienza-el-programa-de-trasplante-OK.jpg 2000w, https:\/\/revistacampus.uandes.cl\/2024\/wp-content\/uploads\/2024\/08\/Comienza-el-programa-de-trasplante-OK-300x239.jpg 300w, https:\/\/revistacampus.uandes.cl\/2024\/wp-content\/uploads\/2024\/08\/Comienza-el-programa-de-trasplante-OK-1024x815.jpg 1024w, https:\/\/revistacampus.uandes.cl\/2024\/wp-content\/uploads\/2024\/08\/Comienza-el-programa-de-trasplante-OK-768x611.jpg 768w, https:\/\/revistacampus.uandes.cl\/2024\/wp-content\/uploads\/2024\/08\/Comienza-el-programa-de-trasplante-OK-1536x1223.jpg 1536w\" sizes=\"(max-width: 2000px) 100vw, 2000px\" \/><\/figure>\n<\/div>\n\n\n\n<div class=\"wp-block-column is-layout-flow wp-block-column-is-layout-flow\" style=\"flex-basis:50%\">\n<p>En un hito importante para su misi\u00f3n de proporcionar atenci\u00f3n m\u00e9dica de calidad y avanzada a los pacientes, as\u00ed como de abrir oportunidades para la innovaci\u00f3n, investigaci\u00f3n y docencia, la <a href=\"http:\/\/clinicauandes.cl\" data-type=\"link\" data-id=\"clinicauandes.cl\" target=\"_blank\" rel=\"noreferrer noopener\">Cl\u00ednica Universidad de los Andes<\/a> ha dado inicio a un <a href=\"https:\/\/www.clinicauandes.cl\/centros-y-programas\/programas-medicos\/programa-de-trasplante\" target=\"_blank\" rel=\"noreferrer noopener\">Programa de Trasplantes<\/a>. Liderado por el Dr. <a href=\"https:\/\/www.clinicauandes.cl\/profesionales\/perfil\/dr.-erwin-buckel-gonzalez\" target=\"_blank\" rel=\"noreferrer noopener\">Erwin Buckel<\/a>, cirujano digestivo, y por <a href=\"https:\/\/www.clinicauandes.cl\/profesionales\/perfil\/elizabeth-galdames-lav%C3%ADn\" target=\"_blank\" rel=\"noreferrer noopener\">Elizabeth Galdames<\/a>, enfermera jefe de Procuramiento y Trasplante, durante la primera etapa se centrar\u00e1 en trasplante renal a pacientes mayores de 15 a\u00f1os, para luego seguir avanzando hacia otros tipos. <br><br>Estos trasplantes se suman a los de m\u00e9dula \u00f3sea que ya realiza el <a href=\"https:\/\/www.clinicauandes.cl\/centros-y-programas\/centro-de-cancer\" target=\"_blank\" rel=\"noreferrer noopener\">Centro de C\u00e1ncer<\/a> de la Cl\u00ednica. <img decoding=\"async\" width=\"15\" height=\"15\" class=\"wp-image-402\" style=\"width: 15px;\" src=\"https:\/\/revistacampus.uandes.cl\/2024\/wp-content\/uploads\/2024\/08\/VE-POR-MAS.png\" alt=\"\" srcset=\"https:\/\/revistacampus.uandes.cl\/2024\/wp-content\/uploads\/2024\/08\/VE-POR-MAS.png 250w, https:\/\/revistacampus.uandes.cl\/2024\/wp-content\/uploads\/2024\/08\/VE-POR-MAS-150x150.png 150w\" sizes=\"(max-width: 15px) 100vw, 15px\" \/><\/p>\n<\/div>\n<\/div>\n\n\n\n<div style=\"height:30px\" aria-hidden=\"true\" class=\"wp-block-spacer\"><\/div>\n\n\n\n<hr class=\"wp-block-separator has-text-color has-alpha-channel-opacity has-background\" style=\"background-color:#e10e17;color:#e10e17\"\/>\n\n\n\n<div style=\"height:30px\" aria-hidden=\"true\" class=\"wp-block-spacer\"><\/div>\n\n\n\n<h1 class=\"wp-block-heading\"><img decoding=\"async\" width=\"50\" height=\"50\" class=\"wp-image-402\" style=\"width: 50px;\" src=\"https:\/\/revistacampus.uandes.cl\/2024\/wp-content\/uploads\/2024\/08\/VE-POR-MAS.png\" alt=\"\" srcset=\"https:\/\/revistacampus.uandes.cl\/2024\/wp-content\/uploads\/2024\/08\/VE-POR-MAS.png 250w, https:\/\/revistacampus.uandes.cl\/2024\/wp-content\/uploads\/2024\/08\/VE-POR-MAS-150x150.png 150w\" sizes=\"(max-width: 50px) 100vw, 50px\" \/><br><mark style=\"background-color:rgba(0, 0, 0, 0);color:#e10e17\" class=\"has-inline-color\"><strong>Reconocimiento internacional<\/strong><\/mark><\/h1>\n\n\n\n<div class=\"wp-block-columns is-layout-flex wp-container-core-columns-is-layout-9d6595d7 wp-block-columns-is-layout-flex\">\n<div class=\"wp-block-column is-vertically-aligned-center is-layout-flow wp-block-column-is-layout-flow\">\n<p>En 2023 nuestra cl\u00ednica universitaria se convirti\u00f3 en el primer centro nacional en obtener la <a href=\"https:\/\/www.clinicauandes.cl\/noticia\/primer-equipo-de-cirugia-coloproctologica-en-chile-en-tener-la-certificacion-eras\" target=\"_blank\" rel=\"noreferrer noopener\">certificaci\u00f3n ERAS<\/a> por sus protocolos de seguridad perioperatorios, y el primero del Cono Sur certificado como centro avanzado en <a href=\"https:\/\/www.clinicauandes.cl\/centros-y-programas\/programas-medicos\/enfermedad-inflamatoria-intestinal?utm_term=enfermedad%20inflamatoria%20intestinal&amp;utm_campaign=Search+-+Cirug%C3%ADa+Digestiva+-+2024&amp;utm_source=adwords&amp;utm_medium=ppc&amp;hsa_acc=7462738846&amp;hsa_cam=21517425480&amp;hsa_grp=171701607328&amp;hsa_ad=709299412730&amp;hsa_src=g&amp;hsa_tgt=kwd-297105339013&amp;hsa_kw=enfermedad%20inflamatoria%20intestinal&amp;hsa_mt=b&amp;hsa_net=adwords&amp;hsa_ver=3&amp;gclid=CjwKCAjwxNW2BhAkEiwA24Cm9Ghnt1P98BxLhDylmhkqBaTXQYhwlgD-nLE5I2fmqgQaNtz9XZh3-xoCQVUQAvD_BwE\" target=\"_blank\" rel=\"noreferrer noopener\">enfermedad inflamatoria intestinal<\/a>. Tambi\u00e9n encabez\u00f3 el <a href=\"https:\/\/www.clinicauandes.cl\/noticia\/destacada-calificaci%C3%B3n-en-ranking-internacional-latam-best-hospitals\" target=\"_blank\" rel=\"noreferrer noopener\">ranking Latam Best Hospitals<\/a> por su eficiencia y destac\u00f3 en las \u00e1reas de investigaci\u00f3n, talento humano y gesti\u00f3n ESG (ambiental, social y gobierno corporativo). Adem\u00e1s, alcanz\u00f3 el segundo lugar entre sus pares nacionales en cinco mediciones del <a href=\"https:\/\/www.clinicauandes.cl\/noticia\/destacado-2-lugar-en-ranking-merco-empresas-2023\" target=\"_blank\" rel=\"noreferrer noopener\">ranking Merco<\/a>: empresas, reputaci\u00f3n corporativa, talento, talento universitario y empresas m\u00e1s responsables ESG. <img decoding=\"async\" width=\"15\" height=\"15\" class=\"wp-image-402\" style=\"width: 15px;\" src=\"https:\/\/revistacampus.uandes.cl\/2024\/wp-content\/uploads\/2024\/08\/VE-POR-MAS.png\" alt=\"\" srcset=\"https:\/\/revistacampus.uandes.cl\/2024\/wp-content\/uploads\/2024\/08\/VE-POR-MAS.png 250w, https:\/\/revistacampus.uandes.cl\/2024\/wp-content\/uploads\/2024\/08\/VE-POR-MAS-150x150.png 150w\" sizes=\"(max-width: 15px) 100vw, 15px\" \/><\/p>\n<\/div>\n\n\n\n<div class=\"wp-block-column is-vertically-aligned-center is-layout-flow wp-block-column-is-layout-flow\">\n<figure class=\"wp-block-image size-large is-resized\"><img loading=\"lazy\" decoding=\"async\" width=\"1024\" height=\"886\" src=\"https:\/\/revistacampus.uandes.cl\/2024\/wp-content\/uploads\/2024\/08\/Recocimiento-internacional-Equipo-ERAS-1024x886.jpg\" alt=\"\" class=\"wp-image-972\" style=\"object-fit:cover;width:436px;height:350px\" srcset=\"https:\/\/revistacampus.uandes.cl\/2024\/wp-content\/uploads\/2024\/08\/Recocimiento-internacional-Equipo-ERAS-1024x886.jpg 1024w, https:\/\/revistacampus.uandes.cl\/2024\/wp-content\/uploads\/2024\/08\/Recocimiento-internacional-Equipo-ERAS-300x260.jpg 300w, https:\/\/revistacampus.uandes.cl\/2024\/wp-content\/uploads\/2024\/08\/Recocimiento-internacional-Equipo-ERAS-768x664.jpg 768w, https:\/\/revistacampus.uandes.cl\/2024\/wp-content\/uploads\/2024\/08\/Recocimiento-internacional-Equipo-ERAS-1536x1329.jpg 1536w, https:\/\/revistacampus.uandes.cl\/2024\/wp-content\/uploads\/2024\/08\/Recocimiento-internacional-Equipo-ERAS.jpg 2000w\" sizes=\"(max-width: 1024px) 100vw, 1024px\" \/><\/figure>\n<\/div>\n<\/div>\n\n\n\n<div style=\"height:30px\" aria-hidden=\"true\" class=\"wp-block-spacer\"><\/div>\n\n\n\n<hr class=\"wp-block-separator has-text-color has-alpha-channel-opacity has-background\" style=\"background-color:#e10e17;color:#e10e17\"\/>\n\n\n\n<div style=\"height:30px\" aria-hidden=\"true\" class=\"wp-block-spacer\"><\/div>\n\n\n\n<h1 class=\"wp-block-heading\"><img decoding=\"async\" width=\"50\" height=\"50\" class=\"wp-image-402\" style=\"width: 50px;\" src=\"https:\/\/revistacampus.uandes.cl\/2024\/wp-content\/uploads\/2024\/08\/VE-POR-MAS.png\" alt=\"\" srcset=\"https:\/\/revistacampus.uandes.cl\/2024\/wp-content\/uploads\/2024\/08\/VE-POR-MAS.png 250w, https:\/\/revistacampus.uandes.cl\/2024\/wp-content\/uploads\/2024\/08\/VE-POR-MAS-150x150.png 150w\" sizes=\"(max-width: 50px) 100vw, 50px\" \/><br><mark style=\"background-color:rgba(0, 0, 0, 0);color:#e10e17\" class=\"has-inline-color\"><strong>5 a\u00f1os acortando las listas de espera<\/strong><\/mark><\/h1>\n\n\n\n<div class=\"wp-block-columns is-layout-flex wp-container-core-columns-is-layout-9d6595d7 wp-block-columns-is-layout-flex\">\n<div class=\"wp-block-column is-vertically-aligned-center is-layout-flow wp-block-column-is-layout-flow\">\n<figure class=\"wp-block-image size-large is-resized\"><img loading=\"lazy\" decoding=\"async\" width=\"1024\" height=\"768\" src=\"https:\/\/revistacampus.uandes.cl\/2024\/wp-content\/uploads\/2024\/08\/5-anos-de-cirugias-gratuitas-Calvo-Mackenna-1024x768.jpg\" alt=\"\" class=\"wp-image-980\" style=\"aspect-ratio:1.7777777777777777;object-fit:cover;width:537px;height:auto\" srcset=\"https:\/\/revistacampus.uandes.cl\/2024\/wp-content\/uploads\/2024\/08\/5-anos-de-cirugias-gratuitas-Calvo-Mackenna-1024x768.jpg 1024w, https:\/\/revistacampus.uandes.cl\/2024\/wp-content\/uploads\/2024\/08\/5-anos-de-cirugias-gratuitas-Calvo-Mackenna-300x225.jpg 300w, https:\/\/revistacampus.uandes.cl\/2024\/wp-content\/uploads\/2024\/08\/5-anos-de-cirugias-gratuitas-Calvo-Mackenna-768x576.jpg 768w, https:\/\/revistacampus.uandes.cl\/2024\/wp-content\/uploads\/2024\/08\/5-anos-de-cirugias-gratuitas-Calvo-Mackenna-1536x1152.jpg 1536w, https:\/\/revistacampus.uandes.cl\/2024\/wp-content\/uploads\/2024\/08\/5-anos-de-cirugias-gratuitas-Calvo-Mackenna.jpg 2000w\" sizes=\"(max-width: 1024px) 100vw, 1024px\" \/><\/figure>\n<\/div>\n\n\n\n<div class=\"wp-block-column is-layout-flow wp-block-column-is-layout-flow\">\n<p>M\u00e1s de 1.600 intervenciones han realizado los profesionales de la Cl\u00ednica UANDES a trav\u00e9s del <a href=\"https:\/\/www.clinicauandes.cl\/noticia\/superamos-las-1.600-cirug%C3%ADas-gratuitas-a-pacientes-en-listas-de-espera\" target=\"_blank\" rel=\"noreferrer noopener\">Programa de Cirug\u00edas Gratuitas<\/a> desde sus inicios en 2018. Gracias a las donaciones de <a href=\"https:\/\/fuandes.cl\/\" target=\"_blank\" rel=\"noreferrer noopener\">Fundaci\u00f3n UANDES<\/a> y <a href=\"https:\/\/www.careno.cl\/\" target=\"_blank\" rel=\"noreferrer noopener\">Fundaci\u00f3n Careno<\/a>, m\u00e1s la recaudaci\u00f3n de los estacionamientos, en febrero se llevaron a cabo 253 cirug\u00edas para personas que estaban en listas de espera en los hospitales p\u00fablicos en convenio. Entre ellos, fueron beneficiados 90 ni\u00f1os del <a href=\"https:\/\/www.calvomackenna.cl\/noticias\/blog\/03\/2024\/538\" target=\"_blank\" rel=\"noreferrer noopener\">Hospital Luis Calvo Mackenna, que se uni\u00f3 al programa<\/a> luego del incendio que lo afect\u00f3 el a\u00f1o pasado. <img decoding=\"async\" width=\"15\" height=\"15\" class=\"wp-image-402\" style=\"width: 15px;\" src=\"https:\/\/revistacampus.uandes.cl\/2024\/wp-content\/uploads\/2024\/08\/VE-POR-MAS.png\" alt=\"\" srcset=\"https:\/\/revistacampus.uandes.cl\/2024\/wp-content\/uploads\/2024\/08\/VE-POR-MAS.png 250w, https:\/\/revistacampus.uandes.cl\/2024\/wp-content\/uploads\/2024\/08\/VE-POR-MAS-150x150.png 150w\" sizes=\"(max-width: 15px) 100vw, 15px\" \/><\/p>\n<\/div>\n<\/div>\n","protected":false},"excerpt":{"rendered":"<p>\u201cComienza el programa de trasplante\u201d, \u201cReconocimiento internacional\u201d y \u201c5 a\u00f1os acortando las listas de espera\u201d forman parte de los hitos de la Cl\u00ednica UANDES.<\/p>\n","protected":false},"author":1,"featured_media":1119,"comment_status":"open","ping_status":"open","sticky":false,"template":"","format":"standard","meta":{"footnotes":""},"categories":[9,38,1],"tags":[],"class_list":["post-961","post","type-post","status-publish","format-standard","has-post-thumbnail","hentry","category-destacados","category-salud","category-sin-categoria"],"_links":{"self":[{"href":"https:\/\/revistacampus.uandes.cl\/2024\/wp-json\/wp\/v2\/posts\/961","targetHints":{"allow":["GET"]}}],"collection":[{"href":"https:\/\/revistacampus.uandes.cl\/2024\/wp-json\/wp\/v2\/posts"}],"about":[{"href":"https:\/\/revistacampus.uandes.cl\/2024\/wp-json\/wp\/v2\/types\/post"}],"author":[{"embeddable":true,"href":"https:\/\/revistacampus.uandes.cl\/2024\/wp-json\/wp\/v2\/users\/1"}],"replies":[{"embeddable":true,"href":"https:\/\/revistacampus.uandes.cl\/2024\/wp-json\/wp\/v2\/comments?post=961"}],"version-history":[{"count":25,"href":"https:\/\/revistacampus.uandes.cl\/2024\/wp-json\/wp\/v2\/posts\/961\/revisions"}],"predecessor-version":[{"id":1864,"href":"https:\/\/revistacampus.uandes.cl\/2024\/wp-json\/wp\/v2\/posts\/961\/revisions\/1864"}],"wp:featuredmedia":[{"embeddable":true,"href":"https:\/\/revistacampus.uandes.cl\/2024\/wp-json\/wp\/v2\/media\/1119"}],"wp:attachment":[{"href":"https:\/\/revistacampus.uandes.cl\/2024\/wp-json\/wp\/v2\/media?parent=961"}],"wp:term":[{"taxonomy":"category","embeddable":true,"href":"https:\/\/revistacampus.uandes.cl\/2024\/wp-json\/wp\/v2\/categories?post=961"},{"taxonomy":"post_tag","embeddable":true,"href":"https:\/\/revistacampus.uandes.cl\/2024\/wp-json\/wp\/v2\/tags?post=961"}],"curies":[{"name":"wp","href":"https:\/\/api.w.org\/{rel}","templated":true}]}}