{"id":929,"date":"2024-09-03T13:20:41","date_gmt":"2024-09-03T16:20:41","guid":{"rendered":"https:\/\/revistacampus.uandes.cl\/2024\/?p=929"},"modified":"2024-09-06T12:49:01","modified_gmt":"2024-09-06T15:49:01","slug":"mujeres-que-inspiran-en-la-academia","status":"publish","type":"post","link":"https:\/\/revistacampus.uandes.cl\/2024\/mujeres-que-inspiran-en-la-academia\/","title":{"rendered":"Mujeres que inspiran en la academia"},"content":{"rendered":"\n<p class=\"has-background\" style=\"background-color:#e3e3e3\"><img decoding=\"async\" width=\"60\" height=\"60\" class=\"wp-image-402\" style=\"width: 60px;\" src=\"https:\/\/revistacampus.uandes.cl\/2024\/wp-content\/uploads\/2024\/08\/VE-POR-MAS.png\" alt=\"\" srcset=\"https:\/\/revistacampus.uandes.cl\/2024\/wp-content\/uploads\/2024\/08\/VE-POR-MAS.png 250w, https:\/\/revistacampus.uandes.cl\/2024\/wp-content\/uploads\/2024\/08\/VE-POR-MAS-150x150.png 150w\" sizes=\"(max-width: 60px) 100vw, 60px\" \/><br><strong>La Universidad lider\u00f3 durante 2023 la Alianza de Mujeres en la Academia<\/strong>, que agrupa a 12 instituciones universitarias chilenas y a la Universidad de Harvard. Durante su per\u00edodo, logr\u00f3 la incorporaci\u00f3n de dos universidades regionales, desarroll\u00f3 la quinta versi\u00f3n de la Encuesta y consigui\u00f3, por primera vez, la institucionalizaci\u00f3n de la coalici\u00f3n con un convenio firmado por todos los miembros.<br><br>Por Nicole Kazazian Rojas<\/p>\n\n\n\n<div style=\"height:36px\" aria-hidden=\"true\" class=\"wp-block-spacer\"><\/div>\n\n\n\n<p>Desde 2019, doce casas de estudio chilenas, tanto p\u00fablicas como privadas, entre ellas la UANDES, forman parte de la <strong><em>Alianza de Mujeres en la Academia<\/em><\/strong> (AMA), iniciativa impulsada por la <a href=\"https:\/\/www.harvard.edu\/\" target=\"_blank\" rel=\"noreferrer noopener\">Universidad de Harvard<\/a>, Estados Unidos. El a\u00f1o pasado, la Universidad de los Andes, por medio de un comit\u00e9 liderado por la <strong>directora de Desarrollo Acad\u00e9mico, <a href=\"https:\/\/www.uandes.cl\/personas\/maria-sara-rodriguez-pinto\/\" target=\"_blank\" rel=\"noreferrer noopener\">Mar\u00eda Sara Rodr\u00edguez<\/a><\/strong>, estuvo a cargo de la <a href=\"https:\/\/www.uandes.cl\/noticias\/uandes-cierra-exitosa-coordinacion-de-la-alianza-de-mujeres-en-la-academia-con-la-incorporacion-de-dos-universidades-regionales\/\" target=\"_blank\" rel=\"noreferrer noopener\">coordinaci\u00f3n general de la Alianza<\/a>, cuyo fin es visibilizar el trabajo de las mujeres en docencia e investigaci\u00f3n, sus fortalezas y debilidades, y las oportunidades a futuro.<\/p>\n\n\n\n<div style=\"height:26px\" aria-hidden=\"true\" class=\"wp-block-spacer\"><\/div>\n\n\n\n<div class=\"wp-block-columns is-layout-flex wp-container-core-columns-is-layout-9d6595d7 wp-block-columns-is-layout-flex\">\n<div class=\"wp-block-column is-layout-flow wp-block-column-is-layout-flow\" style=\"flex-basis:60%\">\n<p>Desde marzo hasta diciembre, la UANDES realiz\u00f3 un <a href=\"https:\/\/www.uandes.cl\/noticias\/mujerenlaacademia-investigadoras-uandes-dialogan-sobre-los-desafios-para-trascender-en-las-nuevas-generaciones\/\" target=\"_blank\" rel=\"noreferrer noopener\">conversatorio con acad\u00e9micas de la Universidad<\/a>; visibiliz\u00f3 el <a href=\"https:\/\/www.uandes.cl\/noticias\/mujerenlaacademia-investigadoras-comprometidas-con-la-sociedad\/\" target=\"_blank\" rel=\"noreferrer noopener\">trabajo de investigadoras<\/a> de la misma casa de estudios en su sitio web, bolet\u00edn interno y redes sociales; adem\u00e1s de llevar a cabo reuniones de coordinaci\u00f3n con los miembros de la Alianza. A su vez, entre sus principales labores, desarroll\u00f3 la <strong>quinta Encuesta de Mujeres en la Academia, estudio que busca levantar indicadores sobre la presencia y carrera femenina en el \u00e1mbito de la educaci\u00f3n superior<\/strong> para proponer buenas pr\u00e1cticas en este campo y medir su eficacia. Los resultados de la encuesta son confidenciales y orientados al trabajo interno de AMA.<\/p>\n<\/div>\n\n\n\n<div class=\"wp-block-column is-layout-flow wp-block-column-is-layout-flow\" style=\"flex-basis:40%\">\n<p class=\"has-text-align-center\"><img decoding=\"async\" width=\"50\" height=\"50\" class=\"wp-image-209\" style=\"width: 50px;\" src=\"https:\/\/revistacampus.uandes.cl\/2024\/wp-content\/uploads\/2024\/08\/comillas-4.png\" alt=\"\" srcset=\"https:\/\/revistacampus.uandes.cl\/2024\/wp-content\/uploads\/2024\/08\/comillas-4.png 360w, https:\/\/revistacampus.uandes.cl\/2024\/wp-content\/uploads\/2024\/08\/comillas-4-300x300.png 300w, https:\/\/revistacampus.uandes.cl\/2024\/wp-content\/uploads\/2024\/08\/comillas-4-150x150.png 150w\" sizes=\"(max-width: 50px) 100vw, 50px\" \/><br>Las mujeres han demostrado a lo largo<br>de la historia su capacidad intelectual y su contribuci\u00f3n invaluable en la academia. La diversidad de pensamiento enriquece la calidad de la educaci\u00f3n y la investigaci\u00f3n\u201d<br><strong>Rector Jos\u00e9 Antonio Guzm\u00e1n<\/strong><\/p>\n<\/div>\n<\/div>\n\n\n\n<p>Adem\u00e1s, bajo la coordinaci\u00f3n de la UANDES, <strong>se logr\u00f3 la firma del convenio que institucionaliza a AMA y, por primera vez desde su creaci\u00f3n, dos casas de estudio regionales se incorporaron a la Alianza<\/strong>. Las universidades <a href=\"https:\/\/www.ucn.cl\/\" target=\"_blank\" rel=\"noreferrer noopener\">Cat\u00f3lica del Norte<\/a> y de <a href=\"https:\/\/www.ufro.cl\/\" target=\"_blank\" rel=\"noreferrer noopener\">La Frontera<\/a> se sumaron as\u00ed a sus pares de Chile, Cat\u00f3lica, de Santiago, del Desarrollo, Adolfo Ib\u00e1\u00f1ez, de los Andes, Santo Tom\u00e1s, Mayor, Central, de las Am\u00e9ricas, Diego Portales y Alberto Hurtado.<\/p>\n\n\n\n<div style=\"height:29px\" aria-hidden=\"true\" class=\"wp-block-spacer\"><\/div>\n\n\n\n<h2 class=\"wp-block-heading\">Acad\u00e9micas y familia<\/h2>\n\n\n\n<p>\u201cLas mujeres han demostrado a lo largo de la historia su contribuci\u00f3n invaluable en la academia. La diversidad de pensamiento enriquece la calidad de la educaci\u00f3n y la investigaci\u00f3n,\u201d asegur\u00f3 el <strong><a href=\"https:\/\/www.uandes.cl\/nosotros\/el-rector\/\" target=\"_blank\" rel=\"noreferrer noopener\">Rector Jos\u00e9 Antonio Guzm\u00e1n<\/a><\/strong> en la ceremonia de cierre, que se realiz\u00f3 en enero de 2024, ante la presencia de la <strong><em>Senior Vice Provost for Faculty Development and Diversity<\/em> de la Universidad de Harvard, <a href=\"https:\/\/provost.harvard.edu\/people\/judith-d-singer\" target=\"_blank\" rel=\"noreferrer noopener\">Judith Singer<\/a><\/strong>.<\/p>\n\n\n\n<p>Bajo esa visi\u00f3n, la UANDES tambi\u00e9n desarroll\u00f3 dos conversatorios que reunieron a cuatro destacadas acad\u00e9micas chilenas, quienes inspiran a las nuevas generaciones de mujeres en docencia e investigaci\u00f3n -y a muchos hombres tambi\u00e9n-, no solo por sus sobresalientes carreras y el legado que han dejado para el pa\u00eds y el mundo, sino por abrir camino a m\u00e1s mujeres en diversas \u00e1reas del saber.<\/p>\n\n\n\n<div class=\"wp-block-columns is-layout-flex wp-container-core-columns-is-layout-9d6595d7 wp-block-columns-is-layout-flex\">\n<div class=\"wp-block-column is-layout-flow wp-block-column-is-layout-flow\">\n<figure class=\"wp-block-image size-large is-style-default\"><img fetchpriority=\"high\" decoding=\"async\" width=\"1024\" height=\"682\" src=\"https:\/\/revistacampus.uandes.cl\/2024\/wp-content\/uploads\/2024\/08\/MG_3391-1-1024x682.jpg\" alt=\"\" class=\"wp-image-933\" style=\"aspect-ratio:16\/9;object-fit:cover\" srcset=\"https:\/\/revistacampus.uandes.cl\/2024\/wp-content\/uploads\/2024\/08\/MG_3391-1-1024x682.jpg 1024w, https:\/\/revistacampus.uandes.cl\/2024\/wp-content\/uploads\/2024\/08\/MG_3391-1-300x200.jpg 300w, https:\/\/revistacampus.uandes.cl\/2024\/wp-content\/uploads\/2024\/08\/MG_3391-1-768x512.jpg 768w, https:\/\/revistacampus.uandes.cl\/2024\/wp-content\/uploads\/2024\/08\/MG_3391-1-1536x1024.jpg 1536w, https:\/\/revistacampus.uandes.cl\/2024\/wp-content\/uploads\/2024\/08\/MG_3391-1.jpg 2000w\" sizes=\"(max-width: 1024px) 100vw, 1024px\" \/><figcaption class=\"wp-element-caption\"><sub>La Rectora Rosa Dev\u00e9s y la profesora Elisa Marusic, quienes compartieron parte de su vida acad\u00e9mica en el Departamento de Fisiolog\u00eda y Biof\u00edsica de la Facultad de Medicina de la Universidad de Chile, fueron las protagonistas del encuentro \u201cMujeres que Inspiran\u201d.<\/sub><\/figcaption><\/figure>\n<\/div>\n\n\n\n<div class=\"wp-block-column is-layout-flow wp-block-column-is-layout-flow\">\n<p class=\"has-text-align-left\">El <a href=\"https:\/\/www.uandes.cl\/noticias\/rectora-de-universidad-de-chile-y-fundadora-de-la-facultad-de-medicina-de-la-uandes-abordaron-los-desafios-de-la-mujer-en-la-academia\/\" target=\"_blank\" rel=\"noreferrer noopener\">primer conversatorio \u201cMujeres que inspiran\u201d<\/a> fue moderado por el director del Centro de Investigaci\u00f3n e Innovaci\u00f3n Biom\u00e9dica UANDES (<a href=\"https:\/\/www.uandes.cl\/ciib\/\" target=\"_blank\" rel=\"noreferrer noopener\">CiiB<\/a>), <a href=\"https:\/\/www.uandes.cl\/personas\/luis-federico-batiz\/\" target=\"_blank\" rel=\"noreferrer noopener\">Federico B\u00e1tiz<\/a>, Ph.D., y cont\u00f3 con la presencia de la <strong>Rectora de la Universidad de Chile, Rosa Dev\u00e9s<\/strong>, Ph.D., y la <strong>profesora em\u00e9rita de la Universidad de los Andes<\/strong> y una de las fundadoras de la Facultad de Medicina de nuestra casa de estudio, <strong>Elisa T. Marusic<\/strong>.<\/p>\n\n\n\n<p class=\"has-text-align-left\">El <a href=\"https:\/\/www.uandes.cl\/noticias\/dos-premios-nacionales-abordaron-los-desafios-de-la-mujer-en-la-academia\/\" target=\"_blank\" rel=\"noreferrer noopener\">segundo encuentro<\/a> reuni\u00f3 a la astr\u00f3noma y <strong>Premio Nacional de Ciencias Exactas 1997, Mar\u00eda Teresa Ruiz<\/strong>, y a la int\u00e9rprete superior en canto y <strong>Premio Nacional de Artes Musicales 2010, Carmen Luisa Letelier<\/strong>, ambas con una vasta trayectoria como acad\u00e9micas.<\/p>\n<\/div>\n<\/div>\n\n\n\n<div class=\"wp-block-columns is-layout-flex wp-container-core-columns-is-layout-9d6595d7 wp-block-columns-is-layout-flex\">\n<div class=\"wp-block-column is-layout-flow wp-block-column-is-layout-flow\" style=\"flex-basis:50%\">\n<p>En las dos ocasiones, cada una comparti\u00f3 con el p\u00fablico sus historias sobre c\u00f3mo eligieron sus carreras, sus estudios en el extranjero, su camino hasta llegar a trabajar en instituciones de educaci\u00f3n superior, el legado que han dejado las personas que las apoyaron y guiaron, pero, sobre todo, c\u00f3mo fue ser mujer en la academia.<\/p>\n\n\n\n<p>Si bien cada una se desarroll\u00f3 en \u00e1mbitos y \u00e9pocas diferentes, y tuvieron realidades familiares dispares, todas coinciden en que para poder desarrollarse en la docencia e investigaci\u00f3n, las mujeres deben contar con el apoyo de la familia.<\/p>\n<\/div>\n\n\n\n<div class=\"wp-block-column is-layout-flow wp-block-column-is-layout-flow\" style=\"flex-basis:50%\">\n<figure class=\"wp-block-image size-large\"><img loading=\"lazy\" decoding=\"async\" width=\"1024\" height=\"682\" src=\"https:\/\/revistacampus.uandes.cl\/2024\/wp-content\/uploads\/2024\/08\/MG_1063-1-1024x682.jpg\" alt=\"\" class=\"wp-image-934\" style=\"aspect-ratio:1.7777777777777777;object-fit:cover\" srcset=\"https:\/\/revistacampus.uandes.cl\/2024\/wp-content\/uploads\/2024\/08\/MG_1063-1-1024x682.jpg 1024w, https:\/\/revistacampus.uandes.cl\/2024\/wp-content\/uploads\/2024\/08\/MG_1063-1-300x200.jpg 300w, https:\/\/revistacampus.uandes.cl\/2024\/wp-content\/uploads\/2024\/08\/MG_1063-1-768x512.jpg 768w, https:\/\/revistacampus.uandes.cl\/2024\/wp-content\/uploads\/2024\/08\/MG_1063-1-1536x1024.jpg 1536w, https:\/\/revistacampus.uandes.cl\/2024\/wp-content\/uploads\/2024\/08\/MG_1063-1.jpg 2000w\" sizes=\"(max-width: 1024px) 100vw, 1024px\" \/><figcaption class=\"wp-element-caption\"><sub>Dos premios nacionales, Mar\u00eda Teresa Ruiz y Carmen Luisa Letelier, abordaron los desaf\u00edos de la mujer en la academia en noviembre de 2023, en el conversatorio presentado por Mar\u00eda Sara Rodr\u00edguez.<\/sub><\/figcaption><\/figure>\n<\/div>\n<\/div>\n\n\n\n<p><strong><a href=\"https:\/\/uchile.cl\/presentacion\/rectoria\/perfil-de-la-rectora\/biografia\" target=\"_blank\" rel=\"noreferrer noopener\">Rosa Dev\u00e9s<\/a><\/strong>, bioqu\u00edmica de la Universidad de Chile y Ph.D en Bioqu\u00edmica por la Universidad de Western Ontario, Canad\u00e1, quien adem\u00e1s realiz\u00f3 estudios de postdoctorado en la Universidad de Southern California, Estados Unidos, y es la <strong>actual Rectora de la Universidad de Chile \u2013y primera mujer en ocupar el cargo en los casi 180 a\u00f1os de historia de la casa de estudios<\/strong>-, asegur\u00f3 que \u201chay una tendencia pensada que si uno no tiene una familia que cuidar, tal vez se hace m\u00e1s f\u00e1cil la vida acad\u00e9mica y yo veo que no es as\u00ed. La vida acad\u00e9mica es muy dura, y, por lo tanto, el tener ese hogar, hijos, marido, es una estabilidad, no es una competencia con la carga acad\u00e9mica, ya que ofrece soporte\u201d.<\/p>\n\n\n\n<div style=\"height:40px\" aria-hidden=\"true\" class=\"wp-block-spacer\"><\/div>\n\n\n\n<figure class=\"wp-block-image size-large\"><img loading=\"lazy\" decoding=\"async\" width=\"1024\" height=\"682\" src=\"https:\/\/revistacampus.uandes.cl\/2024\/wp-content\/uploads\/2024\/08\/MG_3478-1-1024x682.jpg\" alt=\"\" class=\"wp-image-935\" style=\"aspect-ratio:16\/9;object-fit:cover\" srcset=\"https:\/\/revistacampus.uandes.cl\/2024\/wp-content\/uploads\/2024\/08\/MG_3478-1-1024x682.jpg 1024w, https:\/\/revistacampus.uandes.cl\/2024\/wp-content\/uploads\/2024\/08\/MG_3478-1-300x200.jpg 300w, https:\/\/revistacampus.uandes.cl\/2024\/wp-content\/uploads\/2024\/08\/MG_3478-1-768x512.jpg 768w, https:\/\/revistacampus.uandes.cl\/2024\/wp-content\/uploads\/2024\/08\/MG_3478-1-1536x1024.jpg 1536w, https:\/\/revistacampus.uandes.cl\/2024\/wp-content\/uploads\/2024\/08\/MG_3478-1.jpg 2000w\" sizes=\"(max-width: 1024px) 100vw, 1024px\" \/><figcaption class=\"wp-element-caption\"><sub>El Rector de la Universidad de los Andes, Jos\u00e9 Antonio Guzm\u00e1n, y la Rectora de la Universidad de Chile, Rosa Dev\u00e9s, firmaron el convenio de la Alianza de Universidades por Mujeres en la Academia.<\/sub><\/figcaption><\/figure>\n\n\n\n<p>Asimismo, la licenciada en Biolog\u00eda y Qu\u00edmica de la Universidad de Chile y Ph.D. por la Universidad de Yale, Estados Unidos, <strong><a href=\"https:\/\/www.uandes.cl\/nosotros\/historia\/profesores-emeritos-y-doctores-honoris-causa\/#marusic\" target=\"_blank\" rel=\"noreferrer noopener\">Elisa T. Marusic<\/a><\/strong>, complement\u00f3 que \u201cla familia es importante y uno no puede poner aqu\u00ed mi familia y ac\u00e1 mi trabajo. Sino que, de alg\u00fan modo, uno tiene que ir combinando y hacerlo lo mejor posible\u201d.<\/p>\n\n\n\n<p>Por su parte, <strong><a href=\"https:\/\/uchile.cl\/presentacion\/historia\/grandes-figuras\/premios-nacionales\/musica\/carmen-luisa-letelier-valdes\" target=\"_blank\" rel=\"noreferrer noopener\">Carmen Luisa Letelier<\/a><\/strong>, int\u00e9rprete superior en canto por el Conservatorio Nacional de M\u00fasica de la Universidad de Chile, miembro de n\u00famero de la Academia Chilena de Bellas Artes y profesora por m\u00e1s de 40 a\u00f1os en las universidades de Chile y Cat\u00f3lica, destac\u00f3 que para poder ser exitosa \u201chay que tener muchas ganas de hacer las cosas y tener mucho apoyo, en todo sentido. Primero que todo, que te aguanten, que puedas dejar de lado cosas importantes, que te apoyen, que te ayuden para que t\u00fa puedas hacer lo que tienes que hacer o que puedas cumplir con lo que se espera de ti. No es tanto la ayuda material, es que no te sientas culpable\u201d.<\/p>\n\n\n\n<p>Por otro lado, <a href=\"https:\/\/uchile.cl\/presentacion\/historia\/grandes-figuras\/premios-nacionales\/ciencias\/maria-teresa-ruiz-gonzalez\" target=\"_blank\" rel=\"noreferrer noopener\"><strong>Mar\u00eda Teresa Ruiz<\/strong><\/a>, doctora en Astrof\u00edsica por la Universidad de Princeton, Estados Unidos, y la primera presidenta de la Academia Chilena de la Ciencia, asegur\u00f3 que, m\u00e1s que contar con la ayuda por parte de la familia, \u201ces muy importante compartir las responsabilidades\u201d, pero que una vez que se toma esa decisi\u00f3n, no se debieran cambiar las condiciones en el futuro.<\/p>\n\n\n\n<p class=\"has-text-align-center has-background\" style=\"background-color:#eeeeee\"><img loading=\"lazy\" decoding=\"async\" width=\"57\" height=\"57\" class=\"wp-image-402\" style=\"width: 57px;\" src=\"https:\/\/revistacampus.uandes.cl\/2024\/wp-content\/uploads\/2024\/08\/VE-POR-MAS.png\" alt=\"\" srcset=\"https:\/\/revistacampus.uandes.cl\/2024\/wp-content\/uploads\/2024\/08\/VE-POR-MAS.png 250w, https:\/\/revistacampus.uandes.cl\/2024\/wp-content\/uploads\/2024\/08\/VE-POR-MAS-150x150.png 150w\" sizes=\"(max-width: 57px) 100vw, 57px\" \/><br><em>El 4 de enero de 2024, la Universidad de los Andes llev\u00f3 a cabo la ceremonia de cierre de la coordinaci\u00f3n anual de la Alianza de Mujeres en la Academia, con la presencia de Judith Singer, vicerrectora de la Universidad de Harvard, quien ha estado relacionada con la Encuesta de Mujeres en la Academia en Chile desde sus inicios. En la oportunidad, la UANDES present\u00f3 los resultados de la encuesta 2023.<\/em><\/p>\n\n\n\n<div style=\"height:34px\" aria-hidden=\"true\" class=\"wp-block-spacer\"><\/div>\n\n\n\n<h2 class=\"wp-block-heading\">\u00bfC\u00f3mo deber\u00edan ser las acad\u00e9micas hoy en d\u00eda?<\/h2>\n\n\n\n<p>En otros temas, <strong>Elisa Marusic<\/strong> abord\u00f3 que actualmente \u201cla docencia se enriquece much\u00edsimo cuando los profesores son personas que est\u00e1n investigando en esa \u00e1rea o con af\u00e1n de saber m\u00e1s y no el profesor que repite las clases de los libros\u201d.<\/p>\n\n\n\n<p>Mientras que la <strong>Rectora Dev\u00e9s<\/strong> destac\u00f3 que \u201choy en d\u00eda la investigaci\u00f3n importa mucho. Que los acad\u00e9micos sean investigadores e incorporen a los estudiantes en la investigaci\u00f3n propiamente tal. O sea, no solamente la formaci\u00f3n del investigador va a ser mejor en un aula, sino que tambi\u00e9n ese ambiente va a ayudar a formarse, por ejemplo, en los grupos de trabajo\u201d. <img loading=\"lazy\" decoding=\"async\" width=\"15\" height=\"15\" class=\"wp-image-402\" style=\"width: 15px;\" src=\"https:\/\/revistacampus.uandes.cl\/2024\/wp-content\/uploads\/2024\/08\/VE-POR-MAS.png\" alt=\"\" srcset=\"https:\/\/revistacampus.uandes.cl\/2024\/wp-content\/uploads\/2024\/08\/VE-POR-MAS.png 250w, https:\/\/revistacampus.uandes.cl\/2024\/wp-content\/uploads\/2024\/08\/VE-POR-MAS-150x150.png 150w\" sizes=\"(max-width: 15px) 100vw, 15px\" \/><\/p>\n","protected":false},"excerpt":{"rendered":"<p>La Universidad lider\u00f3 durante 2023 la Alianza de Mujeres en la Academia, que agrupa a 12 instituciones universitarias chilenas y a la Universidad de Harvard. Durante su per\u00edodo, logr\u00f3 la incorporaci\u00f3n de dos universidades regionales, desarroll\u00f3 la quinta versi\u00f3n de la Encuesta y consigui\u00f3, por primera vez, la institucionalizaci\u00f3n de la coalici\u00f3n con un convenio [&hellip;]<\/p>\n","protected":false},"author":1,"featured_media":932,"comment_status":"open","ping_status":"open","sticky":false,"template":"","format":"standard","meta":{"footnotes":""},"categories":[8,1],"tags":[27],"class_list":["post-929","post","type-post","status-publish","format-standard","has-post-thumbnail","hentry","category-academia","category-sin-categoria","tag-uandes-lidero-iniciativa-de-la-universidad-de-harvard"],"_links":{"self":[{"href":"https:\/\/revistacampus.uandes.cl\/2024\/wp-json\/wp\/v2\/posts\/929","targetHints":{"allow":["GET"]}}],"collection":[{"href":"https:\/\/revistacampus.uandes.cl\/2024\/wp-json\/wp\/v2\/posts"}],"about":[{"href":"https:\/\/revistacampus.uandes.cl\/2024\/wp-json\/wp\/v2\/types\/post"}],"author":[{"embeddable":true,"href":"https:\/\/revistacampus.uandes.cl\/2024\/wp-json\/wp\/v2\/users\/1"}],"replies":[{"embeddable":true,"href":"https:\/\/revistacampus.uandes.cl\/2024\/wp-json\/wp\/v2\/comments?post=929"}],"version-history":[{"count":6,"href":"https:\/\/revistacampus.uandes.cl\/2024\/wp-json\/wp\/v2\/posts\/929\/revisions"}],"predecessor-version":[{"id":1102,"href":"https:\/\/revistacampus.uandes.cl\/2024\/wp-json\/wp\/v2\/posts\/929\/revisions\/1102"}],"wp:featuredmedia":[{"embeddable":true,"href":"https:\/\/revistacampus.uandes.cl\/2024\/wp-json\/wp\/v2\/media\/932"}],"wp:attachment":[{"href":"https:\/\/revistacampus.uandes.cl\/2024\/wp-json\/wp\/v2\/media?parent=929"}],"wp:term":[{"taxonomy":"category","embeddable":true,"href":"https:\/\/revistacampus.uandes.cl\/2024\/wp-json\/wp\/v2\/categories?post=929"},{"taxonomy":"post_tag","embeddable":true,"href":"https:\/\/revistacampus.uandes.cl\/2024\/wp-json\/wp\/v2\/tags?post=929"}],"curies":[{"name":"wp","href":"https:\/\/api.w.org\/{rel}","templated":true}]}}