{"id":918,"date":"2024-08-30T18:13:48","date_gmt":"2024-08-30T21:13:48","guid":{"rendered":"https:\/\/revistacampus.uandes.cl\/2024\/?p=918"},"modified":"2024-10-30T15:39:55","modified_gmt":"2024-10-30T18:39:55","slug":"capacitar-las-mipymes-de-santiago","status":"publish","type":"post","link":"https:\/\/revistacampus.uandes.cl\/2024\/capacitar-las-mipymes-de-santiago\/","title":{"rendered":"Capacitar a las MIPYMES de Santiago"},"content":{"rendered":"\n<p class=\"has-background\" style=\"background-color:#e3e3e3\"><img decoding=\"async\" width=\"60\" height=\"60\" class=\"wp-image-402\" style=\"width: 60px;\" src=\"https:\/\/revistacampus.uandes.cl\/2024\/wp-content\/uploads\/2024\/08\/VE-POR-MAS.png\" alt=\"\" srcset=\"https:\/\/revistacampus.uandes.cl\/2024\/wp-content\/uploads\/2024\/08\/VE-POR-MAS.png 250w, https:\/\/revistacampus.uandes.cl\/2024\/wp-content\/uploads\/2024\/08\/VE-POR-MAS-150x150.png 150w\" sizes=\"(max-width: 60px) 100vw, 60px\" \/><br><strong>Por segundo a\u00f1o, la Direcci\u00f3n de Innovaci\u00f3n se adjudic\u00f3 un fondo<\/strong> del Gobierno de Santiago para potenciar a microemprendedores (MIEs) de la Regi\u00f3n Metropolitana a trav\u00e9s del programa \u201cEl Viaje del Microemprendedor\u201d. El foco es llegar a 2.000 MIEs y a 52 comunas de la regi\u00f3n.<br><br>Por Fernanda Gana Amen\u00e1bar<\/p>\n\n\n\n<div style=\"height:46px\" aria-hidden=\"true\" class=\"wp-block-spacer\"><\/div>\n\n\n\n<p>Con el objetivo de ofrecer herramientas para que sus negocios crezcan y sean rentables a largo plazo, la <strong><a href=\"https:\/\/www.uandes.cl\/innovacion\/\" target=\"_blank\" rel=\"noreferrer noopener\">Direcci\u00f3n de Innovaci\u00f3n<\/a>, a trav\u00e9s de la <a href=\"https:\/\/www.uandes.cl\/innovacion\/visitante-investigador\/innovacion-social\/\" target=\"_blank\" rel=\"noreferrer noopener\">Subdirecci\u00f3n de Innovaci\u00f3n Sostenible<\/a>, <a href=\"https:\/\/www.uandes.cl\/noticias\/innovacion-uandes-lanza-programa-para-microemprendedores\/\" target=\"_blank\" rel=\"noreferrer noopener\">desarroll\u00f3 el <em>Viaje del Microemprendedor<\/em><\/a><\/strong>, una metodolog\u00eda enfocada en negocios informales y que no reciben capacitaciones.<\/p>\n\n\n\n<p>\u201cCon este programa me pude dar cuenta de que lo que hago tiene un valor, en el \u00e1mbito personal como en lo econ\u00f3mico\u201d, asegura<strong> Cristina Quevedo Lazo, microemprendedora de Puente Alto<\/strong>, que particip\u00f3 en la primera versi\u00f3n de este curso. Entr\u00f3 al programa <a href=\"https:\/\/www.uandes.cl\/noticias\/vendedores-informales-de-la-rm-se-capacitan-para-avanzar-hacia-la-formalizacion\/\" target=\"_blank\" rel=\"noreferrer noopener\">con el objetivo de que su negocio creciera<\/a> y lograr, alg\u00fan d\u00eda, tener una tienda f\u00edsica donde vender la ropa que comercializa, porque cuando postulaba a otros cursos o capacitaciones le ped\u00edan indicadores o ventas que ella no pod\u00eda alcanzar.<\/p>\n\n\n\n<div class=\"wp-block-columns is-layout-flex wp-container-core-columns-is-layout-9d6595d7 wp-block-columns-is-layout-flex\">\n<div class=\"wp-block-column is-layout-flow wp-block-column-is-layout-flow\" style=\"flex-basis:50%\">\n<p>De acuerdo con la <strong>6\u00aa Encuesta Nacional de Microemprendimiento (<a href=\"https:\/\/www.economia.gob.cl\/2020\/03\/11\/sexta-encuesta-de-microemprendimiento-eme6.htm\" target=\"_blank\" rel=\"noreferrer noopener\">EME, 2020<\/a>)<\/strong>, la Regi\u00f3n Metropolitana concentra cerca del 40% de microemprendedores, registrando m\u00e1s de 845.000 empresas con un m\u00e1ximo de 10 trabajadores. Sin embargo, enfrentan una falta de programas de capacitaci\u00f3n realmente efectivos para ellos. Ante esta realidad, la Direcci\u00f3n de Innovaci\u00f3n se propuso idear una soluci\u00f3n basada en el <strong>modelo de qu\u00edntuple h\u00e9lice<\/strong>, que contemple la cooperaci\u00f3n entre academia, Estado, empresa, sociedad civil y medioambiente.<\/p>\n<\/div>\n\n\n\n<div class=\"wp-block-column is-layout-flow wp-block-column-is-layout-flow\" style=\"flex-basis:50%\">\n<figure class=\"wp-block-image size-large\"><img fetchpriority=\"high\" decoding=\"async\" width=\"1024\" height=\"562\" src=\"https:\/\/revistacampus.uandes.cl\/2024\/wp-content\/uploads\/2024\/08\/Mipymes-1024x562.jpg\" alt=\"\" class=\"wp-image-1455\" srcset=\"https:\/\/revistacampus.uandes.cl\/2024\/wp-content\/uploads\/2024\/08\/Mipymes-1024x562.jpg 1024w, https:\/\/revistacampus.uandes.cl\/2024\/wp-content\/uploads\/2024\/08\/Mipymes-300x165.jpg 300w, https:\/\/revistacampus.uandes.cl\/2024\/wp-content\/uploads\/2024\/08\/Mipymes-768x421.jpg 768w, https:\/\/revistacampus.uandes.cl\/2024\/wp-content\/uploads\/2024\/08\/Mipymes-1536x842.jpg 1536w, https:\/\/revistacampus.uandes.cl\/2024\/wp-content\/uploads\/2024\/08\/Mipymes.jpg 1918w\" sizes=\"(max-width: 1024px) 100vw, 1024px\" \/><\/figure>\n<\/div>\n<\/div>\n\n\n\n<div class=\"wp-block-columns is-layout-flex wp-container-core-columns-is-layout-9d6595d7 wp-block-columns-is-layout-flex\">\n<div class=\"wp-block-column is-layout-flow wp-block-column-is-layout-flow\" style=\"flex-basis:50%\">\n<figure class=\"wp-block-image size-large\"><img decoding=\"async\" width=\"1024\" height=\"651\" src=\"https:\/\/revistacampus.uandes.cl\/2024\/wp-content\/uploads\/2024\/08\/Microemprendedores-1024x651.jpg\" alt=\"\" class=\"wp-image-1456\" srcset=\"https:\/\/revistacampus.uandes.cl\/2024\/wp-content\/uploads\/2024\/08\/Microemprendedores-1024x651.jpg 1024w, https:\/\/revistacampus.uandes.cl\/2024\/wp-content\/uploads\/2024\/08\/Microemprendedores-300x191.jpg 300w, https:\/\/revistacampus.uandes.cl\/2024\/wp-content\/uploads\/2024\/08\/Microemprendedores-768x488.jpg 768w, https:\/\/revistacampus.uandes.cl\/2024\/wp-content\/uploads\/2024\/08\/Microemprendedores.jpg 1154w\" sizes=\"(max-width: 1024px) 100vw, 1024px\" \/><\/figure>\n<\/div>\n\n\n\n<div class=\"wp-block-column is-layout-flow wp-block-column-is-layout-flow\" style=\"flex-basis:50%\">\n<p>Entonces, en 2022, la Subdirecci\u00f3n de Innovaci\u00f3n Sostenible postul\u00f3 al <strong>Fondo de Innovaci\u00f3n para la Competitividad Regional del Gobierno de Santiago<\/strong> (<a href=\"https:\/\/www.gobiernosantiago.cl\/fic-r-2\/#:~:text=FONDO%20DE%20INNOVACION%20PARA%20LA,la%20competitividad%20de%20los%20territorios.\" target=\"_blank\" rel=\"noreferrer noopener\">FIC-R<\/a>), con el fin de desarrollar una metodolog\u00eda eficiente, capaz de entregar herramientas y habilidades a los emprendedores, obteniendo como resultado un fortalecimiento de sus negocios. Tras la adjudicaci\u00f3n del fondo y los excelentes resultados logrados en dos pilotos realizados en 2023, la Gobernaci\u00f3n decidi\u00f3 entregar nuevamente un fondo para ampliar el alcance del proyecto y mejorar la plataforma existente. Es as\u00ed como, bajo esta nueva licitaci\u00f3n, el foco es escalar a 2.000 MIEs, para lo cual se llegar\u00e1 a 52 comunas de la regi\u00f3n.<\/p>\n<\/div>\n<\/div>\n\n\n\n<div class=\"wp-block-columns is-layout-flex wp-container-core-columns-is-layout-9d6595d7 wp-block-columns-is-layout-flex\">\n<div class=\"wp-block-column is-layout-flow wp-block-column-is-layout-flow\"><div class=\"wp-block-image\">\n<figure class=\"aligncenter size-large is-resized\"><img loading=\"lazy\" decoding=\"async\" width=\"1024\" height=\"1024\" src=\"https:\/\/revistacampus.uandes.cl\/2024\/wp-content\/uploads\/2024\/08\/64-1024x1024.png\" alt=\"\" class=\"wp-image-919\" style=\"width:238px;height:auto\" srcset=\"https:\/\/revistacampus.uandes.cl\/2024\/wp-content\/uploads\/2024\/08\/64-1024x1024.png 1024w, https:\/\/revistacampus.uandes.cl\/2024\/wp-content\/uploads\/2024\/08\/64-300x300.png 300w, https:\/\/revistacampus.uandes.cl\/2024\/wp-content\/uploads\/2024\/08\/64-150x150.png 150w, https:\/\/revistacampus.uandes.cl\/2024\/wp-content\/uploads\/2024\/08\/64-768x768.png 768w, https:\/\/revistacampus.uandes.cl\/2024\/wp-content\/uploads\/2024\/08\/64.png 1080w\" sizes=\"(max-width: 1024px) 100vw, 1024px\" \/><figcaption class=\"wp-element-caption\"><strong>De los alumnos que participaron en el primer programa piloto, el 64% aument\u00f3 sus ingresos.<\/strong><\/figcaption><\/figure>\n<\/div><\/div>\n\n\n\n<div class=\"wp-block-column is-vertically-aligned-center is-layout-flow wp-block-column-is-layout-flow\">\n<figure class=\"wp-block-image size-large is-resized\"><img loading=\"lazy\" decoding=\"async\" width=\"1024\" height=\"1024\" src=\"https:\/\/revistacampus.uandes.cl\/2024\/wp-content\/uploads\/2024\/08\/76-1024x1024.png\" alt=\"\" class=\"wp-image-920\" style=\"width:232px;height:auto\" srcset=\"https:\/\/revistacampus.uandes.cl\/2024\/wp-content\/uploads\/2024\/08\/76-1024x1024.png 1024w, https:\/\/revistacampus.uandes.cl\/2024\/wp-content\/uploads\/2024\/08\/76-300x300.png 300w, https:\/\/revistacampus.uandes.cl\/2024\/wp-content\/uploads\/2024\/08\/76-150x150.png 150w, https:\/\/revistacampus.uandes.cl\/2024\/wp-content\/uploads\/2024\/08\/76-768x768.png 768w, https:\/\/revistacampus.uandes.cl\/2024\/wp-content\/uploads\/2024\/08\/76.png 1080w\" sizes=\"(max-width: 1024px) 100vw, 1024px\" \/><figcaption class=\"wp-element-caption\"><strong>En el segundo programa<\/strong><br><strong>piloto, el 76% de los<\/strong><br><strong>alumnos aument\u00f3 <\/strong><br><strong>sus ingresos.<\/strong><\/figcaption><\/figure>\n<\/div>\n\n\n\n<div class=\"wp-block-column is-vertically-aligned-center has-background is-layout-flow wp-block-column-is-layout-flow\" style=\"background-color:#eeeeeeed\">\n<p><\/p>\n\n\n\n<p class=\"has-text-align-center\"><em>El \u201cViaje del<br>Microemprendedor\u201d<br>es un programa online<br>asincr\u00f3nico de dos<br>meses de duraci\u00f3n,<br>apoyado por mentores,<br>quienes se re\u00fanen con<br>los emprendedores dos<br>veces a la semana.<\/em><\/p>\n<\/div>\n<\/div>\n\n\n\n<h2 class=\"wp-block-heading\">Resultados de los pilotos 2023<\/h2>\n\n\n\n<div class=\"wp-block-columns is-layout-flex wp-container-core-columns-is-layout-9d6595d7 wp-block-columns-is-layout-flex\">\n<div class=\"wp-block-column is-layout-flow wp-block-column-is-layout-flow\" style=\"flex-basis:50%\">\n<p>De las 87 MIEs que terminaron con \u00e9xito el primer piloto, el 100% aument\u00f3 sus conocimientos y tiene una propuesta de valor, el 96% tiene flujo de caja, el 77% tiene un plan de marketing, el 70% invierte en sus negocios, el 64% aument\u00f3 sus ingresos y el 38% aument\u00f3 su capacidad de ahorro.<br><br>El segundo piloto, realizado con Fundaci\u00f3n EMPLEA, invit\u00f3 a 100 MIEs a participar, con una tasa de permanencia de 74%. De ellos, el 100% conoce su punto de equilibrio, el 96% tiene flujo de caja, el 80% de los que no ahorraban ahora lo hacen, el 76% aument\u00f3 sus ingresos, el 72% registra inventario y el 56% contabiliza y valora su tiempo. <img loading=\"lazy\" decoding=\"async\" width=\"15\" height=\"15\" class=\"wp-image-402\" style=\"width: 15px;\" src=\"https:\/\/revistacampus.uandes.cl\/2024\/wp-content\/uploads\/2024\/08\/VE-POR-MAS.png\" alt=\"\" srcset=\"https:\/\/revistacampus.uandes.cl\/2024\/wp-content\/uploads\/2024\/08\/VE-POR-MAS.png 250w, https:\/\/revistacampus.uandes.cl\/2024\/wp-content\/uploads\/2024\/08\/VE-POR-MAS-150x150.png 150w\" sizes=\"(max-width: 15px) 100vw, 15px\" \/><\/p>\n<\/div>\n\n\n\n<div class=\"wp-block-column is-layout-flow wp-block-column-is-layout-flow\" style=\"flex-basis:50%\">\n<figure class=\"wp-block-image size-large\"><img loading=\"lazy\" decoding=\"async\" width=\"1024\" height=\"637\" src=\"https:\/\/revistacampus.uandes.cl\/2024\/wp-content\/uploads\/2024\/08\/mipymes2-1024x637.jpg\" alt=\"\" class=\"wp-image-1457\" srcset=\"https:\/\/revistacampus.uandes.cl\/2024\/wp-content\/uploads\/2024\/08\/mipymes2-1024x637.jpg 1024w, https:\/\/revistacampus.uandes.cl\/2024\/wp-content\/uploads\/2024\/08\/mipymes2-300x187.jpg 300w, https:\/\/revistacampus.uandes.cl\/2024\/wp-content\/uploads\/2024\/08\/mipymes2-768x478.jpg 768w, https:\/\/revistacampus.uandes.cl\/2024\/wp-content\/uploads\/2024\/08\/mipymes2-1536x956.jpg 1536w, https:\/\/revistacampus.uandes.cl\/2024\/wp-content\/uploads\/2024\/08\/mipymes2.jpg 1757w\" sizes=\"(max-width: 1024px) 100vw, 1024px\" \/><\/figure>\n<\/div>\n<\/div>\n\n\n\n<div class=\"wp-block-columns is-layout-flex wp-container-core-columns-is-layout-9d6595d7 wp-block-columns-is-layout-flex\">\n<div class=\"wp-block-column is-layout-flow wp-block-column-is-layout-flow\">\n<figure class=\"wp-block-embed is-type-video is-provider-youtube wp-block-embed-youtube wp-embed-aspect-16-9 wp-has-aspect-ratio\"><div class=\"wp-block-embed__wrapper\">\n<iframe title=\"El Viaje del Microemprendedor 2023\" width=\"800\" height=\"450\" src=\"https:\/\/www.youtube.com\/embed\/yZqXAJvHkNM?feature=oembed\" frameborder=\"0\" allow=\"accelerometer; autoplay; clipboard-write; encrypted-media; gyroscope; picture-in-picture; web-share\" referrerpolicy=\"strict-origin-when-cross-origin\" allowfullscreen><\/iframe>\n<\/div><\/figure>\n<\/div>\n\n\n\n<div class=\"wp-block-column is-layout-flow wp-block-column-is-layout-flow\">\n<p class=\"has-text-align-center\"><img loading=\"lazy\" decoding=\"async\" width=\"50\" height=\"50\" class=\"wp-image-209\" style=\"width: 50px;\" src=\"https:\/\/revistacampus.uandes.cl\/2024\/wp-content\/uploads\/2024\/08\/comillas-4.png\" alt=\"\" srcset=\"https:\/\/revistacampus.uandes.cl\/2024\/wp-content\/uploads\/2024\/08\/comillas-4.png 360w, https:\/\/revistacampus.uandes.cl\/2024\/wp-content\/uploads\/2024\/08\/comillas-4-300x300.png 300w, https:\/\/revistacampus.uandes.cl\/2024\/wp-content\/uploads\/2024\/08\/comillas-4-150x150.png 150w\" sizes=\"(max-width: 50px) 100vw, 50px\" \/><br><em>\u201cNuestra Direcci\u00f3n, a trav\u00e9s de la Subdirecci\u00f3n de Innovaci\u00f3n Sostenible, ha desarrollado el &#8216;Viaje del Microemprendedor&#8217;, una metodolog\u00eda dise\u00f1ada para apoyar a negocios informales que no reciben capacitaciones. Este programa no solo ha les ha permitido ordenar sus finanzas y valorar su trabajo, sino que tambi\u00e9n fomenta la cooperaci\u00f3n entre academia, estado, empresa, sociedad civil y medioambiente\u201d<\/em><br><strong><a href=\"https:\/\/www.uandes.cl\/personas\/anil-sadarangani-khianey\/\" target=\"_blank\" rel=\"noreferrer noopener\">Anil Sadarangani<\/a>, director del proyecto y de la Direcci\u00f3n de Innovaci\u00f3n<\/strong><\/p>\n<\/div>\n<\/div>\n\n\n\n<p><\/p>\n","protected":false},"excerpt":{"rendered":"<p>Por segundo a\u00f1o, la Direcci\u00f3n de Innovaci\u00f3n se adjudic\u00f3 un fondo del Gobierno de Santiago para potenciar a microemprendedores (MIEs) de la Regi\u00f3n Metropolitana a trav\u00e9s del programa \u201cEl Viaje del Microemprendedor\u201d. El foco es llegar a 2.000 MIEs y a 52 comunas de la regi\u00f3n. Por Fernanda Gana Amen\u00e1bar Con el objetivo de ofrecer [&hellip;]<\/p>\n","protected":false},"author":1,"featured_media":1453,"comment_status":"open","ping_status":"open","sticky":false,"template":"","format":"standard","meta":{"footnotes":""},"categories":[7],"tags":[],"class_list":["post-918","post","type-post","status-publish","format-standard","has-post-thumbnail","hentry","category-investigacion"],"_links":{"self":[{"href":"https:\/\/revistacampus.uandes.cl\/2024\/wp-json\/wp\/v2\/posts\/918","targetHints":{"allow":["GET"]}}],"collection":[{"href":"https:\/\/revistacampus.uandes.cl\/2024\/wp-json\/wp\/v2\/posts"}],"about":[{"href":"https:\/\/revistacampus.uandes.cl\/2024\/wp-json\/wp\/v2\/types\/post"}],"author":[{"embeddable":true,"href":"https:\/\/revistacampus.uandes.cl\/2024\/wp-json\/wp\/v2\/users\/1"}],"replies":[{"embeddable":true,"href":"https:\/\/revistacampus.uandes.cl\/2024\/wp-json\/wp\/v2\/comments?post=918"}],"version-history":[{"count":16,"href":"https:\/\/revistacampus.uandes.cl\/2024\/wp-json\/wp\/v2\/posts\/918\/revisions"}],"predecessor-version":[{"id":1850,"href":"https:\/\/revistacampus.uandes.cl\/2024\/wp-json\/wp\/v2\/posts\/918\/revisions\/1850"}],"wp:featuredmedia":[{"embeddable":true,"href":"https:\/\/revistacampus.uandes.cl\/2024\/wp-json\/wp\/v2\/media\/1453"}],"wp:attachment":[{"href":"https:\/\/revistacampus.uandes.cl\/2024\/wp-json\/wp\/v2\/media?parent=918"}],"wp:term":[{"taxonomy":"category","embeddable":true,"href":"https:\/\/revistacampus.uandes.cl\/2024\/wp-json\/wp\/v2\/categories?post=918"},{"taxonomy":"post_tag","embeddable":true,"href":"https:\/\/revistacampus.uandes.cl\/2024\/wp-json\/wp\/v2\/tags?post=918"}],"curies":[{"name":"wp","href":"https:\/\/api.w.org\/{rel}","templated":true}]}}