{"id":900,"date":"2024-09-03T12:34:31","date_gmt":"2024-09-03T15:34:31","guid":{"rendered":"https:\/\/revistacampus.uandes.cl\/2024\/?p=900"},"modified":"2024-09-26T10:07:06","modified_gmt":"2024-09-26T13:07:06","slug":"una-biblioteca-como-espacio-de-encuentro","status":"publish","type":"post","link":"https:\/\/revistacampus.uandes.cl\/2024\/una-biblioteca-como-espacio-de-encuentro\/","title":{"rendered":"Una biblioteca como espacio de encuentro"},"content":{"rendered":"\n<p class=\"has-background\" style=\"background-color:#e3e3e3\"><img decoding=\"async\" width=\"60\" height=\"60\" class=\"wp-image-402\" style=\"width: 60px;\" src=\"https:\/\/revistacampus.uandes.cl\/2024\/wp-content\/uploads\/2024\/08\/VE-POR-MAS.png\" alt=\"\" srcset=\"https:\/\/revistacampus.uandes.cl\/2024\/wp-content\/uploads\/2024\/08\/VE-POR-MAS.png 250w, https:\/\/revistacampus.uandes.cl\/2024\/wp-content\/uploads\/2024\/08\/VE-POR-MAS-150x150.png 150w\" sizes=\"(max-width: 60px) 100vw, 60px\" \/><br><strong>La biblioteca vive d\u00edas de transformaci\u00f3n<\/strong>, para convertirse en un espacio de intercambio intelectual, de acceso al conocimiento y donde la investigaci\u00f3n de excelencia est\u00e1 cada d\u00eda m\u00e1s cerca de la comunidad.<br><br>Por Julio Rivera Oyarz\u00fan<\/p>\n\n\n\n<p>La <a href=\"https:\/\/www.uandes.cl\/biblioteca\/\" target=\"_blank\" rel=\"noreferrer noopener\">biblioteca \u201cJos\u00e9 Enrique Diez\u201d<\/a>, con 20 a\u00f1os de historia, 12.400 m\u00b2 y una colecci\u00f3n de 145.540 libros, es m\u00e1s que un edificio. Aspira a convertirse en un espacio de encuentro e interdisciplina, de reflexi\u00f3n y b\u00fasqueda del conocimiento, pero tambi\u00e9n de entretenci\u00f3n y ocio creativo. Por eso, desde 2023 est\u00e1 en un <strong>proceso para evolucionar desde el caracter\u00edstico espacio \u201ctransaccional\u201d hacia uno \u201crelacional\u201d, propio de las bibliotecas del futuro<\/strong>.<\/p>\n\n\n\n<div class=\"wp-block-columns is-layout-flex wp-container-core-columns-is-layout-9d6595d7 wp-block-columns-is-layout-flex\">\n<div class=\"wp-block-column is-layout-flow wp-block-column-is-layout-flow\" style=\"flex-basis:70%\">\n<p>\u201cNuestra visi\u00f3n incluye promover la innovaci\u00f3n y el intercambio abierto de conocimiento cient\u00edfico y acad\u00e9mico, estableciendo alianzas estrat\u00e9gicas a nivel nacional e internacional. Esto contribuir\u00e1 a impulsar la generaci\u00f3n del saber, la investigaci\u00f3n de excelencia y un cambio cultural en la comunidad\u201d, <strong>explica <a href=\"https:\/\/www.uandes.cl\/personas\/carolina-melo-hurtado\/\" target=\"_blank\" rel=\"noreferrer noopener\">Carolina Melo<\/a>, directora de Biblioteca y doctora en Educaci\u00f3n<\/strong>. As\u00ed, aspira a consolidarse como referente regional en la ampliaci\u00f3n y gesti\u00f3n del conocimiento, adem\u00e1s de un <strong>espacio de encuentro universitario que fomente la curiosidad y el intercambio intelectual<\/strong>.<\/p>\n<\/div>\n\n\n\n<div class=\"wp-block-column is-layout-flow wp-block-column-is-layout-flow\" style=\"flex-basis:30%\">\n<p class=\"has-text-align-center\"><img decoding=\"async\" width=\"50\" height=\"50\" class=\"wp-image-209\" style=\"width: 50px;\" src=\"https:\/\/revistacampus.uandes.cl\/2024\/wp-content\/uploads\/2024\/08\/comillas-4.png\" alt=\"\" srcset=\"https:\/\/revistacampus.uandes.cl\/2024\/wp-content\/uploads\/2024\/08\/comillas-4.png 360w, https:\/\/revistacampus.uandes.cl\/2024\/wp-content\/uploads\/2024\/08\/comillas-4-300x300.png 300w, https:\/\/revistacampus.uandes.cl\/2024\/wp-content\/uploads\/2024\/08\/comillas-4-150x150.png 150w\" sizes=\"(max-width: 50px) 100vw, 50px\" \/><br>\u201cEl proyecto Ciencia Abierta UANDES contribuye a la socializaci\u00f3n del acceso al conocimiento cient\u00edfico.\u201d <br><strong>Carolina Melo, Directora de Biblioteca<\/strong><\/p>\n<\/div>\n<\/div>\n\n\n\n<div style=\"height:38px\" aria-hidden=\"true\" class=\"wp-block-spacer\"><\/div>\n\n\n\n<h2 class=\"wp-block-heading\">4 pilares para una biblioteca relacional<\/h2>\n\n\n\n<div class=\"wp-block-columns is-layout-flex wp-container-core-columns-is-layout-9d6595d7 wp-block-columns-is-layout-flex\">\n<div class=\"wp-block-column is-layout-flow wp-block-column-is-layout-flow\" style=\"flex-basis:50%\">\n<figure class=\"wp-block-image size-large\"><img fetchpriority=\"high\" decoding=\"async\" width=\"1024\" height=\"966\" src=\"https:\/\/revistacampus.uandes.cl\/2024\/wp-content\/uploads\/2024\/08\/Ciencia-Abierta_UANDES_sep23_Kick-off_resultado-e1725303270165-1024x966.webp\" alt=\"\" class=\"wp-image-901\" srcset=\"https:\/\/revistacampus.uandes.cl\/2024\/wp-content\/uploads\/2024\/08\/Ciencia-Abierta_UANDES_sep23_Kick-off_resultado-e1725303270165-1024x966.webp 1024w, https:\/\/revistacampus.uandes.cl\/2024\/wp-content\/uploads\/2024\/08\/Ciencia-Abierta_UANDES_sep23_Kick-off_resultado-e1725303270165-300x283.webp 300w, https:\/\/revistacampus.uandes.cl\/2024\/wp-content\/uploads\/2024\/08\/Ciencia-Abierta_UANDES_sep23_Kick-off_resultado-e1725303270165-768x724.webp 768w, https:\/\/revistacampus.uandes.cl\/2024\/wp-content\/uploads\/2024\/08\/Ciencia-Abierta_UANDES_sep23_Kick-off_resultado-e1725303270165.webp 1530w\" sizes=\"(max-width: 1024px) 100vw, 1024px\" \/><figcaption class=\"wp-element-caption\"><sub><strong>Equipo Ciencia Abierta UANDES<\/strong>: Al frente, Javier Enrione, vicerrector de Investigaci\u00f3n, junto a Claudia Brizuela, directora de Investigaci\u00f3n y Doctorado, y Carolina Melo, directora de Biblioteca. Los acompa\u00f1an Valeria Robles, subdirectora de Finanzas; Ingrid D\u00edaz, subdirectora acad\u00e9mica de Biblioteca; Rosario D\u00edaz, directora de Relaciones Internacionales; Mar\u00eda Ignacia Seco, subdirectora Econ\u00f3mica y Administrativa de Biblioteca, y miembros de sus respectivas Direcciones.<\/sub><\/figcaption><\/figure>\n<\/div>\n\n\n\n<div class=\"wp-block-column is-vertically-aligned-center is-layout-flow wp-block-column-is-layout-flow\" style=\"flex-basis:50%\">\n<p class=\"has-text-align-left\">Orientado a satisfacer las necesidades actuales y futuras de estudiantes, acad\u00e9micos e investigadores, <strong>el proceso de transformaci\u00f3n se basa en cuatro ejes: espacio f\u00edsico, recursos de informaci\u00f3n, tecnolog\u00eda y gobernanza<\/strong>, que apuntan a convertir a la Biblioteca en un laboratorio de experiencias para generar competencias que contribuyan al aprendizaje, la investigaci\u00f3n y la innovaci\u00f3n.<\/p>\n\n\n\n<p class=\"has-text-align-left\">En cuanto al espacio f\u00edsico, Carolina Melo adelanta que <strong>se elabor\u00f3 un plan de remodelaci\u00f3n para ser implementado durante los pr\u00f3ximos cinco a\u00f1os<\/strong>. Su fin es que el concepto interior responda a las diferentes necesidades y estilos de aprendizaje y promueva una formaci\u00f3n humanista. \u201cEl espacio debe transmitir entusiasmo por la lectura, el saber, la excelencia acad\u00e9mica. Debe ser la vitrina del desarrollo tecnol\u00f3gico de la Universidad y una oportunidad para vincularse con la comunidad\u201d, plantea.<\/p>\n<\/div>\n<\/div>\n\n\n\n<p>En lo referente a recursos de informaci\u00f3n y tecnolog\u00eda, se trabaja en una <strong>mejora continua de la \u201cbiblioteca virtual\u201d<\/strong>. Por ejemplo, este a\u00f1o se inaugur\u00f3 \u201c<a href=\"https:\/\/elibro-net.uandes.idm.oclc.org\/es\/lc\/uandes\/inicio\" target=\"_blank\" rel=\"noreferrer noopener\">e-Libro<\/a>\u201d, una plataforma de <em>e-books<\/em> con m\u00e1s de 120 mil obras, y los nuevos <a href=\"https:\/\/www.uandes.cl\/recursos-electronicos-por-area-academica\/\" target=\"_blank\" rel=\"noreferrer noopener\">portales de acceso por \u00e1rea disciplinar<\/a>, que permiten encontrar en un solo lugar los recursos m\u00e1s usados de un \u00e1rea de estudio.<\/p>\n\n\n\n<p>Adem\u00e1s, s<strong>e puede acceder gratuitamente a <a href=\"https:\/\/www.uandes.cl\/biblioteca\/#prensa\" target=\"_blank\" rel=\"noreferrer noopener\">prensa en l\u00ednea<\/a>, como el Diario Financiero, La Tercera y Aceprensa, a trav\u00e9s de la red Wi-Fi de la Biblioteca<\/strong>. Destaca tambi\u00e9n la adquisici\u00f3n de nuevas bases de datos y revistas de corriente principal, junto con <a href=\"https:\/\/www.uandes.cl\/biblioteca\/#herramientas\" target=\"_blank\" rel=\"noreferrer noopener\">herramientas de apoyo a la investigaci\u00f3n<\/a>, como <em>Pivot-Research Professional<\/em>, <em>APA Academic Writer<\/em> y SCIVAL. Se implementaron, adem\u00e1s, los <strong>servicios de <a href=\"https:\/\/www.uandes.cl\/biblioteca\/academicos\/\" target=\"_blank\" rel=\"noreferrer noopener\">Compra \u00c1gil y <em>On-Demand<\/em><\/a><\/strong>, para que los acad\u00e9micos puedan incorporar r\u00e1pidamente nueva bibliograf\u00eda para la preparaci\u00f3n de cursos e investigaciones.<\/p>\n\n\n\n<div class=\"wp-block-columns is-layout-flex wp-container-core-columns-is-layout-9d6595d7 wp-block-columns-is-layout-flex\">\n<div class=\"wp-block-column is-layout-flow wp-block-column-is-layout-flow\" style=\"flex-basis:40%\">\n<div style=\"height:40px\" aria-hidden=\"true\" class=\"wp-block-spacer\"><\/div>\n\n\n\n<p class=\"has-text-align-center\"><img loading=\"lazy\" decoding=\"async\" width=\"50\" height=\"50\" class=\"wp-image-402\" style=\"width: 50px;\" src=\"https:\/\/revistacampus.uandes.cl\/2024\/wp-content\/uploads\/2024\/08\/VE-POR-MAS.png\" alt=\"\" srcset=\"https:\/\/revistacampus.uandes.cl\/2024\/wp-content\/uploads\/2024\/08\/VE-POR-MAS.png 250w, https:\/\/revistacampus.uandes.cl\/2024\/wp-content\/uploads\/2024\/08\/VE-POR-MAS-150x150.png 150w\" sizes=\"(max-width: 50px) 100vw, 50px\" \/><br><em>La Biblioteca colabora con iniciativas culturales, como seminarios, presentaciones de libros, concursos literarios y de fotograf\u00eda, adem\u00e1s de visitas y recorridos para ni\u00f1os y adultos.<\/em><\/p>\n<\/div>\n\n\n\n<div class=\"wp-block-column is-layout-flow wp-block-column-is-layout-flow\" style=\"flex-basis:60%\">\n<figure class=\"wp-block-image size-large\"><img loading=\"lazy\" decoding=\"async\" width=\"1024\" height=\"682\" src=\"https:\/\/revistacampus.uandes.cl\/2024\/wp-content\/uploads\/2024\/08\/MG_7035_resultado-1024x682.webp\" alt=\"\" class=\"wp-image-905\" style=\"aspect-ratio:16\/9;object-fit:cover\" srcset=\"https:\/\/revistacampus.uandes.cl\/2024\/wp-content\/uploads\/2024\/08\/MG_7035_resultado-1024x682.webp 1024w, https:\/\/revistacampus.uandes.cl\/2024\/wp-content\/uploads\/2024\/08\/MG_7035_resultado-300x200.webp 300w, https:\/\/revistacampus.uandes.cl\/2024\/wp-content\/uploads\/2024\/08\/MG_7035_resultado-768x512.webp 768w, https:\/\/revistacampus.uandes.cl\/2024\/wp-content\/uploads\/2024\/08\/MG_7035_resultado-1536x1024.webp 1536w, https:\/\/revistacampus.uandes.cl\/2024\/wp-content\/uploads\/2024\/08\/MG_7035_resultado.webp 2000w\" sizes=\"(max-width: 1024px) 100vw, 1024px\" \/><figcaption class=\"wp-element-caption\"><sub>Entre los servicios para los estudiantes, la Biblioteca extendi\u00f3 su horario de atenci\u00f3n, incluyendo los s\u00e1bados; la posibilidad de renovar libros en l\u00ednea y la implementaci\u00f3n de un nuevo sistema de reserva de salas de estudio.<\/sub><\/figcaption><\/figure>\n<\/div>\n<\/div>\n\n\n\n<p>\u201cLos avances en la biblioteca virtual buscan facilitar una experiencia m\u00e1s intuitiva y enriquecedora, mejorar la accesibilidad y la navegaci\u00f3n para una b\u00fasqueda m\u00e1s efectiva e incorporar recursos actualizados para apoyar el proceso de aprendizaje e investigaci\u00f3n\u201d, explica la directora de Biblioteca.<\/p>\n\n\n\n<p>En t\u00e9rminos de gobernanza, destaca la participaci\u00f3n en la <strong>Comisi\u00f3n Asesora de Bibliotecas y Documentaci\u00f3n de las Universidades Chilenas (<a href=\"https:\/\/cabid.cl\/\" target=\"_blank\" rel=\"noreferrer noopener\">CABID<\/a>)<\/strong>, la conformaci\u00f3n del <strong>Comit\u00e9 Acad\u00e9mico de Libros y Documentos Antiguos o Valiosos<\/strong>, la encuesta para reconocer las necesidades de investigadores y alumnos de doctorado, las capacitaciones para el desarrollo profesional del equipo de Biblioteca y las visitas a bibliotecas acad\u00e9micas de Europa, para elaborar el plan de transformaci\u00f3n y crear redes en torno al proyecto de Ciencia Abierta.<\/p>\n\n\n\n<div style=\"height:42px\" aria-hidden=\"true\" class=\"wp-block-spacer\"><\/div>\n\n\n\n<div class=\"wp-block-columns has-background is-layout-flex wp-container-core-columns-is-layout-9d6595d7 wp-block-columns-is-layout-flex\" style=\"background-color:#eeeeee\">\n<div class=\"wp-block-column is-layout-flow wp-block-column-is-layout-flow\">\n<p class=\"has-text-align-center\"><strong>Biblioteca transaccional<\/strong><br>Un lugar y una colecci\u00f3n<\/p>\n\n\n<div class=\"wp-block-image\">\n<figure class=\"aligncenter size-large is-resized\"><img loading=\"lazy\" decoding=\"async\" width=\"1024\" height=\"1024\" src=\"https:\/\/revistacampus.uandes.cl\/2024\/wp-content\/uploads\/2024\/08\/62_5___1_-ai-brush-removebg-w1ltrpc-1024x1024.png\" alt=\"\" class=\"wp-image-907\" style=\"width:259px;height:auto\" srcset=\"https:\/\/revistacampus.uandes.cl\/2024\/wp-content\/uploads\/2024\/08\/62_5___1_-ai-brush-removebg-w1ltrpc-1024x1024.png 1024w, https:\/\/revistacampus.uandes.cl\/2024\/wp-content\/uploads\/2024\/08\/62_5___1_-ai-brush-removebg-w1ltrpc-300x300.png 300w, https:\/\/revistacampus.uandes.cl\/2024\/wp-content\/uploads\/2024\/08\/62_5___1_-ai-brush-removebg-w1ltrpc-150x150.png 150w, https:\/\/revistacampus.uandes.cl\/2024\/wp-content\/uploads\/2024\/08\/62_5___1_-ai-brush-removebg-w1ltrpc-768x768.png 768w, https:\/\/revistacampus.uandes.cl\/2024\/wp-content\/uploads\/2024\/08\/62_5___1_-ai-brush-removebg-w1ltrpc.png 1080w\" sizes=\"(max-width: 1024px) 100vw, 1024px\" \/><\/figure>\n<\/div>\n\n\n<p class=\"has-text-align-center has-medium-font-size\"><sub><strong>Se mide por indicadores cuantitativos<\/strong><br>Tama\u00f1o de la colecci\u00f3n<br>Foco en catalogaci\u00f3n<br>Personas que ingresan<br>Pr\u00e9stamos per c\u00e1pita<br>Satisfacci\u00f3n de los usuarios<\/sub><\/p>\n<\/div>\n\n\n\n<div class=\"wp-block-column is-layout-flow wp-block-column-is-layout-flow\" style=\"flex-basis:10%\">\n<div style=\"height:178px\" aria-hidden=\"true\" class=\"wp-block-spacer\"><\/div>\n\n\n\n<p class=\"has-text-align-center\"><img loading=\"lazy\" decoding=\"async\" width=\"50\" height=\"50\" class=\"wp-image-402\" style=\"width: 50px;\" src=\"https:\/\/revistacampus.uandes.cl\/2024\/wp-content\/uploads\/2024\/08\/VE-POR-MAS.png\" alt=\"\" srcset=\"https:\/\/revistacampus.uandes.cl\/2024\/wp-content\/uploads\/2024\/08\/VE-POR-MAS.png 250w, https:\/\/revistacampus.uandes.cl\/2024\/wp-content\/uploads\/2024\/08\/VE-POR-MAS-150x150.png 150w\" sizes=\"(max-width: 50px) 100vw, 50px\" \/><\/p>\n<\/div>\n\n\n\n<div class=\"wp-block-column is-layout-flow wp-block-column-is-layout-flow\">\n<p class=\"has-text-align-center\"><strong>Biblioteca relacional<\/strong><br>Una nube y un espacio de b\u00fasqueda e intercambio<\/p>\n\n\n<div class=\"wp-block-image\">\n<figure class=\"aligncenter size-large is-resized\"><img loading=\"lazy\" decoding=\"async\" width=\"1024\" height=\"1024\" src=\"https:\/\/revistacampus.uandes.cl\/2024\/wp-content\/uploads\/2024\/08\/62_5___2_-ai-brush-removebg-r4z75mfe-1024x1024.png\" alt=\"\" class=\"wp-image-906\" style=\"width:249px;height:auto\" srcset=\"https:\/\/revistacampus.uandes.cl\/2024\/wp-content\/uploads\/2024\/08\/62_5___2_-ai-brush-removebg-r4z75mfe-1024x1024.png 1024w, https:\/\/revistacampus.uandes.cl\/2024\/wp-content\/uploads\/2024\/08\/62_5___2_-ai-brush-removebg-r4z75mfe-300x300.png 300w, https:\/\/revistacampus.uandes.cl\/2024\/wp-content\/uploads\/2024\/08\/62_5___2_-ai-brush-removebg-r4z75mfe-150x150.png 150w, https:\/\/revistacampus.uandes.cl\/2024\/wp-content\/uploads\/2024\/08\/62_5___2_-ai-brush-removebg-r4z75mfe-768x768.png 768w, https:\/\/revistacampus.uandes.cl\/2024\/wp-content\/uploads\/2024\/08\/62_5___2_-ai-brush-removebg-r4z75mfe.png 1080w\" sizes=\"(max-width: 1024px) 100vw, 1024px\" \/><\/figure>\n<\/div>\n\n\n<p class=\"has-text-align-center has-medium-font-size\"><sub><strong>Se mide por la experiencia de las personas<\/strong><br>Contribuci\u00f3n al aprendizaje<br>A la investigaci\u00f3n<br>A la producci\u00f3n acad\u00e9mica<br>A los objetivos de la Universidad<br>Acceso a la corriente principal<\/sub><\/p>\n<\/div>\n<\/div>\n\n\n\n<div style=\"height:45px\" aria-hidden=\"true\" class=\"wp-block-spacer\"><\/div>\n\n\n\n<h2 class=\"wp-block-heading\">Construyendo una comunidad cient\u00edfica abierta<\/h2>\n\n\n\n<p>En octubre de 2023, y en colaboraci\u00f3n con la <a href=\"https:\/\/www.uandes.cl\/investigacion-y-doctorado\/\" target=\"_blank\" rel=\"noreferrer noopener\">Direcci\u00f3n de Investigaci\u00f3n y Doctorado<\/a>, la Biblioteca se adjudic\u00f3 un <a href=\"https:\/\/www.uandes.cl\/noticias\/nuevo-fondo-ines-ciencia-abierta-nuestro-desafio-y-aporte-a-los-ods\/\" target=\"_blank\" rel=\"noreferrer noopener\">fondo a trav\u00e9s del concurso InES Ciencia Abierta<\/a>, de la Agencia Nacional de Investigaci\u00f3n y Desarrollo (<a href=\"https:\/\/anid.cl\/\" target=\"_blank\" rel=\"noreferrer noopener\">ANID<\/a>). En dos a\u00f1os, tiene por objetivo sentar las bases para una cultura de ciencia abierta en la comunidad de investigadores, docentes y estudiantes.<\/p>\n\n\n\n<p>\u201cLa Ciencia Abierta es un conjunto de principios y pr\u00e1cticas que apuntan a transparentar el proceso y los resultados de la producci\u00f3n cient\u00edfica, para contribuir a acelerar el desarrollo de la ciencia y del conocimiento en beneficio de la sociedad\u201d, explica Carolina Melo. De esta manera, l<strong>as comunidades pueden acceder libremente a los \u00faltimos datos de investigaci\u00f3n y publicaciones, para facilitar el avance del conocimiento con igualdad de oportunidades<\/strong>.<\/p>\n\n\n\n<div class=\"wp-block-columns is-layout-flex wp-container-core-columns-is-layout-9d6595d7 wp-block-columns-is-layout-flex\">\n<div class=\"wp-block-column is-layout-flow wp-block-column-is-layout-flow\" style=\"flex-basis:20%\">\n<div class=\"wp-block-buttons is-layout-flex wp-block-buttons-is-layout-flex\">\n<div class=\"wp-block-button\"><a class=\"wp-block-button__link has-white-color has-vivid-red-background-color has-text-color has-background has-link-color wp-element-button\" href=\"https:\/\/www.uandes.cl\/biblioteca\/cienciaabierta\/\" style=\"border-radius:0px\" target=\"_blank\" rel=\"noreferrer noopener\">VER PROYECTO CIENCIA ABIERTA UANDES<\/a><\/div>\n<\/div>\n<\/div>\n\n\n\n<div class=\"wp-block-column is-layout-flow wp-block-column-is-layout-flow\" style=\"flex-basis:80%\">\n<p>Ciencia Abierta respalda la apertura al conocimiento cient\u00edfico generado por la UANDES: \u201cLa Biblioteca refuerza su compromiso por dar acceso a nuestros recursos y apoyar la investigaci\u00f3n de excelencia. Adem\u00e1s, el fondo contempla el desarrollo de programas y servicios que impulsan la conexi\u00f3n entre la comunidad universitaria y la sociedad en general\u201d, destaca la directora, quien participa en la \u201cRed de Ciencia Abierta\u201d, conformada por 11 universidades.<img loading=\"lazy\" decoding=\"async\" width=\"15\" height=\"15\" class=\"wp-image-402\" style=\"width: 15px;\" src=\"https:\/\/revistacampus.uandes.cl\/2024\/wp-content\/uploads\/2024\/08\/VE-POR-MAS.png\" alt=\"\" srcset=\"https:\/\/revistacampus.uandes.cl\/2024\/wp-content\/uploads\/2024\/08\/VE-POR-MAS.png 250w, https:\/\/revistacampus.uandes.cl\/2024\/wp-content\/uploads\/2024\/08\/VE-POR-MAS-150x150.png 150w\" sizes=\"(max-width: 15px) 100vw, 15px\" \/><\/p>\n<\/div>\n<\/div>\n","protected":false},"excerpt":{"rendered":"<p>La biblioteca vive d\u00edas de transformaci\u00f3n, para convertirse en un espacio de intercambio intelectual, de acceso al conocimiento y donde la investigaci\u00f3n de excelencia est\u00e1 cada d\u00eda m\u00e1s cerca de la comunidad. Por Julio Rivera Oyarz\u00fan La biblioteca \u201cJos\u00e9 Enrique Diez\u201d, con 20 a\u00f1os de historia, 12.400 m\u00b2 y una colecci\u00f3n de 145.540 libros, es [&hellip;]<\/p>\n","protected":false},"author":1,"featured_media":914,"comment_status":"open","ping_status":"open","sticky":false,"template":"","format":"standard","meta":{"footnotes":""},"categories":[41,7],"tags":[],"class_list":["post-900","post","type-post","status-publish","format-standard","has-post-thumbnail","hentry","category-estudiantes-uandes","category-investigacion"],"_links":{"self":[{"href":"https:\/\/revistacampus.uandes.cl\/2024\/wp-json\/wp\/v2\/posts\/900","targetHints":{"allow":["GET"]}}],"collection":[{"href":"https:\/\/revistacampus.uandes.cl\/2024\/wp-json\/wp\/v2\/posts"}],"about":[{"href":"https:\/\/revistacampus.uandes.cl\/2024\/wp-json\/wp\/v2\/types\/post"}],"author":[{"embeddable":true,"href":"https:\/\/revistacampus.uandes.cl\/2024\/wp-json\/wp\/v2\/users\/1"}],"replies":[{"embeddable":true,"href":"https:\/\/revistacampus.uandes.cl\/2024\/wp-json\/wp\/v2\/comments?post=900"}],"version-history":[{"count":14,"href":"https:\/\/revistacampus.uandes.cl\/2024\/wp-json\/wp\/v2\/posts\/900\/revisions"}],"predecessor-version":[{"id":1115,"href":"https:\/\/revistacampus.uandes.cl\/2024\/wp-json\/wp\/v2\/posts\/900\/revisions\/1115"}],"wp:featuredmedia":[{"embeddable":true,"href":"https:\/\/revistacampus.uandes.cl\/2024\/wp-json\/wp\/v2\/media\/914"}],"wp:attachment":[{"href":"https:\/\/revistacampus.uandes.cl\/2024\/wp-json\/wp\/v2\/media?parent=900"}],"wp:term":[{"taxonomy":"category","embeddable":true,"href":"https:\/\/revistacampus.uandes.cl\/2024\/wp-json\/wp\/v2\/categories?post=900"},{"taxonomy":"post_tag","embeddable":true,"href":"https:\/\/revistacampus.uandes.cl\/2024\/wp-json\/wp\/v2\/tags?post=900"}],"curies":[{"name":"wp","href":"https:\/\/api.w.org\/{rel}","templated":true}]}}