{"id":854,"date":"2024-08-29T21:48:46","date_gmt":"2024-08-30T00:48:46","guid":{"rendered":"https:\/\/revistacampus.uandes.cl\/2024\/?p=854"},"modified":"2024-09-05T16:48:48","modified_gmt":"2024-09-05T19:48:48","slug":"preparados-para-liderar-un-mundo-donde-el-cliente-es-el-centro","status":"publish","type":"post","link":"https:\/\/revistacampus.uandes.cl\/2024\/preparados-para-liderar-un-mundo-donde-el-cliente-es-el-centro\/","title":{"rendered":"Preparados para liderar un mundo donde el cliente es el centro"},"content":{"rendered":"\n<p class=\"has-background\" style=\"background-color:#e3e3e3\"><img decoding=\"async\" width=\"60\" height=\"60\" class=\"wp-image-402\" style=\"width: 60px;\" src=\"https:\/\/revistacampus.uandes.cl\/2024\/wp-content\/uploads\/2024\/08\/VE-POR-MAS.png\" alt=\"\" srcset=\"https:\/\/revistacampus.uandes.cl\/2024\/wp-content\/uploads\/2024\/08\/VE-POR-MAS.png 250w, https:\/\/revistacampus.uandes.cl\/2024\/wp-content\/uploads\/2024\/08\/VE-POR-MAS-150x150.png 150w\" sizes=\"(max-width: 60px) 100vw, 60px\" \/><br><strong>Mar\u00eda Isabel Jottar, directora de la<\/strong> <strong>Escuela de Administraci\u00f3n de Servicios (ADS)<\/strong>, explica c\u00f3mo ha evolucionado la carrera en tres d\u00e9cadas, seg\u00fan las tendencias mundiales.<br><br>Por Marisol Grisanti Guadaroli<\/p>\n\n\n\n<div style=\"height:39px\" aria-hidden=\"true\" class=\"wp-block-spacer\"><\/div>\n\n\n\n<p>Las organizaciones est\u00e1n redefiniendo lo que significa conquistar a sus clientes. \u201cDe vender productos, hemos pasado a vender experiencias. Esto ha influido en el mercado y en la evoluci\u00f3n del plan de estudios de <strong><a href=\"https:\/\/uandes.cl\/facultad\/escuela-de-administracion-de-servicios\/\" target=\"_blank\" rel=\"noreferrer noopener\">ADS<\/a><\/strong>, donde <strong>nos hemos enfocado en ense\u00f1ar sobre la gesti\u00f3n de la experiencia del cliente<\/strong>, como un espejo de lo que sucede en la industria, <strong>abordando la administraci\u00f3n desde su dimensi\u00f3n operacional a su dimensi\u00f3n emocional<\/strong>\u201d, explica la directora de la Escuela, Mar\u00eda Isabel Jottar.<\/p>\n\n\n\n<div class=\"wp-block-columns is-layout-flex wp-container-core-columns-is-layout-9d6595d7 wp-block-columns-is-layout-flex\">\n<div class=\"wp-block-column is-layout-flow wp-block-column-is-layout-flow\"><div class=\"wp-block-image\">\n<figure class=\"alignleft size-large is-resized\"><img fetchpriority=\"high\" decoding=\"async\" width=\"1024\" height=\"1024\" src=\"https:\/\/revistacampus.uandes.cl\/2024\/wp-content\/uploads\/2024\/08\/Preparados-para-liderar-un-mundo-donde-el-cliente-es-el-centro-1024x1024.png\" alt=\"\" class=\"wp-image-856\" style=\"width:332px;height:auto\" title=\"\" srcset=\"https:\/\/revistacampus.uandes.cl\/2024\/wp-content\/uploads\/2024\/08\/Preparados-para-liderar-un-mundo-donde-el-cliente-es-el-centro-1024x1024.png 1024w, https:\/\/revistacampus.uandes.cl\/2024\/wp-content\/uploads\/2024\/08\/Preparados-para-liderar-un-mundo-donde-el-cliente-es-el-centro-300x300.png 300w, https:\/\/revistacampus.uandes.cl\/2024\/wp-content\/uploads\/2024\/08\/Preparados-para-liderar-un-mundo-donde-el-cliente-es-el-centro-150x150.png 150w, https:\/\/revistacampus.uandes.cl\/2024\/wp-content\/uploads\/2024\/08\/Preparados-para-liderar-un-mundo-donde-el-cliente-es-el-centro-768x768.png 768w, https:\/\/revistacampus.uandes.cl\/2024\/wp-content\/uploads\/2024\/08\/Preparados-para-liderar-un-mundo-donde-el-cliente-es-el-centro.png 1080w\" sizes=\"(max-width: 1024px) 100vw, 1024px\" \/><\/figure>\n<\/div>\n\n\n<p class=\"has-text-align-center\" style=\"font-size:15px\"><strong><em>Mar\u00eda Isabel Jottar, directora de la Escuela de Administraci\u00f3n de Servicios<\/em><\/strong><\/p>\n<\/div>\n\n\n\n<div class=\"wp-block-column is-vertically-aligned-center is-layout-flow wp-block-column-is-layout-flow\" style=\"flex-basis:60%\">\n<p>\u201cLa gesti\u00f3n de la experiencia es una tendencia creciente en las organizaciones, que han debido adaptarse a las nuevas necesidades y demandas del entorno, donde l<strong>os clientes exigen personalizaci\u00f3n, inmediatez, flexibilidad, contenci\u00f3n y di\u00e1logo fluido<\/strong>. Entre 1999 y 2019 la malla curricular ha reducido gradualmente las asignaturas asociadas a la gesti\u00f3n de servicios b\u00e1sicos, para centrarse en la<strong> gesti\u00f3n de la experiencia del cliente<\/strong>\u201d, agrega.<\/p>\n\n\n\n<p>Hoy un <strong><a href=\"https:\/\/uandes.cl\/facultad\/escuela-de-administracion-de-servicios\/\" target=\"_blank\" rel=\"noreferrer noopener\">administrador de servicios<\/a><\/strong> no solo se encarga de la eficiencia operacional de la transacci\u00f3n, de la agilidad o del cumplimiento de los est\u00e1ndares de calidad. \u201cDado el nivel de competencia del sector, eso no es suficiente para garantizar la fidelizaci\u00f3n del cliente; se requiere un pelda\u00f1o m\u00e1s, que significa hacerse cargo de la experiencia del cliente, entendida como el recuerdo que se genera en la mente del consumidor producto de su relaci\u00f3n con la marca, y que se refiere a la apreciaci\u00f3n que hace el cliente desde una dimensi\u00f3n emocional\u201d, comenta.<\/p>\n<\/div>\n<\/div>\n\n\n\n<div style=\"height:33px\" aria-hidden=\"true\" class=\"wp-block-spacer\"><\/div>\n\n\n\n<h2 class=\"wp-block-heading\">\u00bfC\u00f3mo responden las empresas a la creciente demanda de experiencias excepcionales?<\/h2>\n\n\n\n<p>Seg\u00fan <strong><a href=\"https:\/\/www.eiu.com\/n\/\" target=\"_blank\" rel=\"noreferrer noopener\">The Economist Intelligence Unit<\/a><\/strong>, <strong>el 59% de las organizaciones afirma que su volumen de negocio aumenta m\u00e1s r\u00e1pido cuando incrementan la inversi\u00f3n en la experiencia del cliente. <\/strong>Este cambio de paradigma ha dado lugar a nuevos perfiles profesionales, como el Chief Experience Officer, cuyo objetivo es actuar como <strong>puente entre el consumidor y la empresa.<\/strong><\/p>\n\n\n\n<div class=\"wp-block-columns is-layout-flex wp-container-core-columns-is-layout-9d6595d7 wp-block-columns-is-layout-flex\">\n<div class=\"wp-block-column is-layout-flow wp-block-column-is-layout-flow\" style=\"flex-basis:60%\">\n<p>En nuestro pa\u00eds, un estudio realizado por Deloitte y <strong><a href=\"https:\/\/asociaciondec-cl.org\/\" target=\"_blank\" rel=\"noreferrer noopener\">Asociaci\u00f3n DEC Chile<\/a><\/strong> sobre la madurez en la gesti\u00f3n operativa de la experiencia del cliente, que considera a 64 empresas del sector servicios y 104 ejecutivos, concluy\u00f3 que el 67% de los encuestados se desempe\u00f1a en esta \u00e1rea, lo que consolida la tendencia de crear departamentos espec\u00edficos para las funciones de medici\u00f3n, an\u00e1lisis y gesti\u00f3n de la experiencia. Por otra parte, el 82% est\u00e1 total o parcialmente de acuerdo con que sus organizaciones tengan definida una estrategia y objetivos claros sobre la experiencia de clientes.<\/p>\n<\/div>\n\n\n\n<div class=\"wp-block-column is-layout-flow wp-block-column-is-layout-flow\" style=\"flex-basis:40%\">\n<p class=\"has-text-align-center\"><img decoding=\"async\" width=\"50\" height=\"50\" class=\"wp-image-209\" style=\"width: 50px;\" src=\"https:\/\/revistacampus.uandes.cl\/2024\/wp-content\/uploads\/2024\/08\/comillas-4.png\" alt=\"\" srcset=\"https:\/\/revistacampus.uandes.cl\/2024\/wp-content\/uploads\/2024\/08\/comillas-4.png 360w, https:\/\/revistacampus.uandes.cl\/2024\/wp-content\/uploads\/2024\/08\/comillas-4-300x300.png 300w, https:\/\/revistacampus.uandes.cl\/2024\/wp-content\/uploads\/2024\/08\/comillas-4-150x150.png 150w\" sizes=\"(max-width: 50px) 100vw, 50px\" \/><br><em>\u201cNo se trata solo de satisfacer las necesidades del cliente, sino de crear experiencias que lo fidelicen\u201d<\/em><br><strong>Mar\u00eda Isabel Jottar, directora de la Escuela de Administraci\u00f3n de Servicios<\/strong><\/p>\n<\/div>\n<\/div>\n\n\n\n<p>\u201cEsto abre un campo laboral para nuestros alumni, quienes est\u00e1n preparados para <strong>liderar en un mundo donde el cliente se ha ido transformando en el centro de la gesti\u00f3n empresarial. No se trata solo de satisfacer sus necesidades, sino de crear experiencias que lo fidelicen.<\/strong> Un <strong><a href=\"http:\/\/uandes.cl\/facultad\/escuela-de-administracion-de-servicios\/\" target=\"_blank\" rel=\"noreferrer noopener\">administrador de servicios <\/a>debe transformar la cultura organizacional en una cultura clientec\u00e9ntrica, es decir, conocer al cliente, sus necesidades, expectativas, conducta, temores y esperanzas asociadas a la futura compra<\/strong>\u201d, concluye.<img loading=\"lazy\" decoding=\"async\" width=\"15\" height=\"15\" class=\"wp-image-402\" style=\"width: 15px;\" src=\"https:\/\/revistacampus.uandes.cl\/2024\/wp-content\/uploads\/2024\/08\/VE-POR-MAS.png\" alt=\"\" srcset=\"https:\/\/revistacampus.uandes.cl\/2024\/wp-content\/uploads\/2024\/08\/VE-POR-MAS.png 250w, https:\/\/revistacampus.uandes.cl\/2024\/wp-content\/uploads\/2024\/08\/VE-POR-MAS-150x150.png 150w\" sizes=\"(max-width: 15px) 100vw, 15px\" \/><\/p>\n\n\n\n<p><\/p>\n","protected":false},"excerpt":{"rendered":"<p>Mar\u00eda Isabel Jottar, directora de la Escuela de Administraci\u00f3n de Servicios (ADS), explica c\u00f3mo ha evolucionado la carrera en tres d\u00e9cadas, seg\u00fan las tendencias mundiales. Por Marisol Grisanti Guadaroli Las organizaciones est\u00e1n redefiniendo lo que significa conquistar a sus clientes. \u201cDe vender productos, hemos pasado a vender experiencias. Esto ha influido en el mercado y [&hellip;]<\/p>\n","protected":false},"author":1,"featured_media":855,"comment_status":"open","ping_status":"open","sticky":false,"template":"","format":"standard","meta":{"footnotes":""},"categories":[6,1],"tags":[],"class_list":["post-854","post","type-post","status-publish","format-standard","has-post-thumbnail","hentry","category-pais","category-sin-categoria"],"_links":{"self":[{"href":"https:\/\/revistacampus.uandes.cl\/2024\/wp-json\/wp\/v2\/posts\/854","targetHints":{"allow":["GET"]}}],"collection":[{"href":"https:\/\/revistacampus.uandes.cl\/2024\/wp-json\/wp\/v2\/posts"}],"about":[{"href":"https:\/\/revistacampus.uandes.cl\/2024\/wp-json\/wp\/v2\/types\/post"}],"author":[{"embeddable":true,"href":"https:\/\/revistacampus.uandes.cl\/2024\/wp-json\/wp\/v2\/users\/1"}],"replies":[{"embeddable":true,"href":"https:\/\/revistacampus.uandes.cl\/2024\/wp-json\/wp\/v2\/comments?post=854"}],"version-history":[{"count":14,"href":"https:\/\/revistacampus.uandes.cl\/2024\/wp-json\/wp\/v2\/posts\/854\/revisions"}],"predecessor-version":[{"id":1823,"href":"https:\/\/revistacampus.uandes.cl\/2024\/wp-json\/wp\/v2\/posts\/854\/revisions\/1823"}],"wp:featuredmedia":[{"embeddable":true,"href":"https:\/\/revistacampus.uandes.cl\/2024\/wp-json\/wp\/v2\/media\/855"}],"wp:attachment":[{"href":"https:\/\/revistacampus.uandes.cl\/2024\/wp-json\/wp\/v2\/media?parent=854"}],"wp:term":[{"taxonomy":"category","embeddable":true,"href":"https:\/\/revistacampus.uandes.cl\/2024\/wp-json\/wp\/v2\/categories?post=854"},{"taxonomy":"post_tag","embeddable":true,"href":"https:\/\/revistacampus.uandes.cl\/2024\/wp-json\/wp\/v2\/tags?post=854"}],"curies":[{"name":"wp","href":"https:\/\/api.w.org\/{rel}","templated":true}]}}