{"id":827,"date":"2024-09-05T01:17:12","date_gmt":"2024-09-05T04:17:12","guid":{"rendered":"https:\/\/revistacampus.uandes.cl\/2024\/?p=827"},"modified":"2024-09-06T10:31:46","modified_gmt":"2024-09-06T13:31:46","slug":"centro-de-salud-uandes-acreditado-hasta-2026","status":"publish","type":"post","link":"https:\/\/revistacampus.uandes.cl\/2024\/centro-de-salud-uandes-acreditado-hasta-2026\/","title":{"rendered":"Centro de salud UANDES acreditado hasta 2026"},"content":{"rendered":"\n<p class=\"has-background\" style=\"background-color:#e3e3e3\"><img decoding=\"async\" width=\"60\" height=\"60\" class=\"wp-image-402\" style=\"width: 60px;\" src=\"https:\/\/revistacampus.uandes.cl\/2024\/wp-content\/uploads\/2024\/08\/VE-POR-MAS.png\" alt=\"\" srcset=\"https:\/\/revistacampus.uandes.cl\/2024\/wp-content\/uploads\/2024\/08\/VE-POR-MAS.png 250w, https:\/\/revistacampus.uandes.cl\/2024\/wp-content\/uploads\/2024\/08\/VE-POR-MAS-150x150.png 150w\" sizes=\"(max-width: 60px) 100vw, 60px\" \/><br><strong>El Centro de Salud Universidad de los Andes<\/strong> obtuvo la Acreditaci\u00f3n Nacional para Prestadores Institucionales de Atenci\u00f3n Abierta, entregada por la Superintendencia de Salud, en reconocimiento al cumplimiento de altos est\u00e1ndares de calidad y seguridad en la atenci\u00f3n de sus pacientes.<br><br>Por Florencia Moya Cid<\/p>\n\n\n\n<div class=\"wp-block-columns is-layout-flex wp-container-core-columns-is-layout-9d6595d7 wp-block-columns-is-layout-flex\">\n<div class=\"wp-block-column is-vertically-aligned-center is-layout-flow wp-block-column-is-layout-flow\" style=\"flex-basis:66.66%\">\n<p>El <a href=\"http:\/\/El Centro de Salud UANDES, establecimiento de atenci\u00f3n ambulatoria, ubicado en la comuna de San Bernardo, es el primer campo cl\u00ednico propio de la Universidad de los Andes, donde actualmente se forman estudiantes de Odontolog\u00eda, Medicina, Enfermer\u00eda, Psicolog\u00eda, Terapia Ocupacional, Nutrici\u00f3n y Derecho. Este espacio para la docencia asistencial, que este a\u00f1o cumple 25 a\u00f1os al servicio de la zona sur de Santiago, genera una interacci\u00f3n diaria entre estudiantes y pacientes, logrando m\u00e1s de 100.000 prestaciones anuales.\" target=\"_blank\" rel=\"noreferrer noopener\"><strong>Centro de Salud UANDES<\/strong><\/a>, establecimiento de atenci\u00f3n ambulatoria, ubicado en la comuna de San Bernardo, es el primer campo cl\u00ednico propio de la <a href=\"http:\/\/uandes.cl\" target=\"_blank\" rel=\"noreferrer noopener\">Universidad de los Andes<\/a>, donde actualmente se forman estudiantes de Odontolog\u00eda, Medicina, Enfermer\u00eda, Psicolog\u00eda, Terapia Ocupacional, Nutrici\u00f3n y Derecho. Este espacio para la docencia asistencial, que <a href=\"https:\/\/saluduandes.cl\/2024\/08\/21\/centro-de-salud-universidad-de-los-andes-celebra-su-xxv-aniversario\/\" target=\"_blank\" rel=\"noreferrer noopener\">este a\u00f1o cumple 25 a\u00f1os<\/a> al servicio de la zona sur de Santiago, genera una <strong>interacci\u00f3n diaria entre estudiantes y pacientes, logrando m\u00e1s de 100.000 prestaciones anuales<\/strong>.<\/p>\n<\/div>\n\n\n\n<div class=\"wp-block-column is-vertically-aligned-center is-layout-flow wp-block-column-is-layout-flow\" style=\"flex-basis:33.33%\"><div class=\"wp-block-image\">\n<figure class=\"aligncenter size-large is-resized\"><img fetchpriority=\"high\" decoding=\"async\" width=\"1024\" height=\"1024\" src=\"https:\/\/revistacampus.uandes.cl\/2024\/wp-content\/uploads\/2024\/08\/25_ANOS--1024x1024.png\" alt=\"\" class=\"wp-image-851\" style=\"width:238px;height:auto\" srcset=\"https:\/\/revistacampus.uandes.cl\/2024\/wp-content\/uploads\/2024\/08\/25_ANOS--1024x1024.png 1024w, https:\/\/revistacampus.uandes.cl\/2024\/wp-content\/uploads\/2024\/08\/25_ANOS--300x300.png 300w, https:\/\/revistacampus.uandes.cl\/2024\/wp-content\/uploads\/2024\/08\/25_ANOS--150x150.png 150w, https:\/\/revistacampus.uandes.cl\/2024\/wp-content\/uploads\/2024\/08\/25_ANOS--768x768.png 768w, https:\/\/revistacampus.uandes.cl\/2024\/wp-content\/uploads\/2024\/08\/25_ANOS-.png 1080w\" sizes=\"(max-width: 1024px) 100vw, 1024px\" \/><\/figure>\n<\/div>\n\n\n<p class=\"has-text-align-center\"><sub>Cumpli\u00f3 el Centro de Salud<\/sub><br><sub>UANDES en agosto de 2024<\/sub><\/p>\n<\/div>\n<\/div>\n\n\n\n<div class=\"wp-block-columns is-layout-flex wp-container-core-columns-is-layout-9d6595d7 wp-block-columns-is-layout-flex\">\n<div class=\"wp-block-column is-layout-flow wp-block-column-is-layout-flow\" style=\"flex-basis:33.33%\">\n<figure class=\"wp-block-image size-full is-style-default\"><img decoding=\"async\" width=\"1080\" height=\"1080\" src=\"https:\/\/revistacampus.uandes.cl\/2024\/wp-content\/uploads\/2024\/08\/62_5___7_-ai-brush-removebg-a5ex1yng.png\" alt=\"\" class=\"wp-image-1129\" srcset=\"https:\/\/revistacampus.uandes.cl\/2024\/wp-content\/uploads\/2024\/08\/62_5___7_-ai-brush-removebg-a5ex1yng.png 1080w, https:\/\/revistacampus.uandes.cl\/2024\/wp-content\/uploads\/2024\/08\/62_5___7_-ai-brush-removebg-a5ex1yng-300x300.png 300w, https:\/\/revistacampus.uandes.cl\/2024\/wp-content\/uploads\/2024\/08\/62_5___7_-ai-brush-removebg-a5ex1yng-1024x1024.png 1024w, https:\/\/revistacampus.uandes.cl\/2024\/wp-content\/uploads\/2024\/08\/62_5___7_-ai-brush-removebg-a5ex1yng-150x150.png 150w, https:\/\/revistacampus.uandes.cl\/2024\/wp-content\/uploads\/2024\/08\/62_5___7_-ai-brush-removebg-a5ex1yng-768x768.png 768w\" sizes=\"(max-width: 1080px) 100vw, 1080px\" \/><\/figure>\n\n\n\n<p class=\"has-text-align-center\"><strong>Jorge Landeta, gerente del Centro de Salud UANDES<\/strong><\/p>\n<\/div>\n\n\n\n<div class=\"wp-block-column is-layout-flow wp-block-column-is-layout-flow\" style=\"flex-basis:66.66%\">\n<p><strong>En su segundo proceso ante la Superintendencia de Salud, el Centro obtuvo la <a href=\"https:\/\/saluduandes.cl\/2024\/03\/15\/el-centro-de-salud-de-la-universidad-de-los-andes-es-acreditado-hasta-2026\/\" target=\"_blank\" rel=\"noreferrer noopener\">Acreditaci\u00f3n Nacional para Prestadores Institucionales de Atenci\u00f3n Abierta<\/a> con 91% de cumplimiento de las caracter\u00edsticas obligatorias<\/strong>. Para su gerente, <strong>Jorge Landeta<\/strong>, \u201cla acreditaci\u00f3n permite asegurar ciertos est\u00e1ndares para atender a los pacientes de manera segura. Para nosotros ser acreditados nos da cierta tranquilidad de que estamos haciendo las cosas bien\u201d, explica. Agrega que, \u201cen estos \u00faltimos a\u00f1os, desde la anterior acreditaci\u00f3n, hemos logrado mantener un buen nivel de trabajo. Y nos refuerza el foco de una atenci\u00f3n de calidad centrada en el paciente y su familia\u201d.<\/p>\n<\/div>\n<\/div>\n\n\n\n<div class=\"wp-block-columns is-layout-flex wp-container-core-columns-is-layout-9d6595d7 wp-block-columns-is-layout-flex\">\n<div class=\"wp-block-column is-layout-flow wp-block-column-is-layout-flow\" style=\"flex-basis:66.66%\">\n<p>\u201cEl Centro de Salud ofrece a toda la poblaci\u00f3n de San Bernardo y del sector sur de Santiago atenci\u00f3n en salud con un est\u00e1ndar de atenci\u00f3n de primer nivel, tanto en lo t\u00e9cnico como en lo humano y a muy bajo costo. Esta calidad de servicio, avalada por la Superintendencia de Salud al reacreditar el Centro, contribuye a la poblaci\u00f3n mejorando las condiciones de salud, junto con entregar herramientas de prevenci\u00f3n para as\u00ed disminuir las necesidades de atenci\u00f3n de la comunidad\u201d, comenta el <strong>Dr. <a href=\"https:\/\/www.uandes.cl\/personas\/alvaro-gimenez-j\/\" target=\"_blank\" rel=\"noreferrer noopener\">\u00c1lvaro Gim\u00e9nez<\/a>, director t\u00e9cnico del Centro de Salud Universidad de los Andes<\/strong>.<\/p>\n\n\n\n<p>En este proceso, la participaci\u00f3n de colaboradores y profesores que trabajan en el Centro de Salud juega un rol fundamental. Sumado a lo anterior, la obtenci\u00f3n de la acreditaci\u00f3n hasta 2026 genera un impacto directo en los estudiantes que realizan pasos pr\u00e1cticos en este campo cl\u00ednico de la Universidad de los Andes.<\/p>\n\n\n\n<p>\u201cA trav\u00e9s de este proceso, las instituciones se ven obligadas a cumplir con est\u00e1ndares de calidad establecidos, lo que resulta en una mejora continua, tanto en la infraestructura como en los m\u00e9todos de ense\u00f1anza y el desarrollo curricular. Esto se traduce en una formaci\u00f3n m\u00e1s integral y de mayor calidad para los estudiantes, prepar\u00e1ndolos efectivamente para sus futuras carreras profesionales\u201d, concluye el Dr. Gim\u00e9nez.<img loading=\"lazy\" decoding=\"async\" width=\"15\" height=\"15\" class=\"wp-image-402\" style=\"width: 15px;\" src=\"https:\/\/revistacampus.uandes.cl\/2024\/wp-content\/uploads\/2024\/08\/VE-POR-MAS.png\" alt=\"\" srcset=\"https:\/\/revistacampus.uandes.cl\/2024\/wp-content\/uploads\/2024\/08\/VE-POR-MAS.png 250w, https:\/\/revistacampus.uandes.cl\/2024\/wp-content\/uploads\/2024\/08\/VE-POR-MAS-150x150.png 150w\" sizes=\"(max-width: 15px) 100vw, 15px\" \/><\/p>\n<\/div>\n\n\n\n<div class=\"wp-block-column is-vertically-aligned-center is-layout-flow wp-block-column-is-layout-flow\" style=\"flex-basis:33.33%\">\n<figure class=\"wp-block-image size-full is-style-default\"><img loading=\"lazy\" decoding=\"async\" width=\"1080\" height=\"1080\" src=\"https:\/\/revistacampus.uandes.cl\/2024\/wp-content\/uploads\/2024\/08\/62_5___8_-ai-brush-removebg-dudqi8u-1.png\" alt=\"\" class=\"wp-image-1130\" srcset=\"https:\/\/revistacampus.uandes.cl\/2024\/wp-content\/uploads\/2024\/08\/62_5___8_-ai-brush-removebg-dudqi8u-1.png 1080w, https:\/\/revistacampus.uandes.cl\/2024\/wp-content\/uploads\/2024\/08\/62_5___8_-ai-brush-removebg-dudqi8u-1-300x300.png 300w, https:\/\/revistacampus.uandes.cl\/2024\/wp-content\/uploads\/2024\/08\/62_5___8_-ai-brush-removebg-dudqi8u-1-1024x1024.png 1024w, https:\/\/revistacampus.uandes.cl\/2024\/wp-content\/uploads\/2024\/08\/62_5___8_-ai-brush-removebg-dudqi8u-1-150x150.png 150w, https:\/\/revistacampus.uandes.cl\/2024\/wp-content\/uploads\/2024\/08\/62_5___8_-ai-brush-removebg-dudqi8u-1-768x768.png 768w\" sizes=\"(max-width: 1080px) 100vw, 1080px\" \/><\/figure>\n\n\n\n<p class=\"has-text-align-center\"><img loading=\"lazy\" decoding=\"async\" width=\"50\" height=\"50\" class=\"wp-image-209\" style=\"width: 50px;\" src=\"https:\/\/revistacampus.uandes.cl\/2024\/wp-content\/uploads\/2024\/08\/comillas-4.png\" alt=\"\" srcset=\"https:\/\/revistacampus.uandes.cl\/2024\/wp-content\/uploads\/2024\/08\/comillas-4.png 360w, https:\/\/revistacampus.uandes.cl\/2024\/wp-content\/uploads\/2024\/08\/comillas-4-300x300.png 300w, https:\/\/revistacampus.uandes.cl\/2024\/wp-content\/uploads\/2024\/08\/comillas-4-150x150.png 150w\" sizes=\"(max-width: 50px) 100vw, 50px\" \/><br><em>\u201cEsta calidad de servicio, avalada por la Superintendencia de Salud al reacreditar el Centro, contribuye a la poblaci\u00f3n mejorando las condiciones de salud\u201d <\/em><br><strong>\u00c1lvaro Gim\u00e9nez, director t\u00e9cnico del Centro de Salud UANDES<\/strong><\/p>\n<\/div>\n<\/div>\n\n\n\n<p><\/p>\n","protected":false},"excerpt":{"rendered":"<p>El Centro de Salud Universidad de los Andes obtuvo la Acreditaci\u00f3n Nacional para Prestadores Institucionales de Atenci\u00f3n Abierta, entregada por la Superintendencia de Salud, en reconocimiento al cumplimiento de altos est\u00e1ndares de calidad y seguridad en la atenci\u00f3n de sus pacientes. Por Florencia Moya Cid El Centro de Salud UANDES, establecimiento de atenci\u00f3n ambulatoria, ubicado [&hellip;]<\/p>\n","protected":false},"author":1,"featured_media":831,"comment_status":"open","ping_status":"open","sticky":false,"template":"","format":"standard","meta":{"footnotes":""},"categories":[9,38,1],"tags":[24],"class_list":["post-827","post","type-post","status-publish","format-standard","has-post-thumbnail","hentry","category-destacados","category-salud","category-sin-categoria","tag-en-san-bernardo"],"_links":{"self":[{"href":"https:\/\/revistacampus.uandes.cl\/2024\/wp-json\/wp\/v2\/posts\/827","targetHints":{"allow":["GET"]}}],"collection":[{"href":"https:\/\/revistacampus.uandes.cl\/2024\/wp-json\/wp\/v2\/posts"}],"about":[{"href":"https:\/\/revistacampus.uandes.cl\/2024\/wp-json\/wp\/v2\/types\/post"}],"author":[{"embeddable":true,"href":"https:\/\/revistacampus.uandes.cl\/2024\/wp-json\/wp\/v2\/users\/1"}],"replies":[{"embeddable":true,"href":"https:\/\/revistacampus.uandes.cl\/2024\/wp-json\/wp\/v2\/comments?post=827"}],"version-history":[{"count":41,"href":"https:\/\/revistacampus.uandes.cl\/2024\/wp-json\/wp\/v2\/posts\/827\/revisions"}],"predecessor-version":[{"id":1131,"href":"https:\/\/revistacampus.uandes.cl\/2024\/wp-json\/wp\/v2\/posts\/827\/revisions\/1131"}],"wp:featuredmedia":[{"embeddable":true,"href":"https:\/\/revistacampus.uandes.cl\/2024\/wp-json\/wp\/v2\/media\/831"}],"wp:attachment":[{"href":"https:\/\/revistacampus.uandes.cl\/2024\/wp-json\/wp\/v2\/media?parent=827"}],"wp:term":[{"taxonomy":"category","embeddable":true,"href":"https:\/\/revistacampus.uandes.cl\/2024\/wp-json\/wp\/v2\/categories?post=827"},{"taxonomy":"post_tag","embeddable":true,"href":"https:\/\/revistacampus.uandes.cl\/2024\/wp-json\/wp\/v2\/tags?post=827"}],"curies":[{"name":"wp","href":"https:\/\/api.w.org\/{rel}","templated":true}]}}