{"id":809,"date":"2024-08-29T20:58:16","date_gmt":"2024-08-29T23:58:16","guid":{"rendered":"https:\/\/revistacampus.uandes.cl\/2024\/?p=809"},"modified":"2024-09-05T18:30:46","modified_gmt":"2024-09-05T21:30:46","slug":"los-mayores-que-trabajan-sienten-mayor-bienestar","status":"publish","type":"post","link":"https:\/\/revistacampus.uandes.cl\/2024\/los-mayores-que-trabajan-sienten-mayor-bienestar\/","title":{"rendered":"Los mayores que trabajan sienten mayor bienestar"},"content":{"rendered":"\n<p class=\"has-small-font-size\"><em>En el encuentro \u201cEnvejecer en Chile, relatos de personas mayores\u201d, la profesora Rodr\u00edguez convers\u00f3 con personas mayores activas sobre c\u00f3mo es vivir el envejecimiento en Chile y los desaf\u00edos que debe atender nuestro pa\u00eds.<\/em><\/p>\n\n\n\n<p><\/p>\n\n\n\n<p class=\"has-background\" style=\"background-color:#e3e3e3\"><img decoding=\"async\" width=\"60\" height=\"60\" class=\"wp-image-402\" style=\"width: 60px;\" src=\"https:\/\/revistacampus.uandes.cl\/2024\/wp-content\/uploads\/2024\/08\/VE-POR-MAS.png\" alt=\"\" srcset=\"https:\/\/revistacampus.uandes.cl\/2024\/wp-content\/uploads\/2024\/08\/VE-POR-MAS.png 250w, https:\/\/revistacampus.uandes.cl\/2024\/wp-content\/uploads\/2024\/08\/VE-POR-MAS-150x150.png 150w\" sizes=\"(max-width: 60px) 100vw, 60px\" \/><br><strong>La investigaci\u00f3n alcanz\u00f3 a mil personas mayores de 60 a\u00f1os<\/strong> de la Regi\u00f3n Metropolitana, quienes tambi\u00e9n declararon preferir condiciones laborales de mayor flexibilidad.<br><br>Por M. Ignacia Manr\u00edquez Torreblanca<\/p>\n\n\n\n<p>Un <strong><a href=\"http:\/\/chrome-extension:\/\/efaidnbmnnnibpcajpcglclefindmkaj\/https:\/\/www.uandes.cl\/wp-content\/uploads\/2023\/09\/Informe-CEUANDES-CAPITAL-PM-.pdf\">estudio<\/a><\/strong> realizado por el <strong><a href=\"https:\/\/www.uandes.cl\/ce\/\">Centro de Envejecimiento<\/a><\/strong> junto a <a href=\"https:\/\/cambiate.afpcapital.cl\/?utm_source=google&amp;utm_medium=cpc&amp;utm_campaign=s-ff-brand-exacta&amp;utm_content=journey&amp;gclid=CjwKCAjwreW2BhBhEiwAavLwfApiWTvn6yvc9JEZaegm19NdK72zEgCMHOyuDM6KOEXW9WeoVp3ZYhoCZeAQAvD_BwE\"><strong>AFP Capital<\/strong> <\/a>arroj\u00f3 que el <strong>81% de las personas mayores encuestadas quiere seguir trabajando.<\/strong> Al estudiar ese inter\u00e9s, el 62% declara trabajar por necesidad econ\u00f3mica y el 30% por sentirse activo. La investigaci\u00f3n capt\u00f3 la informaci\u00f3n de mil personas mayores de 60 a\u00f1os y m\u00e1s, de la Regi\u00f3n Metropolitana, quienes declaran <strong>preferir condiciones laborales de mayor flexibilidad y capacidad de adaptaci\u00f3n de las empresas a sus caracter\u00edsticas.<\/strong><\/p>\n\n\n\n<p>Las personas que realizan una actividad laboral presentan un nivel significativamente m\u00e1s alto de satisfacci\u00f3n vital y bienestar subjetivo, como indicador clave de calidad de vida. En efecto, <strong><a href=\"https:\/\/www.uandes.cl\/personas\/claudia-rodriguez\/\">Claudia Rodr\u00edguez<\/a><\/strong>, coordinadora general del Centro de Envejecimiento, explica que es necesario avanzar como sociedad y reconocer que existe <strong>un grupo de personas mayores que tiene el inter\u00e9s de seguir trabajando<\/strong>, que se siente activo y con ganas de seguir aportando, pero la estructura de las instituciones limita esa continuidad laboral.<\/p>\n\n\n\n<p>\u201cSe requiere que se rompan los paradigmas que perciben a las personas mayores como sujetos que ya no pueden continuar trabajando, desarrollando y transfiriendo todas las experiencias a las generaciones m\u00e1s j\u00f3venes\u201d.<\/p>\n\n\n\n<div class=\"wp-block-columns is-layout-flex wp-container-core-columns-is-layout-9d6595d7 wp-block-columns-is-layout-flex\">\n<div class=\"wp-block-column is-vertically-aligned-center is-layout-flow wp-block-column-is-layout-flow\"><div class=\"wp-block-image\">\n<figure class=\"aligncenter size-large is-resized\"><img fetchpriority=\"high\" decoding=\"async\" width=\"1024\" height=\"1024\" src=\"https:\/\/revistacampus.uandes.cl\/2024\/wp-content\/uploads\/2024\/08\/Los-mayores-que-trabajan-sienten-mayor-bienestar-1-1024x1024.png\" alt=\"\" class=\"wp-image-816\" style=\"width:208px;height:auto\" srcset=\"https:\/\/revistacampus.uandes.cl\/2024\/wp-content\/uploads\/2024\/08\/Los-mayores-que-trabajan-sienten-mayor-bienestar-1-1024x1024.png 1024w, https:\/\/revistacampus.uandes.cl\/2024\/wp-content\/uploads\/2024\/08\/Los-mayores-que-trabajan-sienten-mayor-bienestar-1-300x300.png 300w, https:\/\/revistacampus.uandes.cl\/2024\/wp-content\/uploads\/2024\/08\/Los-mayores-que-trabajan-sienten-mayor-bienestar-1-150x150.png 150w, https:\/\/revistacampus.uandes.cl\/2024\/wp-content\/uploads\/2024\/08\/Los-mayores-que-trabajan-sienten-mayor-bienestar-1-768x768.png 768w, https:\/\/revistacampus.uandes.cl\/2024\/wp-content\/uploads\/2024\/08\/Los-mayores-que-trabajan-sienten-mayor-bienestar-1.png 1080w\" sizes=\"(max-width: 1024px) 100vw, 1024px\" \/><figcaption class=\"wp-element-caption\"><strong>Quienes quieren seguir trabajando lo hacen por necesidades econ\u00f3micas<\/strong><\/figcaption><\/figure>\n<\/div><\/div>\n\n\n\n<div class=\"wp-block-column is-layout-flow wp-block-column-is-layout-flow\"><div class=\"wp-block-image\">\n<figure class=\"aligncenter size-large is-resized\"><img decoding=\"async\" width=\"1024\" height=\"1024\" src=\"https:\/\/revistacampus.uandes.cl\/2024\/wp-content\/uploads\/2024\/08\/Los-mayores-que-trabajan-sienten-mayor-bienestar-3-1024x1024.png\" alt=\"\" class=\"wp-image-819\" style=\"width:210px;height:auto\" srcset=\"https:\/\/revistacampus.uandes.cl\/2024\/wp-content\/uploads\/2024\/08\/Los-mayores-que-trabajan-sienten-mayor-bienestar-3-1024x1024.png 1024w, https:\/\/revistacampus.uandes.cl\/2024\/wp-content\/uploads\/2024\/08\/Los-mayores-que-trabajan-sienten-mayor-bienestar-3-300x300.png 300w, https:\/\/revistacampus.uandes.cl\/2024\/wp-content\/uploads\/2024\/08\/Los-mayores-que-trabajan-sienten-mayor-bienestar-3-150x150.png 150w, https:\/\/revistacampus.uandes.cl\/2024\/wp-content\/uploads\/2024\/08\/Los-mayores-que-trabajan-sienten-mayor-bienestar-3-768x768.png 768w, https:\/\/revistacampus.uandes.cl\/2024\/wp-content\/uploads\/2024\/08\/Los-mayores-que-trabajan-sienten-mayor-bienestar-3.png 1080w\" sizes=\"(max-width: 1024px) 100vw, 1024px\" \/><figcaption class=\"wp-element-caption\"><strong>Quiere seguir trabajando para sentirse activo<\/strong><\/figcaption><\/figure>\n<\/div><\/div>\n\n\n\n<div class=\"wp-block-column is-layout-flow wp-block-column-is-layout-flow\"><div class=\"wp-block-image\">\n<figure class=\"aligncenter size-large is-resized\"><img loading=\"lazy\" decoding=\"async\" width=\"1024\" height=\"1024\" src=\"https:\/\/revistacampus.uandes.cl\/2024\/wp-content\/uploads\/2024\/08\/Los-mayores-que-trabajan-sienten-mayor-bienestar-2-1-1024x1024.png\" alt=\"\" class=\"wp-image-820\" style=\"width:200px;height:auto\" srcset=\"https:\/\/revistacampus.uandes.cl\/2024\/wp-content\/uploads\/2024\/08\/Los-mayores-que-trabajan-sienten-mayor-bienestar-2-1-1024x1024.png 1024w, https:\/\/revistacampus.uandes.cl\/2024\/wp-content\/uploads\/2024\/08\/Los-mayores-que-trabajan-sienten-mayor-bienestar-2-1-300x300.png 300w, https:\/\/revistacampus.uandes.cl\/2024\/wp-content\/uploads\/2024\/08\/Los-mayores-que-trabajan-sienten-mayor-bienestar-2-1-150x150.png 150w, https:\/\/revistacampus.uandes.cl\/2024\/wp-content\/uploads\/2024\/08\/Los-mayores-que-trabajan-sienten-mayor-bienestar-2-1-768x768.png 768w, https:\/\/revistacampus.uandes.cl\/2024\/wp-content\/uploads\/2024\/08\/Los-mayores-que-trabajan-sienten-mayor-bienestar-2-1.png 1080w\" sizes=\"(max-width: 1024px) 100vw, 1024px\" \/><figcaption class=\"wp-element-caption\"><strong>Quiere seguir trabajando porque le agrada su trabajo<\/strong><\/figcaption><\/figure>\n<\/div><\/div>\n<\/div>\n\n\n\n<p>El proyecto de <a href=\"https:\/\/www.desarrollosocialyfamilia.gob.cl\/noticias\/senado-aprueba-proyecto-de-ley-integral-de-las-personas-mayores\"><strong>ley integral de las personas mayores y de promoci\u00f3n del envejecimiento digno, activo y saludable<\/strong>,<\/a> en su art\u00edculo 11, declara el derecho al trabajo, reconociendo que las personas mayores tienen derecho al <strong>trabajo digno y decente<\/strong>, con igualdad de oportunidades y de trato respecto a los dem\u00e1s. Sin embargo, el desaf\u00edo es cambiar la cultura laboral respecto al proceso de envejecimiento en todas las instituciones del pa\u00eds.<\/p>\n\n\n\n<p>\u201cEl<a href=\"https:\/\/www.ilo.org\/es\/resource\/news\/la-oit-publica-el-informe-2023-de-la-comision-de-expertos-en-aplicacion-de\"> <strong>informe de la OIT de 2023<\/strong><\/a> indica que la inclusi\u00f3n laboral y la extensi\u00f3n del trabajo digno a las personas mayores requiere una atenci\u00f3n espec\u00edfica que implica una serie de acciones, <strong>como mejorar la protecci\u00f3n social, combatir estereotipos, implementar pol\u00edticas para activar y retener a las personas mayores en sus empleos, fomentar el retiro parcial y ofrecer formaci\u00f3n profesional y capacitaci\u00f3n continua. <\/strong>Se busca evitar situaciones precarias, como trabajos informales, desempleo o la salida definitiva del mercado laboral\u201d, explica la salubrista y doctoranda de Salud P\u00fablica.<\/p>\n\n\n\n<p>Las personas mayores aportan elementos fundamentales en el \u00e1mbito laboral como experiencia, conocimiento, compromiso o capacidades interpersonales que construyen un ambiente arm\u00f3nico que ayuda a resolver problemas diarios, manteniendo la convivencia de los equipos. La coordinadora del Centro destaca tambi\u00e9n su <strong>capacidad de mentor\u00eda, de ense\u00f1ar y de acompa\u00f1amiento<\/strong>, resaltando el tiempo que le asignan a ello.<\/p>\n\n\n\n<p>\u201cEstamos convencidos de que, aportando datos reales, contribuimos a develar la importancia que adquiere el trabajo en el logro de un <strong>envejecimiento activo y saludable<\/strong>, pero reconociendo que requieren cambios profundos en c\u00f3mo se mira el proceso de envejecer en nuestro pa\u00eds y los desaf\u00edos a atender para el logro de un trabajo digno\u201d, concluye.<img loading=\"lazy\" decoding=\"async\" width=\"15\" height=\"15\" class=\"wp-image-402\" style=\"width: 15px;\" src=\"https:\/\/revistacampus.uandes.cl\/2024\/wp-content\/uploads\/2024\/08\/VE-POR-MAS.png\" alt=\"\" srcset=\"https:\/\/revistacampus.uandes.cl\/2024\/wp-content\/uploads\/2024\/08\/VE-POR-MAS.png 250w, https:\/\/revistacampus.uandes.cl\/2024\/wp-content\/uploads\/2024\/08\/VE-POR-MAS-150x150.png 150w\" sizes=\"(max-width: 15px) 100vw, 15px\" \/><\/p>\n\n\n\n<p><\/p>\n","protected":false},"excerpt":{"rendered":"<p>En el encuentro \u201cEnvejecer en Chile, relatos de personas mayores\u201d, la profesora Rodr\u00edguez convers\u00f3 con personas mayores activas sobre c\u00f3mo es vivir el envejecimiento en Chile y los desaf\u00edos que debe atender nuestro pa\u00eds. La investigaci\u00f3n alcanz\u00f3 a mil personas mayores de 60 a\u00f1os de la Regi\u00f3n Metropolitana, quienes tambi\u00e9n declararon preferir condiciones laborales de [&hellip;]<\/p>\n","protected":false},"author":1,"featured_media":810,"comment_status":"open","ping_status":"open","sticky":false,"template":"","format":"standard","meta":{"footnotes":""},"categories":[6,1],"tags":[],"class_list":["post-809","post","type-post","status-publish","format-standard","has-post-thumbnail","hentry","category-pais","category-sin-categoria"],"_links":{"self":[{"href":"https:\/\/revistacampus.uandes.cl\/2024\/wp-json\/wp\/v2\/posts\/809","targetHints":{"allow":["GET"]}}],"collection":[{"href":"https:\/\/revistacampus.uandes.cl\/2024\/wp-json\/wp\/v2\/posts"}],"about":[{"href":"https:\/\/revistacampus.uandes.cl\/2024\/wp-json\/wp\/v2\/types\/post"}],"author":[{"embeddable":true,"href":"https:\/\/revistacampus.uandes.cl\/2024\/wp-json\/wp\/v2\/users\/1"}],"replies":[{"embeddable":true,"href":"https:\/\/revistacampus.uandes.cl\/2024\/wp-json\/wp\/v2\/comments?post=809"}],"version-history":[{"count":11,"href":"https:\/\/revistacampus.uandes.cl\/2024\/wp-json\/wp\/v2\/posts\/809\/revisions"}],"predecessor-version":[{"id":1837,"href":"https:\/\/revistacampus.uandes.cl\/2024\/wp-json\/wp\/v2\/posts\/809\/revisions\/1837"}],"wp:featuredmedia":[{"embeddable":true,"href":"https:\/\/revistacampus.uandes.cl\/2024\/wp-json\/wp\/v2\/media\/810"}],"wp:attachment":[{"href":"https:\/\/revistacampus.uandes.cl\/2024\/wp-json\/wp\/v2\/media?parent=809"}],"wp:term":[{"taxonomy":"category","embeddable":true,"href":"https:\/\/revistacampus.uandes.cl\/2024\/wp-json\/wp\/v2\/categories?post=809"},{"taxonomy":"post_tag","embeddable":true,"href":"https:\/\/revistacampus.uandes.cl\/2024\/wp-json\/wp\/v2\/tags?post=809"}],"curies":[{"name":"wp","href":"https:\/\/api.w.org\/{rel}","templated":true}]}}