{"id":790,"date":"2024-09-04T20:29:49","date_gmt":"2024-09-04T23:29:49","guid":{"rendered":"https:\/\/revistacampus.uandes.cl\/2024\/?p=790"},"modified":"2024-09-06T12:44:30","modified_gmt":"2024-09-06T15:44:30","slug":"clinica-uandes-firma-acuerdo-con-mass-general-brigham","status":"publish","type":"post","link":"https:\/\/revistacampus.uandes.cl\/2024\/clinica-uandes-firma-acuerdo-con-mass-general-brigham\/","title":{"rendered":"Cl\u00ednica UANDES firma acuerdo con Mass General Brigham"},"content":{"rendered":"\n<p class=\"has-background\" style=\"background-color:#e3e3e3\"><img decoding=\"async\" width=\"60\" height=\"60\" class=\"wp-image-402\" style=\"width: 60px;\" src=\"https:\/\/revistacampus.uandes.cl\/2024\/wp-content\/uploads\/2024\/08\/VE-POR-MAS.png\" alt=\"\" srcset=\"https:\/\/revistacampus.uandes.cl\/2024\/wp-content\/uploads\/2024\/08\/VE-POR-MAS.png 250w, https:\/\/revistacampus.uandes.cl\/2024\/wp-content\/uploads\/2024\/08\/VE-POR-MAS-150x150.png 150w\" sizes=\"(max-width: 60px) 100vw, 60px\" \/><br>El objetivo principal del convenio, el primero con un centro m\u00e9dico acad\u00e9mico de Am\u00e9rica Latina, es profundizar la excelencia en medicina y, en su primera etapa, tendr\u00e1 un enfoque en el tratamiento del c\u00e1ncer.<br><br>Por Lucas Bizzarri Lyon<\/p>\n\n\n\n<div style=\"height:35px\" aria-hidden=\"true\" class=\"wp-block-spacer\"><\/div>\n\n\n\n<p>La <strong><a href=\"https:\/\/www.clinicauandes.cl\/\" target=\"_blank\" rel=\"noreferrer noopener\">Cl\u00ednica Universidad de los Andes<\/a> firm\u00f3 un <a href=\"https:\/\/www.clinicauandes.cl\/seguros-convenios\/convenio-mass-general\" target=\"_blank\" rel=\"noreferrer noopener\">acuerdo de colaboraci\u00f3n<\/a> con <a href=\"https:\/\/www.massgeneralbrigham.org\/es\" target=\"_blank\" rel=\"noreferrer noopener\">Mass General Brigham<\/a><\/strong>, red de hospitales de la Facultad de Medicina de la <a href=\"https:\/\/www.harvard.edu\/\" target=\"_blank\" rel=\"noreferrer noopener\">Universidad de Harvard<\/a>, entre los cuales se encuentra el Massachusetts General Hospital, 5\u00b0 en el ranking de los mejores hospitales del mundo.<\/p>\n\n\n\n<p>El <strong><a href=\"https:\/\/www.massgeneral.org\/cancer-center\" target=\"_blank\" rel=\"noreferrer noopener\">Mass General Cancer Center<\/a> es uno de los centros oncol\u00f3gicos mejor clasificados en Estados Unidos<\/strong>, conocido por ser uno de los 53 centros reconocidos como <em>Centro Oncol\u00f3gico Integral<\/em> por el Instituto Nacional del C\u00e1ncer, contar con m\u00e1s de 500 especialistas, operar m\u00e1s de 30 centros y programas multidisciplinarios de enfermedades oncol\u00f3gicas y promover la innovaci\u00f3n y la investigaci\u00f3n del c\u00e1ncer, realizando cerca de 500 ensayos cl\u00ednicos anualmente, lo que ha llevado a la aprobaci\u00f3n de aproximadamente 25 medicamentos contra el c\u00e1ncer en la \u00faltima d\u00e9cada.<\/p>\n\n\n\n<div class=\"wp-block-columns is-layout-flex wp-container-core-columns-is-layout-9d6595d7 wp-block-columns-is-layout-flex\">\n<div class=\"wp-block-column is-layout-flow wp-block-column-is-layout-flow\" style=\"flex-basis:40%\">\n<figure class=\"wp-block-image size-large\"><img fetchpriority=\"high\" decoding=\"async\" width=\"1024\" height=\"682\" src=\"https:\/\/revistacampus.uandes.cl\/2024\/wp-content\/uploads\/2024\/08\/Convenio-Mass-General-1024x682.jpg\" alt=\"\" class=\"wp-image-799\" style=\"aspect-ratio:1;object-fit:cover\" srcset=\"https:\/\/revistacampus.uandes.cl\/2024\/wp-content\/uploads\/2024\/08\/Convenio-Mass-General-1024x682.jpg 1024w, https:\/\/revistacampus.uandes.cl\/2024\/wp-content\/uploads\/2024\/08\/Convenio-Mass-General-300x200.jpg 300w, https:\/\/revistacampus.uandes.cl\/2024\/wp-content\/uploads\/2024\/08\/Convenio-Mass-General-768x512.jpg 768w, https:\/\/revistacampus.uandes.cl\/2024\/wp-content\/uploads\/2024\/08\/Convenio-Mass-General-1536x1024.jpg 1536w, https:\/\/revistacampus.uandes.cl\/2024\/wp-content\/uploads\/2024\/08\/Convenio-Mass-General.jpg 2000w\" sizes=\"(max-width: 1024px) 100vw, 1024px\" \/><figcaption class=\"wp-element-caption\"><sub>Pablo Vald\u00e9s, director m\u00e9dico de Cl\u00ednica UANDES, y Marcela del Carmen, vicepresidenta ejecutiva de Mass General Brigham, oficializaron el convenio entre ambas instituciones.<\/sub><\/figcaption><\/figure>\n<\/div>\n\n\n\n<div class=\"wp-block-column is-layout-flow wp-block-column-is-layout-flow\" style=\"flex-basis:60%\">\n<p>La colaboraci\u00f3n entre ambas instituciones pretende establecer una <strong>relaci\u00f3n estrat\u00e9gica de largo plazo<\/strong> con un sistema de salud l\u00edder a nivel mundial para el desarrollo de nuevas \u00e1reas, mejora y optimizaci\u00f3n de servicios, capacitaci\u00f3n e innovaci\u00f3n en la Cl\u00ednica Universidad de los Andes, beneficiando as\u00ed a todo el pa\u00eds.<\/p>\n\n\n\n<p>\u201cComo cl\u00ednica universitaria, estamos comprometidos con brindar medicina de alta calidad, y tener una relaci\u00f3n regular con una instituci\u00f3n de salud de clase mundial es un est\u00edmulo, un apoyo para lo que hemos estado haciendo durante los \u00faltimos 10 a\u00f1os. Esta relaci\u00f3n les dar\u00e1 a nuestros pacientes la confianza de que lo que hacemos en la Cl\u00ednica est\u00e1 en l\u00ednea con las mejores pr\u00e1cticas de salud en el mundo\u201d, explica <strong><a href=\"https:\/\/www.clinicauandes.cl\/profesionales\/perfil\/dr-pablo-valdes-covarrubias\">Pablo Vald\u00e9s<\/a>, director m\u00e9dico de Cl\u00ednica UANDES<\/strong>.<\/p>\n<\/div>\n<\/div>\n\n\n\n<p>\u201cLa misi\u00f3n compartida en innovaci\u00f3n y excelencia en el cuidado de la salud une a Mass General Brigham y a Cl\u00ednica Universidad de los Andes para esta significativa colaboraci\u00f3n\u201d, afirma <strong><a href=\"https:\/\/connects.catalyst.harvard.edu\/Profiles\/display\/Person\/37037\" target=\"_blank\" rel=\"noreferrer noopener\">Raymond Liu<\/a>, MD, vicepresidente de asesor\u00eda global de Mass General Brigham<\/strong>. \u201cEsto marca el comienzo de nuestro viaje juntos, un viaje para compartir el conocimiento cl\u00ednico y las mejores pr\u00e1cticas, y para continuar avanzando en el mejor tratamiento para los pacientes de Cl\u00ednica Universidad de los Andes y m\u00e1s all\u00e1\u201d.<\/p>\n\n\n\n<p>Esta es la primera colaboraci\u00f3n de Mass General Brigham Global Advisory con una instituci\u00f3n en Am\u00e9rica Latina.<\/p>\n\n\n\n<div style=\"height:35px\" aria-hidden=\"true\" class=\"wp-block-spacer\"><\/div>\n\n\n\n<h2 class=\"wp-block-heading\">\u00bfPor qu\u00e9 Mass General Brigham?<\/h2>\n\n\n\n<p>Mass General Brigham es una organizaci\u00f3n sin fines de lucro dedicada a la atenci\u00f3n al paciente, investigaci\u00f3n, ense\u00f1anza y servicio comunitario. Es la <strong>instituci\u00f3n de investigaci\u00f3n hospitalaria m\u00e1s grande de Estados Unidos<\/strong>, con un presupuesto anual de investigaci\u00f3n que supera los US$2 mil millones.<\/p>\n\n\n\n<div class=\"wp-block-columns is-layout-flex wp-container-core-columns-is-layout-9d6595d7 wp-block-columns-is-layout-flex\">\n<div class=\"wp-block-column is-layout-flow wp-block-column-is-layout-flow\">\n<p>Su red incluye el <a href=\"https:\/\/www.brighamandwomens.org\/\" target=\"_blank\" rel=\"noreferrer noopener\">Brigham and Women\u2019s Hospital<\/a>, el <a href=\"https:\/\/www.massgeneral.org\/\" target=\"_blank\" rel=\"noreferrer noopener\">Massachusetts General Hospital<\/a> (MGH), as\u00ed como hospitales comunitarios y especializados, un plan de seguro m\u00e9dico, redes de m\u00e9dicos, centros de salud comunitarios, atenci\u00f3n domiciliaria y servicios de atenci\u00f3n a largo plazo.<\/p>\n\n\n\n<p>Durante esta colaboraci\u00f3n, los expertos cl\u00ednicos y de investigaci\u00f3n del Hospital General de Massachusetts, miembro fundador de Mass General Brigham y el hospital universitario original y m\u00e1s grande de la Facultad de Medicina de Harvard, <strong>compartir\u00e1n las mejores pr\u00e1cticas para apoyar a la Cl\u00ednica UANDES en la transformaci\u00f3n de la medicina, potenciar la educaci\u00f3n m\u00e9dica y la mejora de la calidad de la atenci\u00f3n para sus pacientes<\/strong>.<\/p>\n<\/div>\n\n\n\n<div class=\"wp-block-column is-layout-flow wp-block-column-is-layout-flow\">\n<figure class=\"wp-block-image size-large\"><img decoding=\"async\" width=\"1024\" height=\"682\" src=\"https:\/\/revistacampus.uandes.cl\/2024\/wp-content\/uploads\/2024\/08\/Ephraim-Hochberg-Mass-General-2-1024x682.jpg\" alt=\"\" class=\"wp-image-798\" style=\"aspect-ratio:16\/9;object-fit:cover\" srcset=\"https:\/\/revistacampus.uandes.cl\/2024\/wp-content\/uploads\/2024\/08\/Ephraim-Hochberg-Mass-General-2-1024x682.jpg 1024w, https:\/\/revistacampus.uandes.cl\/2024\/wp-content\/uploads\/2024\/08\/Ephraim-Hochberg-Mass-General-2-300x200.jpg 300w, https:\/\/revistacampus.uandes.cl\/2024\/wp-content\/uploads\/2024\/08\/Ephraim-Hochberg-Mass-General-2-768x512.jpg 768w, https:\/\/revistacampus.uandes.cl\/2024\/wp-content\/uploads\/2024\/08\/Ephraim-Hochberg-Mass-General-2-1536x1024.jpg 1536w, https:\/\/revistacampus.uandes.cl\/2024\/wp-content\/uploads\/2024\/08\/Ephraim-Hochberg-Mass-General-2.jpg 2000w\" sizes=\"(max-width: 1024px) 100vw, 1024px\" \/><figcaption class=\"wp-element-caption\"><sub>El subdirector del Centro de C\u00e1ncer de Mass General, Dr. <a href=\"https:\/\/researchers.mgh.harvard.edu\/profile\/20248\/Ephraim-Hochberg\" target=\"_blank\" rel=\"noreferrer noopener\">Ephraim Hochberg<\/a>, dict\u00f3 la clase magistral <em>The Future of Cancer<\/em> ante los profesionales de Cl\u00ednica UANDES, durante una visita a nuestro campus<\/sub>.<\/figcaption><\/figure>\n<\/div>\n<\/div>\n\n\n\n<div class=\"wp-block-columns is-layout-flex wp-container-core-columns-is-layout-9d6595d7 wp-block-columns-is-layout-flex\">\n<div class=\"wp-block-column is-layout-flow wp-block-column-is-layout-flow\" style=\"flex-basis:33.33%\"><div class=\"wp-block-image\">\n<figure class=\"aligncenter size-large\"><img loading=\"lazy\" decoding=\"async\" width=\"1024\" height=\"1024\" src=\"https:\/\/revistacampus.uandes.cl\/2024\/wp-content\/uploads\/2024\/08\/Clinica_UANDES_firma_acuerdo_con_Mass_General_Brigham__2-1024x1024.png\" alt=\"\" class=\"wp-image-806\" srcset=\"https:\/\/revistacampus.uandes.cl\/2024\/wp-content\/uploads\/2024\/08\/Clinica_UANDES_firma_acuerdo_con_Mass_General_Brigham__2-1024x1024.png 1024w, https:\/\/revistacampus.uandes.cl\/2024\/wp-content\/uploads\/2024\/08\/Clinica_UANDES_firma_acuerdo_con_Mass_General_Brigham__2-300x300.png 300w, https:\/\/revistacampus.uandes.cl\/2024\/wp-content\/uploads\/2024\/08\/Clinica_UANDES_firma_acuerdo_con_Mass_General_Brigham__2-150x150.png 150w, https:\/\/revistacampus.uandes.cl\/2024\/wp-content\/uploads\/2024\/08\/Clinica_UANDES_firma_acuerdo_con_Mass_General_Brigham__2-768x768.png 768w, https:\/\/revistacampus.uandes.cl\/2024\/wp-content\/uploads\/2024\/08\/Clinica_UANDES_firma_acuerdo_con_Mass_General_Brigham__2.png 1080w\" sizes=\"(max-width: 1024px) 100vw, 1024px\" \/><\/figure>\n<\/div>\n\n\n<p><img loading=\"lazy\" decoding=\"async\" width=\"50\" height=\"50\" class=\"wp-image-209\" style=\"width: 50px;\" src=\"https:\/\/revistacampus.uandes.cl\/2024\/wp-content\/uploads\/2024\/08\/comillas-4.png\" alt=\"\" srcset=\"https:\/\/revistacampus.uandes.cl\/2024\/wp-content\/uploads\/2024\/08\/comillas-4.png 360w, https:\/\/revistacampus.uandes.cl\/2024\/wp-content\/uploads\/2024\/08\/comillas-4-300x300.png 300w, https:\/\/revistacampus.uandes.cl\/2024\/wp-content\/uploads\/2024\/08\/comillas-4-150x150.png 150w\" sizes=\"(max-width: 50px) 100vw, 50px\" \/><br>\u201cNuestros especialistas del Centro de C\u00e1ncer mantienen contacto directo con expertos en el campo de la oncolog\u00eda en Mass General Brigham, lo que nos permite crear conexiones importantes en esta \u00e1rea, que redundan en una mejor atenci\u00f3n al paciente.\u201d <br><strong>Dr. Francisco L\u00f3pez, jefe del Centro de C\u00e1ncer de Cl\u00ednica UANDES<\/strong><\/p>\n<\/div>\n\n\n\n<div class=\"wp-block-column is-layout-flow wp-block-column-is-layout-flow\" style=\"flex-basis:66.66%\">\n<h2 class=\"wp-block-heading\">Ventajas de esta colaboraci\u00f3n para los pacientes<\/h2>\n\n\n\n<p>El objetivo principal es desarrollar a\u00fan m\u00e1s la excelencia en medicina. La fase inicial comenz\u00f3 con el trabajo con expertos del Mass General Cancer Center sobre el desarrollo y la educaci\u00f3n en el servicio del c\u00e1ncer.<\/p>\n\n\n\n<p>\u201cGracias a este convenio, <strong>nuestros especialistas del <a href=\"https:\/\/www.clinicauandes.cl\/centros-y-programas\/centro-de-cancer\" target=\"_blank\" rel=\"noreferrer noopener\">Centro de C\u00e1ncer<\/a> mantienen contacto directo con expertos en el campo de la oncolog\u00eda en Mass General Brigham<\/strong>, lo que nos permite crear conexiones importantes en esta \u00e1rea, que redundan en una mejor atenci\u00f3n al paciente\u201d, afirma el <strong>Dr. <a href=\"https:\/\/www.clinicauandes.cl\/profesionales\/perfil\/dr-francisco-lopez-kostner\" target=\"_blank\" rel=\"noreferrer noopener\">Francisco L\u00f3pez<\/a>, jefe del Centro de C\u00e1ncer de Cl\u00ednica UANDES<\/strong>. Nuestros pacientes \u201ctendr\u00e1n la garant\u00eda de que los est\u00e1ndares de seguridad y calidad se est\u00e1n alineando con los est\u00e1ndares internacionales m\u00e1s exigentes\u201d, agrega el Dr. Pablo Vald\u00e9s.<\/p>\n\n\n\n<p>En este marco, el a\u00f1o inici\u00f3 con la visita al MGH de la enfermera Teresa Loyola y de Daniela Far\u00edas, enfermera jefe del Centro de C\u00e1ncer, para conocer buenas pr\u00e1cticas en salud, seguridad y calidad de atenci\u00f3n al paciente oncol\u00f3gico. Los doctores Cristi\u00e1n Carvallo y Francisco L\u00f3pez Kostner, m\u00e9dico jefe del Centro, realizaron una estad\u00eda para conocer al equipo de oncolog\u00eda del MGH, y el cirujano Felipe Quezada estuvo en una rotaci\u00f3n en el servicio de cirug\u00eda colorrectal, en contacto con unidades de investigaci\u00f3n para establecer lazos y generar proyectos conjuntos. <img loading=\"lazy\" decoding=\"async\" width=\"15\" height=\"15\" class=\"wp-image-402\" style=\"width: 15px;\" src=\"https:\/\/revistacampus.uandes.cl\/2024\/wp-content\/uploads\/2024\/08\/VE-POR-MAS.png\" alt=\"\" srcset=\"https:\/\/revistacampus.uandes.cl\/2024\/wp-content\/uploads\/2024\/08\/VE-POR-MAS.png 250w, https:\/\/revistacampus.uandes.cl\/2024\/wp-content\/uploads\/2024\/08\/VE-POR-MAS-150x150.png 150w\" sizes=\"(max-width: 15px) 100vw, 15px\" \/><\/p>\n<\/div>\n<\/div>\n\n\n\n<div class=\"wp-block-cover is-light has-custom-content-position is-position-top-left\"><span aria-hidden=\"true\" class=\"wp-block-cover__background has-background-dim-0 has-background-dim\" style=\"background-color:#798494\"><\/span><img loading=\"lazy\" decoding=\"async\" width=\"1280\" height=\"548\" class=\"wp-block-cover__image-background wp-image-1085\" alt=\"\" src=\"https:\/\/revistacampus.uandes.cl\/2024\/wp-content\/uploads\/2024\/08\/mass_clinica.jpg\" data-object-fit=\"cover\" srcset=\"https:\/\/revistacampus.uandes.cl\/2024\/wp-content\/uploads\/2024\/08\/mass_clinica.jpg 1280w, https:\/\/revistacampus.uandes.cl\/2024\/wp-content\/uploads\/2024\/08\/mass_clinica-300x128.jpg 300w, https:\/\/revistacampus.uandes.cl\/2024\/wp-content\/uploads\/2024\/08\/mass_clinica-1024x438.jpg 1024w, https:\/\/revistacampus.uandes.cl\/2024\/wp-content\/uploads\/2024\/08\/mass_clinica-768x329.jpg 768w\" sizes=\"(max-width: 1280px) 100vw, 1280px\" \/><div class=\"wp-block-cover__inner-container is-layout-flow wp-block-cover-is-layout-flow\">\n<p class=\"has-text-align-center has-white-color has-text-color has-link-color has-small-font-size wp-elements-3e7f050c8d8c59c7a8072159ebf6e12a\"><sub>Massachusetts General Hospital, Estados Unidos.<\/sub><\/p>\n<\/div><\/div>\n\n\n\n<p class=\"has-text-align-right\"><sup>Cl\u00ednica Universidad de los Andes<\/sup><\/p>\n\n\n\n<figure class=\"wp-block-embed is-type-video is-provider-youtube wp-block-embed-youtube wp-embed-aspect-16-9 wp-has-aspect-ratio\"><div class=\"wp-block-embed__wrapper\">\n<iframe title=\"Acuerdo de colaboraci\u00f3n con Mass General Brigham\" width=\"800\" height=\"450\" src=\"https:\/\/www.youtube.com\/embed\/xV-jvExkt90?start=39&#038;feature=oembed\" frameborder=\"0\" allow=\"accelerometer; autoplay; clipboard-write; encrypted-media; gyroscope; picture-in-picture; web-share\" referrerpolicy=\"strict-origin-when-cross-origin\" allowfullscreen><\/iframe>\n<\/div><\/figure>\n","protected":false},"excerpt":{"rendered":"<p>El objetivo principal del convenio, el primero con un centro m\u00e9dico acad\u00e9mico de Am\u00e9rica Latina, es profundizar la excelencia en medicina y, en su primera etapa, tendr\u00e1 un enfoque en el tratamiento del c\u00e1ncer. Por Lucas Bizzarri Lyon La Cl\u00ednica Universidad de los Andes firm\u00f3 un acuerdo de colaboraci\u00f3n con Mass General Brigham, red de [&hellip;]<\/p>\n","protected":false},"author":1,"featured_media":1082,"comment_status":"open","ping_status":"open","sticky":false,"template":"","format":"standard","meta":{"footnotes":""},"categories":[6,38,1],"tags":[],"class_list":["post-790","post","type-post","status-publish","format-standard","has-post-thumbnail","hentry","category-pais","category-salud","category-sin-categoria"],"_links":{"self":[{"href":"https:\/\/revistacampus.uandes.cl\/2024\/wp-json\/wp\/v2\/posts\/790","targetHints":{"allow":["GET"]}}],"collection":[{"href":"https:\/\/revistacampus.uandes.cl\/2024\/wp-json\/wp\/v2\/posts"}],"about":[{"href":"https:\/\/revistacampus.uandes.cl\/2024\/wp-json\/wp\/v2\/types\/post"}],"author":[{"embeddable":true,"href":"https:\/\/revistacampus.uandes.cl\/2024\/wp-json\/wp\/v2\/users\/1"}],"replies":[{"embeddable":true,"href":"https:\/\/revistacampus.uandes.cl\/2024\/wp-json\/wp\/v2\/comments?post=790"}],"version-history":[{"count":20,"href":"https:\/\/revistacampus.uandes.cl\/2024\/wp-json\/wp\/v2\/posts\/790\/revisions"}],"predecessor-version":[{"id":1556,"href":"https:\/\/revistacampus.uandes.cl\/2024\/wp-json\/wp\/v2\/posts\/790\/revisions\/1556"}],"wp:featuredmedia":[{"embeddable":true,"href":"https:\/\/revistacampus.uandes.cl\/2024\/wp-json\/wp\/v2\/media\/1082"}],"wp:attachment":[{"href":"https:\/\/revistacampus.uandes.cl\/2024\/wp-json\/wp\/v2\/media?parent=790"}],"wp:term":[{"taxonomy":"category","embeddable":true,"href":"https:\/\/revistacampus.uandes.cl\/2024\/wp-json\/wp\/v2\/categories?post=790"},{"taxonomy":"post_tag","embeddable":true,"href":"https:\/\/revistacampus.uandes.cl\/2024\/wp-json\/wp\/v2\/tags?post=790"}],"curies":[{"name":"wp","href":"https:\/\/api.w.org\/{rel}","templated":true}]}}