{"id":757,"date":"2024-09-05T01:38:17","date_gmt":"2024-09-05T04:38:17","guid":{"rendered":"https:\/\/revistacampus.uandes.cl\/2024\/?p=757"},"modified":"2024-09-06T11:26:57","modified_gmt":"2024-09-06T14:26:57","slug":"un-vistazo-a-los-estudios-de-percepcion-publica","status":"publish","type":"post","link":"https:\/\/revistacampus.uandes.cl\/2024\/un-vistazo-a-los-estudios-de-percepcion-publica\/","title":{"rendered":"Un vistazo a los estudios de percepci\u00f3n p\u00fablica"},"content":{"rendered":"\n<p class=\"has-background\" style=\"background-color:#e3e3e3\"><img decoding=\"async\" width=\"60\" height=\"60\" class=\"wp-image-402\" style=\"width: 60px;\" src=\"https:\/\/revistacampus.uandes.cl\/2024\/wp-content\/uploads\/2024\/08\/VE-POR-MAS.png\" alt=\"\" srcset=\"https:\/\/revistacampus.uandes.cl\/2024\/wp-content\/uploads\/2024\/08\/VE-POR-MAS.png 250w, https:\/\/revistacampus.uandes.cl\/2024\/wp-content\/uploads\/2024\/08\/VE-POR-MAS-150x150.png 150w\" sizes=\"(max-width: 60px) 100vw, 60px\" \/><br><strong>Desde la importancia de la familia hasta la salud menta<\/strong>l, exploramos con m\u00e1s de 15 estudios publicados lo que piensa una muestra representativa del pa\u00eds con respecto a temas de contingencia nacional y de especial inter\u00e9s para nuestra Universidad.<br><br>Por Marisol Grisanti Guadaroli<\/p>\n\n\n\n<div style=\"height:45px\" aria-hidden=\"true\" class=\"wp-block-spacer\"><\/div>\n\n\n\n<div class=\"wp-block-columns is-layout-flex wp-container-core-columns-is-layout-9d6595d7 wp-block-columns-is-layout-flex\">\n<div class=\"wp-block-column is-layout-flow wp-block-column-is-layout-flow\">\n<p>La <strong><a href=\"https:\/\/www.uandes.cl\/\" target=\"_blank\" rel=\"noreferrer noopener\">Universidad de los Andes <\/a><\/strong>ha desarrollado una <strong>radiograf\u00eda de lo que piensan los chilenos <\/strong>en temas que van desde la familia hasta el bienestar, pasando por el transporte p\u00fablico, la inteligencia artificial y las pensiones, gracias al <strong>proyecto de estudios de opini\u00f3n p\u00fablica<\/strong> iniciado en mayo de 2023. <strong>Coordinado por la <a href=\"https:\/\/www.uandes.cl\/comunicaciones-uandes\/direccion-de-comunicaciones\/\" target=\"_blank\" rel=\"noreferrer noopener\">Direcci\u00f3n de Comunicaciones<\/a>, 140 medios de prensa <\/strong>a lo largo y ancho del pa\u00eds han abierto la discusi\u00f3n ciudadana sobre una docena de temas prioritarios para la academia, a trav\u00e9s de <strong>293 publicaciones period\u00edsticas hasta julio de 2024<\/strong>. Los profesores e investigadores han podido informar, educar, ampliar los puntos de <br><\/p>\n<\/div>\n\n\n\n<div class=\"wp-block-column is-layout-flow wp-block-column-is-layout-flow\">\n<p>vista, derribar mitos y conversar con la opini\u00f3n p\u00fablica en este espacio de encuentro, donde se conectan la investigaci\u00f3n cient\u00edfica y la ciudadan\u00eda. <strong>Todos los d\u00edas, la investigaci\u00f3n universitaria genera nuevo conocimiento para seguir avanzando en el desarrollo de las ciencias<\/strong>, mediante <em>papers <\/em>que abren el debate de la comunidad cient\u00edfica. Entonces, los medios de comunicaci\u00f3n y las redes sociales se transforman en el veh\u00edculo para levantar puntos de vista novedosos e instalar nuevos temas de conversaci\u00f3n en la contingencia nacional, temas relevantes que podr\u00edan pasar desapercibidos si nadie los prioriza.<\/p>\n<\/div>\n<\/div>\n\n\n\n<div class=\"wp-block-columns is-layout-flex wp-container-core-columns-is-layout-9d6595d7 wp-block-columns-is-layout-flex\">\n<div class=\"wp-block-column is-layout-flow wp-block-column-is-layout-flow\" style=\"flex-basis:15%\"><\/div>\n\n\n\n<div class=\"wp-block-column is-layout-flow wp-block-column-is-layout-flow\" style=\"flex-basis:70%\">\n<p class=\"has-text-align-center\"><img decoding=\"async\" width=\"40\" height=\"40\" class=\"wp-image-402\" style=\"width: 40px;\" src=\"https:\/\/revistacampus.uandes.cl\/2024\/wp-content\/uploads\/2024\/08\/VE-POR-MAS.png\" alt=\"\" srcset=\"https:\/\/revistacampus.uandes.cl\/2024\/wp-content\/uploads\/2024\/08\/VE-POR-MAS.png 250w, https:\/\/revistacampus.uandes.cl\/2024\/wp-content\/uploads\/2024\/08\/VE-POR-MAS-150x150.png 150w\" sizes=\"(max-width: 40px) 100vw, 40px\" \/><br>En 15 meses, m\u00e1s de 20 mil chilenos han dado su opini\u00f3n sobre temas como transporte p\u00fablico, alimentaci\u00f3n, salud bucal, reforma previsional, salud mental postpandemia, tristeza y estr\u00e9s, ni\u00f1os con problemas de aprendizaje, funcionamiento de los estudios cl\u00ednicos, valoraci\u00f3n del trabajo, importancia del padre en la crianza de los hijos y vacunas.<br><br><\/p>\n<\/div>\n\n\n\n<div class=\"wp-block-column is-layout-flow wp-block-column-is-layout-flow\" style=\"flex-basis:15%\"><\/div>\n<\/div>\n\n\n\n<div style=\"height:45px\" aria-hidden=\"true\" class=\"wp-block-spacer\"><\/div>\n\n\n\n<div class=\"wp-block-columns is-layout-flex wp-container-core-columns-is-layout-9d6595d7 wp-block-columns-is-layout-flex\">\n<div class=\"wp-block-column is-layout-flow wp-block-column-is-layout-flow\">\n<p class=\"has-white-color has-text-color has-background has-link-color has-small-font-size wp-elements-5ec8ea4d90a6818a5386cf376152caad\" style=\"background-color:#e10e17\"><strong>Las unidades acad\u00e9micas trabajan junto al equipo de Comunicaciones para coordinar las encuestas con TuInfluyes.com.<\/strong><\/p>\n\n\n\n<figure class=\"wp-block-image size-large is-resized\"><img fetchpriority=\"high\" decoding=\"async\" width=\"1024\" height=\"708\" src=\"https:\/\/revistacampus.uandes.cl\/2024\/wp-content\/uploads\/2024\/08\/trsite-1024x708.jpg\" alt=\"\" class=\"wp-image-770\" style=\"width:447px;height:auto\" srcset=\"https:\/\/revistacampus.uandes.cl\/2024\/wp-content\/uploads\/2024\/08\/trsite-1024x708.jpg 1024w, https:\/\/revistacampus.uandes.cl\/2024\/wp-content\/uploads\/2024\/08\/trsite-300x207.jpg 300w, https:\/\/revistacampus.uandes.cl\/2024\/wp-content\/uploads\/2024\/08\/trsite-768x531.jpg 768w, https:\/\/revistacampus.uandes.cl\/2024\/wp-content\/uploads\/2024\/08\/trsite-1536x1061.jpg 1536w, https:\/\/revistacampus.uandes.cl\/2024\/wp-content\/uploads\/2024\/08\/trsite.jpg 2000w\" sizes=\"(max-width: 1024px) 100vw, 1024px\" \/><\/figure>\n\n\n\n<h2 class=\"wp-block-heading\">Punto de encuentro<\/h2>\n\n\n\n<p>Los estudios de opini\u00f3n facilitan la escucha y el encuentro intelectual entre la academia y la sociedad. Por un lado, la metodolog\u00eda plantea las preguntas que los profesores levantan a ra\u00edz de sus avances cient\u00edficos y experiencia acad\u00e9mica y, por el otro, sondea las respuestas de 1.400 hombres y mujeres mayores de 18 a\u00f1os, de Arica a Punta Arenas y de los cinco grupos socioecon\u00f3micos (GSE), lo que garantiza que todas las voces sean escuchadas. Luego, los mismos acad\u00e9micos pueden orientar a la ciudadan\u00eda con conocimiento basado en evidencia en temas tan cotidianos y relevantes como la salud bucal, la buena alimentaci\u00f3n, la calidad del transporte p\u00fablico, la corresponsabilidad familiar, el valor del trabajo y la salud mental.<\/p>\n\n\n\n<p>Los voceros <strong>UANDES <\/strong>entrevistados para estas noticias han aportado con su conocimiento y opini\u00f3n en diversos medios nacionales e internacionales. Es el caso del <strong><a href=\"https:\/\/gda.com\/detalle-de-la-noticia\/?article=5238327\" target=\"_blank\" rel=\"noreferrer noopener\">Grupo de Diarios de Am\u00e9rica<\/a><\/strong>, que re\u00fane a los 12 diarios m\u00e1s relevantes del continente, y que public\u00f3 el <strong><a href=\"https:\/\/map.conectamedia.cl\/index.php\/clippingNews\/view?id=36973112&amp;email=396338&amp;fromemail=1\" target=\"_blank\" rel=\"noreferrer noopener\">estudio sobre la tristeza de las personas<\/a><\/strong>. Y del sitio web <strong><a href=\"https:\/\/news.eseuro.com\/noticias\/1672344.html\" target=\"_blank\" rel=\"noreferrer noopener\">news.eseuro.com<\/a><\/strong> -que traduce sus noticias al ingl\u00e9s, franc\u00e9s, italiano, alem\u00e1n y espa\u00f1ol- y que divulg\u00f3 el <strong><a href=\"https:\/\/map.conectamedia.cl\/index.php\/clippingNews\/view?id=32061250&amp;email=342919&amp;fromemail=1\" target=\"_blank\" rel=\"noreferrer noopener\">estudio sobre la familia chilena.<\/a><\/strong><\/p>\n<\/div>\n\n\n\n<div class=\"wp-block-column is-layout-flow wp-block-column-is-layout-flow\">\n<h2 class=\"wp-block-heading has-text-align-center\">La opini\u00f3n de los chilenos<\/h2>\n\n\n\n<div style=\"height:25px\" aria-hidden=\"true\" class=\"wp-block-spacer\"><\/div>\n\n\n\n<p class=\"has-text-align-center has-x-large-font-size\"><strong><mark style=\"background-color:rgba(0, 0, 0, 0);color:#737373\" class=\"has-inline-color\">88% <\/mark><\/strong><\/p>\n\n\n\n<p class=\"has-text-align-center has-small-font-size\"><em>afirma que una deficiente calidad del transporte p\u00fablico es un maltrato a la dignidad de los usuarios.<\/em><\/p>\n\n\n\n<div style=\"height:15px\" aria-hidden=\"true\" class=\"wp-block-spacer\"><\/div>\n\n\n\n<p class=\"has-text-align-center has-x-large-font-size\"><strong><mark style=\"background-color:rgba(0, 0, 0, 0);color:#737373\" class=\"has-inline-color\">62% <\/mark><\/strong><\/p>\n\n\n\n<p class=\"has-text-align-center has-small-font-size\"><em>considera que su salud bucal es regular, mala o muy mala<\/em><\/p>\n\n\n\n<div style=\"height:15px\" aria-hidden=\"true\" class=\"wp-block-spacer\"><\/div>\n\n\n\n<p class=\"has-text-align-center has-x-large-font-size\"><strong><mark style=\"background-color:rgba(0, 0, 0, 0);color:#737373\" class=\"has-inline-color\">86% <\/mark><\/strong><\/p>\n\n\n\n<p class=\"has-text-align-center has-small-font-size\">no cumple con las recomendaciones b\u00e1sicas de una buena <br>alimentaci\u00f3n<\/p>\n\n\n\n<p class=\"has-text-align-center has-small-font-size\"><\/p>\n\n\n\n<div style=\"height:15px\" aria-hidden=\"true\" class=\"wp-block-spacer\"><\/div>\n\n\n\n<p class=\"has-text-align-center has-x-large-font-size\"><strong><mark style=\"background-color:rgba(0, 0, 0, 0);color:#737373\" class=\"has-inline-color\">61% <\/mark><\/strong><\/p>\n\n\n\n<p class=\"has-text-align-center has-small-font-size\"><em>cree que la familia es la instituaci\u00f3n m\u00e1s valorada<\/em><\/p>\n\n\n\n<div style=\"height:15px\" aria-hidden=\"true\" class=\"wp-block-spacer\"><\/div>\n\n\n\n<p class=\"has-text-align-center has-x-large-font-size\"><strong><mark style=\"background-color:rgba(0, 0, 0, 0);color:#737373\" class=\"has-inline-color\">30%<\/mark><\/strong><\/p>\n\n\n\n<p class=\"has-text-align-center has-small-font-size\"><em>se siente poco o nada valorado como persona en su lugar de trabajo<\/em><\/p>\n\n\n\n<div style=\"height:15px\" aria-hidden=\"true\" class=\"wp-block-spacer\"><\/div>\n\n\n\n<p class=\"has-text-align-center has-x-large-font-size\"><strong><mark style=\"background-color:rgba(0, 0, 0, 0);color:#737373\" class=\"has-inline-color\">86%<\/mark><\/strong><\/p>\n\n\n\n<p class=\"has-text-align-center has-small-font-size\"><em>heredar\u00eda todos sus fondos de pensiones a su familia <\/em><\/p>\n\n\n\n<div style=\"height:15px\" aria-hidden=\"true\" class=\"wp-block-spacer\"><\/div>\n\n\n\n<p class=\"has-text-align-center has-x-large-font-size\"><strong><mark style=\"background-color:rgba(0, 0, 0, 0);color:#737373\" class=\"has-inline-color\">80%<\/mark><\/strong><\/p>\n\n\n\n<p class=\"has-text-align-center has-small-font-size\"><em>Sostiene que los efectos de la pandemia en ni\u00f1os, ni\u00f1as y adolescentes tendr\u00e1n consecuencias negativas para su salud mental.<\/em><\/p>\n\n\n\n<div style=\"height:15px\" aria-hidden=\"true\" class=\"wp-block-spacer\"><\/div>\n\n\n\n<p class=\"has-text-align-center has-x-large-font-size\"><strong><mark style=\"background-color:rgba(0, 0, 0, 0);color:#737373\" class=\"has-inline-color\">42%<\/mark><\/strong><\/p>\n\n\n\n<p class=\"has-text-align-center has-small-font-size\">declara tener un hijo con problemas de aprendizaje en un establecimiento educacional<\/p>\n\n\n\n<div style=\"height:15px\" aria-hidden=\"true\" class=\"wp-block-spacer\"><\/div>\n\n\n\n<p class=\"has-text-align-center has-x-large-font-size\"><strong><mark style=\"background-color:rgba(0, 0, 0, 0);color:#737373\" class=\"has-inline-color\">30%<\/mark><\/strong><\/p>\n\n\n\n<p class=\"has-text-align-center has-small-font-size\">participar\u00eda en estudios cl\u00ednicos para desarrollar nuevos tratamientos m\u00e9dicos<\/p>\n\n\n\n<div style=\"height:15px\" aria-hidden=\"true\" class=\"wp-block-spacer\"><\/div>\n\n\n\n<p class=\"has-text-align-center has-x-large-font-size\"><strong><mark style=\"background-color:rgba(0, 0, 0, 0);color:#737373\" class=\"has-inline-color\">45%<\/mark><\/strong><\/p>\n\n\n\n<p class=\"has-text-align-center has-small-font-size\">usa herramientas con Inteligencia Artificial (IA) en trabajo o estudio<\/p>\n\n\n\n<p class=\"has-text-align-center has-small-font-size\"><\/p>\n<\/div>\n<\/div>\n\n\n\n<h2 class=\"wp-block-heading\">La importancia de la familia<\/h2>\n\n\n\n<p>El primer estudio de opini\u00f3n que se realiz\u00f3 a trav\u00e9s de este proyecto indag\u00f3 sobre la <strong>relevancia del n\u00facleo familiar en nuestro pa\u00eds<\/strong>, junto a los profesionales del <strong><a href=\"https:\/\/www.uandes.cl\/icf\/\" target=\"_blank\" rel=\"noreferrer noopener\">Instituto de Ciencias de la Familia (ICF)<\/a><\/strong>. El an\u00e1lisis de las respuestas de 1.321 personas constat\u00f3 que <strong>la familia es la instituci\u00f3n m\u00e1s valorada por los chilenos en tiempos de crisis.<\/strong> Esta noticia fue publicada en m\u00e1s de 30 medios de comunicaci\u00f3n, entre ellos, <strong><a href=\"https:\/\/map.conectamedia.cl\/index.php\/clippingNews\/view?id=32061250&amp;email=342919&amp;fromemail=1\" target=\"_blank\" rel=\"noreferrer noopener\">El Mercurio<\/a><\/strong>, <strong><a href=\"https:\/\/map.conectamedia.cl\/index.php\/clippingNews\/view?id=32179373&amp;email=344686&amp;fromemail=1\" target=\"_blank\" rel=\"noreferrer noopener\">La Tercera<\/a><\/strong>, <strong><a href=\"https:\/\/map.conectamedia.cl\/index.php\/clippingNews\/view?id=32217971&amp;email=344686&amp;fromemail=1\" target=\"_blank\" rel=\"noreferrer noopener\">El Mercurio de Valpara\u00edso<\/a><\/strong>,<strong><a href=\"https:\/\/map.conectamedia.cl\/index.php\/clippingNews\/view?id=32544370&amp;email=348520&amp;fromemail=1\" target=\"_blank\" rel=\"noreferrer noopener\"> radio El Conquistador<\/a><\/strong>, <strong><a href=\"https:\/\/www.instagram.com\/p\/CuX_LHzsiPJ\/?igshid=MTIzZWMxMTBkOA%3D%3D\" target=\"_blank\" rel=\"noreferrer noopener\">revista Paula <\/a><\/strong>y <strong><a href=\"https:\/\/map.conectamedia.cl\/index.php\/clippingNews\/view?id=32991076&amp;email=353389&amp;fromemail=1\" target=\"_blank\" rel=\"noreferrer noopener\">La Estrella de Chilo\u00e9.<\/a><\/strong><\/p>\n\n\n\n<div class=\"wp-block-columns is-layout-flex wp-container-core-columns-is-layout-9d6595d7 wp-block-columns-is-layout-flex\">\n<div class=\"wp-block-column is-layout-flow wp-block-column-is-layout-flow\" style=\"flex-basis:50%\">\n<p class=\"has-small-font-size\">El Mercurio<\/p>\n\n\n\n<figure class=\"wp-block-image size-large\"><img loading=\"lazy\" decoding=\"async\" width=\"1024\" height=\"748\" src=\"https:\/\/revistacampus.uandes.cl\/2024\/wp-content\/uploads\/2024\/08\/Mercurio-1024x748.jpg\" alt=\"\" class=\"wp-image-784\" srcset=\"https:\/\/revistacampus.uandes.cl\/2024\/wp-content\/uploads\/2024\/08\/Mercurio-1024x748.jpg 1024w, https:\/\/revistacampus.uandes.cl\/2024\/wp-content\/uploads\/2024\/08\/Mercurio-300x219.jpg 300w, https:\/\/revistacampus.uandes.cl\/2024\/wp-content\/uploads\/2024\/08\/Mercurio-768x561.jpg 768w, https:\/\/revistacampus.uandes.cl\/2024\/wp-content\/uploads\/2024\/08\/Mercurio-1536x1121.jpg 1536w, https:\/\/revistacampus.uandes.cl\/2024\/wp-content\/uploads\/2024\/08\/Mercurio.jpg 2000w\" sizes=\"(max-width: 1024px) 100vw, 1024px\" \/><figcaption class=\"wp-element-caption\"><sub>El primer estudio de opini\u00f3n que se realiz\u00f3 a trav\u00e9s de este proyecto indag\u00f3 sobre la relevancia del n\u00facleo familiar en nuestro pa\u00eds, junto a los profesionales del Instituto de Ciencias de la Familia (ICF).<\/sub><\/figcaption><\/figure>\n<\/div>\n\n\n\n<div class=\"wp-block-column is-layout-flow wp-block-column-is-layout-flow\" style=\"flex-basis:50%\">\n<p>Ante la pregunta \u00bfa qui\u00e9n de su familia le pedir\u00eda ayuda en primer lugar ante una crisis?, el sondeo destac\u00f3 la figura de la madre (49%) entre los j\u00f3venes de 18 y 34 a\u00f1os, mientras que los mayores de 55 a\u00f1os eligieron a sus hijos (28%) y hermanos (23%). 61% de los chilenos se\u00f1ala que la familia directa es su principal apoyo y contenci\u00f3n ante problemas emocionales y econ\u00f3micos y 72% asegura que confiar\u00eda, en primer lugar, el cuidado de sus hijos a su familia directa.<\/p>\n\n\n\n<p>\u201cLos resultados del estudio muestran que <strong>la figura materna sigue siendo el principal puntal de la familia en todos los grupos socioecon\u00f3micos. Se puede visualizar la valoraci\u00f3n de la maternidad en la sociedad con estos resultados y presenta el desaf\u00edo de fomentar la corresponsabilidad parental<\/strong>\u201d, detall\u00f3 a la prensa Jimena Valenzuela, directora del <strong><a href=\"https:\/\/www.uandes.cl\/icf\/\" target=\"_blank\" rel=\"noreferrer noopener\">ICF<\/a><\/strong>.<\/p>\n<\/div>\n<\/div>\n\n\n\n<h2 class=\"wp-block-heading\">Los chilenos postpandemia<\/h2>\n\n\n\n<p>Uno de los estudios con mayor impacto abord\u00f3 la<strong> salud mental de los chilenos postpandemia<\/strong>. La encuesta, realizada junto con la <strong><a href=\"https:\/\/www.uandes.cl\/facultad\/escuela-de-psicologia\/\" target=\"_blank\" rel=\"noreferrer noopener\">Escuela de Psicolog\u00eda<\/a><\/strong>, gener\u00f3 gran inter\u00e9s en prensa, televisi\u00f3n, radio, web y redes sociales, alcanzando m\u00e1s de 70 publicaciones en medios como <strong><a href=\"https:\/\/map.conectamedia.cl\/index.php\/clippingNews\/view?id=36973112&amp;email=396338&amp;fromemail=1\" target=\"_blank\" rel=\"noreferrer noopener\">El Mercurio<\/a><\/strong>, <strong><a href=\"https:\/\/app.conectamedia.cl\/alert\/7314766\" target=\"_blank\" rel=\"noreferrer noopener\">La Tercera<\/a><\/strong>, <strong><a href=\"https:\/\/map.conectamedia.cl\/index.php\/clippingNews\/view?id=37019672&amp;email=397037&amp;fromemail=1\" target=\"_blank\" rel=\"noreferrer noopener\">24H<\/a><\/strong>, <strong><a href=\"https:\/\/app.conectamedia.cl\/alert\/7279908\" target=\"_blank\" rel=\"noreferrer noopener\">radio T13<\/a><\/strong>, <strong><a href=\"https:\/\/map.conectamedia.cl\/index.php\/clippingNews\/view?id=37014041&amp;email=397037&amp;fromemail=1\" target=\"_blank\" rel=\"noreferrer noopener\">radios Infinita<\/a><\/strong>,<strong><a href=\"https:\/\/map.conectamedia.cl\/index.php\/clippingNews\/view?id=37024649&amp;email=397037&amp;fromemail=1\" target=\"_blank\" rel=\"noreferrer noopener\"> Pauta<\/a><\/strong>, <strong><a href=\"https:\/\/app.conectamedia.cl\/alert\/7276681\" target=\"_blank\" rel=\"noreferrer noopener\">Duna <\/a><\/strong>y <strong><a href=\"https:\/\/app.conectamedia.cl\/alert\/7275987\" target=\"_blank\" rel=\"noreferrer noopener\">Biob\u00edo<\/a><\/strong>, <strong><a href=\"https:\/\/www.chvnoticias.cl\/tendencias\/estudio-psicologia-chilenos-tristeza-salud-mental-universidad-los-andes_20231221\/?amp=1\" target=\"_blank\" rel=\"noreferrer noopener\">chilevision.cl<\/a><\/strong>, medios regionales y redes sociales.<\/p>\n\n\n\n<p>Tras consultar la opini\u00f3n de 1.324 personas, el estudio determin\u00f3 que<strong> cuatro de cada diez chilenos declaran sentirse tristes la mayor parte del tiempo<\/strong>. Adem\u00e1s, 57% afirma que siempre, casi siempre o buena parte del tiempo se siente estresado. <strong>Fabi\u00e1n Barrera, psic\u00f3logo y acad\u00e9mico de la <a href=\"https:\/\/www.uandes.cl\/facultad\/escuela-de-psicologia\/\" target=\"_blank\" rel=\"noreferrer noopener\">Facultad de Ciencias Sociales<\/a><\/strong>, se\u00f1ala que \u201clamentablemente, en Chile la tristeza es incluso mayor en los sectores m\u00e1s vulnerables de la poblaci\u00f3n. Gran parte de este porcentaje se relaciona con los eventos estresantes que hemos experimentado como sociedad desde el estallido social y la pandemia. Pero tambi\u00e9n es importante pensar que una <strong>buena parte de la poblaci\u00f3n parece contar con insuficientes estrategias de afrontamiento de este tipo de emociones, por ejemplo, con pocas oportunidades para llevar estilos de vida saludable, o para conseguir apoyo social o profesional cuando experimenta tristeza en este grado<\/strong>\u201d.<img loading=\"lazy\" decoding=\"async\" width=\"15\" height=\"15\" class=\"wp-image-402\" style=\"width: 15px;\" src=\"https:\/\/revistacampus.uandes.cl\/2024\/wp-content\/uploads\/2024\/08\/VE-POR-MAS.png\" alt=\"\" srcset=\"https:\/\/revistacampus.uandes.cl\/2024\/wp-content\/uploads\/2024\/08\/VE-POR-MAS.png 250w, https:\/\/revistacampus.uandes.cl\/2024\/wp-content\/uploads\/2024\/08\/VE-POR-MAS-150x150.png 150w\" sizes=\"(max-width: 15px) 100vw, 15px\" \/><\/p>\n","protected":false},"excerpt":{"rendered":"<p>Desde la importancia de la familia hasta la salud mental, exploramos con m\u00e1s de 15 estudios publicados lo que piensa una muestra representativa del pa\u00eds con respecto a temas de contingencia nacional y de especial inter\u00e9s para nuestra Universidad. Por Marisol Grisanti Guadaroli La Universidad de los Andes ha desarrollado una radiograf\u00eda de lo que [&hellip;]<\/p>\n","protected":false},"author":1,"featured_media":767,"comment_status":"open","ping_status":"open","sticky":false,"template":"","format":"standard","meta":{"footnotes":""},"categories":[6,1],"tags":[22],"class_list":["post-757","post","type-post","status-publish","format-standard","has-post-thumbnail","hentry","category-pais","category-sin-categoria","tag-descifrando-la-opinion-chilena"],"_links":{"self":[{"href":"https:\/\/revistacampus.uandes.cl\/2024\/wp-json\/wp\/v2\/posts\/757","targetHints":{"allow":["GET"]}}],"collection":[{"href":"https:\/\/revistacampus.uandes.cl\/2024\/wp-json\/wp\/v2\/posts"}],"about":[{"href":"https:\/\/revistacampus.uandes.cl\/2024\/wp-json\/wp\/v2\/types\/post"}],"author":[{"embeddable":true,"href":"https:\/\/revistacampus.uandes.cl\/2024\/wp-json\/wp\/v2\/users\/1"}],"replies":[{"embeddable":true,"href":"https:\/\/revistacampus.uandes.cl\/2024\/wp-json\/wp\/v2\/comments?post=757"}],"version-history":[{"count":36,"href":"https:\/\/revistacampus.uandes.cl\/2024\/wp-json\/wp\/v2\/posts\/757\/revisions"}],"predecessor-version":[{"id":1825,"href":"https:\/\/revistacampus.uandes.cl\/2024\/wp-json\/wp\/v2\/posts\/757\/revisions\/1825"}],"wp:featuredmedia":[{"embeddable":true,"href":"https:\/\/revistacampus.uandes.cl\/2024\/wp-json\/wp\/v2\/media\/767"}],"wp:attachment":[{"href":"https:\/\/revistacampus.uandes.cl\/2024\/wp-json\/wp\/v2\/media?parent=757"}],"wp:term":[{"taxonomy":"category","embeddable":true,"href":"https:\/\/revistacampus.uandes.cl\/2024\/wp-json\/wp\/v2\/categories?post=757"},{"taxonomy":"post_tag","embeddable":true,"href":"https:\/\/revistacampus.uandes.cl\/2024\/wp-json\/wp\/v2\/tags?post=757"}],"curies":[{"name":"wp","href":"https:\/\/api.w.org\/{rel}","templated":true}]}}