{"id":741,"date":"2024-08-29T19:21:38","date_gmt":"2024-08-29T22:21:38","guid":{"rendered":"https:\/\/revistacampus.uandes.cl\/2024\/?p=741"},"modified":"2024-09-05T14:11:24","modified_gmt":"2024-09-05T17:11:24","slug":"profesores-para-ninos-con-necesidades-educativas-especiales","status":"publish","type":"post","link":"https:\/\/revistacampus.uandes.cl\/2024\/profesores-para-ninos-con-necesidades-educativas-especiales\/","title":{"rendered":"Profesores para ni\u00f1os con necesidades educativas especiales"},"content":{"rendered":"\n<p class=\"has-background\" style=\"background-color:#e3e3e3\"><img decoding=\"async\" width=\"60\" height=\"60\" class=\"wp-image-402\" style=\"width: 60px;\" src=\"https:\/\/revistacampus.uandes.cl\/2024\/wp-content\/uploads\/2024\/08\/VE-POR-MAS.png\" alt=\"\" srcset=\"https:\/\/revistacampus.uandes.cl\/2024\/wp-content\/uploads\/2024\/08\/VE-POR-MAS.png 250w, https:\/\/revistacampus.uandes.cl\/2024\/wp-content\/uploads\/2024\/08\/VE-POR-MAS-150x150.png 150w\" sizes=\"(max-width: 60px) 100vw, 60px\" \/><br>La nueva menci\u00f3n de Pedagog\u00eda B\u00e1sica \u201cInclusi\u00f3n Escolar para el Aprendizaje\u201d y el trabajo de Terapia Ocupacional en su Centro de Atenci\u00f3n Docente abordan la creciente exigencia social de profesores especialistas en dificultades del aprendizaje.<br><br>Por Florencia Moya Cid<\/p>\n\n\n\n<p>Seg\u00fan un estudio de la <strong><a href=\"https:\/\/www.uandes.cl\/facultad\/escuela-educacion\/\" target=\"_blank\" rel=\"noreferrer noopener\">Escuela de Educaci\u00f3n<\/a><\/strong>, un <a href=\"https:\/\/www.latercera.com\/que-pasa\/noticia\/casi-la-mitad-de-los-apoderados-dice-tener-un-hijo-con-una-necesidad-educativa-especial-esta-es-la-principal\/H6M6XABIMBFEBCE2QX53JOHYFU\/\" target=\"_blank\" rel=\"noreferrer noopener\">42% de los apoderados de ni\u00f1os en edad escolar en el pa\u00eds manifiesta tener un hijo con alguna necesidad educativa especial (NEE)<\/a>, siendo las m\u00e1s comunes el d\u00e9ficit atencional, trastorno del espectro autista (TEA) y las dificultades para el aprendizaje de la lectura y escritura. Por lo tanto, cuatro de cada diez familias tienen dificultades con la experiencia de aprendizaje de sus hijos. La Fundaci\u00f3n <strong><a href=\"https:\/\/accioneducar.cl\/\" target=\"_blank\" rel=\"noreferrer noopener\">Acci\u00f3n Educar<\/a><\/strong> a\u00f1ade que existe un alza en el n\u00famero de ni\u00f1os con necesidad educativa especial en establecimientos p\u00fablicos y subvencionados regulares, evidenciando que m\u00e1s del 60% de los alumnos compartir\u00eda clases con un estudiante con alguna necesidad educativa especial.<\/p>\n\n\n\n<p>Ante esta realidad, <a href=\"https:\/\/www.uandes.cl\/personas\/antonietta-ramaciotti-ferre\/\" target=\"_blank\" rel=\"noreferrer noopener\"><strong>Antonietta Ramaciotti<\/strong><\/a>, directora de la nueva menci\u00f3n Inclusi\u00f3n Escolar para el Aprendizaje de Pedagog\u00eda B\u00e1sica, advierte que hay dos situaciones importantes por enfrentar: \u201cSe hace indispensable que los nuevos profesores puedan responder a las demandas de aprendizaje de todos sus estudiantes, diversificando y haciendo ajustes a las planificaciones, las metodolog\u00edas y ofrezcan alternativas diversas de evaluaci\u00f3n. Y es imprescindible que cuenten con los conocimientos que les permitan comprender mejor las necesidades de sus estudiantes para realizar derivaciones de forma oportuna al especialista que corresponde\u201d.<\/p>\n\n\n\n<div class=\"wp-block-columns is-layout-flex wp-container-core-columns-is-layout-9d6595d7 wp-block-columns-is-layout-flex\">\n<div class=\"wp-block-column is-layout-flow wp-block-column-is-layout-flow\" style=\"flex-basis:50%\">\n<p>Las necesidades educativas especiales se definen como los requerimientos que tienen los estudiantes para seguir el curr\u00edculo tradicional, pero tambi\u00e9n est\u00e1n influenciadas por el contexto en el que se encuentran. \u201cHoy en d\u00eda esta es una definici\u00f3n m\u00e1s bien hol\u00edstica, ya que son ni\u00f1os que presentan una necesidad especial determinada, que se puede ver aumentada dependiendo de si el contexto responde o no a estas necesidades\u201d, explica la acad\u00e9mica.<\/p>\n<\/div>\n\n\n\n<div class=\"wp-block-column is-layout-flow wp-block-column-is-layout-flow\" style=\"flex-basis:50%\">\n<p class=\"has-text-align-center\"><img decoding=\"async\" width=\"50\" height=\"50\" class=\"wp-image-209\" style=\"width: 50px;\" src=\"https:\/\/revistacampus.uandes.cl\/2024\/wp-content\/uploads\/2024\/08\/comillas-4.png\" alt=\"\" srcset=\"https:\/\/revistacampus.uandes.cl\/2024\/wp-content\/uploads\/2024\/08\/comillas-4.png 360w, https:\/\/revistacampus.uandes.cl\/2024\/wp-content\/uploads\/2024\/08\/comillas-4-300x300.png 300w, https:\/\/revistacampus.uandes.cl\/2024\/wp-content\/uploads\/2024\/08\/comillas-4-150x150.png 150w\" sizes=\"(max-width: 50px) 100vw, 50px\" \/><br><em>\u201cSe hace indispensable que los nuevos profesores puedan responder a las demandas de aprendizaje de todos sus estudiantes, diversificando y haciendo ajustes a las planificaciones, las metodolog\u00edas y ofrezcan alternativas diversas de evaluaci\u00f3n.\u201d <\/em><br><strong>Antonietta Ramaciotti, directora de la menci\u00f3n Inclusi\u00f3n Escolar, de Pedagog\u00eda B\u00e1sica<\/strong><\/p>\n<\/div>\n<\/div>\n\n\n\n<h2 class=\"wp-block-heading\">Desaf\u00edos y avances en la formaci\u00f3n docente<\/h2>\n\n\n\n<p>A pesar de los avances en la formaci\u00f3n de profesores para trabajar con estudiantes con necesidades especiales, a\u00fan existen desaf\u00edos significativos. <strong>La implementaci\u00f3n de adecuaciones curriculares y el dise\u00f1o universal de aprendizaje son pasos importantes en este proceso<\/strong>.<\/p>\n\n\n\n<p>\u201cEl nudo m\u00e1s grande en este tema es ver qu\u00e9 hace el profesor en la sala de clases, cuando ya tiene una carta de navegaci\u00f3n entregada por el educador diferencial o alg\u00fan m\u00e9dico especialista. En el sistema educativo tradicional, se hacen expl\u00edcitas las distintas conductas o necesidades de los alumnos, por lo que se han implementado otras herramientas, por ejemplo, la metodolog\u00eda de proyecto, donde los alumnos tienen un objetivo, lo que permite que cada uno pueda tener sus tiempos distintos y diferentes formas de trabajo\u201d, agrega la especialista de la Escuela de Educaci\u00f3n. <strong>Hoy se trabaja tambi\u00e9n en un Dise\u00f1o Universal de Aprendizaje<\/strong>, sistema enfocado en la forma en que el escolar recibe la informaci\u00f3n, que busca distintos modos de representarla, para que pueda adaptar sus necesidades a estas diferentes opciones.<\/p>\n\n\n\n<div class=\"wp-block-columns is-layout-flex wp-container-core-columns-is-layout-9d6595d7 wp-block-columns-is-layout-flex\">\n<div class=\"wp-block-column is-vertically-aligned-center is-layout-flow wp-block-column-is-layout-flow\" style=\"flex-basis:30%\">\n<p class=\"has-text-align-center has-x-large-font-size\"><br><img decoding=\"async\" width=\"40\" height=\"40\" class=\"wp-image-402\" style=\"width: 40px;\" src=\"https:\/\/revistacampus.uandes.cl\/2024\/wp-content\/uploads\/2024\/08\/VE-POR-MAS.png\" alt=\"\" srcset=\"https:\/\/revistacampus.uandes.cl\/2024\/wp-content\/uploads\/2024\/08\/VE-POR-MAS.png 250w, https:\/\/revistacampus.uandes.cl\/2024\/wp-content\/uploads\/2024\/08\/VE-POR-MAS-150x150.png 150w\" sizes=\"(max-width: 40px) 100vw, 40px\" \/><strong>42%<\/strong> <\/p>\n\n\n\n<p class=\"has-text-align-center\">de los apoderados manifiesta tener un hijo con necesidad educativa especial<\/p>\n<\/div>\n\n\n\n<div class=\"wp-block-column is-layout-flow wp-block-column-is-layout-flow\" style=\"flex-basis:70%\"><div class=\"wp-block-image\">\n<figure class=\"aligncenter size-large\"><img loading=\"lazy\" decoding=\"async\" width=\"1024\" height=\"682\" src=\"https:\/\/revistacampus.uandes.cl\/2024\/wp-content\/uploads\/2024\/08\/MG_0447-1024x682.jpg\" alt=\"\" class=\"wp-image-747\" style=\"object-fit:cover\" srcset=\"https:\/\/revistacampus.uandes.cl\/2024\/wp-content\/uploads\/2024\/08\/MG_0447-1024x682.jpg 1024w, https:\/\/revistacampus.uandes.cl\/2024\/wp-content\/uploads\/2024\/08\/MG_0447-300x200.jpg 300w, https:\/\/revistacampus.uandes.cl\/2024\/wp-content\/uploads\/2024\/08\/MG_0447-768x512.jpg 768w, https:\/\/revistacampus.uandes.cl\/2024\/wp-content\/uploads\/2024\/08\/MG_0447-1536x1024.jpg 1536w, https:\/\/revistacampus.uandes.cl\/2024\/wp-content\/uploads\/2024\/08\/MG_0447.jpg 2000w\" sizes=\"(max-width: 1024px) 100vw, 1024px\" \/><figcaption class=\"wp-element-caption\"><sub>El Centro de Atenci\u00f3n Docente de la Escuela de Terapia Ocupacional ofrece atenciones gratuitas para ni\u00f1os y ni\u00f1as que requieren apoyo en su proceso educativo.<\/sub><\/figcaption><\/figure>\n<\/div><\/div>\n<\/div>\n\n\n\n<h2 class=\"wp-block-heading\">Inclusi\u00f3n escolar<\/h2>\n\n\n\n<p>Estos avances en materia de necesidad educativa especial apuntan a la inclusi\u00f3n escolar, es decir, garantizar que todos los estudiantes, independiente de sus caracter\u00edsticas o necesidades individuales, <strong>tengan acceso equitativo a oportunidades educativas de calidad dentro del sistema escolar<\/strong>.<\/p>\n\n\n\n<p>En esta l\u00ednea, l<strong>os terapeutas ocupacionales desempe\u00f1an un rol fundamental, centrados principalmente en programas de integraci\u00f3n escolar<\/strong>. \u201cSomos los encargados de potenciar habilidades motoras, cognitivas y funciones ejecutivas que mejoran la atenci\u00f3n y el desempe\u00f1o escolar, estimulando la independencia en actividades de la vida diaria y en los contextos escolares\u201d, afirma <a href=\"https:\/\/www.linkedin.com\/in\/paulina-calder%C3%B3n-calder%C3%B3n-62aa6562\/?originalSubdomain=cl\" target=\"_blank\" rel=\"noreferrer noopener\">Paulina Calder\u00f3n<\/a>, acad\u00e9mica de la <a href=\"https:\/\/www.uandes.cl\/carrera\/terapia-ocupacional\/\" target=\"_blank\" rel=\"noreferrer noopener\">Escuela de Terapia Ocupacional<\/a>.<\/p>\n\n\n\n<div class=\"wp-block-columns is-layout-flex wp-container-core-columns-is-layout-9d6595d7 wp-block-columns-is-layout-flex\">\n<div class=\"wp-block-column is-layout-flow wp-block-column-is-layout-flow\" style=\"flex-basis:40%\">\n<p class=\"has-text-align-center\"><img decoding=\"async\" width=\"50\" height=\"50\" class=\"wp-image-209\" style=\"width: 50px;\" src=\"https:\/\/revistacampus.uandes.cl\/2024\/wp-content\/uploads\/2024\/08\/comillas-4.png\" alt=\"\" srcset=\"https:\/\/revistacampus.uandes.cl\/2024\/wp-content\/uploads\/2024\/08\/comillas-4.png 360w, https:\/\/revistacampus.uandes.cl\/2024\/wp-content\/uploads\/2024\/08\/comillas-4-300x300.png 300w, https:\/\/revistacampus.uandes.cl\/2024\/wp-content\/uploads\/2024\/08\/comillas-4-150x150.png 150w\" sizes=\"(max-width: 50px) 100vw, 50px\" \/><br><em>\u201cLas necesidades educativas, a pesar de tener un mismo diagn\u00f3stico, se manifiestan de distinta manera en los ni\u00f1os, por lo que no hay un tratamiento est\u00e1ndar que les sirva a todos.\u201d <\/em><br><strong>Paulina Calder\u00f3n, acad\u00e9mica de la Escuela de Terapia Ocupacional<\/strong><\/p>\n<\/div>\n\n\n\n<div class=\"wp-block-column is-layout-flow wp-block-column-is-layout-flow\" style=\"flex-basis:60%\">\n<p>Ejemplo de ello es el <strong>trabajo que realizan las acad\u00e9micas junto a estudiantes de 4\u00b0 a\u00f1o de la carrera en el <a href=\"https:\/\/www.uandes.cl\/centro-docente-asistencial\/\" target=\"_blank\" rel=\"noreferrer noopener\">Centro de Atenci\u00f3n Docente de la Escuela de Terapia Ocupacional<\/a><\/strong>. All\u00ed ofrecen, entre otros servicios, atenciones gratuitas para ni\u00f1os y ni\u00f1as que requieren de apoyo en su proceso educativo, fomentando especialmente su integraci\u00f3n y nivelaci\u00f3n para que se integren de manera efectiva al sistema escolar.<\/p>\n\n\n\n<p>En general, <strong>los terapeutas apoyan tambi\u00e9n a los padres de los ni\u00f1os que asisten a sesiones de terapia ocupacional<\/strong>, llevando un seguimiento de los avances, dificultades que observan en el hogar y actividades externas que realizan, y a los docentes en sala, mediante estrategias de trabajo para una mejor integraci\u00f3n de ni\u00f1os con necesidades educativas especiales.<\/p>\n<\/div>\n<\/div>\n\n\n\n<h2 class=\"wp-block-heading\">Proceso de aprendizaje<\/h2>\n\n\n\n<p>\u201cTodas las necesidades educativas pueden afectar el proceso de aprendizaje de los ni\u00f1os. Adem\u00e1s, hay que tener en cuenta que las necesidades educativas, a pesar de tener un mismo diagn\u00f3stico, se manifiestan de distinta manera en los ni\u00f1os, por lo que no hay un tratamiento est\u00e1ndar que les sirva a todos\u201d, agrega Paulina Calder\u00f3n. <\/p>\n\n\n\n<p>Existen casos m\u00e1s complejos, como ni\u00f1os que no consiguen terminar su proceso de ense\u00f1anza porque no adquirieron los conocimientos para seguir pasando de curso; otros que desarrollan trastornos de conducta que les dificultan adaptarse a los distintos contextos escolares y adolescentes que sufren alteraciones del \u00e1nimo, precisamente, por esta necesidad educativa que nunca pudieron sobrellevar en el proceso escolar. <\/p>\n\n\n\n<p>\u201c<strong>La ayuda temprana es esencial para lograr trayectorias acad\u00e9micas exitosas<\/strong>: independiente de la necesidad educativa que tenga el ni\u00f1o, existen muchas se\u00f1ales que, si son detectadas a tiempo, se pueden ir trabajando de manera inmediata en etapa preescolar\u201d, a\u00f1ade la acad\u00e9mica de la Escuela de Terapia Ocupacional. Por lo mismo, <strong>es esencial que los colegios cuenten con profesionales de apoyo, que est\u00e9n capacitados en estas herramientas de evaluaci\u00f3n, y que los docentes adquieran el conocimiento para derivar a los ni\u00f1os que presenten los primeros indicios de una necesidad educativa especial<\/strong>. <img loading=\"lazy\" decoding=\"async\" width=\"15\" height=\"15\" class=\"wp-image-402\" style=\"width: 15px;\" src=\"https:\/\/revistacampus.uandes.cl\/2024\/wp-content\/uploads\/2024\/08\/VE-POR-MAS.png\" alt=\"\" srcset=\"https:\/\/revistacampus.uandes.cl\/2024\/wp-content\/uploads\/2024\/08\/VE-POR-MAS.png 250w, https:\/\/revistacampus.uandes.cl\/2024\/wp-content\/uploads\/2024\/08\/VE-POR-MAS-150x150.png 150w\" sizes=\"(max-width: 15px) 100vw, 15px\" \/><\/p>\n","protected":false},"excerpt":{"rendered":"<p>La nueva menci\u00f3n de Pedagog\u00eda B\u00e1sica \u201cInclusi\u00f3n Escolar para el Aprendizaje\u201d y el trabajo de Terapia Ocupacional en su Centro de Atenci\u00f3n Docente abordan la creciente exigencia social de profesores especialistas en dificultades del aprendizaje. Por Florencia Moya Cid Seg\u00fan un estudio de la Escuela de Educaci\u00f3n, un 42% de los apoderados de ni\u00f1os en [&hellip;]<\/p>\n","protected":false},"author":1,"featured_media":743,"comment_status":"open","ping_status":"open","sticky":false,"template":"","format":"standard","meta":{"footnotes":""},"categories":[6,1],"tags":[],"class_list":["post-741","post","type-post","status-publish","format-standard","has-post-thumbnail","hentry","category-pais","category-sin-categoria"],"_links":{"self":[{"href":"https:\/\/revistacampus.uandes.cl\/2024\/wp-json\/wp\/v2\/posts\/741","targetHints":{"allow":["GET"]}}],"collection":[{"href":"https:\/\/revistacampus.uandes.cl\/2024\/wp-json\/wp\/v2\/posts"}],"about":[{"href":"https:\/\/revistacampus.uandes.cl\/2024\/wp-json\/wp\/v2\/types\/post"}],"author":[{"embeddable":true,"href":"https:\/\/revistacampus.uandes.cl\/2024\/wp-json\/wp\/v2\/users\/1"}],"replies":[{"embeddable":true,"href":"https:\/\/revistacampus.uandes.cl\/2024\/wp-json\/wp\/v2\/comments?post=741"}],"version-history":[{"count":18,"href":"https:\/\/revistacampus.uandes.cl\/2024\/wp-json\/wp\/v2\/posts\/741\/revisions"}],"predecessor-version":[{"id":1805,"href":"https:\/\/revistacampus.uandes.cl\/2024\/wp-json\/wp\/v2\/posts\/741\/revisions\/1805"}],"wp:featuredmedia":[{"embeddable":true,"href":"https:\/\/revistacampus.uandes.cl\/2024\/wp-json\/wp\/v2\/media\/743"}],"wp:attachment":[{"href":"https:\/\/revistacampus.uandes.cl\/2024\/wp-json\/wp\/v2\/media?parent=741"}],"wp:term":[{"taxonomy":"category","embeddable":true,"href":"https:\/\/revistacampus.uandes.cl\/2024\/wp-json\/wp\/v2\/categories?post=741"},{"taxonomy":"post_tag","embeddable":true,"href":"https:\/\/revistacampus.uandes.cl\/2024\/wp-json\/wp\/v2\/tags?post=741"}],"curies":[{"name":"wp","href":"https:\/\/api.w.org\/{rel}","templated":true}]}}