{"id":452,"date":"2024-08-26T23:45:54","date_gmt":"2024-08-27T02:45:54","guid":{"rendered":"https:\/\/revistacampus.uandes.cl\/2024\/?p=452"},"modified":"2024-09-05T18:39:12","modified_gmt":"2024-09-05T21:39:12","slug":"la-creatividad-humana-sigue-siendo-insustituible","status":"publish","type":"post","link":"https:\/\/revistacampus.uandes.cl\/2024\/la-creatividad-humana-sigue-siendo-insustituible\/","title":{"rendered":"La creatividad humana sigue siendo insustituible"},"content":{"rendered":"\n<p class=\"has-background\" style=\"background-color:#e3e3e3\"><img decoding=\"async\" width=\"60\" height=\"60\" class=\"wp-image-402\" style=\"width: 60px;\" src=\"https:\/\/revistacampus.uandes.cl\/2024\/wp-content\/uploads\/2024\/08\/VE-POR-MAS.png\" alt=\"\" srcset=\"https:\/\/revistacampus.uandes.cl\/2024\/wp-content\/uploads\/2024\/08\/VE-POR-MAS.png 250w, https:\/\/revistacampus.uandes.cl\/2024\/wp-content\/uploads\/2024\/08\/VE-POR-MAS-150x150.png 150w\" sizes=\"(max-width: 60px) 100vw, 60px\" \/><br><strong>Manuel Bernet, Alejandro Reid, Francisca Greene y Juan Jos\u00e9 Guerrero<\/strong> analizan los nuevos dilemas de la propiedad intelectual, la innovaci\u00f3n tecnol\u00f3gica y la inteligencia artificial<br><br>Por B\u00e1rbara Olave, Francisca Miranda y Francisca Brahm<\/p>\n\n\n\n<p>Los derechos de autor y la protecci\u00f3n de datos personales son algunos de los desaf\u00edos que plantean las nuevas tecnolog\u00edas al Derecho y a la Comunicaci\u00f3n. En Chile ya hemos presenciado varios conflictos. \u201cUn ejemplo es el uso de voces sint\u00e9ticas -que imitan el estilo de artistas urbanos- que se incorporan a canciones generadas a trav\u00e9s de software de IA\u201d, recuerda <a href=\"https:\/\/investigadores.uandes.cl\/es\/persons\/manuel-antonio-bernet-p\u00e1ez\">Manuel Bernet<\/a>, profesor de Derecho Comercial de la <a href=\"https:\/\/www.uandes.cl\/carrera\/derecho\/\">Facultad de Derecho<\/a>, quien investiga la relaci\u00f3n entre propiedad intelectual e innovaci\u00f3n tecnol\u00f3gica.<\/p>\n\n\n\n<p>Sin embargo, \u201cm\u00e1s que estar ante una infracci\u00f3n a los derechos de autor, se trata del uso de la imagen o voz de celebridades, lo que no tiene una sanci\u00f3n directa por la Ley de Propiedad Intelectual\u201d, explica el doctor en Derecho, pues \u201cen los sistemas jur\u00eddicos existe consenso en que las producciones generadas por IA no tendr\u00edan calidad de creaciones, concepto que implica la participaci\u00f3n significativa de la persona humana en su elaboraci\u00f3n\u201d.<\/p>\n\n\n\n<div class=\"wp-block-columns is-layout-flex wp-container-core-columns-is-layout-9d6595d7 wp-block-columns-is-layout-flex\">\n<div class=\"wp-block-column is-layout-flow wp-block-column-is-layout-flow\" style=\"flex-basis:60%\">\n<div class=\"wp-block-group\"><div class=\"wp-block-group__inner-container is-layout-constrained wp-block-group-is-layout-constrained\">\n<p><\/p>\n\n\n\n<p>Ante esta situaci\u00f3n, advierte que \u201cde a poco se deber\u00e1 admitir que la <a href=\"https:\/\/cloud.google.com\/learn\/what-is-artificial-intelligence?hl=es-419\">IA<\/a> es una herramienta m\u00e1s en la generaci\u00f3n de obras -tal como lo fue en su momento la fotograf\u00eda o los computadores- por lo que, si detr\u00e1s de una pintura o de un cuento se aprecia una participaci\u00f3n significativa de una persona humana, tales creaciones deber\u00edan ser protegidas por la Ley\u201d. Cabe recordar aqu\u00ed que el concepto \u2018derecho de autor\u2019 surgi\u00f3 con la invenci\u00f3n de la imprenta.<\/p>\n\n\n\n<p>Para hacerse cargo de estos nuevos fen\u00f3menos, el abogado plantea que el derecho de autor deber\u00eda ser actualizado en Chile y el mundo. Seg\u00fan explica, \u201csolo de manera reciente, Europa ha admitido como excepciones a los derechos de autor la denominada miner\u00eda de textos y datos, con alcances muy limitados, mientras que en Estados Unidos tampoco se han realizado reformas legales\u201d.<\/p>\n\n\n\n<p>No obstante, afirma que \u201cexisten demandas entabladas por escritores, fot\u00f3grafos o medios de prensa contra empresas propietarias de los softwares de IA, pues sostienen que sus obras son utilizadas sin su permiso para entrenar a estos programas -para determinar patrones- y con ello generar resultados similares a las creaciones de otro, como un cuento, una pintura o un reportaje\u201d. A ello se suman fallos relacionados con el uso de estos softwares cuando producen resultados similares a obras ajenas, \u201cde ah\u00ed que se sostenga que hay una reproducci\u00f3n il\u00edcita\u201d.<\/p>\n<\/div><\/div>\n<\/div>\n\n\n\n<div class=\"wp-block-column is-vertically-aligned-center is-layout-flow wp-block-column-is-layout-flow\" style=\"flex-basis:40%\">\n<figure class=\"wp-block-image size-large\"><img fetchpriority=\"high\" decoding=\"async\" width=\"682\" height=\"1024\" src=\"https:\/\/revistacampus.uandes.cl\/2024\/wp-content\/uploads\/2024\/08\/La-creatividad-humana-sigue-siendo-insustituible_-682x1024.webp\" alt=\"\" class=\"wp-image-454\" srcset=\"https:\/\/revistacampus.uandes.cl\/2024\/wp-content\/uploads\/2024\/08\/La-creatividad-humana-sigue-siendo-insustituible_-682x1024.webp 682w, https:\/\/revistacampus.uandes.cl\/2024\/wp-content\/uploads\/2024\/08\/La-creatividad-humana-sigue-siendo-insustituible_-200x300.webp 200w, https:\/\/revistacampus.uandes.cl\/2024\/wp-content\/uploads\/2024\/08\/La-creatividad-humana-sigue-siendo-insustituible_-768x1152.webp 768w, https:\/\/revistacampus.uandes.cl\/2024\/wp-content\/uploads\/2024\/08\/La-creatividad-humana-sigue-siendo-insustituible_-1024x1536.webp 1024w, https:\/\/revistacampus.uandes.cl\/2024\/wp-content\/uploads\/2024\/08\/La-creatividad-humana-sigue-siendo-insustituible_.webp 1333w\" sizes=\"(max-width: 682px) 100vw, 682px\" \/><\/figure>\n\n\n\n<p class=\"has-text-align-center\"><img decoding=\"async\" width=\"50\" height=\"50\" class=\"wp-image-209\" style=\"width: 50px;\" src=\"https:\/\/revistacampus.uandes.cl\/2024\/wp-content\/uploads\/2024\/08\/comillas-4.png\" alt=\"\" srcset=\"https:\/\/revistacampus.uandes.cl\/2024\/wp-content\/uploads\/2024\/08\/comillas-4.png 360w, https:\/\/revistacampus.uandes.cl\/2024\/wp-content\/uploads\/2024\/08\/comillas-4-300x300.png 300w, https:\/\/revistacampus.uandes.cl\/2024\/wp-content\/uploads\/2024\/08\/comillas-4-150x150.png 150w\" sizes=\"(max-width: 50px) 100vw, 50px\" \/><br><em>\u201cEn los sistemas jur\u00eddicos existe consenso en que las producciones generadas por IA no tendr\u00edan calidad de creaciones, concepto que implica la participaci\u00f3n significativa de la persona humana\u201d<\/em> <br><strong>Manuel Bernet, profesor de Derecho Comercial<\/strong><\/p>\n<\/div>\n<\/div>\n\n\n\n<p>Correctamente utilizada, la IA es un medio que permite alivianar la carga en tareas rutinarias, para enfocarse en las actividades m\u00e1s creativas y de mayor valor. \u201cTal como los abogados tuvimos que ajustarnos a la tramitaci\u00f3n electr\u00f3nica o al uso intenso de bases de datos de jurisprudencia, ahora debemos tomar este nuevo reto con apertura, lo cual no significa que esta tecnolog\u00eda pueda reemplazar la prudencia y el buen juicio que es propio de nuestro quehacer. Ah\u00ed, sin duda, el ser humano es irremplazable\u201d, afirma Manuel Bernet.<\/p>\n\n\n\n<p>Estas nuevas tem\u00e1ticas forman parte de investigaciones que tiene en curso el profesor Bernet, quien, adem\u00e1s, ha explicado sus alcances a trav\u00e9s de los medios de comunicaci\u00f3n y de diversos seminarios realizados con la Facultad de Derecho. En uno de ellos, por ejemplo, se analiz\u00f3 la demanda deducida por el New York Times en contra de Microsoft y <a href=\"https:\/\/openai-com\">OpenAI<\/a>, referida a posibles infracciones cometidas a trav\u00e9s de estas nuevas tecnolog\u00edas.<\/p>\n\n\n\n<div class=\"wp-block-columns is-layout-flex wp-container-core-columns-is-layout-9d6595d7 wp-block-columns-is-layout-flex\">\n<div class=\"wp-block-column is-layout-flow wp-block-column-is-layout-flow\" style=\"flex-basis:40%\">\n<figure class=\"wp-block-image size-full is-resized is-style-default\"><img loading=\"lazy\" decoding=\"async\" width=\"452\" height=\"454\" src=\"https:\/\/revistacampus.uandes.cl\/2024\/wp-content\/uploads\/2024\/08\/AI.png\" alt=\"\" class=\"wp-image-620\" style=\"width:309px;height:auto\" srcset=\"https:\/\/revistacampus.uandes.cl\/2024\/wp-content\/uploads\/2024\/08\/AI.png 452w, https:\/\/revistacampus.uandes.cl\/2024\/wp-content\/uploads\/2024\/08\/AI-300x300.png 300w, https:\/\/revistacampus.uandes.cl\/2024\/wp-content\/uploads\/2024\/08\/AI-150x150.png 150w\" sizes=\"(max-width: 452px) 100vw, 452px\" \/><\/figure>\n<\/div>\n\n\n\n<div class=\"wp-block-column is-vertically-aligned-center is-layout-flow wp-block-column-is-layout-flow\" style=\"flex-basis:60%\">\n<p class=\"has-text-align-center\"><img decoding=\"async\" width=\"50\" height=\"50\" class=\"wp-image-209\" style=\"width: 50px;\" src=\"https:\/\/revistacampus.uandes.cl\/2024\/wp-content\/uploads\/2024\/08\/comillas-4.png\" alt=\"\" srcset=\"https:\/\/revistacampus.uandes.cl\/2024\/wp-content\/uploads\/2024\/08\/comillas-4.png 360w, https:\/\/revistacampus.uandes.cl\/2024\/wp-content\/uploads\/2024\/08\/comillas-4-300x300.png 300w, https:\/\/revistacampus.uandes.cl\/2024\/wp-content\/uploads\/2024\/08\/comillas-4-150x150.png 150w\" sizes=\"(max-width: 50px) 100vw, 50px\" \/><br><em>\u201cFormar profesionales que integren estas tecnolog\u00edas de manera responsable es clave para que la comunicaci\u00f3n siga siendo una herramienta poderosa.\u201d<\/em> <br><strong><a href=\"https:\/\/investigadores.uandes.cl\/es\/persons\/alejandro-cameron-reid-taglehttps:\/\/investigadores.uandes.cl\/es\/persons\/alejandro-cameron-reid-tagle\">Alejandro Reid<\/a>, profesor de la Facultad de Comunicaci\u00f3n<\/strong><\/p>\n<\/div>\n<\/div>\n\n\n\n<p><\/p>\n\n\n\n<p><\/p>\n\n\n\n<h2 class=\"wp-block-heading\"><mark style=\"background-color:rgba(0, 0, 0, 0);color:#e10e17\" class=\"has-inline-color\">IA en los medios<\/mark><\/h2>\n\n\n\n<p>En esta l\u00ednea, <a href=\"https:\/\/investigadores.uandes.cl\/es\/persons\/francisca-greene\">Francisca Greene<\/a>, profesora de \u00c9tica Period\u00edstica de la <a href=\"https:\/\/www.uandes.cl\/facultad\/facultad-de-comunicacion\/\">Facultad de Comunicaci\u00f3n<\/a>, reconoce que la IA puede agilizar la redacci\u00f3n y b\u00fasqueda de informaci\u00f3n, pero asegura que tambi\u00e9n plantea desaf\u00edos. \u201cEs innegable que la IA puede ayudar en la redacci\u00f3n y en otros aspectos del periodismo, pero esto plantea un problema \u00e9tico. Los periodistas siempre deben corroborar la informaci\u00f3n, no pueden confiar ciegamente en la IA para verificar datos. Esto podr\u00eda facilitar la propagaci\u00f3n de noticias falsas (fake news), ya que una noticia err\u00f3nea puede llevar a otra, generando una cadena de desinformaci\u00f3n\u201d, afirma la doctora en Ciencias de la Informaci\u00f3n.<\/p>\n\n\n\n<p>Otro aspecto importante que menciona es el derecho de las personas a su propia imagen. \u201cNo se puede generar un video a partir de una foto o de un video anterior sin el consentimiento adecuado. Cada entrevista es \u00fanica y el uso de im\u00e1genes, videos o entrevistas debe ser autorizado espec\u00edficamente para cada caso\u201d, argumenta la profesora, muy en l\u00ednea con la primac\u00eda de los derechos de la persona humana ante la inteligencia artificial.<\/p>\n\n\n\n<figure class=\"wp-block-image size-large\"><img loading=\"lazy\" decoding=\"async\" width=\"1024\" height=\"682\" src=\"https:\/\/revistacampus.uandes.cl\/2024\/wp-content\/uploads\/2024\/08\/La-creatividad-humana-sigue-siendo-insustituible2_-1024x682.webp\" alt=\"\" class=\"wp-image-453\" style=\"aspect-ratio:16\/9;object-fit:cover\" srcset=\"https:\/\/revistacampus.uandes.cl\/2024\/wp-content\/uploads\/2024\/08\/La-creatividad-humana-sigue-siendo-insustituible2_-1024x682.webp 1024w, https:\/\/revistacampus.uandes.cl\/2024\/wp-content\/uploads\/2024\/08\/La-creatividad-humana-sigue-siendo-insustituible2_-300x200.webp 300w, https:\/\/revistacampus.uandes.cl\/2024\/wp-content\/uploads\/2024\/08\/La-creatividad-humana-sigue-siendo-insustituible2_-768x512.webp 768w, https:\/\/revistacampus.uandes.cl\/2024\/wp-content\/uploads\/2024\/08\/La-creatividad-humana-sigue-siendo-insustituible2_-1536x1024.webp 1536w, https:\/\/revistacampus.uandes.cl\/2024\/wp-content\/uploads\/2024\/08\/La-creatividad-humana-sigue-siendo-insustituible2_.webp 2000w\" sizes=\"(max-width: 1024px) 100vw, 1024px\" \/><figcaption class=\"wp-element-caption\"><sub>Los profesores de la Facultad de Comunicaci\u00f3n Alejandro Reid, Francisca Geene y Juan Jos\u00e9 Guerrero.<\/sub><\/figcaption><\/figure>\n\n\n\n<p>En t\u00e9rminos audiovisuales, \u201cla IA puede sugerir mejoras en los guiones, identificando faltas de conflicto o aceleraciones\u201d, agrega el doctor en Comunicaci\u00f3n Alejandro Reid, acerca de la optimizaci\u00f3n de una producci\u00f3n, \u201co me puede ir diciendo \u2018esta escena tienes que grabarla altiro, porque es un exterior y en una semana m\u00e1s va a llover\u2019\u201d. \u201cEs como tener un asistente que te dice exactamente lo que necesita tu audiencia\u201d, plantea el m\u00e1ster en Televisi\u00f3n Digital, respecto de la toma de decisiones informadas que ofrece la IA para elegir el mejor momento y lugar para publicar contenido.<\/p>\n\n\n\n<p><a href=\"https:\/\/www.uandes.cl\/personas\/juan-jose-guerrero-cortes\/\">Juan Jos\u00e9 Guerrero<\/a>, mag\u00edster en Comportamiento del Consumidor, complementa que la IA ha revolucionado la distribuci\u00f3n de los anuncios online. \u201cEs una herramienta que se integra al trabajo publicitario, as\u00ed como puede ayudar a las empresas a crear audiencias altamente segmentadas y definir su target de manera m\u00e1s precisa\u201d, asegura. \u201cTambi\u00e9n puede ser utilizada para analizar datos demogr\u00e1ficos, el comportamiento de las personas y preferencias, ayud\u00e1ndonos a identificar grupos espec\u00edficos de consumidores con intereses similares\u201d, a\u00f1ade el publicista sobre la segmentaci\u00f3n y personalizaci\u00f3n sin precedentes que experimentamos en el mundo multiplataforma de hoy.<\/p>\n\n\n\n<p>Ante todo, el profesor Reid afirma que la creatividad humana sigue siendo insustituible, pues \u201cla IA necesita de la alimentaci\u00f3n y supervisi\u00f3n humana para alcanzar su m\u00e1ximo potencial. Puede sugerir, pero la chispa creativa viene de nosotros\u201d. \u201cFormar profesionales que integren estas tecnolog\u00edas de manera responsable es clave para que la comunicaci\u00f3n siga siendo una herramienta poderosa\u201d, concluye.<mark style=\"background-color:rgba(0, 0, 0, 0);color:#e10e17\" class=\"has-inline-color\"><strong>&gt;<\/strong><\/mark><\/p>\n","protected":false},"excerpt":{"rendered":"<p>Manuel Bernet, Alejandro Reid, Francisca Greene y Juan Jos\u00e9 Guerrero analizan los nuevos dilemas de la propiedad intelectual, la innovaci\u00f3n tecnol\u00f3gica y la inteligencia artificial Por B\u00e1rbara Olave, Francisca Miranda y Francisca Brahm Los derechos de autor y la protecci\u00f3n de datos personales son algunos de los desaf\u00edos que plantean las nuevas tecnolog\u00edas al Derecho [&hellip;]<\/p>\n","protected":false},"author":2,"featured_media":455,"comment_status":"open","ping_status":"open","sticky":false,"template":"","format":"standard","meta":{"footnotes":""},"categories":[6,1],"tags":[],"class_list":["post-452","post","type-post","status-publish","format-standard","has-post-thumbnail","hentry","category-pais","category-sin-categoria"],"_links":{"self":[{"href":"https:\/\/revistacampus.uandes.cl\/2024\/wp-json\/wp\/v2\/posts\/452","targetHints":{"allow":["GET"]}}],"collection":[{"href":"https:\/\/revistacampus.uandes.cl\/2024\/wp-json\/wp\/v2\/posts"}],"about":[{"href":"https:\/\/revistacampus.uandes.cl\/2024\/wp-json\/wp\/v2\/types\/post"}],"author":[{"embeddable":true,"href":"https:\/\/revistacampus.uandes.cl\/2024\/wp-json\/wp\/v2\/users\/2"}],"replies":[{"embeddable":true,"href":"https:\/\/revistacampus.uandes.cl\/2024\/wp-json\/wp\/v2\/comments?post=452"}],"version-history":[{"count":17,"href":"https:\/\/revistacampus.uandes.cl\/2024\/wp-json\/wp\/v2\/posts\/452\/revisions"}],"predecessor-version":[{"id":1848,"href":"https:\/\/revistacampus.uandes.cl\/2024\/wp-json\/wp\/v2\/posts\/452\/revisions\/1848"}],"wp:featuredmedia":[{"embeddable":true,"href":"https:\/\/revistacampus.uandes.cl\/2024\/wp-json\/wp\/v2\/media\/455"}],"wp:attachment":[{"href":"https:\/\/revistacampus.uandes.cl\/2024\/wp-json\/wp\/v2\/media?parent=452"}],"wp:term":[{"taxonomy":"category","embeddable":true,"href":"https:\/\/revistacampus.uandes.cl\/2024\/wp-json\/wp\/v2\/categories?post=452"},{"taxonomy":"post_tag","embeddable":true,"href":"https:\/\/revistacampus.uandes.cl\/2024\/wp-json\/wp\/v2\/tags?post=452"}],"curies":[{"name":"wp","href":"https:\/\/api.w.org\/{rel}","templated":true}]}}