{"id":439,"date":"2024-09-05T02:00:11","date_gmt":"2024-09-05T05:00:11","guid":{"rendered":"https:\/\/revistacampus.uandes.cl\/2024\/?p=439"},"modified":"2024-09-06T10:31:53","modified_gmt":"2024-09-06T13:31:53","slug":"como-ayudar-a-otros","status":"publish","type":"post","link":"https:\/\/revistacampus.uandes.cl\/2024\/como-ayudar-a-otros\/","title":{"rendered":"C\u00f3mo ayudar a otros"},"content":{"rendered":"\n<p class=\"has-background\" style=\"background-color:#e3e3e3\"><img decoding=\"async\" width=\"60\" height=\"60\" class=\"wp-image-402\" style=\"width: 60px;\" src=\"https:\/\/revistacampus.uandes.cl\/2024\/wp-content\/uploads\/2024\/08\/VE-POR-MAS.png\" alt=\"\" srcset=\"https:\/\/revistacampus.uandes.cl\/2024\/wp-content\/uploads\/2024\/08\/VE-POR-MAS.png 250w, https:\/\/revistacampus.uandes.cl\/2024\/wp-content\/uploads\/2024\/08\/VE-POR-MAS-150x150.png 150w\" sizes=\"(max-width: 60px) 100vw, 60px\" \/><br><strong>El Programa de Impulso al Emprendimiento<\/strong> naci\u00f3 como una iniciativa del Comit\u00e9 Social del Consejo Alumni del ESE Business School, para capacitar a peque\u00f1os empresarios de comunas vulnerables que est\u00e1n comenzando a dar sus primeros pasos.<br><br>Por Antonio de Vittorio Pica<\/p>\n\n\n\n<p>Steffany Seguel es ingeniera constructora y especialista en electricidad domiciliaria. Desde peque\u00f1a, desarroll\u00f3 el gusto por arreglar artefactos el\u00e9ctricos, enchufes y luces. Siempre pens\u00f3 en comenzar su propio emprendimiento; ten\u00eda muchas ideas, pero no sab\u00eda c\u00f3mo concretarlas, Entonces, supo del <a href=\"https:\/\/www.ese.cl\/alumni\/noticias\/exitoso-cierre-del-programa-de-impulso-al-emprendimiento\/2023-09-04\/152743.html\" target=\"_blank\" rel=\"noreferrer noopener\">Programa de Impulso al Emprendimiento<\/a> (PIE) impartido por egresados del <a href=\"https:\/\/www.ese.cl\" target=\"_blank\" rel=\"noreferrer noopener\">ESE Business School<\/a>, a trav\u00e9s de la alianza con <em>RedMaestra<\/em>, comunidad que da formaci\u00f3n a mujeres del rubro de la construcci\u00f3n.<\/p>\n\n\n\n<p>Hoy, luego de meses de estrategias de planificaci\u00f3n e implementaci\u00f3n, Steffany cuenta con <em>Boon Construcciones<\/em>, su negocio que entrega servicios de construcci\u00f3n y que pronto ser\u00e1 marca registrada.<\/p>\n\n\n\n<p>\u201c<strong>Hemos crecido mucho gracias al ESE. Si tuviera que calificar mi experiencia con el curso, ser\u00eda un antes y un despu\u00e9s<\/strong>. Tengo muchos proyectos ahora, y estoy muy emocionada por eso y por lo que viene. A seguir creciendo\u201d, adelanta.<\/p>\n\n\n\n<figure class=\"wp-block-image size-full\"><img fetchpriority=\"high\" decoding=\"async\" width=\"1024\" height=\"375\" src=\"https:\/\/revistacampus.uandes.cl\/2024\/wp-content\/uploads\/2024\/08\/UANDEWS.png\" alt=\"\" class=\"wp-image-445\" srcset=\"https:\/\/revistacampus.uandes.cl\/2024\/wp-content\/uploads\/2024\/08\/UANDEWS.png 1024w, https:\/\/revistacampus.uandes.cl\/2024\/wp-content\/uploads\/2024\/08\/UANDEWS-300x110.png 300w, https:\/\/revistacampus.uandes.cl\/2024\/wp-content\/uploads\/2024\/08\/UANDEWS-768x281.png 768w\" sizes=\"(max-width: 1024px) 100vw, 1024px\" \/><figcaption class=\"wp-element-caption\"><em><sub>\u201cEste curso me ayud\u00f3 a concretar las ideas y aterrizar mi modelo de negocio\u201d, afirma Stefanny Seguel, alumna del primer PIE y certificada en electricidad domiciliaria (a la derecha en ambas fotos).<\/sub><\/em><\/figcaption><\/figure>\n\n\n\n<div style=\"height:40px\" aria-hidden=\"true\" class=\"wp-block-spacer\"><\/div>\n\n\n\n<h2 class=\"wp-block-heading\"><mark style=\"background-color:rgba(0, 0, 0, 0);color:#e10e17\" class=\"has-inline-color\">De la idea a la ejecuci\u00f3n<\/mark><\/h2>\n\n\n\n<p>El <strong>Programa de Impulso al Emprendimiento es una iniciativa del <a href=\"https:\/\/www.ese.cl\/alumni\/comite-social\/2022-10-26\/133255.html\" target=\"_blank\" rel=\"noreferrer noopener\">Comit\u00e9 Social del Consejo Alumni del ESE Business School<\/a><\/strong>, creada para capacitar a peque\u00f1os empresarios de comunas vulnerables que est\u00e1n dando sus primeros pasos en sus proyectos, llevan menos de seis meses en funcionamiento o tienen una idea en mente. M\u00e1s de la mitad de los emprendimientos que asesoran son informales, lo que se vio como una oportunidad de ayuda, seg\u00fan <strong>Santiago Mar\u00edn (PADE 2006), presidente del Comit\u00e9 Social y consejero de la Asociaci\u00f3n de Alumni del ESE<\/strong>. El programa proporciona herramientas, conocimientos y nuevas ideas a emprendedores en sus etapas iniciales.<\/p>\n\n\n\n<p>En su primera versi\u00f3n, el programa cont\u00f3 con 19 alumnos, y <strong>este a\u00f1o se inscribieron otros 23 en la segunda edici\u00f3n de \u201cDe la idea a la ejecuci\u00f3n\u201d<\/strong>, en colaboraci\u00f3n con el <em>Hub de Emprendimiento de Lo Barnechea<\/em>, <em>RedMaestra<\/em>, la <em>Fundaci\u00f3n Soy M\u00e1<\/em>s y la Municipalidad de Colina.<\/p>\n\n\n\n<div class=\"wp-block-columns is-layout-flex wp-container-core-columns-is-layout-9d6595d7 wp-block-columns-is-layout-flex\">\n<div class=\"wp-block-column is-layout-flow wp-block-column-is-layout-flow\" style=\"flex-basis:10%\"><\/div>\n\n\n\n<div class=\"wp-block-column is-layout-flow wp-block-column-is-layout-flow\" style=\"flex-basis:80%\">\n<p class=\"has-text-align-center has-background has-medium-font-size\" style=\"background-color:#fbfbfb\"><img decoding=\"async\" width=\"60\" height=\"60\" class=\"wp-image-402\" style=\"width: 60px;\" src=\"https:\/\/revistacampus.uandes.cl\/2024\/wp-content\/uploads\/2024\/08\/VE-POR-MAS.png\" alt=\"\" srcset=\"https:\/\/revistacampus.uandes.cl\/2024\/wp-content\/uploads\/2024\/08\/VE-POR-MAS.png 250w, https:\/\/revistacampus.uandes.cl\/2024\/wp-content\/uploads\/2024\/08\/VE-POR-MAS-150x150.png 150w\" sizes=\"(max-width: 60px) 100vw, 60px\" \/><br><em>El Programa de Impulso al Emprendimiento se imparte mediante la herramienta de gesti\u00f3n estrat\u00e9gica <strong>Business Model Canvas<\/strong>, complementado con 10 clases te\u00f3ricas y pr\u00e1cticas sincr\u00f3nicas por Zoom, guiadas por egresados de la escuela de negocios UANDES, con una bienvenida y un cierre presenciales.<\/em><\/p>\n<\/div>\n\n\n\n<div class=\"wp-block-column is-layout-flow wp-block-column-is-layout-flow\" style=\"flex-basis:10%\"><\/div>\n<\/div>\n\n\n\n<p><strong>El equipo docente est\u00e1 compuesto exclusivamente por alumni<\/strong>, quienes dedican parte de su tiempo con mucha dedicaci\u00f3n, profesionalidad y cari\u00f1o a la formaci\u00f3n de los emprendedores del programa. Santiago Mar\u00edn destaca esta oportunidad como <strong>una forma de \u201cretribuir a la sociedad lo que hemos aprendido en la Escuela y en nuestra vida profesional<\/strong>\u201d. Esta iniciativa ha sido muy bien recibida por las comunidades y organizaciones sociales en que participan, como la fundaci\u00f3n RedMaestra y el Cerro 18 de Lo Barnechea. Justamente, es en la feria de esta comuna, donde <strong>Mar\u00eda de los \u00c1ngeles Apablaza<\/strong>, otra alumna del primer PIE, se instala cada s\u00e1bado.<\/p>\n\n\n\n<p>Al principio comenz\u00f3 vendiendo atrapasue\u00f1os, pero con el tiempo, se dio cuenta de que no vend\u00eda como esperaba. Gracias a la Municipalidad supo del programa, al que postul\u00f3 sin dudarlo. Con el paso de las clases, comenz\u00f3 a fijarse en qu\u00e9 otras cosas pod\u00eda vender, y hoy busca expandir su negocio, con la ayuda de su marido y de su hija. Se propuso vender nuevos productos, establecerse en un lugar fijo y llegar a nuevas comunas.<\/p>\n\n\n\n<figure class=\"wp-block-image size-large\"><img decoding=\"async\" width=\"1024\" height=\"678\" src=\"https:\/\/revistacampus.uandes.cl\/2024\/wp-content\/uploads\/2024\/08\/Maria-de-los-Angeles-Apablaza-1_-1024x678.webp\" alt=\"\" class=\"wp-image-440\" style=\"aspect-ratio:16\/9;object-fit:cover\" srcset=\"https:\/\/revistacampus.uandes.cl\/2024\/wp-content\/uploads\/2024\/08\/Maria-de-los-Angeles-Apablaza-1_-1024x678.webp 1024w, https:\/\/revistacampus.uandes.cl\/2024\/wp-content\/uploads\/2024\/08\/Maria-de-los-Angeles-Apablaza-1_-300x199.webp 300w, https:\/\/revistacampus.uandes.cl\/2024\/wp-content\/uploads\/2024\/08\/Maria-de-los-Angeles-Apablaza-1_-768x509.webp 768w, https:\/\/revistacampus.uandes.cl\/2024\/wp-content\/uploads\/2024\/08\/Maria-de-los-Angeles-Apablaza-1_-1536x1018.webp 1536w, https:\/\/revistacampus.uandes.cl\/2024\/wp-content\/uploads\/2024\/08\/Maria-de-los-Angeles-Apablaza-1_.webp 2000w\" sizes=\"(max-width: 1024px) 100vw, 1024px\" \/><figcaption class=\"wp-element-caption\"><sub>Mar\u00eda de los \u00c1ngeles Apablaza presenta su proyecto en el ESE Business School al finalizar el programa. Hoy busca expandir su negocio con nuevos productos, establecerse en un lugar fijo y llegar a nuevas comunas.<\/sub><\/figcaption><\/figure>\n\n\n\n<p><strong>Mar\u00eda de los \u00c1ngeles resume lo que aprendi\u00f3 en el PIE como clave para planificar, diversificar su mercader\u00eda y aumentar las ventas<\/strong>. Se dio cuenta de que pod\u00eda \u201ccreerse el cuento\u201d. Adem\u00e1s, las asesor\u00edas la ayudaron a conocer otros fondos de ayuda, por lo que est\u00e1 postulando a un fondo Semilla para obtener materiales.<\/p>\n\n\n\n<p>\u201cDesde que fui al curso se me han abierto hartas puertas. He ido a muchas ferias m\u00e1s, integrado m\u00e1s productos a mi oferta y, actualmente, quiero empezar a confeccionar ropa reciclada, juguetes, a hacer pulseras, joyas y otras cosas\u201d, asegura. Sabe que su sue\u00f1o est\u00e1 cada d\u00eda m\u00e1s cerca.<\/p>\n\n\n\n<div style=\"height:40px\" aria-hidden=\"true\" class=\"wp-block-spacer\"><\/div>\n\n\n\n<h2 class=\"wp-block-heading\"><mark style=\"background-color:rgba(0, 0, 0, 0);color:#e10e17\" class=\"has-inline-color\">Oportunidades para retribuir<\/mark><\/h2>\n\n\n\n<p><strong>12 egresados componen el Comit\u00e9 Social Alumni<\/strong>, cuyo objetivo es promover la inclusi\u00f3n social y brindar oportunidades de aprendizaje, impulsando emprendimientos, fomentando el voluntariado y facilitando programas de mentor\u00eda, como lo hacen mediante el PIE. Pero antes de lanzarse con este programa propio, los alumni comenzaron colaborando con iniciativas del ESE.<\/p>\n\n\n\n<p>Primero, se sumaron al <strong><a href=\"https:\/\/ese.cl\/Archivos\/ALUMNI\/2024\/FOLLETO%20DIPLOMA%20GESTION%20DE%20NEGOCIOS%20PARA%20MICROEMPRESARIOS%202024.pdf\">Diploma en Gesti\u00f3n de Negocios para Microempresarios<\/a>, que profesores del ESE imparten en La Pintana hace ocho a\u00f1os<\/strong>, capacitando a emprendedores de diferentes comunas. Cerca de <strong>280 alumni han participado como voluntarios<\/strong>, brindando acompa\u00f1amiento a cada microempresario y formando parte de las comisiones que revisan sus planes de negocio. \u201cEn 2023 ten\u00edamos m\u00e1s tutores que alumnos en el Diplomado\u201d, r\u00ede <strong>Macarena Guti\u00e9rrez (Senior MBA 2016), consejera del Comit\u00e9 Social Alumni<\/strong>, dando cuenta del \u00e1nimo de los egresados.<\/p>\n\n\n\n<div class=\"wp-block-columns are-vertically-aligned-center is-layout-flex wp-container-core-columns-is-layout-9d6595d7 wp-block-columns-is-layout-flex\">\n<div class=\"wp-block-column is-vertically-aligned-center is-layout-flow wp-block-column-is-layout-flow\">\n<figure class=\"wp-block-image size-full is-resized\"><img loading=\"lazy\" decoding=\"async\" width=\"451\" height=\"452\" src=\"https:\/\/revistacampus.uandes.cl\/2024\/wp-content\/uploads\/2024\/08\/Como-ayudar-2.png\" alt=\"\" class=\"wp-image-614\" style=\"width:375px;height:auto\" srcset=\"https:\/\/revistacampus.uandes.cl\/2024\/wp-content\/uploads\/2024\/08\/Como-ayudar-2.png 451w, https:\/\/revistacampus.uandes.cl\/2024\/wp-content\/uploads\/2024\/08\/Como-ayudar-2-300x300.png 300w, https:\/\/revistacampus.uandes.cl\/2024\/wp-content\/uploads\/2024\/08\/Como-ayudar-2-150x150.png 150w\" sizes=\"(max-width: 451px) 100vw, 451px\" \/><figcaption class=\"wp-element-caption\"><sub><strong>Santiago Mar\u00edn y Macarena Guti\u00e9rrez,<\/strong><br>miembros del Comit\u00e9 Social Alumni del ESE Business School<\/sub><\/figcaption><\/figure>\n<\/div>\n\n\n\n<div class=\"wp-block-column is-vertically-aligned-center is-layout-flow wp-block-column-is-layout-flow\">\n<p class=\"has-text-align-center\"><img loading=\"lazy\" decoding=\"async\" width=\"50\" height=\"50\" class=\"wp-image-209\" style=\"width: 50px;\" src=\"https:\/\/revistacampus.uandes.cl\/2024\/wp-content\/uploads\/2024\/08\/comillas-4.png\" alt=\"\" srcset=\"https:\/\/revistacampus.uandes.cl\/2024\/wp-content\/uploads\/2024\/08\/comillas-4.png 360w, https:\/\/revistacampus.uandes.cl\/2024\/wp-content\/uploads\/2024\/08\/comillas-4-300x300.png 300w, https:\/\/revistacampus.uandes.cl\/2024\/wp-content\/uploads\/2024\/08\/comillas-4-150x150.png 150w\" sizes=\"(max-width: 50px) 100vw, 50px\" \/><br><em>\u201cEs una manera de retribuir a la sociedad lo que hemos aprendido en la Escuela y en nuestra vida profesional\u201d<\/em> <strong>Santiago Mar\u00edn, presidente del Comit\u00e9 Social Alumni<\/strong><\/p>\n<\/div>\n<\/div>\n\n\n\n<p>Macarena, adem\u00e1s, ha articulado alianzas para llegar a nuevos beneficiarios con el Diploma y promueve la filantrop\u00eda entre egresados y empresarios. Pues <strong>el Comit\u00e9 tambi\u00e9n administra las becas del PIE, del Diploma en Gesti\u00f3n de Negocios y del <a href=\"https:\/\/www.ese.cl\/ese\/area-de-interes\/gestion-estrategica\/mas-de-1-ano\/emgeo\/2020-11-24\/112845.html\">Executive Master en Gesti\u00f3n de Empresas y Organizaciones <\/a>(EMGEO)<\/strong>. De hecho, para contribuir al desarrollo profesional de la comunidad, se proponen que quienes se certifiquen con el PIE, se animen a continuar sus estudios en el Diplomado.<\/p>\n\n\n\n<p>Asimismo, <strong>trabajan con el <a href=\"https:\/\/www.ese.cl\/ese\/site\/edic\/base\/port\/centro_para_el_desarrollo_de_iniciativas_sociales.html\" target=\"_blank\" rel=\"noreferrer noopener\">Centro para el Desarrollo de Iniciativas Sociales<\/a> del ESE (CEDIS)<\/strong>, orientado a apoyar a las organizaciones sociales con investigaci\u00f3n y compartiendo las mejores pr\u00e1cticas. \u201cTenemos la ayuda del CEDIS para monitorear c\u00f3mo se disminuyen las brechas a mediano y largo plazo\u201d, explica Macarena. \u201cNosotros les \u2018sacamos una foto\u2019 antes del programa y luego les hacemos seguimiento y acompa\u00f1amiento, porque debemos mostrar un dato duro al donante, demostrar que nuestra asesorada, a trav\u00e9s del curso, increment\u00f3 sus ventas en X%. Ese es el desaf\u00edo que tenemos\u201d, explica.<mark style=\"background-color:rgba(0, 0, 0, 0);color:#e10e17\" class=\"has-inline-color\"><strong>><\/strong><\/mark><\/p>\n","protected":false},"excerpt":{"rendered":"<p>El Programa de Impulso al Emprendimiento naci\u00f3 como una iniciativa del Comit\u00e9 Social del Consejo Alumni del ESE Business School, para capacitar a peque\u00f1os empresarios de comunas vulnerables que est\u00e1n comenzando a dar sus primeros pasos. Por Antonio de Vittorio Pica Steffany Seguel es ingeniera constructora y especialista en electricidad domiciliaria. Desde peque\u00f1a, desarroll\u00f3 el [&hellip;]<\/p>\n","protected":false},"author":2,"featured_media":617,"comment_status":"open","ping_status":"open","sticky":false,"template":"","format":"standard","meta":{"footnotes":""},"categories":[9],"tags":[18],"class_list":["post-439","post","type-post","status-publish","format-standard","has-post-thumbnail","hentry","category-destacados","tag-programa-de-impulso-al-emprendimiento"],"_links":{"self":[{"href":"https:\/\/revistacampus.uandes.cl\/2024\/wp-json\/wp\/v2\/posts\/439","targetHints":{"allow":["GET"]}}],"collection":[{"href":"https:\/\/revistacampus.uandes.cl\/2024\/wp-json\/wp\/v2\/posts"}],"about":[{"href":"https:\/\/revistacampus.uandes.cl\/2024\/wp-json\/wp\/v2\/types\/post"}],"author":[{"embeddable":true,"href":"https:\/\/revistacampus.uandes.cl\/2024\/wp-json\/wp\/v2\/users\/2"}],"replies":[{"embeddable":true,"href":"https:\/\/revistacampus.uandes.cl\/2024\/wp-json\/wp\/v2\/comments?post=439"}],"version-history":[{"count":23,"href":"https:\/\/revistacampus.uandes.cl\/2024\/wp-json\/wp\/v2\/posts\/439\/revisions"}],"predecessor-version":[{"id":1818,"href":"https:\/\/revistacampus.uandes.cl\/2024\/wp-json\/wp\/v2\/posts\/439\/revisions\/1818"}],"wp:featuredmedia":[{"embeddable":true,"href":"https:\/\/revistacampus.uandes.cl\/2024\/wp-json\/wp\/v2\/media\/617"}],"wp:attachment":[{"href":"https:\/\/revistacampus.uandes.cl\/2024\/wp-json\/wp\/v2\/media?parent=439"}],"wp:term":[{"taxonomy":"category","embeddable":true,"href":"https:\/\/revistacampus.uandes.cl\/2024\/wp-json\/wp\/v2\/categories?post=439"},{"taxonomy":"post_tag","embeddable":true,"href":"https:\/\/revistacampus.uandes.cl\/2024\/wp-json\/wp\/v2\/tags?post=439"}],"curies":[{"name":"wp","href":"https:\/\/api.w.org\/{rel}","templated":true}]}}