{"id":429,"date":"2024-09-05T01:32:44","date_gmt":"2024-09-05T04:32:44","guid":{"rendered":"https:\/\/revistacampus.uandes.cl\/2024\/?p=429"},"modified":"2024-09-06T11:18:02","modified_gmt":"2024-09-06T14:18:02","slug":"mejor-salud-oral-para-los-pueblos-originarios-del-norte-de-chile","status":"publish","type":"post","link":"https:\/\/revistacampus.uandes.cl\/2024\/mejor-salud-oral-para-los-pueblos-originarios-del-norte-de-chile\/","title":{"rendered":"Mejor salud oral para los pueblos originarios del norte de Chile"},"content":{"rendered":"\n<p class=\"has-background\" style=\"background-color:#e3e3e3\"><img decoding=\"async\" width=\"60\" height=\"60\" class=\"wp-image-402\" style=\"width: 60px;\" src=\"https:\/\/revistacampus.uandes.cl\/2024\/wp-content\/uploads\/2024\/08\/VE-POR-MAS.png\" alt=\"\" srcset=\"https:\/\/revistacampus.uandes.cl\/2024\/wp-content\/uploads\/2024\/08\/VE-POR-MAS.png 250w, https:\/\/revistacampus.uandes.cl\/2024\/wp-content\/uploads\/2024\/08\/VE-POR-MAS-150x150.png 150w\" sizes=\"(max-width: 60px) 100vw, 60px\" \/><br><strong>A trav\u00e9s de un Observatorio Epidemiol\u00f3gico <\/strong>se busca conformar una red internacional de vinculaci\u00f3n con las comunidades de pueblos originarios de la macrozona norte de Chile para mejorar el diagn\u00f3stico de su salud oral.<br><br>Por Lucas Bizzarri Lyon<\/p>\n\n\n\n<p>En Chile existen ocho pueblos originarios reconocidos por la <em>Ley Ind\u00edgena<\/em>, que representan el 4,6% de la poblaci\u00f3n total del pa\u00eds. Los pueblos originarios de la macrozona norte corresponden a la segunda etnia m\u00e1s numerosa y viven en zonas alejadas de los grandes centros urbanos del norte, principalmente en el altiplano. El m\u00e1s grande de estos pueblos es el Aimara, con 156.754 personas. Sin embargo, su acceso a la atenci\u00f3n de salud es complejo, dado que est\u00e1n constituidos por comunidades que viven en localidades peque\u00f1as y distantes entre s\u00ed, lo que dificulta la llegada de profesionales de la salud, que son escasos.<\/p>\n\n\n\n<p><strong>\u201cLa salud oral se ve afectada y, sumado a h\u00e1bitos culturales como mascar hoja de coca, convierte a estos habitantes en poblaci\u00f3n de riesgo para el desarrollo de lesiones de la mucosa oral, con potencial de transformarse en c\u00e1ncer\u201d, explica el Dr. <a href=\"https:\/\/www.uandes.cl\/personas\/wilfredo-gonzalez-arriagada\/\" target=\"_blank\" rel=\"noreferrer noopener\">Wilfredo Gonz\u00e1lez<\/a>, acad\u00e9mico de la <a href=\"https:\/\/www.uandes.cl\/carrera\/odontologia\/\" target=\"_blank\" rel=\"noreferrer noopener\">Facultad de Odontolog\u00eda<\/a><\/strong>. \u201cPatolog\u00edas como caries dentales y enfermedad periodontal pueden tener una incidencia diferente en comparaci\u00f3n con la poblaci\u00f3n chilena en general debido a diferencias en la dieta y el menor acceso a la informaci\u00f3n sobre los cuidados de salud oral\u201d, agrega.<\/p>\n\n\n\n<p>El especialista se\u00f1ala que existe una escasez de informaci\u00f3n epidemiol\u00f3gica actualizada sobre la salud oral de los pueblos originarios del norte del pa\u00eds. Adem\u00e1s, no hay evidencia cient\u00edfica suficiente para dise\u00f1ar estrategias de intervenci\u00f3n y pol\u00edticas de salud p\u00fablica espec\u00edficas para estos pueblos.<\/p>\n\n\n<div class=\"wp-block-image\">\n<figure class=\"alignleft size-full is-resized\"><img fetchpriority=\"high\" decoding=\"async\" width=\"1850\" height=\"913\" src=\"https:\/\/revistacampus.uandes.cl\/2024\/wp-content\/uploads\/2024\/08\/MG_5093_-e1724853568742.webp\" alt=\"\" class=\"wp-image-432\" style=\"width:840px;height:auto\" srcset=\"https:\/\/revistacampus.uandes.cl\/2024\/wp-content\/uploads\/2024\/08\/MG_5093_-e1724853568742.webp 1850w, https:\/\/revistacampus.uandes.cl\/2024\/wp-content\/uploads\/2024\/08\/MG_5093_-e1724853568742-300x148.webp 300w, https:\/\/revistacampus.uandes.cl\/2024\/wp-content\/uploads\/2024\/08\/MG_5093_-e1724853568742-1024x505.webp 1024w, https:\/\/revistacampus.uandes.cl\/2024\/wp-content\/uploads\/2024\/08\/MG_5093_-e1724853568742-768x379.webp 768w, https:\/\/revistacampus.uandes.cl\/2024\/wp-content\/uploads\/2024\/08\/MG_5093_-e1724853568742-1536x758.webp 1536w\" sizes=\"(max-width: 1850px) 100vw, 1850px\" \/><figcaption class=\"wp-element-caption\"><sub>El equipo del Observatorio Epidemiol\u00f3gico est\u00e1 conformado por <strong>Wilfredo Gonz\u00e1lez<\/strong> (UANDES), director del proyecto; <strong><a href=\"https:\/\/odontologia.uc.cl\/persona\/dra-cynthia-cantarutti-martinez\/\" target=\"_blank\" rel=\"noreferrer noopener\">Cynthia Cantarutti<\/a><\/strong> (UC), encargada de formaci\u00f3n de pares educadores; <strong>Gerardo Y\u00e9venes<\/strong> (UNAP), encargado de operativos en terreno; <strong><a href=\"https:\/\/uchile.cl\/portafolio-academico\/academico\/98622-Daniela-Adorno-Farias\" target=\"_blank\" rel=\"noreferrer noopener\">Daniela Adorno<\/a><\/strong>, encargada de m\u00f3dulo de capacitaci\u00f3n (UChile); e <strong>Ignacio Molina<\/strong>, colaborador internacional (Hospital Se\u00f1or del Milagro, Argentina).<\/sub><\/figcaption><\/figure>\n<\/div>\n\n\n<h2 class=\"wp-block-heading\"><mark style=\"background-color:rgba(0, 0, 0, 0);color:#e10e17\" class=\"has-inline-color\">Observatorio epidemiol\u00f3gico<\/mark><\/h2>\n\n\n\n<p>Frente a esta realidad, el Dr. Wilfredo Gonz\u00e1lez, junto a una red de investigadores nacionales e internacionales de diferentes universidades, cre\u00f3 un <strong>Observatorio Epidemiol\u00f3gico Interdisciplinario de Salud Oral<\/strong>. Este observatorio se basa en la experiencia de trabajos similares realizados en el extranjero y tiene como objetivo la vinculaci\u00f3n con las comunidades de pueblos originarios de la macrozona norte de Chile, respetando par\u00e1metros interculturales y \u00e9tnicos.<\/p>\n\n\n\n<p>\u201c<strong>Estamos haciendo un diagn\u00f3stico epidemiol\u00f3gico y formando profesionales de la macrozona norte de Chile<\/strong> para la mantenci\u00f3n en el tiempo de los objetivos del Observatorio Epidemiol\u00f3gico. Adem\u00e1s, los resultados se han extendido hacia una correcta intervenci\u00f3n, con <strong>formaci\u00f3n de pares educadores en salud oral<\/strong>, entre los mismos habitantes de la comunidad. Esto permitir\u00e1 una acci\u00f3n preventiva m\u00e1s eficaz en relaci\u00f3n con patolog\u00edas odontol\u00f3gicas comunes, como caries y enfermedad periodontal, y otras menos comunes, como los des\u00f3rdenes potencialmente malignos y c\u00e1ncer de la cavidad oral\u201d, concluye el Dr. Gonz\u00e1lez<strong>.<\/strong><\/p>\n\n\n\n<div class=\"wp-block-columns is-layout-flex wp-container-core-columns-is-layout-9d6595d7 wp-block-columns-is-layout-flex\">\n<div class=\"wp-block-column is-vertically-aligned-center is-layout-flow wp-block-column-is-layout-flow\" style=\"flex-basis:50%\">\n<figure class=\"wp-block-image size-full is-resized is-style-default\"><img decoding=\"async\" width=\"453\" height=\"461\" src=\"https:\/\/revistacampus.uandes.cl\/2024\/wp-content\/uploads\/2024\/08\/032-034-Investigacion-ODO-Pueblos-originarios.png\" alt=\"\" class=\"wp-image-601\" style=\"width:360px;height:auto\" srcset=\"https:\/\/revistacampus.uandes.cl\/2024\/wp-content\/uploads\/2024\/08\/032-034-Investigacion-ODO-Pueblos-originarios.png 453w, https:\/\/revistacampus.uandes.cl\/2024\/wp-content\/uploads\/2024\/08\/032-034-Investigacion-ODO-Pueblos-originarios-295x300.png 295w\" sizes=\"(max-width: 453px) 100vw, 453px\" \/><\/figure>\n<\/div>\n\n\n\n<div class=\"wp-block-column is-vertically-aligned-center is-layout-flow wp-block-column-is-layout-flow\" style=\"flex-basis:50%\">\n<p class=\"has-text-align-center\"><img loading=\"lazy\" decoding=\"async\" width=\"50\" height=\"50\" class=\"wp-image-209\" style=\"width: 50px;\" src=\"https:\/\/revistacampus.uandes.cl\/2024\/wp-content\/uploads\/2024\/08\/comillas-4.png\" alt=\"\" srcset=\"https:\/\/revistacampus.uandes.cl\/2024\/wp-content\/uploads\/2024\/08\/comillas-4.png 360w, https:\/\/revistacampus.uandes.cl\/2024\/wp-content\/uploads\/2024\/08\/comillas-4-300x300.png 300w, https:\/\/revistacampus.uandes.cl\/2024\/wp-content\/uploads\/2024\/08\/comillas-4-150x150.png 150w\" sizes=\"(max-width: 50px) 100vw, 50px\" \/><br><em>\u201cEn nuestra regi\u00f3n, donde la diversidad cultural de nuestros pueblos originarios se convierte en nuestra riqueza, se nos plantean desaf\u00edos y oportunidades de colaboraci\u00f3n y aprendizaje mutuo, donde esperamos que en el futuro haya una salud oral accesible para todos.\u201d<\/em> <br><strong>Dr. Wilfredo Gonz\u00e1lez, <\/strong><br><strong>acad\u00e9mico de la Facultad de Odontolog\u00eda<\/strong><\/p>\n<\/div>\n<\/div>\n\n\n\n<h2 class=\"wp-block-heading\"><mark style=\"background-color:rgba(0, 0, 0, 0);color:#e10e17\" class=\"has-inline-color\">Fondos ANID<\/mark><\/h2>\n\n\n\n<div class=\"wp-block-columns is-layout-flex wp-container-core-columns-is-layout-9d6595d7 wp-block-columns-is-layout-flex\">\n<div class=\"wp-block-column is-layout-flow wp-block-column-is-layout-flow\">\n<p>Este proyecto se origina en un fondo adjudicado a trav\u00e9s del <strong>concurso de Fomento a la Vinculaci\u00f3n Internacional 2022<\/strong>, de la Agencia Nacional de Investigaci\u00f3n y Desarrollo (<a href=\"https:\/\/anid.cl\/\" target=\"_blank\" rel=\"noreferrer noopener\">ANID<\/a>), por lo que re\u00fane a universidades e instituciones nacionales y extranjeras.<\/p>\n\n\n\n<div class=\"wp-block-columns is-layout-flex wp-container-core-columns-is-layout-9d6595d7 wp-block-columns-is-layout-flex\">\n<div class=\"wp-block-column is-layout-flow wp-block-column-is-layout-flow\" style=\"flex-basis:100%\">\n<p>Hay una colaboraci\u00f3n importante con la carrera de <strong>Odontolog\u00eda de la <a href=\"https:\/\/www.unap.cl\/prontus_unap\/site\/edic\/base\/port\/inicio.html\" target=\"_blank\" rel=\"noreferrer noopener\">Universidad Arturo Prat<\/a> (UNAP)<\/strong> y un v\u00ednculo con profesionales del \u00e1rea de la salud oral y epidemiolog\u00eda de las universidades <a href=\"https:\/\/www.uc.cl\/\" target=\"_blank\" rel=\"noreferrer noopener\">Cat\u00f3lica<\/a>, <a href=\"https:\/\/uchile.cl\/\" target=\"_blank\" rel=\"noreferrer noopener\">de Chile<\/a> y <a href=\"https:\/\/www.umayor.cl\/santiago\" target=\"_blank\" rel=\"noreferrer noopener\">Mayor<\/a>. Tambi\u00e9n colaboran la <a href=\"https:\/\/www.ucsm.edu.pe\/\" target=\"_blank\" rel=\"noreferrer noopener\">Universidad Cat\u00f3lica de Santa Mar\u00eda<\/a> (UCSM), de Per\u00fa; el <a href=\"https:\/\/www.instagram.com\/hospitaldelmilagrosalta\/?hl=es-la\" target=\"_blank\" rel=\"noreferrer noopener\">Hospital Se\u00f1or del Milagro<\/a>, de Argentina; y, de Brasil, las universidades <a href=\"https:\/\/unicamp.br\/\" target=\"_blank\" rel=\"noreferrer noopener\">Estadual de Campinas<\/a> (UNICAMP), <a href=\"https:\/\/portal.ufpel.edu.br\/es\/\" target=\"_blank\" rel=\"noreferrer noopener\">Federal de Pelotas<\/a> (UFPEL) y <a href=\"https:\/\/www.ufba.br\/\" target=\"_blank\" rel=\"noreferrer noopener\">Federal de Bah\u00eda<\/a> (UFBA).<\/p>\n\n\n\n<p>La conformaci\u00f3n de esta red ha permitido implementar una <strong>plataforma <em>online <\/em>asincr\u00f3nica para capacitar a profesionales de la salud para la atenci\u00f3n de las comunidades de pueblos originarios<\/strong>, producto que quedar\u00e1 disponible para educaci\u00f3n continua en la zona. Tambi\u00e9n ha posibilitado el desarrollo de <strong>investigaci\u00f3n cuantitativa y cualitativa sobre la salud oral de la poblaci\u00f3n aimara y quechua inscrita en el CESFAM de Pica<\/strong>, que facilitar\u00e1 el diagn\u00f3stico epidemiol\u00f3gico. En conjunto, <strong>esta red sienta las bases del observatorio epidemiol\u00f3gico mediante informaci\u00f3n diagn\u00f3stica, formaci\u00f3n de profesionales y publicaciones cient\u00edficas<\/strong> derivadas del estudio, que finaliza este semestre.<mark style=\"background-color:rgba(0, 0, 0, 0);color:#e10e17\" class=\"has-inline-color\"><strong>&gt;<\/strong><\/mark><\/p>\n<\/div>\n<\/div>\n<\/div>\n\n\n\n<div class=\"wp-block-column is-layout-flow wp-block-column-is-layout-flow\" style=\"flex-basis:40%\">\n<figure class=\"wp-block-image size-large is-resized\"><img loading=\"lazy\" decoding=\"async\" width=\"1024\" height=\"682\" src=\"https:\/\/revistacampus.uandes.cl\/2024\/wp-content\/uploads\/2024\/08\/032-034-Investigacion-ODO-Pueblos-originarios-2_-1024x682.webp\" alt=\"\" class=\"wp-image-433\" style=\"aspect-ratio:1;object-fit:cover;width:377px;height:auto\" srcset=\"https:\/\/revistacampus.uandes.cl\/2024\/wp-content\/uploads\/2024\/08\/032-034-Investigacion-ODO-Pueblos-originarios-2_-1024x682.webp 1024w, https:\/\/revistacampus.uandes.cl\/2024\/wp-content\/uploads\/2024\/08\/032-034-Investigacion-ODO-Pueblos-originarios-2_-300x200.webp 300w, https:\/\/revistacampus.uandes.cl\/2024\/wp-content\/uploads\/2024\/08\/032-034-Investigacion-ODO-Pueblos-originarios-2_-768x512.webp 768w, https:\/\/revistacampus.uandes.cl\/2024\/wp-content\/uploads\/2024\/08\/032-034-Investigacion-ODO-Pueblos-originarios-2_-1536x1024.webp 1536w, https:\/\/revistacampus.uandes.cl\/2024\/wp-content\/uploads\/2024\/08\/032-034-Investigacion-ODO-Pueblos-originarios-2_.webp 2000w\" sizes=\"(max-width: 1024px) 100vw, 1024px\" \/><figcaption class=\"wp-element-caption\"><sub>Los acad\u00e9micos y profesionales que forman parte del proyecto han realizado una serie de operativos, siendo el \u00faltimo en la comuna de Pica, Regi\u00f3n de Tarapac\u00e1. En la foto, se puede ver al profesor <strong>Wilfredo Gonz\u00e1lez<\/strong> junto al alcalde de Pica, <strong>Iv\u00e1n Infante<\/strong>, y al rector de la Universidad Arturo Prat, <strong>Alberto Mart\u00ednez<\/strong>.<\/sub><\/figcaption><\/figure>\n<\/div>\n<\/div>\n\n\n\n<figure class=\"wp-block-embed is-type-video is-provider-vimeo wp-block-embed-vimeo wp-embed-aspect-16-9 wp-has-aspect-ratio\"><div class=\"wp-block-embed__wrapper\">\n<iframe title=\"UNAP-Observatorio Pica 4K\" src=\"https:\/\/player.vimeo.com\/video\/1006229294?dnt=1&amp;app_id=122963\" width=\"800\" height=\"450\" frameborder=\"0\" allow=\"autoplay; fullscreen; picture-in-picture; clipboard-write\"><\/iframe>\n<\/div><\/figure>\n\n\n\n<p><sub>Los acad\u00e9micos y profesionales que forman parte del proyecto han realizado una serie de operativos, siendo el \u00faltimo en la comuna de Pica, Regi\u00f3n de Tarapac\u00e1. <\/sub><\/p>\n","protected":false},"excerpt":{"rendered":"<p>A trav\u00e9s de un Observatorio Epidemiol\u00f3gico se busca conformar una red internacional de vinculaci\u00f3n con las comunidades de pueblos originarios de la macrozona norte de Chile para mejorar el diagn\u00f3stico de su salud oral. Por Lucas Bizzarri Lyon En Chile existen ocho pueblos originarios reconocidos por la Ley Ind\u00edgena, que representan el 4,6% de la [&hellip;]<\/p>\n","protected":false},"author":2,"featured_media":431,"comment_status":"open","ping_status":"open","sticky":false,"template":"","format":"standard","meta":{"footnotes":"[]"},"categories":[7,38,1],"tags":[],"class_list":["post-429","post","type-post","status-publish","format-standard","has-post-thumbnail","hentry","category-investigacion","category-salud","category-sin-categoria"],"_links":{"self":[{"href":"https:\/\/revistacampus.uandes.cl\/2024\/wp-json\/wp\/v2\/posts\/429","targetHints":{"allow":["GET"]}}],"collection":[{"href":"https:\/\/revistacampus.uandes.cl\/2024\/wp-json\/wp\/v2\/posts"}],"about":[{"href":"https:\/\/revistacampus.uandes.cl\/2024\/wp-json\/wp\/v2\/types\/post"}],"author":[{"embeddable":true,"href":"https:\/\/revistacampus.uandes.cl\/2024\/wp-json\/wp\/v2\/users\/2"}],"replies":[{"embeddable":true,"href":"https:\/\/revistacampus.uandes.cl\/2024\/wp-json\/wp\/v2\/comments?post=429"}],"version-history":[{"count":24,"href":"https:\/\/revistacampus.uandes.cl\/2024\/wp-json\/wp\/v2\/posts\/429\/revisions"}],"predecessor-version":[{"id":1463,"href":"https:\/\/revistacampus.uandes.cl\/2024\/wp-json\/wp\/v2\/posts\/429\/revisions\/1463"}],"wp:featuredmedia":[{"embeddable":true,"href":"https:\/\/revistacampus.uandes.cl\/2024\/wp-json\/wp\/v2\/media\/431"}],"wp:attachment":[{"href":"https:\/\/revistacampus.uandes.cl\/2024\/wp-json\/wp\/v2\/media?parent=429"}],"wp:term":[{"taxonomy":"category","embeddable":true,"href":"https:\/\/revistacampus.uandes.cl\/2024\/wp-json\/wp\/v2\/categories?post=429"},{"taxonomy":"post_tag","embeddable":true,"href":"https:\/\/revistacampus.uandes.cl\/2024\/wp-json\/wp\/v2\/tags?post=429"}],"curies":[{"name":"wp","href":"https:\/\/api.w.org\/{rel}","templated":true}]}}