{"id":421,"date":"2024-09-05T03:06:51","date_gmt":"2024-09-05T06:06:51","guid":{"rendered":"https:\/\/revistacampus.uandes.cl\/2024\/?p=421"},"modified":"2024-09-06T11:17:38","modified_gmt":"2024-09-06T14:17:38","slug":"avanza-la-deteccion-temprana-del-alzheimer","status":"publish","type":"post","link":"https:\/\/revistacampus.uandes.cl\/2024\/avanza-la-deteccion-temprana-del-alzheimer\/","title":{"rendered":"Avanza la detecci\u00f3n temprana del Alzheimer"},"content":{"rendered":"\n<p class=\"has-background\" style=\"background-color:#e3e3e3\"><img decoding=\"async\" width=\"60\" height=\"60\" class=\"wp-image-402\" style=\"width: 60px;\" src=\"https:\/\/revistacampus.uandes.cl\/2024\/wp-content\/uploads\/2024\/08\/VE-POR-MAS.png\" alt=\"\" srcset=\"https:\/\/revistacampus.uandes.cl\/2024\/wp-content\/uploads\/2024\/08\/VE-POR-MAS.png 250w, https:\/\/revistacampus.uandes.cl\/2024\/wp-content\/uploads\/2024\/08\/VE-POR-MAS-150x150.png 150w\" sizes=\"(max-width: 60px) 100vw, 60px\" \/><br><strong>Investigadores del Centro de Investigaci\u00f3n e Innovaci\u00f3n Biom\u00e9dica (CiiB)<\/strong>, junto con la Facultad de Ingenier\u00eda y Ciencias Aplicadas, la Cl\u00ednica UANDES y el Centro IMPACT investigan un test diagn\u00f3stico para la detecci\u00f3n temprana del Alzheimer.<br><br>Por Francisca Miranda Casanova<\/p>\n\n\n\n<p>En el Laboratorio de Neurociencias del <a href=\"https:\/\/www.uandes.cl\/ciib\/el-centro\/\">CiiB<\/a> se desarrolla un proyecto pionero en la detecci\u00f3n temprana del Alzheimer mediante el an\u00e1lisis de ves\u00edculas extracelulares. Este avance podr\u00eda revolucionar la manera en que se diagnostican enfermedades neurodegenerativas, ofreciendo una alternativa menos invasiva y m\u00e1s accesible.<\/p>\n\n\n\n<p>El proyecto liderado por<a href=\"https:\/\/investigadores.uandes.cl\/es\/persons\/alejandro-ernesto-luarte-navarro\"> Alejandro Luarte <\/a>y <a href=\"https:\/\/investigadores.uandes.cl\/es\/persons\/\u00farsula-wyneken\">\u00darsula Wyneken<\/a> propone elaborar un m\u00e9todo para la detecci\u00f3n temprana y precisa de trastornos cognitivos, como el deterioro cognitivo leve y la demencia. Estas innovaciones, que apuntan a mejorar la calidad de vida de los pacientes con diagn\u00f3stico temprano y tratamiento oportuno, posicionan a la Universidad y al pa\u00eds en investigaci\u00f3n biom\u00e9dica en la regi\u00f3n.<\/p>\n\n\n\n<p>\u201cEl <a href=\"https:\/\/www.uandes.cl\/ciib\/el-centro\/\">CiiB<\/a> busca ser uno de los l\u00edderes en investigaci\u00f3n e innovaci\u00f3n biom\u00e9dica en Chile, desarrollando tecnolog\u00edas avanzadas para el diagn\u00f3stico y tratamiento de enfermedades. Adem\u00e1s, al integrar aspectos de biolog\u00eda celular e inteligencia artificial para el desarrollo de un test diagn\u00f3stico, impulsamos el uso de tecnolog\u00edas de vanguardia en la pr\u00e1ctica m\u00e9dica, lo que puede mejorar la eficiencia del sistema en el \u00e1mbito de salud mental\u201d, explica el director del CiiB, <a href=\"https:\/\/investigadores.uandes.cl\/es\/persons\/luis-federico-batiz\">Federico B\u00e1tiz<\/a>.<\/p>\n\n\n\n<div class=\"wp-block-columns is-layout-flex wp-container-core-columns-is-layout-9d6595d7 wp-block-columns-is-layout-flex\">\n<div class=\"wp-block-column is-layout-flow wp-block-column-is-layout-flow\" style=\"flex-basis:60%\">\n<figure class=\"wp-block-image size-large\"><img fetchpriority=\"high\" decoding=\"async\" width=\"1024\" height=\"683\" src=\"https:\/\/revistacampus.uandes.cl\/2024\/wp-content\/uploads\/2024\/08\/Luarte-y-Wynecken_CiiB-UANDES-2-1024x683.jpg\" alt=\"\" class=\"wp-image-556\" srcset=\"https:\/\/revistacampus.uandes.cl\/2024\/wp-content\/uploads\/2024\/08\/Luarte-y-Wynecken_CiiB-UANDES-2-1024x683.jpg 1024w, https:\/\/revistacampus.uandes.cl\/2024\/wp-content\/uploads\/2024\/08\/Luarte-y-Wynecken_CiiB-UANDES-2-300x200.jpg 300w, https:\/\/revistacampus.uandes.cl\/2024\/wp-content\/uploads\/2024\/08\/Luarte-y-Wynecken_CiiB-UANDES-2-768x512.jpg 768w, https:\/\/revistacampus.uandes.cl\/2024\/wp-content\/uploads\/2024\/08\/Luarte-y-Wynecken_CiiB-UANDES-2-1536x1024.jpg 1536w, https:\/\/revistacampus.uandes.cl\/2024\/wp-content\/uploads\/2024\/08\/Luarte-y-Wynecken_CiiB-UANDES-2.jpg 1920w\" sizes=\"(max-width: 1024px) 100vw, 1024px\" \/><\/figure>\n<\/div>\n\n\n\n<div class=\"wp-block-column is-vertically-aligned-center is-layout-flow wp-block-column-is-layout-flow\" style=\"flex-basis:40%\">\n<p class=\"has-text-align-center\"><img decoding=\"async\" width=\"50\" height=\"50\" class=\"wp-image-209\" style=\"width: 50px;\" src=\"https:\/\/revistacampus.uandes.cl\/2024\/wp-content\/uploads\/2024\/08\/comillas-4.png\" alt=\"\" srcset=\"https:\/\/revistacampus.uandes.cl\/2024\/wp-content\/uploads\/2024\/08\/comillas-4.png 360w, https:\/\/revistacampus.uandes.cl\/2024\/wp-content\/uploads\/2024\/08\/comillas-4-300x300.png 300w, https:\/\/revistacampus.uandes.cl\/2024\/wp-content\/uploads\/2024\/08\/comillas-4-150x150.png 150w\" sizes=\"(max-width: 50px) 100vw, 50px\" \/><br><em>&#8220;Mediante un test, apostamos a diagnosticar si la persona tiene deterioro cognitivo y si es de tipo amn\u00e9sico o no\u201d<\/em> <br><strong>Alejandro Luarte, investigador del CiiB<\/strong><\/p>\n<\/div>\n<\/div>\n\n\n\n<h2 class=\"wp-block-heading\"><mark style=\"background-color:rgba(0, 0, 0, 0);color:#e10e17\" class=\"has-inline-color\">El proyecto y su origen<\/mark><\/h2>\n\n\n\n<p>La idea surgi\u00f3 durante una conversaci\u00f3n en el Laboratorio de Neurociencias, cuando \u00darsula Wyneken y Alejandro Luarte dijeron: \u2018\u00bfpor qu\u00e9 no probamos esto?\u2019. \u201cLa doctora fue una gran impulsora. Recuerdo que dijo: \u2018mira, yo tengo estas muestras, puedes probar alguna\u2019. Fue muy generosa en apoyarnos y compartir su material\u201d, relata el investigador sobre los antecedentes aportados por la Ph.D. en Biomedicina, quien dirige estudios sobre biomarcadores en trastorno bipolar y depresi\u00f3n.<br><br>Las ves\u00edculas extracelulares son peque\u00f1as part\u00edculas que circulan en fluidos corporales, como sangre, saliva y l\u00edquido cefalorraqu\u00eddeo, y pueden transportar informaci\u00f3n crucial de distintos \u00f3rganos. \u201cSi podemos analizar estas ves\u00edculas y determinar su origen cerebral, podemos entender lo que sucede en el cerebro sin necesidad de procedimientos invasivos,\u201d explica el Ph.D. en Neurociencias.<\/p>\n\n\n\n<p>El proyecto avanza con fondos del<a href=\"https:\/\/nam.edu\"> National Academy of Medicine<\/a> (NAM) y se desarrolla en <a href=\"https:\/\/www.uandes.cl\/noticias\/cosam-de-la-reina-se-suma-a-estudio-clinico-sobre-deterioro-cognitivo-en-adultos-mayores\/\">colaboraci\u00f3n con el Centro Comunitario de Salud Mental (COSAM) de La Reina<\/a>, neur\u00f3logos de la <a href=\"https:\/\/www.clinicauandes.cl\">Cl\u00ednica Universidad de los Andes<\/a>, la <a href=\"https:\/\/www.uandes.cl\/facultad\/facultad-de-ingenieria-y-ciencias-aplicadas\/\">Facultad de Ingenier\u00eda<\/a> y el Centro de Excelencia <a href=\"https:\/\/centroimpact.cl\">IMPACT<\/a>. El objetivo de este Centro, con sede en la UANDES, es trasladar de manera r\u00e1pida y eficiente nuevos tratamientos y terapias avanzadas en ensayos cl\u00ednicos, que mejoren la calidad de vida y la salud humana, con soluciones cl\u00ednicas de \u00faltima generaci\u00f3n para cuatro \u00e1reas: c\u00e1ncer, perinatal, musculoesquel\u00e9tico y salud mental. \u201cEl aporte de IMPACT fue doble, pues nos animaron y ayudaron a postular al proyecto NAM e incluyeron en nuestro equipo al ingeniero en biotecnolog\u00eda Pablo Lazcano, quien ha liderado las mediciones experimentales de los pacientes, junto con la bioqu\u00edmica Soledad Sandoval\u201d, explica el investigador.<\/p>\n\n\n\n<div class=\"wp-block-columns is-layout-flex wp-container-core-columns-is-layout-9d6595d7 wp-block-columns-is-layout-flex\">\n<div class=\"wp-block-column is-layout-flow wp-block-column-is-layout-flow\" style=\"flex-basis:60%\">\n<p>\u201cHasta ahora el principal m\u00e9todo diagn\u00f3stico es cl\u00ednico, con ayuda de ex\u00e1menes complementarios. Sin embargo, llega solo a los niveles de \u2018posible\u2019 y \u2018probable\u2019\u201d, describe el Dr.<a href=\"https:\/\/www.uandes.cl\/personas\/ignacio-gonzalez-alcalde-2\/\"> Ignacio Gonz\u00e1lez<\/a>, neur\u00f3logo de la Cl\u00ednica UANDES. \u201cEl diagn\u00f3stico definitivo se hace solo por an\u00e1lisis patol\u00f3gico de una muestra. Evidentemente, es muy tarde. Existe la necesidad de contar con buenos biomarcadores para entender mejor la enfermedad de Alzheimer, hacer investigaci\u00f3n para desarrollar terapias efectivas\u201d, agrega el profesor de la <a href=\"https:\/\/www.google.com\/search?client=safari&amp;rls=en&amp;q=facultad+de+medicina+uandes&amp;ie=UTF-8&amp;oe=UTF-8\">Facultad de Medicina<\/a>.<\/p>\n<\/div>\n\n\n\n<div class=\"wp-block-column is-vertically-aligned-center is-layout-flow wp-block-column-is-layout-flow\"><div class=\"wp-block-image is-style-default\">\n<figure class=\"aligncenter size-full is-resized\"><img loading=\"lazy\" decoding=\"async\" width=\"409\" height=\"401\" src=\"https:\/\/revistacampus.uandes.cl\/2024\/wp-content\/uploads\/2024\/08\/Avanza-la-deteccion-temprana-del-Alzheimer3.png\" alt=\"\" class=\"wp-image-594\" style=\"aspect-ratio:1;object-fit:cover;width:266px;height:auto\" srcset=\"https:\/\/revistacampus.uandes.cl\/2024\/wp-content\/uploads\/2024\/08\/Avanza-la-deteccion-temprana-del-Alzheimer3.png 409w, https:\/\/revistacampus.uandes.cl\/2024\/wp-content\/uploads\/2024\/08\/Avanza-la-deteccion-temprana-del-Alzheimer3-300x294.png 300w\" sizes=\"(max-width: 409px) 100vw, 409px\" \/><figcaption class=\"wp-element-caption\"><em><strong>Ignacio Gonz\u00e1lez, <\/strong><br>neur\u00f3logo de la Cl\u00ednica UANDES<\/em><\/figcaption><\/figure>\n<\/div><\/div>\n<\/div>\n\n\n\n<p><\/p>\n\n\n\n<p>\u201cLa detecci\u00f3n temprana de trastornos cognitivos es crucial para intervenir a tiempo y prevenir o enlentecer la progresi\u00f3n de enfermedades neurodegenerativas\u201d, complementa el Dr. B\u00e1tiz. \u201cComo CiiB, nos interesa promover el desarrollo de estas tecnolog\u00edas, no solo porque representan una oportunidad para contribuir a la innovaci\u00f3n en el campo de la neurolog\u00eda cl\u00ednica, proporcionando a los m\u00e9dicos herramientas diagn\u00f3sticas m\u00e1s precisas y eficientes, sino tambi\u00e9n porque su desarrollo repercutir\u00eda significativamente en mejorar la calidad de vida de los pacientes\u201d, agrega el Ph.D. en Biolog\u00eda Celular y Molecular.<\/p>\n\n\n\n<figure class=\"wp-block-image size-large is-style-default\"><img loading=\"lazy\" decoding=\"async\" width=\"1024\" height=\"769\" src=\"https:\/\/revistacampus.uandes.cl\/2024\/wp-content\/uploads\/2024\/08\/COSAM-La-Reina-en-el-CiiB-1_-1024x769.webp\" alt=\"\" class=\"wp-image-425\" style=\"aspect-ratio:16\/9;object-fit:cover\" srcset=\"https:\/\/revistacampus.uandes.cl\/2024\/wp-content\/uploads\/2024\/08\/COSAM-La-Reina-en-el-CiiB-1_-1024x769.webp 1024w, https:\/\/revistacampus.uandes.cl\/2024\/wp-content\/uploads\/2024\/08\/COSAM-La-Reina-en-el-CiiB-1_-300x225.webp 300w, https:\/\/revistacampus.uandes.cl\/2024\/wp-content\/uploads\/2024\/08\/COSAM-La-Reina-en-el-CiiB-1_-768x576.webp 768w, https:\/\/revistacampus.uandes.cl\/2024\/wp-content\/uploads\/2024\/08\/COSAM-La-Reina-en-el-CiiB-1_-1536x1153.webp 1536w, https:\/\/revistacampus.uandes.cl\/2024\/wp-content\/uploads\/2024\/08\/COSAM-La-Reina-en-el-CiiB-1_.webp 2000w\" sizes=\"(max-width: 1024px) 100vw, 1024px\" \/><figcaption class=\"wp-element-caption\"><em><sub>Los investigadores del proyecto recibieron a personas mayores del COSAM La Reina en los laboratorios de la Universidad.<\/sub><\/em><\/figcaption><\/figure>\n\n\n\n<p><\/p>\n\n\n\n<h2 class=\"wp-block-heading\"><mark style=\"background-color:rgba(0, 0, 0, 0);color:#e10e17\" class=\"has-inline-color\">Impacto en la comunidad y multidisciplinariedad<\/mark><\/h2>\n\n\n\n<p>La colaboraci\u00f3n con el centro comunitario y la Facultad de Ingenier\u00eda ha sido fundamental para el proyecto. \u201cEntre el COSAM de La Reina y la Cl\u00ednica ya llevamos sobre 100 pacientes\u201d, afirma Alejandro Luarte. \u201cParte del an\u00e1lisis total implica examinar muchas im\u00e1genes y datos masivos, lo que ha sido posible gracias a la automatizaci\u00f3n y la inteligencia artificial, \u00e1reas en las que hemos recibido un apoyo crucial\u201d, agrega.<\/p>\n\n\n\n<p><\/p>\n\n\n\n<p><\/p>\n\n\n\n<div class=\"wp-block-columns is-layout-flex wp-container-core-columns-is-layout-9d6595d7 wp-block-columns-is-layout-flex\">\n<div class=\"wp-block-column is-vertically-aligned-center is-layout-flow wp-block-column-is-layout-flow\"><div class=\"wp-block-image is-style-default\">\n<figure class=\"aligncenter size-full is-resized\"><img loading=\"lazy\" decoding=\"async\" width=\"402\" height=\"397\" src=\"https:\/\/revistacampus.uandes.cl\/2024\/wp-content\/uploads\/2024\/08\/Avanza-la-deteccion-temprana-del-Alzheimer2-1.png\" alt=\"\" class=\"wp-image-596\" style=\"aspect-ratio:1;object-fit:cover;width:300px;height:auto\" srcset=\"https:\/\/revistacampus.uandes.cl\/2024\/wp-content\/uploads\/2024\/08\/Avanza-la-deteccion-temprana-del-Alzheimer2-1.png 402w, https:\/\/revistacampus.uandes.cl\/2024\/wp-content\/uploads\/2024\/08\/Avanza-la-deteccion-temprana-del-Alzheimer2-1-300x296.png 300w\" sizes=\"(max-width: 402px) 100vw, 402px\" \/><figcaption class=\"wp-element-caption\"><em><strong>Jos\u00e9 Delpiano,<\/strong><br>acad\u00e9mico de Ingenier\u00eda<\/em><\/figcaption><\/figure>\n<\/div><\/div>\n\n\n\n<div class=\"wp-block-column is-layout-flow wp-block-column-is-layout-flow\" style=\"flex-basis:60%\">\n<p>\u201cGeneramos informaci\u00f3n m\u00e1s r\u00e1pida y certera, para hacer algo estad\u00edsticamente representativo\u201d, confirma <a href=\"https:\/\/investigadores.uandes.cl\/es\/persons\/jos\u00e9-francisco-delpiano\">Jos\u00e9 Delpiano<\/a>, acad\u00e9mico de la Facultad de Ingenier\u00eda, sobre su trabajo conjunto. \u201cEn el Laboratorio de Neurociencias hacen muchas muestras de estas c\u00e9lulas y el microscopio de alto desempe\u00f1o saca muchas im\u00e1genes. Si esto se hubiese hecho manualmente, ser\u00edan muchas horas dedicadas por un especialista\u201d, explica el investigador, quien trabaja en el tema junto al tesista Ignacio Mu\u00f1oz. \u201cTambi\u00e9n le a\u00f1ade objetividad, porque, como sabemos, el an\u00e1lisis humano tiene subjetividad\u201d, agrega el especialista en visi\u00f3n artificial.<\/p>\n\n\n\n<p>\u201cEste tipo de colaboraci\u00f3n tiene mucho potencial, porque son temas tan espec\u00edficos que se necesita trabajar en equipo interdisciplinario\u201d, reflexiona el Ph.D. en Ingenier\u00eda El\u00e9ctrica. \u201cPor ejemplo, yo no entiendo sobre toda la biolog\u00eda para trabajar en neurociencia y ellos, en cambio, no tienen la experiencia sobre la ciencia de la computaci\u00f3n que hay detr\u00e1s. Por eso, es s\u00faper buena mezcla\u201d.<\/p>\n<\/div>\n<\/div>\n\n\n\n<p>El proyecto tambi\u00e9n ha involucrado a la comunidad, al colaborar con vecinos de La Reina. \u201cTrabajar con pacientes nos ha permitido entender mejor sus necesidades y ha transformado nuestra perspectiva sobre la investigaci\u00f3n\u201d, afirma Alejandro Luarte. \u201cCuando vinieron para una actividad, desayunamos con ellos, conocieron los laboratorios, conversamos sobre la enfermedad de Alzheimer o la demencia, sobre m\u00e9todos de autocuidado, de qu\u00e9 se trata el estudio\u201d, recuerda. \u201cCuando est\u00e1s en contacto con las personas, el trabajo con c\u00e9lulas deja de ser \u2018solo ciencia\u2019. Ac\u00e1 uno tiene la idea de que hay que hacerlo todo bien, porque est\u00e1s lidiando con un drama humano que ya viste, un dolor que est\u00e1 presente, entonces, cada paso lo hemos tratado de hacer mejor a\u00fan\u201d, asegura el investigador.<\/p>\n\n\n\n<div class=\"wp-block-columns is-layout-flex wp-container-core-columns-is-layout-9d6595d7 wp-block-columns-is-layout-flex\">\n<div class=\"wp-block-column is-layout-flow wp-block-column-is-layout-flow\" style=\"flex-basis:60%\">\n<figure class=\"wp-block-image size-large\"><img loading=\"lazy\" decoding=\"async\" width=\"1024\" height=\"683\" src=\"https:\/\/revistacampus.uandes.cl\/2024\/wp-content\/uploads\/2024\/08\/Luarte-y-Wynecken_CiiB-UANDES-1-1024x683.jpg\" alt=\"\" class=\"wp-image-558\" srcset=\"https:\/\/revistacampus.uandes.cl\/2024\/wp-content\/uploads\/2024\/08\/Luarte-y-Wynecken_CiiB-UANDES-1-1024x683.jpg 1024w, https:\/\/revistacampus.uandes.cl\/2024\/wp-content\/uploads\/2024\/08\/Luarte-y-Wynecken_CiiB-UANDES-1-300x200.jpg 300w, https:\/\/revistacampus.uandes.cl\/2024\/wp-content\/uploads\/2024\/08\/Luarte-y-Wynecken_CiiB-UANDES-1-768x512.jpg 768w, https:\/\/revistacampus.uandes.cl\/2024\/wp-content\/uploads\/2024\/08\/Luarte-y-Wynecken_CiiB-UANDES-1-1536x1024.jpg 1536w, https:\/\/revistacampus.uandes.cl\/2024\/wp-content\/uploads\/2024\/08\/Luarte-y-Wynecken_CiiB-UANDES-1.jpg 1920w\" sizes=\"(max-width: 1024px) 100vw, 1024px\" \/><\/figure>\n<\/div>\n\n\n\n<div class=\"wp-block-column is-vertically-aligned-center is-layout-flow wp-block-column-is-layout-flow\" style=\"flex-basis:40%\">\n<blockquote class=\"wp-block-quote is-layout-flow wp-block-quote-is-layout-flow\">\n<p class=\"has-text-align-center\"><img decoding=\"async\" width=\"50\" height=\"50\" class=\"wp-image-209\" style=\"width: 50px;\" src=\"https:\/\/revistacampus.uandes.cl\/2024\/wp-content\/uploads\/2024\/08\/comillas-4.png\" alt=\"\" srcset=\"https:\/\/revistacampus.uandes.cl\/2024\/wp-content\/uploads\/2024\/08\/comillas-4.png 360w, https:\/\/revistacampus.uandes.cl\/2024\/wp-content\/uploads\/2024\/08\/comillas-4-300x300.png 300w, https:\/\/revistacampus.uandes.cl\/2024\/wp-content\/uploads\/2024\/08\/comillas-4-150x150.png 150w\" sizes=\"(max-width: 50px) 100vw, 50px\" \/><br><em>\u201cCuando est\u00e1s en contacto con las personas, el trabajo con c\u00e9lulas deja de ser \u2018solo ciencia\u2019\u2026 porque est\u00e1s lidiando con un drama humano que ya viste.\u201d<\/em> <br><strong>Alejandro Luarte, investigador del CiiB<\/strong><\/p>\n<\/blockquote>\n<\/div>\n<\/div>\n\n\n\n<h2 class=\"wp-block-heading\"><mark style=\"background-color:rgba(0, 0, 0, 0);color:#e10e17\" class=\"has-inline-color\">Futuro y desaf\u00edos <\/mark><\/h2>\n\n\n\n<p>Por el momento, el equipo est\u00e1 enfocado en levantar nuevos fondos para hacer el estudio m\u00e1s representativo y multic\u00e9ntrico, de manera que los datos obtenidos de las muestras del <a href=\"https:\/\/www.corp-lareina.cl\/centro-de-salud-mental-cosam\/\">COSAM<\/a> y de la Cl\u00ednica se repliquen en San Bernardo y otras regiones, y as\u00ed hacer el sistema m\u00e1s robusto.<\/p>\n\n\n\n<p>Aunque el proyecto se centra en la detecci\u00f3n, la idea es que en el futuro se puedan implementar intervenciones comunitarias que mejoren la calidad de vida de las personas con riesgo de Alzheimer y otras condiciones. \u201cNosotros apostamos a poder, mediante un test, discriminar si la persona tiene deterioro cognitivo y, segundo, si es de tipo amn\u00e9sico o no. Estamos construyendo un camino novedoso y esperamos que nuestra investigaci\u00f3n tenga un impacto significativo en la vida de las personas\u201d, concluye Alejandro Luarte.<mark style=\"background-color:rgba(0, 0, 0, 0);color:#e10e17\" class=\"has-inline-color\"><strong>&gt;<\/strong><\/mark><\/p>\n","protected":false},"excerpt":{"rendered":"<p>Investigadores del Centro de Investigaci\u00f3n e Innovaci\u00f3n Biom\u00e9dica (CiiB), junto con la Facultad de Ingenier\u00eda y Ciencias Aplicadas, la Cl\u00ednica UANDES y el Centro IMPACT investigan un test diagn\u00f3stico para la detecci\u00f3n temprana del Alzheimer. Por Francisca Miranda Casanova En el Laboratorio de Neurociencias del CiiB se desarrolla un proyecto pionero en la detecci\u00f3n temprana [&hellip;]<\/p>\n","protected":false},"author":2,"featured_media":422,"comment_status":"open","ping_status":"open","sticky":false,"template":"","format":"standard","meta":{"footnotes":""},"categories":[7,38,1],"tags":[],"class_list":["post-421","post","type-post","status-publish","format-standard","has-post-thumbnail","hentry","category-investigacion","category-salud","category-sin-categoria"],"_links":{"self":[{"href":"https:\/\/revistacampus.uandes.cl\/2024\/wp-json\/wp\/v2\/posts\/421","targetHints":{"allow":["GET"]}}],"collection":[{"href":"https:\/\/revistacampus.uandes.cl\/2024\/wp-json\/wp\/v2\/posts"}],"about":[{"href":"https:\/\/revistacampus.uandes.cl\/2024\/wp-json\/wp\/v2\/types\/post"}],"author":[{"embeddable":true,"href":"https:\/\/revistacampus.uandes.cl\/2024\/wp-json\/wp\/v2\/users\/2"}],"replies":[{"embeddable":true,"href":"https:\/\/revistacampus.uandes.cl\/2024\/wp-json\/wp\/v2\/comments?post=421"}],"version-history":[{"count":28,"href":"https:\/\/revistacampus.uandes.cl\/2024\/wp-json\/wp\/v2\/posts\/421\/revisions"}],"predecessor-version":[{"id":1843,"href":"https:\/\/revistacampus.uandes.cl\/2024\/wp-json\/wp\/v2\/posts\/421\/revisions\/1843"}],"wp:featuredmedia":[{"embeddable":true,"href":"https:\/\/revistacampus.uandes.cl\/2024\/wp-json\/wp\/v2\/media\/422"}],"wp:attachment":[{"href":"https:\/\/revistacampus.uandes.cl\/2024\/wp-json\/wp\/v2\/media?parent=421"}],"wp:term":[{"taxonomy":"category","embeddable":true,"href":"https:\/\/revistacampus.uandes.cl\/2024\/wp-json\/wp\/v2\/categories?post=421"},{"taxonomy":"post_tag","embeddable":true,"href":"https:\/\/revistacampus.uandes.cl\/2024\/wp-json\/wp\/v2\/tags?post=421"}],"curies":[{"name":"wp","href":"https:\/\/api.w.org\/{rel}","templated":true}]}}