{"id":345,"date":"2024-08-26T13:45:41","date_gmt":"2024-08-26T16:45:41","guid":{"rendered":"https:\/\/revistacampus.uandes.cl\/2024\/?p=345"},"modified":"2024-09-26T10:07:01","modified_gmt":"2024-09-26T13:07:01","slug":"destacados","status":"publish","type":"post","link":"https:\/\/revistacampus.uandes.cl\/2024\/destacados\/","title":{"rendered":"Destacados"},"content":{"rendered":"\n<h1 class=\"wp-block-heading\"><img decoding=\"async\" width=\"50\" height=\"50\" class=\"wp-image-402\" style=\"width: 50px;\" src=\"https:\/\/revistacampus.uandes.cl\/2024\/wp-content\/uploads\/2024\/08\/VE-POR-MAS.png\" alt=\"\" srcset=\"https:\/\/revistacampus.uandes.cl\/2024\/wp-content\/uploads\/2024\/08\/VE-POR-MAS.png 250w, https:\/\/revistacampus.uandes.cl\/2024\/wp-content\/uploads\/2024\/08\/VE-POR-MAS-150x150.png 150w\" sizes=\"(max-width: 50px) 100vw, 50px\" \/> <br><strong><mark style=\"background-color:rgba(0, 0, 0, 0);color:#e10e17\" class=\"has-inline-color\">Uandes recibi\u00f3 al CRUCH<\/mark><br><mark style=\"background-color:rgba(0, 0, 0, 0);color:#e10e17\" class=\"has-inline-color\">para su sesi\u00f3n plenaria 645<\/mark><\/strong><\/h1>\n\n\n\n<div class=\"wp-block-columns is-layout-flex wp-container-core-columns-is-layout-9d6595d7 wp-block-columns-is-layout-flex\">\n<div class=\"wp-block-column has-background is-layout-flow wp-block-column-is-layout-flow\" style=\"background-color:#eeeeee;flex-basis:100%\">\n<figure class=\"wp-block-gallery has-nested-images columns-default is-cropped wp-block-gallery-1 is-layout-flex wp-block-gallery-is-layout-flex\">\n<figure class=\"wp-block-image size-large\"><img fetchpriority=\"high\" decoding=\"async\" width=\"1024\" height=\"682\" data-id=\"346\" src=\"https:\/\/revistacampus.uandes.cl\/2024\/wp-content\/uploads\/2024\/08\/UANDES-recibio-al-CRUCH-para-su-Sesion-Plenaria-645-OK_-1024x682.webp\" alt=\"\" class=\"wp-image-346\" srcset=\"https:\/\/revistacampus.uandes.cl\/2024\/wp-content\/uploads\/2024\/08\/UANDES-recibio-al-CRUCH-para-su-Sesion-Plenaria-645-OK_-1024x682.webp 1024w, https:\/\/revistacampus.uandes.cl\/2024\/wp-content\/uploads\/2024\/08\/UANDES-recibio-al-CRUCH-para-su-Sesion-Plenaria-645-OK_-300x200.webp 300w, https:\/\/revistacampus.uandes.cl\/2024\/wp-content\/uploads\/2024\/08\/UANDES-recibio-al-CRUCH-para-su-Sesion-Plenaria-645-OK_-768x512.webp 768w, https:\/\/revistacampus.uandes.cl\/2024\/wp-content\/uploads\/2024\/08\/UANDES-recibio-al-CRUCH-para-su-Sesion-Plenaria-645-OK_-1536x1024.webp 1536w, https:\/\/revistacampus.uandes.cl\/2024\/wp-content\/uploads\/2024\/08\/UANDES-recibio-al-CRUCH-para-su-Sesion-Plenaria-645-OK_.webp 2000w\" sizes=\"(max-width: 1024px) 100vw, 1024px\" \/><\/figure>\n<\/figure>\n\n\n\n<div class=\"wp-block-columns is-layout-flex wp-container-core-columns-is-layout-9d6595d7 wp-block-columns-is-layout-flex\">\n<div class=\"wp-block-column is-layout-flow wp-block-column-is-layout-flow\" style=\"flex-basis:5%\"><\/div>\n\n\n\n<div class=\"wp-block-column is-layout-flow wp-block-column-is-layout-flow\" style=\"flex-basis:90%\">\n<p>La Universidad fue anfitriona, por primera vez, de una sesi\u00f3n plenaria del <strong>Consejo de Rectoras y Rectores de las Universidades Chilenas<\/strong> (<strong><a href=\"http:\/\/cl\" target=\"_blank\" rel=\"noreferrer noopener\">CRUCH<\/a><\/strong>), en julio de 2023. En la reuni\u00f3n participaron el <strong>ministro de Educaci\u00f3n, Marco Antonio \u00c1vila<\/strong>; el <strong>subsecretario de Educaci\u00f3n, V\u00edctor Orellana<\/strong>; el <strong>superintendente de Educaci\u00f3n Superior, Jos\u00e9 Miguel Salazar<\/strong>; y la <strong>ministra de Ciencia, Tecnolog\u00eda, Conocimiento e Innovaci\u00f3n, Ais\u00e9n Etcheverry<\/strong>, junto a los rectores de las universidades del CRUCH. En su presentaci\u00f3n, el <strong>Rector Jos\u00e9 Antonio Guzm\u00e1n<\/strong> destac\u00f3 el trabajo de la Universidad en docencia, investigaci\u00f3n y vinculaci\u00f3n con el medio durante sus tres d\u00e9cadas, as\u00ed como su sustentabilidad y los desaf\u00edos a futuro. (<a href=\"https:\/\/www.uandes.cl\/noticias\/uandes-recibe-al-cruch-para-su-sesion-plenaria-645\/\" target=\"_blank\" rel=\"noreferrer noopener\">Ver m\u00e1s<\/a>) <img decoding=\"async\" width=\"15\" height=\"15\" class=\"wp-image-402\" style=\"width: 15px;\" src=\"https:\/\/revistacampus.uandes.cl\/2024\/wp-content\/uploads\/2024\/08\/VE-POR-MAS.png\" alt=\"\" srcset=\"https:\/\/revistacampus.uandes.cl\/2024\/wp-content\/uploads\/2024\/08\/VE-POR-MAS.png 250w, https:\/\/revistacampus.uandes.cl\/2024\/wp-content\/uploads\/2024\/08\/VE-POR-MAS-150x150.png 150w\" sizes=\"(max-width: 15px) 100vw, 15px\" \/><\/p>\n<\/div>\n\n\n\n<div class=\"wp-block-column is-layout-flow wp-block-column-is-layout-flow\" style=\"flex-basis:5%\"><\/div>\n<\/div>\n<\/div>\n<\/div>\n\n\n\n<div style=\"height:30px\" aria-hidden=\"true\" class=\"wp-block-spacer\"><\/div>\n\n\n\n<hr class=\"wp-block-separator has-text-color has-alpha-channel-opacity has-background is-style-wide\" style=\"background-color:#37424a;color:#37424a\"\/>\n\n\n\n<div style=\"height:50px\" aria-hidden=\"true\" class=\"wp-block-spacer\"><\/div>\n\n\n\n<h1 class=\"wp-block-heading\"><img decoding=\"async\" width=\"50\" height=\"50\" class=\"wp-image-402\" style=\"width: 50px;\" src=\"https:\/\/revistacampus.uandes.cl\/2024\/wp-content\/uploads\/2024\/08\/VE-POR-MAS.png\" alt=\"\" srcset=\"https:\/\/revistacampus.uandes.cl\/2024\/wp-content\/uploads\/2024\/08\/VE-POR-MAS.png 250w, https:\/\/revistacampus.uandes.cl\/2024\/wp-content\/uploads\/2024\/08\/VE-POR-MAS-150x150.png 150w\" sizes=\"(max-width: 50px) 100vw, 50px\" \/><br><mark style=\"background-color:rgba(0, 0, 0, 0);color:#e10e17\" class=\"has-inline-color\"><strong>Medicina en 6 a\u00f1os y odontolog\u00eda en 5 y medio<\/strong><\/mark><\/h1>\n\n\n\n<div class=\"wp-block-columns is-layout-flex wp-container-core-columns-is-layout-9d6595d7 wp-block-columns-is-layout-flex\">\n<div class=\"wp-block-column is-layout-flow wp-block-column-is-layout-flow\">\n<figure class=\"wp-block-gallery has-nested-images columns-default is-cropped wp-block-gallery-2 is-layout-flex wp-block-gallery-is-layout-flex\">\n<figure class=\"wp-block-image size-large\"><img loading=\"lazy\" decoding=\"async\" width=\"2000\" height=\"1126\" data-id=\"353\" src=\"https:\/\/revistacampus.uandes.cl\/2024\/wp-content\/uploads\/2024\/08\/MG_1255-edited.jpg\" alt=\"\" class=\"wp-image-353\" srcset=\"https:\/\/revistacampus.uandes.cl\/2024\/wp-content\/uploads\/2024\/08\/MG_1255-edited.jpg 2000w, https:\/\/revistacampus.uandes.cl\/2024\/wp-content\/uploads\/2024\/08\/MG_1255-edited-300x169.jpg 300w, https:\/\/revistacampus.uandes.cl\/2024\/wp-content\/uploads\/2024\/08\/MG_1255-edited-1024x577.jpg 1024w, https:\/\/revistacampus.uandes.cl\/2024\/wp-content\/uploads\/2024\/08\/MG_1255-edited-768x432.jpg 768w, https:\/\/revistacampus.uandes.cl\/2024\/wp-content\/uploads\/2024\/08\/MG_1255-edited-1536x865.jpg 1536w\" sizes=\"(max-width: 2000px) 100vw, 2000px\" \/><\/figure>\n<\/figure>\n<\/div>\n\n\n\n<div class=\"wp-block-column is-layout-flow wp-block-column-is-layout-flow\">\n<figure class=\"wp-block-gallery aligncenter has-nested-images columns-default is-cropped wp-block-gallery-3 is-layout-flex wp-block-gallery-is-layout-flex\">\n<figure class=\"wp-block-image size-large is-style-default\"><img loading=\"lazy\" decoding=\"async\" width=\"2000\" height=\"1125\" data-id=\"354\" src=\"https:\/\/revistacampus.uandes.cl\/2024\/wp-content\/uploads\/2024\/08\/Medicina-en-6-anos-y-Odontologia-en-5-y-medio-2_-1-edited.webp\" alt=\"\" class=\"wp-image-354\" srcset=\"https:\/\/revistacampus.uandes.cl\/2024\/wp-content\/uploads\/2024\/08\/Medicina-en-6-anos-y-Odontologia-en-5-y-medio-2_-1-edited.webp 2000w, https:\/\/revistacampus.uandes.cl\/2024\/wp-content\/uploads\/2024\/08\/Medicina-en-6-anos-y-Odontologia-en-5-y-medio-2_-1-edited-300x169.webp 300w, https:\/\/revistacampus.uandes.cl\/2024\/wp-content\/uploads\/2024\/08\/Medicina-en-6-anos-y-Odontologia-en-5-y-medio-2_-1-edited-1024x576.webp 1024w, https:\/\/revistacampus.uandes.cl\/2024\/wp-content\/uploads\/2024\/08\/Medicina-en-6-anos-y-Odontologia-en-5-y-medio-2_-1-edited-768x432.webp 768w, https:\/\/revistacampus.uandes.cl\/2024\/wp-content\/uploads\/2024\/08\/Medicina-en-6-anos-y-Odontologia-en-5-y-medio-2_-1-edited-1536x864.webp 1536w\" sizes=\"(max-width: 2000px) 100vw, 2000px\" \/><\/figure>\n<\/figure>\n<\/div>\n<\/div>\n\n\n\n<p>De acuerdo con su definici\u00f3n estrat\u00e9gica de mejora continua en la formaci\u00f3n de sus estudiantes de pregrado y los desaf\u00edos de salud del pa\u00eds, las facultades de <a href=\"https:\/\/www.uandes.cl\/noticias\/medicina-uandes-realiza-innovacion-curricular-a-un-programa-de-seis-anos\/\" target=\"_blank\" rel=\"noreferrer noopener\">Medicina<\/a> y de <a href=\"https:\/\/www.uandes.cl\/noticias\/odontologia-uandes-alineandose-a-tendencias-internacionales-realiza-innovacion-curricular-a-un-programa-de-cinco-anos-y-medio\/\" target=\"_blank\" rel=\"noreferrer noopener\">Odontolog\u00eda<\/a> desarrollaron un <strong>proceso de innovaci\u00f3n curricular<\/strong>, que aplica a las mallas a partir de 2024. La nueva estructura <strong>actualiza el perfil de egreso, flexibiliza el plan de estudios, centra la formaci\u00f3n en el aprendizaje y autonom\u00eda<\/strong> del estudiante, adem\u00e1s de promover la <strong>formaci\u00f3n interdisciplinaria<\/strong> y el logro de aprendizajes profundos durante la carrera, aline\u00e1ndose con los est\u00e1ndares de acreditaci\u00f3n nacionales e internacionales. <img decoding=\"async\" width=\"15\" height=\"15\" class=\"wp-image-402\" style=\"width: 15px;\" src=\"https:\/\/revistacampus.uandes.cl\/2024\/wp-content\/uploads\/2024\/08\/VE-POR-MAS.png\" alt=\"\" srcset=\"https:\/\/revistacampus.uandes.cl\/2024\/wp-content\/uploads\/2024\/08\/VE-POR-MAS.png 250w, https:\/\/revistacampus.uandes.cl\/2024\/wp-content\/uploads\/2024\/08\/VE-POR-MAS-150x150.png 150w\" sizes=\"(max-width: 15px) 100vw, 15px\" \/><\/p>\n\n\n\n<div style=\"height:50px\" aria-hidden=\"true\" class=\"wp-block-spacer\"><\/div>\n\n\n\n<hr class=\"wp-block-separator has-text-color has-alpha-channel-opacity has-background is-style-wide\" style=\"background-color:#37424a;color:#37424a\"\/>\n\n\n\n<div style=\"height:50px\" aria-hidden=\"true\" class=\"wp-block-spacer\"><\/div>\n\n\n\n<div class=\"wp-block-columns has-white-background-color has-background is-layout-flex wp-container-core-columns-is-layout-9d6595d7 wp-block-columns-is-layout-flex\">\n<div class=\"wp-block-column has-white-background-color has-background is-layout-flow wp-block-column-is-layout-flow\" style=\"flex-basis:100%\">\n<div class=\"wp-block-columns is-layout-flex wp-container-core-columns-is-layout-9d6595d7 wp-block-columns-is-layout-flex\">\n<div class=\"wp-block-column is-layout-flow wp-block-column-is-layout-flow\" style=\"flex-basis:33.33%\">\n<h1 class=\"wp-block-heading\"><img decoding=\"async\" width=\"50\" height=\"50\" class=\"wp-image-402\" style=\"width: 50px;\" src=\"https:\/\/revistacampus.uandes.cl\/2024\/wp-content\/uploads\/2024\/08\/VE-POR-MAS.png\" alt=\"\" srcset=\"https:\/\/revistacampus.uandes.cl\/2024\/wp-content\/uploads\/2024\/08\/VE-POR-MAS.png 250w, https:\/\/revistacampus.uandes.cl\/2024\/wp-content\/uploads\/2024\/08\/VE-POR-MAS-150x150.png 150w\" sizes=\"(max-width: 50px) 100vw, 50px\" \/><br><mark style=\"background-color:rgba(0, 0, 0, 0);color:#e10e17\" class=\"has-inline-color\"><strong>Universidad de los Andes, 25 a\u00f1os de historia<\/strong><\/mark><\/h1>\n<\/div>\n\n\n\n<div class=\"wp-block-column is-layout-flow wp-block-column-is-layout-flow\" style=\"flex-basis:66.66%\">\n<figure class=\"wp-block-image size-large\"><img loading=\"lazy\" decoding=\"async\" width=\"1024\" height=\"682\" src=\"https:\/\/revistacampus.uandes.cl\/2024\/wp-content\/uploads\/2024\/08\/Universidad-de-los-Andes-25-anos-de-historia-2_-1024x682.webp\" alt=\"\" class=\"wp-image-355\" srcset=\"https:\/\/revistacampus.uandes.cl\/2024\/wp-content\/uploads\/2024\/08\/Universidad-de-los-Andes-25-anos-de-historia-2_-1024x682.webp 1024w, https:\/\/revistacampus.uandes.cl\/2024\/wp-content\/uploads\/2024\/08\/Universidad-de-los-Andes-25-anos-de-historia-2_-300x200.webp 300w, https:\/\/revistacampus.uandes.cl\/2024\/wp-content\/uploads\/2024\/08\/Universidad-de-los-Andes-25-anos-de-historia-2_-768x512.webp 768w, https:\/\/revistacampus.uandes.cl\/2024\/wp-content\/uploads\/2024\/08\/Universidad-de-los-Andes-25-anos-de-historia-2_-1536x1024.webp 1536w, https:\/\/revistacampus.uandes.cl\/2024\/wp-content\/uploads\/2024\/08\/Universidad-de-los-Andes-25-anos-de-historia-2_.webp 2000w\" sizes=\"(max-width: 1024px) 100vw, 1024px\" \/><\/figure>\n<\/div>\n<\/div>\n\n\n\n<p class=\"has-white-background-color has-background\">Bajo este t\u00edtulo se present\u00f3 el libro, escrito por el <strong>profesor <a href=\"https:\/\/www.uandes.cl\/personas\/enrique-brahm-garcia\/\" target=\"_blank\" rel=\"noreferrer noopener\">Enrique Brahm<\/a><\/strong>, que narra la historia desde 1989 hasta 2014, cuando el primer curso de Derecho inici\u00f3 sus clases en la sede de Bustamante 86, hasta que asumi\u00f3 como <strong>Rector el profesor Jos\u00e9 Antonio Guzm\u00e1n<\/strong>. El trabajo editorial destaca el esp\u00edritu fundacional, el por qu\u00e9 y para qu\u00e9 se fund\u00f3 la Universidad de los Andes, por lo que durante su lanzamiento se proyect\u00f3 tambi\u00e9n un <strong>video testimonial de los iniciadores de la UANDES<\/strong>, complementando la historia y an\u00e9cdotas de su primer cuarto de siglo. (<a href=\"https:\/\/www.uandes.cl\/noticias\/uandes-lanza-libro-sobre-sus-primeros-25-anos\/\" target=\"_blank\" rel=\"noreferrer noopener\">Ver m\u00e1s<\/a>) <img decoding=\"async\" width=\"15\" height=\"15\" class=\"wp-image-402\" style=\"width: 15px;\" src=\"https:\/\/revistacampus.uandes.cl\/2024\/wp-content\/uploads\/2024\/08\/VE-POR-MAS.png\" alt=\"\" srcset=\"https:\/\/revistacampus.uandes.cl\/2024\/wp-content\/uploads\/2024\/08\/VE-POR-MAS.png 250w, https:\/\/revistacampus.uandes.cl\/2024\/wp-content\/uploads\/2024\/08\/VE-POR-MAS-150x150.png 150w\" sizes=\"(max-width: 15px) 100vw, 15px\" \/><\/p>\n\n\n\n<div class=\"wp-block-columns is-layout-flex wp-container-core-columns-is-layout-9d6595d7 wp-block-columns-is-layout-flex\">\n<div class=\"wp-block-column is-layout-flow wp-block-column-is-layout-flow\" style=\"flex-basis:33.33%\">\n<figure class=\"wp-block-image size-full\"><img loading=\"lazy\" decoding=\"async\" width=\"249\" height=\"300\" src=\"https:\/\/revistacampus.uandes.cl\/2024\/wp-content\/uploads\/2024\/08\/libro-25-anos-249x300-1.jpg\" alt=\"\" class=\"wp-image-881\"\/><\/figure>\n\n\n\n<p class=\"has-text-align-center\"><a href=\"https:\/\/www.uandes.cl\/wp-content\/uploads\/2024\/08\/Libro-uandes-25-anios.pdf\" target=\"_blank\" rel=\"noreferrer noopener\"><sup>Descargar libro<\/sup><\/a><\/p>\n<\/div>\n\n\n\n<div class=\"wp-block-column is-layout-flow wp-block-column-is-layout-flow\" style=\"flex-basis:66.66%\">\n<figure class=\"wp-block-embed is-type-video is-provider-youtube wp-block-embed-youtube wp-embed-aspect-16-9 wp-has-aspect-ratio\"><div class=\"wp-block-embed__wrapper\">\n<iframe title=\"Video testimonial iniciadores UANDES\" width=\"800\" height=\"450\" src=\"https:\/\/www.youtube.com\/embed\/xGCY6BBz_kY?feature=oembed\" frameborder=\"0\" allow=\"accelerometer; autoplay; clipboard-write; encrypted-media; gyroscope; picture-in-picture; web-share\" referrerpolicy=\"strict-origin-when-cross-origin\" allowfullscreen><\/iframe>\n<\/div><\/figure>\n<\/div>\n<\/div>\n<\/div>\n<\/div>\n\n\n\n<div style=\"height:50px\" aria-hidden=\"true\" class=\"wp-block-spacer\"><\/div>\n\n\n\n<hr class=\"wp-block-separator has-text-color has-alpha-channel-opacity has-background is-style-wide\" style=\"background-color:#37424a;color:#37424a\"\/>\n\n\n\n<div style=\"height:50px\" aria-hidden=\"true\" class=\"wp-block-spacer\"><\/div>\n\n\n\n<div class=\"wp-block-columns has-background is-layout-flex wp-container-core-columns-is-layout-9d6595d7 wp-block-columns-is-layout-flex\" style=\"background-color:#eeeeee\">\n<div class=\"wp-block-column is-layout-flow wp-block-column-is-layout-flow\" style=\"flex-basis:100%\">\n<div class=\"wp-block-columns is-layout-flex wp-container-core-columns-is-layout-9d6595d7 wp-block-columns-is-layout-flex\">\n<div class=\"wp-block-column is-layout-flow wp-block-column-is-layout-flow\">\n<h1 class=\"wp-block-heading\"><img decoding=\"async\" width=\"50\" height=\"50\" class=\"wp-image-402\" style=\"width: 50px;\" src=\"https:\/\/revistacampus.uandes.cl\/2024\/wp-content\/uploads\/2024\/08\/VE-POR-MAS.png\" alt=\"\" srcset=\"https:\/\/revistacampus.uandes.cl\/2024\/wp-content\/uploads\/2024\/08\/VE-POR-MAS.png 250w, https:\/\/revistacampus.uandes.cl\/2024\/wp-content\/uploads\/2024\/08\/VE-POR-MAS-150x150.png 150w\" sizes=\"(max-width: 50px) 100vw, 50px\" \/><br><mark style=\"background-color:rgba(0, 0, 0, 0);color:#e10e17\" class=\"has-inline-color\"><strong>Nueva pastoral UANDES<\/strong><\/mark><\/h1>\n<\/div>\n\n\n\n<div class=\"wp-block-column is-layout-flow wp-block-column-is-layout-flow\">\n<figure class=\"wp-block-image size-full\"><img loading=\"lazy\" decoding=\"async\" width=\"500\" height=\"500\" src=\"https:\/\/revistacampus.uandes.cl\/2024\/wp-content\/uploads\/2024\/08\/Nueva-pastoral-UANDES.png\" alt=\"\" class=\"wp-image-694\" srcset=\"https:\/\/revistacampus.uandes.cl\/2024\/wp-content\/uploads\/2024\/08\/Nueva-pastoral-UANDES.png 500w, https:\/\/revistacampus.uandes.cl\/2024\/wp-content\/uploads\/2024\/08\/Nueva-pastoral-UANDES-300x300.png 300w, https:\/\/revistacampus.uandes.cl\/2024\/wp-content\/uploads\/2024\/08\/Nueva-pastoral-UANDES-150x150.png 150w\" sizes=\"(max-width: 500px) 100vw, 500px\" \/><\/figure>\n<\/div>\n<\/div>\n\n\n\n<p class=\"has-background\" style=\"background-color:#eeeeee\">Con el objetivo de generar un mayor protagonismo en el impulso evangelizador de la comunidad universitaria, en enero de 2024 Capellan\u00eda Universitaria pas\u00f3 a ser <a href=\"https:\/\/www.uandes.cl\/pastoral\/\" target=\"_blank\" rel=\"noreferrer noopener\"><strong>Pastoral UANDES<\/strong><\/a>. Dirigida por un consejo de capellanes, trabaja en colaboraci\u00f3n con los jefes de la <a href=\"https:\/\/www.uandes.cl\/estudiantes\/pastoral\/\" target=\"_blank\" rel=\"noreferrer noopener\"><strong>Pastoral de Alumnos<\/strong><\/a> y de la nueva <strong><a href=\"https:\/\/www.uandes.cl\/pastoral\/#pastorales-administrativos\" target=\"_blank\" rel=\"noreferrer noopener\">Pastoral de Acad\u00e9micos y Administrativos<\/a><\/strong>, guiados por el prop\u00f3sito de acoger y servir, para ser un v\u00ednculo entre distintas personas y carismas presentes en la Universidad de los Andes. Esta es una instituci\u00f3n laica de inspiraci\u00f3n cristiana, promovida por un grupo de acad\u00e9micos y profesionales animados por las ense\u00f1anzas de san Josemar\u00eda, fundador del Opus Dei. <img decoding=\"async\" width=\"15\" height=\"15\" class=\"wp-image-402\" style=\"width: 15px;\" src=\"https:\/\/revistacampus.uandes.cl\/2024\/wp-content\/uploads\/2024\/08\/VE-POR-MAS.png\" alt=\"\" srcset=\"https:\/\/revistacampus.uandes.cl\/2024\/wp-content\/uploads\/2024\/08\/VE-POR-MAS.png 250w, https:\/\/revistacampus.uandes.cl\/2024\/wp-content\/uploads\/2024\/08\/VE-POR-MAS-150x150.png 150w\" sizes=\"(max-width: 15px) 100vw, 15px\" \/><\/p>\n<\/div>\n<\/div>\n\n\n\n<div style=\"height:50px\" aria-hidden=\"true\" class=\"wp-block-spacer\"><\/div>\n\n\n\n<hr class=\"wp-block-separator has-text-color has-alpha-channel-opacity has-background is-style-wide\" style=\"background-color:#37424a;color:#37424a\"\/>\n\n\n\n<div style=\"height:50px\" aria-hidden=\"true\" class=\"wp-block-spacer\"><\/div>\n\n\n\n<div class=\"wp-block-columns is-layout-flex wp-container-core-columns-is-layout-9d6595d7 wp-block-columns-is-layout-flex\">\n<div class=\"wp-block-column is-layout-flow wp-block-column-is-layout-flow\" style=\"flex-basis:33.33%\">\n<h1 class=\"wp-block-heading\"><img decoding=\"async\" width=\"50\" height=\"50\" class=\"wp-image-402\" style=\"width: 50px;\" src=\"https:\/\/revistacampus.uandes.cl\/2024\/wp-content\/uploads\/2024\/08\/VE-POR-MAS.png\" alt=\"\" srcset=\"https:\/\/revistacampus.uandes.cl\/2024\/wp-content\/uploads\/2024\/08\/VE-POR-MAS.png 250w, https:\/\/revistacampus.uandes.cl\/2024\/wp-content\/uploads\/2024\/08\/VE-POR-MAS-150x150.png 150w\" sizes=\"(max-width: 50px) 100vw, 50px\" \/><br><mark style=\"background-color:rgba(0, 0, 0, 0);color:#e10e17\" class=\"has-inline-color\"><strong>5\u00b0 Giving Day UANDES logra 170 nuevas becas<\/strong><\/mark><\/h1>\n<\/div>\n\n\n\n<div class=\"wp-block-column is-layout-flow wp-block-column-is-layout-flow\" style=\"flex-basis:66.66%\">\n<figure class=\"wp-block-image size-large\"><img loading=\"lazy\" decoding=\"async\" width=\"1024\" height=\"682\" src=\"https:\/\/revistacampus.uandes.cl\/2024\/wp-content\/uploads\/2024\/08\/5\u00b0-Giving-Day-UANDES-recauda-MM162-1_-1024x682.webp\" alt=\"\" class=\"wp-image-362\" srcset=\"https:\/\/revistacampus.uandes.cl\/2024\/wp-content\/uploads\/2024\/08\/5\u00b0-Giving-Day-UANDES-recauda-MM162-1_-1024x682.webp 1024w, https:\/\/revistacampus.uandes.cl\/2024\/wp-content\/uploads\/2024\/08\/5\u00b0-Giving-Day-UANDES-recauda-MM162-1_-300x200.webp 300w, https:\/\/revistacampus.uandes.cl\/2024\/wp-content\/uploads\/2024\/08\/5\u00b0-Giving-Day-UANDES-recauda-MM162-1_-768x512.webp 768w, https:\/\/revistacampus.uandes.cl\/2024\/wp-content\/uploads\/2024\/08\/5\u00b0-Giving-Day-UANDES-recauda-MM162-1_-1536x1024.webp 1536w, https:\/\/revistacampus.uandes.cl\/2024\/wp-content\/uploads\/2024\/08\/5\u00b0-Giving-Day-UANDES-recauda-MM162-1_.webp 2000w\" sizes=\"(max-width: 1024px) 100vw, 1024px\" \/><\/figure>\n<\/div>\n<\/div>\n\n\n\n<p>La comunidad universitaria super\u00f3 la meta y recaud\u00f3 MM$162 para becar a estudiantes de buen rendimiento, pero que no cuentan con los recursos necesarios, luego de una<a href=\"https:\/\/www.uandes.cl\/noticias\/5to-giving-day-uandes-logra-la-meta-y-consigue-mas-de-160-becas\/\" target=\"_blank\" rel=\"noreferrer noopener\"> jornada de actividades de fomento a la filantrop\u00eda<\/a>. Entre ellas, el concierto de la banda tributo &#8220;Pr\u00f3fugos&#8221; y el conversatorio &#8220;La importancia de dar&#8221;, moderado por Mario Kreutzberger, que reuni\u00f3 a <strong>Isidora Vicente (ADS \u201900) de fundaci\u00f3n &#8220;<a href=\"https:\/\/www.instagram.com\/portodaschile\/?hl=es\" target=\"_blank\" rel=\"noreferrer noopener\">Por Todas<\/a>&#8220;<\/strong>; <strong>Romain de Chateauvieux, de fundaci\u00f3n &#8220;<a href=\"https:\/\/www.instagram.com\/misericordia_chile\/?hl=es\" target=\"_blank\" rel=\"noreferrer noopener\">Misericordia<\/a>&#8220;<\/strong>, y al <strong>Rector Jos\u00e9 Antonio Guzm\u00e1n<\/strong>. En esta oportunidad, la generaci\u00f3n 2023 del Programa de Alta Direcci\u00f3n de Empresas (<a href=\"https:\/\/www.ese.cl\/ese\/area-de-interes\/direccion-de-personas\/mas-de-1-ano\/pade\/2020-07-15\/173155.html\" target=\"_blank\" rel=\"noreferrer noopener\">PADE<\/a>) del <a href=\"https:\/\/www.ese.cl\/\" target=\"_blank\" rel=\"noreferrer noopener\">ESE Business School<\/a> se coordin\u00f3 para financiar seis becas de matr\u00edcula. <img decoding=\"async\" width=\"15\" height=\"15\" class=\"wp-image-402\" style=\"width: 15px;\" src=\"https:\/\/revistacampus.uandes.cl\/2024\/wp-content\/uploads\/2024\/08\/VE-POR-MAS.png\" alt=\"\" srcset=\"https:\/\/revistacampus.uandes.cl\/2024\/wp-content\/uploads\/2024\/08\/VE-POR-MAS.png 250w, https:\/\/revistacampus.uandes.cl\/2024\/wp-content\/uploads\/2024\/08\/VE-POR-MAS-150x150.png 150w\" sizes=\"(max-width: 15px) 100vw, 15px\" \/><\/p>\n\n\n\n<div style=\"height:50px\" aria-hidden=\"true\" class=\"wp-block-spacer\"><\/div>\n\n\n\n<hr class=\"wp-block-separator has-text-color has-alpha-channel-opacity has-background is-style-wide\" style=\"background-color:#37424a;color:#37424a\"\/>\n\n\n\n<div style=\"height:50px\" aria-hidden=\"true\" class=\"wp-block-spacer\"><\/div>\n\n\n\n<div class=\"wp-block-columns has-white-background-color has-background is-layout-flex wp-container-core-columns-is-layout-9d6595d7 wp-block-columns-is-layout-flex\">\n<div class=\"wp-block-column is-layout-flow wp-block-column-is-layout-flow\" style=\"flex-basis:100%\">\n<h1 class=\"wp-block-heading\"><img decoding=\"async\" width=\"50\" height=\"50\" class=\"wp-image-402\" style=\"width: 50px;\" src=\"https:\/\/revistacampus.uandes.cl\/2024\/wp-content\/uploads\/2024\/08\/VE-POR-MAS.png\" alt=\"\" srcset=\"https:\/\/revistacampus.uandes.cl\/2024\/wp-content\/uploads\/2024\/08\/VE-POR-MAS.png 250w, https:\/\/revistacampus.uandes.cl\/2024\/wp-content\/uploads\/2024\/08\/VE-POR-MAS-150x150.png 150w\" sizes=\"(max-width: 50px) 100vw, 50px\" \/><br><mark style=\"background-color:rgba(0, 0, 0, 0);color:#e10e17\" class=\"has-inline-color\"><strong>Conectar para contribuir<\/strong><\/mark><\/h1>\n\n\n\n<figure class=\"wp-block-image size-large\"><img loading=\"lazy\" decoding=\"async\" width=\"1024\" height=\"682\" src=\"https:\/\/revistacampus.uandes.cl\/2024\/wp-content\/uploads\/2024\/08\/Conectar-para-Contribuir-2_-1024x682.webp\" alt=\"\" class=\"wp-image-363\" style=\"aspect-ratio:1.7777777777777777;object-fit:cover\" srcset=\"https:\/\/revistacampus.uandes.cl\/2024\/wp-content\/uploads\/2024\/08\/Conectar-para-Contribuir-2_-1024x682.webp 1024w, https:\/\/revistacampus.uandes.cl\/2024\/wp-content\/uploads\/2024\/08\/Conectar-para-Contribuir-2_-300x200.webp 300w, https:\/\/revistacampus.uandes.cl\/2024\/wp-content\/uploads\/2024\/08\/Conectar-para-Contribuir-2_-768x512.webp 768w, https:\/\/revistacampus.uandes.cl\/2024\/wp-content\/uploads\/2024\/08\/Conectar-para-Contribuir-2_-1536x1024.webp 1536w, https:\/\/revistacampus.uandes.cl\/2024\/wp-content\/uploads\/2024\/08\/Conectar-para-Contribuir-2_.webp 2000w\" sizes=\"(max-width: 1024px) 100vw, 1024px\" \/><\/figure>\n\n\n\n<p>Bajo este concepto se realiz\u00f3 el <a href=\"https:\/\/www.uandes.cl\/noticias\/tercer-encuentro-compromiso-uandes-entrega-reconocimiento-a-programa-radar\/\" target=\"_blank\" rel=\"noreferrer noopener\"><strong>tercer encuentro &#8220;Compromiso UANDES&#8221;<\/strong><\/a>, que reuni\u00f3 a representantes de tres instituciones comprometidas con el entorno y que conocen de cerca el aporte que la Universidad puede hacer al pa\u00eds a trav\u00e9s de sus programas: <strong>V\u00edctor Ruiz, de <a href=\"https:\/\/www.aptus.org\/\" target=\"_blank\" rel=\"noreferrer noopener\">Corporaci\u00f3n APTUS<\/a><\/strong>; <strong>Macarena Guti\u00e9rrez, del Comit\u00e9 Social <a href=\"https:\/\/www.ese.cl\/alumni\/site\/edic\/base\/port\/inicio.html\" target=\"_blank\" rel=\"noreferrer noopener\">Alumni del ESE Business School<\/a><\/strong>, y <strong>Enrique Covarrubias, de <a href=\"https:\/\/www.crecerysanar.cl\/\" target=\"_blank\" rel=\"noreferrer noopener\">Fundaci\u00f3n Crecer y Sanar<\/a><\/strong>. Esta trabaja con el <strong><a href=\"https:\/\/www.programaradar.cl\/\" target=\"_blank\" rel=\"noreferrer noopener\">programa RADAR<\/a><\/strong>, liderado por el <strong>profesor <a href=\"https:\/\/www.uandes.cl\/personas\/francisco-javier-bustamante-volpi\/\" target=\"_blank\" rel=\"noreferrer noopener\">Francisco Bustamante<\/a><\/strong>, que recibi\u00f3 el reconocimiento &#8220;Compromiso UANDES&#8221; por su positivo impacto en la disminuci\u00f3n de las tasas de suicidio adolescente en Chile. <img decoding=\"async\" width=\"15\" height=\"15\" class=\"wp-image-402\" style=\"width: 15px;\" src=\"https:\/\/revistacampus.uandes.cl\/2024\/wp-content\/uploads\/2024\/08\/VE-POR-MAS.png\" alt=\"\" srcset=\"https:\/\/revistacampus.uandes.cl\/2024\/wp-content\/uploads\/2024\/08\/VE-POR-MAS.png 250w, https:\/\/revistacampus.uandes.cl\/2024\/wp-content\/uploads\/2024\/08\/VE-POR-MAS-150x150.png 150w\" sizes=\"(max-width: 15px) 100vw, 15px\" \/><\/p>\n<\/div>\n<\/div>\n\n\n\n<div style=\"height:50px\" aria-hidden=\"true\" class=\"wp-block-spacer\"><\/div>\n\n\n\n<hr class=\"wp-block-separator has-text-color has-alpha-channel-opacity has-background is-style-wide\" style=\"background-color:#37424a;color:#37424a\"\/>\n\n\n\n<div style=\"height:50px\" aria-hidden=\"true\" class=\"wp-block-spacer\"><\/div>\n\n\n\n<div class=\"wp-block-columns has-background is-layout-flex wp-container-core-columns-is-layout-9d6595d7 wp-block-columns-is-layout-flex\" style=\"background-color:#eeeeee\">\n<div class=\"wp-block-column is-layout-flow wp-block-column-is-layout-flow\" style=\"flex-basis:100%\">\n<h1 class=\"wp-block-heading\"><img decoding=\"async\" width=\"50\" height=\"50\" class=\"wp-image-402\" style=\"width: 50px;\" src=\"https:\/\/revistacampus.uandes.cl\/2024\/wp-content\/uploads\/2024\/08\/VE-POR-MAS.png\" alt=\"\" srcset=\"https:\/\/revistacampus.uandes.cl\/2024\/wp-content\/uploads\/2024\/08\/VE-POR-MAS.png 250w, https:\/\/revistacampus.uandes.cl\/2024\/wp-content\/uploads\/2024\/08\/VE-POR-MAS-150x150.png 150w\" sizes=\"(max-width: 50px) 100vw, 50px\" \/><br><mark style=\"background-color:rgba(0, 0, 0, 0);color:#e10e17\" class=\"has-inline-color\"><strong>Condecorados por a\u00f1os de servicio<\/strong><\/mark><\/h1>\n\n\n\n<div class=\"wp-block-columns is-layout-flex wp-container-core-columns-is-layout-9d6595d7 wp-block-columns-is-layout-flex\">\n<div class=\"wp-block-column is-layout-flow wp-block-column-is-layout-flow\">\n<figure class=\"wp-block-image size-large is-resized\"><img loading=\"lazy\" decoding=\"async\" width=\"1024\" height=\"682\" src=\"https:\/\/revistacampus.uandes.cl\/2024\/wp-content\/uploads\/2024\/08\/Condecorados-por-anos-de-servicio-Maria-Jose-Lecaros_-1024x682.webp\" alt=\"\" class=\"wp-image-364\" style=\"width:458px\" srcset=\"https:\/\/revistacampus.uandes.cl\/2024\/wp-content\/uploads\/2024\/08\/Condecorados-por-anos-de-servicio-Maria-Jose-Lecaros_-1024x682.webp 1024w, https:\/\/revistacampus.uandes.cl\/2024\/wp-content\/uploads\/2024\/08\/Condecorados-por-anos-de-servicio-Maria-Jose-Lecaros_-300x200.webp 300w, https:\/\/revistacampus.uandes.cl\/2024\/wp-content\/uploads\/2024\/08\/Condecorados-por-anos-de-servicio-Maria-Jose-Lecaros_-768x512.webp 768w, https:\/\/revistacampus.uandes.cl\/2024\/wp-content\/uploads\/2024\/08\/Condecorados-por-anos-de-servicio-Maria-Jose-Lecaros_-1536x1024.webp 1536w, https:\/\/revistacampus.uandes.cl\/2024\/wp-content\/uploads\/2024\/08\/Condecorados-por-anos-de-servicio-Maria-Jose-Lecaros_.webp 2000w\" sizes=\"(max-width: 1024px) 100vw, 1024px\" \/><\/figure>\n<\/div>\n\n\n\n<div class=\"wp-block-column is-layout-flow wp-block-column-is-layout-flow\">\n<figure class=\"wp-block-image size-large is-resized\"><img loading=\"lazy\" decoding=\"async\" width=\"1024\" height=\"681\" src=\"https:\/\/revistacampus.uandes.cl\/2024\/wp-content\/uploads\/2024\/08\/Condecorados-por-anos-de-servicio-Rodrigo-Alonso_-1024x681.webp\" alt=\"\" class=\"wp-image-365\" style=\"width:458px\" srcset=\"https:\/\/revistacampus.uandes.cl\/2024\/wp-content\/uploads\/2024\/08\/Condecorados-por-anos-de-servicio-Rodrigo-Alonso_-1024x681.webp 1024w, https:\/\/revistacampus.uandes.cl\/2024\/wp-content\/uploads\/2024\/08\/Condecorados-por-anos-de-servicio-Rodrigo-Alonso_-300x200.webp 300w, https:\/\/revistacampus.uandes.cl\/2024\/wp-content\/uploads\/2024\/08\/Condecorados-por-anos-de-servicio-Rodrigo-Alonso_-768x511.webp 768w, https:\/\/revistacampus.uandes.cl\/2024\/wp-content\/uploads\/2024\/08\/Condecorados-por-anos-de-servicio-Rodrigo-Alonso_-1536x1022.webp 1536w, https:\/\/revistacampus.uandes.cl\/2024\/wp-content\/uploads\/2024\/08\/Condecorados-por-anos-de-servicio-Rodrigo-Alonso_.webp 2000w\" sizes=\"(max-width: 1024px) 100vw, 1024px\" \/><\/figure>\n<\/div>\n<\/div>\n\n\n\n<p class=\"has-background\" style=\"background-color:#eeeeee\">Los <strong>profesores <a href=\"https:\/\/www.uandes.cl\/noticias\/rodrigo-alonso-30-anos-sirviendo-a-los-alumnos-de-la-universidad-de-los-andes\/\" target=\"_blank\" rel=\"noreferrer noopener\">Rodrigo Alonso<\/a> y <a href=\"https:\/\/www.uandes.cl\/noticias\/maria-jose-lecaros-deja-la-facultad-de-comunicacion-tras-28-anos-de-dedicacion\/\" target=\"_blank\" rel=\"noreferrer noopener\">Mar\u00eda Jos\u00e9 Lecaros<\/a><\/strong> <strong>recibieron la <em>Medalla 30 a\u00f1os Universidad de los Andes<\/em><\/strong>, en reconocimiento a su vasta trayectoria, que dio inicio a la <a href=\"https:\/\/www.uandes.cl\/facultad\/facultad-de-medicina\/\" target=\"_blank\" rel=\"noreferrer noopener\">Facultad de Medicina<\/a> y a la <a href=\"https:\/\/www.uandes.cl\/facultad\/facultad-de-comunicacion\/\" target=\"_blank\" rel=\"noreferrer noopener\">Facultad de Comunicaci\u00f3n<\/a>, respectivamente. Tambi\u00e9n se <strong>galardon\u00f3 a quienes cumplieron dos d\u00e9cadas<\/strong> en nuestra casa de estudios, los profesores <strong>Cristi\u00e1n Bravo<\/strong> y <strong>Daniela Carre\u00f1o<\/strong>, de la Facultad de Odontolog\u00eda; <strong>David Kimber<\/strong>, de la Facultad de Ciencias Econ\u00f3micas y Empresariales, y <strong>Daniel Mansuy<\/strong>, de la Facultad de Filosof\u00eda y Humanidades, junto a <strong>Manuel Tapia<\/strong>, auxiliar de la Direcci\u00f3n de Operaciones. <img decoding=\"async\" width=\"15\" height=\"15\" class=\"wp-image-402\" style=\"width: 15px;\" src=\"https:\/\/revistacampus.uandes.cl\/2024\/wp-content\/uploads\/2024\/08\/VE-POR-MAS.png\" alt=\"\" srcset=\"https:\/\/revistacampus.uandes.cl\/2024\/wp-content\/uploads\/2024\/08\/VE-POR-MAS.png 250w, https:\/\/revistacampus.uandes.cl\/2024\/wp-content\/uploads\/2024\/08\/VE-POR-MAS-150x150.png 150w\" sizes=\"(max-width: 15px) 100vw, 15px\" \/><\/p>\n\n\n\n<figure class=\"wp-block-image size-full\"><img loading=\"lazy\" decoding=\"async\" width=\"1024\" height=\"515\" src=\"https:\/\/revistacampus.uandes.cl\/2024\/wp-content\/uploads\/2024\/08\/Medalla-20-anios-uandes-2024-e1725366445712.webp\" alt=\"\" class=\"wp-image-891\" srcset=\"https:\/\/revistacampus.uandes.cl\/2024\/wp-content\/uploads\/2024\/08\/Medalla-20-anios-uandes-2024-e1725366445712.webp 1024w, https:\/\/revistacampus.uandes.cl\/2024\/wp-content\/uploads\/2024\/08\/Medalla-20-anios-uandes-2024-e1725366445712-300x151.webp 300w, https:\/\/revistacampus.uandes.cl\/2024\/wp-content\/uploads\/2024\/08\/Medalla-20-anios-uandes-2024-e1725366445712-768x386.webp 768w\" sizes=\"(max-width: 1024px) 100vw, 1024px\" \/><\/figure>\n\n\n\n<p class=\"has-text-align-center has-small-font-size\"><sup>Cristi\u00e1n Bravo, Daniela Carre\u00f1o, David Kimber, Daniel Mansuy y Manuel Tapia, junto al Rector Jos\u00e9 Antonio Guzm\u00e1n.<\/sup><\/p>\n<\/div>\n<\/div>\n\n\n\n<div style=\"height:50px\" aria-hidden=\"true\" class=\"wp-block-spacer\"><\/div>\n\n\n\n<hr class=\"wp-block-separator has-text-color has-alpha-channel-opacity has-background is-style-wide\" style=\"background-color:#37424a;color:#37424a\"\/>\n\n\n\n<div style=\"height:50px\" aria-hidden=\"true\" class=\"wp-block-spacer\"><\/div>\n\n\n\n<h1 class=\"wp-block-heading\"><img decoding=\"async\" width=\"50\" height=\"50\" class=\"wp-image-402\" style=\"width: 50px;\" src=\"https:\/\/revistacampus.uandes.cl\/2024\/wp-content\/uploads\/2024\/08\/VE-POR-MAS.png\" alt=\"\" srcset=\"https:\/\/revistacampus.uandes.cl\/2024\/wp-content\/uploads\/2024\/08\/VE-POR-MAS.png 250w, https:\/\/revistacampus.uandes.cl\/2024\/wp-content\/uploads\/2024\/08\/VE-POR-MAS-150x150.png 150w\" sizes=\"(max-width: 50px) 100vw, 50px\" \/><br><mark style=\"background-color:rgba(0, 0, 0, 0);color:#e10e17\" class=\"has-inline-color\"><strong>R\u00e9cord de estudiantes, puntaje PAES y becas<\/strong><\/mark><\/h1>\n\n\n\n<figure class=\"wp-block-image size-large is-resized\"><img loading=\"lazy\" decoding=\"async\" width=\"1024\" height=\"681\" src=\"https:\/\/revistacampus.uandes.cl\/2024\/wp-content\/uploads\/2024\/08\/Record-de-estudiantes-puntaje-PAES-y-becas_-1024x681.webp\" alt=\"\" class=\"wp-image-368\" style=\"aspect-ratio:1.7777777777777777;object-fit:cover;width:932px;height:auto\" srcset=\"https:\/\/revistacampus.uandes.cl\/2024\/wp-content\/uploads\/2024\/08\/Record-de-estudiantes-puntaje-PAES-y-becas_-1024x681.webp 1024w, https:\/\/revistacampus.uandes.cl\/2024\/wp-content\/uploads\/2024\/08\/Record-de-estudiantes-puntaje-PAES-y-becas_-300x200.webp 300w, https:\/\/revistacampus.uandes.cl\/2024\/wp-content\/uploads\/2024\/08\/Record-de-estudiantes-puntaje-PAES-y-becas_-768x511.webp 768w, https:\/\/revistacampus.uandes.cl\/2024\/wp-content\/uploads\/2024\/08\/Record-de-estudiantes-puntaje-PAES-y-becas_-1536x1022.webp 1536w, https:\/\/revistacampus.uandes.cl\/2024\/wp-content\/uploads\/2024\/08\/Record-de-estudiantes-puntaje-PAES-y-becas_.webp 2000w\" sizes=\"(max-width: 1024px) 100vw, 1024px\" \/><\/figure>\n\n\n\n<p>2.216 j\u00f3venes se matricularon en el <a href=\"https:\/\/www.uandes.cl\/noticias\/uandes-finaliza-exitoso-proceso-de-admision-2024-con-mas-de-2-200-nuevos-estudiantes-y-aumento-en-promedio-paes\/\" target=\"_blank\" rel=\"noreferrer noopener\">proceso de Admisi\u00f3n 2024<\/a>, promediando 795.51 puntos en la Prueba de Acceso a la Educaci\u00f3n Superior (PAES), lo que nos ubic\u00f3, <strong>por primera vez, en el segundo lugar nacional<\/strong>. De los 33 programas ofrecidos, 26 subieron el puntaje de corte, la nueva licenciatura en Derecho y Filosof\u00eda complet\u00f3 sus vacantes y las carreras con m\u00e1s postulaciones fueron Medicina e Ingenier\u00eda Comercial. Las carreras de Educaci\u00f3n aumentaron en convocados, matriculados y puntaje de corte, con tres veces m\u00e1s estudiantes de colegios municipales y subvencionados y un total de 42 becas 100% matr\u00edcula y arancel, gracias a la <a href=\"https:\/\/admision.uandes.cl\/becas\/beca-uandes-profesores-para-chile-colegios-publicos\" target=\"_blank\" rel=\"noreferrer noopener\"><strong>Beca UANDES profesores para Chile<\/strong><\/a>. <img decoding=\"async\" width=\"15\" height=\"15\" class=\"wp-image-402\" style=\"width: 15px;\" src=\"https:\/\/revistacampus.uandes.cl\/2024\/wp-content\/uploads\/2024\/08\/VE-POR-MAS.png\" alt=\"\" srcset=\"https:\/\/revistacampus.uandes.cl\/2024\/wp-content\/uploads\/2024\/08\/VE-POR-MAS.png 250w, https:\/\/revistacampus.uandes.cl\/2024\/wp-content\/uploads\/2024\/08\/VE-POR-MAS-150x150.png 150w\" sizes=\"(max-width: 15px) 100vw, 15px\" \/><\/p>\n\n\n\n<div style=\"height:50px\" aria-hidden=\"true\" class=\"wp-block-spacer\"><\/div>\n\n\n\n<hr class=\"wp-block-separator has-text-color has-alpha-channel-opacity has-background is-style-wide\" style=\"background-color:#37424a;color:#37424a\"\/>\n\n\n\n<div style=\"height:50px\" aria-hidden=\"true\" class=\"wp-block-spacer\"><\/div>\n\n\n\n<div class=\"wp-block-columns has-white-background-color has-background is-layout-flex wp-container-core-columns-is-layout-9d6595d7 wp-block-columns-is-layout-flex\">\n<div class=\"wp-block-column is-layout-flow wp-block-column-is-layout-flow\" style=\"flex-basis:100%\">\n<h1 class=\"wp-block-heading\"><img decoding=\"async\" width=\"50\" height=\"50\" class=\"wp-image-402\" style=\"width: 50px;\" src=\"https:\/\/revistacampus.uandes.cl\/2024\/wp-content\/uploads\/2024\/08\/VE-POR-MAS.png\" alt=\"\" srcset=\"https:\/\/revistacampus.uandes.cl\/2024\/wp-content\/uploads\/2024\/08\/VE-POR-MAS.png 250w, https:\/\/revistacampus.uandes.cl\/2024\/wp-content\/uploads\/2024\/08\/VE-POR-MAS-150x150.png 150w\" sizes=\"(max-width: 50px) 100vw, 50px\" \/><br><mark style=\"background-color:rgba(0, 0, 0, 0);color:#e10e17\" class=\"has-inline-color\"><strong>Primeras ferias laborales para Derecho y Salud<\/strong><\/mark><\/h1>\n\n\n\n<div class=\"wp-block-columns is-layout-flex wp-container-core-columns-is-layout-9d6595d7 wp-block-columns-is-layout-flex\">\n<div class=\"wp-block-column is-layout-flow wp-block-column-is-layout-flow\">\n<p>M\u00e1s de 300 estudiantes y alumni de Derecho conectaron con una veintena de entidades p\u00fablicas y privadas durante esta feria exclusiva, organizada por <a href=\"https:\/\/alumni.uandes.cl\/\" target=\"_blank\" rel=\"noreferrer noopener\">alumniUANDES<\/a>, la <a href=\"https:\/\/www.uandes.cl\/carrera\/derecho\/\" target=\"_blank\" rel=\"noreferrer noopener\">Facultad de Derecho<\/a> y su Centro de Alumnos, con el objetivo de cumplir con el compromiso de acompa\u00f1ar a los alumnos y egresados en su desarrollo profesional. Asimismo, otros 300 j\u00f3venes de nueve carreras de la salud pudieron postular a m\u00e1s de 120 ofertas laborales y recibir asesoramiento sobre sus CV en una feria <em>online <\/em>dise\u00f1ada especialmente para ellos. Estas sesiones se suman a la <a href=\"https:\/\/alumni.uandes.cl\/page\/feria-laboral\" target=\"_blank\" rel=\"noreferrer noopener\">feria laboral general que alumniUANDES organiza cada a\u00f1o<\/a>. <img decoding=\"async\" width=\"15\" height=\"15\" class=\"wp-image-402\" style=\"width: 15px;\" src=\"https:\/\/revistacampus.uandes.cl\/2024\/wp-content\/uploads\/2024\/08\/VE-POR-MAS.png\" alt=\"\" srcset=\"https:\/\/revistacampus.uandes.cl\/2024\/wp-content\/uploads\/2024\/08\/VE-POR-MAS.png 250w, https:\/\/revistacampus.uandes.cl\/2024\/wp-content\/uploads\/2024\/08\/VE-POR-MAS-150x150.png 150w\" sizes=\"(max-width: 15px) 100vw, 15px\" \/><\/p>\n<\/div>\n\n\n\n<div class=\"wp-block-column is-layout-flow wp-block-column-is-layout-flow\">\n<figure class=\"wp-block-image size-large is-resized\"><img loading=\"lazy\" decoding=\"async\" width=\"1024\" height=\"682\" src=\"https:\/\/revistacampus.uandes.cl\/2024\/wp-content\/uploads\/2024\/08\/1as-Ferias-Laborales-para-Derecho-y-Salud-1_-1024x682.webp\" alt=\"\" class=\"wp-image-370\" style=\"width:679px\" srcset=\"https:\/\/revistacampus.uandes.cl\/2024\/wp-content\/uploads\/2024\/08\/1as-Ferias-Laborales-para-Derecho-y-Salud-1_-1024x682.webp 1024w, https:\/\/revistacampus.uandes.cl\/2024\/wp-content\/uploads\/2024\/08\/1as-Ferias-Laborales-para-Derecho-y-Salud-1_-300x200.webp 300w, https:\/\/revistacampus.uandes.cl\/2024\/wp-content\/uploads\/2024\/08\/1as-Ferias-Laborales-para-Derecho-y-Salud-1_-768x512.webp 768w, https:\/\/revistacampus.uandes.cl\/2024\/wp-content\/uploads\/2024\/08\/1as-Ferias-Laborales-para-Derecho-y-Salud-1_-1536x1024.webp 1536w, https:\/\/revistacampus.uandes.cl\/2024\/wp-content\/uploads\/2024\/08\/1as-Ferias-Laborales-para-Derecho-y-Salud-1_.webp 2000w\" sizes=\"(max-width: 1024px) 100vw, 1024px\" \/><\/figure>\n<\/div>\n<\/div>\n<\/div>\n<\/div>\n\n\n\n<div style=\"height:50px\" aria-hidden=\"true\" class=\"wp-block-spacer\"><\/div>\n\n\n\n<hr class=\"wp-block-separator has-text-color has-alpha-channel-opacity has-background is-style-wide\" style=\"background-color:#37424a;color:#37424a\"\/>\n\n\n\n<div style=\"height:50px\" aria-hidden=\"true\" class=\"wp-block-spacer\"><\/div>\n\n\n\n<div class=\"wp-block-columns has-background is-layout-flex wp-container-core-columns-is-layout-9d6595d7 wp-block-columns-is-layout-flex\" style=\"background-color:#eeeeee\">\n<div class=\"wp-block-column is-layout-flow wp-block-column-is-layout-flow\" style=\"flex-basis:100%\">\n<h1 class=\"wp-block-heading\"><img decoding=\"async\" width=\"50\" height=\"50\" class=\"wp-image-402\" style=\"width: 50px;\" src=\"https:\/\/revistacampus.uandes.cl\/2024\/wp-content\/uploads\/2024\/08\/VE-POR-MAS.png\" alt=\"\" srcset=\"https:\/\/revistacampus.uandes.cl\/2024\/wp-content\/uploads\/2024\/08\/VE-POR-MAS.png 250w, https:\/\/revistacampus.uandes.cl\/2024\/wp-content\/uploads\/2024\/08\/VE-POR-MAS-150x150.png 150w\" sizes=\"(max-width: 50px) 100vw, 50px\" \/><br><mark style=\"background-color:rgba(0, 0, 0, 0);color:#e10e17\" class=\"has-inline-color\"><strong>Acreditaci\u00f3n de la Salud F\u00edsica y Mental<\/strong><\/mark><\/h1>\n\n\n\n<figure class=\"wp-block-image size-large\"><img loading=\"lazy\" decoding=\"async\" width=\"1024\" height=\"681\" src=\"https:\/\/revistacampus.uandes.cl\/2024\/wp-content\/uploads\/2024\/08\/Acreditacion-de-la-salud-fisica-y-mental-2_-1024x681.webp\" alt=\"\" class=\"wp-image-372\" style=\"aspect-ratio:1.7777777777777777;object-fit:cover\" srcset=\"https:\/\/revistacampus.uandes.cl\/2024\/wp-content\/uploads\/2024\/08\/Acreditacion-de-la-salud-fisica-y-mental-2_-1024x681.webp 1024w, https:\/\/revistacampus.uandes.cl\/2024\/wp-content\/uploads\/2024\/08\/Acreditacion-de-la-salud-fisica-y-mental-2_-300x200.webp 300w, https:\/\/revistacampus.uandes.cl\/2024\/wp-content\/uploads\/2024\/08\/Acreditacion-de-la-salud-fisica-y-mental-2_-768x511.webp 768w, https:\/\/revistacampus.uandes.cl\/2024\/wp-content\/uploads\/2024\/08\/Acreditacion-de-la-salud-fisica-y-mental-2_-1536x1022.webp 1536w, https:\/\/revistacampus.uandes.cl\/2024\/wp-content\/uploads\/2024\/08\/Acreditacion-de-la-salud-fisica-y-mental-2_.webp 2000w\" sizes=\"(max-width: 1024px) 100vw, 1024px\" \/><\/figure>\n\n\n\n<p><strong>Hasta enero de 2029 <a href=\"https:\/\/www.uandes.cl\/noticias\/doctorado-en-biomedicina-fue-acreditado-por-5-anos\/\" target=\"_blank\" rel=\"noreferrer noopener\">(5 a\u00f1os) fue acreditado<\/a> el <a href=\"https:\/\/www.uandes.cl\/investigacion-y-doctorado\/doctorados\/\" target=\"_blank\" rel=\"noreferrer noopener\">Doctorado en Biomedicina<\/a><\/strong> por parte de la Comisi\u00f3n Nacional de Acreditaci\u00f3n (<a href=\"https:\/\/www.cnachile.cl\/Paginas\/Inicio.aspx\" target=\"_blank\" rel=\"noreferrer noopener\">CNA<\/a>), reconociendo la productividad del claustro, del Centro de Investigaci\u00f3n e Innovaci\u00f3n Biom\u00e9dica (<a href=\"https:\/\/www.uandes.cl\/ciib\/\" target=\"_blank\" rel=\"noreferrer noopener\">CiiB<\/a>) y la colaboraci\u00f3n con las compa\u00f1\u00edas biotecnol\u00f3gicas asociadas a la UANDES. <strong>La CNA tambi\u00e9n acredit\u00f3 las especialidades de<\/strong> Radiolog\u00eda (8 a\u00f1os); Medicina Interna, Urolog\u00eda y Obstetricia y Ginecolog\u00eda (7 a\u00f1os), as\u00ed como Pediatr\u00eda y Odontopediatr\u00eda (6 a\u00f1os). Y tras un proceso de evaluaci\u00f3n voluntario, la <a href=\"https:\/\/www.uandes.cl\/noticias\/escuela-de-psicologia-uandes-es-certificada-por-seis-anos\/\" target=\"_blank\" rel=\"noreferrer noopener\">agencia Qualitas certific\u00f3 la carrera de Psicolog\u00eda<\/a> por 6 a\u00f1os, se\u00f1alando que \u201cla unidad acad\u00e9mica se encuentra en v\u00edas de destacarse\u201d. <img decoding=\"async\" width=\"15\" height=\"15\" class=\"wp-image-402\" style=\"width: 15px;\" src=\"https:\/\/revistacampus.uandes.cl\/2024\/wp-content\/uploads\/2024\/08\/VE-POR-MAS.png\" alt=\"\" srcset=\"https:\/\/revistacampus.uandes.cl\/2024\/wp-content\/uploads\/2024\/08\/VE-POR-MAS.png 250w, https:\/\/revistacampus.uandes.cl\/2024\/wp-content\/uploads\/2024\/08\/VE-POR-MAS-150x150.png 150w\" sizes=\"(max-width: 15px) 100vw, 15px\" \/><\/p>\n<\/div>\n<\/div>\n\n\n\n<div style=\"height:50px\" aria-hidden=\"true\" class=\"wp-block-spacer\"><\/div>\n\n\n\n<hr class=\"wp-block-separator has-text-color has-alpha-channel-opacity has-background is-style-wide\" style=\"background-color:#37424a;color:#37424a\"\/>\n\n\n\n<div style=\"height:50px\" aria-hidden=\"true\" class=\"wp-block-spacer\"><\/div>\n\n\n\n<h1 class=\"wp-block-heading\"><img decoding=\"async\" width=\"50\" height=\"50\" class=\"wp-image-402\" style=\"width: 50px;\" src=\"https:\/\/revistacampus.uandes.cl\/2024\/wp-content\/uploads\/2024\/08\/VE-POR-MAS.png\" alt=\"\" srcset=\"https:\/\/revistacampus.uandes.cl\/2024\/wp-content\/uploads\/2024\/08\/VE-POR-MAS.png 250w, https:\/\/revistacampus.uandes.cl\/2024\/wp-content\/uploads\/2024\/08\/VE-POR-MAS-150x150.png 150w\" sizes=\"(max-width: 50px) 100vw, 50px\" \/><br><mark style=\"background-color:rgba(0, 0, 0, 0);color:#e10e17\" class=\"has-inline-color\"><strong>Reconocimiento a la Excelencia Docente<\/strong><\/mark><\/h1>\n\n\n\n<div class=\"wp-block-columns is-layout-flex wp-container-core-columns-is-layout-9d6595d7 wp-block-columns-is-layout-flex\">\n<div class=\"wp-block-column is-layout-flow wp-block-column-is-layout-flow\">\n<figure class=\"wp-block-image size-large\"><img loading=\"lazy\" decoding=\"async\" width=\"1024\" height=\"1024\" src=\"https:\/\/revistacampus.uandes.cl\/2024\/wp-content\/uploads\/2024\/08\/Excelencia-docente-2-1024x1024.png\" alt=\"\" class=\"wp-image-720\" srcset=\"https:\/\/revistacampus.uandes.cl\/2024\/wp-content\/uploads\/2024\/08\/Excelencia-docente-2-1024x1024.png 1024w, https:\/\/revistacampus.uandes.cl\/2024\/wp-content\/uploads\/2024\/08\/Excelencia-docente-2-300x300.png 300w, https:\/\/revistacampus.uandes.cl\/2024\/wp-content\/uploads\/2024\/08\/Excelencia-docente-2-150x150.png 150w, https:\/\/revistacampus.uandes.cl\/2024\/wp-content\/uploads\/2024\/08\/Excelencia-docente-2-768x768.png 768w, https:\/\/revistacampus.uandes.cl\/2024\/wp-content\/uploads\/2024\/08\/Excelencia-docente-2.png 1080w\" sizes=\"(max-width: 1024px) 100vw, 1024px\" \/><\/figure>\n<\/div>\n\n\n\n<div class=\"wp-block-column is-layout-flow wp-block-column-is-layout-flow\">\n<figure class=\"wp-block-image size-large\"><img loading=\"lazy\" decoding=\"async\" width=\"1024\" height=\"1024\" src=\"https:\/\/revistacampus.uandes.cl\/2024\/wp-content\/uploads\/2024\/08\/Excelencia-docente1-1024x1024.png\" alt=\"\" class=\"wp-image-719\" srcset=\"https:\/\/revistacampus.uandes.cl\/2024\/wp-content\/uploads\/2024\/08\/Excelencia-docente1-1024x1024.png 1024w, https:\/\/revistacampus.uandes.cl\/2024\/wp-content\/uploads\/2024\/08\/Excelencia-docente1-300x300.png 300w, https:\/\/revistacampus.uandes.cl\/2024\/wp-content\/uploads\/2024\/08\/Excelencia-docente1-150x150.png 150w, https:\/\/revistacampus.uandes.cl\/2024\/wp-content\/uploads\/2024\/08\/Excelencia-docente1-768x768.png 768w, https:\/\/revistacampus.uandes.cl\/2024\/wp-content\/uploads\/2024\/08\/Excelencia-docente1.png 1080w\" sizes=\"(max-width: 1024px) 100vw, 1024px\" \/><\/figure>\n<\/div>\n\n\n\n<div class=\"wp-block-column is-layout-flow wp-block-column-is-layout-flow\">\n<figure class=\"wp-block-image size-large is-style-rounded\"><img loading=\"lazy\" decoding=\"async\" width=\"1024\" height=\"1024\" src=\"https:\/\/revistacampus.uandes.cl\/2024\/wp-content\/uploads\/2024\/08\/Excelencia-docente-3-1024x1024.png\" alt=\"\" class=\"wp-image-718\" style=\"aspect-ratio:1;object-fit:cover\" srcset=\"https:\/\/revistacampus.uandes.cl\/2024\/wp-content\/uploads\/2024\/08\/Excelencia-docente-3-1024x1024.png 1024w, https:\/\/revistacampus.uandes.cl\/2024\/wp-content\/uploads\/2024\/08\/Excelencia-docente-3-300x300.png 300w, https:\/\/revistacampus.uandes.cl\/2024\/wp-content\/uploads\/2024\/08\/Excelencia-docente-3-150x150.png 150w, https:\/\/revistacampus.uandes.cl\/2024\/wp-content\/uploads\/2024\/08\/Excelencia-docente-3-768x768.png 768w, https:\/\/revistacampus.uandes.cl\/2024\/wp-content\/uploads\/2024\/08\/Excelencia-docente-3.png 1080w\" sizes=\"(max-width: 1024px) 100vw, 1024px\" \/><\/figure>\n<\/div>\n<\/div>\n\n\n\n<p>El profesor <a href=\"https:\/\/www.uandes.cl\/personas\/enrique-brahm-garcia\/\" target=\"_blank\" rel=\"noreferrer noopener\">Enrique Brahm<\/a>, de la Facultad de Derecho y de la de Filosof\u00eda y Humanidades; <a href=\"https:\/\/www.uandes.cl\/personas\/juan-cristobal-nagel-beck\/\" target=\"_blank\" rel=\"noreferrer noopener\">Juan Nagel<\/a>, de la Facultad de Ciencias Econ\u00f3micas y Empresariales; y <a href=\"https:\/\/www.uandes.cl\/personas\/paz-moscoso-pavez\/\" target=\"_blank\" rel=\"noreferrer noopener\">Carmen Paz Moscoso<\/a>, de la Facultad de Enfermer\u00eda y Obstetricia, <a href=\"https:\/\/www.uandes.cl\/noticias\/uandes-celebra-34-anos-desde-su-fundacion\/#excelencia-docente\" target=\"_blank\" rel=\"noreferrer noopener\">recibieron la quinta versi\u00f3n del Premio Excelencia Docente<\/a>, reconocimiento que se entrega cada dos a\u00f1os en el marco del inter\u00e9s por situar a la docencia como pilar fundamental del quehacer formador universitario, al tiempo que reconoce la labor que realizan los acad\u00e9micos por lograr un aprendizaje profundo en sus estudiantes. <img decoding=\"async\" width=\"15\" height=\"15\" class=\"wp-image-402\" style=\"width: 15px;\" src=\"https:\/\/revistacampus.uandes.cl\/2024\/wp-content\/uploads\/2024\/08\/VE-POR-MAS.png\" alt=\"\" srcset=\"https:\/\/revistacampus.uandes.cl\/2024\/wp-content\/uploads\/2024\/08\/VE-POR-MAS.png 250w, https:\/\/revistacampus.uandes.cl\/2024\/wp-content\/uploads\/2024\/08\/VE-POR-MAS-150x150.png 150w\" sizes=\"(max-width: 15px) 100vw, 15px\" \/><\/p>\n\n\n\n<div style=\"height:50px\" aria-hidden=\"true\" class=\"wp-block-spacer\"><\/div>\n\n\n\n<hr class=\"wp-block-separator has-text-color has-alpha-channel-opacity has-background is-style-wide\" style=\"background-color:#37424a;color:#37424a\"\/>\n\n\n\n<div style=\"height:50px\" aria-hidden=\"true\" class=\"wp-block-spacer\"><\/div>\n\n\n\n<div class=\"wp-block-columns has-white-background-color has-background is-layout-flex wp-container-core-columns-is-layout-9d6595d7 wp-block-columns-is-layout-flex\">\n<div class=\"wp-block-column is-layout-flow wp-block-column-is-layout-flow\" style=\"flex-basis:100%\">\n<h1 class=\"wp-block-heading\"><img decoding=\"async\" width=\"50\" height=\"50\" class=\"wp-image-402\" style=\"width: 50px;\" src=\"https:\/\/revistacampus.uandes.cl\/2024\/wp-content\/uploads\/2024\/08\/VE-POR-MAS.png\" alt=\"\" srcset=\"https:\/\/revistacampus.uandes.cl\/2024\/wp-content\/uploads\/2024\/08\/VE-POR-MAS.png 250w, https:\/\/revistacampus.uandes.cl\/2024\/wp-content\/uploads\/2024\/08\/VE-POR-MAS-150x150.png 150w\" sizes=\"(max-width: 50px) 100vw, 50px\" \/><br><mark style=\"background-color:rgba(0, 0, 0, 0);color:#e10e17\" class=\"has-inline-color\"><strong>ADS y FCOM: Tres D\u00e9cadas de Servicio y Comunicaci\u00f3n<\/strong><\/mark><\/h1>\n\n\n\n<div class=\"wp-block-columns is-layout-flex wp-container-core-columns-is-layout-9d6595d7 wp-block-columns-is-layout-flex\">\n<div class=\"wp-block-column is-layout-flow wp-block-column-is-layout-flow\">\n<figure class=\"wp-block-image size-large is-resized\"><img loading=\"lazy\" decoding=\"async\" width=\"1024\" height=\"660\" src=\"https:\/\/revistacampus.uandes.cl\/2024\/wp-content\/uploads\/2024\/08\/Tres-decadas-de-servicio-y-comunicacion-ADS_-2-e1725367107808-1024x660.webp\" alt=\"\" class=\"wp-image-390\" style=\"width:auto;height:300px\" srcset=\"https:\/\/revistacampus.uandes.cl\/2024\/wp-content\/uploads\/2024\/08\/Tres-decadas-de-servicio-y-comunicacion-ADS_-2-e1725367107808-1024x660.webp 1024w, https:\/\/revistacampus.uandes.cl\/2024\/wp-content\/uploads\/2024\/08\/Tres-decadas-de-servicio-y-comunicacion-ADS_-2-e1725367107808-300x193.webp 300w, https:\/\/revistacampus.uandes.cl\/2024\/wp-content\/uploads\/2024\/08\/Tres-decadas-de-servicio-y-comunicacion-ADS_-2-e1725367107808-768x495.webp 768w, https:\/\/revistacampus.uandes.cl\/2024\/wp-content\/uploads\/2024\/08\/Tres-decadas-de-servicio-y-comunicacion-ADS_-2-e1725367107808-1536x989.webp 1536w, https:\/\/revistacampus.uandes.cl\/2024\/wp-content\/uploads\/2024\/08\/Tres-decadas-de-servicio-y-comunicacion-ADS_-2-e1725367107808.webp 1810w\" sizes=\"(max-width: 1024px) 100vw, 1024px\" \/><\/figure>\n\n\n\n<p>\u201cEl servicio es un ancla muy importante de la Universidad y esta carrera lo encarna de manera muy propia, ya que est\u00e1 orientada a las personas\u201d, explic\u00f3 el <strong>Rector Jos\u00e9 Antonio Guzm\u00e1n al <a href=\"https:\/\/www.uandes.cl\/noticias\/administracion-de-servicios-cumplio-30-anos-y-celebro-con-autoridades-academicos-alumni-y-funcionarios\/\" target=\"_blank\" rel=\"noreferrer noopener\">celebrar los 30 a\u00f1os<\/a> de la <a href=\"https:\/\/www.uandes.cl\/carrera\/administracion-de-servicios\/\" target=\"_blank\" rel=\"noreferrer noopener\">Escuela de Administraci\u00f3n de Servicios<\/a> junto a sus alumni<\/strong>, quienes tuvieron la oportunidad de asistir a la charla de la acad\u00e9mica <a href=\"https:\/\/www.linkedin.com\/in\/diana-carvajal\/?originalSubdomain=cl\" target=\"_blank\" rel=\"noreferrer noopener\">Diana Carvajal<\/a>, fundadora de <em>Blue Place CX<\/em>.<\/p>\n<\/div>\n\n\n\n<div class=\"wp-block-column is-layout-flow wp-block-column-is-layout-flow\">\n<figure class=\"wp-block-image size-large is-resized\"><img loading=\"lazy\" decoding=\"async\" width=\"1024\" height=\"701\" src=\"https:\/\/revistacampus.uandes.cl\/2024\/wp-content\/uploads\/2024\/08\/P1019220_-1-e1725367319822-1024x701.webp\" alt=\"\" class=\"wp-image-391\" style=\"width:auto;height:300px\" srcset=\"https:\/\/revistacampus.uandes.cl\/2024\/wp-content\/uploads\/2024\/08\/P1019220_-1-e1725367319822-1024x701.webp 1024w, https:\/\/revistacampus.uandes.cl\/2024\/wp-content\/uploads\/2024\/08\/P1019220_-1-e1725367319822-300x205.webp 300w, https:\/\/revistacampus.uandes.cl\/2024\/wp-content\/uploads\/2024\/08\/P1019220_-1-e1725367319822-768x526.webp 768w, https:\/\/revistacampus.uandes.cl\/2024\/wp-content\/uploads\/2024\/08\/P1019220_-1-e1725367319822-1536x1052.webp 1536w, https:\/\/revistacampus.uandes.cl\/2024\/wp-content\/uploads\/2024\/08\/P1019220_-1-e1725367319822.webp 1640w\" sizes=\"(max-width: 1024px) 100vw, 1024px\" \/><\/figure>\n\n\n\n<p>Los egresados de la <a href=\"https:\/\/www.uandes.cl\/facultad\/facultad-de-comunicacion\/\" target=\"_blank\" rel=\"noreferrer noopener\"><strong>Facultad de Comunicaci\u00f3n<\/strong><\/a> tambi\u00e9n conmemoraron su aniversario con una entretenida ceremonia y con el <strong>seminario \u201cPeriodismo de Calidad: Desaf\u00edos y oportunidades en la era de la desinformaci\u00f3n\u201d<\/strong>, con el editor del diario La Naci\u00f3n de Argentina, <a href=\"https:\/\/www.lanacion.com.ar\/autor\/fernan-saguier-90\/\" target=\"_blank\" rel=\"noreferrer noopener\">Fern\u00e1n Saguier<\/a>. <img decoding=\"async\" width=\"15\" height=\"15\" class=\"wp-image-402\" style=\"width: 15px;\" src=\"https:\/\/revistacampus.uandes.cl\/2024\/wp-content\/uploads\/2024\/08\/VE-POR-MAS.png\" alt=\"\" srcset=\"https:\/\/revistacampus.uandes.cl\/2024\/wp-content\/uploads\/2024\/08\/VE-POR-MAS.png 250w, https:\/\/revistacampus.uandes.cl\/2024\/wp-content\/uploads\/2024\/08\/VE-POR-MAS-150x150.png 150w\" sizes=\"(max-width: 15px) 100vw, 15px\" \/><\/p>\n<\/div>\n<\/div>\n<\/div>\n<\/div>\n\n\n\n<div style=\"height:50px\" aria-hidden=\"true\" class=\"wp-block-spacer\"><\/div>\n\n\n\n<hr class=\"wp-block-separator has-text-color has-alpha-channel-opacity has-background is-style-wide\" style=\"background-color:#37424a;color:#37424a\"\/>\n\n\n\n<div style=\"height:50px\" aria-hidden=\"true\" class=\"wp-block-spacer\"><\/div>\n\n\n\n<div class=\"wp-block-columns has-background is-layout-flex wp-container-core-columns-is-layout-9d6595d7 wp-block-columns-is-layout-flex\" style=\"background-color:#eeeeee\">\n<div class=\"wp-block-column is-layout-flow wp-block-column-is-layout-flow\" style=\"flex-basis:100%\">\n<h1 class=\"wp-block-heading\"><img decoding=\"async\" width=\"50\" height=\"50\" class=\"wp-image-402\" style=\"width: 50px;\" src=\"https:\/\/revistacampus.uandes.cl\/2024\/wp-content\/uploads\/2024\/08\/VE-POR-MAS.png\" alt=\"\" srcset=\"https:\/\/revistacampus.uandes.cl\/2024\/wp-content\/uploads\/2024\/08\/VE-POR-MAS.png 250w, https:\/\/revistacampus.uandes.cl\/2024\/wp-content\/uploads\/2024\/08\/VE-POR-MAS-150x150.png 150w\" sizes=\"(max-width: 50px) 100vw, 50px\" \/><br><mark style=\"background-color:rgba(0, 0, 0, 0);color:#e10e17\" class=\"has-inline-color\"><strong>La Estrella de Bel\u00e9n y los Viajeros Valientes<\/strong><\/mark><\/h1>\n\n\n\n<figure class=\"wp-block-image size-large\"><img loading=\"lazy\" decoding=\"async\" width=\"1024\" height=\"682\" src=\"https:\/\/revistacampus.uandes.cl\/2024\/wp-content\/uploads\/2024\/08\/La-Estrella-de-Belen-y-los-Viajeros-Valientes-1_-1024x682.webp\" alt=\"\" class=\"wp-image-379\" srcset=\"https:\/\/revistacampus.uandes.cl\/2024\/wp-content\/uploads\/2024\/08\/La-Estrella-de-Belen-y-los-Viajeros-Valientes-1_-1024x682.webp 1024w, https:\/\/revistacampus.uandes.cl\/2024\/wp-content\/uploads\/2024\/08\/La-Estrella-de-Belen-y-los-Viajeros-Valientes-1_-300x200.webp 300w, https:\/\/revistacampus.uandes.cl\/2024\/wp-content\/uploads\/2024\/08\/La-Estrella-de-Belen-y-los-Viajeros-Valientes-1_-768x512.webp 768w, https:\/\/revistacampus.uandes.cl\/2024\/wp-content\/uploads\/2024\/08\/La-Estrella-de-Belen-y-los-Viajeros-Valientes-1_-1536x1024.webp 1536w, https:\/\/revistacampus.uandes.cl\/2024\/wp-content\/uploads\/2024\/08\/La-Estrella-de-Belen-y-los-Viajeros-Valientes-1_.webp 2000w\" sizes=\"(max-width: 1024px) 100vw, 1024px\" \/><\/figure>\n\n\n\n<p class=\"has-background\" style=\"background-color:#eeeeee\"><strong>M\u00e1s de 12.000 personas disfrutaron la <a href=\"https:\/\/www.uandes.cl\/noticias\/uandes-participa-en-la-nueva-temporada-de-conciertos-navidenos-en-parques-y-plazas-de-las-condes\/\" target=\"_blank\" rel=\"noreferrer noopener\">sexta versi\u00f3n de los Conciertos de Navidad<\/a> en plazas y parques de Las Condes<\/strong>, con una m\u00e1gica puesta en escena y un repertorio que incluy\u00f3 reconocidas piezas de la m\u00fasica cl\u00e1sica, junto a tradicionales villancicos. En una producci\u00f3n conjunta entre la <a href=\"https:\/\/www.uandes.cl\/extension\/\" target=\"_blank\" rel=\"noreferrer noopener\">Direcci\u00f3n de Extensi\u00f3n Cultural<\/a> y el <a href=\"https:\/\/www.lascondes.cl\/teatro\/\" target=\"_blank\" rel=\"noreferrer noopener\">Teatro Municipal de la comuna<\/a>, las seis presentaciones contaron con la participaci\u00f3n de Amaya Forch, la Compa\u00f1\u00eda de Danza Cassis, la Camerata UANDES y el Coro de Alumnos, al que se sumaron vecinos de Las Condes, en una muestra m\u00e1s del compromiso universitario con la comunidad, a trav\u00e9s de la m\u00fasica, el arte y la cultura. <img decoding=\"async\" width=\"15\" height=\"15\" class=\"wp-image-402\" style=\"width: 15px;\" src=\"https:\/\/revistacampus.uandes.cl\/2024\/wp-content\/uploads\/2024\/08\/VE-POR-MAS.png\" alt=\"\" srcset=\"https:\/\/revistacampus.uandes.cl\/2024\/wp-content\/uploads\/2024\/08\/VE-POR-MAS.png 250w, https:\/\/revistacampus.uandes.cl\/2024\/wp-content\/uploads\/2024\/08\/VE-POR-MAS-150x150.png 150w\" sizes=\"(max-width: 15px) 100vw, 15px\" \/><\/p>\n<\/div>\n<\/div>\n\n\n\n<div style=\"height:50px\" aria-hidden=\"true\" class=\"wp-block-spacer\"><\/div>\n\n\n\n<hr class=\"wp-block-separator has-text-color has-alpha-channel-opacity has-background is-style-wide\" style=\"background-color:#37424a;color:#37424a\"\/>\n\n\n\n<div style=\"height:50px\" aria-hidden=\"true\" class=\"wp-block-spacer\"><\/div>\n\n\n\n<div class=\"wp-block-columns is-layout-flex wp-container-core-columns-is-layout-9d6595d7 wp-block-columns-is-layout-flex\">\n<div class=\"wp-block-column is-layout-flow wp-block-column-is-layout-flow\" style=\"flex-basis:33.33%\">\n<h1 class=\"wp-block-heading\"><img decoding=\"async\" width=\"50\" height=\"50\" class=\"wp-image-402\" style=\"width: 50px;\" src=\"https:\/\/revistacampus.uandes.cl\/2024\/wp-content\/uploads\/2024\/08\/VE-POR-MAS.png\" alt=\"\" srcset=\"https:\/\/revistacampus.uandes.cl\/2024\/wp-content\/uploads\/2024\/08\/VE-POR-MAS.png 250w, https:\/\/revistacampus.uandes.cl\/2024\/wp-content\/uploads\/2024\/08\/VE-POR-MAS-150x150.png 150w\" sizes=\"(max-width: 50px) 100vw, 50px\" \/><br><mark style=\"background-color:rgba(0, 0, 0, 0);color:#e10e17\" class=\"has-inline-color\"><strong>Conferencia sobre Creaci\u00f3n y Evoluci\u00f3n<\/strong><\/mark><\/h1>\n<\/div>\n\n\n\n<div class=\"wp-block-column is-layout-flow wp-block-column-is-layout-flow\" style=\"flex-basis:66.66%\">\n<figure class=\"wp-block-image size-large is-resized\"><img loading=\"lazy\" decoding=\"async\" width=\"1024\" height=\"682\" src=\"https:\/\/revistacampus.uandes.cl\/2024\/wp-content\/uploads\/2024\/08\/Conferencia-sobre-creacion-y-evolucion_-1-1024x682.webp\" alt=\"\" class=\"wp-image-384\" style=\"width:588px;height:auto\" srcset=\"https:\/\/revistacampus.uandes.cl\/2024\/wp-content\/uploads\/2024\/08\/Conferencia-sobre-creacion-y-evolucion_-1-1024x682.webp 1024w, https:\/\/revistacampus.uandes.cl\/2024\/wp-content\/uploads\/2024\/08\/Conferencia-sobre-creacion-y-evolucion_-1-300x200.webp 300w, https:\/\/revistacampus.uandes.cl\/2024\/wp-content\/uploads\/2024\/08\/Conferencia-sobre-creacion-y-evolucion_-1-768x512.webp 768w, https:\/\/revistacampus.uandes.cl\/2024\/wp-content\/uploads\/2024\/08\/Conferencia-sobre-creacion-y-evolucion_-1-1536x1024.webp 1536w, https:\/\/revistacampus.uandes.cl\/2024\/wp-content\/uploads\/2024\/08\/Conferencia-sobre-creacion-y-evolucion_-1.webp 2000w\" sizes=\"(max-width: 1024px) 100vw, 1024px\" \/><\/figure>\n<\/div>\n<\/div>\n\n\n\n<p>Invitado por el <a href=\"https:\/\/www.uandes.cl\/cer\/\" target=\"_blank\" rel=\"noreferrer noopener\">Centro para la Religi\u00f3n Cat\u00f3lica<\/a>, <a href=\"https:\/\/www.eunsa.es\/autor\/jose-ramon-ayllon-vega\/\" target=\"_blank\" rel=\"noreferrer noopener\">Jos\u00e9 Ram\u00f3n Ayll\u00f3n<\/a>, licenciado en Filosof\u00eda y Letras de la Universidad de Oviedo, <a href=\"https:\/\/www.uandes.cl\/noticias\/conferencia-sobre-creacion-y-evolucion-por-jose-ramon-ayllon\/\" target=\"_blank\" rel=\"noreferrer noopener\">abord\u00f3 tres cuestiones fundamentales<\/a>: la formaci\u00f3n del universo, el origen de la vida y de las especies, y la misteriosa condici\u00f3n humana. Expres\u00f3 que, si bien la f\u00edsica, la astronom\u00eda, la biolog\u00eda, la filosof\u00eda y la teolog\u00eda no representan la verdad absoluta, s\u00ed forman parte de ella. Ofreci\u00f3 un enfoque interdisciplinario, entrelazando an\u00e9cdotas curiosas, reflexiones de maestros y numerosas preguntas, para meditar sobre el vasto conocimiento que nos rodea y su impacto en nuestras vidas. <img decoding=\"async\" width=\"15\" height=\"15\" class=\"wp-image-402\" style=\"width: 15px;\" src=\"https:\/\/revistacampus.uandes.cl\/2024\/wp-content\/uploads\/2024\/08\/VE-POR-MAS.png\" alt=\"\" srcset=\"https:\/\/revistacampus.uandes.cl\/2024\/wp-content\/uploads\/2024\/08\/VE-POR-MAS.png 250w, https:\/\/revistacampus.uandes.cl\/2024\/wp-content\/uploads\/2024\/08\/VE-POR-MAS-150x150.png 150w\" sizes=\"(max-width: 15px) 100vw, 15px\" \/><\/p>\n\n\n\n<div style=\"height:50px\" aria-hidden=\"true\" class=\"wp-block-spacer\"><\/div>\n\n\n\n<hr class=\"wp-block-separator has-text-color has-alpha-channel-opacity has-background is-style-wide\" style=\"background-color:#37424a;color:#37424a\"\/>\n\n\n\n<div style=\"height:50px\" aria-hidden=\"true\" class=\"wp-block-spacer\"><\/div>\n\n\n\n<div class=\"wp-block-columns has-white-background-color has-background is-layout-flex wp-container-core-columns-is-layout-9d6595d7 wp-block-columns-is-layout-flex\">\n<div class=\"wp-block-column has-white-background-color has-background is-layout-flow wp-block-column-is-layout-flow\" style=\"flex-basis:100%\">\n<h1 class=\"wp-block-heading\"><strong><img decoding=\"async\" width=\"50\" height=\"50\" class=\"wp-image-402\" style=\"width: 50px;\" src=\"https:\/\/revistacampus.uandes.cl\/2024\/wp-content\/uploads\/2024\/08\/VE-POR-MAS.png\" alt=\"\" srcset=\"https:\/\/revistacampus.uandes.cl\/2024\/wp-content\/uploads\/2024\/08\/VE-POR-MAS.png 250w, https:\/\/revistacampus.uandes.cl\/2024\/wp-content\/uploads\/2024\/08\/VE-POR-MAS-150x150.png 150w\" sizes=\"(max-width: 50px) 100vw, 50px\" \/><br><mark style=\"background-color:rgba(0, 0, 0, 0);color:#e10e17\" class=\"has-inline-color\">Nuevos Programas de Mag\u00edster y Especialidad<\/mark><\/strong><\/h1>\n\n\n\n<figure class=\"wp-block-image size-large\"><img loading=\"lazy\" decoding=\"async\" width=\"1024\" height=\"768\" src=\"https:\/\/revistacampus.uandes.cl\/2024\/wp-content\/uploads\/2024\/08\/Nuevos-programas-de-magister-y-especialidad-_-1024x768.webp\" alt=\"\" class=\"wp-image-394\" srcset=\"https:\/\/revistacampus.uandes.cl\/2024\/wp-content\/uploads\/2024\/08\/Nuevos-programas-de-magister-y-especialidad-_-1024x768.webp 1024w, https:\/\/revistacampus.uandes.cl\/2024\/wp-content\/uploads\/2024\/08\/Nuevos-programas-de-magister-y-especialidad-_-300x225.webp 300w, https:\/\/revistacampus.uandes.cl\/2024\/wp-content\/uploads\/2024\/08\/Nuevos-programas-de-magister-y-especialidad-_-768x576.webp 768w, https:\/\/revistacampus.uandes.cl\/2024\/wp-content\/uploads\/2024\/08\/Nuevos-programas-de-magister-y-especialidad-_-1536x1152.webp 1536w, https:\/\/revistacampus.uandes.cl\/2024\/wp-content\/uploads\/2024\/08\/Nuevos-programas-de-magister-y-especialidad-_.webp 2000w\" sizes=\"(max-width: 1024px) 100vw, 1024px\" \/><\/figure>\n\n\n\n<p class=\"has-white-background-color has-background\">Para llegar a m\u00e1s pa\u00edses con nuestro conocimiento, se abri\u00f3 el <a href=\"https:\/\/postgradosuandes.cl\/magister\/magister-en-ingenieria-estructural-y-sismica\/\" target=\"_blank\" rel=\"noreferrer noopener\">Mag\u00edster en Ingenier\u00eda Estructural y S\u00edsmica<\/a> en modalidad <em>online<\/em>, mientras que el \u00e1rea de la salud inici\u00f3 el <a href=\"https:\/\/postgradosuandes.cl\/magister\/magister-en-salud-ocupacional-y-ambiental\/\" target=\"_blank\" rel=\"noreferrer noopener\">Mag\u00edster semipresencial en Salud Ocupacional y Ambiental<\/a>, alineado con las normas internacionales. Kinesiolog\u00eda cre\u00f3 su primer Mag\u00edster, orientado a la <a href=\"https:\/\/postgradosuandes.cl\/magister\/magister-en-kinesiologia-del-deporte-y-la-actividad-fisica\/\" target=\"_blank\" rel=\"noreferrer noopener\">Kinesiolog\u00eda del Deporte y la Actividad F\u00edsica<\/a>, y Odontolog\u00eda ampli\u00f3 su campo de acci\u00f3n con el <a href=\"https:\/\/postgradosuandes.cl\/magister\/magister-en-salud-publica-oral\/\" target=\"_blank\" rel=\"noreferrer noopener\">Mag\u00edster en Salud P\u00fablica Oral<\/a>. Adem\u00e1s, alcanzamos las 32 especialidades y subespecialidades m\u00e9dicas al sumar <a href=\"https:\/\/postgradosuandes.cl\/especialidad-de-salud\/especialidad-medica-en-gastroenterologia\/\" target=\"_blank\" rel=\"noreferrer noopener\">Gastroenterolog\u00eda <\/a>y <a href=\"https:\/\/postgradosuandes.cl\/especialidad-de-salud\/especialidad-medica-en-endoscopia-digestiva-diagnostico-terapeutic\/\" target=\"_blank\" rel=\"noreferrer noopener\">Endoscop\u00eda Digestiva Diagn\u00f3stico Terap\u00e9utica<\/a>. <img decoding=\"async\" width=\"15\" height=\"15\" class=\"wp-image-402\" style=\"width: 15px;\" src=\"https:\/\/revistacampus.uandes.cl\/2024\/wp-content\/uploads\/2024\/08\/VE-POR-MAS.png\" alt=\"\" srcset=\"https:\/\/revistacampus.uandes.cl\/2024\/wp-content\/uploads\/2024\/08\/VE-POR-MAS.png 250w, https:\/\/revistacampus.uandes.cl\/2024\/wp-content\/uploads\/2024\/08\/VE-POR-MAS-150x150.png 150w\" sizes=\"(max-width: 15px) 100vw, 15px\" \/><\/p>\n<\/div>\n<\/div>\n\n\n\n<div style=\"height:50px\" aria-hidden=\"true\" class=\"wp-block-spacer\"><\/div>\n\n\n\n<hr class=\"wp-block-separator has-text-color has-alpha-channel-opacity has-background is-style-wide\" style=\"background-color:#37424a;color:#37424a\"\/>\n\n\n\n<div style=\"height:50px\" aria-hidden=\"true\" class=\"wp-block-spacer\"><\/div>\n\n\n\n<div class=\"wp-block-columns has-background is-layout-flex wp-container-core-columns-is-layout-9d6595d7 wp-block-columns-is-layout-flex\" style=\"background-color:#eeeeee\">\n<div class=\"wp-block-column is-layout-flow wp-block-column-is-layout-flow\" style=\"flex-basis:100%\">\n<div class=\"wp-block-columns is-layout-flex wp-container-core-columns-is-layout-9d6595d7 wp-block-columns-is-layout-flex\">\n<div class=\"wp-block-column is-layout-flow wp-block-column-is-layout-flow\" style=\"flex-basis:33.33%\">\n<h1 class=\"wp-block-heading\"><mark style=\"background-color:rgba(0, 0, 0, 0);color:#e10e17\" class=\"has-inline-color\"><strong><img decoding=\"async\" width=\"50\" height=\"50\" class=\"wp-image-402\" style=\"width: 50px;\" src=\"https:\/\/revistacampus.uandes.cl\/2024\/wp-content\/uploads\/2024\/08\/VE-POR-MAS.png\" alt=\"\" srcset=\"https:\/\/revistacampus.uandes.cl\/2024\/wp-content\/uploads\/2024\/08\/VE-POR-MAS.png 250w, https:\/\/revistacampus.uandes.cl\/2024\/wp-content\/uploads\/2024\/08\/VE-POR-MAS-150x150.png 150w\" sizes=\"(max-width: 50px) 100vw, 50px\" \/><\/strong><\/mark><br><mark style=\"background-color:rgba(0, 0, 0, 0);color:#e10e17\" class=\"has-inline-color\"><strong>Investigadoras que lideran en Educaci\u00f3n<\/strong><\/mark><\/h1>\n<\/div>\n\n\n\n<div class=\"wp-block-column is-layout-flow wp-block-column-is-layout-flow\" style=\"flex-basis:66.66%\">\n<figure class=\"wp-block-image size-large\"><img loading=\"lazy\" decoding=\"async\" width=\"1024\" height=\"682\" src=\"https:\/\/revistacampus.uandes.cl\/2024\/wp-content\/uploads\/2024\/08\/MG_8289_-1024x682.webp\" alt=\"\" class=\"wp-image-395\" style=\"aspect-ratio:16\/9;object-fit:cover\" srcset=\"https:\/\/revistacampus.uandes.cl\/2024\/wp-content\/uploads\/2024\/08\/MG_8289_-1024x682.webp 1024w, https:\/\/revistacampus.uandes.cl\/2024\/wp-content\/uploads\/2024\/08\/MG_8289_-300x200.webp 300w, https:\/\/revistacampus.uandes.cl\/2024\/wp-content\/uploads\/2024\/08\/MG_8289_-768x512.webp 768w, https:\/\/revistacampus.uandes.cl\/2024\/wp-content\/uploads\/2024\/08\/MG_8289_-1536x1024.webp 1536w, https:\/\/revistacampus.uandes.cl\/2024\/wp-content\/uploads\/2024\/08\/MG_8289_.webp 2000w\" sizes=\"(max-width: 1024px) 100vw, 1024px\" \/><\/figure>\n<\/div>\n<\/div>\n\n\n\n<p class=\"has-background\" style=\"background-color:#eeeeee\">Las profesoras Carolina Melo y Bernardita Fuentes fueron reconocidas por su aporte a la educaci\u00f3n nacional. El Mercurio y Mujeres Empresarias destacaron a Carolina entre las 100 Mujeres L\u00edderes 2023, quien present\u00f3 un estudio que visibiliz\u00f3 el retraso lector de los ni\u00f1os de nuestro pa\u00eds, revelaci\u00f3n que dio origen a la red p\u00fablico privada Por un Chile que Lee. Bernardita se incorpor\u00f3 a la iniciativa Educaci\u00f3n Inicial 2030, fue elegida vicepresidenta del Consejo de la Sociedad Civil de la subsecretar\u00eda de Educaci\u00f3n de P\u00e1rvulos e integr\u00f3 mesas de trabajo en \u201cDesaf\u00edos Futuros de la Educaci\u00f3n\u201d. <img decoding=\"async\" width=\"15\" height=\"15\" class=\"wp-image-402\" style=\"width: 15px;\" src=\"https:\/\/revistacampus.uandes.cl\/2024\/wp-content\/uploads\/2024\/08\/VE-POR-MAS.png\" alt=\"\" srcset=\"https:\/\/revistacampus.uandes.cl\/2024\/wp-content\/uploads\/2024\/08\/VE-POR-MAS.png 250w, https:\/\/revistacampus.uandes.cl\/2024\/wp-content\/uploads\/2024\/08\/VE-POR-MAS-150x150.png 150w\" sizes=\"(max-width: 15px) 100vw, 15px\" \/><br><\/p>\n<\/div>\n<\/div>\n\n\n\n<div style=\"height:50px\" aria-hidden=\"true\" class=\"wp-block-spacer\"><\/div>\n\n\n\n<hr class=\"wp-block-separator has-text-color has-alpha-channel-opacity has-background is-style-wide\" style=\"background-color:#37424a;color:#37424a\"\/>\n\n\n\n<div style=\"height:50px\" aria-hidden=\"true\" class=\"wp-block-spacer\"><\/div>\n\n\n\n<div class=\"wp-block-columns is-layout-flex wp-container-core-columns-is-layout-9d6595d7 wp-block-columns-is-layout-flex\">\n<div class=\"wp-block-column is-vertically-aligned-center is-layout-flow wp-block-column-is-layout-flow\" style=\"flex-basis:33.33%\">\n<h1 class=\"wp-block-heading\"><mark style=\"background-color:rgba(0, 0, 0, 0);color:#e10e17\" class=\"has-inline-color\"><strong><img decoding=\"async\" width=\"50\" height=\"50\" class=\"wp-image-402\" style=\"width: 50px;\" src=\"https:\/\/revistacampus.uandes.cl\/2024\/wp-content\/uploads\/2024\/08\/VE-POR-MAS.png\" alt=\"\" srcset=\"https:\/\/revistacampus.uandes.cl\/2024\/wp-content\/uploads\/2024\/08\/VE-POR-MAS.png 250w, https:\/\/revistacampus.uandes.cl\/2024\/wp-content\/uploads\/2024\/08\/VE-POR-MAS-150x150.png 150w\" sizes=\"(max-width: 50px) 100vw, 50px\" \/><\/strong><\/mark><br><mark style=\"background-color:rgba(0, 0, 0, 0);color:#e10e17\" class=\"has-inline-color\"><strong><em>Women Leaders<\/em> en Chile<\/strong><\/mark><\/h1>\n<\/div>\n\n\n\n<div class=\"wp-block-column is-layout-flow wp-block-column-is-layout-flow\" style=\"flex-basis:66.66%\">\n<figure class=\"wp-block-image size-large\"><img loading=\"lazy\" decoding=\"async\" width=\"1024\" height=\"682\" src=\"https:\/\/revistacampus.uandes.cl\/2024\/wp-content\/uploads\/2024\/08\/Women-Leaders-en-Chile-1_-1024x682.webp\" alt=\"\" class=\"wp-image-397\" style=\"aspect-ratio:16\/9;object-fit:cover\" srcset=\"https:\/\/revistacampus.uandes.cl\/2024\/wp-content\/uploads\/2024\/08\/Women-Leaders-en-Chile-1_-1024x682.webp 1024w, https:\/\/revistacampus.uandes.cl\/2024\/wp-content\/uploads\/2024\/08\/Women-Leaders-en-Chile-1_-300x200.webp 300w, https:\/\/revistacampus.uandes.cl\/2024\/wp-content\/uploads\/2024\/08\/Women-Leaders-en-Chile-1_-768x512.webp 768w, https:\/\/revistacampus.uandes.cl\/2024\/wp-content\/uploads\/2024\/08\/Women-Leaders-en-Chile-1_-1536x1024.webp 1536w, https:\/\/revistacampus.uandes.cl\/2024\/wp-content\/uploads\/2024\/08\/Women-Leaders-en-Chile-1_.webp 2000w\" sizes=\"(max-width: 1024px) 100vw, 1024px\" \/><\/figure>\n<\/div>\n<\/div>\n\n\n\n<p>\u201cSi actualmente no intencionamos incluir a las mujeres en las empresas o gobiernos, se las est\u00e1 perdiendo. Somos innovadoras por naturaleza, tenemos que poner en agenda a las mujeres, ponerlas en el centro de las leyes pol\u00edticas, no como caridad ni cumpliendo cuotas, sino que en una conversaci\u00f3n de integridad y respeto\u201d, declar\u00f3 <a href=\"https:\/\/www.wef.org.in\/dr-harbeen-arora-rai\/\" target=\"_blank\" rel=\"noreferrer noopener\">Harbeen Arora<\/a>. La fundadora y presidenta del <em><a href=\"https:\/\/www.wef.org.in\/\" target=\"_blank\" rel=\"noreferrer noopener\">Women Economic Forum<\/a><\/em> (WEF) y <em><a href=\"https:\/\/www.g100.in\/\" target=\"_blank\" rel=\"noreferrer noopener\">G100: Mission Million<\/a><\/em> convers\u00f3 con <a href=\"https:\/\/www.linkedin.com\/in\/katyapodnebesnova\/?originalSubdomain=cl\" target=\"_blank\" rel=\"noreferrer noopener\">Ekaterina Podnebesnova<\/a>, <em>Managing Director<\/em> de Argentina, Chile y Uruguay de <em>Siemens Healthineers<\/em>, y <a href=\"https:\/\/www.ese.cl\/ese\/academico\/full-time\/maria-jose-bosch\/2018-04-04\/133907.html\" target=\"_blank\" rel=\"noreferrer noopener\">Mar\u00eda Jos\u00e9 Bosch<\/a>, directora del <a href=\"https:\/\/www.ese.cl\/ese\/site\/edic\/base\/port\/centro_trabajo_familia.html\" target=\"_blank\" rel=\"noreferrer noopener\">Centro Trabajo y Familia del ESE Business School<\/a>, en un seminario moderado por <a href=\"https:\/\/www.uandes.cl\/personas\/anil-sadarangani-khianey\/\" target=\"_blank\" rel=\"noreferrer noopener\">Anil Sadarangani<\/a>, director de Innovaci\u00f3n, y organizado por ambas unidades. (<a href=\"https:\/\/www.ese.cl\/ese\/centros-investigacion-autor\/centro-trabajo-y-familia\/seminario-actividades-de-g100-women-leaders-en-chile\/2023-07-24\/170803.html\" target=\"_blank\" rel=\"noreferrer noopener\">Ver m\u00e1s<\/a>)<img decoding=\"async\" width=\"15\" height=\"15\" class=\"wp-image-402\" style=\"width: 15px;\" src=\"https:\/\/revistacampus.uandes.cl\/2024\/wp-content\/uploads\/2024\/08\/VE-POR-MAS.png\" alt=\"\" srcset=\"https:\/\/revistacampus.uandes.cl\/2024\/wp-content\/uploads\/2024\/08\/VE-POR-MAS.png 250w, https:\/\/revistacampus.uandes.cl\/2024\/wp-content\/uploads\/2024\/08\/VE-POR-MAS-150x150.png 150w\" sizes=\"(max-width: 15px) 100vw, 15px\" \/><\/p>\n","protected":false},"excerpt":{"rendered":"<p>La sesi\u00f3n del CRUCH en la UANDES, la innovaci\u00f3n curricular de Medicina y Odontolog\u00eda, el r\u00e9cord de postulantes y el reconocimiento a profesores forman parte de este recorrido por la vida del campus.<\/p>\n","protected":false},"author":2,"featured_media":1793,"comment_status":"open","ping_status":"open","sticky":false,"template":"","format":"standard","meta":{"footnotes":""},"categories":[9,38],"tags":[],"class_list":["post-345","post","type-post","status-publish","format-standard","has-post-thumbnail","hentry","category-destacados","category-salud"],"_links":{"self":[{"href":"https:\/\/revistacampus.uandes.cl\/2024\/wp-json\/wp\/v2\/posts\/345","targetHints":{"allow":["GET"]}}],"collection":[{"href":"https:\/\/revistacampus.uandes.cl\/2024\/wp-json\/wp\/v2\/posts"}],"about":[{"href":"https:\/\/revistacampus.uandes.cl\/2024\/wp-json\/wp\/v2\/types\/post"}],"author":[{"embeddable":true,"href":"https:\/\/revistacampus.uandes.cl\/2024\/wp-json\/wp\/v2\/users\/2"}],"replies":[{"embeddable":true,"href":"https:\/\/revistacampus.uandes.cl\/2024\/wp-json\/wp\/v2\/comments?post=345"}],"version-history":[{"count":88,"href":"https:\/\/revistacampus.uandes.cl\/2024\/wp-json\/wp\/v2\/posts\/345\/revisions"}],"predecessor-version":[{"id":1863,"href":"https:\/\/revistacampus.uandes.cl\/2024\/wp-json\/wp\/v2\/posts\/345\/revisions\/1863"}],"wp:featuredmedia":[{"embeddable":true,"href":"https:\/\/revistacampus.uandes.cl\/2024\/wp-json\/wp\/v2\/media\/1793"}],"wp:attachment":[{"href":"https:\/\/revistacampus.uandes.cl\/2024\/wp-json\/wp\/v2\/media?parent=345"}],"wp:term":[{"taxonomy":"category","embeddable":true,"href":"https:\/\/revistacampus.uandes.cl\/2024\/wp-json\/wp\/v2\/categories?post=345"},{"taxonomy":"post_tag","embeddable":true,"href":"https:\/\/revistacampus.uandes.cl\/2024\/wp-json\/wp\/v2\/tags?post=345"}],"curies":[{"name":"wp","href":"https:\/\/api.w.org\/{rel}","templated":true}]}}