{"id":314,"date":"2024-09-05T02:35:43","date_gmt":"2024-09-05T05:35:43","guid":{"rendered":"https:\/\/revistacampus.uandes.cl\/2024\/?p=314"},"modified":"2024-09-06T11:17:52","modified_gmt":"2024-09-06T14:17:52","slug":"tecnologia-para-predecir-danos-en-turbinas-eolicas","status":"publish","type":"post","link":"https:\/\/revistacampus.uandes.cl\/2024\/tecnologia-para-predecir-danos-en-turbinas-eolicas\/","title":{"rendered":"Tecnolog\u00eda para predecir da\u00f1os en turbinas e\u00f3licas"},"content":{"rendered":"\n<p class=\"has-background\" style=\"background-color:#e3e3e3\"><img decoding=\"async\" width=\"60\" height=\"60\" class=\"wp-image-402\" style=\"width: 60px;\" src=\"https:\/\/revistacampus.uandes.cl\/2024\/wp-content\/uploads\/2024\/08\/VE-POR-MAS.png\" alt=\"\" srcset=\"https:\/\/revistacampus.uandes.cl\/2024\/wp-content\/uploads\/2024\/08\/VE-POR-MAS.png 250w, https:\/\/revistacampus.uandes.cl\/2024\/wp-content\/uploads\/2024\/08\/VE-POR-MAS-150x150.png 150w\" sizes=\"(max-width: 60px) 100vw, 60px\" \/><br><strong>Investigadores de la Universidad de los Andes y de la Universidad de Chile<\/strong> crean un sistema de monitoreo para el diagn\u00f3stico de da\u00f1o estructural de \u201cmolinos de viento\u201d, que permitir\u00e1 pronosticar el deterioro en las aspas y mitigar riesgos, vital para la producci\u00f3n de la energ\u00eda e\u00f3lica.<br><br>Por Marisol Grisanti Guadaroli<\/p>\n\n\n\n<p>La tecnolog\u00eda que han desarrollado los investigadores Rodrigo Astroza y Francisco Hern\u00e1ndez, de la <strong><a href=\"https:\/\/www.uandes.cl\/facultad\/facultad-de-ingenieria-y-ciencias-aplicadas\/\" target=\"_blank\" rel=\"noreferrer noopener\">Facultad de Ingenier\u00eda y Ciencias Aplicadas UANDES<\/a><\/strong>, junto a los acad\u00e9micos Marcos Orchard y Constanza Ahumada, de la <strong>Universidad de Chile<\/strong>, es un avance para la industria e\u00f3lica. \u201cYa que <strong>a trav\u00e9s de algoritmos y de los datos recopilados se entrega informaci\u00f3n para la toma de decisiones relacionada al mantenimiento de los activos de los parques e\u00f3licos<\/strong>\u201d, afirma <strong><a href=\"https:\/\/www.uandes.cl\/personas\/rodrigo-astroza-eulufi\/\" target=\"_blank\" rel=\"noreferrer noopener\">Rodrigo Astroza<\/a>, director del proyecto y vicedecano acad\u00e9mico de la Facultad<\/strong>. \u201cEsto permite programar las tareas de mantenimiento en funci\u00f3n de la condici\u00f3n real de los componentes del aerogenerador instrumentado, lo que <strong>minimiza significativamente las probabilidades de falla, asegurando la producci\u00f3n y distribuci\u00f3n de la energ\u00eda generada a la sociedad<\/strong>\u201d, explica.<\/p>\n\n\n\n<p>Para comprender la relevancia del proyecto, cabe mencionar que <strong>el mayor parque e\u00f3lico de Chile<\/strong> <strong><a href=\"https:\/\/latampower.com\/project\/san-juan\/\" target=\"_blank\" rel=\"noreferrer noopener\">(San Juan, en la regi\u00f3n de Antofagasta)<\/a><\/strong> cuenta con 56 turbinas, con posibilidades de ampliarse. Cada \u2018molino de viento\u2019 tiene una torre que mide 92 metros de altura y un rotor (aspas) de 117 metros de di\u00e1metro, es decir, del largo del Estadio Nacional, por lo que su mantenci\u00f3n no es trivial.<\/p>\n\n\n\n<div style=\"height:30px\" aria-hidden=\"true\" class=\"wp-block-spacer\"><\/div>\n\n\n\n<h2 class=\"wp-block-heading\">Electricidad a partir del viento<\/h2>\n\n\n\n<div class=\"wp-block-columns are-vertically-aligned-center is-layout-flex wp-container-core-columns-is-layout-9d6595d7 wp-block-columns-is-layout-flex\">\n<div class=\"wp-block-column is-vertically-aligned-center is-layout-flow wp-block-column-is-layout-flow\" style=\"flex-basis:50%\">\n<p><strong>La energ\u00eda e\u00f3lica se transforma en electricidad a trav\u00e9s de aerogeneradores, que convierten el viento en una energ\u00eda renovable, eficiente y clave para la transici\u00f3n energ\u00e9tica y la descarbonizaci\u00f3n de la econom\u00eda. <\/strong>Los parques e\u00f3licos, que agrupan un gran n\u00famero de aerogeneradores, hacen posible la obtenci\u00f3n de esta energ\u00eda en grandes cantidades y nuestro pa\u00eds cuenta con m\u00e1s de 50 de estos lugares, donde la presencia del viento es predominante.<\/p>\n\n\n\n<p><strong>\u201cChile tiene un gran potencial de energ\u00edas renovables no convencionales, especialmente, fotovoltaica y e\u00f3lica. Estas dos fuentes aportan, en su conjunto, m\u00e1s del 35% de la energ\u00eda de la matriz energ\u00e9tica.<\/strong> En 2022, la generaci\u00f3n proveniente de fuentes renovables super\u00f3 por primera vez a la t\u00e9rmica, lo que es de gran importancia para el proceso de descarbonizaci\u00f3n en el cual debemos avanzar. A futuro se espera que la participaci\u00f3n de las fuentes de energ\u00edas renovables no convencionales siga aumentando, y en Chile tenemos las condiciones naturales para que esto pase,\u201d detalla el profesor Astroza.<\/p>\n<\/div>\n\n\n\n<div class=\"wp-block-column is-vertically-aligned-center is-layout-flow wp-block-column-is-layout-flow\" style=\"flex-basis:50%\">\n<figure class=\"wp-block-image size-large is-resized\"><img fetchpriority=\"high\" decoding=\"async\" width=\"682\" height=\"1024\" src=\"https:\/\/revistacampus.uandes.cl\/2024\/wp-content\/uploads\/2024\/08\/MG_0129-682x1024.jpg\" alt=\"\" class=\"wp-image-666\" style=\"width:388px;height:auto\" srcset=\"https:\/\/revistacampus.uandes.cl\/2024\/wp-content\/uploads\/2024\/08\/MG_0129-682x1024.jpg 682w, https:\/\/revistacampus.uandes.cl\/2024\/wp-content\/uploads\/2024\/08\/MG_0129-200x300.jpg 200w, https:\/\/revistacampus.uandes.cl\/2024\/wp-content\/uploads\/2024\/08\/MG_0129-768x1152.jpg 768w, https:\/\/revistacampus.uandes.cl\/2024\/wp-content\/uploads\/2024\/08\/MG_0129-1024x1536.jpg 1024w, https:\/\/revistacampus.uandes.cl\/2024\/wp-content\/uploads\/2024\/08\/MG_0129.jpg 1333w\" sizes=\"(max-width: 682px) 100vw, 682px\" \/><figcaption class=\"wp-element-caption\"><sub>Rodrigo Astroza realiza las primeras pruebas del sistema de monitoreo en dos mini turbinas de viento construidas en el campus, con el objetivo de estudiar el comportamiento de las aspas, la torre y sus conexiones.<\/sub><\/figcaption><\/figure>\n<\/div>\n<\/div>\n\n\n\n<p>Brasil es el principal pa\u00eds generador de energ\u00eda e\u00f3lica en Sudam\u00e9rica, con aproximadamente, 25 GW. <strong>En segundo lugar, se ubica Chile, con 4.5 GW<\/strong>, y luego Argentina, con 3.3 GW. \u201cLa importancia que ha logrado la energ\u00eda e\u00f3lica en el pa\u00eds se debe a distintos factores, entre ellos, la disponibilidad del recurso natural y la existencia de una econom\u00eda abierta que favorece la presencia de empresas exportadoras y multinacionales,\u201d afirma el experto.<\/p>\n\n\n\n<p>La capacidad instalada de energ\u00eda e\u00f3lica en nuestro pa\u00eds representa una participaci\u00f3n de 15% en el <strong><a href=\"https:\/\/www.coordinador.cl\/sistema-electrico\/\" target=\"_blank\" rel=\"noreferrer noopener\">Sistema El\u00e9ctrico Nacional (SEN)<\/a><\/strong>, la que ha aumentado su producci\u00f3n en m\u00e1s de 70% en los \u00faltimos tres a\u00f1os. Existen 50 parques e\u00f3licos en operaci\u00f3n en el SEN, alrededor de 10 en construcci\u00f3n y un gran n\u00famero en etapa de evaluaci\u00f3n. Los principales polos de desarrollo est\u00e1n en Antofagasta, Coquimbo, Araucan\u00eda-Biob\u00edo y Magallanes.<\/p>\n\n\n\n<div style=\"height:30px\" aria-hidden=\"true\" class=\"wp-block-spacer\"><\/div>\n\n\n\n<div class=\"wp-block-columns is-layout-flex wp-container-core-columns-is-layout-9d6595d7 wp-block-columns-is-layout-flex\">\n<div class=\"wp-block-column is-layout-flow wp-block-column-is-layout-flow\" style=\"flex-basis:15%\"><\/div>\n\n\n\n<div class=\"wp-block-column is-layout-flow wp-block-column-is-layout-flow\" style=\"flex-basis:70%\">\n<p class=\"has-text-align-center\"><img decoding=\"async\" width=\"50\" height=\"50\" class=\"wp-image-209\" style=\"width: 50px;\" src=\"https:\/\/revistacampus.uandes.cl\/2024\/wp-content\/uploads\/2024\/08\/comillas-4.png\" alt=\"\" srcset=\"https:\/\/revistacampus.uandes.cl\/2024\/wp-content\/uploads\/2024\/08\/comillas-4.png 360w, https:\/\/revistacampus.uandes.cl\/2024\/wp-content\/uploads\/2024\/08\/comillas-4-300x300.png 300w, https:\/\/revistacampus.uandes.cl\/2024\/wp-content\/uploads\/2024\/08\/comillas-4-150x150.png 150w\" sizes=\"(max-width: 50px) 100vw, 50px\" \/><br><em>\u201cYa hemos realizado validaciones a escala de laboratorio y prototipo en terreno y ahora escalaremos la soluci\u00f3n a aerogeneradores de alta capacidad instalados en un ambiente realista\u201d<\/em> <br><strong>Rodrigo Astroza, <\/strong><br><strong>investigador de la Facultad de Ingenier\u00eda y Ciencias Aplicadas<\/strong><\/p>\n<\/div>\n\n\n\n<div class=\"wp-block-column is-layout-flow wp-block-column-is-layout-flow\" style=\"flex-basis:15%\"><\/div>\n<\/div>\n\n\n\n<div style=\"height:42px\" aria-hidden=\"true\" class=\"wp-block-spacer\"><\/div>\n\n\n\n<div class=\"wp-block-columns is-layout-flex wp-container-core-columns-is-layout-9d6595d7 wp-block-columns-is-layout-flex\">\n<div class=\"wp-block-column is-layout-flow wp-block-column-is-layout-flow\">\n<figure class=\"wp-block-image size-large is-resized\"><img loading=\"lazy\" decoding=\"async\" width=\"768\" height=\"1024\" src=\"https:\/\/revistacampus.uandes.cl\/2024\/wp-content\/uploads\/2024\/08\/Energia-eolica_-768x1024.webp\" alt=\"\" class=\"wp-image-317\" style=\"width:415px;height:auto\" srcset=\"https:\/\/revistacampus.uandes.cl\/2024\/wp-content\/uploads\/2024\/08\/Energia-eolica_-768x1024.webp 768w, https:\/\/revistacampus.uandes.cl\/2024\/wp-content\/uploads\/2024\/08\/Energia-eolica_-225x300.webp 225w, https:\/\/revistacampus.uandes.cl\/2024\/wp-content\/uploads\/2024\/08\/Energia-eolica_-1152x1536.webp 1152w, https:\/\/revistacampus.uandes.cl\/2024\/wp-content\/uploads\/2024\/08\/Energia-eolica_.webp 1500w\" sizes=\"(max-width: 768px) 100vw, 768px\" \/><figcaption class=\"wp-element-caption\"><sub>Chile es el segundo pa\u00eds generador de energ\u00eda e\u00f3lica en Sudam\u00e9rica, despu\u00e9s de Brasil, con 4.5 GW y 50 parques en operaci\u00f3n<\/sub><\/figcaption><\/figure>\n<\/div>\n\n\n\n<div class=\"wp-block-column is-layout-flow wp-block-column-is-layout-flow\">\n<h2 class=\"wp-block-heading\">Investigaci\u00f3n con aportes p\u00fablicos y privados<\/h2>\n\n\n\n<p>Ante este escenario, <strong>los investigadores est\u00e1n desarrollando sistemas de monitoreo para los componentes estructurales de los aerogeneradores que producen energ\u00eda e\u00f3lica. As\u00ed diagnostican y pronostican el estado de sus distintos componentes, compensando los efectos de los factores medioambientales y optimizando los sistemas de instrumentaci\u00f3n, facilitando su mantenci\u00f3n y aumentando su vida \u00fatil. <\/strong>Evolucionan as\u00ed desde sistemas preventivos programados -que se realizan en intervalos de tiempo definidos- hacia sistemas correctivos y predictivos, alimentados por la informaci\u00f3n generada por este software.<\/p>\n\n\n\n<p><\/p>\n<\/div>\n<\/div>\n\n\n\n<p>La investigaci\u00f3n de los acad\u00e9micos de la Facultad de Ingenier\u00eda y Ciencias Aplicadas <a href=\"https:\/\/www.uandes.cl\/noticias\/sistema-de-monitoreo-podria-dar-soluciones-a-fallas-de-turbinas-eolicas\/\" target=\"_blank\" rel=\"noreferrer noopener\">comenz\u00f3 en 2018, con<strong> financiamiento<\/strong><\/a><strong> de la Agencia Nacional de Investigaci\u00f3n y Desarrollo (<a href=\"http:\/\/www.anid.cl\" target=\"_blank\" rel=\"noreferrer noopener\">ANID<\/a>) por medio de un fondo de Fomento al Desarrollo Cient\u00edfico y Tecnol\u00f3gico (FONDEF) y el apoyo de la empresa Contac Ingenieros. Luego, obtuvo un <a href=\"https:\/\/www.uandes.cl\/noticias\/tecnologia-uandes-sera-probada-en-parque-eolico-alto-baguales-en-aysen\/\" target=\"_blank\" rel=\"noreferrer noopener\">segundo FONDEF<\/a><\/strong> -ejecutado entre 2021 y 2023- con aportes de <strong>ANID y de empresas privadas, adem\u00e1s de la colaboraci\u00f3n de SAESA<\/strong>, que permiti\u00f3 instalar un aerogenerador de baja capacidad en su parque e\u00f3lico <em>Alto Baguales<\/em>, en las cercan\u00edas de Coyhaique. Y, recientemente, <a href=\"https:\/\/www.uandes.cl\/noticias\/investigacion-sobre-dano-en-componentes-estructurales-de-aerogeneradores-gana-fondo-idea-tecnologias-avanzadas-2023\/\" target=\"_blank\" rel=\"noreferrer noopener\">obtuvo financiamiento por cuatro a\u00f1os m\u00e1s<\/a>, a trav\u00e9s del <strong>concurso IDeA Tecnolog\u00edas Avanzadas<\/strong>, proyecto que finalizar\u00e1 en 2027 con una nueva tecnolog\u00eda para el monitoreo de aerogeneradores.<mark style=\"background-color:rgba(0, 0, 0, 0);color:#e10e17\" class=\"has-inline-color\"><strong>><\/strong><\/mark><\/p>\n","protected":false},"excerpt":{"rendered":"<p>Investigadores de la Universidad de los Andes y de la Universidad de Chile crean un sistema de monitoreo para el diagn\u00f3stico de da\u00f1o estructural de \u201cmolinos de viento\u201d, que permitir\u00e1 pronosticar el deterioro en las aspas y mitigar riesgos, vital para la producci\u00f3n de la energ\u00eda e\u00f3lica. Por Marisol Grisanti Guadaroli La tecnolog\u00eda que han [&hellip;]<\/p>\n","protected":false},"author":1,"featured_media":319,"comment_status":"open","ping_status":"open","sticky":false,"template":"","format":"standard","meta":{"footnotes":""},"categories":[7,1],"tags":[20],"class_list":["post-314","post","type-post","status-publish","format-standard","has-post-thumbnail","hentry","category-investigacion","category-sin-categoria","tag-investigadores-desarrollan-tecnologia"],"_links":{"self":[{"href":"https:\/\/revistacampus.uandes.cl\/2024\/wp-json\/wp\/v2\/posts\/314","targetHints":{"allow":["GET"]}}],"collection":[{"href":"https:\/\/revistacampus.uandes.cl\/2024\/wp-json\/wp\/v2\/posts"}],"about":[{"href":"https:\/\/revistacampus.uandes.cl\/2024\/wp-json\/wp\/v2\/types\/post"}],"author":[{"embeddable":true,"href":"https:\/\/revistacampus.uandes.cl\/2024\/wp-json\/wp\/v2\/users\/1"}],"replies":[{"embeddable":true,"href":"https:\/\/revistacampus.uandes.cl\/2024\/wp-json\/wp\/v2\/comments?post=314"}],"version-history":[{"count":34,"href":"https:\/\/revistacampus.uandes.cl\/2024\/wp-json\/wp\/v2\/posts\/314\/revisions"}],"predecessor-version":[{"id":1821,"href":"https:\/\/revistacampus.uandes.cl\/2024\/wp-json\/wp\/v2\/posts\/314\/revisions\/1821"}],"wp:featuredmedia":[{"embeddable":true,"href":"https:\/\/revistacampus.uandes.cl\/2024\/wp-json\/wp\/v2\/media\/319"}],"wp:attachment":[{"href":"https:\/\/revistacampus.uandes.cl\/2024\/wp-json\/wp\/v2\/media?parent=314"}],"wp:term":[{"taxonomy":"category","embeddable":true,"href":"https:\/\/revistacampus.uandes.cl\/2024\/wp-json\/wp\/v2\/categories?post=314"},{"taxonomy":"post_tag","embeddable":true,"href":"https:\/\/revistacampus.uandes.cl\/2024\/wp-json\/wp\/v2\/tags?post=314"}],"curies":[{"name":"wp","href":"https:\/\/api.w.org\/{rel}","templated":true}]}}