{"id":274,"date":"2024-09-04T14:18:05","date_gmt":"2024-09-04T17:18:05","guid":{"rendered":"https:\/\/revistacampus.uandes.cl\/2024\/?p=274"},"modified":"2024-09-06T12:47:19","modified_gmt":"2024-09-06T15:47:19","slug":"desarrollo-y-conservacion-son-posibles","status":"publish","type":"post","link":"https:\/\/revistacampus.uandes.cl\/2024\/desarrollo-y-conservacion-son-posibles\/","title":{"rendered":"Desarrollo y conservaci\u00f3n son posibles"},"content":{"rendered":"\n<p class=\"has-small-font-size\"><em>El equipo del Centro de Estudios Territoriales est\u00e1 conformado actualmente por Patricio Pliscoff, ge\u00f3grafo, m\u00e1ster en Ecolog\u00eda Evolutiva y PhD en Ciencias Biol\u00f3gicas; \u00c1ngela Prado, arquitecta y subdirectora del CET; M. Elisa Mac-Auliffe, coordinadora; y Pilar Gim\u00e9nez, arquitecta, mag\u00edster en Planificaci\u00f3n Urbana y directora del Centro.<\/em><\/p>\n\n\n\n<p><\/p>\n\n\n\n<p class=\"has-background\" style=\"background-color:#e3e3e3\"><img decoding=\"async\" width=\"60\" height=\"60\" class=\"wp-image-402\" style=\"width: 60px;\" src=\"https:\/\/revistacampus.uandes.cl\/2024\/wp-content\/uploads\/2024\/08\/VE-POR-MAS.png\" alt=\"\" srcset=\"https:\/\/revistacampus.uandes.cl\/2024\/wp-content\/uploads\/2024\/08\/VE-POR-MAS.png 250w, https:\/\/revistacampus.uandes.cl\/2024\/wp-content\/uploads\/2024\/08\/VE-POR-MAS-150x150.png 150w\" sizes=\"(max-width: 60px) 100vw, 60px\" \/><br><strong>El CET es un proyecto acad\u00e9mico y de investigaci\u00f3n<\/strong> que generar\u00e1 un nuevo conocimiento respecto del desarrollo urbano y rural<br><br>Por M. Ignacia Manr\u00edquez Torreblanca <\/p>\n\n\n\n<p>El <strong>Centro de Estudios Territoriales <a href=\"https:\/\/www.uandes.cl\/cet\/\">(CET)<\/a><\/strong> nace con el objetivo de responder a la necesidad de <strong>habitar nuestro territorio nacional de una manera sustentable<\/strong>, que permita el bienestar de todas las personas, pero asegurando el cuidado y la conservaci\u00f3n de los ecosistemas y su valiosa biodiversidad. \u201cDebemos reconocer el territorio y proponer formas de administrarlo y habitarlo que permitan conciliar el desarrollo con la conservaci\u00f3n y cuidado de los ecosistemas\u201d, sostiene <strong>Pilar Gim\u00e9nez, directora del CET.<\/strong><\/p>\n\n\n\n<p>En su primera etapa, el <strong>CET <\/strong>est\u00e1 conformando un <strong>n\u00facleo de investigadores<\/strong> que ir\u00e1 generando conocimiento multidisciplinario en lo que denominan <strong>\u201ccambios de paradigma\u201d<\/strong>. Se trata de nuevos enfoques que se empiezan a vislumbrar en Chile y en otros lugares del mundo sobre los cuales, como sociedad, tenemos que profundizar para aprender c\u00f3mo <strong>intervenir nuestro territorio de mejor manera<\/strong>. Adem\u00e1s, el CET se enfocar\u00e1 en crear programas de postgrado y educaci\u00f3n continua para aportar en la t<strong>ransferencia de conocimiento e informaci\u00f3n<\/strong>. Actualmente, ya se est\u00e1 impartiendo un <strong><a href=\"https:\/\/postgradosuandes.cl\/diplomados\/diplomado-en-permisologia-de-proyectos-inmobiliarios\/\">Diplomado en Permisolog\u00eda<\/a><\/strong> y se lanzar\u00e1 otro en temas ambientales, incluyendo soluciones basadas en la naturaleza.<\/p>\n\n\n\n<div style=\"height:40px\" aria-hidden=\"true\" class=\"wp-block-spacer\"><\/div>\n\n\n\n<div class=\"wp-block-columns is-layout-flex wp-container-core-columns-is-layout-9d6595d7 wp-block-columns-is-layout-flex\">\n<div class=\"wp-block-column is-layout-flow wp-block-column-is-layout-flow\" style=\"flex-basis:70%\">\n<p><strong><a href=\"https:\/\/www.uandes.cl\/cet\/investigacion\/\">El Centro de Estudios Territoriales tiene proyectado impulsar la investigaci\u00f3n y generaci\u00f3n de conocimiento en tres l\u00edneas principales<\/a>:<\/strong><\/p>\n<\/div>\n\n\n\n<div class=\"wp-block-column is-layout-flow wp-block-column-is-layout-flow\" style=\"flex-basis:30%\"><\/div>\n<\/div>\n\n\n\n<div class=\"wp-block-columns are-vertically-aligned-top has-small-font-size is-layout-flex wp-container-core-columns-is-layout-9d6595d7 wp-block-columns-is-layout-flex\">\n<div class=\"wp-block-column is-vertically-aligned-top is-layout-flow wp-block-column-is-layout-flow\">\n<div class=\"wp-block-cover has-custom-content-position is-position-bottom-center\" style=\"min-height:273px;aspect-ratio:unset;\"><span aria-hidden=\"true\" class=\"wp-block-cover__background has-background-dim\"><\/span><img fetchpriority=\"high\" decoding=\"async\" width=\"1024\" height=\"775\" class=\"wp-block-cover__image-background wp-image-279\" alt=\"\" src=\"https:\/\/revistacampus.uandes.cl\/2024\/wp-content\/uploads\/2024\/08\/Desarrollo-y-conservacion-son-posibles-4_-1024x775.webp\" style=\"object-position:0% 0%\" data-object-fit=\"cover\" data-object-position=\"0% 0%\" srcset=\"https:\/\/revistacampus.uandes.cl\/2024\/wp-content\/uploads\/2024\/08\/Desarrollo-y-conservacion-son-posibles-4_-1024x775.webp 1024w, https:\/\/revistacampus.uandes.cl\/2024\/wp-content\/uploads\/2024\/08\/Desarrollo-y-conservacion-son-posibles-4_-300x227.webp 300w, https:\/\/revistacampus.uandes.cl\/2024\/wp-content\/uploads\/2024\/08\/Desarrollo-y-conservacion-son-posibles-4_-768x581.webp 768w, https:\/\/revistacampus.uandes.cl\/2024\/wp-content\/uploads\/2024\/08\/Desarrollo-y-conservacion-son-posibles-4_-1536x1162.webp 1536w, https:\/\/revistacampus.uandes.cl\/2024\/wp-content\/uploads\/2024\/08\/Desarrollo-y-conservacion-son-posibles-4_.webp 2000w\" sizes=\"(max-width: 1024px) 100vw, 1024px\" \/><div class=\"wp-block-cover__inner-container is-layout-flow wp-block-cover-is-layout-flow\">\n<p class=\"has-text-align-left\" style=\"font-size:18px\"><strong>Asentamientos humanos y ecosistemas<\/strong>: <\/p>\n\n\n\n<p class=\"has-text-align-left\" style=\"font-size:18px\">Estudia la relaci\u00f3n del ser humano y sus asentamientos con los ecosistemas.<\/p>\n<\/div><\/div>\n<\/div>\n\n\n\n<div class=\"wp-block-column is-vertically-aligned-top is-layout-flow wp-block-column-is-layout-flow\">\n<div class=\"wp-block-cover alignleft has-custom-content-position is-position-bottom-left\" style=\"min-height:272px;aspect-ratio:unset;\"><span aria-hidden=\"true\" class=\"wp-block-cover__background has-background-dim\"><\/span><img decoding=\"async\" width=\"1024\" height=\"600\" class=\"wp-block-cover__image-background wp-image-277\" alt=\"\" src=\"https:\/\/revistacampus.uandes.cl\/2024\/wp-content\/uploads\/2024\/08\/Desarrollo-y-conservacion-son-posibles-2_-1024x600.webp\" style=\"object-position:0% 0%\" data-object-fit=\"cover\" data-object-position=\"0% 0%\" srcset=\"https:\/\/revistacampus.uandes.cl\/2024\/wp-content\/uploads\/2024\/08\/Desarrollo-y-conservacion-son-posibles-2_-1024x600.webp 1024w, https:\/\/revistacampus.uandes.cl\/2024\/wp-content\/uploads\/2024\/08\/Desarrollo-y-conservacion-son-posibles-2_-300x176.webp 300w, https:\/\/revistacampus.uandes.cl\/2024\/wp-content\/uploads\/2024\/08\/Desarrollo-y-conservacion-son-posibles-2_-768x450.webp 768w, https:\/\/revistacampus.uandes.cl\/2024\/wp-content\/uploads\/2024\/08\/Desarrollo-y-conservacion-son-posibles-2_-1536x899.webp 1536w, https:\/\/revistacampus.uandes.cl\/2024\/wp-content\/uploads\/2024\/08\/Desarrollo-y-conservacion-son-posibles-2_.webp 2000w\" sizes=\"(max-width: 1024px) 100vw, 1024px\" \/><div class=\"wp-block-cover__inner-container is-layout-flow wp-block-cover-is-layout-flow\">\n<p class=\"has-text-align-left\" style=\"font-size:18px\"><strong>Relaci\u00f3n urbano-rural<\/strong>: <br>Estudia el paradigma de la divisi\u00f3n urbano-rural y lo contrapone con el reconocimiento de la continuidad de flujos y relaciones que existen en el territorio.<\/p>\n<\/div><\/div>\n<\/div>\n\n\n\n<div class=\"wp-block-column is-vertically-aligned-top is-layout-flow wp-block-column-is-layout-flow\">\n<div class=\"wp-block-cover has-custom-content-position is-position-bottom-left\" style=\"min-height:272px;aspect-ratio:unset;\"><span aria-hidden=\"true\" class=\"wp-block-cover__background has-background-dim\"><\/span><img loading=\"lazy\" decoding=\"async\" width=\"767\" height=\"1024\" class=\"wp-block-cover__image-background wp-image-276\" alt=\"\" src=\"https:\/\/revistacampus.uandes.cl\/2024\/wp-content\/uploads\/2024\/08\/Desarrollo-y-conservacion-son-posibles-3_-767x1024.webp\" style=\"object-position:0% 0%\" data-object-fit=\"cover\" data-object-position=\"0% 0%\" srcset=\"https:\/\/revistacampus.uandes.cl\/2024\/wp-content\/uploads\/2024\/08\/Desarrollo-y-conservacion-son-posibles-3_-767x1024.webp 767w, https:\/\/revistacampus.uandes.cl\/2024\/wp-content\/uploads\/2024\/08\/Desarrollo-y-conservacion-son-posibles-3_-225x300.webp 225w, https:\/\/revistacampus.uandes.cl\/2024\/wp-content\/uploads\/2024\/08\/Desarrollo-y-conservacion-son-posibles-3_-768x1025.webp 768w, https:\/\/revistacampus.uandes.cl\/2024\/wp-content\/uploads\/2024\/08\/Desarrollo-y-conservacion-son-posibles-3_-1151x1536.webp 1151w, https:\/\/revistacampus.uandes.cl\/2024\/wp-content\/uploads\/2024\/08\/Desarrollo-y-conservacion-son-posibles-3_.webp 1499w\" sizes=\"(max-width: 767px) 100vw, 767px\" \/><div class=\"wp-block-cover__inner-container is-layout-flow wp-block-cover-is-layout-flow\">\n<p class=\"has-text-align-left\" style=\"font-size:18px\"><strong>H\u00e1bitat y salud<\/strong>: <\/p>\n\n\n\n<p class=\"has-text-align-left\" style=\"font-size:18px\">Estudia el efecto de lo que construimos en la salud f\u00edsica y mental de las personas.<\/p>\n<\/div><\/div>\n<\/div>\n<\/div>\n\n\n\n<div class=\"wp-block-columns are-vertically-aligned-center has-background is-layout-flex wp-container-core-columns-is-layout-9d6595d7 wp-block-columns-is-layout-flex\" style=\"background-color:#ebebeb\">\n<div class=\"wp-block-column is-vertically-aligned-center is-layout-flow wp-block-column-is-layout-flow\" style=\"flex-basis:33.33%\">\n<figure class=\"wp-block-image size-full is-resized\"><img loading=\"lazy\" decoding=\"async\" width=\"1080\" height=\"1080\" src=\"https:\/\/revistacampus.uandes.cl\/2024\/wp-content\/uploads\/2024\/08\/Washington.png\" alt=\"\" class=\"wp-image-898\" style=\"width:283px;height:auto\" srcset=\"https:\/\/revistacampus.uandes.cl\/2024\/wp-content\/uploads\/2024\/08\/Washington.png 1080w, https:\/\/revistacampus.uandes.cl\/2024\/wp-content\/uploads\/2024\/08\/Washington-300x300.png 300w, https:\/\/revistacampus.uandes.cl\/2024\/wp-content\/uploads\/2024\/08\/Washington-1024x1024.png 1024w, https:\/\/revistacampus.uandes.cl\/2024\/wp-content\/uploads\/2024\/08\/Washington-150x150.png 150w, https:\/\/revistacampus.uandes.cl\/2024\/wp-content\/uploads\/2024\/08\/Washington-768x768.png 768w\" sizes=\"(max-width: 1080px) 100vw, 1080px\" \/><\/figure>\n<\/div>\n\n\n\n<div class=\"wp-block-column is-vertically-aligned-center is-layout-flow wp-block-column-is-layout-flow\" style=\"flex-basis:66.66%\">\n<p><img loading=\"lazy\" decoding=\"async\" width=\"20\" height=\"20\" class=\"wp-image-402\" style=\"width: 20px;\" src=\"https:\/\/revistacampus.uandes.cl\/2024\/wp-content\/uploads\/2024\/08\/VE-POR-MAS.png\" alt=\"\" srcset=\"https:\/\/revistacampus.uandes.cl\/2024\/wp-content\/uploads\/2024\/08\/VE-POR-MAS.png 250w, https:\/\/revistacampus.uandes.cl\/2024\/wp-content\/uploads\/2024\/08\/VE-POR-MAS-150x150.png 150w\" sizes=\"(max-width: 20px) 100vw, 20px\" \/> <strong>M\u00c1S ALL\u00c1 DE NUESTRAS FRONTERAS<\/strong><br>El CET ha iniciado un trabajo colaborativo con la Universidad de Washington, ubicada en Seattle, Estados Unidos. Especialmente, la Escuela de Medioambiente Construido (College of Built Environments) y la Escuela de Salud P\u00fablica (School of Public Health) son dos referentes importantes para el CET, ya que tienen un entendimiento profundo de los ecosistemas y han logrado integrar disciplinas diversas en la investigaci\u00f3n de las relaciones que se producen entre el medio ambiente construido, el mundo natural y su impacto en la sociedad.<\/p>\n<\/div>\n<\/div>\n\n\n\n<h2 class=\"wp-block-heading\">El gran desaf\u00edo de la permisolog\u00eda<\/h2>\n\n\n\n<p>En nuestro pa\u00eds, esta palabra hace referencia a la compleja tarea de <strong>obtener permisos para ejecutar un determinado proyecto<\/strong>. Es tal el nivel de desconocimiento y confusi\u00f3n de las normas, tanto de quienes planifican un proyecto como de quienes deben revisarlo y autorizarlo, que en muchos casos se termina <strong>desincentivando la inversi\u00f3n<\/strong>, lo que, a su vez, tiene un <strong>efecto negativo en la econom\u00eda del pa\u00eds<\/strong>.<\/p>\n\n\n\n<p>En Chile, especialmente en los \u00faltimos 10 a\u00f1os, la normativa que rige los desarrollos inmobiliarios ha experimentado una serie de cambios, con nuevas leyes y reglamentos y continuas interpretaciones de diversas autoridades sectoriales, incluida la <strong><a href=\"https:\/\/www.contraloria.cl\/portalweb\/web\/cgr\/\">Contralor\u00eda General de la Rep\u00fablica<\/a><\/strong>, lo que ha generado un contexto regulatorio confuso en el que cada vez es m\u00e1s dif\u00edcil la obtenci\u00f3n de los permisos para llevar adelante los proyectos.<\/p>\n\n\n\n<p>El Centro de Estudios Territoriales se ha impuesto la tarea de aportar su conocimiento en esta materia y est\u00e1 <strong>participando activamente en varias instancias gubernamentales y diversas mesas de trabajo con las asociaciones de municipios, parlamentarios y otros actores para plantear reformas, especialmente en los instrumentos de planificaci\u00f3n territorial y en los procesos de aprobaci\u00f3n de proyectos.<\/strong><\/p>\n\n\n\n<p>Adem\u00e1s, el CET se ha propuesto apoyar la formaci\u00f3n profesional en esta materia. \u201cEn general, el tema de normativa urban\u00edstica y la tramitolog\u00eda de proyectos inmobiliarios no se aborda en la educaci\u00f3n superior en Chile. Es una materia que m\u00e1s bien se aprende en la pr\u00e1ctica de la profesi\u00f3n. Creemos que la complejidad del <strong>escenario permisol\u00f3gico<\/strong>, hoy en d\u00eda, requiere una ense\u00f1anza m\u00e1s sistem\u00e1tica de estas materias y, por eso, estamos empe\u00f1ados en impulsar <strong><a href=\"https:\/\/www.uandes.cl\/cet\/cursos-y-diplomados\/\">educaci\u00f3n continua<\/a><\/strong> a trav\u00e9s de nuestro Centro\u201d, comenta <strong>Pilar Gim\u00e9nez.<\/strong><\/p>\n\n\n\n<p>Concluye que \u201c<strong>conciliar el desarrollo de proyectos con el cuidado de los ecosistemas<\/strong> es un gran desaf\u00edo, sobre todo porque requiere que \u2018conversen\u2019 disciplinas que muchas veces est\u00e1n en veredas opuestas. Estas \u00e1reas del conocimiento tienen lenguajes propios y miradas parciales de la realidad. No obstante, el territorio es uno solo, por lo que necesitamos aproximarnos a \u00e9l integrando conocimientos\u201d.<strong><mark style=\"background-color:rgba(0, 0, 0, 0);color:#e10e17\" class=\"has-inline-color\">><\/mark> <\/strong><\/p>\n\n\n\n<p><\/p>\n","protected":false},"excerpt":{"rendered":"<p>El equipo del Centro de Estudios Territoriales est\u00e1 conformado actualmente por Patricio Pliscoff, ge\u00f3grafo, m\u00e1ster en Ecolog\u00eda Evolutiva y PhD en Ciencias Biol\u00f3gicas; \u00c1ngela Prado, arquitecta y subdirectora del CET; M. Elisa Mac-Auliffe, coordinadora; y Pilar Gim\u00e9nez, arquitecta, mag\u00edster en Planificaci\u00f3n Urbana y directora del Centro. El CET es un proyecto acad\u00e9mico y de investigaci\u00f3n [&hellip;]<\/p>\n","protected":false},"author":1,"featured_media":280,"comment_status":"open","ping_status":"open","sticky":false,"template":"","format":"standard","meta":{"footnotes":""},"categories":[7,1],"tags":[17],"class_list":["post-274","post","type-post","status-publish","format-standard","has-post-thumbnail","hentry","category-investigacion","category-sin-categoria","tag-centro-de-estudios-territoriales"],"_links":{"self":[{"href":"https:\/\/revistacampus.uandes.cl\/2024\/wp-json\/wp\/v2\/posts\/274","targetHints":{"allow":["GET"]}}],"collection":[{"href":"https:\/\/revistacampus.uandes.cl\/2024\/wp-json\/wp\/v2\/posts"}],"about":[{"href":"https:\/\/revistacampus.uandes.cl\/2024\/wp-json\/wp\/v2\/types\/post"}],"author":[{"embeddable":true,"href":"https:\/\/revistacampus.uandes.cl\/2024\/wp-json\/wp\/v2\/users\/1"}],"replies":[{"embeddable":true,"href":"https:\/\/revistacampus.uandes.cl\/2024\/wp-json\/wp\/v2\/comments?post=274"}],"version-history":[{"count":40,"href":"https:\/\/revistacampus.uandes.cl\/2024\/wp-json\/wp\/v2\/posts\/274\/revisions"}],"predecessor-version":[{"id":1853,"href":"https:\/\/revistacampus.uandes.cl\/2024\/wp-json\/wp\/v2\/posts\/274\/revisions\/1853"}],"wp:featuredmedia":[{"embeddable":true,"href":"https:\/\/revistacampus.uandes.cl\/2024\/wp-json\/wp\/v2\/media\/280"}],"wp:attachment":[{"href":"https:\/\/revistacampus.uandes.cl\/2024\/wp-json\/wp\/v2\/media?parent=274"}],"wp:term":[{"taxonomy":"category","embeddable":true,"href":"https:\/\/revistacampus.uandes.cl\/2024\/wp-json\/wp\/v2\/categories?post=274"},{"taxonomy":"post_tag","embeddable":true,"href":"https:\/\/revistacampus.uandes.cl\/2024\/wp-json\/wp\/v2\/tags?post=274"}],"curies":[{"name":"wp","href":"https:\/\/api.w.org\/{rel}","templated":true}]}}