{"id":253,"date":"2024-09-05T04:13:57","date_gmt":"2024-09-05T07:13:57","guid":{"rendered":"https:\/\/revistacampus.uandes.cl\/2024\/?p=253"},"modified":"2024-09-26T10:06:48","modified_gmt":"2024-09-26T13:06:48","slug":"el-nuevo-tiempo-del-rector","status":"publish","type":"post","link":"https:\/\/revistacampus.uandes.cl\/2024\/el-nuevo-tiempo-del-rector\/","title":{"rendered":"El nuevo tiempo del Rector"},"content":{"rendered":"\n<p class=\"has-text-align-left has-background\" style=\"background-color:#e3e3e3\"><img decoding=\"async\" width=\"60\" height=\"60\" class=\"wp-image-402\" style=\"width: 60px;\" src=\"https:\/\/revistacampus.uandes.cl\/2024\/wp-content\/uploads\/2024\/08\/VE-POR-MAS.png\" alt=\"\" srcset=\"https:\/\/revistacampus.uandes.cl\/2024\/wp-content\/uploads\/2024\/08\/VE-POR-MAS.png 250w, https:\/\/revistacampus.uandes.cl\/2024\/wp-content\/uploads\/2024\/08\/VE-POR-MAS-150x150.png 150w\" sizes=\"(max-width: 60px) 100vw, 60px\" \/><br><strong>Jos\u00e9 Antonio Guzm\u00e1n <\/strong>comenz\u00f3 un nuevo tiempo como Rector de la Universidad de los Andes el 21 de enero de 2024. En jerga ten\u00edstica, deporte al que es muy aficionado, podr\u00eda decirse que comienza su tercer set. Tiene experiencia, conoce la cancha y no le asustan los desaf\u00edos. Lo hace confiado en la gente y concentrado en la estrategia, pero sin perder de vista que el juego no es en solitario, y que los resultados tienen proyecci\u00f3n de largo plazo.<strong><br><\/strong><br>Por Marta Castillo Albarr\u00e1n<\/p>\n\n\n\n<p>Se siente con mucha energ\u00eda e ilusi\u00f3n frente a los grandes desaf\u00edos que deber\u00e1 afrontar la Universidad en los pr\u00f3ximos cinco a\u00f1os, y destaca especialmente \u201cel apoyo de tantas personas con ganas de hacer bien las cosas\u201d. Habla de la riqueza del trabajo colegiado, \u201csaber que es una empresa que sacamos todos adelante\u201d. Y aunque mira con ojos optimistas el futuro, conserva en su oficina una mascarilla a la vista \u201cpara no olvidar lo que sufrimos, a lo que tuvimos que adaptarnos y lo que aprendimos durante la pandemia\u201d, asegura. Jos\u00e9 Antonio Guzm\u00e1n <a href=\"https:\/\/revistacampus.uandes.cl\/2024\/wp-content\/uploads\/2024\/08\/Revista_Campus_2014_Rector-JAG.pdf\" target=\"_blank\" rel=\"noreferrer noopener\">inici\u00f3 su etapa como Rector<\/a> de la Universidad de los Andes en 2014. Ten\u00eda 47 a\u00f1os y, entonces, en la Universidad hab\u00eda 6.800 alumnos.<\/p>\n\n\n\n<p>Hoy, 10 a\u00f1os despu\u00e9s, la cifra es de 9.000 estudiantes de pregrado, 2.300 de postgrado y 17.600 de educaci\u00f3n continua. Antes de asumir por primera vez, hab\u00eda sido Vicerrector Acad\u00e9mico e integrante del Consejo Superior. Ven\u00eda de pasar tres a\u00f1os en EE.UU., donde estudi\u00f3 un m\u00e1ster en Harvard y un doctorado en Pensilvania, ambos en educaci\u00f3n. <\/p>\n\n\n\n<p>Durante sus primeros 10 a\u00f1os como Rector, la Universidad ha dado pasos decisivos, como la inauguraci\u00f3n de la <a href=\"https:\/\/www.clinicauandes.cl\/\" target=\"_blank\" rel=\"noreferrer noopener\">Cl\u00ednica Universidad de los Andes<\/a> y la <a href=\"https:\/\/www.uandes.cl\/noticias\/universidad-de-los-andes-se-incorpora-oficialmente-al-cruch\/\" target=\"_blank\" rel=\"noreferrer noopener\">incorporaci\u00f3n al Consejo de Rectoras y Rectores<\/a> de Universidades Chilenas (CRUCH). Tambi\u00e9n han aumentado los programas de doctorado y la colaboraci\u00f3n cient\u00edfica con otras instituciones, como los Institutos Milenio en \u00d3ptica y en Cuidado o los N\u00facleos en Discapacidad y en Salud Mental.<\/p>\n\n\n\n<p>En investigaci\u00f3n aplicada, un acontecimiento importante fue el <a href=\"https:\/\/centroimpact.cl\/\" target=\"_blank\" rel=\"noreferrer noopener\">Centro Basal IMPACT<\/a>, adjudicado en colaboraci\u00f3n con otras universidades. Ha habido una mejora considerable en los indicadores cient\u00edficos y \u00e9xito en la adjudicaci\u00f3n de proyectos como Fondecyt. Meses antes de la pandemia se implement\u00f3 el sistema Canvas, que facilit\u00f3 la continuidad del plan educativo, y el proceso de acreditaci\u00f3n institucional de 2022 culmin\u00f3 con la <a href=\"https:\/\/www.uandes.cl\/noticias\/cna-acredita-a-la-uandes-por-6-anos-en-todas-las-areas\/\" target=\"_blank\" rel=\"noreferrer noopener\">acreditaci\u00f3n de la Universidad en nivel de excelencia<\/a> por 6 a\u00f1os, entre muchos otros hitos.<\/p>\n\n\n\n<div class=\"wp-block-columns is-layout-flex wp-container-core-columns-is-layout-9d6595d7 wp-block-columns-is-layout-flex\">\n<div class=\"wp-block-column is-layout-flow wp-block-column-is-layout-flow\" style=\"flex-basis:50%\">\n<blockquote class=\"wp-block-quote is-layout-flow wp-block-quote-is-layout-flow\">\n<p class=\"has-text-align-center\"><img decoding=\"async\" width=\"50\" height=\"50\" class=\"wp-image-209\" style=\"width: 50px;\" src=\"https:\/\/revistacampus.uandes.cl\/2024\/wp-content\/uploads\/2024\/08\/comillas-4.png\" alt=\"\" srcset=\"https:\/\/revistacampus.uandes.cl\/2024\/wp-content\/uploads\/2024\/08\/comillas-4.png 360w, https:\/\/revistacampus.uandes.cl\/2024\/wp-content\/uploads\/2024\/08\/comillas-4-300x300.png 300w, https:\/\/revistacampus.uandes.cl\/2024\/wp-content\/uploads\/2024\/08\/comillas-4-150x150.png 150w\" sizes=\"(max-width: 50px) 100vw, 50px\" \/><br><em>\u201cEstamos optimistas, creemos que el pa\u00eds puede estar atravesando por algunas dificultades, pero en el mediano plazo, este pa\u00eds tiene un inmenso potencial. La Universidad apuesta por ese potencial y, por lo tanto, necesita seguir desarrollando su infraestructura para cumplir de mejor manera su misi\u00f3n.\u201d<\/em><\/p>\n\n\n\n<p><\/p>\n<\/blockquote>\n<\/div>\n\n\n\n<div class=\"wp-block-column is-layout-flow wp-block-column-is-layout-flow\" style=\"flex-basis:50%\">\n<figure class=\"wp-block-image size-large\"><img fetchpriority=\"high\" decoding=\"async\" width=\"1024\" height=\"683\" src=\"https:\/\/revistacampus.uandes.cl\/2024\/wp-content\/uploads\/2024\/08\/Rector_UANDES_JA-Guzman-1-1024x683.jpg\" alt=\"\" class=\"wp-image-529\" srcset=\"https:\/\/revistacampus.uandes.cl\/2024\/wp-content\/uploads\/2024\/08\/Rector_UANDES_JA-Guzman-1-1024x683.jpg 1024w, https:\/\/revistacampus.uandes.cl\/2024\/wp-content\/uploads\/2024\/08\/Rector_UANDES_JA-Guzman-1-300x200.jpg 300w, https:\/\/revistacampus.uandes.cl\/2024\/wp-content\/uploads\/2024\/08\/Rector_UANDES_JA-Guzman-1-768x512.jpg 768w, https:\/\/revistacampus.uandes.cl\/2024\/wp-content\/uploads\/2024\/08\/Rector_UANDES_JA-Guzman-1-1536x1024.jpg 1536w, https:\/\/revistacampus.uandes.cl\/2024\/wp-content\/uploads\/2024\/08\/Rector_UANDES_JA-Guzman-1.jpg 1920w\" sizes=\"(max-width: 1024px) 100vw, 1024px\" \/><\/figure>\n<\/div>\n<\/div>\n\n\n\n<p><strong>Comienza una nueva etapa con la ventaja de la experiencia. \u00bfC\u00f3mo se siente? <\/strong><br>Bien, dir\u00eda que estoy m\u00e1s viejo (r\u00ede). Aunque la vitalidad de la juventud es muy importante, la Junta Directiva ha querido confiarme un nuevo per\u00edodo, por lo que hay tambi\u00e9n una valoraci\u00f3n de la experiencia. La contracara es que soy menos joven\u2026<\/p>\n\n\n\n<p><strong>\u00bfC\u00f3mo enfrenta este nuevo tiempo como Rector? <\/strong><br>Estamos frente a un escenario muy cambiante, que va a impactar a la sociedad y a la Universidad. Tambi\u00e9n creo que tenemos una universidad consolidada, con recursos para hacernos cargo de esos desaf\u00edos, gente muy preparada, personas sensibles a las necesidades del pa\u00eds, con deseos de colaborar y contribuir. Por lo tanto, miro el futuro con optimismo.<\/p>\n\n\n\n<p><strong>Optimismo frente al cambio social\u2026 <\/strong><br>Es verdad que estos procesos generan incertidumbre, pero creo que las universidades est\u00e1n preparadas porque tienen gente que reflexiona, que es capaz de procesar el cambio tratando de aportar soluciones mejores. Me gusta la idea de que las universidades est\u00e1n en la vanguardia de los procesos sociales, y creo que tiene que seguir siendo as\u00ed.<\/p>\n\n\n\n<p><strong>\u00bfC\u00f3mo se afronta desde esta Universidad? <\/strong><br>Estamos mirando muy de cerca los cambios que enfrenta el mundo y la sociedad, y queremos contribuir. La tarea que tenemos por delante es apasionante. Creo que el hecho de afrontar problemas complejos nos estimula a trabajar mejor.<\/p>\n\n\n\n<p><strong>Afirmaba en el acto de su nuevo periodo como rector que la Universidad existe porque quiere prestar un tipo de contribuci\u00f3n. \u00bfEn qu\u00e9 consiste esta contribuci\u00f3n? <\/strong><br>Creo que lo que se espera de nosotros, lo que el pa\u00eds requiere, es que contribuyamos a configurar una cultura que sea conforme con la dignidad humana y su respeto. Es la base desde la que queremos llevar a cabo nuestra tarea docente y cient\u00edfica, como buscadores y transmisores de la verdad.<\/p>\n\n\n\n<div class=\"wp-block-columns is-layout-flex wp-container-core-columns-is-layout-9d6595d7 wp-block-columns-is-layout-flex\">\n<div class=\"wp-block-column is-layout-flow wp-block-column-is-layout-flow\" style=\"flex-basis:50%\">\n<p class=\"has-text-align-center\"><img decoding=\"async\" width=\"50\" height=\"50\" class=\"wp-image-209\" style=\"width: 50px;\" src=\"https:\/\/revistacampus.uandes.cl\/2024\/wp-content\/uploads\/2024\/08\/comillas-4.png\" alt=\"\" srcset=\"https:\/\/revistacampus.uandes.cl\/2024\/wp-content\/uploads\/2024\/08\/comillas-4.png 360w, https:\/\/revistacampus.uandes.cl\/2024\/wp-content\/uploads\/2024\/08\/comillas-4-300x300.png 300w, https:\/\/revistacampus.uandes.cl\/2024\/wp-content\/uploads\/2024\/08\/comillas-4-150x150.png 150w\" sizes=\"(max-width: 50px) 100vw, 50px\" \/><br><em>\u201cEn la Universidad de los Andes estamos mirando muy de cerca todos los cambios que enfrenta el mundo y la sociedad y queremos contribuir.\u201d<\/em><\/p>\n<\/div>\n\n\n\n<div class=\"wp-block-column is-layout-flow wp-block-column-is-layout-flow\" style=\"flex-basis:50%\">\n<figure class=\"wp-block-image size-large\"><img loading=\"lazy\" decoding=\"async\" width=\"1024\" height=\"683\" src=\"https:\/\/revistacampus.uandes.cl\/2024\/wp-content\/uploads\/2024\/08\/Rector_UANDES_JA-Guzman-3-1024x683.jpg\" alt=\"\" class=\"wp-image-530\" srcset=\"https:\/\/revistacampus.uandes.cl\/2024\/wp-content\/uploads\/2024\/08\/Rector_UANDES_JA-Guzman-3-1024x683.jpg 1024w, https:\/\/revistacampus.uandes.cl\/2024\/wp-content\/uploads\/2024\/08\/Rector_UANDES_JA-Guzman-3-300x200.jpg 300w, https:\/\/revistacampus.uandes.cl\/2024\/wp-content\/uploads\/2024\/08\/Rector_UANDES_JA-Guzman-3-768x512.jpg 768w, https:\/\/revistacampus.uandes.cl\/2024\/wp-content\/uploads\/2024\/08\/Rector_UANDES_JA-Guzman-3-1536x1024.jpg 1536w, https:\/\/revistacampus.uandes.cl\/2024\/wp-content\/uploads\/2024\/08\/Rector_UANDES_JA-Guzman-3.jpg 1920w\" sizes=\"(max-width: 1024px) 100vw, 1024px\" \/><\/figure>\n<\/div>\n<\/div>\n\n\n\n<p><strong>\u00bfCon qu\u00e9 le gustar\u00eda que se identificara a la Universidad?<\/strong><br>Una primera idea, en el \u00e1mbito intelectual, tiene que ver con el deseo de buscar la verdad, nuestra convicci\u00f3n de que se puede encontrar, que no es una ilusi\u00f3n. Llegar desde distintas ciencias a verdades que pueden conversar entre s\u00ed, y encontrar miradas comunes, transversales, que abarquen mejor la complejidad de la realidad. Esta b\u00fasqueda, este trabajo interdisciplinario es una gran aspiraci\u00f3n, y una gran contribuci\u00f3n que esta universidad en particular puede llevar a cabo.<\/p>\n\n\n\n<p><strong>\u00bfY la segunda?<\/strong> <br>Con el af\u00e1n de servicio que pone a la persona humana en el lugar que le corresponde, que es muy respetuoso de su dignidad, de sus valores, de su individualidad. Con el buen trato, con la acogida de personas que tienen caracter\u00edsticas y condiciones distintas, con respeto, pues todos tienen espacio en la universidad. Eso lleva al di\u00e1logo y marca el tono, el estilo, el modo de hacer universidad.<\/p>\n\n\n\n<p><strong>Este respeto, este trato se cuida tambi\u00e9n en la Cl\u00ednica\u2026 <\/strong><br>Nuestra Cl\u00ednica universitaria ha atra\u00eddo a profesionales muy destacados y a un buen n\u00famero de pacientes. Esto sucede porque existe un ambiente y un tipo de trato que se desprenden muy directamente de la preocupaci\u00f3n por las personas. La Cl\u00ednica nos abre grandes posibilidades, como la de aliviar la delicada situaci\u00f3n de personas de escasos recursos que est\u00e1n en las listas de espera de los hospitales p\u00fablicos. Y en el plano acad\u00e9mico, la colaboraci\u00f3n entre los especialistas que cultivan las ciencias b\u00e1sicas y los profesionales cl\u00ednicos. Adem\u00e1s, constituye un importante espacio formativo.<\/p>\n\n\n\n<div class=\"wp-block-columns is-layout-flex wp-container-core-columns-is-layout-9d6595d7 wp-block-columns-is-layout-flex\">\n<div class=\"wp-block-column is-layout-flow wp-block-column-is-layout-flow\" style=\"flex-basis:66.66%\">\n<figure class=\"wp-block-image size-large is-resized\"><img loading=\"lazy\" decoding=\"async\" width=\"1024\" height=\"681\" src=\"https:\/\/revistacampus.uandes.cl\/2024\/wp-content\/uploads\/2024\/08\/Juramento-tercer-periodo-Rector_-1-1024x681.webp\" alt=\"\" class=\"wp-image-260\" style=\"width:552px;height:auto\" srcset=\"https:\/\/revistacampus.uandes.cl\/2024\/wp-content\/uploads\/2024\/08\/Juramento-tercer-periodo-Rector_-1-1024x681.webp 1024w, https:\/\/revistacampus.uandes.cl\/2024\/wp-content\/uploads\/2024\/08\/Juramento-tercer-periodo-Rector_-1-300x200.webp 300w, https:\/\/revistacampus.uandes.cl\/2024\/wp-content\/uploads\/2024\/08\/Juramento-tercer-periodo-Rector_-1-768x511.webp 768w, https:\/\/revistacampus.uandes.cl\/2024\/wp-content\/uploads\/2024\/08\/Juramento-tercer-periodo-Rector_-1-1536x1022.webp 1536w, https:\/\/revistacampus.uandes.cl\/2024\/wp-content\/uploads\/2024\/08\/Juramento-tercer-periodo-Rector_-1.webp 2000w\" sizes=\"(max-width: 1024px) 100vw, 1024px\" \/><\/figure>\n<\/div>\n\n\n\n<div class=\"wp-block-column is-layout-flow wp-block-column-is-layout-flow\" style=\"flex-basis:33.33%\">\n<p><img loading=\"lazy\" decoding=\"async\" width=\"50\" height=\"50\" class=\"wp-image-402\" style=\"width: 50px;\" src=\"https:\/\/revistacampus.uandes.cl\/2024\/wp-content\/uploads\/2024\/08\/VE-POR-MAS.png\" alt=\"\" srcset=\"https:\/\/revistacampus.uandes.cl\/2024\/wp-content\/uploads\/2024\/08\/VE-POR-MAS.png 250w, https:\/\/revistacampus.uandes.cl\/2024\/wp-content\/uploads\/2024\/08\/VE-POR-MAS-150x150.png 150w\" sizes=\"(max-width: 50px) 100vw, 50px\" \/><br><em>El 19 de enero de 2024, el profesor Jos\u00e9 Antonio Guzm\u00e1n jur\u00f3 -sobre la Biblia regalada a la Universidad por la Facultad de Derecho en 1990- desempe\u00f1ar fielmente el cargo de Rector. Lo acompa\u00f1an la secretaria general, profesora Pilar Ureta, y la presidenta de la Junta Directiva, Carmen Luz Valenzuela.<\/em><\/p>\n<\/div>\n<\/div>\n\n\n\n<h3 class=\"wp-block-heading has-vivid-red-color has-text-color has-link-color wp-elements-d82c95719eafa8db96eef0ded05f2eca\">SALIR A LAS PERIFERIAS<\/h3>\n\n\n\n<p><strong>Sobre las llamadas periferias, \u00bfc\u00f3mo se toma ese desaf\u00edo de salir de la universidad? <\/strong><br>Creo que lo m\u00e1s propio de la universidad es llegar a lo que podr\u00edamos llamar las periferias intelectuales. Es decir, un espacio en el que las distintas miradas acerca de la sociedad tengan un lugar en el que se sientan acogidas y respetadas y, por supuesto, exigidas intelectualmente. Donde se acoge todo tipo de ideas, pero, al mismo tiempo, se las trata de manera rigurosa para llegar a destilar lo que podr\u00edamos llamar la verdad. En segundo lugar, hemos hecho un esfuerzo importante por llegar a m\u00e1s alumnos de escasos recursos que quieran estudiar en la Universidad y quisi\u00e9ramos llegar a m\u00e1s.<\/p>\n\n\n\n<p><strong>\u00bfC\u00f3mo se logra esto? <\/strong><br>Nuestro af\u00e1n es ofrecer buenas becas que permitan estudiar con tranquilidad en la Universidad. Se ve tambi\u00e9n en la Cl\u00ednica. Y est\u00e1 el esfuerzo de sensibilizar a nuestros estudiantes, de hacerles reflexionar acerca de la necesidad de plantear sus futuros profesionales al servicio de la sociedad. Una sociedad que tiene muchas necesidades y que requiere de gente comprometida con la soluci\u00f3n de esos problemas.<\/p>\n\n\n\n<div class=\"wp-block-columns is-layout-flex wp-container-core-columns-is-layout-9d6595d7 wp-block-columns-is-layout-flex\">\n<div class=\"wp-block-column is-layout-flow wp-block-column-is-layout-flow\" style=\"flex-basis:50%\">\n<blockquote class=\"wp-block-quote is-layout-flow wp-block-quote-is-layout-flow\">\n<p class=\"has-text-align-center\"><em><img decoding=\"async\" width=\"50\" height=\"50\" class=\"wp-image-209\" style=\"width: 50px;\" src=\"https:\/\/revistacampus.uandes.cl\/2024\/wp-content\/uploads\/2024\/08\/comillas-4.png\" alt=\"\" srcset=\"https:\/\/revistacampus.uandes.cl\/2024\/wp-content\/uploads\/2024\/08\/comillas-4.png 360w, https:\/\/revistacampus.uandes.cl\/2024\/wp-content\/uploads\/2024\/08\/comillas-4-300x300.png 300w, https:\/\/revistacampus.uandes.cl\/2024\/wp-content\/uploads\/2024\/08\/comillas-4-150x150.png 150w\" sizes=\"(max-width: 50px) 100vw, 50px\" \/><br>&#8220;La idea de amor a la verdad, de servicio a las personas, est\u00e1 en el centro de nuestro ADN y esa es la contribuci\u00f3n espec\u00edfica que la Universidad de los Andes puede ofrecer a la sociedad en la cual estamos inmersos, en la cual queremos servir.&#8221;<\/em><\/p>\n<\/blockquote>\n<\/div>\n\n\n\n<div class=\"wp-block-column is-layout-flow wp-block-column-is-layout-flow\" style=\"flex-basis:50%\">\n<figure class=\"wp-block-image size-large\"><img loading=\"lazy\" decoding=\"async\" width=\"1024\" height=\"682\" src=\"https:\/\/revistacampus.uandes.cl\/2024\/wp-content\/uploads\/2024\/08\/Rector-1024x682.webp\" alt=\"\" class=\"wp-image-256\" srcset=\"https:\/\/revistacampus.uandes.cl\/2024\/wp-content\/uploads\/2024\/08\/Rector-1024x682.webp 1024w, https:\/\/revistacampus.uandes.cl\/2024\/wp-content\/uploads\/2024\/08\/Rector-300x200.webp 300w, https:\/\/revistacampus.uandes.cl\/2024\/wp-content\/uploads\/2024\/08\/Rector-768x512.webp 768w, https:\/\/revistacampus.uandes.cl\/2024\/wp-content\/uploads\/2024\/08\/Rector-1536x1024.webp 1536w, https:\/\/revistacampus.uandes.cl\/2024\/wp-content\/uploads\/2024\/08\/Rector.webp 2000w\" sizes=\"(max-width: 1024px) 100vw, 1024px\" \/><\/figure>\n<\/div>\n<\/div>\n\n\n\n<h3 class=\"wp-block-heading has-vivid-red-color has-text-color has-link-color wp-elements-8ef77a2847215876ae7069cc05325ce8\">EL CRECIMIENTO DE LA UNIVERSIDAD<\/h3>\n\n\n\n<p><strong>Alg\u00fan diario hablaba de grandes obras de infraestructura en la Universidad\u2026 <\/strong><br>Se trata de construcciones planificadas desde hace tiempo, que estamos enfrentando ahora en un contexto donde somos optimistas. Creemos que el pa\u00eds puede estar atravesando dificultades, pero en el mediano plazo tiene un inmenso potencial. La Universidad apuesta por ese potencial y necesita seguir desarrollando su infraestructura para cumplir el adecuado desarrollo del proyecto universitario.<\/p>\n\n\n\n<p><strong>La Universidad ha crecido mucho en los \u00faltimos a\u00f1os, la investigaci\u00f3n, la Cl\u00ednica, el pregrado, el postgrado y educaci\u00f3n continua. <\/strong><br>Es una universidad que tiene vocaci\u00f3n de permanencia. La Cl\u00ednica est\u00e1 creciendo y lo hace muy bien. Necesitamos m\u00e1s camas, m\u00e1s pabellones, m\u00e1s atenci\u00f3n ambulatoria. Lo mismo la Universidad, ha ido creciendo; se ha creado recientemente la Facultad de Ciencias Sociales, se ha aumentado el n\u00famero de profesores, necesitamos espacios para que trabajen, investiguen. Laboratorios, salas de clases, especialmente para acoger a los estudiantes de postgrado y est\u00e1 el Centro de Estudios Territoriales. La Universidad es un proyecto que est\u00e1 en marcha, que tiene una mirada de largo plazo.<\/p>\n\n\n\n<p><strong>Y esto pasa tambi\u00e9n por la llegada de m\u00e1s profesores\u2026 <\/strong><br>S\u00ed, profesores, acad\u00e9micos muy calificados e identificados con nuestro proyecto institucional. Profesores que sean escuchados por su prestigio, que puedan influir en la sociedad y compartan el sello propio de una Universidad de inspiraci\u00f3n cristiana como la nuestra, y nos ayuden a formar buenos profesionales y ciudadanos para servir al pa\u00eds.<\/p>\n\n\n\n<p><strong>\u00bfC\u00f3mo equilibrar el crecimiento sin perder de vista lo que se es? <\/strong><br>Es necesario reflexionar sobre el crecimiento que queremos impulsar para ser fieles al mandato fundacional. Tenemos que pensar en sustentabilidad, en las posibilidades de acceso a personas con talento acad\u00e9mico que compartan nuestro proyecto, en los \u00e1mbitos de influencia en los que queremos estar presentes, y en la mejor manera en la que podemos servir a nuestro pa\u00eds.<\/p>\n\n\n\n<div class=\"wp-block-columns is-layout-flex wp-container-core-columns-is-layout-9d6595d7 wp-block-columns-is-layout-flex\">\n<div class=\"wp-block-column is-layout-flow wp-block-column-is-layout-flow\" style=\"flex-basis:50%\">\n<figure class=\"wp-block-image size-large\"><img loading=\"lazy\" decoding=\"async\" width=\"1024\" height=\"683\" src=\"https:\/\/revistacampus.uandes.cl\/2024\/wp-content\/uploads\/2024\/08\/Rector_UANDES_JA-Guzman-2-1-1024x683.jpg\" alt=\"\" class=\"wp-image-532\" srcset=\"https:\/\/revistacampus.uandes.cl\/2024\/wp-content\/uploads\/2024\/08\/Rector_UANDES_JA-Guzman-2-1-1024x683.jpg 1024w, https:\/\/revistacampus.uandes.cl\/2024\/wp-content\/uploads\/2024\/08\/Rector_UANDES_JA-Guzman-2-1-300x200.jpg 300w, https:\/\/revistacampus.uandes.cl\/2024\/wp-content\/uploads\/2024\/08\/Rector_UANDES_JA-Guzman-2-1-768x512.jpg 768w, https:\/\/revistacampus.uandes.cl\/2024\/wp-content\/uploads\/2024\/08\/Rector_UANDES_JA-Guzman-2-1-1536x1024.jpg 1536w, https:\/\/revistacampus.uandes.cl\/2024\/wp-content\/uploads\/2024\/08\/Rector_UANDES_JA-Guzman-2-1.jpg 1920w\" sizes=\"(max-width: 1024px) 100vw, 1024px\" \/><\/figure>\n<\/div>\n\n\n\n<div class=\"wp-block-column is-layout-flow wp-block-column-is-layout-flow\" style=\"flex-basis:50%\">\n<p><strong>\u00bfCu\u00e1l es su mirada ante el momento que le ha tocado liderar? <\/strong><br>El entorno econ\u00f3mico, pol\u00edtico y social en el que nos desenvolvemos no es el m\u00e1s propicio. Pero no podemos adoptar una actitud pasiva, ni esperar que las cosas cambien, sino hacer bien lo que s\u00ed est\u00e1 en nuestras manos. Visto con ojos de fe, podemos decir que Dios nos puso en estos momentos precisamente porque nuestra tarea, junto a la de muchos otros, iba a ser hoy especialmente necesaria.<mark style=\"background-color:rgba(0, 0, 0, 0);color:#e10e17\" class=\"has-inline-color\"><strong> &gt; <\/strong><\/mark><\/p>\n<\/div>\n<\/div>\n\n\n\n<div class=\"wp-block-columns is-layout-flex wp-container-core-columns-is-layout-9d6595d7 wp-block-columns-is-layout-flex\">\n<div class=\"wp-block-column is-layout-flow wp-block-column-is-layout-flow\" style=\"flex-basis:10%\"><\/div>\n\n\n\n<div class=\"wp-block-column is-layout-flow wp-block-column-is-layout-flow\" style=\"flex-basis:80%\"><\/div>\n\n\n\n<div class=\"wp-block-column is-layout-flow wp-block-column-is-layout-flow\" style=\"flex-basis:10%\"><\/div>\n<\/div>\n","protected":false},"excerpt":{"rendered":"<p>Jos\u00e9 Antonio Guzm\u00e1n comenz\u00f3 un nuevo tiempo como Rector de la Universidad de los Andes el 21 de enero de 2024. En jerga ten\u00edstica, deporte al que es muy aficionado, podr\u00eda decirse que comienza su tercer set. Tiene experiencia, conoce la cancha y no le asustan los desaf\u00edos. Lo hace confiado en la gente y [&hellip;]<\/p>\n","protected":false},"author":1,"featured_media":268,"comment_status":"open","ping_status":"open","sticky":false,"template":"","format":"standard","meta":{"footnotes":""},"categories":[8,38,1],"tags":[],"class_list":["post-253","post","type-post","status-publish","format-standard","has-post-thumbnail","hentry","category-academia","category-salud","category-sin-categoria"],"_links":{"self":[{"href":"https:\/\/revistacampus.uandes.cl\/2024\/wp-json\/wp\/v2\/posts\/253","targetHints":{"allow":["GET"]}}],"collection":[{"href":"https:\/\/revistacampus.uandes.cl\/2024\/wp-json\/wp\/v2\/posts"}],"about":[{"href":"https:\/\/revistacampus.uandes.cl\/2024\/wp-json\/wp\/v2\/types\/post"}],"author":[{"embeddable":true,"href":"https:\/\/revistacampus.uandes.cl\/2024\/wp-json\/wp\/v2\/users\/1"}],"replies":[{"embeddable":true,"href":"https:\/\/revistacampus.uandes.cl\/2024\/wp-json\/wp\/v2\/comments?post=253"}],"version-history":[{"count":19,"href":"https:\/\/revistacampus.uandes.cl\/2024\/wp-json\/wp\/v2\/posts\/253\/revisions"}],"predecessor-version":[{"id":585,"href":"https:\/\/revistacampus.uandes.cl\/2024\/wp-json\/wp\/v2\/posts\/253\/revisions\/585"}],"wp:featuredmedia":[{"embeddable":true,"href":"https:\/\/revistacampus.uandes.cl\/2024\/wp-json\/wp\/v2\/media\/268"}],"wp:attachment":[{"href":"https:\/\/revistacampus.uandes.cl\/2024\/wp-json\/wp\/v2\/media?parent=253"}],"wp:term":[{"taxonomy":"category","embeddable":true,"href":"https:\/\/revistacampus.uandes.cl\/2024\/wp-json\/wp\/v2\/categories?post=253"},{"taxonomy":"post_tag","embeddable":true,"href":"https:\/\/revistacampus.uandes.cl\/2024\/wp-json\/wp\/v2\/tags?post=253"}],"curies":[{"name":"wp","href":"https:\/\/api.w.org\/{rel}","templated":true}]}}