{"id":2191,"date":"2024-08-03T08:30:00","date_gmt":"2024-08-03T11:30:00","guid":{"rendered":"https:\/\/revistacampus.uandes.cl\/2024\/?p=2191"},"modified":"2024-10-21T13:26:50","modified_gmt":"2024-10-21T16:26:50","slug":"nuestras-plumas-literatura-y-fe","status":"publish","type":"post","link":"https:\/\/revistacampus.uandes.cl\/2024\/nuestras-plumas-literatura-y-fe\/","title":{"rendered":"Literatura y Fe"},"content":{"rendered":"\n<div style=\"height:100px\" aria-hidden=\"true\" class=\"wp-block-spacer\"><\/div>\n\n\n\n<div class=\"wp-block-columns is-layout-flex wp-container-core-columns-is-layout-9d6595d7 wp-block-columns-is-layout-flex\">\n<div class=\"wp-block-column is-layout-flow wp-block-column-is-layout-flow\" style=\"flex-basis:66.66%\">\n<h2 class=\"wp-block-heading\"><strong>POEMAS (ANTOLOG\u00cdA)<\/strong> <br><sub>Christina Rossetti<br><\/sub><\/h2>\n\n\n\n<p style=\"font-size:22px\"><sub><strong>Traductor<\/strong>: Braulio Fern\u00e1ndez Biggs<br><strong>Editorial<\/strong>: RIL Editores<br><strong>P\u00e1ginas<\/strong>: 222<br><strong>A\u00f1o<\/strong>: 2023<\/sub><\/p>\n\n\n\n<p>Esta antolog\u00eda biling\u00fce recopila la l\u00edrica de Christina Rossetti, una de las grandes poetas inglesas del siglo XIX. En sus poemas, Rossetti explora temas como la muerte, Dios y la belleza, trat\u00e1ndolos con una cotidianidad \u00fanica. La edici\u00f3n incluye una introducci\u00f3n y notas de Soledad Campa\u00f1a, que conectan su biograf\u00eda, influencias literarias y el contexto social de su obra. Adem\u00e1s, se destaca un texto de Julieta Ogaz sobre la fraternidad creativa entre Christina y su hermano, el pintor Dante Gabriel Rossetti, un aspecto crucial para comprender su arte dentro de la Hermandad Prerrafaelita.<\/p>\n<\/div>\n\n\n\n<div class=\"wp-block-column is-layout-flow wp-block-column-is-layout-flow\" style=\"flex-basis:33.33%\"><div class=\"wp-block-image\">\n<figure class=\"aligncenter size-large is-resized\"><img fetchpriority=\"high\" decoding=\"async\" width=\"648\" height=\"1024\" src=\"https:\/\/revistacampus.uandes.cl\/2024\/wp-content\/uploads\/2024\/09\/Poemas-Antologia-Braulio-Fernandez1-648x1024.jpg\" alt=\"\" class=\"wp-image-1597\" style=\"aspect-ratio:0.6666666666666666;object-fit:cover;width:264px;height:auto\" srcset=\"https:\/\/revistacampus.uandes.cl\/2024\/wp-content\/uploads\/2024\/09\/Poemas-Antologia-Braulio-Fernandez1-648x1024.jpg 648w, https:\/\/revistacampus.uandes.cl\/2024\/wp-content\/uploads\/2024\/09\/Poemas-Antologia-Braulio-Fernandez1-190x300.jpg 190w, https:\/\/revistacampus.uandes.cl\/2024\/wp-content\/uploads\/2024\/09\/Poemas-Antologia-Braulio-Fernandez1-768x1214.jpg 768w, https:\/\/revistacampus.uandes.cl\/2024\/wp-content\/uploads\/2024\/09\/Poemas-Antologia-Braulio-Fernandez1-972x1536.jpg 972w, https:\/\/revistacampus.uandes.cl\/2024\/wp-content\/uploads\/2024\/09\/Poemas-Antologia-Braulio-Fernandez1.jpg 1265w\" sizes=\"(max-width: 648px) 100vw, 648px\" \/><\/figure>\n<\/div><\/div>\n<\/div>\n\n\n\n<div class=\"wp-block-group\"><div class=\"wp-block-group__inner-container is-layout-constrained wp-block-group-is-layout-constrained\">\n<div style=\"height:20px\" aria-hidden=\"true\" class=\"wp-block-spacer\"><\/div>\n\n\n\n<hr class=\"wp-block-separator has-text-color has-alpha-channel-opacity has-background\" style=\"background-color:#e00e17;color:#e00e17\"\/>\n\n\n\n<div style=\"height:20px\" aria-hidden=\"true\" class=\"wp-block-spacer\"><\/div>\n<\/div><\/div>\n\n\n\n<div class=\"wp-block-columns is-layout-flex wp-container-core-columns-is-layout-9d6595d7 wp-block-columns-is-layout-flex\">\n<div class=\"wp-block-column is-layout-flow wp-block-column-is-layout-flow\" style=\"flex-basis:33.33%\"><div class=\"wp-block-image\">\n<figure class=\"aligncenter size-large is-resized\"><img decoding=\"async\" width=\"660\" height=\"1024\" src=\"https:\/\/revistacampus.uandes.cl\/2024\/wp-content\/uploads\/2024\/09\/Escotida-Miguel-Donoso-660x1024.jpg\" alt=\"\" class=\"wp-image-1599\" style=\"aspect-ratio:0.6666666666666666;object-fit:cover;width:264px;height:auto\" srcset=\"https:\/\/revistacampus.uandes.cl\/2024\/wp-content\/uploads\/2024\/09\/Escotida-Miguel-Donoso-660x1024.jpg 660w, https:\/\/revistacampus.uandes.cl\/2024\/wp-content\/uploads\/2024\/09\/Escotida-Miguel-Donoso-194x300.jpg 194w, https:\/\/revistacampus.uandes.cl\/2024\/wp-content\/uploads\/2024\/09\/Escotida-Miguel-Donoso-768x1191.jpg 768w, https:\/\/revistacampus.uandes.cl\/2024\/wp-content\/uploads\/2024\/09\/Escotida-Miguel-Donoso-991x1536.jpg 991w, https:\/\/revistacampus.uandes.cl\/2024\/wp-content\/uploads\/2024\/09\/Escotida-Miguel-Donoso.jpg 1290w\" sizes=\"(max-width: 660px) 100vw, 660px\" \/><\/figure>\n<\/div><\/div>\n\n\n\n<div class=\"wp-block-column is-layout-flow wp-block-column-is-layout-flow\" style=\"flex-basis:66.66%\">\n<h2 class=\"wp-block-heading\"><strong>ESCOTIDA O VIDA DEL DOCTOR SUTIL ESCOTO, EN VERSO HEROICO<\/strong><br><sub>Fray Gregorio Far\u00edas<br><\/sub><\/h2>\n\n\n\n<p style=\"font-size:22px\"><sub><strong>Estudio<\/strong>, edici\u00f3n y notas: Miguel Donoso Rodr\u00edguez<br><strong>Editorial<\/strong>: Universitaria<br><strong>P\u00e1ginas<\/strong>: 376<br><strong>A\u00f1o<\/strong>: 2023<\/sub><\/p>\n\n\n\n<p>Este in\u00e9dito poema \u00e9pico sacro, escrito en 1744, narra la vida del franciscano escoc\u00e9s John Duns Scoto, conocido como el primer defensor de la doctrina de la Inmaculada Concepci\u00f3n antes de su proclamaci\u00f3n como dogma. La edici\u00f3n ofrece una transcripci\u00f3n del manuscrito original, preservado en el Monasterio Benedictino de Las Condes, acompa\u00f1ada de notas filol\u00f3gicas y teol\u00f3gicas. Adem\u00e1s, incluye un estudio sobre la autor\u00eda de fray Gregorio Far\u00edas, una introducci\u00f3n a la \u00e9pica sacra en Am\u00e9rica y un an\u00e1lisis mariol\u00f3gico del poema.<\/p>\n<\/div>\n<\/div>\n\n\n\n<div class=\"wp-block-group\"><div class=\"wp-block-group__inner-container is-layout-constrained wp-block-group-is-layout-constrained\">\n<div style=\"height:20px\" aria-hidden=\"true\" class=\"wp-block-spacer\"><\/div>\n\n\n\n<hr class=\"wp-block-separator has-text-color has-alpha-channel-opacity has-background\" style=\"background-color:#e00e17;color:#e00e17\"\/>\n\n\n\n<div style=\"height:20px\" aria-hidden=\"true\" class=\"wp-block-spacer\"><\/div>\n<\/div><\/div>\n\n\n\n<div class=\"wp-block-columns is-layout-flex wp-container-core-columns-is-layout-9d6595d7 wp-block-columns-is-layout-flex\">\n<div class=\"wp-block-column is-layout-flow wp-block-column-is-layout-flow\" style=\"flex-basis:66.66%\">\n<h2 class=\"wp-block-heading\"><strong>LA ESCENA EN EL TEATRO \u00c1UREO Y EN EL TEATRO ISABELINO<\/strong><\/h2>\n\n\n\n<p style=\"font-size:22px\"><sub><strong>Coordinadora<\/strong>: Paula Baldwin Lind<br><strong>Editorial<\/strong>: Iberoamericana Vervuert<br><strong>P\u00e1ginas<\/strong>: 514<br><strong>A\u00f1o<\/strong>: 2023<\/sub><\/p>\n\n\n\n<p>Este volumen re\u00fane una serie de art\u00edculos que examinan el contexto cultural en el que surgieron los corrales de comedias del Siglo de Oro en Espa\u00f1a y los teatros p\u00fablicos isabelinos de los siglos XVI y XVII en Inglaterra. El libro ofrece un an\u00e1lisis detallado de la arquitectura y el dise\u00f1o de estos espacios teatrales, la distribuci\u00f3n social del p\u00fablico, la organizaci\u00f3n y repertorio de las compa\u00f1\u00edas teatrales, as\u00ed como un estudio de las obras de destacados dramaturgos como Calder\u00f3n de la Barca, Lope de Vega, Shakespeare, y Jonson, entre otros.<\/p>\n<\/div>\n\n\n\n<div class=\"wp-block-column is-layout-flow wp-block-column-is-layout-flow\" style=\"flex-basis:33.33%\"><div class=\"wp-block-image\">\n<figure class=\"aligncenter size-large is-resized\"><img decoding=\"async\" width=\"657\" height=\"1024\" src=\"https:\/\/revistacampus.uandes.cl\/2024\/wp-content\/uploads\/2024\/09\/La-escena-en-el-teatro-aureo-y-en-el-teatro-isabelino-Paula-Baldwin-657x1024.jpg\" alt=\"\" class=\"wp-image-1603\" style=\"aspect-ratio:0.6666666666666666;object-fit:cover;width:264px;height:auto\" srcset=\"https:\/\/revistacampus.uandes.cl\/2024\/wp-content\/uploads\/2024\/09\/La-escena-en-el-teatro-aureo-y-en-el-teatro-isabelino-Paula-Baldwin-657x1024.jpg 657w, https:\/\/revistacampus.uandes.cl\/2024\/wp-content\/uploads\/2024\/09\/La-escena-en-el-teatro-aureo-y-en-el-teatro-isabelino-Paula-Baldwin-192x300.jpg 192w, https:\/\/revistacampus.uandes.cl\/2024\/wp-content\/uploads\/2024\/09\/La-escena-en-el-teatro-aureo-y-en-el-teatro-isabelino-Paula-Baldwin-768x1197.jpg 768w, https:\/\/revistacampus.uandes.cl\/2024\/wp-content\/uploads\/2024\/09\/La-escena-en-el-teatro-aureo-y-en-el-teatro-isabelino-Paula-Baldwin-985x1536.jpg 985w, https:\/\/revistacampus.uandes.cl\/2024\/wp-content\/uploads\/2024\/09\/La-escena-en-el-teatro-aureo-y-en-el-teatro-isabelino-Paula-Baldwin.jpg 1283w\" sizes=\"(max-width: 657px) 100vw, 657px\" \/><\/figure>\n<\/div><\/div>\n<\/div>\n\n\n\n<div class=\"wp-block-group\"><div class=\"wp-block-group__inner-container is-layout-constrained wp-block-group-is-layout-constrained\">\n<div style=\"height:20px\" aria-hidden=\"true\" class=\"wp-block-spacer\"><\/div>\n\n\n\n<hr class=\"wp-block-separator has-text-color has-alpha-channel-opacity has-background\" style=\"background-color:#e00e17;color:#e00e17\"\/>\n\n\n\n<div style=\"height:20px\" aria-hidden=\"true\" class=\"wp-block-spacer\"><\/div>\n<\/div><\/div>\n\n\n\n<div class=\"wp-block-columns is-layout-flex wp-container-core-columns-is-layout-9d6595d7 wp-block-columns-is-layout-flex\">\n<div class=\"wp-block-column is-layout-flow wp-block-column-is-layout-flow\" style=\"flex-basis:33.33%\"><div class=\"wp-block-image\">\n<figure class=\"aligncenter size-large is-resized\"><img loading=\"lazy\" decoding=\"async\" width=\"960\" height=\"1024\" src=\"https:\/\/revistacampus.uandes.cl\/2024\/wp-content\/uploads\/2024\/09\/Revista-Trilce-Zenaida-Suarez-960x1024.jpg\" alt=\"\" class=\"wp-image-1620\" style=\"width:264px;height:auto\" srcset=\"https:\/\/revistacampus.uandes.cl\/2024\/wp-content\/uploads\/2024\/09\/Revista-Trilce-Zenaida-Suarez-960x1024.jpg 960w, https:\/\/revistacampus.uandes.cl\/2024\/wp-content\/uploads\/2024\/09\/Revista-Trilce-Zenaida-Suarez-281x300.jpg 281w, https:\/\/revistacampus.uandes.cl\/2024\/wp-content\/uploads\/2024\/09\/Revista-Trilce-Zenaida-Suarez-768x819.jpg 768w, https:\/\/revistacampus.uandes.cl\/2024\/wp-content\/uploads\/2024\/09\/Revista-Trilce-Zenaida-Suarez-1440x1536.jpg 1440w, https:\/\/revistacampus.uandes.cl\/2024\/wp-content\/uploads\/2024\/09\/Revista-Trilce-Zenaida-Suarez.jpg 1875w\" sizes=\"(max-width: 960px) 100vw, 960px\" \/><\/figure>\n<\/div><\/div>\n\n\n\n<div class=\"wp-block-column is-layout-flow wp-block-column-is-layout-flow\" style=\"flex-basis:66.66%\">\n<h2 class=\"wp-block-heading\"><strong>REVISTA TRILCE<\/strong><br><strong>Homenaje a Omar Lara<\/strong><\/h2>\n\n\n\n<p style=\"font-size:22px\"><sub><strong>Editores<\/strong>: Zenaida Su\u00e1rez, et al.<br><strong>Editorial<\/strong>: Af\u00f3tico<br><strong>P\u00e1ginas<\/strong>: 74<br><strong>A\u00f1o<\/strong>: 2022<\/sub><\/p>\n\n\n\n<p>Este monogr\u00e1fico rinde homenaje a Omar Lara, el creador de la revista <em>Trilce<\/em>, destacando su tenacidad en mantener la publicaci\u00f3n viva durante 58 a\u00f1os. <em>Trilce<\/em> ha tenido un alcance significativo en el mundo hisp\u00e1nico y ha sido un espacio prestigioso para poetas, cr\u00edticos y narradores, incluyendo figuras como Bertolt Brecht, Guillaume Apollinaire, Octavio Paz, Roberto Bola\u00f1o, Ra\u00fal Zurita y Pablo Neruda.<\/p>\n<\/div>\n<\/div>\n\n\n\n<div class=\"wp-block-group\"><div class=\"wp-block-group__inner-container is-layout-constrained wp-block-group-is-layout-constrained\">\n<div style=\"height:20px\" aria-hidden=\"true\" class=\"wp-block-spacer\"><\/div>\n\n\n\n<hr class=\"wp-block-separator has-text-color has-alpha-channel-opacity has-background\" style=\"background-color:#e00e17;color:#e00e17\"\/>\n\n\n\n<div style=\"height:20px\" aria-hidden=\"true\" class=\"wp-block-spacer\"><\/div>\n<\/div><\/div>\n\n\n\n<div class=\"wp-block-columns is-layout-flex wp-container-core-columns-is-layout-9d6595d7 wp-block-columns-is-layout-flex\">\n<div class=\"wp-block-column is-layout-flow wp-block-column-is-layout-flow\" style=\"flex-basis:66.66%\">\n<h2 class=\"wp-block-heading\"><strong>CREO Y PIENSO<\/strong><br><strong>La fuerza racional de la fe cristiana<\/strong><\/h2>\n\n\n\n<p style=\"font-size:22px\"><sub><strong>Autor<\/strong>: Joaqu\u00edn Garc\u00eda-Huidobro Correa<br><strong>Editorial<\/strong>: Tajamar<br><strong>P\u00e1ginas<\/strong>: 204<br><strong>A\u00f1o<\/strong>: 2024<\/sub><\/p>\n\n\n\n<p>Este libro est\u00e1 dirigido a creyentes, ateos y agn\u00f3sticos, y ofrece una exposici\u00f3n de los fundamentos racionales que sustentan la fe cristiana. Adem\u00e1s, explora la historia cultural del mundo, proporcionando un ant\u00eddoto contra el pesimismo que afecta a muchas personas hoy en d\u00eda. Los cap\u00edtulos est\u00e1n dise\u00f1ados para ser le\u00eddos en cualquier orden, lo que permite una lectura flexible y accesible.<\/p>\n<\/div>\n\n\n\n<div class=\"wp-block-column is-layout-flow wp-block-column-is-layout-flow\" style=\"flex-basis:33.33%\"><div class=\"wp-block-image\">\n<figure class=\"aligncenter size-large is-resized\"><img loading=\"lazy\" decoding=\"async\" width=\"668\" height=\"1024\" src=\"https:\/\/revistacampus.uandes.cl\/2024\/wp-content\/uploads\/2024\/09\/Creo-y-pienso-Joaquin-Garcia-Huidobro-668x1024.jpg\" alt=\"\" class=\"wp-image-1608\" style=\"aspect-ratio:0.6666666666666666;object-fit:cover;width:264px;height:auto\" srcset=\"https:\/\/revistacampus.uandes.cl\/2024\/wp-content\/uploads\/2024\/09\/Creo-y-pienso-Joaquin-Garcia-Huidobro-668x1024.jpg 668w, https:\/\/revistacampus.uandes.cl\/2024\/wp-content\/uploads\/2024\/09\/Creo-y-pienso-Joaquin-Garcia-Huidobro-196x300.jpg 196w, https:\/\/revistacampus.uandes.cl\/2024\/wp-content\/uploads\/2024\/09\/Creo-y-pienso-Joaquin-Garcia-Huidobro-768x1177.jpg 768w, https:\/\/revistacampus.uandes.cl\/2024\/wp-content\/uploads\/2024\/09\/Creo-y-pienso-Joaquin-Garcia-Huidobro-1002x1536.jpg 1002w, https:\/\/revistacampus.uandes.cl\/2024\/wp-content\/uploads\/2024\/09\/Creo-y-pienso-Joaquin-Garcia-Huidobro.jpg 1305w\" sizes=\"(max-width: 668px) 100vw, 668px\" \/><\/figure>\n<\/div><\/div>\n<\/div>\n\n\n\n<div class=\"wp-block-group\"><div class=\"wp-block-group__inner-container is-layout-constrained wp-block-group-is-layout-constrained\">\n<div style=\"height:20px\" aria-hidden=\"true\" class=\"wp-block-spacer\"><\/div>\n\n\n\n<hr class=\"wp-block-separator has-text-color has-alpha-channel-opacity has-background\" style=\"background-color:#e00e17;color:#e00e17\"\/>\n\n\n\n<div style=\"height:20px\" aria-hidden=\"true\" class=\"wp-block-spacer\"><\/div>\n<\/div><\/div>\n\n\n\n<div class=\"wp-block-columns is-layout-flex wp-container-core-columns-is-layout-9d6595d7 wp-block-columns-is-layout-flex\">\n<div class=\"wp-block-column is-layout-flow wp-block-column-is-layout-flow\" style=\"flex-basis:33.33%\"><div class=\"wp-block-image\">\n<figure class=\"aligncenter size-large is-resized\"><img loading=\"lazy\" decoding=\"async\" width=\"702\" height=\"1024\" src=\"https:\/\/revistacampus.uandes.cl\/2024\/wp-content\/uploads\/2024\/09\/Antropologia-y-afectividad-Alejandra-Fernandez-702x1024.jpg\" alt=\"\" class=\"wp-image-1650\" style=\"width:264px;height:auto\" srcset=\"https:\/\/revistacampus.uandes.cl\/2024\/wp-content\/uploads\/2024\/09\/Antropologia-y-afectividad-Alejandra-Fernandez-702x1024.jpg 702w, https:\/\/revistacampus.uandes.cl\/2024\/wp-content\/uploads\/2024\/09\/Antropologia-y-afectividad-Alejandra-Fernandez-206x300.jpg 206w, https:\/\/revistacampus.uandes.cl\/2024\/wp-content\/uploads\/2024\/09\/Antropologia-y-afectividad-Alejandra-Fernandez-768x1120.jpg 768w, https:\/\/revistacampus.uandes.cl\/2024\/wp-content\/uploads\/2024\/09\/Antropologia-y-afectividad-Alejandra-Fernandez-1054x1536.jpg 1054w, https:\/\/revistacampus.uandes.cl\/2024\/wp-content\/uploads\/2024\/09\/Antropologia-y-afectividad-Alejandra-Fernandez.jpg 1372w\" sizes=\"(max-width: 702px) 100vw, 702px\" \/><\/figure>\n<\/div><\/div>\n\n\n\n<div class=\"wp-block-column is-layout-flow wp-block-column-is-layout-flow\" style=\"flex-basis:66.66%\">\n<h2 class=\"wp-block-heading\"><strong>ANTROPOLOG\u00cdA Y AFECTIVIDAD Orientaciones para la educaci\u00f3n de la sexualidad y el amor humano<\/strong><\/h2>\n\n\n\n<p style=\"font-size:22px\"><sub><strong>Editora<\/strong>: Alejandra Fern\u00e1ndez Quiroga<br><strong>Editorial<\/strong>: Eunsa<br><strong>P\u00e1ginas<\/strong>: 330<br><strong>A\u00f1o<\/strong>: 2023<\/sub><\/p>\n\n\n\n<p>El amor no es cosa que se aprenda, \u00a1y sin embargo no hay nada que sea m\u00e1s necesario ense\u00f1ar! (San Juan Pablo II). Acogiendo este llamado, el libro invita a padres, educadores y profesores de religi\u00f3n a indagar en la verdad y belleza en torno a la sexualidad y el amor humano. Tomando en cuenta los cambios culturales, busca acompa\u00f1ar y guiar, a la luz del Magisterio de la Iglesia, a quienes tienen a su cargo la inmensa tarea de educar en el amor.<\/p>\n<\/div>\n<\/div>\n\n\n\n<div class=\"wp-block-group\"><div class=\"wp-block-group__inner-container is-layout-constrained wp-block-group-is-layout-constrained\">\n<div style=\"height:20px\" aria-hidden=\"true\" class=\"wp-block-spacer\"><\/div>\n\n\n\n<hr class=\"wp-block-separator has-text-color has-alpha-channel-opacity has-background\" style=\"background-color:#e00e17;color:#e00e17\"\/>\n\n\n\n<div style=\"height:20px\" aria-hidden=\"true\" class=\"wp-block-spacer\"><\/div>\n<\/div><\/div>\n\n\n\n<div class=\"wp-block-columns is-layout-flex wp-container-core-columns-is-layout-9d6595d7 wp-block-columns-is-layout-flex\">\n<div class=\"wp-block-column is-layout-flow wp-block-column-is-layout-flow\" style=\"flex-basis:66.66%\">\n<h2 class=\"wp-block-heading\"><strong>ARTESANOS DE LA HUMANIDAD<\/strong><br><strong>El profesor de Religi\u00f3n bajo las ense\u00f1anzas de Francisco<\/strong><\/h2>\n\n\n\n<p style=\"font-size:22px\"><sub><strong>Autores<\/strong>: Antonio Amado Fern\u00e1ndez y Alejandra Fern\u00e1ndez Quiroga<br><strong>Edici\u00f3n<\/strong>: Universidad de los Andes<br><strong>P\u00e1ginas<\/strong>: 112<br><strong>A\u00f1o<\/strong>: 2024<\/sub><\/p>\n\n\n\n<p>\u201cLa alegr\u00eda del Evangelio es \u00e9sta: somos amados por Dios con ternura y misericordia. Y estamos llamados a hacer resonar este anuncio gozoso en el mundo, testimoni\u00e1ndolo con nuestra vida, para que todos descubran la belleza del amor de Dios manifestado en Jes\u00fas\u201d (Papa Francisco). Acogiendo esta invitaci\u00f3n, el libro recoge diversas ense\u00f1anzas de Francisco, con el fin de acompa\u00f1ar, animar e iluminar a los profesores cristianos y a los docentes de religi\u00f3n en su tarea de transmitir la verdad del Evangelio.<\/p>\n<\/div>\n\n\n\n<div class=\"wp-block-column is-layout-flow wp-block-column-is-layout-flow\" style=\"flex-basis:33.33%\"><div class=\"wp-block-image\">\n<figure class=\"aligncenter size-large is-resized\"><img loading=\"lazy\" decoding=\"async\" width=\"636\" height=\"1024\" src=\"https:\/\/revistacampus.uandes.cl\/2024\/wp-content\/uploads\/2024\/09\/Artesanos-de-humanidad-Antonio-Amado-636x1024.jpg\" alt=\"\" class=\"wp-image-1656\" style=\"width:264px;height:auto\" srcset=\"https:\/\/revistacampus.uandes.cl\/2024\/wp-content\/uploads\/2024\/09\/Artesanos-de-humanidad-Antonio-Amado-636x1024.jpg 636w, https:\/\/revistacampus.uandes.cl\/2024\/wp-content\/uploads\/2024\/09\/Artesanos-de-humanidad-Antonio-Amado-186x300.jpg 186w, https:\/\/revistacampus.uandes.cl\/2024\/wp-content\/uploads\/2024\/09\/Artesanos-de-humanidad-Antonio-Amado-768x1236.jpg 768w, https:\/\/revistacampus.uandes.cl\/2024\/wp-content\/uploads\/2024\/09\/Artesanos-de-humanidad-Antonio-Amado-955x1536.jpg 955w, https:\/\/revistacampus.uandes.cl\/2024\/wp-content\/uploads\/2024\/09\/Artesanos-de-humanidad-Antonio-Amado.jpg 1243w\" sizes=\"(max-width: 636px) 100vw, 636px\" \/><\/figure>\n<\/div><\/div>\n<\/div>\n\n\n\n<div class=\"wp-block-group\"><div class=\"wp-block-group__inner-container is-layout-constrained wp-block-group-is-layout-constrained\">\n<div style=\"height:20px\" aria-hidden=\"true\" class=\"wp-block-spacer\"><\/div>\n\n\n\n<hr class=\"wp-block-separator has-text-color has-alpha-channel-opacity has-background\" style=\"background-color:#e00e17;color:#e00e17\"\/>\n\n\n\n<div style=\"height:20px\" aria-hidden=\"true\" class=\"wp-block-spacer\"><\/div>\n<\/div><\/div>\n\n\n\n<div class=\"wp-block-columns is-layout-flex wp-container-core-columns-is-layout-9d6595d7 wp-block-columns-is-layout-flex\">\n<div class=\"wp-block-column is-layout-flow wp-block-column-is-layout-flow\" style=\"flex-basis:33.33%\"><div class=\"wp-block-image\">\n<figure class=\"aligncenter size-large is-resized\"><img loading=\"lazy\" decoding=\"async\" width=\"718\" height=\"1024\" src=\"https:\/\/revistacampus.uandes.cl\/2024\/wp-content\/uploads\/2024\/09\/UANDES-en-el-Corazon-de-Jesus-Sebastian-Urruticoechea-718x1024.jpg\" alt=\"\" class=\"wp-image-1624\" style=\"width:264px;height:auto\" srcset=\"https:\/\/revistacampus.uandes.cl\/2024\/wp-content\/uploads\/2024\/09\/UANDES-en-el-Corazon-de-Jesus-Sebastian-Urruticoechea-718x1024.jpg 718w, https:\/\/revistacampus.uandes.cl\/2024\/wp-content\/uploads\/2024\/09\/UANDES-en-el-Corazon-de-Jesus-Sebastian-Urruticoechea-210x300.jpg 210w, https:\/\/revistacampus.uandes.cl\/2024\/wp-content\/uploads\/2024\/09\/UANDES-en-el-Corazon-de-Jesus-Sebastian-Urruticoechea-768x1095.jpg 768w, https:\/\/revistacampus.uandes.cl\/2024\/wp-content\/uploads\/2024\/09\/UANDES-en-el-Corazon-de-Jesus-Sebastian-Urruticoechea-1078x1536.jpg 1078w, https:\/\/revistacampus.uandes.cl\/2024\/wp-content\/uploads\/2024\/09\/UANDES-en-el-Corazon-de-Jesus-Sebastian-Urruticoechea.jpg 1403w\" sizes=\"(max-width: 718px) 100vw, 718px\" \/><\/figure>\n<\/div><\/div>\n\n\n\n<div class=\"wp-block-column is-layout-flow wp-block-column-is-layout-flow\" style=\"flex-basis:66.66%\">\n<h2 class=\"wp-block-heading\"><strong>UANDES, EN EL CORAZ\u00d3N DE JES\u00daS<\/strong><\/h2>\n\n\n\n<p style=\"font-size:22px\"><sub><strong>Editores<\/strong>: P. Sebasti\u00e1n Urruticoechea R\u00edos, et al.<br><strong>Edici\u00f3n<\/strong>: Universidad de los Andes<br><strong>P\u00e1ginas<\/strong>: 47<br><strong>A\u00f1o<\/strong>: 2024<\/sub><\/p>\n\n\n\n<p>Esta obra, editada junto con Mar\u00eda Luisa Lecaros, ofrece una invitaci\u00f3n diaria durante el mes del Sagrado Coraz\u00f3n a explorar los tesoros del Coraz\u00f3n de Jes\u00fas. Cada uno de sus tres cap\u00edtulos presenta un texto breve de la Sagrada Escritura seleccionado para el d\u00eda, una reflexi\u00f3n de un santo relacionado con el texto y una revelaci\u00f3n particular dirigida, generalmente, a Santa Margarita Mar\u00eda o a Santa Faustina.<\/p>\n<\/div>\n<\/div>\n\n\n\n<div class=\"wp-block-group\"><div class=\"wp-block-group__inner-container is-layout-constrained wp-block-group-is-layout-constrained\">\n<div style=\"height:20px\" aria-hidden=\"true\" class=\"wp-block-spacer\"><\/div>\n\n\n\n<hr class=\"wp-block-separator has-text-color has-alpha-channel-opacity has-background\" style=\"background-color:#e00e17;color:#e00e17\"\/>\n\n\n\n<div style=\"height:20px\" aria-hidden=\"true\" class=\"wp-block-spacer\"><\/div>\n<\/div><\/div>\n\n\n\n<h2 class=\"wp-block-heading has-text-align-center\"><strong>Nuestras Plumas<\/strong><\/h2>\n\n\n\n<div class=\"wp-block-columns is-layout-flex wp-container-core-columns-is-layout-9d6595d7 wp-block-columns-is-layout-flex\">\n<div class=\"wp-block-column is-layout-flow wp-block-column-is-layout-flow\">\n<div class=\"wp-block-buttons is-layout-flex wp-block-buttons-is-layout-flex\">\n<div class=\"wp-block-button has-custom-width wp-block-button__width-100\"><a class=\"wp-block-button__link has-white-color has-vivid-red-background-color has-text-color has-background has-link-color wp-element-button\" href=\"https:\/\/revistacampus.uandes.cl\/2024\/nuestras-plumas-derecho\/\" style=\"border-radius:0px\">Derecho<\/a><\/div>\n<\/div>\n<\/div>\n\n\n\n<div class=\"wp-block-column is-layout-flow wp-block-column-is-layout-flow\">\n<div class=\"wp-block-buttons is-layout-flex wp-block-buttons-is-layout-flex\">\n<div class=\"wp-block-button has-custom-width wp-block-button__width-100 is-style-fill\"><a class=\"wp-block-button__link has-white-color has-vivid-red-background-color has-text-color has-background has-link-color wp-element-button\" href=\"https:\/\/revistacampus.uandes.cl\/2024\/nuestras-plumas-filosofia\/\" style=\"border-radius:0px\">Filosof\u00eda<br><\/a><\/div>\n<\/div>\n<\/div>\n\n\n\n<div class=\"wp-block-column is-layout-flow wp-block-column-is-layout-flow\">\n<div class=\"wp-block-buttons is-layout-flex wp-block-buttons-is-layout-flex\">\n<div class=\"wp-block-button has-custom-width wp-block-button__width-100\"><a class=\"wp-block-button__link has-white-color has-vivid-red-background-color has-text-color has-background has-link-color wp-element-button\" href=\"https:\/\/revistacampus.uandes.cl\/2024\/nuestras-plumas-historia-economia\/\" style=\"border-radius:0px\">Historia y Econom\u00eda<\/a><\/div>\n<\/div>\n<\/div>\n\n\n\n<div class=\"wp-block-column is-layout-flow wp-block-column-is-layout-flow\">\n<div class=\"wp-block-buttons is-layout-flex wp-block-buttons-is-layout-flex\">\n<div class=\"wp-block-button has-custom-width wp-block-button__width-100\"><a class=\"wp-block-button__link has-white-color has-vivid-red-background-color has-text-color has-background has-link-color wp-element-button\" href=\"https:\/\/revistacampus.uandes.cl\/2024\/nuestras-plumas-sociedad-y-salud\/\" style=\"border-radius:0px\">Sociedad y Salud<\/a><\/div>\n<\/div>\n<\/div>\n<\/div>\n","protected":false},"excerpt":{"rendered":"<p>Presentamos los libros sobre Literatura y Fe publicados por acad\u00e9micos UANDES durante 2023 e inicios de 2024.<\/p>\n","protected":false},"author":3,"featured_media":2223,"comment_status":"open","ping_status":"open","sticky":false,"template":"","format":"standard","meta":{"footnotes":""},"categories":[7],"tags":[43],"class_list":["post-2191","post","type-post","status-publish","format-standard","has-post-thumbnail","hentry","category-investigacion","tag-nuestras-plumas"],"_links":{"self":[{"href":"https:\/\/revistacampus.uandes.cl\/2024\/wp-json\/wp\/v2\/posts\/2191","targetHints":{"allow":["GET"]}}],"collection":[{"href":"https:\/\/revistacampus.uandes.cl\/2024\/wp-json\/wp\/v2\/posts"}],"about":[{"href":"https:\/\/revistacampus.uandes.cl\/2024\/wp-json\/wp\/v2\/types\/post"}],"author":[{"embeddable":true,"href":"https:\/\/revistacampus.uandes.cl\/2024\/wp-json\/wp\/v2\/users\/3"}],"replies":[{"embeddable":true,"href":"https:\/\/revistacampus.uandes.cl\/2024\/wp-json\/wp\/v2\/comments?post=2191"}],"version-history":[{"count":8,"href":"https:\/\/revistacampus.uandes.cl\/2024\/wp-json\/wp\/v2\/posts\/2191\/revisions"}],"predecessor-version":[{"id":2237,"href":"https:\/\/revistacampus.uandes.cl\/2024\/wp-json\/wp\/v2\/posts\/2191\/revisions\/2237"}],"wp:featuredmedia":[{"embeddable":true,"href":"https:\/\/revistacampus.uandes.cl\/2024\/wp-json\/wp\/v2\/media\/2223"}],"wp:attachment":[{"href":"https:\/\/revistacampus.uandes.cl\/2024\/wp-json\/wp\/v2\/media?parent=2191"}],"wp:term":[{"taxonomy":"category","embeddable":true,"href":"https:\/\/revistacampus.uandes.cl\/2024\/wp-json\/wp\/v2\/categories?post=2191"},{"taxonomy":"post_tag","embeddable":true,"href":"https:\/\/revistacampus.uandes.cl\/2024\/wp-json\/wp\/v2\/tags?post=2191"}],"curies":[{"name":"wp","href":"https:\/\/api.w.org\/{rel}","templated":true}]}}