{"id":2189,"date":"2024-08-03T08:26:00","date_gmt":"2024-08-03T11:26:00","guid":{"rendered":"https:\/\/revistacampus.uandes.cl\/2024\/?p=2189"},"modified":"2024-10-21T13:26:34","modified_gmt":"2024-10-21T16:26:34","slug":"nuestras-plumas-historia-economia","status":"publish","type":"post","link":"https:\/\/revistacampus.uandes.cl\/2024\/nuestras-plumas-historia-economia\/","title":{"rendered":"Historia y Econom\u00eda"},"content":{"rendered":"\n<div style=\"height:100px\" aria-hidden=\"true\" class=\"wp-block-spacer\"><\/div>\n\n\n\n<div class=\"wp-block-columns is-layout-flex wp-container-core-columns-is-layout-9d6595d7 wp-block-columns-is-layout-flex\">\n<div class=\"wp-block-column is-layout-flow wp-block-column-is-layout-flow\" style=\"flex-basis:33.33%\"><div class=\"wp-block-image\">\n<figure class=\"aligncenter size-large is-resized\"><img fetchpriority=\"high\" decoding=\"async\" width=\"703\" height=\"1024\" src=\"https:\/\/revistacampus.uandes.cl\/2024\/wp-content\/uploads\/2024\/09\/Universidad-de-los-Andes-25-anos-Enrique-Brahm-1-703x1024.jpg\" alt=\"\" class=\"wp-image-1575\" style=\"aspect-ratio:0.6666666666666666;object-fit:cover;width:277px;height:auto\" srcset=\"https:\/\/revistacampus.uandes.cl\/2024\/wp-content\/uploads\/2024\/09\/Universidad-de-los-Andes-25-anos-Enrique-Brahm-1-703x1024.jpg 703w, https:\/\/revistacampus.uandes.cl\/2024\/wp-content\/uploads\/2024\/09\/Universidad-de-los-Andes-25-anos-Enrique-Brahm-1-206x300.jpg 206w, https:\/\/revistacampus.uandes.cl\/2024\/wp-content\/uploads\/2024\/09\/Universidad-de-los-Andes-25-anos-Enrique-Brahm-1-768x1119.jpg 768w, https:\/\/revistacampus.uandes.cl\/2024\/wp-content\/uploads\/2024\/09\/Universidad-de-los-Andes-25-anos-Enrique-Brahm-1-1054x1536.jpg 1054w, https:\/\/revistacampus.uandes.cl\/2024\/wp-content\/uploads\/2024\/09\/Universidad-de-los-Andes-25-anos-Enrique-Brahm-1.jpg 1373w\" sizes=\"(max-width: 703px) 100vw, 703px\" \/><\/figure>\n<\/div><\/div>\n\n\n\n<div class=\"wp-block-column is-layout-flow wp-block-column-is-layout-flow\" style=\"flex-basis:66.66%\">\n<h2 class=\"wp-block-heading\"><strong>UNIVERSIDAD DE LOS ANDES, 25 A\u00d1OS DE HISTORIA<\/strong><\/h2>\n\n\n\n<p style=\"font-size:22px\"><sub><strong>Autor<\/strong>: Enrique Brahm Garc\u00eda<br><strong>Edici\u00f3n<\/strong>: Universidad de los Andes<br><strong>P\u00e1ginas<\/strong>: 215<br><strong>A\u00f1o<\/strong>: 2023<\/sub><\/p>\n\n\n\n<p>En apretada s\u00edntesis, traza la historia del primer cuarto de siglo de la UANDES (1989-2014), desde el primer curso de Derecho que inici\u00f3 sus clases en la sede de Bustamante 86, hasta la toma de posesi\u00f3n del profesor Jos\u00e9 Antonio Guzm\u00e1n como Rector. En ese per\u00edodo, la universidad experiment\u00f3 una notable expansi\u00f3n: la primera sede dio paso al campus San Carlos de Apoquindo, se puso en marcha la cl\u00ednica universitaria, y la comunidad alumni super\u00f3 los 10.000 miembros.<\/p>\n<\/div>\n<\/div>\n\n\n\n<div class=\"wp-block-group\"><div class=\"wp-block-group__inner-container is-layout-constrained wp-block-group-is-layout-constrained\">\n<div style=\"height:20px\" aria-hidden=\"true\" class=\"wp-block-spacer\"><\/div>\n\n\n\n<hr class=\"wp-block-separator has-text-color has-alpha-channel-opacity has-background\" style=\"background-color:#e00e17;color:#e00e17\"\/>\n\n\n\n<div style=\"height:20px\" aria-hidden=\"true\" class=\"wp-block-spacer\"><\/div>\n<\/div><\/div>\n\n\n\n<div class=\"wp-block-columns is-layout-flex wp-container-core-columns-is-layout-9d6595d7 wp-block-columns-is-layout-flex\">\n<div class=\"wp-block-column is-layout-flow wp-block-column-is-layout-flow\" style=\"flex-basis:66.66%\">\n<h2 class=\"wp-block-heading\"><strong>MIGRACI\u00d3N: Desaf\u00edos y oportunidades en Am\u00e9rica Latina<\/strong><\/h2>\n\n\n\n<p style=\"font-size:22px\"><sub><strong>Autor<\/strong>: Pedro Iacobelli Delpiano, et al.<br><strong>Editorial<\/strong>: Ediciones Uniandes<br><strong>P\u00e1ginas<\/strong>: 157<br><strong>A\u00f1o<\/strong>: 2024<\/sub><\/p>\n\n\n\n<p>Desde una perspectiva que considera a los migrantes como una parte sustancial de las sociedades, esta edici\u00f3n acad\u00e9mica, realizada junto con Eduardo Gonz\u00e1lez y Luis S\u00e1nchez, destaca las din\u00e1micas de inclusi\u00f3n y exclusi\u00f3n, as\u00ed como las dificultades derivadas de pol\u00edticas o culturas excluyentes. El libro se enfoca en el asentamiento como un desaf\u00edo cada vez m\u00e1s complejo y ampl\u00eda la perspectiva de integraci\u00f3n, para comprender las migraciones en su diversidad, dimensiones y conexiones transnacionales.<\/p>\n<\/div>\n\n\n\n<div class=\"wp-block-column is-layout-flow wp-block-column-is-layout-flow\" style=\"flex-basis:33.33%\"><div class=\"wp-block-image\">\n<figure class=\"aligncenter size-large is-resized\"><img decoding=\"async\" width=\"694\" height=\"1024\" src=\"https:\/\/revistacampus.uandes.cl\/2024\/wp-content\/uploads\/2024\/09\/migracion-694x1024.jpg\" alt=\"\" class=\"wp-image-1580\" style=\"aspect-ratio:0.6666666666666666;object-fit:cover;width:277px;height:auto\" srcset=\"https:\/\/revistacampus.uandes.cl\/2024\/wp-content\/uploads\/2024\/09\/migracion-694x1024.jpg 694w, https:\/\/revistacampus.uandes.cl\/2024\/wp-content\/uploads\/2024\/09\/migracion-203x300.jpg 203w, https:\/\/revistacampus.uandes.cl\/2024\/wp-content\/uploads\/2024\/09\/migracion-768x1133.jpg 768w, https:\/\/revistacampus.uandes.cl\/2024\/wp-content\/uploads\/2024\/09\/migracion-1041x1536.jpg 1041w, https:\/\/revistacampus.uandes.cl\/2024\/wp-content\/uploads\/2024\/09\/migracion.jpg 1356w\" sizes=\"(max-width: 694px) 100vw, 694px\" \/><\/figure>\n<\/div><\/div>\n<\/div>\n\n\n\n<div class=\"wp-block-group\"><div class=\"wp-block-group__inner-container is-layout-constrained wp-block-group-is-layout-constrained\">\n<div style=\"height:20px\" aria-hidden=\"true\" class=\"wp-block-spacer\"><\/div>\n\n\n\n<hr class=\"wp-block-separator has-text-color has-alpha-channel-opacity has-background\" style=\"background-color:#e00e17;color:#e00e17\"\/>\n\n\n\n<div style=\"height:20px\" aria-hidden=\"true\" class=\"wp-block-spacer\"><\/div>\n<\/div><\/div>\n\n\n\n<div class=\"wp-block-columns is-layout-flex wp-container-core-columns-is-layout-9d6595d7 wp-block-columns-is-layout-flex\">\n<div class=\"wp-block-column is-layout-flow wp-block-column-is-layout-flow\" style=\"flex-basis:33.33%\"><div class=\"wp-block-image\">\n<figure class=\"aligncenter size-large is-resized\"><img decoding=\"async\" width=\"682\" height=\"1024\" src=\"https:\/\/revistacampus.uandes.cl\/2024\/wp-content\/uploads\/2024\/09\/Regimenes-politicos-en-america-del-sur-Macarena-Cordero-682x1024.jpg\" alt=\"\" class=\"wp-image-1587\" style=\"aspect-ratio:0.6666666666666666;object-fit:cover;width:264px;height:auto\" srcset=\"https:\/\/revistacampus.uandes.cl\/2024\/wp-content\/uploads\/2024\/09\/Regimenes-politicos-en-america-del-sur-Macarena-Cordero-682x1024.jpg 682w, https:\/\/revistacampus.uandes.cl\/2024\/wp-content\/uploads\/2024\/09\/Regimenes-politicos-en-america-del-sur-Macarena-Cordero-200x300.jpg 200w, https:\/\/revistacampus.uandes.cl\/2024\/wp-content\/uploads\/2024\/09\/Regimenes-politicos-en-america-del-sur-Macarena-Cordero-768x1152.jpg 768w, https:\/\/revistacampus.uandes.cl\/2024\/wp-content\/uploads\/2024\/09\/Regimenes-politicos-en-america-del-sur-Macarena-Cordero-1024x1536.jpg 1024w, https:\/\/revistacampus.uandes.cl\/2024\/wp-content\/uploads\/2024\/09\/Regimenes-politicos-en-america-del-sur-Macarena-Cordero.jpg 1333w\" sizes=\"(max-width: 682px) 100vw, 682px\" \/><\/figure>\n<\/div><\/div>\n\n\n\n<div class=\"wp-block-column is-layout-flow wp-block-column-is-layout-flow\" style=\"flex-basis:66.66%\">\n<h2 class=\"wp-block-heading\"><strong>REG\u00cdMENES POL\u00cdTICOS EN AM\u00c9RICA DEL SUR (1955-1975)<\/strong><\/h2>\n\n\n\n<p style=\"font-size:22px\"><sub><strong>Autores<\/strong>: Macarena Cordero Fern\u00e1ndez, et al.<br><strong>Editorial<\/strong>: Editorial UPN<br><strong>P\u00e1ginas<\/strong>: 242<br><strong>A\u00f1o<\/strong>: 2023<\/sub><\/p>\n\n\n\n<p>Este libro, resultado de investigaciones de Macarena Cordero, Mart\u00edn Marim\u00f3n y Adolfo Le\u00f3n Atehortua, analiza los tipos de gobierno en Am\u00e9rica del Sur desde finales de los a\u00f1os 50 hasta los a\u00f1os 70. Se enfoca en tres agrupaciones: 1) Democracias restringidas, que abordan los casos de Colombia, Venezuela y Uruguay; 2) Democracia en Chile, especialmente en el contexto de la Unidad Popular; y 3) Las dictaduras del Cono Sur, con \u00e9nfasis en Argentina y Chile.<\/p>\n<\/div>\n<\/div>\n\n\n\n<div class=\"wp-block-group\"><div class=\"wp-block-group__inner-container is-layout-constrained wp-block-group-is-layout-constrained\">\n<div style=\"height:20px\" aria-hidden=\"true\" class=\"wp-block-spacer\"><\/div>\n\n\n\n<hr class=\"wp-block-separator has-text-color has-alpha-channel-opacity has-background\" style=\"background-color:#e00e17;color:#e00e17\"\/>\n\n\n\n<div style=\"height:20px\" aria-hidden=\"true\" class=\"wp-block-spacer\"><\/div>\n<\/div><\/div>\n\n\n\n<div class=\"wp-block-columns is-layout-flex wp-container-core-columns-is-layout-9d6595d7 wp-block-columns-is-layout-flex\">\n<div class=\"wp-block-column is-layout-flow wp-block-column-is-layout-flow\" style=\"flex-basis:66.66%\">\n<h2 class=\"wp-block-heading\"><strong>DE CARA A ASIA: Pautas en la relaci\u00f3n chilena con Jap\u00f3n y China, 1880-1940<\/strong><\/h2>\n\n\n\n<p style=\"font-size:22px\"><sub><strong>Autor<\/strong>: Pedro Iacobelli Delpiano<br><strong>Editorial<\/strong>: Centro de Investigaciones Barros Arana<br><strong>P\u00e1ginas<\/strong>: 130<br><strong>A\u00f1o<\/strong>: 2024<\/sub><\/p>\n\n\n\n<p>Este ensayo se propone enriquecer la comprensi\u00f3n de las relaciones entre Chile y Asia oriental, enfoc\u00e1ndose en el per\u00edodo de mayor interacci\u00f3n entre 1880 y 1940. Examina c\u00f3mo se difundieron los conocimientos entre estas regiones, establece bases para una mejor comprensi\u00f3n de esta historia intercultural y promueve nuevos enfoques que desaf\u00edan las representaciones tradicionales de Asia en Chile y Am\u00e9rica Latina. El autor explora tres \u00e1mbitos clave: el turismo cosmopolita, el comercio, y la percepci\u00f3n popular influenciada por la prensa.<\/p>\n<\/div>\n\n\n\n<div class=\"wp-block-column is-layout-flow wp-block-column-is-layout-flow\" style=\"flex-basis:33.33%\"><div class=\"wp-block-image\">\n<figure class=\"aligncenter size-large is-resized\"><img loading=\"lazy\" decoding=\"async\" width=\"663\" height=\"1024\" src=\"https:\/\/revistacampus.uandes.cl\/2024\/wp-content\/uploads\/2024\/09\/De-cara-a-Asia-Pedro-Iacobelli-663x1024.jpg\" alt=\"\" class=\"wp-image-1602\" style=\"aspect-ratio:0.6666666666666666;object-fit:cover;width:264px;height:auto\" srcset=\"https:\/\/revistacampus.uandes.cl\/2024\/wp-content\/uploads\/2024\/09\/De-cara-a-Asia-Pedro-Iacobelli-663x1024.jpg 663w, https:\/\/revistacampus.uandes.cl\/2024\/wp-content\/uploads\/2024\/09\/De-cara-a-Asia-Pedro-Iacobelli-194x300.jpg 194w, https:\/\/revistacampus.uandes.cl\/2024\/wp-content\/uploads\/2024\/09\/De-cara-a-Asia-Pedro-Iacobelli-768x1187.jpg 768w, https:\/\/revistacampus.uandes.cl\/2024\/wp-content\/uploads\/2024\/09\/De-cara-a-Asia-Pedro-Iacobelli-994x1536.jpg 994w, https:\/\/revistacampus.uandes.cl\/2024\/wp-content\/uploads\/2024\/09\/De-cara-a-Asia-Pedro-Iacobelli.jpg 1294w\" sizes=\"(max-width: 663px) 100vw, 663px\" \/><\/figure>\n<\/div><\/div>\n<\/div>\n\n\n\n<div class=\"wp-block-group\"><div class=\"wp-block-group__inner-container is-layout-constrained wp-block-group-is-layout-constrained\">\n<div style=\"height:20px\" aria-hidden=\"true\" class=\"wp-block-spacer\"><\/div>\n\n\n\n<hr class=\"wp-block-separator has-text-color has-alpha-channel-opacity has-background\" style=\"background-color:#e00e17;color:#e00e17\"\/>\n\n\n\n<div style=\"height:20px\" aria-hidden=\"true\" class=\"wp-block-spacer\"><\/div>\n<\/div><\/div>\n\n\n\n<div class=\"wp-block-columns is-layout-flex wp-container-core-columns-is-layout-9d6595d7 wp-block-columns-is-layout-flex\">\n<div class=\"wp-block-column is-layout-flow wp-block-column-is-layout-flow\" style=\"flex-basis:33.33%\"><div class=\"wp-block-image\">\n<figure class=\"aligncenter size-large is-resized\"><img loading=\"lazy\" decoding=\"async\" width=\"609\" height=\"1024\" src=\"https:\/\/revistacampus.uandes.cl\/2024\/wp-content\/uploads\/2024\/09\/Registros-fuentes-y-archivos-eclesiasticos-M-Cordeo-y-A-de-la-Taille1-1-609x1024.jpg\" alt=\"\" class=\"wp-image-1592\" style=\"aspect-ratio:0.6666666666666666;object-fit:cover;width:264px;height:auto\" srcset=\"https:\/\/revistacampus.uandes.cl\/2024\/wp-content\/uploads\/2024\/09\/Registros-fuentes-y-archivos-eclesiasticos-M-Cordeo-y-A-de-la-Taille1-1-609x1024.jpg 609w, https:\/\/revistacampus.uandes.cl\/2024\/wp-content\/uploads\/2024\/09\/Registros-fuentes-y-archivos-eclesiasticos-M-Cordeo-y-A-de-la-Taille1-1-178x300.jpg 178w, https:\/\/revistacampus.uandes.cl\/2024\/wp-content\/uploads\/2024\/09\/Registros-fuentes-y-archivos-eclesiasticos-M-Cordeo-y-A-de-la-Taille1-1-768x1292.jpg 768w, https:\/\/revistacampus.uandes.cl\/2024\/wp-content\/uploads\/2024\/09\/Registros-fuentes-y-archivos-eclesiasticos-M-Cordeo-y-A-de-la-Taille1-1-913x1536.jpg 913w, https:\/\/revistacampus.uandes.cl\/2024\/wp-content\/uploads\/2024\/09\/Registros-fuentes-y-archivos-eclesiasticos-M-Cordeo-y-A-de-la-Taille1-1.jpg 1189w\" sizes=\"(max-width: 609px) 100vw, 609px\" \/><\/figure>\n<\/div><\/div>\n\n\n\n<div class=\"wp-block-column is-layout-flow wp-block-column-is-layout-flow\" style=\"flex-basis:66.66%\">\n<h2 class=\"wp-block-heading\"><strong>REGISTROS, FUENTES Y ARCHIVOS ECLESI\u00c1STICOS PARA LA ESCRITURA DE LA HISTORIA<\/strong><\/h2>\n\n\n\n<p style=\"font-size:22px\"><sub><strong>Editoras<\/strong>: Macarena Cordero Fern\u00e1ndez y Alexandrine de La Taille-Tr\u00e9tinville U.<br><strong>Editorial<\/strong>: Cuarto Propio<br><strong>P\u00e1ginas<\/strong>: 400<br><strong>A\u00f1o<\/strong>: 2023<\/sub><\/p>\n\n\n\n<p>Este libro destaca la importancia de los diversos registros conservados en archivos, como documentos, elementos sonoros, objetos e im\u00e1genes, que constituyen la memoria de la humanidad. Es una obra colectiva que revisa diferentes registros eclesi\u00e1sticos, permitiendo visualizar la confluencia de la historia de la Iglesia con otras l\u00edneas de investigaci\u00f3n, como la historia social, cultural o de las mujeres, entre otras.<\/p>\n<\/div>\n<\/div>\n\n\n\n<div class=\"wp-block-group\"><div class=\"wp-block-group__inner-container is-layout-constrained wp-block-group-is-layout-constrained\">\n<div style=\"height:20px\" aria-hidden=\"true\" class=\"wp-block-spacer\"><\/div>\n\n\n\n<hr class=\"wp-block-separator has-text-color has-alpha-channel-opacity has-background\" style=\"background-color:#e00e17;color:#e00e17\"\/>\n\n\n\n<div style=\"height:20px\" aria-hidden=\"true\" class=\"wp-block-spacer\"><\/div>\n<\/div><\/div>\n\n\n\n<div class=\"wp-block-columns is-layout-flex wp-container-core-columns-is-layout-9d6595d7 wp-block-columns-is-layout-flex\">\n<div class=\"wp-block-column is-layout-flow wp-block-column-is-layout-flow\" style=\"flex-basis:66.66%\">\n<h2 class=\"wp-block-heading\"><strong>THE JAPANESE EMPIRE AND LATIN AMERICA<\/strong><\/h2>\n\n\n\n<p style=\"font-size:22px\"><sub><strong>Editores<\/strong>: Pedro Iacobelli Delpiano, et al.<br><strong>Editorial<\/strong>: The University of Hawaii Press<br><strong>P\u00e1ginas<\/strong>: 318<br><strong>A\u00f1o<\/strong>: 2023<\/sub><\/p>\n\n\n\n<p>Esta colecci\u00f3n de ensayos, editada junto con Sidney Xu Lu, examina la influencia del Imperio de Jap\u00f3n en Am\u00e9rica Latina a trav\u00e9s de diversas iniciativas migratorias, culturales, diplom\u00e1ticas y econ\u00f3micas. El libro analiza c\u00f3mo Jap\u00f3n impact\u00f3 las sociedades latinoamericanas y explora el papel de Am\u00e9rica Latina en la expansi\u00f3n japonesa. Al abordar perspectivas transpac\u00edficas, ofrece una nueva visi\u00f3n sobre la importancia global del colonialismo y expansionismo de Jap\u00f3n.<\/p>\n<\/div>\n\n\n\n<div class=\"wp-block-column is-layout-flow wp-block-column-is-layout-flow\" style=\"flex-basis:33.33%\"><div class=\"wp-block-image\">\n<figure class=\"aligncenter size-large is-resized\"><img loading=\"lazy\" decoding=\"async\" width=\"683\" height=\"1024\" src=\"https:\/\/revistacampus.uandes.cl\/2024\/wp-content\/uploads\/2024\/09\/The-japanese-empire-and-latin-america-Pedro-Iacobelli-683x1024.jpg\" alt=\"\" class=\"wp-image-1594\" style=\"aspect-ratio:0.6666666666666666;object-fit:cover;width:264px;height:auto\" srcset=\"https:\/\/revistacampus.uandes.cl\/2024\/wp-content\/uploads\/2024\/09\/The-japanese-empire-and-latin-america-Pedro-Iacobelli-683x1024.jpg 683w, https:\/\/revistacampus.uandes.cl\/2024\/wp-content\/uploads\/2024\/09\/The-japanese-empire-and-latin-america-Pedro-Iacobelli-200x300.jpg 200w, https:\/\/revistacampus.uandes.cl\/2024\/wp-content\/uploads\/2024\/09\/The-japanese-empire-and-latin-america-Pedro-Iacobelli-768x1151.jpg 768w, https:\/\/revistacampus.uandes.cl\/2024\/wp-content\/uploads\/2024\/09\/The-japanese-empire-and-latin-america-Pedro-Iacobelli-1025x1536.jpg 1025w, https:\/\/revistacampus.uandes.cl\/2024\/wp-content\/uploads\/2024\/09\/The-japanese-empire-and-latin-america-Pedro-Iacobelli.jpg 1334w\" sizes=\"(max-width: 683px) 100vw, 683px\" \/><\/figure>\n<\/div><\/div>\n<\/div>\n\n\n\n<div class=\"wp-block-group\"><div class=\"wp-block-group__inner-container is-layout-constrained wp-block-group-is-layout-constrained\">\n<div style=\"height:20px\" aria-hidden=\"true\" class=\"wp-block-spacer\"><\/div>\n\n\n\n<hr class=\"wp-block-separator has-text-color has-alpha-channel-opacity has-background\" style=\"background-color:#e00e17;color:#e00e17\"\/>\n\n\n\n<div style=\"height:20px\" aria-hidden=\"true\" class=\"wp-block-spacer\"><\/div>\n<\/div><\/div>\n\n\n\n<div class=\"wp-block-columns is-layout-flex wp-container-core-columns-is-layout-9d6595d7 wp-block-columns-is-layout-flex\">\n<div class=\"wp-block-column is-layout-flow wp-block-column-is-layout-flow\" style=\"flex-basis:33.33%\"><div class=\"wp-block-image\">\n<figure class=\"aligncenter size-large is-resized\"><img loading=\"lazy\" decoding=\"async\" width=\"1024\" height=\"989\" src=\"https:\/\/revistacampus.uandes.cl\/2024\/wp-content\/uploads\/2024\/09\/para-una-historia-de-la-urbanidad-1-1024x989.jpg\" alt=\"\" class=\"wp-image-1589\" style=\"aspect-ratio:1;object-fit:cover;width:264px;height:auto\" srcset=\"https:\/\/revistacampus.uandes.cl\/2024\/wp-content\/uploads\/2024\/09\/para-una-historia-de-la-urbanidad-1-1024x989.jpg 1024w, https:\/\/revistacampus.uandes.cl\/2024\/wp-content\/uploads\/2024\/09\/para-una-historia-de-la-urbanidad-1-300x290.jpg 300w, https:\/\/revistacampus.uandes.cl\/2024\/wp-content\/uploads\/2024\/09\/para-una-historia-de-la-urbanidad-1-768x742.jpg 768w, https:\/\/revistacampus.uandes.cl\/2024\/wp-content\/uploads\/2024\/09\/para-una-historia-de-la-urbanidad-1-1536x1483.jpg 1536w, https:\/\/revistacampus.uandes.cl\/2024\/wp-content\/uploads\/2024\/09\/para-una-historia-de-la-urbanidad-1.jpg 2000w\" sizes=\"(max-width: 1024px) 100vw, 1024px\" \/><\/figure>\n<\/div><\/div>\n\n\n\n<div class=\"wp-block-column is-layout-flow wp-block-column-is-layout-flow\" style=\"flex-basis:66.66%\">\n<h2 class=\"wp-block-heading\"><strong>PARA UNA HISTORIA DE LA URBANIDAD<br>El \u2018Manual de Carre\u00f1o\u2019 americano en Chile del siglo XIX<\/strong><\/h2>\n\n\n\n<p style=\"font-size:22px\"><sub><strong>Autores<\/strong>: Raquel Soaje E. y Manuel Salas F.<br><strong>Editorial<\/strong>: Edifyl, Universidad Nacional de Cuyo<br><strong>P\u00e1ginas<\/strong>: 155<br><strong>A\u00f1o<\/strong>: 2023<\/sub><\/p>\n\n\n\n<p>Este libro analiza la importancia del &#8220;Manual de Carre\u00f1o&#8221; en Chile durante el siglo XIX, explorando c\u00f3mo influy\u00f3 en los modos de comportamiento y las reglas de autocontrol desde la antig\u00fcedad hasta ese siglo en el contexto americano, con un enfoque particular en Chile. La urbanidad fue un aspecto fundamental del curr\u00edculum escolar, esencial para la educaci\u00f3n del &#8220;nuevo soberano&#8221;, objetivo central del &#8220;Estado docente&#8221;.<\/p>\n<\/div>\n<\/div>\n\n\n\n<div class=\"wp-block-group\"><div class=\"wp-block-group__inner-container is-layout-constrained wp-block-group-is-layout-constrained\">\n<div style=\"height:20px\" aria-hidden=\"true\" class=\"wp-block-spacer\"><\/div>\n\n\n\n<hr class=\"wp-block-separator has-text-color has-alpha-channel-opacity has-background\" style=\"background-color:#e00e17;color:#e00e17\"\/>\n\n\n\n<div style=\"height:20px\" aria-hidden=\"true\" class=\"wp-block-spacer\"><\/div>\n<\/div><\/div>\n\n\n\n<div class=\"wp-block-columns is-layout-flex wp-container-core-columns-is-layout-9d6595d7 wp-block-columns-is-layout-flex\">\n<div class=\"wp-block-column is-layout-flow wp-block-column-is-layout-flow\" style=\"flex-basis:66.66%\">\n<h2 class=\"wp-block-heading\"><strong>EMPRESAS FAMILIARES<br>Reflexiones inspiradoras que mueven a la acci\u00f3n a empresarios y sus familias<\/strong><\/h2>\n\n\n\n<p style=\"font-size:22px\"><sub><strong>Autor<\/strong>: Jon Mart\u00ednez Echez\u00e1rraga<br><strong>Editorial<\/strong>: Ediciones de la U<br><strong>P\u00e1ginas<\/strong>: 232<br><strong>A\u00f1o<\/strong>: 2023<\/sub><\/p>\n\n\n\n<p>El autor construye una serie de reflexiones inspiradoras que mueven a la acci\u00f3n y aportan al criterio y formaci\u00f3n de cada lector, que puede ser empresario, due\u00f1o o socio de una empresa familiar. Mediante una serie de preguntas, sirve para cuestionarse y planear su ruta al \u00e9xito, porque adem\u00e1s del balance entre familia y empresa, se viven otras situaciones que requieren atenci\u00f3n, como brechas generacionales, organizaci\u00f3n de directivos, consejo familiar, propiedad y herencia.<img loading=\"lazy\" decoding=\"async\" width=\"15\" height=\"15\" class=\"wp-image-402\" style=\"width: 15px;\" src=\"https:\/\/revistacampus.uandes.cl\/2024\/wp-content\/uploads\/2024\/08\/VE-POR-MAS.png\" alt=\"\" srcset=\"https:\/\/revistacampus.uandes.cl\/2024\/wp-content\/uploads\/2024\/08\/VE-POR-MAS.png 250w, https:\/\/revistacampus.uandes.cl\/2024\/wp-content\/uploads\/2024\/08\/VE-POR-MAS-150x150.png 150w\" sizes=\"(max-width: 15px) 100vw, 15px\" \/><\/p>\n<\/div>\n\n\n\n<div class=\"wp-block-column is-layout-flow wp-block-column-is-layout-flow\" style=\"flex-basis:33.33%\"><div class=\"wp-block-image\">\n<figure class=\"aligncenter size-large is-resized\"><img loading=\"lazy\" decoding=\"async\" width=\"716\" height=\"1024\" src=\"https:\/\/revistacampus.uandes.cl\/2024\/wp-content\/uploads\/2024\/09\/Empresas-familiares-Jon-Martinez-716x1024.jpg\" alt=\"\" class=\"wp-image-1660\" style=\"width:264px;height:auto\" srcset=\"https:\/\/revistacampus.uandes.cl\/2024\/wp-content\/uploads\/2024\/09\/Empresas-familiares-Jon-Martinez-716x1024.jpg 716w, https:\/\/revistacampus.uandes.cl\/2024\/wp-content\/uploads\/2024\/09\/Empresas-familiares-Jon-Martinez-210x300.jpg 210w, https:\/\/revistacampus.uandes.cl\/2024\/wp-content\/uploads\/2024\/09\/Empresas-familiares-Jon-Martinez-768x1098.jpg 768w, https:\/\/revistacampus.uandes.cl\/2024\/wp-content\/uploads\/2024\/09\/Empresas-familiares-Jon-Martinez-1074x1536.jpg 1074w, https:\/\/revistacampus.uandes.cl\/2024\/wp-content\/uploads\/2024\/09\/Empresas-familiares-Jon-Martinez.jpg 1399w\" sizes=\"(max-width: 716px) 100vw, 716px\" \/><\/figure>\n<\/div><\/div>\n<\/div>\n\n\n\n<div class=\"wp-block-group\"><div class=\"wp-block-group__inner-container is-layout-constrained wp-block-group-is-layout-constrained\">\n<div style=\"height:20px\" aria-hidden=\"true\" class=\"wp-block-spacer\"><\/div>\n\n\n\n<hr class=\"wp-block-separator has-text-color has-alpha-channel-opacity has-background\" style=\"background-color:#e00e17;color:#e00e17\"\/>\n\n\n\n<div style=\"height:20px\" aria-hidden=\"true\" class=\"wp-block-spacer\"><\/div>\n<\/div><\/div>\n\n\n\n<div class=\"wp-block-columns is-layout-flex wp-container-core-columns-is-layout-9d6595d7 wp-block-columns-is-layout-flex\">\n<div class=\"wp-block-column is-layout-flow wp-block-column-is-layout-flow\" style=\"flex-basis:33.33%\"><div class=\"wp-block-image\">\n<figure class=\"aligncenter size-large is-resized\"><img loading=\"lazy\" decoding=\"async\" width=\"680\" height=\"1024\" src=\"https:\/\/revistacampus.uandes.cl\/2024\/wp-content\/uploads\/2024\/09\/The-emerald-680x1024.jpg\" alt=\"\" class=\"wp-image-1647\" style=\"width:264px;height:auto\" srcset=\"https:\/\/revistacampus.uandes.cl\/2024\/wp-content\/uploads\/2024\/09\/The-emerald-680x1024.jpg 680w, https:\/\/revistacampus.uandes.cl\/2024\/wp-content\/uploads\/2024\/09\/The-emerald-199x300.jpg 199w, https:\/\/revistacampus.uandes.cl\/2024\/wp-content\/uploads\/2024\/09\/The-emerald-768x1156.jpg 768w, https:\/\/revistacampus.uandes.cl\/2024\/wp-content\/uploads\/2024\/09\/The-emerald-1021x1536.jpg 1021w, https:\/\/revistacampus.uandes.cl\/2024\/wp-content\/uploads\/2024\/09\/The-emerald.jpg 1329w\" sizes=\"(max-width: 680px) 100vw, 680px\" \/><\/figure>\n<\/div><\/div>\n\n\n\n<div class=\"wp-block-column is-layout-flow wp-block-column-is-layout-flow\" style=\"flex-basis:66.66%\">\n<h2 class=\"wp-block-heading\"><strong>THE EMERALD HANDBOOK ON CRYPTOASSETS <\/strong><br><strong>Investment Opportunities and Challenges<\/strong><\/h2>\n\n\n\n<p style=\"font-size:22px\"><sub><strong>Editores<\/strong>: Hugo Benedetti Espinoza, et al.<br><strong>Editorial<\/strong>: Emerald Publishing Limited<br><strong>P\u00e1ginas<\/strong>: 424<br><strong>A\u00f1o<\/strong>: 2023<\/sub><\/p>\n\n\n\n<p>La introducci\u00f3n de Bitcoin como el primer criptoactivo en 2009 marc\u00f3 el comienzo de una nueva era. Junto a los norteamericanos H. Kent Baker, Ehsan Nikbakht y Sean Stein Smith, este libro combina las contribuciones de acad\u00e9micos y profesionales en una sola revisi\u00f3n. Desde lo te\u00f3rico hasta lo pr\u00e1ctico, refleja las \u00faltimas investigaciones y ofrece una gu\u00eda para comprender los criptoactivos y su papel en las carteras de inversi\u00f3n.<\/p>\n<\/div>\n<\/div>\n\n\n\n<div class=\"wp-block-group\"><div class=\"wp-block-group__inner-container is-layout-constrained wp-block-group-is-layout-constrained\">\n<div style=\"height:20px\" aria-hidden=\"true\" class=\"wp-block-spacer\"><\/div>\n\n\n\n<hr class=\"wp-block-separator has-text-color has-alpha-channel-opacity has-background\" style=\"background-color:#e00e17;color:#e00e17\"\/>\n\n\n\n<div style=\"height:20px\" aria-hidden=\"true\" class=\"wp-block-spacer\"><\/div>\n<\/div><\/div>\n\n\n\n<h2 class=\"wp-block-heading has-text-align-center\"><strong>Nuestras Plumas<\/strong><\/h2>\n\n\n\n<div class=\"wp-block-columns is-layout-flex wp-container-core-columns-is-layout-9d6595d7 wp-block-columns-is-layout-flex\">\n<div class=\"wp-block-column is-layout-flow wp-block-column-is-layout-flow\">\n<div class=\"wp-block-buttons is-layout-flex wp-block-buttons-is-layout-flex\">\n<div class=\"wp-block-button has-custom-width wp-block-button__width-100\"><a class=\"wp-block-button__link has-white-color has-vivid-red-background-color has-text-color has-background has-link-color wp-element-button\" href=\"https:\/\/revistacampus.uandes.cl\/2024\/nuestras-plumas-derecho\/\" style=\"border-radius:0px\">Derecho<\/a><\/div>\n<\/div>\n<\/div>\n\n\n\n<div class=\"wp-block-column is-layout-flow wp-block-column-is-layout-flow\">\n<div class=\"wp-block-buttons is-layout-flex wp-block-buttons-is-layout-flex\">\n<div class=\"wp-block-button has-custom-width wp-block-button__width-100 is-style-fill\"><a class=\"wp-block-button__link has-white-color has-vivid-red-background-color has-text-color has-background has-link-color wp-element-button\" href=\"https:\/\/revistacampus.uandes.cl\/2024\/nuestras-plumas-filosofia\/\" style=\"border-radius:0px\">Filosof\u00eda<br><\/a><\/div>\n<\/div>\n<\/div>\n\n\n\n<div class=\"wp-block-column is-layout-flow wp-block-column-is-layout-flow\">\n<div class=\"wp-block-buttons is-layout-flex wp-block-buttons-is-layout-flex\">\n<div class=\"wp-block-button has-custom-width wp-block-button__width-100\"><a class=\"wp-block-button__link has-white-color has-vivid-red-background-color has-text-color has-background has-link-color wp-element-button\" href=\"https:\/\/revistacampus.uandes.cl\/2024\/nuestras-plumas-literatura-y-fe\/\" style=\"border-radius:0px\">Literatura y Fe<br><\/a><\/div>\n<\/div>\n<\/div>\n\n\n\n<div class=\"wp-block-column is-layout-flow wp-block-column-is-layout-flow\">\n<div class=\"wp-block-buttons is-layout-flex wp-block-buttons-is-layout-flex\">\n<div class=\"wp-block-button has-custom-width wp-block-button__width-100\"><a class=\"wp-block-button__link has-white-color has-vivid-red-background-color has-text-color has-background has-link-color wp-element-button\" href=\"https:\/\/revistacampus.uandes.cl\/2024\/nuestras-plumas-sociedad-y-salud\/\" style=\"border-radius:0px\">Sociedad y Salud<\/a><\/div>\n<\/div>\n<\/div>\n<\/div>\n\n\n\n<p><\/p>\n","protected":false},"excerpt":{"rendered":"<p>Presentamos los libros sobre Historia y Econom\u00eda publicados por acad\u00e9micos UANDES durante 2023 e inicios de 2024.<\/p>\n","protected":false},"author":3,"featured_media":2222,"comment_status":"open","ping_status":"open","sticky":false,"template":"","format":"standard","meta":{"footnotes":""},"categories":[7],"tags":[43],"class_list":["post-2189","post","type-post","status-publish","format-standard","has-post-thumbnail","hentry","category-investigacion","tag-nuestras-plumas"],"_links":{"self":[{"href":"https:\/\/revistacampus.uandes.cl\/2024\/wp-json\/wp\/v2\/posts\/2189","targetHints":{"allow":["GET"]}}],"collection":[{"href":"https:\/\/revistacampus.uandes.cl\/2024\/wp-json\/wp\/v2\/posts"}],"about":[{"href":"https:\/\/revistacampus.uandes.cl\/2024\/wp-json\/wp\/v2\/types\/post"}],"author":[{"embeddable":true,"href":"https:\/\/revistacampus.uandes.cl\/2024\/wp-json\/wp\/v2\/users\/3"}],"replies":[{"embeddable":true,"href":"https:\/\/revistacampus.uandes.cl\/2024\/wp-json\/wp\/v2\/comments?post=2189"}],"version-history":[{"count":6,"href":"https:\/\/revistacampus.uandes.cl\/2024\/wp-json\/wp\/v2\/posts\/2189\/revisions"}],"predecessor-version":[{"id":2235,"href":"https:\/\/revistacampus.uandes.cl\/2024\/wp-json\/wp\/v2\/posts\/2189\/revisions\/2235"}],"wp:featuredmedia":[{"embeddable":true,"href":"https:\/\/revistacampus.uandes.cl\/2024\/wp-json\/wp\/v2\/media\/2222"}],"wp:attachment":[{"href":"https:\/\/revistacampus.uandes.cl\/2024\/wp-json\/wp\/v2\/media?parent=2189"}],"wp:term":[{"taxonomy":"category","embeddable":true,"href":"https:\/\/revistacampus.uandes.cl\/2024\/wp-json\/wp\/v2\/categories?post=2189"},{"taxonomy":"post_tag","embeddable":true,"href":"https:\/\/revistacampus.uandes.cl\/2024\/wp-json\/wp\/v2\/tags?post=2189"}],"curies":[{"name":"wp","href":"https:\/\/api.w.org\/{rel}","templated":true}]}}