{"id":2187,"date":"2024-08-03T12:59:00","date_gmt":"2024-08-03T15:59:00","guid":{"rendered":"https:\/\/revistacampus.uandes.cl\/2024\/?p=2187"},"modified":"2024-10-21T13:26:18","modified_gmt":"2024-10-21T16:26:18","slug":"nuestras-plumas-filosofia","status":"publish","type":"post","link":"https:\/\/revistacampus.uandes.cl\/2024\/nuestras-plumas-filosofia\/","title":{"rendered":"Filosof\u00eda"},"content":{"rendered":"\n<div style=\"height:100px\" aria-hidden=\"true\" class=\"wp-block-spacer\"><\/div>\n\n\n\n<div class=\"wp-block-columns is-layout-flex wp-container-core-columns-is-layout-9d6595d7 wp-block-columns-is-layout-flex\">\n<div class=\"wp-block-column is-layout-flow wp-block-column-is-layout-flow\" style=\"flex-basis:33.33%\"><div class=\"wp-block-image\">\n<figure class=\"aligncenter size-large is-resized\"><img fetchpriority=\"high\" decoding=\"async\" width=\"727\" height=\"1024\" src=\"https:\/\/revistacampus.uandes.cl\/2024\/wp-content\/uploads\/2024\/09\/edition-142000-727x1024.jpg\" alt=\"\" class=\"wp-image-1585\" style=\"aspect-ratio:0.6666666666666666;object-fit:cover;width:264px;height:auto\" srcset=\"https:\/\/revistacampus.uandes.cl\/2024\/wp-content\/uploads\/2024\/09\/edition-142000-727x1024.jpg 727w, https:\/\/revistacampus.uandes.cl\/2024\/wp-content\/uploads\/2024\/09\/edition-142000-213x300.jpg 213w, https:\/\/revistacampus.uandes.cl\/2024\/wp-content\/uploads\/2024\/09\/edition-142000-768x1082.jpg 768w, https:\/\/revistacampus.uandes.cl\/2024\/wp-content\/uploads\/2024\/09\/edition-142000-1090x1536.jpg 1090w, https:\/\/revistacampus.uandes.cl\/2024\/wp-content\/uploads\/2024\/09\/edition-142000.jpg 1419w\" sizes=\"(max-width: 727px) 100vw, 727px\" \/><\/figure>\n<\/div><\/div>\n\n\n\n<div class=\"wp-block-column is-layout-flow wp-block-column-is-layout-flow\" style=\"flex-basis:66.66%\">\n<h2 class=\"wp-block-heading\"><strong>OBRAS. JUAN DE DIOS VIAL LARRA\u00cdN<\/strong><\/h2>\n\n\n\n<p style=\"font-size:22px\"><sub><strong>Editor<\/strong>: Alejandro Vigo Pacheco<br><strong>Editorial<\/strong>: Eunsa<br><strong>A\u00f1o<\/strong>: 2023<br><strong>P\u00e1ginas<\/strong>: 540 (tomo 1)<\/sub><\/p>\n\n\n\n<p>En el centenario de su nacimiento, <em>Obras<\/em> compila el legado filos\u00f3fico del profesor Juan de Dios Vial Larra\u00edn a trav\u00e9s de sus escritos m\u00e1s importantes publicados en forma de libro. El primer volumen, dividido en dos partes, incluye sus interpretaciones y comentarios sobre obras fundamentales de Plat\u00f3n, Arist\u00f3teles, Descartes y Kant. El volumen II se enfoca en temas metaf\u00edsicos, mientras que el volumen III aborda trabajos relacionados con la \u00e9tica y la antropolog\u00eda.<\/p>\n<\/div>\n<\/div>\n\n\n\n<div class=\"wp-block-group\"><div class=\"wp-block-group__inner-container is-layout-constrained wp-block-group-is-layout-constrained\">\n<div style=\"height:20px\" aria-hidden=\"true\" class=\"wp-block-spacer\"><\/div>\n\n\n\n<hr class=\"wp-block-separator has-text-color has-alpha-channel-opacity has-background\" style=\"background-color:#e00e17;color:#e00e17\"\/>\n\n\n\n<div style=\"height:20px\" aria-hidden=\"true\" class=\"wp-block-spacer\"><\/div>\n<\/div><\/div>\n\n\n\n<div class=\"wp-block-columns is-layout-flex wp-container-core-columns-is-layout-9d6595d7 wp-block-columns-is-layout-flex\">\n<div class=\"wp-block-column is-layout-flow wp-block-column-is-layout-flow\" style=\"flex-basis:66.66%\">\n<h2 class=\"wp-block-heading\"><strong>LA CONJUNCI\u00d3N: UNA CLAVE ANTROPOL\u00d3GICA<\/strong> <sub>Unidualidad de la condici\u00f3n humana<\/sub><\/h2>\n\n\n\n<p style=\"font-size:22px\"><sub><strong>Autor<\/strong>: Jorge Pe\u00f1a Vial<\/sub><br><sub><strong>Editorial<\/strong>: Ediciones UDP<\/sub><br><sub><strong>P\u00e1ginas<\/strong>: 620<\/sub><br><sub><strong>A\u00f1o<\/strong>: 2023<\/sub><\/p>\n\n\n\n<p>La b\u00fasqueda de la igualdad impregna todos los aspectos de la vida social, generando tanto avances como tensiones. En el sistema educativo, la fragilidad del principio de autoridad se manifiesta de manera especialmente aguda. Este ensayo explora c\u00f3mo justificar la autoridad en la sala de clases y el significado de educar en democracia, es decir, educar a un igual. Daniel Mansuy Huerta aborda estas cuestiones desde un enfoque novedoso y reflexiona sobre la naturaleza del v\u00ednculo educativo y el desaf\u00edo de rehabilitarlo.<\/p>\n<\/div>\n\n\n\n<div class=\"wp-block-column is-layout-flow wp-block-column-is-layout-flow\" style=\"flex-basis:33.33%\"><div class=\"wp-block-image\">\n<figure class=\"aligncenter size-large is-resized\"><img decoding=\"async\" width=\"718\" height=\"1024\" src=\"https:\/\/revistacampus.uandes.cl\/2024\/wp-content\/uploads\/2024\/09\/La-conjuncion-una-clave-antropologica-Jorge-Pena2-718x1024.jpg\" alt=\"\" class=\"wp-image-1578\" style=\"aspect-ratio:0.6666666666666666;object-fit:cover;width:277px;height:auto\" srcset=\"https:\/\/revistacampus.uandes.cl\/2024\/wp-content\/uploads\/2024\/09\/La-conjuncion-una-clave-antropologica-Jorge-Pena2-718x1024.jpg 718w, https:\/\/revistacampus.uandes.cl\/2024\/wp-content\/uploads\/2024\/09\/La-conjuncion-una-clave-antropologica-Jorge-Pena2-210x300.jpg 210w, https:\/\/revistacampus.uandes.cl\/2024\/wp-content\/uploads\/2024\/09\/La-conjuncion-una-clave-antropologica-Jorge-Pena2-768x1095.jpg 768w, https:\/\/revistacampus.uandes.cl\/2024\/wp-content\/uploads\/2024\/09\/La-conjuncion-una-clave-antropologica-Jorge-Pena2-1078x1536.jpg 1078w, https:\/\/revistacampus.uandes.cl\/2024\/wp-content\/uploads\/2024\/09\/La-conjuncion-una-clave-antropologica-Jorge-Pena2.jpg 1403w\" sizes=\"(max-width: 718px) 100vw, 718px\" \/><\/figure>\n<\/div><\/div>\n<\/div>\n\n\n\n<div class=\"wp-block-group\"><div class=\"wp-block-group__inner-container is-layout-constrained wp-block-group-is-layout-constrained\">\n<div style=\"height:20px\" aria-hidden=\"true\" class=\"wp-block-spacer\"><\/div>\n\n\n\n<hr class=\"wp-block-separator has-text-color has-alpha-channel-opacity has-background\" style=\"background-color:#e00e17;color:#e00e17\"\/>\n\n\n\n<div style=\"height:20px\" aria-hidden=\"true\" class=\"wp-block-spacer\"><\/div>\n<\/div><\/div>\n\n\n\n<div class=\"wp-block-columns is-layout-flex wp-container-core-columns-is-layout-9d6595d7 wp-block-columns-is-layout-flex\">\n<div class=\"wp-block-column is-layout-flow wp-block-column-is-layout-flow\" style=\"flex-basis:33.33%\"><div class=\"wp-block-image\">\n<figure class=\"aligncenter size-large is-resized\"><img decoding=\"async\" width=\"661\" height=\"1024\" src=\"https:\/\/revistacampus.uandes.cl\/2024\/wp-content\/uploads\/2024\/09\/Historia-de-la-Filosofia-JMIbanez-661x1024.jpg\" alt=\"\" class=\"wp-image-1614\" style=\"aspect-ratio:0.6666666666666666;object-fit:cover;width:264px;height:auto\" srcset=\"https:\/\/revistacampus.uandes.cl\/2024\/wp-content\/uploads\/2024\/09\/Historia-de-la-Filosofia-JMIbanez-661x1024.jpg 661w, https:\/\/revistacampus.uandes.cl\/2024\/wp-content\/uploads\/2024\/09\/Historia-de-la-Filosofia-JMIbanez-194x300.jpg 194w, https:\/\/revistacampus.uandes.cl\/2024\/wp-content\/uploads\/2024\/09\/Historia-de-la-Filosofia-JMIbanez-768x1190.jpg 768w, https:\/\/revistacampus.uandes.cl\/2024\/wp-content\/uploads\/2024\/09\/Historia-de-la-Filosofia-JMIbanez-991x1536.jpg 991w, https:\/\/revistacampus.uandes.cl\/2024\/wp-content\/uploads\/2024\/09\/Historia-de-la-Filosofia-JMIbanez.jpg 1291w\" sizes=\"(max-width: 661px) 100vw, 661px\" \/><\/figure>\n<\/div><\/div>\n\n\n\n<div class=\"wp-block-column is-layout-flow wp-block-column-is-layout-flow\" style=\"flex-basis:66.66%\">\n<h2 class=\"wp-block-heading\"><strong>HISTORIA DE LA FILOSOF\u00cdA<br>Poemas<\/strong><\/h2>\n\n\n\n<p style=\"font-size:22px\"><strong>Autor<\/strong>: P. Jos\u00e9 Miguel Ib\u00e1\u00f1ez Langlois<br><strong>Editorial<\/strong>: Tanto Monta<br><strong>P\u00e1ginas<\/strong>: 267<br><strong>A\u00f1o<\/strong>: 2024<\/p>\n\n\n\n<p>Este libro presenta una historia de la filosof\u00eda en forma de poema, desafiando tanto a fil\u00f3sofos como a cr\u00edticos literarios. La obra plantea interrogantes sobre su naturaleza: \u00bfes una historia veros\u00edmil del pensamiento desde Her\u00e1clito hasta Heidegger? \u00bfO es poes\u00eda o antipoes\u00eda influenciada por Quevedo y Parra? La respuesta depende de la interpretaci\u00f3n del lector, quien encontrar\u00e1 en el texto una mezcla \u00fanica de filosof\u00eda y literatura.<\/p>\n<\/div>\n<\/div>\n\n\n\n<div class=\"wp-block-group\"><div class=\"wp-block-group__inner-container is-layout-constrained wp-block-group-is-layout-constrained\">\n<div style=\"height:20px\" aria-hidden=\"true\" class=\"wp-block-spacer\"><\/div>\n\n\n\n<hr class=\"wp-block-separator has-text-color has-alpha-channel-opacity has-background\" style=\"background-color:#e00e17;color:#e00e17\"\/>\n\n\n\n<div style=\"height:20px\" aria-hidden=\"true\" class=\"wp-block-spacer\"><\/div>\n<\/div><\/div>\n\n\n\n<div class=\"wp-block-columns is-layout-flex wp-container-core-columns-is-layout-9d6595d7 wp-block-columns-is-layout-flex\">\n<div class=\"wp-block-column is-layout-flow wp-block-column-is-layout-flow\" style=\"flex-basis:66.66%\">\n<h2 class=\"wp-block-heading\"><strong>THOMISTIC PHILOSOPHY IN THE FACE OF EVOLUTIONARY FACT<\/strong><\/h2>\n\n\n\n<p style=\"font-size:22px\"><sub><strong>Autor<\/strong>: Juan Eduardo Carre\u00f1o Pavez<br><strong>Editorial<\/strong>: Editiones Scholasticae<br><strong>P\u00e1ginas<\/strong>: 764<br><strong>A\u00f1o<\/strong>: 2024<\/sub><\/p>\n\n\n\n<p>El prop\u00f3sito de este libro es integrar la evoluci\u00f3n biol\u00f3gica con los principios de la filosof\u00eda tomista. Desarrolla una tesis interpretativa que argumenta que la variedad de seres vivos corp\u00f3reos es consistente con el pensamiento de Tom\u00e1s de Aquino. Luego, se distinguen dos formas de evoluci\u00f3n, intraespec\u00edfica y transespec\u00edfica, y se analiza su significado ontol\u00f3gico y causalidades. Finalmente, se ofrece un panorama general de la historia evolutiva, con \u00e9nfasis en la antropog\u00e9nesis.<\/p>\n<\/div>\n\n\n\n<div class=\"wp-block-column is-layout-flow wp-block-column-is-layout-flow\" style=\"flex-basis:33.33%\"><div class=\"wp-block-image\">\n<figure class=\"aligncenter size-large is-resized\"><img loading=\"lazy\" decoding=\"async\" width=\"722\" height=\"1024\" src=\"https:\/\/revistacampus.uandes.cl\/2024\/wp-content\/uploads\/2024\/09\/Thomistic-Philosophy-in-the-Face-of-Evolutionary-Fact-Juan-Eduardo-Carreno-722x1024.jpg\" alt=\"\" class=\"wp-image-1658\" style=\"width:264px;height:auto\" srcset=\"https:\/\/revistacampus.uandes.cl\/2024\/wp-content\/uploads\/2024\/09\/Thomistic-Philosophy-in-the-Face-of-Evolutionary-Fact-Juan-Eduardo-Carreno-722x1024.jpg 722w, https:\/\/revistacampus.uandes.cl\/2024\/wp-content\/uploads\/2024\/09\/Thomistic-Philosophy-in-the-Face-of-Evolutionary-Fact-Juan-Eduardo-Carreno-212x300.jpg 212w, https:\/\/revistacampus.uandes.cl\/2024\/wp-content\/uploads\/2024\/09\/Thomistic-Philosophy-in-the-Face-of-Evolutionary-Fact-Juan-Eduardo-Carreno-768x1089.jpg 768w, https:\/\/revistacampus.uandes.cl\/2024\/wp-content\/uploads\/2024\/09\/Thomistic-Philosophy-in-the-Face-of-Evolutionary-Fact-Juan-Eduardo-Carreno-1083x1536.jpg 1083w, https:\/\/revistacampus.uandes.cl\/2024\/wp-content\/uploads\/2024\/09\/Thomistic-Philosophy-in-the-Face-of-Evolutionary-Fact-Juan-Eduardo-Carreno.jpg 1410w\" sizes=\"(max-width: 722px) 100vw, 722px\" \/><\/figure>\n<\/div><\/div>\n<\/div>\n\n\n\n<div class=\"wp-block-group\"><div class=\"wp-block-group__inner-container is-layout-constrained wp-block-group-is-layout-constrained\">\n<div style=\"height:20px\" aria-hidden=\"true\" class=\"wp-block-spacer\"><\/div>\n\n\n\n<hr class=\"wp-block-separator has-text-color has-alpha-channel-opacity has-background\" style=\"background-color:#e00e17;color:#e00e17\"\/>\n\n\n\n<div style=\"height:20px\" aria-hidden=\"true\" class=\"wp-block-spacer\"><\/div>\n<\/div><\/div>\n\n\n\n<div class=\"wp-block-columns is-layout-flex wp-container-core-columns-is-layout-9d6595d7 wp-block-columns-is-layout-flex\">\n<div class=\"wp-block-column is-layout-flow wp-block-column-is-layout-flow\" style=\"flex-basis:33.33%\"><div class=\"wp-block-image\">\n<figure class=\"aligncenter size-large is-resized\"><img loading=\"lazy\" decoding=\"async\" width=\"659\" height=\"1024\" src=\"https:\/\/revistacampus.uandes.cl\/2024\/wp-content\/uploads\/2024\/09\/Evidentia-Rodrigo-Cordero-659x1024.jpg\" alt=\"\" class=\"wp-image-1596\" style=\"aspect-ratio:0.6666666666666666;object-fit:cover;width:264px;height:auto\" srcset=\"https:\/\/revistacampus.uandes.cl\/2024\/wp-content\/uploads\/2024\/09\/Evidentia-Rodrigo-Cordero-659x1024.jpg 659w, https:\/\/revistacampus.uandes.cl\/2024\/wp-content\/uploads\/2024\/09\/Evidentia-Rodrigo-Cordero-193x300.jpg 193w, https:\/\/revistacampus.uandes.cl\/2024\/wp-content\/uploads\/2024\/09\/Evidentia-Rodrigo-Cordero-768x1193.jpg 768w, https:\/\/revistacampus.uandes.cl\/2024\/wp-content\/uploads\/2024\/09\/Evidentia-Rodrigo-Cordero-989x1536.jpg 989w, https:\/\/revistacampus.uandes.cl\/2024\/wp-content\/uploads\/2024\/09\/Evidentia-Rodrigo-Cordero.jpg 1288w\" sizes=\"(max-width: 659px) 100vw, 659px\" \/><\/figure>\n<\/div><\/div>\n\n\n\n<div class=\"wp-block-column is-layout-flow wp-block-column-is-layout-flow\" style=\"flex-basis:66.66%\">\n<h2 class=\"wp-block-heading\"><strong>EVIDENTIA<br>Escritura y visualidad en Francis Ponge<\/strong><\/h2>\n\n\n\n<p style=\"font-size:22px\"><sub><strong>Autor<\/strong>: Rodrigo Cordero Cort\u00e9s<br><strong>Editorial<\/strong>: RIL Editores<br><strong>P\u00e1ginas<\/strong>: 258<br><strong>A\u00f1o<\/strong>: 2023<\/sub><\/p>\n\n\n\n<p>La ret\u00f3rica define la evidencia como la capacidad de la palabra para crear una imagen tan v\u00edvida en la imaginaci\u00f3n del receptor que este se convierte en testigo de las acciones u objetos representados. Este libro ofrece una lectura que abarca m\u00e1s de 50 a\u00f1os de la obra del escritor franc\u00e9s Francis Ponge (1899-1988), centr\u00e1ndose en la noci\u00f3n de evidencia, fundamental en su inter\u00e9s por la pintura y la visualidad.<\/p>\n<\/div>\n<\/div>\n\n\n\n<div class=\"wp-block-group\"><div class=\"wp-block-group__inner-container is-layout-constrained wp-block-group-is-layout-constrained\">\n<div style=\"height:20px\" aria-hidden=\"true\" class=\"wp-block-spacer\"><\/div>\n\n\n\n<hr class=\"wp-block-separator has-text-color has-alpha-channel-opacity has-background\" style=\"background-color:#e00e17;color:#e00e17\"\/>\n\n\n\n<div style=\"height:20px\" aria-hidden=\"true\" class=\"wp-block-spacer\"><\/div>\n<\/div><\/div>\n\n\n\n<div class=\"wp-block-columns is-layout-flex wp-container-core-columns-is-layout-9d6595d7 wp-block-columns-is-layout-flex\">\n<div class=\"wp-block-column is-layout-flow wp-block-column-is-layout-flow\" style=\"flex-basis:66.66%\">\n<h2 class=\"wp-block-heading\"><strong>SOBRE LA AMISTAD<\/strong><br>Cicer\u00f3n<br><\/h2>\n\n\n\n<p style=\"font-size:22px\"><sub><strong>Introducci\u00f3n, traducci\u00f3n y notas<\/strong>: Patricio Dom\u00ednguez Vald\u00e9s<br><strong>Editorial<\/strong>: Universitaria<br><strong>P\u00e1ginas<\/strong>: 113<br><strong>A\u00f1o<\/strong>: 2024<\/sub><\/p>\n\n\n\n<p>En medio de un contexto de intensas luchas pol\u00edticas, Cicer\u00f3n (106\u201343 a.C.) escribi\u00f3 esta obra con el prop\u00f3sito de ofrecer una gu\u00eda \u00e9tica sobre la amistad, un tema crucial en la filosof\u00eda antigua. El texto aborda preguntas fundamentales sobre la naturaleza de la amistad, como si nace de la carencia, su necesidad para la concordia pol\u00edtica, y si es l\u00edcito hacer cualquier cosa por un amigo. Adem\u00e1s, proporciona consejos pr\u00e1cticos para enfrentar situaciones comunes relacionadas con las amistades, como el rompimiento de relaciones o la selecci\u00f3n adecuada de amigos.<\/p>\n<\/div>\n\n\n\n<div class=\"wp-block-column is-layout-flow wp-block-column-is-layout-flow\" style=\"flex-basis:33.33%\"><div class=\"wp-block-image\">\n<figure class=\"aligncenter size-large is-resized\"><img loading=\"lazy\" decoding=\"async\" width=\"645\" height=\"1024\" src=\"https:\/\/revistacampus.uandes.cl\/2024\/wp-content\/uploads\/2024\/09\/Sobre-la-amistad-Ciceron-Patricio-Dominguez-645x1024.jpg\" alt=\"\" class=\"wp-image-1605\" style=\"aspect-ratio:0.6666666666666666;object-fit:cover;width:264px;height:auto\" srcset=\"https:\/\/revistacampus.uandes.cl\/2024\/wp-content\/uploads\/2024\/09\/Sobre-la-amistad-Ciceron-Patricio-Dominguez-645x1024.jpg 645w, https:\/\/revistacampus.uandes.cl\/2024\/wp-content\/uploads\/2024\/09\/Sobre-la-amistad-Ciceron-Patricio-Dominguez-189x300.jpg 189w, https:\/\/revistacampus.uandes.cl\/2024\/wp-content\/uploads\/2024\/09\/Sobre-la-amistad-Ciceron-Patricio-Dominguez-768x1220.jpg 768w, https:\/\/revistacampus.uandes.cl\/2024\/wp-content\/uploads\/2024\/09\/Sobre-la-amistad-Ciceron-Patricio-Dominguez-967x1536.jpg 967w, https:\/\/revistacampus.uandes.cl\/2024\/wp-content\/uploads\/2024\/09\/Sobre-la-amistad-Ciceron-Patricio-Dominguez.jpg 1259w\" sizes=\"(max-width: 645px) 100vw, 645px\" \/><\/figure>\n<\/div><\/div>\n<\/div>\n\n\n\n<div class=\"wp-block-group\"><div class=\"wp-block-group__inner-container is-layout-constrained wp-block-group-is-layout-constrained\">\n<div style=\"height:20px\" aria-hidden=\"true\" class=\"wp-block-spacer\"><\/div>\n\n\n\n<hr class=\"wp-block-separator has-text-color has-alpha-channel-opacity has-background\" style=\"background-color:#e00e17;color:#e00e17\"\/>\n\n\n\n<div style=\"height:20px\" aria-hidden=\"true\" class=\"wp-block-spacer\"><\/div>\n<\/div><\/div>\n\n\n\n<div class=\"wp-block-columns is-layout-flex wp-container-core-columns-is-layout-9d6595d7 wp-block-columns-is-layout-flex\">\n<div class=\"wp-block-column is-layout-flow wp-block-column-is-layout-flow\" style=\"flex-basis:33.33%\"><div class=\"wp-block-image\">\n<figure class=\"aligncenter size-large is-resized\"><img loading=\"lazy\" decoding=\"async\" width=\"718\" height=\"1024\" src=\"https:\/\/revistacampus.uandes.cl\/2024\/wp-content\/uploads\/2024\/09\/La-brevedad-de-la-vida-Patricio-Dominguez-718x1024.jpg\" alt=\"\" class=\"wp-image-1583\" style=\"aspect-ratio:0.6666666666666666;object-fit:cover;width:264px;height:auto\" srcset=\"https:\/\/revistacampus.uandes.cl\/2024\/wp-content\/uploads\/2024\/09\/La-brevedad-de-la-vida-Patricio-Dominguez-718x1024.jpg 718w, https:\/\/revistacampus.uandes.cl\/2024\/wp-content\/uploads\/2024\/09\/La-brevedad-de-la-vida-Patricio-Dominguez-210x300.jpg 210w, https:\/\/revistacampus.uandes.cl\/2024\/wp-content\/uploads\/2024\/09\/La-brevedad-de-la-vida-Patricio-Dominguez-768x1095.jpg 768w, https:\/\/revistacampus.uandes.cl\/2024\/wp-content\/uploads\/2024\/09\/La-brevedad-de-la-vida-Patricio-Dominguez-1078x1536.jpg 1078w, https:\/\/revistacampus.uandes.cl\/2024\/wp-content\/uploads\/2024\/09\/La-brevedad-de-la-vida-Patricio-Dominguez.jpg 1403w\" sizes=\"(max-width: 718px) 100vw, 718px\" \/><\/figure>\n<\/div><\/div>\n\n\n\n<div class=\"wp-block-column is-layout-flow wp-block-column-is-layout-flow\" style=\"flex-basis:66.66%\">\n<h2 class=\"wp-block-heading\"><strong>LA BREVEDAD DE LA VIDA<\/strong><\/h2>\n\n\n\n<p style=\"font-size:22px\"><sub><strong>Autor<\/strong>: S\u00e9neca<br><strong>Introducci\u00f3n, traducci\u00f3n y notas<\/strong>: Patricio Dom\u00ednguez Vald\u00e9s<br><strong>Editorial<\/strong>: Herder<br><strong>P\u00e1ginas<\/strong>: 120<br><strong>A\u00f1o<\/strong>: 2024<\/sub><\/p>\n\n\n\n<p>S\u00e9neca (4 a. C. \u2013 65 d. C.) aborda un tema de sorprendente actualidad: la sensaci\u00f3n de p\u00e9rdida de tiempo. En su obra, el fil\u00f3sofo destaca que la vida parece corta debido a nuestra manera de vivir, llena de vicios y ocupaciones superfluas. La dedicaci\u00f3n a la sabidur\u00eda es, para S\u00e9neca, la \u00fanica forma de vivir provechosamente. Invita a reevaluar el uso del tiempo y a cuestionar un estilo de vida marcado por el ajetreo, la dispersi\u00f3n y la vanidad.<\/p>\n<\/div>\n<\/div>\n\n\n\n<div class=\"wp-block-group\"><div class=\"wp-block-group__inner-container is-layout-constrained wp-block-group-is-layout-constrained\">\n<div style=\"height:20px\" aria-hidden=\"true\" class=\"wp-block-spacer\"><\/div>\n\n\n\n<hr class=\"wp-block-separator has-text-color has-alpha-channel-opacity has-background\" style=\"background-color:#e00e17;color:#e00e17\"\/>\n\n\n\n<div style=\"height:20px\" aria-hidden=\"true\" class=\"wp-block-spacer\"><\/div>\n<\/div><\/div>\n\n\n\n<div class=\"wp-block-columns is-layout-flex wp-container-core-columns-is-layout-9d6595d7 wp-block-columns-is-layout-flex\">\n<div class=\"wp-block-column is-layout-flow wp-block-column-is-layout-flow\" style=\"flex-basis:66.66%\">\n<h2 class=\"wp-block-heading\"><strong>PRAXIS E INTERPRETACI\u00d3N<\/strong><br><strong>Un homenaje a Alejandro G. Vigo<\/strong><\/h2>\n\n\n\n<p style=\"font-size:22px\"><sub><strong>Editores<\/strong>: Gabriela Rossi, Patricio Fern\u00e1ndez, Luis Placencia<br><strong>Editorial<\/strong>: Georg Olms Verlag<br><strong>P\u00e1ginas<\/strong>: 496<br><strong>A\u00f1o<\/strong>: 2023<\/sub><\/p>\n\n\n\n<p>Este volumen, editado por Gabriela Rossi, Patricio Fern\u00e1ndez y Luis Placencia, re\u00fane trabajos de destacados autores que exploran los diversos intereses filos\u00f3ficos de Alejandro G. Vigo, incluyendo la filosof\u00eda antigua y su recepci\u00f3n, la filosof\u00eda trascendental y la filosof\u00eda pr\u00e1ctica. Los contribuyentes provienen de Alemania, Argentina, Brasil, Chile, Espa\u00f1a, Estados Unidos y M\u00e9xico, y el libro destaca la profunda influencia de Vigo en la filosof\u00eda de la praxis y en la interpretaci\u00f3n de fil\u00f3sofos como Plat\u00f3n, Arist\u00f3teles, Kant, Husserl y Heidegger.<\/p>\n<\/div>\n\n\n\n<div class=\"wp-block-column is-layout-flow wp-block-column-is-layout-flow\" style=\"flex-basis:33.33%\"><div class=\"wp-block-image\">\n<figure class=\"aligncenter size-large is-resized\"><img loading=\"lazy\" decoding=\"async\" width=\"699\" height=\"1024\" src=\"https:\/\/revistacampus.uandes.cl\/2024\/wp-content\/uploads\/2024\/09\/Praxis-e-interpretacion-Gabriela-Rossi-e1725551816805-699x1024.jpg\" alt=\"\" class=\"wp-image-1770\" style=\"aspect-ratio:0.6666666666666666;object-fit:cover;width:264px;height:auto\" srcset=\"https:\/\/revistacampus.uandes.cl\/2024\/wp-content\/uploads\/2024\/09\/Praxis-e-interpretacion-Gabriela-Rossi-e1725551816805-699x1024.jpg 699w, https:\/\/revistacampus.uandes.cl\/2024\/wp-content\/uploads\/2024\/09\/Praxis-e-interpretacion-Gabriela-Rossi-e1725551816805-205x300.jpg 205w, https:\/\/revistacampus.uandes.cl\/2024\/wp-content\/uploads\/2024\/09\/Praxis-e-interpretacion-Gabriela-Rossi-e1725551816805-768x1125.jpg 768w, https:\/\/revistacampus.uandes.cl\/2024\/wp-content\/uploads\/2024\/09\/Praxis-e-interpretacion-Gabriela-Rossi-e1725551816805-1049x1536.jpg 1049w, https:\/\/revistacampus.uandes.cl\/2024\/wp-content\/uploads\/2024\/09\/Praxis-e-interpretacion-Gabriela-Rossi-e1725551816805.jpg 1356w\" sizes=\"(max-width: 699px) 100vw, 699px\" \/><\/figure>\n<\/div><\/div>\n<\/div>\n\n\n\n<div class=\"wp-block-group\"><div class=\"wp-block-group__inner-container is-layout-constrained wp-block-group-is-layout-constrained\">\n<div style=\"height:20px\" aria-hidden=\"true\" class=\"wp-block-spacer\"><\/div>\n\n\n\n<hr class=\"wp-block-separator has-text-color has-alpha-channel-opacity has-background\" style=\"background-color:#e00e17;color:#e00e17\"\/>\n\n\n\n<div style=\"height:20px\" aria-hidden=\"true\" class=\"wp-block-spacer\"><\/div>\n<\/div><\/div>\n\n\n\n<div class=\"wp-block-columns is-layout-flex wp-container-core-columns-is-layout-9d6595d7 wp-block-columns-is-layout-flex\">\n<div class=\"wp-block-column is-layout-flow wp-block-column-is-layout-flow\" style=\"flex-basis:33.33%\"><div class=\"wp-block-image\">\n<figure class=\"aligncenter size-large is-resized\"><img loading=\"lazy\" decoding=\"async\" width=\"674\" height=\"1024\" src=\"https:\/\/revistacampus.uandes.cl\/2024\/wp-content\/uploads\/2024\/09\/The-Aristotelian-Tradition-Manfred-Svensson-674x1024.jpg\" alt=\"\" class=\"wp-image-1611\" style=\"aspect-ratio:0.6666666666666666;object-fit:cover;width:264px;height:auto\" srcset=\"https:\/\/revistacampus.uandes.cl\/2024\/wp-content\/uploads\/2024\/09\/The-Aristotelian-Tradition-Manfred-Svensson-674x1024.jpg 674w, https:\/\/revistacampus.uandes.cl\/2024\/wp-content\/uploads\/2024\/09\/The-Aristotelian-Tradition-Manfred-Svensson-197x300.jpg 197w, https:\/\/revistacampus.uandes.cl\/2024\/wp-content\/uploads\/2024\/09\/The-Aristotelian-Tradition-Manfred-Svensson-768x1167.jpg 768w, https:\/\/revistacampus.uandes.cl\/2024\/wp-content\/uploads\/2024\/09\/The-Aristotelian-Tradition-Manfred-Svensson-1011x1536.jpg 1011w, https:\/\/revistacampus.uandes.cl\/2024\/wp-content\/uploads\/2024\/09\/The-Aristotelian-Tradition-Manfred-Svensson.jpg 1316w\" sizes=\"(max-width: 674px) 100vw, 674px\" \/><\/figure>\n<\/div><\/div>\n\n\n\n<div class=\"wp-block-column is-layout-flow wp-block-column-is-layout-flow\" style=\"flex-basis:66.66%\">\n<h2 class=\"wp-block-heading\"><strong>THE ARISTOTELIAN TRADITION IN EARLY MODERN PROTESTANTISM<\/strong><br><strong>XVI and XVII Century Commentaries on the Ethics and the Politics<\/strong><\/h2>\n\n\n\n<p style=\"font-size:22px\"><sub><strong>Autor<\/strong>: Manfred Svensson<br><strong>Editorial<\/strong>: Oxford University Press<br><strong>P\u00e1ginas<\/strong>: 232<br><strong>A\u00f1o<\/strong>: 2024<\/sub><\/p>\n\n\n\n<p>Este libro cuestiona la idea de que la Reforma protestante rompi\u00f3 con la tradici\u00f3n aristot\u00e9lica, que hab\u00eda sido fundamental en la educaci\u00f3n en filosof\u00eda pr\u00e1ctica durante los per\u00edodos cl\u00e1sico y medieval. Svensson explora los comentarios protestantes a las obras de Arist\u00f3teles, <em>\u00c9tica<\/em> y <em>Pol\u00edtica<\/em>, en los siglos XVI y XVII. El texto discute la herencia medieval y renacentista del aristotelismo, mapea las relaciones entre los comentaristas y examina c\u00f3mo la filosof\u00eda pr\u00e1ctica se relaciona con la fe cristiana en ese contexto.<\/p>\n<\/div>\n<\/div>\n\n\n\n<div class=\"wp-block-group\"><div class=\"wp-block-group__inner-container is-layout-constrained wp-block-group-is-layout-constrained\">\n<div style=\"height:20px\" aria-hidden=\"true\" class=\"wp-block-spacer\"><\/div>\n\n\n\n<hr class=\"wp-block-separator has-text-color has-alpha-channel-opacity has-background\" style=\"background-color:#e00e17;color:#e00e17\"\/>\n\n\n\n<div style=\"height:20px\" aria-hidden=\"true\" class=\"wp-block-spacer\"><\/div>\n<\/div><\/div>\n\n\n\n<div class=\"wp-block-columns is-layout-flex wp-container-core-columns-is-layout-9d6595d7 wp-block-columns-is-layout-flex\">\n<div class=\"wp-block-column is-layout-flow wp-block-column-is-layout-flow\" style=\"flex-basis:66.66%\">\n<h2 class=\"wp-block-heading\"><strong>POLITICAL ECONOMY, INSTITUTIONS AND VIRTUE<\/strong><br><strong>Alasdair MacIntyre\u2019s Revolutionary Aristotelianism<\/strong><\/h2>\n\n\n\n<p style=\"font-size:22px\"><sub><strong>Autor<\/strong>: Mat\u00edas Petersen Cort\u00e9s<br><strong>Editorial<\/strong>: Routledge<br><strong>P\u00e1ginas<\/strong>: 136<br><strong>A\u00f1o<\/strong>: 2024<\/sub><\/p>\n\n\n\n<p>Este libro explora la corriente del &#8220;aristotelismo revolucionario&#8221;, inspirado en la filosof\u00eda moral de Alasdair MacIntyre, que critica radicalmente el Estado y el mercado. Examina la justificaci\u00f3n de esta cr\u00edtica a trav\u00e9s de la filosof\u00eda de MacIntyre y analiza qu\u00e9 formas de organizaci\u00f3n social son compatibles con sus propuestas. Combinando filosof\u00eda pol\u00edtica y teor\u00eda econ\u00f3mica, el texto eval\u00faa la viabilidad pr\u00e1ctica de algunas de las propuestas pol\u00edticas y econ\u00f3micas de MacIntyre.<\/p>\n<\/div>\n\n\n\n<div class=\"wp-block-column is-layout-flow wp-block-column-is-layout-flow\" style=\"flex-basis:33.33%\"><div class=\"wp-block-image\">\n<figure class=\"aligncenter size-large is-resized\"><img loading=\"lazy\" decoding=\"async\" width=\"670\" height=\"1024\" src=\"https:\/\/revistacampus.uandes.cl\/2024\/wp-content\/uploads\/2024\/09\/Political-Economy-Institutions-and-Virtue-Matias-Petersen-670x1024.jpg\" alt=\"\" class=\"wp-image-1616\" style=\"aspect-ratio:0.6666666666666666;object-fit:cover;width:264px;height:auto\" srcset=\"https:\/\/revistacampus.uandes.cl\/2024\/wp-content\/uploads\/2024\/09\/Political-Economy-Institutions-and-Virtue-Matias-Petersen-670x1024.jpg 670w, https:\/\/revistacampus.uandes.cl\/2024\/wp-content\/uploads\/2024\/09\/Political-Economy-Institutions-and-Virtue-Matias-Petersen-196x300.jpg 196w, https:\/\/revistacampus.uandes.cl\/2024\/wp-content\/uploads\/2024\/09\/Political-Economy-Institutions-and-Virtue-Matias-Petersen-768x1174.jpg 768w, https:\/\/revistacampus.uandes.cl\/2024\/wp-content\/uploads\/2024\/09\/Political-Economy-Institutions-and-Virtue-Matias-Petersen-1005x1536.jpg 1005w, https:\/\/revistacampus.uandes.cl\/2024\/wp-content\/uploads\/2024\/09\/Political-Economy-Institutions-and-Virtue-Matias-Petersen.jpg 1308w\" sizes=\"(max-width: 670px) 100vw, 670px\" \/><\/figure>\n<\/div><\/div>\n<\/div>\n\n\n\n<div class=\"wp-block-group\"><div class=\"wp-block-group__inner-container is-layout-constrained wp-block-group-is-layout-constrained\">\n<div style=\"height:20px\" aria-hidden=\"true\" class=\"wp-block-spacer\"><\/div>\n\n\n\n<hr class=\"wp-block-separator has-text-color has-alpha-channel-opacity has-background\" style=\"background-color:#e00e17;color:#e00e17\"\/>\n\n\n\n<div style=\"height:20px\" aria-hidden=\"true\" class=\"wp-block-spacer\"><\/div>\n<\/div><\/div>\n\n\n\n<h2 class=\"wp-block-heading has-text-align-center\"><strong>Nuestras Plumas<\/strong><\/h2>\n\n\n\n<div class=\"wp-block-columns is-layout-flex wp-container-core-columns-is-layout-9d6595d7 wp-block-columns-is-layout-flex\">\n<div class=\"wp-block-column is-layout-flow wp-block-column-is-layout-flow\">\n<div class=\"wp-block-buttons is-layout-flex wp-block-buttons-is-layout-flex\">\n<div class=\"wp-block-button has-custom-width wp-block-button__width-100 is-style-fill\"><a class=\"wp-block-button__link has-white-color has-vivid-red-background-color has-text-color has-background has-link-color wp-element-button\" href=\"https:\/\/revistacampus.uandes.cl\/2024\/nuestras-plumas-derecho\/\" style=\"border-radius:0px\">Derecho<br><\/a><\/div>\n<\/div>\n<\/div>\n\n\n\n<div class=\"wp-block-column is-layout-flow wp-block-column-is-layout-flow\">\n<div class=\"wp-block-buttons is-layout-flex wp-block-buttons-is-layout-flex\">\n<div class=\"wp-block-button has-custom-width wp-block-button__width-100\"><a class=\"wp-block-button__link has-white-color has-vivid-red-background-color has-text-color has-background has-link-color wp-element-button\" href=\"https:\/\/revistacampus.uandes.cl\/2024\/nuestras-plumas-historia-economia\/\" style=\"border-radius:0px\">Historia y Econom\u00eda<\/a><\/div>\n<\/div>\n<\/div>\n\n\n\n<div class=\"wp-block-column is-layout-flow wp-block-column-is-layout-flow\">\n<div class=\"wp-block-buttons is-layout-flex wp-block-buttons-is-layout-flex\">\n<div class=\"wp-block-button has-custom-width wp-block-button__width-100\"><a class=\"wp-block-button__link has-white-color has-vivid-red-background-color has-text-color has-background has-link-color wp-element-button\" href=\"https:\/\/revistacampus.uandes.cl\/2024\/nuestras-plumas-literatura-y-fe\/\" style=\"border-radius:0px\">Literatura y Fe<br><\/a><\/div>\n<\/div>\n<\/div>\n\n\n\n<div class=\"wp-block-column is-layout-flow wp-block-column-is-layout-flow\">\n<div class=\"wp-block-buttons is-layout-flex wp-block-buttons-is-layout-flex\">\n<div class=\"wp-block-button has-custom-width wp-block-button__width-100\"><a class=\"wp-block-button__link has-white-color has-vivid-red-background-color has-text-color has-background has-link-color wp-element-button\" href=\"https:\/\/revistacampus.uandes.cl\/2024\/nuestras-plumas-sociedad-y-salud\/\" style=\"border-radius:0px\">Sociedad y Salud<\/a><\/div>\n<\/div>\n<\/div>\n<\/div>\n","protected":false},"excerpt":{"rendered":"<p>Presentamos los libros sobre Filosof\u00eda publicados por acad\u00e9micos UANDES durante 2023 e inicios de 2024.<\/p>\n","protected":false},"author":3,"featured_media":2221,"comment_status":"open","ping_status":"open","sticky":false,"template":"","format":"standard","meta":{"footnotes":""},"categories":[7],"tags":[43],"class_list":["post-2187","post","type-post","status-publish","format-standard","has-post-thumbnail","hentry","category-investigacion","tag-nuestras-plumas"],"_links":{"self":[{"href":"https:\/\/revistacampus.uandes.cl\/2024\/wp-json\/wp\/v2\/posts\/2187","targetHints":{"allow":["GET"]}}],"collection":[{"href":"https:\/\/revistacampus.uandes.cl\/2024\/wp-json\/wp\/v2\/posts"}],"about":[{"href":"https:\/\/revistacampus.uandes.cl\/2024\/wp-json\/wp\/v2\/types\/post"}],"author":[{"embeddable":true,"href":"https:\/\/revistacampus.uandes.cl\/2024\/wp-json\/wp\/v2\/users\/3"}],"replies":[{"embeddable":true,"href":"https:\/\/revistacampus.uandes.cl\/2024\/wp-json\/wp\/v2\/comments?post=2187"}],"version-history":[{"count":5,"href":"https:\/\/revistacampus.uandes.cl\/2024\/wp-json\/wp\/v2\/posts\/2187\/revisions"}],"predecessor-version":[{"id":2234,"href":"https:\/\/revistacampus.uandes.cl\/2024\/wp-json\/wp\/v2\/posts\/2187\/revisions\/2234"}],"wp:featuredmedia":[{"embeddable":true,"href":"https:\/\/revistacampus.uandes.cl\/2024\/wp-json\/wp\/v2\/media\/2221"}],"wp:attachment":[{"href":"https:\/\/revistacampus.uandes.cl\/2024\/wp-json\/wp\/v2\/media?parent=2187"}],"wp:term":[{"taxonomy":"category","embeddable":true,"href":"https:\/\/revistacampus.uandes.cl\/2024\/wp-json\/wp\/v2\/categories?post=2187"},{"taxonomy":"post_tag","embeddable":true,"href":"https:\/\/revistacampus.uandes.cl\/2024\/wp-json\/wp\/v2\/tags?post=2187"}],"curies":[{"name":"wp","href":"https:\/\/api.w.org\/{rel}","templated":true}]}}