{"id":2184,"date":"2024-08-03T12:50:00","date_gmt":"2024-08-03T15:50:00","guid":{"rendered":"https:\/\/revistacampus.uandes.cl\/2024\/?p=2184"},"modified":"2024-10-21T13:26:00","modified_gmt":"2024-10-21T16:26:00","slug":"nuestras-plumas-derecho","status":"publish","type":"post","link":"https:\/\/revistacampus.uandes.cl\/2024\/nuestras-plumas-derecho\/","title":{"rendered":"Derecho"},"content":{"rendered":"\n<div style=\"height:100px\" aria-hidden=\"true\" class=\"wp-block-spacer\"><\/div>\n\n\n\n<div class=\"wp-block-columns is-layout-flex wp-container-core-columns-is-layout-9d6595d7 wp-block-columns-is-layout-flex\">\n<div class=\"wp-block-column is-layout-flow wp-block-column-is-layout-flow\" style=\"flex-basis:33.33%\"><div class=\"wp-block-image\">\n<figure class=\"aligncenter size-large is-resized\"><img fetchpriority=\"high\" decoding=\"async\" width=\"707\" height=\"1024\" src=\"https:\/\/revistacampus.uandes.cl\/2024\/wp-content\/uploads\/2024\/09\/Crimenes-de-lesa-humanidad-Gonzalo-Garcia-707x1024.jpg\" alt=\"\" class=\"wp-image-1641\" style=\"width:264px;height:auto\" srcset=\"https:\/\/revistacampus.uandes.cl\/2024\/wp-content\/uploads\/2024\/09\/Crimenes-de-lesa-humanidad-Gonzalo-Garcia-707x1024.jpg 707w, https:\/\/revistacampus.uandes.cl\/2024\/wp-content\/uploads\/2024\/09\/Crimenes-de-lesa-humanidad-Gonzalo-Garcia-207x300.jpg 207w, https:\/\/revistacampus.uandes.cl\/2024\/wp-content\/uploads\/2024\/09\/Crimenes-de-lesa-humanidad-Gonzalo-Garcia-768x1112.jpg 768w, https:\/\/revistacampus.uandes.cl\/2024\/wp-content\/uploads\/2024\/09\/Crimenes-de-lesa-humanidad-Gonzalo-Garcia-1061x1536.jpg 1061w, https:\/\/revistacampus.uandes.cl\/2024\/wp-content\/uploads\/2024\/09\/Crimenes-de-lesa-humanidad-Gonzalo-Garcia.jpg 1381w\" sizes=\"(max-width: 707px) 100vw, 707px\" \/><\/figure>\n<\/div><\/div>\n\n\n\n<div class=\"wp-block-column is-layout-flow wp-block-column-is-layout-flow\" style=\"flex-basis:66.66%\">\n<h2 class=\"wp-block-heading\"><strong>CR\u00cdMENES DE LESA HUMANIDAD Y ACTUACI\u00d3N DE LA POLIC\u00cdA EN EL ESTALLIDO SOCIAL<\/strong><\/h2>\n\n\n\n<p style=\"font-size:22px\"><sub><strong>Autores<\/strong>: Gonzalo Garc\u00eda Palominos, et al.<br><strong>Editorial<\/strong>: Tirant Lo Blanch<br><strong>P\u00e1ginas<\/strong>: 340<br><strong>A\u00f1o<\/strong>: 2023<\/sub><\/p>\n\n\n\n<p>En el contexto de masividad y violencia en la movilizaci\u00f3n pol\u00edtico-social, surgi\u00f3 la interrogante acerca de si los hechos que caracterizaron la respuesta estatal, con ciertos \u201cpatrones comunes\u201d de comportamiento, podr\u00edan ser subsumidos en el crimen de lesa humanidad tipificado en los arts. 1\u00b0 y ss. de la Ley N\u00b0 20.357. Junto con Lautaro Contreras, el libro pretende ser un aporte a los di\u00e1logos que la sociedad civil ha sostenido a prop\u00f3sito del estallido, desde una mirada dogm\u00e1tica penal.<\/p>\n<\/div>\n<\/div>\n\n\n\n<div class=\"wp-block-group\"><div class=\"wp-block-group__inner-container is-layout-constrained wp-block-group-is-layout-constrained\">\n<div style=\"height:20px\" aria-hidden=\"true\" class=\"wp-block-spacer\"><\/div>\n\n\n\n<hr class=\"wp-block-separator has-text-color has-alpha-channel-opacity has-background\" style=\"background-color:#e00e17;color:#e00e17\"\/>\n\n\n\n<div style=\"height:20px\" aria-hidden=\"true\" class=\"wp-block-spacer\"><\/div>\n<\/div><\/div>\n\n\n\n<div class=\"wp-block-columns is-layout-flex wp-container-core-columns-is-layout-9d6595d7 wp-block-columns-is-layout-flex\">\n<div class=\"wp-block-column is-layout-flow wp-block-column-is-layout-flow\" style=\"flex-basis:66.66%\">\n<h2 class=\"wp-block-heading\"><strong>LOS DELITOS DE CULTIVO Y TR\u00c1FICO DE DROGAS: OFENSIVIDAD Y DOLO<\/strong><\/h2>\n\n\n\n<p style=\"font-size:22px\"><sub><strong>Autores<\/strong>: Tatiana Vargas Pinto, et al.<br><strong>Editorial<\/strong>: Tirant lo Blanch<br><strong>P\u00e1ginas<\/strong>: 64<br><strong>A\u00f1o<\/strong>: 2023<\/sub><\/p>\n\n\n\n<p>Junto con Carlos K\u00fcnsem\u00fcller y Nicol\u00e1s Oxman, aborda el contenido conceptual del delito de cultivo y el aspecto subjetivo de los il\u00edcitos de tr\u00e1fico de drogas, desde un punto de vista te\u00f3rico y pr\u00e1ctico. Ofrece una interpretaci\u00f3n objetivada del contenido del dolo y del \u201c\u00e1nimo de tr\u00e1fico\u201d, un an\u00e1lisis coherente con el principio de culpabilidad y el respeto a la presunci\u00f3n de inocencia.<\/p>\n<\/div>\n\n\n\n<div class=\"wp-block-column is-layout-flow wp-block-column-is-layout-flow\" style=\"flex-basis:33.33%\"><div class=\"wp-block-image\">\n<figure class=\"aligncenter size-large is-resized\"><img decoding=\"async\" width=\"637\" height=\"1024\" src=\"https:\/\/revistacampus.uandes.cl\/2024\/wp-content\/uploads\/2024\/09\/Los-delitos-de-cultivo-y-trafico-de-drogas-ofensividad-y-dolo-Tatiana-Vargas-637x1024.jpg\" alt=\"\" class=\"wp-image-1639\" style=\"width:264px;height:auto\" srcset=\"https:\/\/revistacampus.uandes.cl\/2024\/wp-content\/uploads\/2024\/09\/Los-delitos-de-cultivo-y-trafico-de-drogas-ofensividad-y-dolo-Tatiana-Vargas-637x1024.jpg 637w, https:\/\/revistacampus.uandes.cl\/2024\/wp-content\/uploads\/2024\/09\/Los-delitos-de-cultivo-y-trafico-de-drogas-ofensividad-y-dolo-Tatiana-Vargas-187x300.jpg 187w, https:\/\/revistacampus.uandes.cl\/2024\/wp-content\/uploads\/2024\/09\/Los-delitos-de-cultivo-y-trafico-de-drogas-ofensividad-y-dolo-Tatiana-Vargas-768x1235.jpg 768w, https:\/\/revistacampus.uandes.cl\/2024\/wp-content\/uploads\/2024\/09\/Los-delitos-de-cultivo-y-trafico-de-drogas-ofensividad-y-dolo-Tatiana-Vargas-955x1536.jpg 955w, https:\/\/revistacampus.uandes.cl\/2024\/wp-content\/uploads\/2024\/09\/Los-delitos-de-cultivo-y-trafico-de-drogas-ofensividad-y-dolo-Tatiana-Vargas.jpg 1244w\" sizes=\"(max-width: 637px) 100vw, 637px\" \/><\/figure>\n<\/div><\/div>\n<\/div>\n\n\n\n<div class=\"wp-block-group\"><div class=\"wp-block-group__inner-container is-layout-constrained wp-block-group-is-layout-constrained\">\n<div style=\"height:20px\" aria-hidden=\"true\" class=\"wp-block-spacer\"><\/div>\n\n\n\n<hr class=\"wp-block-separator has-text-color has-alpha-channel-opacity has-background\" style=\"background-color:#e00e17;color:#e00e17\"\/>\n\n\n\n<div style=\"height:20px\" aria-hidden=\"true\" class=\"wp-block-spacer\"><\/div>\n<\/div><\/div>\n\n\n\n<div class=\"wp-block-columns is-layout-flex wp-container-core-columns-is-layout-9d6595d7 wp-block-columns-is-layout-flex\">\n<div class=\"wp-block-column is-layout-flow wp-block-column-is-layout-flow\" style=\"flex-basis:33.33%\"><div class=\"wp-block-image\">\n<figure class=\"aligncenter size-large is-resized\"><img decoding=\"async\" width=\"711\" height=\"1024\" src=\"https:\/\/revistacampus.uandes.cl\/2024\/wp-content\/uploads\/2024\/09\/Miedo-insuperable-y-estado-de-necesidad-Rodrigo-Guerra-711x1024.jpg\" alt=\"\" class=\"wp-image-1631\" style=\"width:264px;height:auto\" srcset=\"https:\/\/revistacampus.uandes.cl\/2024\/wp-content\/uploads\/2024\/09\/Miedo-insuperable-y-estado-de-necesidad-Rodrigo-Guerra-711x1024.jpg 711w, https:\/\/revistacampus.uandes.cl\/2024\/wp-content\/uploads\/2024\/09\/Miedo-insuperable-y-estado-de-necesidad-Rodrigo-Guerra-208x300.jpg 208w, https:\/\/revistacampus.uandes.cl\/2024\/wp-content\/uploads\/2024\/09\/Miedo-insuperable-y-estado-de-necesidad-Rodrigo-Guerra-768x1106.jpg 768w, https:\/\/revistacampus.uandes.cl\/2024\/wp-content\/uploads\/2024\/09\/Miedo-insuperable-y-estado-de-necesidad-Rodrigo-Guerra-1067x1536.jpg 1067w, https:\/\/revistacampus.uandes.cl\/2024\/wp-content\/uploads\/2024\/09\/Miedo-insuperable-y-estado-de-necesidad-Rodrigo-Guerra.jpg 1389w\" sizes=\"(max-width: 711px) 100vw, 711px\" \/><\/figure>\n<\/div><\/div>\n\n\n\n<div class=\"wp-block-column is-layout-flow wp-block-column-is-layout-flow\" style=\"flex-basis:66.66%\">\n<h2 class=\"wp-block-heading\"><strong>MIEDO INSUPERABLE Y ESTADO DE NECESIDAD<br>Casos de cr\u00edmenes y simples delitos contra las personas<\/strong><\/h2>\n\n\n\n<p style=\"font-size:22px\"><sub><strong>Autor<\/strong>: Rodrigo Guerra Espinosa<br><strong>Editorial<\/strong>: Tirant lo Blanch<br><strong>P\u00e1ginas<\/strong>: 176<br><strong>A\u00f1o<\/strong>: 2023<\/sub><\/p>\n\n\n\n<p>En el marco del Proyecto Fondecyt 11190024, este libro contribuye a la diferenciaci\u00f3n dogm\u00e1tica de las eximentes de responsabilidad, fundamentales para la comprensi\u00f3n de la teor\u00eda del delito. Toma como referencia la regulaci\u00f3n chilena a trav\u00e9s de diferentes casos complejos de extrema necesidad. No es solo un trabajo sobre el miedo insuperable y el estado de necesidad, sino tambi\u00e9n una invitaci\u00f3n a reflexionar sobre casos dif\u00edciles en un contexto filos\u00f3fico-jur\u00eddico, social y cultural.<\/p>\n<\/div>\n<\/div>\n\n\n\n<div class=\"wp-block-group\"><div class=\"wp-block-group__inner-container is-layout-constrained wp-block-group-is-layout-constrained\">\n<div style=\"height:20px\" aria-hidden=\"true\" class=\"wp-block-spacer\"><\/div>\n\n\n\n<hr class=\"wp-block-separator has-text-color has-alpha-channel-opacity has-background\" style=\"background-color:#e00e17;color:#e00e17\"\/>\n\n\n\n<div style=\"height:20px\" aria-hidden=\"true\" class=\"wp-block-spacer\"><\/div>\n<\/div><\/div>\n\n\n\n<div class=\"wp-block-columns is-layout-flex wp-container-core-columns-is-layout-9d6595d7 wp-block-columns-is-layout-flex\">\n<div class=\"wp-block-column is-layout-flow wp-block-column-is-layout-flow\" style=\"flex-basis:66.66%\">\n<h2 class=\"wp-block-heading\"><strong>DERECHOS DE DA\u00d1OS Y RESPONSABILIDAD CIVIL<\/strong><br><strong>Temas actuales y futuros<\/strong><\/h2>\n\n\n\n<p style=\"font-size:22px\"><sub><strong>Editor<\/strong>: Gian Franco Rosso Elorriaga<br><strong>Editorial<\/strong>: Tirant lo Blanch<br><strong>P\u00e1ginas<\/strong>: 390<br><strong>A\u00f1o<\/strong>: 2023<\/sub><\/p>\n\n\n\n<p>La noci\u00f3n de Derecho de da\u00f1os comprende la multiplicidad de reg\u00edmenes de cobertura de riesgos existentes en la actualidad, de los cuales la responsabilidad civil es solo una especie. El libro recopila las investigaciones relativas a esos otros reg\u00edmenes llevadas adelante por profesores que imparten el Mag\u00edster en Derecho de Da\u00f1os y Responsabilidad Civil de la Universidad de los Andes, afiliados a esta casa de estudios e invitados de otras instituciones.<\/p>\n<\/div>\n\n\n\n<div class=\"wp-block-column is-layout-flow wp-block-column-is-layout-flow\" style=\"flex-basis:33.33%\"><div class=\"wp-block-image\">\n<figure class=\"aligncenter size-large is-resized\"><img loading=\"lazy\" decoding=\"async\" width=\"713\" height=\"1024\" src=\"https:\/\/revistacampus.uandes.cl\/2024\/wp-content\/uploads\/2024\/09\/Derechos-de-danos-y-responsabilidad-civil-Yasna-Otarola-713x1024.jpg\" alt=\"\" class=\"wp-image-1638\" style=\"width:264px;height:auto\" srcset=\"https:\/\/revistacampus.uandes.cl\/2024\/wp-content\/uploads\/2024\/09\/Derechos-de-danos-y-responsabilidad-civil-Yasna-Otarola-713x1024.jpg 713w, https:\/\/revistacampus.uandes.cl\/2024\/wp-content\/uploads\/2024\/09\/Derechos-de-danos-y-responsabilidad-civil-Yasna-Otarola-209x300.jpg 209w, https:\/\/revistacampus.uandes.cl\/2024\/wp-content\/uploads\/2024\/09\/Derechos-de-danos-y-responsabilidad-civil-Yasna-Otarola-768x1103.jpg 768w, https:\/\/revistacampus.uandes.cl\/2024\/wp-content\/uploads\/2024\/09\/Derechos-de-danos-y-responsabilidad-civil-Yasna-Otarola-1069x1536.jpg 1069w, https:\/\/revistacampus.uandes.cl\/2024\/wp-content\/uploads\/2024\/09\/Derechos-de-danos-y-responsabilidad-civil-Yasna-Otarola.jpg 1392w\" sizes=\"(max-width: 713px) 100vw, 713px\" \/><\/figure>\n<\/div><\/div>\n<\/div>\n\n\n\n<div class=\"wp-block-group\"><div class=\"wp-block-group__inner-container is-layout-constrained wp-block-group-is-layout-constrained\">\n<div style=\"height:20px\" aria-hidden=\"true\" class=\"wp-block-spacer\"><\/div>\n\n\n\n<hr class=\"wp-block-separator has-text-color has-alpha-channel-opacity has-background\" style=\"background-color:#e00e17;color:#e00e17\"\/>\n\n\n\n<div style=\"height:20px\" aria-hidden=\"true\" class=\"wp-block-spacer\"><\/div>\n<\/div><\/div>\n\n\n\n<div class=\"wp-block-columns is-layout-flex wp-container-core-columns-is-layout-9d6595d7 wp-block-columns-is-layout-flex\">\n<div class=\"wp-block-column is-layout-flow wp-block-column-is-layout-flow\" style=\"flex-basis:33.33%\"><div class=\"wp-block-image\">\n<figure class=\"aligncenter size-large is-resized\"><img loading=\"lazy\" decoding=\"async\" width=\"719\" height=\"1024\" src=\"https:\/\/revistacampus.uandes.cl\/2024\/wp-content\/uploads\/2024\/09\/Dano-e-interes-Manuel-Grasso-719x1024.jpg\" alt=\"\" class=\"wp-image-1649\" style=\"width:264px;height:auto\" srcset=\"https:\/\/revistacampus.uandes.cl\/2024\/wp-content\/uploads\/2024\/09\/Dano-e-interes-Manuel-Grasso-719x1024.jpg 719w, https:\/\/revistacampus.uandes.cl\/2024\/wp-content\/uploads\/2024\/09\/Dano-e-interes-Manuel-Grasso-211x300.jpg 211w, https:\/\/revistacampus.uandes.cl\/2024\/wp-content\/uploads\/2024\/09\/Dano-e-interes-Manuel-Grasso-768x1094.jpg 768w, https:\/\/revistacampus.uandes.cl\/2024\/wp-content\/uploads\/2024\/09\/Dano-e-interes-Manuel-Grasso-1078x1536.jpg 1078w, https:\/\/revistacampus.uandes.cl\/2024\/wp-content\/uploads\/2024\/09\/Dano-e-interes-Manuel-Grasso.jpg 1404w\" sizes=\"(max-width: 719px) 100vw, 719px\" \/><\/figure>\n<\/div><\/div>\n\n\n\n<div class=\"wp-block-column is-layout-flow wp-block-column-is-layout-flow\" style=\"flex-basis:66.66%\">\n<h2 class=\"wp-block-heading\"><strong>DA\u00d1O E INTER\u00c9S<br>El problema de la cuantificaci\u00f3n de la condena en el derecho<\/strong><\/h2>\n\n\n\n<p style=\"font-size:22px\"><sub><strong>Autores<\/strong>: Manuel Grasso<br><strong>Editorial<\/strong>: Universidad Externado de Colombia<br><strong>P\u00e1ginas<\/strong>: 570<br><strong>A\u00f1o<\/strong>: 2024<\/sub><\/p>\n\n\n\n<p>Este libro reconstruye los contextos originarios de producci\u00f3n y aplicaci\u00f3n de algunas soluciones que sirvieron de base para la elaboraci\u00f3n de los conceptos, principios y reglas que conforman las disciplinas modernas del resarcimiento del da\u00f1o. Da cuenta de los debates entre juristas acerca del car\u00e1cter justo o injusto de las soluciones, los intentos de expansi\u00f3n de esas soluciones a casos an\u00e1logos y los problemas que se generan en su concreta aplicaci\u00f3n.<\/p>\n<\/div>\n<\/div>\n\n\n\n<div class=\"wp-block-group\"><div class=\"wp-block-group__inner-container is-layout-constrained wp-block-group-is-layout-constrained\">\n<div style=\"height:20px\" aria-hidden=\"true\" class=\"wp-block-spacer\"><\/div>\n\n\n\n<hr class=\"wp-block-separator has-text-color has-alpha-channel-opacity has-background\" style=\"background-color:#e00e17;color:#e00e17\"\/>\n\n\n\n<div style=\"height:20px\" aria-hidden=\"true\" class=\"wp-block-spacer\"><\/div>\n<\/div><\/div>\n\n\n\n<div class=\"wp-block-columns is-layout-flex wp-container-core-columns-is-layout-9d6595d7 wp-block-columns-is-layout-flex\">\n<div class=\"wp-block-column is-layout-flow wp-block-column-is-layout-flow\" style=\"flex-basis:66.66%\">\n<h2 class=\"wp-block-heading\"><strong>ACTO Y PROCEDIMIENTO ADMINISTRATIVO<br>An\u00e1lisis normativo, dogm\u00e1tico y jurisprudencial a veinte a\u00f1os de la ley N\u00ba 19.880<\/strong><\/h2>\n\n\n\n<p style=\"font-size:22px\"><sub><strong>Autores<\/strong>: Jaime Arancibia M., Juan Carlos Flores R. y Rosa G\u00f3mez G.<br><strong>Editorial<\/strong>: DER Ediciones<br><strong>P\u00e1ginas<\/strong>: 346<br><strong>A\u00f1o<\/strong>: 2023<\/sub><\/p>\n\n\n\n<p>Analiza los art\u00edculos de la Ley de Bases del Procedimiento Administrativo (LBPA), que regula los actos de los \u00f3rganos de la administraci\u00f3n del Estado, bajo una perspectiva normativa, dogm\u00e1tica y jurisprudencial, a veinte a\u00f1os de su publicaci\u00f3n. Proporciona una aproximaci\u00f3n interpretativa acerca de las normas de traducci\u00f3n electr\u00f3nica incorporadas recientemente y una recopilaci\u00f3n de la doctrina nacional sobre acto y procedimiento administrativo publicada desde la entrada en vigor de la Ley.<\/p>\n<\/div>\n\n\n\n<div class=\"wp-block-column is-layout-flow wp-block-column-is-layout-flow\" style=\"flex-basis:33.33%\"><div class=\"wp-block-image\">\n<figure class=\"aligncenter size-large is-resized\"><img loading=\"lazy\" decoding=\"async\" width=\"671\" height=\"1024\" src=\"https:\/\/revistacampus.uandes.cl\/2024\/wp-content\/uploads\/2024\/09\/Acto-y-procedimiento-administrativo-Arancibia-Flores-y-Gomez-e1725552236225-671x1024.jpg\" alt=\"\" class=\"wp-image-1633\" style=\"width:264px;height:auto\" srcset=\"https:\/\/revistacampus.uandes.cl\/2024\/wp-content\/uploads\/2024\/09\/Acto-y-procedimiento-administrativo-Arancibia-Flores-y-Gomez-e1725552236225-671x1024.jpg 671w, https:\/\/revistacampus.uandes.cl\/2024\/wp-content\/uploads\/2024\/09\/Acto-y-procedimiento-administrativo-Arancibia-Flores-y-Gomez-e1725552236225-197x300.jpg 197w, https:\/\/revistacampus.uandes.cl\/2024\/wp-content\/uploads\/2024\/09\/Acto-y-procedimiento-administrativo-Arancibia-Flores-y-Gomez-e1725552236225-768x1173.jpg 768w, https:\/\/revistacampus.uandes.cl\/2024\/wp-content\/uploads\/2024\/09\/Acto-y-procedimiento-administrativo-Arancibia-Flores-y-Gomez-e1725552236225-1006x1536.jpg 1006w, https:\/\/revistacampus.uandes.cl\/2024\/wp-content\/uploads\/2024\/09\/Acto-y-procedimiento-administrativo-Arancibia-Flores-y-Gomez-e1725552236225.jpg 1310w\" sizes=\"(max-width: 671px) 100vw, 671px\" \/><\/figure>\n<\/div><\/div>\n<\/div>\n\n\n\n<div class=\"wp-block-group\"><div class=\"wp-block-group__inner-container is-layout-constrained wp-block-group-is-layout-constrained\">\n<div style=\"height:20px\" aria-hidden=\"true\" class=\"wp-block-spacer\"><\/div>\n\n\n\n<hr class=\"wp-block-separator has-text-color has-alpha-channel-opacity has-background\" style=\"background-color:#e00e17;color:#e00e17\"\/>\n\n\n\n<div style=\"height:20px\" aria-hidden=\"true\" class=\"wp-block-spacer\"><\/div>\n<\/div><\/div>\n\n\n\n<div class=\"wp-block-columns is-layout-flex wp-container-core-columns-is-layout-9d6595d7 wp-block-columns-is-layout-flex\">\n<div class=\"wp-block-column is-layout-flow wp-block-column-is-layout-flow\" style=\"flex-basis:33.33%\"><div class=\"wp-block-image\">\n<figure class=\"aligncenter size-large is-resized\"><img loading=\"lazy\" decoding=\"async\" width=\"675\" height=\"1024\" src=\"https:\/\/revistacampus.uandes.cl\/2024\/wp-content\/uploads\/2024\/09\/Revision-del-acto-administrativo-Juan-Carlos-Flores-e1725552200550-675x1024.jpg\" alt=\"\" class=\"wp-image-1636\" style=\"width:264px;height:auto\" srcset=\"https:\/\/revistacampus.uandes.cl\/2024\/wp-content\/uploads\/2024\/09\/Revision-del-acto-administrativo-Juan-Carlos-Flores-e1725552200550-675x1024.jpg 675w, https:\/\/revistacampus.uandes.cl\/2024\/wp-content\/uploads\/2024\/09\/Revision-del-acto-administrativo-Juan-Carlos-Flores-e1725552200550-198x300.jpg 198w, https:\/\/revistacampus.uandes.cl\/2024\/wp-content\/uploads\/2024\/09\/Revision-del-acto-administrativo-Juan-Carlos-Flores-e1725552200550-768x1164.jpg 768w, https:\/\/revistacampus.uandes.cl\/2024\/wp-content\/uploads\/2024\/09\/Revision-del-acto-administrativo-Juan-Carlos-Flores-e1725552200550-1013x1536.jpg 1013w, https:\/\/revistacampus.uandes.cl\/2024\/wp-content\/uploads\/2024\/09\/Revision-del-acto-administrativo-Juan-Carlos-Flores-e1725552200550.jpg 1310w\" sizes=\"(max-width: 675px) 100vw, 675px\" \/><\/figure>\n<\/div><\/div>\n\n\n\n<div class=\"wp-block-column is-layout-flow wp-block-column-is-layout-flow\" style=\"flex-basis:66.66%\">\n<h2 class=\"wp-block-heading\"><strong>REVISI\u00d3N DEL ACTO ADMINISTRATIVO Recursos administrativos, invalidaci\u00f3n, revocaci\u00f3n, caducidad y decaimiento<\/strong><\/h2>\n\n\n\n<p style=\"font-size:22px\"><sub><strong>Autor<\/strong>: Juan Carlos Flores Rivas<br><strong>Editorial<\/strong>: DER Ediciones<br><strong>P\u00e1ginas<\/strong>: 212<br><strong>A\u00f1o<\/strong>: 2023<\/sub><\/p>\n\n\n\n<p>Contribuyendo a la discusi\u00f3n acad\u00e9mica a casi 20 a\u00f1os de la Ley N\u00b0 19.880, estudia los mecanismos dispuestos para revisar los actos administrativos. Examina los recursos administrativos y jurisdiccionales disponibles para solicitar la revisi\u00f3n, as\u00ed como el ejercicio de potestades administrativas de autocontrol frente a actos viciados, cuyos efectos no son compatibles con el inter\u00e9s general, o ante el incumplimiento de cargas u obligaciones esenciales del acto.<\/p>\n<\/div>\n<\/div>\n\n\n\n<div class=\"wp-block-group\"><div class=\"wp-block-group__inner-container is-layout-constrained wp-block-group-is-layout-constrained\">\n<div style=\"height:20px\" aria-hidden=\"true\" class=\"wp-block-spacer\"><\/div>\n\n\n\n<hr class=\"wp-block-separator has-text-color has-alpha-channel-opacity has-background\" style=\"background-color:#e00e17;color:#e00e17\"\/>\n\n\n\n<div style=\"height:20px\" aria-hidden=\"true\" class=\"wp-block-spacer\"><\/div>\n<\/div><\/div>\n\n\n\n<div class=\"wp-block-columns is-layout-flex wp-container-core-columns-is-layout-9d6595d7 wp-block-columns-is-layout-flex\">\n<div class=\"wp-block-column is-layout-flow wp-block-column-is-layout-flow\" style=\"flex-basis:66.66%\">\n<h2 class=\"wp-block-heading\"><strong>LAS PARTES EN EL PROCESO <\/strong><br><strong>IX Jornadas Nacionales de Derecho Procesal<\/strong><\/h2>\n\n\n\n<p style=\"font-size:22px\"><sub><strong>Coordinadores<\/strong>: Orlando Poblete Iturrate y Flavia Cilveti Medina<br><strong>Editorial<\/strong>: Tirant Lo Blanch<br><strong>P\u00e1ginas<\/strong>: 954<br><strong>A\u00f1o<\/strong>: 2024<\/sub><\/p>\n\n\n\n<p>La dedicaci\u00f3n de las IX Jornadas de Derecho Procesal al estudio de las partes busca avanzar en la mejor comprensi\u00f3n de este concepto clave y determinante del proceso jurisdiccional, a la vez que aquilatar su evoluci\u00f3n y sus consecuencias. Esta obra colectiva re\u00fane el trabajo presentado en las IX Jornadas, organizadas por 13 universidades e institutos dedicados al derecho procesal, y cuya sede fue la Universidad de los Andes.<\/p>\n<\/div>\n\n\n\n<div class=\"wp-block-column is-layout-flow wp-block-column-is-layout-flow\" style=\"flex-basis:33.33%\"><div class=\"wp-block-image\">\n<figure class=\"aligncenter size-large is-resized\"><img loading=\"lazy\" decoding=\"async\" width=\"727\" height=\"1024\" src=\"https:\/\/revistacampus.uandes.cl\/2024\/wp-content\/uploads\/2024\/09\/Las-Partes-en-el-Proceso-Orlando-Poblete-e1725552301511-727x1024.jpg\" alt=\"\" class=\"wp-image-1640\" style=\"width:264px;height:auto\" srcset=\"https:\/\/revistacampus.uandes.cl\/2024\/wp-content\/uploads\/2024\/09\/Las-Partes-en-el-Proceso-Orlando-Poblete-e1725552301511-727x1024.jpg 727w, https:\/\/revistacampus.uandes.cl\/2024\/wp-content\/uploads\/2024\/09\/Las-Partes-en-el-Proceso-Orlando-Poblete-e1725552301511-213x300.jpg 213w, https:\/\/revistacampus.uandes.cl\/2024\/wp-content\/uploads\/2024\/09\/Las-Partes-en-el-Proceso-Orlando-Poblete-e1725552301511-768x1082.jpg 768w, https:\/\/revistacampus.uandes.cl\/2024\/wp-content\/uploads\/2024\/09\/Las-Partes-en-el-Proceso-Orlando-Poblete-e1725552301511-1091x1536.jpg 1091w, https:\/\/revistacampus.uandes.cl\/2024\/wp-content\/uploads\/2024\/09\/Las-Partes-en-el-Proceso-Orlando-Poblete-e1725552301511.jpg 1413w\" sizes=\"(max-width: 727px) 100vw, 727px\" \/><\/figure>\n<\/div><\/div>\n<\/div>\n\n\n\n<div class=\"wp-block-group\"><div class=\"wp-block-group__inner-container is-layout-constrained wp-block-group-is-layout-constrained\">\n<div style=\"height:20px\" aria-hidden=\"true\" class=\"wp-block-spacer\"><\/div>\n\n\n\n<hr class=\"wp-block-separator has-text-color has-alpha-channel-opacity has-background\" style=\"background-color:#e00e17;color:#e00e17\"\/>\n\n\n\n<div style=\"height:20px\" aria-hidden=\"true\" class=\"wp-block-spacer\"><\/div>\n<\/div><\/div>\n\n\n\n<div class=\"wp-block-columns is-layout-flex wp-container-core-columns-is-layout-9d6595d7 wp-block-columns-is-layout-flex\">\n<div class=\"wp-block-column is-layout-flow wp-block-column-is-layout-flow\" style=\"flex-basis:33.33%\"><div class=\"wp-block-image\">\n<figure class=\"aligncenter size-large is-resized\"><img loading=\"lazy\" decoding=\"async\" width=\"668\" height=\"1024\" src=\"https:\/\/revistacampus.uandes.cl\/2024\/wp-content\/uploads\/2024\/09\/Uso-de-la-fuerza-Tatiana-Vargas-668x1024.jpg\" alt=\"\" class=\"wp-image-1645\" style=\"width:264px;height:auto\" srcset=\"https:\/\/revistacampus.uandes.cl\/2024\/wp-content\/uploads\/2024\/09\/Uso-de-la-fuerza-Tatiana-Vargas-668x1024.jpg 668w, https:\/\/revistacampus.uandes.cl\/2024\/wp-content\/uploads\/2024\/09\/Uso-de-la-fuerza-Tatiana-Vargas-196x300.jpg 196w, https:\/\/revistacampus.uandes.cl\/2024\/wp-content\/uploads\/2024\/09\/Uso-de-la-fuerza-Tatiana-Vargas-768x1178.jpg 768w, https:\/\/revistacampus.uandes.cl\/2024\/wp-content\/uploads\/2024\/09\/Uso-de-la-fuerza-Tatiana-Vargas-1001x1536.jpg 1001w, https:\/\/revistacampus.uandes.cl\/2024\/wp-content\/uploads\/2024\/09\/Uso-de-la-fuerza-Tatiana-Vargas.jpg 1304w\" sizes=\"(max-width: 668px) 100vw, 668px\" \/><\/figure>\n<\/div><\/div>\n\n\n\n<div class=\"wp-block-column is-layout-flow wp-block-column-is-layout-flow\" style=\"flex-basis:66.66%\">\n<h2 class=\"wp-block-heading\"><strong>USO DE LA FUERZA POR FUNCIONARIOS ESTATALES<\/strong><br><strong>L\u00edmites y excesos<\/strong><\/h2>\n\n\n\n<p style=\"font-size:22px\"><sub><strong>Autor<\/strong>: Tatiana Vargas Pinto, et al.<br><strong>Editorial<\/strong>: DER Ediciones<br><strong>P\u00e1ginas<\/strong>: 148<br><strong>A\u00f1o<\/strong>: 2024<\/sub><\/p>\n\n\n\n<p>Este manual, realizado junto con Tania Gajardo, examina la normativa internacional, el marco jur\u00eddico nacional, los l\u00edmites de las actuaciones policiales y las pautas de actuaciones leg\u00edtimas que definen excesos y eventuales responsabilidades en el uso de la fuerza policial. Se enfrenta al rol de los jueces respecto de los l\u00edmites para el uso de la fuerza en el proceso penal, con un an\u00e1lisis de casos, e incluye las \u00faltimas modificaciones legales de 2023 y fallos recientes.<\/p>\n<\/div>\n<\/div>\n\n\n\n<div class=\"wp-block-group\"><div class=\"wp-block-group__inner-container is-layout-constrained wp-block-group-is-layout-constrained\">\n<div style=\"height:20px\" aria-hidden=\"true\" class=\"wp-block-spacer\"><\/div>\n\n\n\n<hr class=\"wp-block-separator has-text-color has-alpha-channel-opacity has-background\" style=\"background-color:#e00e17;color:#e00e17\"\/>\n\n\n\n<div style=\"height:20px\" aria-hidden=\"true\" class=\"wp-block-spacer\"><\/div>\n<\/div><\/div>\n\n\n\n<div class=\"wp-block-columns is-layout-flex wp-container-core-columns-is-layout-9d6595d7 wp-block-columns-is-layout-flex\">\n<div class=\"wp-block-column is-layout-flow wp-block-column-is-layout-flow\" style=\"flex-basis:66.66%\">\n<h2 class=\"wp-block-heading\"><strong>CURSO DE DERECHO CIVIL: OBLIGACIONES<\/strong><\/h2>\n\n\n\n<p style=\"font-size:22px\"><sub><strong>Autor<\/strong>: Hern\u00e1n Corral Talciani<br><strong>Editorial<\/strong>: Thomson Reuters<br><strong>P\u00e1ginas<\/strong>: 835<br><strong>A\u00f1o<\/strong>: 2023<\/sub><\/p>\n\n\n\n<p>Este tercer volumen analiza las obligaciones en siete partes. Comienza por el v\u00ednculo obligacional y sus fuentes, y sigue con la clasificaci\u00f3n de las obligaciones. Luego, estudia el cumplimiento obligacional, prosigue con el incumplimiento y los medios de tutela del acreedor, y analiza otros medios de tutela de las relaciones obligatorias bilaterales. La pen\u00faltima parte se dedica a las modificaciones y transmisiones de las obligaciones, y la \u00faltima, al estudio de los modos de extinci\u00f3n de estas.<\/p>\n<\/div>\n\n\n\n<div class=\"wp-block-column is-layout-flow wp-block-column-is-layout-flow\" style=\"flex-basis:33.33%\"><div class=\"wp-block-image\">\n<figure class=\"aligncenter size-large is-resized\"><img loading=\"lazy\" decoding=\"async\" width=\"792\" height=\"1024\" src=\"https:\/\/revistacampus.uandes.cl\/2024\/wp-content\/uploads\/2024\/09\/Curso-de-derecho-civil-_-Obligaciones-Hernan-Corral-792x1024.jpg\" alt=\"\" class=\"wp-image-1630\" style=\"width:264px;height:auto\" srcset=\"https:\/\/revistacampus.uandes.cl\/2024\/wp-content\/uploads\/2024\/09\/Curso-de-derecho-civil-_-Obligaciones-Hernan-Corral-792x1024.jpg 792w, https:\/\/revistacampus.uandes.cl\/2024\/wp-content\/uploads\/2024\/09\/Curso-de-derecho-civil-_-Obligaciones-Hernan-Corral-232x300.jpg 232w, https:\/\/revistacampus.uandes.cl\/2024\/wp-content\/uploads\/2024\/09\/Curso-de-derecho-civil-_-Obligaciones-Hernan-Corral-768x993.jpg 768w, https:\/\/revistacampus.uandes.cl\/2024\/wp-content\/uploads\/2024\/09\/Curso-de-derecho-civil-_-Obligaciones-Hernan-Corral-1188x1536.jpg 1188w, https:\/\/revistacampus.uandes.cl\/2024\/wp-content\/uploads\/2024\/09\/Curso-de-derecho-civil-_-Obligaciones-Hernan-Corral.jpg 1547w\" sizes=\"(max-width: 792px) 100vw, 792px\" \/><\/figure>\n<\/div><\/div>\n<\/div>\n\n\n\n<div class=\"wp-block-group\"><div class=\"wp-block-group__inner-container is-layout-constrained wp-block-group-is-layout-constrained\">\n<div style=\"height:20px\" aria-hidden=\"true\" class=\"wp-block-spacer\"><\/div>\n\n\n\n<hr class=\"wp-block-separator has-text-color has-alpha-channel-opacity has-background\" style=\"background-color:#e00e17;color:#e00e17\"\/>\n\n\n\n<div style=\"height:20px\" aria-hidden=\"true\" class=\"wp-block-spacer\"><\/div>\n<\/div><\/div>\n\n\n\n<div class=\"wp-block-columns is-layout-flex wp-container-core-columns-is-layout-9d6595d7 wp-block-columns-is-layout-flex\">\n<div class=\"wp-block-column is-layout-flow wp-block-column-is-layout-flow\" style=\"flex-basis:33.33%\"><div class=\"wp-block-image\">\n<figure class=\"aligncenter size-large is-resized\"><img loading=\"lazy\" decoding=\"async\" width=\"741\" height=\"1024\" src=\"https:\/\/revistacampus.uandes.cl\/2024\/wp-content\/uploads\/2024\/09\/Curso-de-Derecho-Procesal-Civil-Alejandro-Romero-741x1024.jpg\" alt=\"\" class=\"wp-image-1643\" style=\"width:264px;height:auto\" srcset=\"https:\/\/revistacampus.uandes.cl\/2024\/wp-content\/uploads\/2024\/09\/Curso-de-Derecho-Procesal-Civil-Alejandro-Romero-741x1024.jpg 741w, https:\/\/revistacampus.uandes.cl\/2024\/wp-content\/uploads\/2024\/09\/Curso-de-Derecho-Procesal-Civil-Alejandro-Romero-217x300.jpg 217w, https:\/\/revistacampus.uandes.cl\/2024\/wp-content\/uploads\/2024\/09\/Curso-de-Derecho-Procesal-Civil-Alejandro-Romero-768x1061.jpg 768w, https:\/\/revistacampus.uandes.cl\/2024\/wp-content\/uploads\/2024\/09\/Curso-de-Derecho-Procesal-Civil-Alejandro-Romero-1112x1536.jpg 1112w, https:\/\/revistacampus.uandes.cl\/2024\/wp-content\/uploads\/2024\/09\/Curso-de-Derecho-Procesal-Civil-Alejandro-Romero.jpg 1448w\" sizes=\"(max-width: 741px) 100vw, 741px\" \/><\/figure>\n<\/div><\/div>\n\n\n\n<div class=\"wp-block-column is-layout-flow wp-block-column-is-layout-flow\" style=\"flex-basis:66.66%\">\n<h2 class=\"wp-block-heading\"><strong>CURSO DE DERECHO PROCESAL CIVIL<br>Tomos I (4\u00aa ed.), II (4\u00aa ed.) y III (2\u00aa ed.)<\/strong><\/h2>\n\n\n\n<p style=\"font-size:22px\"><sub><strong>Autor<\/strong>: Alejandro Romero Seguel<br><strong>Editorial<\/strong>: Ediciones UC<br><strong>P\u00e1ginas<\/strong>: (1) 198, (2) 324, (3) 200<br><strong>A\u00f1o<\/strong>: 2024<\/sub><\/p>\n\n\n\n<p>En estos tomos se explica la forma c\u00f3mo se solicita la protecci\u00f3n jur\u00eddica en el proceso civil, mediante el ejercicio del derecho de acci\u00f3n y su nexo con los presupuestos procesales relativos al \u00f3rgano jurisdiccional, a las partes y al procedimiento. Este Curso se ha convertido en un cl\u00e1sico en la ense\u00f1anza del derecho procesal en Chile. Su cita frecuente en las sentencias de los tribunales revela la utilidad pr\u00e1ctica que ha adquirido este trabajo, que se presenta actualizado.<\/p>\n<\/div>\n<\/div>\n\n\n\n<div class=\"wp-block-group\"><div class=\"wp-block-group__inner-container is-layout-constrained wp-block-group-is-layout-constrained\">\n<div style=\"height:20px\" aria-hidden=\"true\" class=\"wp-block-spacer\"><\/div>\n\n\n\n<hr class=\"wp-block-separator has-text-color has-alpha-channel-opacity has-background\" style=\"background-color:#e00e17;color:#e00e17\"\/>\n\n\n\n<div style=\"height:20px\" aria-hidden=\"true\" class=\"wp-block-spacer\"><\/div>\n<\/div><\/div>\n\n\n\n<h2 class=\"wp-block-heading has-text-align-center\"><strong>Nuestras Plumas<\/strong><\/h2>\n\n\n\n<div class=\"wp-block-columns is-layout-flex wp-container-core-columns-is-layout-9d6595d7 wp-block-columns-is-layout-flex\">\n<div class=\"wp-block-column is-layout-flow wp-block-column-is-layout-flow\">\n<div class=\"wp-block-buttons is-layout-flex wp-block-buttons-is-layout-flex\">\n<div class=\"wp-block-button has-custom-width wp-block-button__width-100 is-style-fill\"><a class=\"wp-block-button__link has-white-color has-vivid-red-background-color has-text-color has-background has-link-color wp-element-button\" href=\"https:\/\/revistacampus.uandes.cl\/2024\/nuestras-plumas-filosofia\/\" style=\"border-radius:0px\">Filosof\u00eda<br><\/a><\/div>\n<\/div>\n<\/div>\n\n\n\n<div class=\"wp-block-column is-layout-flow wp-block-column-is-layout-flow\">\n<div class=\"wp-block-buttons is-layout-flex wp-block-buttons-is-layout-flex\">\n<div class=\"wp-block-button has-custom-width wp-block-button__width-100\"><a class=\"wp-block-button__link has-white-color has-vivid-red-background-color has-text-color has-background has-link-color wp-element-button\" href=\"https:\/\/revistacampus.uandes.cl\/2024\/nuestras-plumas-historia-economia\/\" style=\"border-radius:0px\">Historia y Econom\u00eda<\/a><\/div>\n<\/div>\n<\/div>\n\n\n\n<div class=\"wp-block-column is-layout-flow wp-block-column-is-layout-flow\">\n<div class=\"wp-block-buttons is-layout-flex wp-block-buttons-is-layout-flex\">\n<div class=\"wp-block-button has-custom-width wp-block-button__width-100\"><a class=\"wp-block-button__link has-white-color has-vivid-red-background-color has-text-color has-background has-link-color wp-element-button\" href=\"https:\/\/revistacampus.uandes.cl\/2024\/nuestras-plumas-literatura-y-fe\/\" style=\"border-radius:0px\">Literatura y Fe<br><\/a><\/div>\n<\/div>\n<\/div>\n\n\n\n<div class=\"wp-block-column is-layout-flow wp-block-column-is-layout-flow\">\n<div class=\"wp-block-buttons is-layout-flex wp-block-buttons-is-layout-flex\">\n<div class=\"wp-block-button has-custom-width wp-block-button__width-100\"><a class=\"wp-block-button__link has-white-color has-vivid-red-background-color has-text-color has-background has-link-color wp-element-button\" href=\"https:\/\/revistacampus.uandes.cl\/2024\/nuestras-plumas-sociedad-y-salud\/\" style=\"border-radius:0px\">Sociedad y Salud<\/a><\/div>\n<\/div>\n<\/div>\n<\/div>\n","protected":false},"excerpt":{"rendered":"<p>Presentamos los libros sobre Derecho publicados por acad\u00e9micos UANDES durante 2023 e inicios de 2024.<\/p>\n","protected":false},"author":3,"featured_media":2220,"comment_status":"open","ping_status":"open","sticky":false,"template":"","format":"standard","meta":{"footnotes":""},"categories":[7],"tags":[43],"class_list":["post-2184","post","type-post","status-publish","format-standard","has-post-thumbnail","hentry","category-investigacion","tag-nuestras-plumas"],"_links":{"self":[{"href":"https:\/\/revistacampus.uandes.cl\/2024\/wp-json\/wp\/v2\/posts\/2184","targetHints":{"allow":["GET"]}}],"collection":[{"href":"https:\/\/revistacampus.uandes.cl\/2024\/wp-json\/wp\/v2\/posts"}],"about":[{"href":"https:\/\/revistacampus.uandes.cl\/2024\/wp-json\/wp\/v2\/types\/post"}],"author":[{"embeddable":true,"href":"https:\/\/revistacampus.uandes.cl\/2024\/wp-json\/wp\/v2\/users\/3"}],"replies":[{"embeddable":true,"href":"https:\/\/revistacampus.uandes.cl\/2024\/wp-json\/wp\/v2\/comments?post=2184"}],"version-history":[{"count":8,"href":"https:\/\/revistacampus.uandes.cl\/2024\/wp-json\/wp\/v2\/posts\/2184\/revisions"}],"predecessor-version":[{"id":2233,"href":"https:\/\/revistacampus.uandes.cl\/2024\/wp-json\/wp\/v2\/posts\/2184\/revisions\/2233"}],"wp:featuredmedia":[{"embeddable":true,"href":"https:\/\/revistacampus.uandes.cl\/2024\/wp-json\/wp\/v2\/media\/2220"}],"wp:attachment":[{"href":"https:\/\/revistacampus.uandes.cl\/2024\/wp-json\/wp\/v2\/media?parent=2184"}],"wp:term":[{"taxonomy":"category","embeddable":true,"href":"https:\/\/revistacampus.uandes.cl\/2024\/wp-json\/wp\/v2\/categories?post=2184"},{"taxonomy":"post_tag","embeddable":true,"href":"https:\/\/revistacampus.uandes.cl\/2024\/wp-json\/wp\/v2\/tags?post=2184"}],"curies":[{"name":"wp","href":"https:\/\/api.w.org\/{rel}","templated":true}]}}