{"id":2178,"date":"2024-08-03T08:42:00","date_gmt":"2024-08-03T11:42:00","guid":{"rendered":"https:\/\/revistacampus.uandes.cl\/2024\/?p=2178"},"modified":"2024-10-21T13:25:30","modified_gmt":"2024-10-21T16:25:30","slug":"nuestras-plumas-sociedad-y-salud","status":"publish","type":"post","link":"https:\/\/revistacampus.uandes.cl\/2024\/nuestras-plumas-sociedad-y-salud\/","title":{"rendered":"Sociedad y Salud"},"content":{"rendered":"\n<div class=\"wp-block-group\"><div class=\"wp-block-group__inner-container is-layout-constrained wp-block-group-is-layout-constrained\">\n<div style=\"height:100px\" aria-hidden=\"true\" class=\"wp-block-spacer\"><\/div>\n\n\n\n<div class=\"wp-block-columns is-layout-flex wp-container-core-columns-is-layout-9d6595d7 wp-block-columns-is-layout-flex\">\n<div class=\"wp-block-column is-layout-flow wp-block-column-is-layout-flow\" style=\"flex-basis:33.33%\"><div class=\"wp-block-image\">\n<figure class=\"aligncenter size-large is-resized\"><img fetchpriority=\"high\" decoding=\"async\" width=\"652\" height=\"1024\" src=\"https:\/\/revistacampus.uandes.cl\/2024\/wp-content\/uploads\/2024\/09\/Salvador-Allende-_-La-izquierda-chilena-y-la-unidad-popular-Daniel-Mansuy-652x1024.jpg\" alt=\"\" class=\"wp-image-1623\" style=\"aspect-ratio:0.6666666666666666;object-fit:cover;width:277px;height:auto\" srcset=\"https:\/\/revistacampus.uandes.cl\/2024\/wp-content\/uploads\/2024\/09\/Salvador-Allende-_-La-izquierda-chilena-y-la-unidad-popular-Daniel-Mansuy-652x1024.jpg 652w, https:\/\/revistacampus.uandes.cl\/2024\/wp-content\/uploads\/2024\/09\/Salvador-Allende-_-La-izquierda-chilena-y-la-unidad-popular-Daniel-Mansuy-191x300.jpg 191w, https:\/\/revistacampus.uandes.cl\/2024\/wp-content\/uploads\/2024\/09\/Salvador-Allende-_-La-izquierda-chilena-y-la-unidad-popular-Daniel-Mansuy-768x1206.jpg 768w, https:\/\/revistacampus.uandes.cl\/2024\/wp-content\/uploads\/2024\/09\/Salvador-Allende-_-La-izquierda-chilena-y-la-unidad-popular-Daniel-Mansuy-978x1536.jpg 978w, https:\/\/revistacampus.uandes.cl\/2024\/wp-content\/uploads\/2024\/09\/Salvador-Allende-_-La-izquierda-chilena-y-la-unidad-popular-Daniel-Mansuy.jpg 1274w\" sizes=\"(max-width: 652px) 100vw, 652px\" \/><\/figure>\n<\/div><\/div>\n\n\n\n<div class=\"wp-block-column is-layout-flow wp-block-column-is-layout-flow\" style=\"flex-basis:66.66%\">\n<h2 class=\"wp-block-heading\"><strong>SALVADOR ALLENDE: La izquierda chilena y la Unidad Popular<\/strong><\/h2>\n\n\n\n<p style=\"font-size:22px\"><sub><strong>Autor<\/strong>: Daniel Mansuy Huerta<br><strong>Editorial<\/strong>: Taurus<br><strong>P\u00e1ginas<\/strong>: 364<br><strong>A\u00f1o<\/strong>: 2023<\/sub><\/p>\n\n\n\n<p>En un profundo an\u00e1lisis hist\u00f3rico de los mil d\u00edas de gobierno de la Unidad Popular, explora las disyuntivas pol\u00edticas y culturales que enfrent\u00f3 Salvador Allende y c\u00f3mo desembocaron en el 11 de septiembre de 1973. Ofrece una perspectiva reflexiva sobre su legado y los desaf\u00edos que enfrentaron los partidos de izquierda desde el golpe hasta hoy, en un esclarecedor an\u00e1lisis sobre la compleja historia de la izquierda chilena contempor\u00e1nea.<\/p>\n<\/div>\n<\/div>\n\n\n\n<div style=\"height:20px\" aria-hidden=\"true\" class=\"wp-block-spacer\"><\/div>\n\n\n\n<hr class=\"wp-block-separator has-text-color has-alpha-channel-opacity has-background\" style=\"background-color:#e00e17;color:#e00e17\"\/>\n\n\n\n<div style=\"height:20px\" aria-hidden=\"true\" class=\"wp-block-spacer\"><\/div>\n\n\n\n<div class=\"wp-block-columns is-layout-flex wp-container-core-columns-is-layout-9d6595d7 wp-block-columns-is-layout-flex\">\n<div class=\"wp-block-column is-layout-flow wp-block-column-is-layout-flow\" style=\"flex-basis:66.66%\">\n<h2 class=\"wp-block-heading\"><strong>CONSTITUCI\u00d3N POL\u00cdTICA DE LA REP\u00daBLICA DE CHILE EDICI\u00d3N HIST\u00d3RICA <\/strong><br><strong>Origen y trazabilidad de sus normas desde 1812 hasta hoy<\/strong><\/h2>\n\n\n\n<p style=\"font-size:22px\"><sub><strong>Autor<\/strong>: Jaime Arancibia Mattar<br><strong>Editorial<\/strong>: DER Ediciones<br><strong>P\u00e1ginas<\/strong>: 176<br><strong>A\u00f1o<\/strong>: 2023<\/sub><\/p>\n\n\n\n<p>Destaca, mediante colores y notas asociadas, la fuente primera y el itinerario seguido por cada una de las disposiciones de la Constituci\u00f3n. As\u00ed, es posible familiarizarse con sus autores y la valoraci\u00f3n o ratificaci\u00f3n por los ciudadanos de ayer y hoy. Cada expresi\u00f3n fue coloreada seg\u00fan el per\u00edodo en que apareci\u00f3 por primera vez, distinguiendo cuatro per\u00edodos: 1812-1925, 1925-1973, 1973-1989, 1989-2023. En la nota al pie se indican los art\u00edculos correspondientes.<\/p>\n<\/div>\n\n\n\n<div class=\"wp-block-column is-layout-flow wp-block-column-is-layout-flow\" style=\"flex-basis:33.33%\"><div class=\"wp-block-image\">\n<figure class=\"aligncenter size-large is-resized\"><img decoding=\"async\" width=\"663\" height=\"1024\" src=\"https:\/\/revistacampus.uandes.cl\/2024\/wp-content\/uploads\/2024\/09\/CONSTITUCION-HISTORICA-e1725552094213-663x1024.jpg\" alt=\"\" class=\"wp-image-1632\" style=\"width:264px;height:auto\" srcset=\"https:\/\/revistacampus.uandes.cl\/2024\/wp-content\/uploads\/2024\/09\/CONSTITUCION-HISTORICA-e1725552094213-663x1024.jpg 663w, https:\/\/revistacampus.uandes.cl\/2024\/wp-content\/uploads\/2024\/09\/CONSTITUCION-HISTORICA-e1725552094213-194x300.jpg 194w, https:\/\/revistacampus.uandes.cl\/2024\/wp-content\/uploads\/2024\/09\/CONSTITUCION-HISTORICA-e1725552094213-768x1186.jpg 768w, https:\/\/revistacampus.uandes.cl\/2024\/wp-content\/uploads\/2024\/09\/CONSTITUCION-HISTORICA-e1725552094213-995x1536.jpg 995w, https:\/\/revistacampus.uandes.cl\/2024\/wp-content\/uploads\/2024\/09\/CONSTITUCION-HISTORICA-e1725552094213.jpg 1286w\" sizes=\"(max-width: 663px) 100vw, 663px\" \/><\/figure>\n<\/div><\/div>\n<\/div>\n\n\n\n<hr class=\"wp-block-separator has-text-color has-alpha-channel-opacity has-background\" style=\"background-color:#e00e17;color:#e00e17\"\/>\n\n\n\n<div style=\"height:20px\" aria-hidden=\"true\" class=\"wp-block-spacer\"><\/div>\n<\/div><\/div>\n\n\n\n<div class=\"wp-block-group\"><div class=\"wp-block-group__inner-container is-layout-constrained wp-block-group-is-layout-constrained\">\n<div class=\"wp-block-columns is-layout-flex wp-container-core-columns-is-layout-9d6595d7 wp-block-columns-is-layout-flex\">\n<div class=\"wp-block-column is-layout-flow wp-block-column-is-layout-flow\" style=\"flex-basis:33.33%\"><div class=\"wp-block-image\">\n<figure class=\"aligncenter size-large is-resized\"><img decoding=\"async\" width=\"666\" height=\"1024\" src=\"https:\/\/revistacampus.uandes.cl\/2024\/wp-content\/uploads\/2024\/09\/ensenar-666x1024.jpg\" alt=\"\" class=\"wp-image-1564\" style=\"aspect-ratio:0.6666666666666666;object-fit:cover;width:277px;height:auto\" srcset=\"https:\/\/revistacampus.uandes.cl\/2024\/wp-content\/uploads\/2024\/09\/ensenar-666x1024.jpg 666w, https:\/\/revistacampus.uandes.cl\/2024\/wp-content\/uploads\/2024\/09\/ensenar-195x300.jpg 195w, https:\/\/revistacampus.uandes.cl\/2024\/wp-content\/uploads\/2024\/09\/ensenar-768x1181.jpg 768w, https:\/\/revistacampus.uandes.cl\/2024\/wp-content\/uploads\/2024\/09\/ensenar-999x1536.jpg 999w, https:\/\/revistacampus.uandes.cl\/2024\/wp-content\/uploads\/2024\/09\/ensenar.jpg 1301w\" sizes=\"(max-width: 666px) 100vw, 666px\" \/><\/figure>\n<\/div><\/div>\n\n\n\n<div class=\"wp-block-column is-layout-flow wp-block-column-is-layout-flow\" style=\"flex-basis:66.66%\">\n<h2 class=\"wp-block-heading\"><strong>ENSE\u00d1AR ENTRE IGUALES: Educaci\u00f3n en tiempos democr\u00e1ticos<\/strong><\/h2>\n\n\n\n<p style=\"font-size:22px\"><sub><strong>Autor<\/strong>: Daniel Mansuy Huerta<br><strong>Editorial<\/strong>: Instituto de Estudios de la Sociedad<br><strong>P\u00e1ginas<\/strong>: 180<br><strong>A\u00f1o<\/strong>: 2023<\/sub><\/p>\n\n\n\n<p>La b\u00fasqueda de la igualdad impregna todos los aspectos de la vida social, generando tanto avances como tensiones. En el sistema educativo, la fragilidad del principio de autoridad se manifiesta de manera especialmente aguda. Este ensayo explora c\u00f3mo justificar la autoridad en la sala de clases y el significado de educar en democracia, es decir, educar a un igual. Daniel Mansuy Huerta aborda estas cuestiones desde un enfoque novedoso y reflexiona sobre la naturaleza del v\u00ednculo educativo y el desaf\u00edo de rehabilitarlo.<\/p>\n<\/div>\n<\/div>\n\n\n\n<div style=\"height:20px\" aria-hidden=\"true\" class=\"wp-block-spacer\"><\/div>\n\n\n\n<hr class=\"wp-block-separator has-text-color has-alpha-channel-opacity has-background\" style=\"background-color:#e00e17;color:#e00e17\"\/>\n\n\n\n<div style=\"height:20px\" aria-hidden=\"true\" class=\"wp-block-spacer\"><\/div>\n\n\n\n<div class=\"wp-block-columns is-layout-flex wp-container-core-columns-is-layout-9d6595d7 wp-block-columns-is-layout-flex\">\n<div class=\"wp-block-column is-layout-flow wp-block-column-is-layout-flow\" style=\"flex-basis:66.66%\">\n<h2 class=\"wp-block-heading\"><strong>CHILE BAJO LA CONSTITUCI\u00d3N POL\u00cdTICA DE 1925. <\/strong><br><strong>Luces y sombras de un r\u00e9gimen de gobierno en un contexto de cambios globales<\/strong><\/h2>\n\n\n\n<p style=\"font-size:22px\"><sub><strong>Editor<\/strong>: Enrique Brahm Garc\u00eda<br><strong>Editorial<\/strong>: Tirant Lo Blanch<br><strong>P\u00e1ginas<\/strong>: 400<br><strong>A\u00f1o<\/strong>: 2024<\/sub><\/p>\n\n\n\n<p>En el contexto del proceso constituyente en Chile, el Instituto de Historia UANDES organiz\u00f3 un seminario para analizar una de las constituciones m\u00e1s exitosas y duraderas de la historia del pa\u00eds: la de 1925. Las ponencias, presentadas por investigadores de universidades y centros de estudio de prestigio, exploran los or\u00edgenes del texto constitucional, sus fortalezas y debilidades, y la compleja realidad hist\u00f3rica en la que se aplic\u00f3.<\/p>\n<\/div>\n\n\n\n<div class=\"wp-block-column is-layout-flow wp-block-column-is-layout-flow\" style=\"flex-basis:33.33%\"><div class=\"wp-block-image\">\n<figure class=\"aligncenter size-large is-resized\"><img loading=\"lazy\" decoding=\"async\" width=\"719\" height=\"1024\" src=\"https:\/\/revistacampus.uandes.cl\/2024\/wp-content\/uploads\/2024\/09\/Chile-bajo-la-Constitucion-politica-de-1925-Enrique-Brahm-719x1024.jpg\" alt=\"\" class=\"wp-image-1627\" style=\"width:264px;height:auto\" srcset=\"https:\/\/revistacampus.uandes.cl\/2024\/wp-content\/uploads\/2024\/09\/Chile-bajo-la-Constitucion-politica-de-1925-Enrique-Brahm-719x1024.jpg 719w, https:\/\/revistacampus.uandes.cl\/2024\/wp-content\/uploads\/2024\/09\/Chile-bajo-la-Constitucion-politica-de-1925-Enrique-Brahm-211x300.jpg 211w, https:\/\/revistacampus.uandes.cl\/2024\/wp-content\/uploads\/2024\/09\/Chile-bajo-la-Constitucion-politica-de-1925-Enrique-Brahm-768x1093.jpg 768w, https:\/\/revistacampus.uandes.cl\/2024\/wp-content\/uploads\/2024\/09\/Chile-bajo-la-Constitucion-politica-de-1925-Enrique-Brahm-1079x1536.jpg 1079w, https:\/\/revistacampus.uandes.cl\/2024\/wp-content\/uploads\/2024\/09\/Chile-bajo-la-Constitucion-politica-de-1925-Enrique-Brahm.jpg 1405w\" sizes=\"(max-width: 719px) 100vw, 719px\" \/><\/figure>\n<\/div><\/div>\n<\/div>\n\n\n\n<hr class=\"wp-block-separator has-text-color has-alpha-channel-opacity has-background\" style=\"background-color:#e00e17;color:#e00e17\"\/>\n<\/div><\/div>\n\n\n\n<div style=\"height:20px\" aria-hidden=\"true\" class=\"wp-block-spacer\"><\/div>\n\n\n\n<div class=\"wp-block-columns is-layout-flex wp-container-core-columns-is-layout-9d6595d7 wp-block-columns-is-layout-flex\">\n<div class=\"wp-block-column is-layout-flow wp-block-column-is-layout-flow\" style=\"flex-basis:33.33%\"><div class=\"wp-block-image\">\n<figure class=\"aligncenter size-large is-resized\"><img loading=\"lazy\" decoding=\"async\" width=\"690\" height=\"1024\" src=\"https:\/\/revistacampus.uandes.cl\/2024\/wp-content\/uploads\/2024\/09\/La-belleza-y-el-arte-JMIbanez-690x1024.jpg\" alt=\"\" class=\"wp-image-1621\" style=\"width:264px;height:auto\" srcset=\"https:\/\/revistacampus.uandes.cl\/2024\/wp-content\/uploads\/2024\/09\/La-belleza-y-el-arte-JMIbanez-690x1024.jpg 690w, https:\/\/revistacampus.uandes.cl\/2024\/wp-content\/uploads\/2024\/09\/La-belleza-y-el-arte-JMIbanez-202x300.jpg 202w, https:\/\/revistacampus.uandes.cl\/2024\/wp-content\/uploads\/2024\/09\/La-belleza-y-el-arte-JMIbanez-768x1140.jpg 768w, https:\/\/revistacampus.uandes.cl\/2024\/wp-content\/uploads\/2024\/09\/La-belleza-y-el-arte-JMIbanez-1034x1536.jpg 1034w, https:\/\/revistacampus.uandes.cl\/2024\/wp-content\/uploads\/2024\/09\/La-belleza-y-el-arte-JMIbanez.jpg 1347w\" sizes=\"(max-width: 690px) 100vw, 690px\" \/><\/figure>\n<\/div><\/div>\n\n\n\n<div class=\"wp-block-column is-layout-flow wp-block-column-is-layout-flow\" style=\"flex-basis:66.66%\">\n<h2 class=\"wp-block-heading\"><strong>LA BELLEZA Y EL ARTE<br>Est\u00e9tica y filosof\u00eda del arte<\/strong><\/h2>\n\n\n\n<p style=\"font-size:22px\"><sub><strong>Autor<\/strong>: P. Jos\u00e9 Miguel Ib\u00e1\u00f1ez Langlois<br><strong>Editorial<\/strong>: Rialp<br><strong>P\u00e1ginas<\/strong>: 270<br><strong>A\u00f1o<\/strong>: 2023<\/sub><\/p>\n\n\n\n<p>Este libro busca equilibrar la experiencia art\u00edstica con el saber filos\u00f3fico. Aborda dos grandes interrogantes: \u00bfqu\u00e9 es la belleza? y \u00bfqu\u00e9 es el arte? A trav\u00e9s de grandes obras maestras, el autor explora la inspiraci\u00f3n en el proceso creativo, as\u00ed como la relaci\u00f3n del arte con la moral y la religi\u00f3n. Ofrece ejemplos sugestivos y reflexiones actuales para una comprensi\u00f3n m\u00e1s profunda de estos conceptos.<\/p>\n<\/div>\n<\/div>\n\n\n\n<hr class=\"wp-block-separator has-text-color has-alpha-channel-opacity has-background\" style=\"background-color:#e00e17;color:#e00e17\"\/>\n\n\n\n<div style=\"height:20px\" aria-hidden=\"true\" class=\"wp-block-spacer\"><\/div>\n\n\n\n<div class=\"wp-block-columns is-layout-flex wp-container-core-columns-is-layout-9d6595d7 wp-block-columns-is-layout-flex\">\n<div class=\"wp-block-column is-layout-flow wp-block-column-is-layout-flow\" style=\"flex-basis:66.66%\">\n<h2 class=\"wp-block-heading\"><strong>EL TRANSHUMANISMO<\/strong><\/h2>\n\n\n\n<p style=\"font-size:22px\"><sub><strong>Editor<\/strong>: Sebasti\u00e1n Contreras Aguirre<br><strong>Editorial<\/strong>: Eunsa<br><strong>P\u00e1ginas<\/strong>: 318<br><strong>A\u00f1o<\/strong>: 2023<\/sub><\/p>\n\n\n\n<p>La tecnolog\u00eda ha alcanzado l\u00edmites impensados, planteando nuevos desaf\u00edos para la \u00e9tica y la antropolog\u00eda filos\u00f3fica. Este libro explora el transhumanismo desde diversas perspectivas disciplinarias, con un enfoque en el ser humano y la reflexi\u00f3n moral. No cuestiona la tecnolog\u00eda en s\u00ed, sino que subraya que, cuando el ser humano est\u00e1 en el centro, no todas las mejoras o estrategias cient\u00edficas son necesariamente v\u00e1lidas.<\/p>\n<\/div>\n\n\n\n<div class=\"wp-block-column is-layout-flow wp-block-column-is-layout-flow\" style=\"flex-basis:33.33%\"><div class=\"wp-block-image\">\n<figure class=\"aligncenter size-large is-resized\"><img loading=\"lazy\" decoding=\"async\" width=\"657\" height=\"1024\" src=\"https:\/\/revistacampus.uandes.cl\/2024\/wp-content\/uploads\/2024\/09\/Captura-de-Pantalla-2024-08-12-a-las-07.38.10-657x1024.jpg\" alt=\"\" class=\"wp-image-1628\" style=\"width:264px;height:auto\" srcset=\"https:\/\/revistacampus.uandes.cl\/2024\/wp-content\/uploads\/2024\/09\/Captura-de-Pantalla-2024-08-12-a-las-07.38.10-657x1024.jpg 657w, https:\/\/revistacampus.uandes.cl\/2024\/wp-content\/uploads\/2024\/09\/Captura-de-Pantalla-2024-08-12-a-las-07.38.10-193x300.jpg 193w, https:\/\/revistacampus.uandes.cl\/2024\/wp-content\/uploads\/2024\/09\/Captura-de-Pantalla-2024-08-12-a-las-07.38.10-768x1196.jpg 768w, https:\/\/revistacampus.uandes.cl\/2024\/wp-content\/uploads\/2024\/09\/Captura-de-Pantalla-2024-08-12-a-las-07.38.10-986x1536.jpg 986w, https:\/\/revistacampus.uandes.cl\/2024\/wp-content\/uploads\/2024\/09\/Captura-de-Pantalla-2024-08-12-a-las-07.38.10.jpg 1284w\" sizes=\"(max-width: 657px) 100vw, 657px\" \/><figcaption class=\"wp-element-caption\">Screenshot<\/figcaption><\/figure>\n<\/div><\/div>\n<\/div>\n\n\n\n<hr class=\"wp-block-separator has-text-color has-alpha-channel-opacity has-background\" style=\"background-color:#e00e17;color:#e00e17\"\/>\n\n\n\n<div style=\"height:20px\" aria-hidden=\"true\" class=\"wp-block-spacer\"><\/div>\n\n\n\n<div class=\"wp-block-columns is-layout-flex wp-container-core-columns-is-layout-9d6595d7 wp-block-columns-is-layout-flex\">\n<div class=\"wp-block-column is-layout-flow wp-block-column-is-layout-flow\" style=\"flex-basis:33.33%\"><div class=\"wp-block-image\">\n<figure class=\"aligncenter size-large is-resized\"><img loading=\"lazy\" decoding=\"async\" width=\"681\" height=\"1024\" src=\"https:\/\/revistacampus.uandes.cl\/2024\/wp-content\/uploads\/2024\/09\/Que-me-hubiera-gustado-que-me-ensenaran_Joaquin-GH-681x1024.jpg\" alt=\"\" class=\"wp-image-1618\" style=\"aspect-ratio:0.6666666666666666;object-fit:cover;width:264px;height:auto\" srcset=\"https:\/\/revistacampus.uandes.cl\/2024\/wp-content\/uploads\/2024\/09\/Que-me-hubiera-gustado-que-me-ensenaran_Joaquin-GH-681x1024.jpg 681w, https:\/\/revistacampus.uandes.cl\/2024\/wp-content\/uploads\/2024\/09\/Que-me-hubiera-gustado-que-me-ensenaran_Joaquin-GH-200x300.jpg 200w, https:\/\/revistacampus.uandes.cl\/2024\/wp-content\/uploads\/2024\/09\/Que-me-hubiera-gustado-que-me-ensenaran_Joaquin-GH-768x1155.jpg 768w, https:\/\/revistacampus.uandes.cl\/2024\/wp-content\/uploads\/2024\/09\/Que-me-hubiera-gustado-que-me-ensenaran_Joaquin-GH-1021x1536.jpg 1021w, https:\/\/revistacampus.uandes.cl\/2024\/wp-content\/uploads\/2024\/09\/Que-me-hubiera-gustado-que-me-ensenaran_Joaquin-GH.jpg 1330w\" sizes=\"(max-width: 681px) 100vw, 681px\" \/><\/figure>\n<\/div><\/div>\n\n\n\n<div class=\"wp-block-column is-layout-flow wp-block-column-is-layout-flow\" style=\"flex-basis:66.66%\">\n<h2 class=\"wp-block-heading\"><strong>\u00bfQU\u00c9 ME HUBIERA GUSTADO QUE ME ENSE\u00d1ARAN HACE 39 A\u00d1OS CUANDO COMENC\u00c9 MI VIDA ACAD\u00c9MICA EN LA UNIVERSIDAD DE VALPARA\u00cdSO Y NADIE ME DIJO?<\/strong><\/h2>\n\n\n\n<p style=\"font-size:22px\"><sub><strong>Autor<\/strong>: Joaqu\u00edn Garc\u00eda-Huidobro Correa<br><strong>Editorial<\/strong>: Tajamar<br><strong>P\u00e1ginas<\/strong>: 166<br><strong>A\u00f1o<\/strong>: 2024<\/sub><\/p>\n\n\n\n<p>Este libro recopila las ense\u00f1anzas de un curso \u201cextraoficial\u201d dictado por el profesor Garc\u00eda-Huidobro, dirigido a formar futuros acad\u00e9micos. Transcritas por alumnos de posgrado, las clases ofrecen &#8220;recetas de cocinero viejo&#8221; con consejos y estrategias para quienes buscan dedicarse a la ense\u00f1anza e investigaci\u00f3n en la universidad, facilitando as\u00ed su vida acad\u00e9mica.<\/p>\n<\/div>\n<\/div>\n\n\n\n<hr class=\"wp-block-separator has-text-color has-alpha-channel-opacity has-background\" style=\"background-color:#e00e17;color:#e00e17\"\/>\n\n\n\n<div style=\"height:20px\" aria-hidden=\"true\" class=\"wp-block-spacer\"><\/div>\n\n\n\n<div class=\"wp-block-columns is-layout-flex wp-container-core-columns-is-layout-9d6595d7 wp-block-columns-is-layout-flex\">\n<div class=\"wp-block-column is-layout-flow wp-block-column-is-layout-flow\" style=\"flex-basis:66.66%\">\n<h2 class=\"wp-block-heading\"><strong>RECONOCIMIENTO NATURAL DE LA FERTILIDAD<\/strong><\/h2>\n\n\n\n<p style=\"font-size:22px\"><sub><strong>Editores<\/strong>: Jos\u00e9 Antonio Arraztoa Valdivielso, et al.<br><strong>Editorial<\/strong>: Eunsa<br><strong>P\u00e1ginas<\/strong>: 423<br><strong>A\u00f1o<\/strong>: 2023<\/sub><\/p>\n\n\n\n<p>La edici\u00f3n, realizada junto con Luis Chiva y Jos\u00e9 Granados, contiene las ponencias del congreso \u201cFertilidad y Sexualidad centrada en la Persona\u201d, realizado en 2021 en la Universidad de Navarra, junto con Veritas Amoris Project y la Universidad de los Andes. Ofrece una reflexi\u00f3n sobre la persona humana que rescata el valor de la corporeidad, integr\u00e1ndola en el don de s\u00ed realizado por los c\u00f3nyuges. Emerge de estas p\u00e1ginas la posibilidad de una medicina al servicio del amor y la esperanza.<\/p>\n<\/div>\n\n\n\n<div class=\"wp-block-column is-layout-flow wp-block-column-is-layout-flow\" style=\"flex-basis:33.33%\"><div class=\"wp-block-image\">\n<figure class=\"aligncenter size-large is-resized\"><img loading=\"lazy\" decoding=\"async\" width=\"607\" height=\"1024\" src=\"https:\/\/revistacampus.uandes.cl\/2024\/wp-content\/uploads\/2024\/09\/Reconocimiento-natural-de-la-fertilidad-Jose-Antonio-Arraztoa-607x1024.jpg\" alt=\"\" class=\"wp-image-1657\" style=\"width:264px;height:auto\" srcset=\"https:\/\/revistacampus.uandes.cl\/2024\/wp-content\/uploads\/2024\/09\/Reconocimiento-natural-de-la-fertilidad-Jose-Antonio-Arraztoa-607x1024.jpg 607w, https:\/\/revistacampus.uandes.cl\/2024\/wp-content\/uploads\/2024\/09\/Reconocimiento-natural-de-la-fertilidad-Jose-Antonio-Arraztoa-178x300.jpg 178w, https:\/\/revistacampus.uandes.cl\/2024\/wp-content\/uploads\/2024\/09\/Reconocimiento-natural-de-la-fertilidad-Jose-Antonio-Arraztoa-768x1295.jpg 768w, https:\/\/revistacampus.uandes.cl\/2024\/wp-content\/uploads\/2024\/09\/Reconocimiento-natural-de-la-fertilidad-Jose-Antonio-Arraztoa-911x1536.jpg 911w, https:\/\/revistacampus.uandes.cl\/2024\/wp-content\/uploads\/2024\/09\/Reconocimiento-natural-de-la-fertilidad-Jose-Antonio-Arraztoa.jpg 1186w\" sizes=\"(max-width: 607px) 100vw, 607px\" \/><\/figure>\n<\/div><\/div>\n<\/div>\n\n\n\n<div class=\"wp-block-group\"><div class=\"wp-block-group__inner-container is-layout-constrained wp-block-group-is-layout-constrained\">\n<div style=\"height:20px\" aria-hidden=\"true\" class=\"wp-block-spacer\"><\/div>\n\n\n\n<hr class=\"wp-block-separator has-text-color has-alpha-channel-opacity has-background\" style=\"background-color:#e00e17;color:#e00e17\"\/>\n\n\n\n<div style=\"height:20px\" aria-hidden=\"true\" class=\"wp-block-spacer\"><\/div>\n<\/div><\/div>\n\n\n\n<div class=\"wp-block-columns is-layout-flex wp-container-core-columns-is-layout-9d6595d7 wp-block-columns-is-layout-flex\">\n<div class=\"wp-block-column is-layout-flow wp-block-column-is-layout-flow\" style=\"flex-basis:33.33%\"><div class=\"wp-block-image\">\n<figure class=\"aligncenter size-large is-resized\"><img loading=\"lazy\" decoding=\"async\" width=\"811\" height=\"1024\" src=\"https:\/\/revistacampus.uandes.cl\/2024\/wp-content\/uploads\/2024\/09\/Menu-para-dos-2-e1725552459520-811x1024.jpg\" alt=\"\" class=\"wp-image-1652\" style=\"width:264px;height:auto\" srcset=\"https:\/\/revistacampus.uandes.cl\/2024\/wp-content\/uploads\/2024\/09\/Menu-para-dos-2-e1725552459520-811x1024.jpg 811w, https:\/\/revistacampus.uandes.cl\/2024\/wp-content\/uploads\/2024\/09\/Menu-para-dos-2-e1725552459520-238x300.jpg 238w, https:\/\/revistacampus.uandes.cl\/2024\/wp-content\/uploads\/2024\/09\/Menu-para-dos-2-e1725552459520-768x970.jpg 768w, https:\/\/revistacampus.uandes.cl\/2024\/wp-content\/uploads\/2024\/09\/Menu-para-dos-2-e1725552459520-1216x1536.jpg 1216w, https:\/\/revistacampus.uandes.cl\/2024\/wp-content\/uploads\/2024\/09\/Menu-para-dos-2-e1725552459520.jpg 1560w\" sizes=\"(max-width: 811px) 100vw, 811px\" \/><\/figure>\n<\/div><\/div>\n\n\n\n<div class=\"wp-block-column is-layout-flow wp-block-column-is-layout-flow\" style=\"flex-basis:66.66%\">\n<h2 class=\"wp-block-heading\"><strong>MEN\u00da PARA DOS<br>Nutrici\u00f3n saludable en el embarazo<\/strong><\/h2>\n\n\n\n<p style=\"font-size:22px\"><sub><strong>Autoras<\/strong>: Paula Correa y Carolina Ugarte<br><strong>Edici\u00f3n<\/strong>: Cl\u00ednica Universidad de los Andes<br><strong>P\u00e1ginas<\/strong>: 128<br><strong>A\u00f1o<\/strong>: 2023<\/sub><\/p>\n\n\n\n<p>La vida se gesta en el vientre de la madre y su nutrici\u00f3n es un factor determinante en el desarrollo neuronal y fisiol\u00f3gico de todo ser humano. Todo lo que ella consuma, sienta y piense ser\u00e1 transmitido a su guagua. En este libro, las doctoras buscan orientar a las madres durante su embarazo, entregando conceptos, herramientas y recetas de preparaciones simples y saludables, para que sus hijos nazcan sanos y listos para aprender y crecer.<\/p>\n<\/div>\n<\/div>\n\n\n\n<div class=\"wp-block-group\"><div class=\"wp-block-group__inner-container is-layout-constrained wp-block-group-is-layout-constrained\">\n<div style=\"height:20px\" aria-hidden=\"true\" class=\"wp-block-spacer\"><\/div>\n\n\n\n<hr class=\"wp-block-separator has-text-color has-alpha-channel-opacity has-background\" style=\"background-color:#e00e17;color:#e00e17\"\/>\n\n\n\n<div style=\"height:20px\" aria-hidden=\"true\" class=\"wp-block-spacer\"><\/div>\n<\/div><\/div>\n\n\n\n<div class=\"wp-block-columns is-layout-flex wp-container-core-columns-is-layout-9d6595d7 wp-block-columns-is-layout-flex\">\n<div class=\"wp-block-column is-layout-flow wp-block-column-is-layout-flow\" style=\"flex-basis:66.66%\">\n<h2 class=\"wp-block-heading\"><strong>BIOMIMETICS <\/strong><br><strong>Bridging the Gap<\/strong><\/h2>\n\n\n\n<p style=\"font-size:22px\"><sub><strong>Editor<\/strong>: Ziyad S. Haidar<br><strong>Editorial<\/strong>: Intechopen<br><strong>P\u00e1ginas<\/strong>: 172<br><strong>A\u00f1o<\/strong>: 2023<\/sub><\/p>\n\n\n\n<p>Los biomateriales inteligentes para la ingenier\u00eda de tejidos y la medicina regenerativa son buenos ejemplos de biomim\u00e9tica, innovadora tecnolog\u00eda que cierra la brecha entre el laboratorio y la industria. En un estilo simplificado, el libro aborda la biomim\u00e9tica desde una perspectiva realista y traslacional, discutiendo problemas y ofreciendo soluciones, e incluyendo estudios que van desde lo b\u00e1sico hasta lo cl\u00ednico.<\/p>\n<\/div>\n\n\n\n<div class=\"wp-block-column is-layout-flow wp-block-column-is-layout-flow\" style=\"flex-basis:33.33%\"><div class=\"wp-block-image\">\n<figure class=\"aligncenter size-large is-resized\"><img loading=\"lazy\" decoding=\"async\" width=\"681\" height=\"1024\" src=\"https:\/\/revistacampus.uandes.cl\/2024\/wp-content\/uploads\/2024\/09\/Biomimetics-Bridging-the-Gap-Ziyad-Haidar-681x1024.jpg\" alt=\"\" class=\"wp-image-1654\" style=\"width:264px;height:auto\" srcset=\"https:\/\/revistacampus.uandes.cl\/2024\/wp-content\/uploads\/2024\/09\/Biomimetics-Bridging-the-Gap-Ziyad-Haidar-681x1024.jpg 681w, https:\/\/revistacampus.uandes.cl\/2024\/wp-content\/uploads\/2024\/09\/Biomimetics-Bridging-the-Gap-Ziyad-Haidar-200x300.jpg 200w, https:\/\/revistacampus.uandes.cl\/2024\/wp-content\/uploads\/2024\/09\/Biomimetics-Bridging-the-Gap-Ziyad-Haidar-768x1155.jpg 768w, https:\/\/revistacampus.uandes.cl\/2024\/wp-content\/uploads\/2024\/09\/Biomimetics-Bridging-the-Gap-Ziyad-Haidar-1021x1536.jpg 1021w, https:\/\/revistacampus.uandes.cl\/2024\/wp-content\/uploads\/2024\/09\/Biomimetics-Bridging-the-Gap-Ziyad-Haidar.jpg 1330w\" sizes=\"(max-width: 681px) 100vw, 681px\" \/><\/figure>\n<\/div><\/div>\n<\/div>\n\n\n\n<div class=\"wp-block-group\"><div class=\"wp-block-group__inner-container is-layout-constrained wp-block-group-is-layout-constrained\">\n<div style=\"height:20px\" aria-hidden=\"true\" class=\"wp-block-spacer\"><\/div>\n\n\n\n<hr class=\"wp-block-separator has-text-color has-alpha-channel-opacity has-background\" style=\"background-color:#e00e17;color:#e00e17\"\/>\n<\/div><\/div>\n\n\n\n<div style=\"height:20px\" aria-hidden=\"true\" class=\"wp-block-spacer\"><\/div>\n\n\n\n<h2 class=\"wp-block-heading has-text-align-center\"><strong>Nuestras Plumas<\/strong><\/h2>\n\n\n\n<div class=\"wp-block-columns is-layout-flex wp-container-core-columns-is-layout-9d6595d7 wp-block-columns-is-layout-flex\">\n<div class=\"wp-block-column is-layout-flow wp-block-column-is-layout-flow\">\n<div class=\"wp-block-buttons is-layout-flex wp-block-buttons-is-layout-flex\">\n<div class=\"wp-block-button has-custom-width wp-block-button__width-100\"><a class=\"wp-block-button__link has-white-color has-vivid-red-background-color has-text-color has-background has-link-color wp-element-button\" href=\"https:\/\/revistacampus.uandes.cl\/2024\/nuestras-plumas-derecho\/\" style=\"border-radius:0px\">Derecho<\/a><\/div>\n<\/div>\n<\/div>\n\n\n\n<div class=\"wp-block-column is-layout-flow wp-block-column-is-layout-flow\">\n<div class=\"wp-block-buttons is-layout-flex wp-block-buttons-is-layout-flex\">\n<div class=\"wp-block-button has-custom-width wp-block-button__width-100 is-style-fill\"><a class=\"wp-block-button__link has-white-color has-vivid-red-background-color has-text-color has-background has-link-color wp-element-button\" href=\"https:\/\/revistacampus.uandes.cl\/2024\/nuestras-plumas-filosofia\/\" style=\"border-radius:0px\">Filosof\u00eda<br><\/a><\/div>\n<\/div>\n<\/div>\n\n\n\n<div class=\"wp-block-column is-layout-flow wp-block-column-is-layout-flow\">\n<div class=\"wp-block-buttons is-layout-flex wp-block-buttons-is-layout-flex\">\n<div class=\"wp-block-button has-custom-width wp-block-button__width-100\"><a class=\"wp-block-button__link has-white-color has-vivid-red-background-color has-text-color has-background has-link-color wp-element-button\" href=\"https:\/\/revistacampus.uandes.cl\/2024\/nuestras-plumas-literatura-y-fe\/\" style=\"border-radius:0px\">Literatura y Fe<br><\/a><\/div>\n<\/div>\n<\/div>\n\n\n\n<div class=\"wp-block-column is-layout-flow wp-block-column-is-layout-flow\">\n<div class=\"wp-block-buttons is-layout-flex wp-block-buttons-is-layout-flex\">\n<div class=\"wp-block-button has-custom-width wp-block-button__width-100\"><a class=\"wp-block-button__link has-white-color has-vivid-red-background-color has-text-color has-background has-link-color wp-element-button\" href=\"https:\/\/revistacampus.uandes.cl\/2024\/nuestras-plumas-historia-economia\/\" style=\"border-radius:0px\">Historia y Econom\u00eda<\/a><\/div>\n<\/div>\n<\/div>\n<\/div>\n","protected":false},"excerpt":{"rendered":"<p>Presentamos los libros sobre Sociedad y Salud publicados por acad\u00e9micos UANDES durante 2023 e inicios de 2024.<\/p>\n","protected":false},"author":3,"featured_media":2225,"comment_status":"open","ping_status":"open","sticky":false,"template":"","format":"standard","meta":{"footnotes":""},"categories":[7],"tags":[43],"class_list":["post-2178","post","type-post","status-publish","format-standard","has-post-thumbnail","hentry","category-investigacion","tag-nuestras-plumas"],"_links":{"self":[{"href":"https:\/\/revistacampus.uandes.cl\/2024\/wp-json\/wp\/v2\/posts\/2178","targetHints":{"allow":["GET"]}}],"collection":[{"href":"https:\/\/revistacampus.uandes.cl\/2024\/wp-json\/wp\/v2\/posts"}],"about":[{"href":"https:\/\/revistacampus.uandes.cl\/2024\/wp-json\/wp\/v2\/types\/post"}],"author":[{"embeddable":true,"href":"https:\/\/revistacampus.uandes.cl\/2024\/wp-json\/wp\/v2\/users\/3"}],"replies":[{"embeddable":true,"href":"https:\/\/revistacampus.uandes.cl\/2024\/wp-json\/wp\/v2\/comments?post=2178"}],"version-history":[{"count":9,"href":"https:\/\/revistacampus.uandes.cl\/2024\/wp-json\/wp\/v2\/posts\/2178\/revisions"}],"predecessor-version":[{"id":2239,"href":"https:\/\/revistacampus.uandes.cl\/2024\/wp-json\/wp\/v2\/posts\/2178\/revisions\/2239"}],"wp:featuredmedia":[{"embeddable":true,"href":"https:\/\/revistacampus.uandes.cl\/2024\/wp-json\/wp\/v2\/media\/2225"}],"wp:attachment":[{"href":"https:\/\/revistacampus.uandes.cl\/2024\/wp-json\/wp\/v2\/media?parent=2178"}],"wp:term":[{"taxonomy":"category","embeddable":true,"href":"https:\/\/revistacampus.uandes.cl\/2024\/wp-json\/wp\/v2\/categories?post=2178"},{"taxonomy":"post_tag","embeddable":true,"href":"https:\/\/revistacampus.uandes.cl\/2024\/wp-json\/wp\/v2\/tags?post=2178"}],"curies":[{"name":"wp","href":"https:\/\/api.w.org\/{rel}","templated":true}]}}