{"id":2009,"date":"2024-09-06T12:02:09","date_gmt":"2024-09-06T15:02:09","guid":{"rendered":"https:\/\/revistacampus.uandes.cl\/2024\/?p=2009"},"modified":"2024-09-06T12:11:28","modified_gmt":"2024-09-06T15:11:28","slug":"una-universidad-de-identidad-cristiana","status":"publish","type":"post","link":"https:\/\/revistacampus.uandes.cl\/2024\/una-universidad-de-identidad-cristiana\/","title":{"rendered":"Una universidad de identidad cristiana"},"content":{"rendered":"\n<div class=\"wp-block-columns is-layout-flex wp-container-core-columns-is-layout-9d6595d7 wp-block-columns-is-layout-flex\">\n<div class=\"wp-block-column is-layout-flow wp-block-column-is-layout-flow\" style=\"flex-basis:20%\">\n<figure class=\"wp-block-image size-large\"><img fetchpriority=\"high\" decoding=\"async\" width=\"1024\" height=\"1024\" src=\"https:\/\/revistacampus.uandes.cl\/2024\/wp-content\/uploads\/2024\/09\/Marta_Castillo-1024x1024.jpg\" alt=\"\" class=\"wp-image-2034\" srcset=\"https:\/\/revistacampus.uandes.cl\/2024\/wp-content\/uploads\/2024\/09\/Marta_Castillo-1024x1024.jpg 1024w, https:\/\/revistacampus.uandes.cl\/2024\/wp-content\/uploads\/2024\/09\/Marta_Castillo-300x300.jpg 300w, https:\/\/revistacampus.uandes.cl\/2024\/wp-content\/uploads\/2024\/09\/Marta_Castillo-150x150.jpg 150w, https:\/\/revistacampus.uandes.cl\/2024\/wp-content\/uploads\/2024\/09\/Marta_Castillo-768x768.jpg 768w, https:\/\/revistacampus.uandes.cl\/2024\/wp-content\/uploads\/2024\/09\/Marta_Castillo.jpg 1143w\" sizes=\"(max-width: 1024px) 100vw, 1024px\" \/><\/figure>\n<\/div>\n\n\n\n<div class=\"wp-block-column is-layout-flow wp-block-column-is-layout-flow\" style=\"flex-basis:50%\">\n<div style=\"height:100px\" aria-hidden=\"true\" class=\"wp-block-spacer\"><\/div>\n\n\n\n<p style=\"font-size:15px\"><strong>Por Marta Castillo<\/strong><br>Directora de Comunicaciones<\/p>\n<\/div>\n<\/div>\n\n\n\n<p>Hace unas semanas <strong>mons. Fernando Oc\u00e1riz, en una clase ante m\u00e1s de 300 acad\u00e9micos<\/strong>, dibuj\u00f3, como quien lo hace en un lienzo, las razones que llenan de sentido el quehacer de quienes trabajan en una instituci\u00f3n de inspiraci\u00f3n cristiana.<\/p>\n\n\n\n<p>Palabras serenas y llenas de esperanza del Rector honorario de la Universidad de los Andes de visita en Chile, que invitaban a tomarse en serio nuestra identidad, para poder <strong>contribuir al di\u00e1logo entre la visi\u00f3n cristiana del mundo y la cultura contempor\u00e1nea en nuestro pa\u00eds<\/strong>.<\/p>\n\n\n\n<p>El prelado del Opus Dei mostr\u00f3 que los valores del humanismo cristiano son atractivos y constituyen el principal rasgo propio de nuestra Universidad. La identidad se manifiesta en el comportamiento, la preocupaci\u00f3n por los dem\u00e1s, el estilo de trabajo, el esp\u00edritu de servicio y la relaci\u00f3n entre profesores y estudiantes: \u201cUna comunidad unida que colabora y se siente parte de una unidad que la da el esp\u00edritu universitario, el inter\u00e9s positivo de colaborar\u201d, de estar abiertos unos con otros, de respeto en lo opinable, de armon\u00eda entre fe y raz\u00f3n y de amor a la libertad.<\/p>\n\n\n\n<p>A\u00f1ad\u00eda que esta identidad cristiana puede estar mucho m\u00e1s presente de lo que nos imaginamos: se proyecta en la instituci\u00f3n y en el ambiente en el que se desarrollan las actividades. \u201cEl cristianismo lo podemos meter en todos los niveles, sin forzar la realidad, porque la realidad est\u00e1 sostenida por Dios\u201d.<\/p>\n\n\n\n<p>Y es que, <strong>muchas cosas que suceden en esta Universidad aparentemente pasan desapercibidas, pero reflejan la identidad de lo cotidiano<\/strong>. Trataremos de compartir esta cotidianidad a lo largo de las siguientes p\u00e1ginas de la revista.<\/p>\n\n\n\n<div style=\"height:40px\" aria-hidden=\"true\" class=\"wp-block-spacer\"><\/div>\n\n\n<div class=\"wp-block-image\">\n<figure class=\"aligncenter size-large is-resized\"><img decoding=\"async\" width=\"1024\" height=\"433\" src=\"https:\/\/revistacampus.uandes.cl\/2024\/wp-content\/uploads\/2024\/09\/IMG_0161-1-1024x433.jpg\" alt=\"\" class=\"wp-image-2062\" style=\"width:700px\" srcset=\"https:\/\/revistacampus.uandes.cl\/2024\/wp-content\/uploads\/2024\/09\/IMG_0161-1-1024x433.jpg 1024w, https:\/\/revistacampus.uandes.cl\/2024\/wp-content\/uploads\/2024\/09\/IMG_0161-1-300x127.jpg 300w, https:\/\/revistacampus.uandes.cl\/2024\/wp-content\/uploads\/2024\/09\/IMG_0161-1-768x324.jpg 768w, https:\/\/revistacampus.uandes.cl\/2024\/wp-content\/uploads\/2024\/09\/IMG_0161-1-1536x649.jpg 1536w, https:\/\/revistacampus.uandes.cl\/2024\/wp-content\/uploads\/2024\/09\/IMG_0161-1.jpg 1920w\" sizes=\"(max-width: 1024px) 100vw, 1024px\" \/><\/figure>\n<\/div>\n\n\n<p><\/p>\n","protected":false},"excerpt":{"rendered":"<p>Por Marta CastilloDirectora de Comunicaciones Hace unas semanas mons. Fernando Oc\u00e1riz, en una clase ante m\u00e1s de 300 acad\u00e9micos, dibuj\u00f3, como quien lo hace en un lienzo, las razones que llenan de sentido el quehacer de quienes trabajan en una instituci\u00f3n de inspiraci\u00f3n cristiana. Palabras serenas y llenas de esperanza del Rector honorario de la [&hellip;]<\/p>\n","protected":false},"author":3,"featured_media":0,"comment_status":"open","ping_status":"open","sticky":false,"template":"","format":"standard","meta":{"footnotes":""},"categories":[1],"tags":[42],"class_list":["post-2009","post","type-post","status-publish","format-standard","hentry","category-sin-categoria","tag-editorial"],"_links":{"self":[{"href":"https:\/\/revistacampus.uandes.cl\/2024\/wp-json\/wp\/v2\/posts\/2009","targetHints":{"allow":["GET"]}}],"collection":[{"href":"https:\/\/revistacampus.uandes.cl\/2024\/wp-json\/wp\/v2\/posts"}],"about":[{"href":"https:\/\/revistacampus.uandes.cl\/2024\/wp-json\/wp\/v2\/types\/post"}],"author":[{"embeddable":true,"href":"https:\/\/revistacampus.uandes.cl\/2024\/wp-json\/wp\/v2\/users\/3"}],"replies":[{"embeddable":true,"href":"https:\/\/revistacampus.uandes.cl\/2024\/wp-json\/wp\/v2\/comments?post=2009"}],"version-history":[{"count":10,"href":"https:\/\/revistacampus.uandes.cl\/2024\/wp-json\/wp\/v2\/posts\/2009\/revisions"}],"predecessor-version":[{"id":2068,"href":"https:\/\/revistacampus.uandes.cl\/2024\/wp-json\/wp\/v2\/posts\/2009\/revisions\/2068"}],"wp:attachment":[{"href":"https:\/\/revistacampus.uandes.cl\/2024\/wp-json\/wp\/v2\/media?parent=2009"}],"wp:term":[{"taxonomy":"category","embeddable":true,"href":"https:\/\/revistacampus.uandes.cl\/2024\/wp-json\/wp\/v2\/categories?post=2009"},{"taxonomy":"post_tag","embeddable":true,"href":"https:\/\/revistacampus.uandes.cl\/2024\/wp-json\/wp\/v2\/tags?post=2009"}],"curies":[{"name":"wp","href":"https:\/\/api.w.org\/{rel}","templated":true}]}}