{"id":1759,"date":"2024-09-05T04:24:16","date_gmt":"2024-09-05T07:24:16","guid":{"rendered":"https:\/\/revistacampus.uandes.cl\/2024\/?p=1759"},"modified":"2024-10-27T22:39:15","modified_gmt":"2024-10-28T01:39:15","slug":"mujeres-lideres","status":"publish","type":"post","link":"https:\/\/revistacampus.uandes.cl\/2024\/mujeres-lideres\/","title":{"rendered":"Mujeres L\u00edderes"},"content":{"rendered":"\n<p class=\"has-text-align-left has-background\" style=\"background-color:#eeeeee\"><img decoding=\"async\" width=\"60\" height=\"60\" class=\"wp-image-402\" style=\"width: 60px;\" src=\"https:\/\/revistacampus.uandes.cl\/2024\/wp-content\/uploads\/2024\/08\/VE-POR-MAS.png\" alt=\"\" srcset=\"https:\/\/revistacampus.uandes.cl\/2024\/wp-content\/uploads\/2024\/08\/VE-POR-MAS.png 250w, https:\/\/revistacampus.uandes.cl\/2024\/wp-content\/uploads\/2024\/08\/VE-POR-MAS-150x150.png 150w\" sizes=\"(max-width: 60px) 100vw, 60px\" \/><br><strong>Ellas fueron reconocidas entre las <a href=\"https:\/\/me.cl\/100-mujeres-lideres-me\/\" target=\"_blank\" rel=\"noreferrer noopener\">100 Mujeres L\u00edderes<\/a> 2023<\/strong>, junto con <em>Karen Thal<\/em> (PADE 2018) y <em>Beatriz Hevia<\/em> (DER 2015), cuyas historias publicamos en nuestra <a href=\"https:\/\/revistacampus.uandes.cl\/2023\/alumni-que-van-por-mas\/\" target=\"_blank\" rel=\"noreferrer noopener\">edici\u00f3n anterior<\/a>.<\/p>\n\n\n\n<div class=\"wp-block-columns is-layout-flex wp-container-core-columns-is-layout-9d6595d7 wp-block-columns-is-layout-flex\">\n<div class=\"wp-block-column is-layout-flow wp-block-column-is-layout-flow\" style=\"flex-basis:33.33%\">\n<p><strong><sub>AMP 2022 <\/sub><\/strong><br><sub><em>(Advanced Management Program, ESE)<\/em><\/sub><strong><br><mark style=\"background-color:rgba(0, 0, 0, 0);color:#e00e17\" class=\"has-inline-color\">CONSUELO MENGUAL HENR\u00cdQUEZ<\/mark><\/strong><\/p>\n\n\n\n<p style=\"font-size:20px\"><strong><em><sub>Cofundadora de Abogadas In-House<\/sub><\/em><\/strong><\/p>\n\n\n\n<figure class=\"wp-block-image size-large\"><img fetchpriority=\"high\" decoding=\"async\" width=\"1024\" height=\"1024\" src=\"https:\/\/revistacampus.uandes.cl\/2024\/wp-content\/uploads\/2024\/09\/Consuelo-Mengual-1024x1024.jpg\" alt=\"\" class=\"wp-image-1537\" style=\"aspect-ratio:1;object-fit:cover\" srcset=\"https:\/\/revistacampus.uandes.cl\/2024\/wp-content\/uploads\/2024\/09\/Consuelo-Mengual-1024x1024.jpg 1024w, https:\/\/revistacampus.uandes.cl\/2024\/wp-content\/uploads\/2024\/09\/Consuelo-Mengual-300x300.jpg 300w, https:\/\/revistacampus.uandes.cl\/2024\/wp-content\/uploads\/2024\/09\/Consuelo-Mengual-150x150.jpg 150w, https:\/\/revistacampus.uandes.cl\/2024\/wp-content\/uploads\/2024\/09\/Consuelo-Mengual-768x768.jpg 768w, https:\/\/revistacampus.uandes.cl\/2024\/wp-content\/uploads\/2024\/09\/Consuelo-Mengual-1536x1536.jpg 1536w, https:\/\/revistacampus.uandes.cl\/2024\/wp-content\/uploads\/2024\/09\/Consuelo-Mengual.jpg 2000w\" sizes=\"(max-width: 1024px) 100vw, 1024px\" \/><\/figure>\n<\/div>\n\n\n\n<div class=\"wp-block-column is-layout-flow wp-block-column-is-layout-flow\" style=\"flex-basis:66.66%\">\n<div style=\"height:100px\" aria-hidden=\"true\" class=\"wp-block-spacer\"><\/div>\n\n\n\n<p>La <strong>directora legal del <a href=\"https:\/\/www.coordinador.cl\/\" target=\"_blank\" rel=\"noreferrer noopener\">Coordinador El\u00e9ctrico Nacional (CEN)<\/a><\/strong> fue reconocida en la <em>categor\u00eda Ejecutivas con un estilo diferente de liderazgo<\/em>, del <em>Premio 100 Mujeres L\u00edderes<\/em>, por su rol como <strong>cofundadora de <a href=\"https:\/\/www.linkedin.com\/company\/abogadas-in-house-chile\/?originalSubdomain=cl\" target=\"_blank\" rel=\"noreferrer noopener\">Abogadas In-House Chile<\/a>, asociaci\u00f3n profesional orientada a visibilizar el trabajo de las mujeres en el Derecho<\/strong>. \u201cAIH re\u00fane a muchas mujeres que son referentes para abogadas m\u00e1s j\u00f3venes \u2014algo que yo no tuve cuando empec\u00e9 a trabajar\u2014 y que las pueden empoderar para que cada vez ocupen m\u00e1s espacios de relevancia en la industria legal\u201d, explicaba la abogada en una <a href=\"https:\/\/lexlatin.com\/entrevistas\/abogadas-in-house-chile-consuelo-mengual\" target=\"_blank\" rel=\"noreferrer noopener\">entrevista de 2023<\/a> sobre esta red de profesionales, que c<strong>omenz\u00f3 por un grupo de WhatsApp en 2022 y que hoy cuenta con m\u00e1s de 800 integrantes.<\/strong> \u201cEl AMP me ha entregado herramientas clave que van m\u00e1s all\u00e1 de mi formaci\u00f3n como abogado\u201d, asegura quien hace a\u00f1os decidi\u00f3 salir de los estudios legales para impulsar su carrera como abogada interna (<em>in-house<\/em>) de una empresa.<\/p>\n<\/div>\n<\/div>\n\n\n\n<div style=\"height:30px\" aria-hidden=\"true\" class=\"wp-block-spacer\"><\/div>\n\n\n\n<hr class=\"wp-block-separator has-text-color has-alpha-channel-opacity has-background\" style=\"background-color:#e00e17;color:#e00e17\"\/>\n\n\n\n<div style=\"height:30px\" aria-hidden=\"true\" class=\"wp-block-spacer\"><\/div>\n\n\n\n<div class=\"wp-block-columns is-layout-flex wp-container-core-columns-is-layout-9d6595d7 wp-block-columns-is-layout-flex\">\n<div class=\"wp-block-column is-layout-flow wp-block-column-is-layout-flow\" style=\"flex-basis:33.33%\">\n<p><strong><sub>PADE 2017 <\/sub><\/strong><br><sub>(Programa de Alta Direcci\u00f3n de Empresas, ESE)<\/sub><strong><br><mark style=\"background-color:rgba(0, 0, 0, 0);color:#e00e17\" class=\"has-inline-color\">MAR\u00cdA MARTA DE AGUIRRE<\/mark><\/strong><\/p>\n\n\n\n<p style=\"font-size:20px\"><strong><em><sub>Ejecutivas de Alta Direcci\u00f3n<\/sub><\/em><\/strong><\/p>\n\n\n\n<figure class=\"wp-block-image size-large\"><img decoding=\"async\" width=\"682\" height=\"1024\" src=\"https:\/\/revistacampus.uandes.cl\/2024\/wp-content\/uploads\/2024\/09\/Maria-Marta-de-Aguirre-2-682x1024.jpg\" alt=\"\" class=\"wp-image-1541\" style=\"aspect-ratio:1;object-fit:cover\" srcset=\"https:\/\/revistacampus.uandes.cl\/2024\/wp-content\/uploads\/2024\/09\/Maria-Marta-de-Aguirre-2-682x1024.jpg 682w, https:\/\/revistacampus.uandes.cl\/2024\/wp-content\/uploads\/2024\/09\/Maria-Marta-de-Aguirre-2-200x300.jpg 200w, https:\/\/revistacampus.uandes.cl\/2024\/wp-content\/uploads\/2024\/09\/Maria-Marta-de-Aguirre-2-768x1152.jpg 768w, https:\/\/revistacampus.uandes.cl\/2024\/wp-content\/uploads\/2024\/09\/Maria-Marta-de-Aguirre-2-1024x1536.jpg 1024w, https:\/\/revistacampus.uandes.cl\/2024\/wp-content\/uploads\/2024\/09\/Maria-Marta-de-Aguirre-2.jpg 1333w\" sizes=\"(max-width: 682px) 100vw, 682px\" \/><\/figure>\n<\/div>\n\n\n\n<div class=\"wp-block-column is-layout-flow wp-block-column-is-layout-flow\" style=\"flex-basis:66.66%\">\n<div style=\"height:100px\" aria-hidden=\"true\" class=\"wp-block-spacer\"><\/div>\n\n\n\n<p>Con dos d\u00e9cadas de experiencia en compa\u00f1\u00edas de inversi\u00f3n, Mar\u00eda Marta <strong>destaca en el mundo empresarial y financiero de Chile por su visi\u00f3n, trayectoria y liderazgo.<\/strong> En 2023 fue nombrada <a href=\"https:\/\/www.surainvestments.com\/nosotros\/nuestro-equipo\/\" target=\"_blank\" rel=\"noreferrer noopener\">directora ejecutiva de Talento Humano y Marketing de SURA Investments para Latinoam\u00e9rica<\/a> y recibi\u00f3 el Premio 100 Mujeres L\u00edderes en la <em>categor\u00eda Ejecutivas de Alta Direcci\u00f3n<\/em>. Actuaria de la Universidad de Buenos Aires y MBA del IAE, Argentina, curs\u00f3 el <a href=\"https:\/\/ese.cl\/ese\/area-de-interes\/direccion-de-personas\/mas-de-1-ano\/pade\/2020-07-15\/173155.html?gad_source=1&amp;gclid=CjwKCAjwreW2BhBhEiwAavLwfEEng5m5WSPBrl2qSepTQpHBuWq_BgoHGMQcuISoNPLgizj3TZv7mBoCh34QAvD_BwE\" target=\"_blank\" rel=\"noreferrer noopener\">PADE en el ESE Business School<\/a>, donde forma parte del programa ESE100. Fue <em>presidente del Consejo Alumni del ESE<\/em> (2020-2022) y hoy se mantiene como consejera y miembro del Comit\u00e9 de Comunicaciones. \u201cCreo que hay que visibilizar a las mujeres, hay que mostrar mujeres que son de muy alta capacidad, que pueden y tienen las habilidades para tomar altas posiciones o lugares de responsabilidad\u201d, manifiesta.<\/p>\n<\/div>\n<\/div>\n\n\n\n<div style=\"height:30px\" aria-hidden=\"true\" class=\"wp-block-spacer\"><\/div>\n\n\n\n<hr class=\"wp-block-separator has-text-color has-alpha-channel-opacity has-background\" style=\"background-color:#e00e17;color:#e00e17\"\/>\n\n\n\n<div style=\"height:30px\" aria-hidden=\"true\" class=\"wp-block-spacer\"><\/div>\n\n\n\n<div class=\"wp-block-columns is-layout-flex wp-container-core-columns-is-layout-9d6595d7 wp-block-columns-is-layout-flex\">\n<div class=\"wp-block-column is-layout-flow wp-block-column-is-layout-flow\" style=\"flex-basis:33.33%\">\n<p><strong><sub>Psicolog\u00eda 2007<\/sub><br><mark style=\"background-color:rgba(0, 0, 0, 0);color:#e00e17\" class=\"has-inline-color\">VER\u00d3NICA RESTREPO LOPERA<\/mark><\/strong><\/p>\n\n\n\n<p style=\"font-size:20px\"><strong><em><sub>Presidente del Directorio de Grupo Prisa<\/sub><\/em><\/strong><\/p>\n\n\n\n<figure class=\"wp-block-image size-full\"><img loading=\"lazy\" decoding=\"async\" width=\"847\" height=\"911\" src=\"https:\/\/revistacampus.uandes.cl\/2024\/wp-content\/uploads\/2024\/09\/Veronica-Restrepo-PSI-07-2-1.jpg\" alt=\"\" class=\"wp-image-1544\" style=\"aspect-ratio:1;object-fit:cover\" srcset=\"https:\/\/revistacampus.uandes.cl\/2024\/wp-content\/uploads\/2024\/09\/Veronica-Restrepo-PSI-07-2-1.jpg 847w, https:\/\/revistacampus.uandes.cl\/2024\/wp-content\/uploads\/2024\/09\/Veronica-Restrepo-PSI-07-2-1-279x300.jpg 279w, https:\/\/revistacampus.uandes.cl\/2024\/wp-content\/uploads\/2024\/09\/Veronica-Restrepo-PSI-07-2-1-768x826.jpg 768w\" sizes=\"(max-width: 847px) 100vw, 847px\" \/><\/figure>\n<\/div>\n\n\n\n<div class=\"wp-block-column is-layout-flow wp-block-column-is-layout-flow\" style=\"flex-basis:66.66%\">\n<div style=\"height:100px\" aria-hidden=\"true\" class=\"wp-block-spacer\"><\/div>\n\n\n\n<p>\u201cVer\u00f3nica ha llevado el legado de su padre, Rodrigo Restrepo, fundador del <a href=\"https:\/\/www.prisa.cl\/\" target=\"_blank\" rel=\"noreferrer noopener\">Grupo Prisa S.A.<\/a>, representando sus valores y cualidades \u00fanicas del amor y respeto por la familia. Con ellos ha fomentado y concluido proyectos que han permitido mejorar el posicionamiento de la empresa y crecer, sumando nuevos puestos de trabajo, adem\u00e1s de promover el liderazgo de mujeres en las diversas \u00e1reas de la empresa\u201d, afirmaba la instituci\u00f3n cuando su <strong>gerente corporativa de Recursos Humanos y presidente del Directorio Grupo Prisa<\/strong> recibi\u00f3 el reconocimiento 100 Mujeres L\u00edderes, en la <em>categor\u00eda Empresarias y Emprendedoras<\/em>. Responsable de esta empresa de log\u00edstica y comercializadora de suministros para oficina, Ver\u00f3nica <a href=\"https:\/\/www.uandes.cl\/noticias\/encuentro-representantes-estudiantiles\/\" target=\"_blank\" rel=\"noreferrer noopener\">comparti\u00f3 este a\u00f1o con representantes estudiantiles de la UANDES<\/a> su experiencia profesional y los desaf\u00edos que se presentan en la actualidad con la conciliaci\u00f3n trabajo-familia.<\/p>\n<\/div>\n<\/div>\n\n\n\n<div style=\"height:30px\" aria-hidden=\"true\" class=\"wp-block-spacer\"><\/div>\n\n\n\n<hr class=\"wp-block-separator has-text-color has-alpha-channel-opacity has-background\" style=\"background-color:#e00e17;color:#e00e17\"\/>\n\n\n\n<div style=\"height:30px\" aria-hidden=\"true\" class=\"wp-block-spacer\"><\/div>\n\n\n\n<div class=\"wp-block-columns is-layout-flex wp-container-core-columns-is-layout-9d6595d7 wp-block-columns-is-layout-flex\">\n<div class=\"wp-block-column is-layout-flow wp-block-column-is-layout-flow\" style=\"flex-basis:33.33%\">\n<p><strong><sub>Enfermer\u00eda 2013<\/sub><br><mark style=\"background-color:rgba(0, 0, 0, 0);color:#e00e17\" class=\"has-inline-color\">PAULA OSSAND\u00d3N LIRA<\/mark><\/strong><\/p>\n\n\n\n<p style=\"font-size:20px\"><strong><em><sub>Cofundadora y CEO de SITU<\/sub><\/em><\/strong><\/p>\n\n\n\n<figure class=\"wp-block-image size-full\"><img loading=\"lazy\" decoding=\"async\" width=\"2000\" height=\"1334\" src=\"https:\/\/revistacampus.uandes.cl\/2024\/wp-content\/uploads\/2024\/09\/Paula-Ossandon.jpg\" alt=\"\" class=\"wp-image-1737\" style=\"aspect-ratio:1;object-fit:cover\" srcset=\"https:\/\/revistacampus.uandes.cl\/2024\/wp-content\/uploads\/2024\/09\/Paula-Ossandon.jpg 2000w, https:\/\/revistacampus.uandes.cl\/2024\/wp-content\/uploads\/2024\/09\/Paula-Ossandon-300x200.jpg 300w, https:\/\/revistacampus.uandes.cl\/2024\/wp-content\/uploads\/2024\/09\/Paula-Ossandon-1024x683.jpg 1024w, https:\/\/revistacampus.uandes.cl\/2024\/wp-content\/uploads\/2024\/09\/Paula-Ossandon-768x512.jpg 768w, https:\/\/revistacampus.uandes.cl\/2024\/wp-content\/uploads\/2024\/09\/Paula-Ossandon-1536x1025.jpg 1536w\" sizes=\"(max-width: 2000px) 100vw, 2000px\" \/><\/figure>\n<\/div>\n\n\n\n<div class=\"wp-block-column is-layout-flow wp-block-column-is-layout-flow\" style=\"flex-basis:66.66%\">\n<div style=\"height:100px\" aria-hidden=\"true\" class=\"wp-block-spacer\"><\/div>\n\n\n\n<p>Paula fue destacada por su rol en la creaci\u00f3n y crecimiento de <a href=\"https:\/\/situ.care\/\" target=\"_blank\" rel=\"noreferrer noopener\">SITU<\/a>, empresa pionera en Chile en implementar la residencia para personas mayores en su propio hogar, coordinando <strong>soluciones geri\u00e1tricas a domicilio para mejorar su calidad de vida y reducir la carga de cuidado para sus familiares<\/strong>. Su perspectiva innovadora con impacto social la hizo merecedora del Premio 100 Mujeres L\u00edderes, en la <em>categor\u00eda Empresarias y Emprendedoras<\/em>. Cofundadora de SITU y su actual CEO, Paula es <strong>m\u00e1ster en Cuidados Paliativos por la Universidad Aut\u00f3noma de Barcelona<\/strong>, cuenta con dos Diplomados UANDES y es <strong>docente del <a href=\"https:\/\/postgradosuandes.cl\/diplomados\/diplomado-en-cuidados-paliativos-del-adulto-y-adulto-mayor\/\" target=\"_blank\" rel=\"noreferrer noopener\">Diplomado en Cuidados Paliativos del Adulto y Persona Mayor<\/a> de esta Universidad<\/strong>. Tambi\u00e9n es miembro del directorio de la <a href=\"https:\/\/socep.cl\/\" target=\"_blank\" rel=\"noreferrer noopener\">Sociedad Cient\u00edfica de Enfermer\u00eda Paliativa de Chile<\/a> e impuls\u00f3 la agrupaci\u00f3n <a href=\"https:\/\/www.facebook.com\/groups\/296933178654165\/\" target=\"_blank\" rel=\"noreferrer noopener\">Paliativos Ahora<\/a>, que influy\u00f3 en la promulgaci\u00f3n de la <a href=\"https:\/\/saludresponde.minsal.cl\/ley-de-cuidados-paliativos\/\" target=\"_blank\" rel=\"noreferrer noopener\">ley de cuidados paliativos universales<\/a> en 2021.<\/p>\n<\/div>\n<\/div>\n\n\n\n<div style=\"height:30px\" aria-hidden=\"true\" class=\"wp-block-spacer\"><\/div>\n\n\n\n<hr class=\"wp-block-separator has-text-color has-alpha-channel-opacity has-background\" style=\"background-color:#e00e17;color:#e00e17\"\/>\n\n\n\n<div style=\"height:30px\" aria-hidden=\"true\" class=\"wp-block-spacer\"><\/div>\n\n\n\n<div class=\"wp-block-columns is-layout-flex wp-container-core-columns-is-layout-9d6595d7 wp-block-columns-is-layout-flex\">\n<div class=\"wp-block-column is-layout-flow wp-block-column-is-layout-flow\" style=\"flex-basis:33.33%\">\n<p><strong><sub>Periodismo 1998<\/sub><br><mark style=\"background-color:rgba(0, 0, 0, 0);color:#e00e17\" class=\"has-inline-color\">CATALINA AGUIRRE BOZA<\/mark><\/strong><\/p>\n\n\n\n<p style=\"font-size:20px\"><strong><em><sub>Cofundadora y CEO de Kumiko Skincare<\/sub><\/em><\/strong><\/p>\n\n\n\n<figure class=\"wp-block-image size-full\"><img loading=\"lazy\" decoding=\"async\" width=\"1730\" height=\"1806\" src=\"https:\/\/revistacampus.uandes.cl\/2024\/wp-content\/uploads\/2024\/09\/Catalina-Aguirre-1-e1725549988382.jpg\" alt=\"\" class=\"wp-image-1545\" style=\"aspect-ratio:1;object-fit:cover\" srcset=\"https:\/\/revistacampus.uandes.cl\/2024\/wp-content\/uploads\/2024\/09\/Catalina-Aguirre-1-e1725549988382.jpg 1730w, https:\/\/revistacampus.uandes.cl\/2024\/wp-content\/uploads\/2024\/09\/Catalina-Aguirre-1-e1725549988382-287x300.jpg 287w, https:\/\/revistacampus.uandes.cl\/2024\/wp-content\/uploads\/2024\/09\/Catalina-Aguirre-1-e1725549988382-981x1024.jpg 981w, https:\/\/revistacampus.uandes.cl\/2024\/wp-content\/uploads\/2024\/09\/Catalina-Aguirre-1-e1725549988382-768x802.jpg 768w, https:\/\/revistacampus.uandes.cl\/2024\/wp-content\/uploads\/2024\/09\/Catalina-Aguirre-1-e1725549988382-1471x1536.jpg 1471w\" sizes=\"(max-width: 1730px) 100vw, 1730px\" \/><\/figure>\n<\/div>\n\n\n\n<div class=\"wp-block-column is-layout-flow wp-block-column-is-layout-flow\" style=\"flex-basis:66.66%\">\n<div style=\"height:100px\" aria-hidden=\"true\" class=\"wp-block-spacer\"><\/div>\n\n\n\n<p>Despu\u00e9s de trabajar por 12 a\u00f1os como conductora de televisi\u00f3n y obtener su t\u00edtulo de profesora de Educaci\u00f3n Media en Lengua y Literatura en Castellano, Catalina decidi\u00f3 dedicarse a la cosmetolog\u00eda y <strong>lanz\u00f3 su propia marca de cosm\u00e9ticos, <a href=\"https:\/\/chile.kumikoskincare.com\/\" target=\"_blank\" rel=\"noreferrer noopener\">Kumiko Skincare<\/a>, en 2018<\/strong>. Su \u00e9xito fue tal que, tres a\u00f1os despu\u00e9s, <a href=\"https:\/\/chile.kumikoskincare.com\/pages\/que-enamoro-a-ricky-martin-de-kumiko%E2%84%A2?\" target=\"_blank\" rel=\"noreferrer noopener\">Ricky Martin se uni\u00f3 como imagen y socio<\/a>, y la marca fue <a href=\"https:\/\/www.linkedin.com\/posts\/kumiko-skincare_matchaskincare-crueltyfreebeauty-matchaup-activity-6995541274179051520-8UCb\/\" target=\"_blank\" rel=\"noreferrer noopener\">recomendada por Oprah Winfrey<\/a>. En 2022, Kumiko Skincare ingres\u00f3 a <a href=\"https:\/\/www.sephora.com.mx\/on\/demandware.store\/Sites-Sephora_MX-Site\/es_MX\/Linx-Show?q=kumiko\" target=\"_blank\" rel=\"noreferrer noopener\">Sephora M\u00e9xico<\/a>. Esta trayectoria le vali\u00f3 el Premio 100 Mujeres L\u00edderes en la <em>categor\u00eda Empresarias<\/em>, por segundo a\u00f1o consecutivo. \u201cLas personas no solo buscan una f\u00f3rmula para verse mejor, tambi\u00e9n una manera de sentirse bien, de mejorar su estado de \u00e1nimo y de darse cari\u00f1o. Y entregar eso es poder dar un espacio fundamental que, como seres humanos, no solo queremos, sino que necesitamos\u201d, plantea en <a href=\"https:\/\/www.mujeresinfluyentes.cl\/\" target=\"_blank\" rel=\"noreferrer noopener\">Mujeres INfluyentes<\/a>, comunidad que tambi\u00e9n la reconoci\u00f3 el a\u00f1o pasado.<\/p>\n<\/div>\n<\/div>\n\n\n\n<div style=\"height:30px\" aria-hidden=\"true\" class=\"wp-block-spacer\"><\/div>\n\n\n\n<hr class=\"wp-block-separator has-text-color has-alpha-channel-opacity has-background\" style=\"background-color:#e00e17;color:#e00e17\"\/>\n\n\n\n<div style=\"height:30px\" aria-hidden=\"true\" class=\"wp-block-spacer\"><\/div>\n\n\n\n<div class=\"wp-block-columns is-layout-flex wp-container-core-columns-is-layout-9d6595d7 wp-block-columns-is-layout-flex\">\n<div class=\"wp-block-column is-layout-flow wp-block-column-is-layout-flow\" style=\"flex-basis:33.33%\">\n<p><strong><sub>Medicina 2011<\/sub><br><mark style=\"background-color:rgba(0, 0, 0, 0);color:#e00e17\" class=\"has-inline-color\">FLORENCIA \u00c1LAMOS GRAU<\/mark><\/strong><\/p>\n\n\n\n<p style=\"font-size:20px\"><strong><em><sub>Cofundadora y directora ejecutiva de Fundaci\u00f3n Kiri<\/sub><\/em><\/strong><\/p>\n\n\n\n<figure class=\"wp-block-image size-full\"><img loading=\"lazy\" decoding=\"async\" width=\"2000\" height=\"1967\" src=\"https:\/\/revistacampus.uandes.cl\/2024\/wp-content\/uploads\/2024\/09\/Florencia-Alamos.jpg\" alt=\"\" class=\"wp-image-1547\" style=\"aspect-ratio:1;object-fit:cover\" srcset=\"https:\/\/revistacampus.uandes.cl\/2024\/wp-content\/uploads\/2024\/09\/Florencia-Alamos.jpg 2000w, https:\/\/revistacampus.uandes.cl\/2024\/wp-content\/uploads\/2024\/09\/Florencia-Alamos-300x295.jpg 300w, https:\/\/revistacampus.uandes.cl\/2024\/wp-content\/uploads\/2024\/09\/Florencia-Alamos-1024x1007.jpg 1024w, https:\/\/revistacampus.uandes.cl\/2024\/wp-content\/uploads\/2024\/09\/Florencia-Alamos-768x755.jpg 768w, https:\/\/revistacampus.uandes.cl\/2024\/wp-content\/uploads\/2024\/09\/Florencia-Alamos-1536x1511.jpg 1536w\" sizes=\"(max-width: 2000px) 100vw, 2000px\" \/><\/figure>\n<\/div>\n\n\n\n<div class=\"wp-block-column is-layout-flow wp-block-column-is-layout-flow\" style=\"flex-basis:66.66%\">\n<div style=\"height:110px\" aria-hidden=\"true\" class=\"wp-block-spacer\"><\/div>\n\n\n\n<p>\u201cSin duda, nuestra <a href=\"https:\/\/www.linkedin.com\/in\/mar%C3%ADa-florencia-%C3%A1lamos-grau-aab2781b6\/?originalSubdomain=cl\" target=\"_blank\" rel=\"noreferrer noopener\">directora ejecutiva<\/a> es una inspiraci\u00f3n y orgullo para toda la Fundaci\u00f3n Kiri y este reconocimiento subraya su excepcional contribuci\u00f3n a la construcci\u00f3n de un futuro m\u00e1s s\u00f3lido y equitativo para la ni\u00f1ez chilena\u201d, destaca la instituci\u00f3n que fomenta la salud mental y las habilidades socioemocionales de ni\u00f1os y ni\u00f1as mediante programas culturales, deportivos y cient\u00edficos. La <strong>cofundadora de <a href=\"https:\/\/fundacionkiri.cl\/\" target=\"_blank\" rel=\"noreferrer noopener\">Fundaci\u00f3n Kiri<\/a> y de <a href=\"https:\/\/cienciaimpacta.cl\/\" target=\"_blank\" rel=\"noreferrer noopener\">Fundaci\u00f3n Ciencia Impacta<\/a> es Ph.D. en Neurociencias y una reconocida investigadora nacional<\/strong>, quien, adem\u00e1s, ha desempe\u00f1ado un papel fundamental en la <strong>creaci\u00f3n de programas sociales innovadores a nivel escolar, en \u00e1reas como salud mental, educaci\u00f3n y tecnolog\u00eda, clave para mejorar el rezago acad\u00e9mico postpandemia<\/strong>, por lo que recibi\u00f3 el Premio 100 Mujeres L\u00edderes, en la <em>categor\u00eda Servicio Social<\/em>. <img loading=\"lazy\" decoding=\"async\" width=\"15\" height=\"15\" class=\"wp-image-402\" style=\"width: 15px;\" src=\"https:\/\/revistacampus.uandes.cl\/2024\/wp-content\/uploads\/2024\/08\/VE-POR-MAS.png\" alt=\"\" srcset=\"https:\/\/revistacampus.uandes.cl\/2024\/wp-content\/uploads\/2024\/08\/VE-POR-MAS.png 250w, https:\/\/revistacampus.uandes.cl\/2024\/wp-content\/uploads\/2024\/08\/VE-POR-MAS-150x150.png 150w\" sizes=\"(max-width: 15px) 100vw, 15px\" \/><\/p>\n<\/div>\n<\/div>\n","protected":false},"excerpt":{"rendered":"<p>Ellas fueron reconocidas entre las 100 Mujeres L\u00edderes 2023, junto con Karen Thal (PADE 2018) y Beatriz Hevia (DER 2015), cuyas historias publicamos en nuestra edici\u00f3n anterior.<\/p>\n","protected":false},"author":3,"featured_media":1758,"comment_status":"open","ping_status":"open","sticky":false,"template":"","format":"standard","meta":{"footnotes":""},"categories":[41,10,1],"tags":[44],"class_list":["post-1759","post","type-post","status-publish","format-standard","has-post-thumbnail","hentry","category-estudiantes-uandes","category-estudiantes","category-sin-categoria","tag-alumni-que-van-por-mas"],"_links":{"self":[{"href":"https:\/\/revistacampus.uandes.cl\/2024\/wp-json\/wp\/v2\/posts\/1759","targetHints":{"allow":["GET"]}}],"collection":[{"href":"https:\/\/revistacampus.uandes.cl\/2024\/wp-json\/wp\/v2\/posts"}],"about":[{"href":"https:\/\/revistacampus.uandes.cl\/2024\/wp-json\/wp\/v2\/types\/post"}],"author":[{"embeddable":true,"href":"https:\/\/revistacampus.uandes.cl\/2024\/wp-json\/wp\/v2\/users\/3"}],"replies":[{"embeddable":true,"href":"https:\/\/revistacampus.uandes.cl\/2024\/wp-json\/wp\/v2\/comments?post=1759"}],"version-history":[{"count":7,"href":"https:\/\/revistacampus.uandes.cl\/2024\/wp-json\/wp\/v2\/posts\/1759\/revisions"}],"predecessor-version":[{"id":2136,"href":"https:\/\/revistacampus.uandes.cl\/2024\/wp-json\/wp\/v2\/posts\/1759\/revisions\/2136"}],"wp:featuredmedia":[{"embeddable":true,"href":"https:\/\/revistacampus.uandes.cl\/2024\/wp-json\/wp\/v2\/media\/1758"}],"wp:attachment":[{"href":"https:\/\/revistacampus.uandes.cl\/2024\/wp-json\/wp\/v2\/media?parent=1759"}],"wp:term":[{"taxonomy":"category","embeddable":true,"href":"https:\/\/revistacampus.uandes.cl\/2024\/wp-json\/wp\/v2\/categories?post=1759"},{"taxonomy":"post_tag","embeddable":true,"href":"https:\/\/revistacampus.uandes.cl\/2024\/wp-json\/wp\/v2\/tags?post=1759"}],"curies":[{"name":"wp","href":"https:\/\/api.w.org\/{rel}","templated":true}]}}