{"id":1561,"date":"2024-08-04T16:51:06","date_gmt":"2024-08-04T19:51:06","guid":{"rendered":"https:\/\/revistacampus.uandes.cl\/2024\/?p=1561"},"modified":"2024-10-21T13:28:23","modified_gmt":"2024-10-21T16:28:23","slug":"nuestras-plumas","status":"publish","type":"post","link":"https:\/\/revistacampus.uandes.cl\/2024\/nuestras-plumas\/","title":{"rendered":"Nuestras plumas"},"content":{"rendered":"\n<div style=\"height:87px\" aria-hidden=\"true\" class=\"wp-block-spacer\"><\/div>\n\n\n\n<div class=\"wp-block-columns is-layout-flex wp-container-core-columns-is-layout-9d6595d7 wp-block-columns-is-layout-flex\">\n<div class=\"wp-block-column is-layout-flow wp-block-column-is-layout-flow\" style=\"flex-basis:33.33%\"><div class=\"wp-block-image\">\n<figure class=\"aligncenter size-large is-resized\"><img fetchpriority=\"high\" decoding=\"async\" width=\"666\" height=\"1024\" src=\"https:\/\/revistacampus.uandes.cl\/2024\/wp-content\/uploads\/2024\/09\/ensenar-666x1024.jpg\" alt=\"\" class=\"wp-image-1564\" style=\"aspect-ratio:0.6666666666666666;object-fit:cover;width:277px;height:auto\" srcset=\"https:\/\/revistacampus.uandes.cl\/2024\/wp-content\/uploads\/2024\/09\/ensenar-666x1024.jpg 666w, https:\/\/revistacampus.uandes.cl\/2024\/wp-content\/uploads\/2024\/09\/ensenar-195x300.jpg 195w, https:\/\/revistacampus.uandes.cl\/2024\/wp-content\/uploads\/2024\/09\/ensenar-768x1181.jpg 768w, https:\/\/revistacampus.uandes.cl\/2024\/wp-content\/uploads\/2024\/09\/ensenar-999x1536.jpg 999w, https:\/\/revistacampus.uandes.cl\/2024\/wp-content\/uploads\/2024\/09\/ensenar.jpg 1301w\" sizes=\"(max-width: 666px) 100vw, 666px\" \/><\/figure>\n<\/div><\/div>\n\n\n\n<div class=\"wp-block-column is-layout-flow wp-block-column-is-layout-flow\" style=\"flex-basis:66.66%\">\n<h2 class=\"wp-block-heading\"><strong>ENSE\u00d1AR ENTRE IGUALES: Educaci\u00f3n en tiempos democr\u00e1ticos<\/strong><\/h2>\n\n\n\n<p style=\"font-size:22px\"><sub><strong>Autor<\/strong>: Daniel Mansuy Huerta<br><strong>Editorial<\/strong>: Instituto de Estudios de la Sociedad<br><strong>P\u00e1ginas<\/strong>: 180<br><strong>A\u00f1o<\/strong>: 2023<\/sub><\/p>\n\n\n\n<p>La b\u00fasqueda de la igualdad impregna todos los aspectos de la vida social, generando tanto avances como tensiones. En el sistema educativo, la fragilidad del principio de autoridad se manifiesta de manera especialmente aguda. Este ensayo explora c\u00f3mo justificar la autoridad en la sala de clases y el significado de educar en democracia, es decir, educar a un igual. Daniel Mansuy Huerta aborda estas cuestiones desde un enfoque novedoso y reflexiona sobre la naturaleza del v\u00ednculo educativo y el desaf\u00edo de rehabilitarlo.<\/p>\n<\/div>\n<\/div>\n\n\n\n<div style=\"height:20px\" aria-hidden=\"true\" class=\"wp-block-spacer\"><\/div>\n\n\n\n<hr class=\"wp-block-separator has-text-color has-alpha-channel-opacity has-background\" style=\"background-color:#e00e17;color:#e00e17\"\/>\n\n\n\n<div style=\"height:20px\" aria-hidden=\"true\" class=\"wp-block-spacer\"><\/div>\n\n\n\n<div class=\"wp-block-columns is-layout-flex wp-container-core-columns-is-layout-9d6595d7 wp-block-columns-is-layout-flex\">\n<div class=\"wp-block-column is-layout-flow wp-block-column-is-layout-flow\" style=\"flex-basis:66.66%\">\n<h2 class=\"wp-block-heading\"><strong>UNIVERSIDAD DE LOS ANDES, 25 A\u00d1OS DE HISTORIA<\/strong><\/h2>\n\n\n\n<p style=\"font-size:22px\"><sub><strong>Autor<\/strong>: Enrique Brahm Garc\u00eda<br><strong>Edici\u00f3n<\/strong>: Universidad de los Andes<br><strong>P\u00e1ginas<\/strong>: 215<br><strong>A\u00f1o<\/strong>: 2023<\/sub><\/p>\n\n\n\n<p>En apretada s\u00edntesis, traza la historia del primer cuarto de siglo de la UANDES (1989-2014), desde el primer curso de Derecho que inici\u00f3 sus clases en la sede de Bustamante 86, hasta la toma de posesi\u00f3n del profesor Jos\u00e9 Antonio Guzm\u00e1n como Rector. En ese per\u00edodo, la universidad experiment\u00f3 una notable expansi\u00f3n: la primera sede dio paso al campus San Carlos de Apoquindo, se puso en marcha la cl\u00ednica universitaria, y la comunidad alumni super\u00f3 los 10.000 miembros.<\/p>\n<\/div>\n\n\n\n<div class=\"wp-block-column is-layout-flow wp-block-column-is-layout-flow\" style=\"flex-basis:33.33%\"><div class=\"wp-block-image\">\n<figure class=\"aligncenter size-large is-resized\"><img decoding=\"async\" width=\"703\" height=\"1024\" src=\"https:\/\/revistacampus.uandes.cl\/2024\/wp-content\/uploads\/2024\/09\/Universidad-de-los-Andes-25-anos-Enrique-Brahm-1-703x1024.jpg\" alt=\"\" class=\"wp-image-1575\" style=\"aspect-ratio:0.6666666666666666;object-fit:cover;width:277px;height:auto\" srcset=\"https:\/\/revistacampus.uandes.cl\/2024\/wp-content\/uploads\/2024\/09\/Universidad-de-los-Andes-25-anos-Enrique-Brahm-1-703x1024.jpg 703w, https:\/\/revistacampus.uandes.cl\/2024\/wp-content\/uploads\/2024\/09\/Universidad-de-los-Andes-25-anos-Enrique-Brahm-1-206x300.jpg 206w, https:\/\/revistacampus.uandes.cl\/2024\/wp-content\/uploads\/2024\/09\/Universidad-de-los-Andes-25-anos-Enrique-Brahm-1-768x1119.jpg 768w, https:\/\/revistacampus.uandes.cl\/2024\/wp-content\/uploads\/2024\/09\/Universidad-de-los-Andes-25-anos-Enrique-Brahm-1-1054x1536.jpg 1054w, https:\/\/revistacampus.uandes.cl\/2024\/wp-content\/uploads\/2024\/09\/Universidad-de-los-Andes-25-anos-Enrique-Brahm-1.jpg 1373w\" sizes=\"(max-width: 703px) 100vw, 703px\" \/><\/figure>\n<\/div><\/div>\n<\/div>\n\n\n\n<div style=\"height:20px\" aria-hidden=\"true\" class=\"wp-block-spacer\"><\/div>\n\n\n\n<hr class=\"wp-block-separator has-text-color has-alpha-channel-opacity has-background\" style=\"background-color:#e00e17;color:#e00e17\"\/>\n\n\n\n<div style=\"height:20px\" aria-hidden=\"true\" class=\"wp-block-spacer\"><\/div>\n\n\n\n<div class=\"wp-block-columns is-layout-flex wp-container-core-columns-is-layout-9d6595d7 wp-block-columns-is-layout-flex\">\n<div class=\"wp-block-column is-layout-flow wp-block-column-is-layout-flow\" style=\"flex-basis:33.33%\"><div class=\"wp-block-image\">\n<figure class=\"aligncenter size-large is-resized\"><img decoding=\"async\" width=\"718\" height=\"1024\" src=\"https:\/\/revistacampus.uandes.cl\/2024\/wp-content\/uploads\/2024\/09\/La-conjuncion-una-clave-antropologica-Jorge-Pena2-718x1024.jpg\" alt=\"\" class=\"wp-image-1578\" style=\"aspect-ratio:0.6666666666666666;object-fit:cover;width:277px;height:auto\" srcset=\"https:\/\/revistacampus.uandes.cl\/2024\/wp-content\/uploads\/2024\/09\/La-conjuncion-una-clave-antropologica-Jorge-Pena2-718x1024.jpg 718w, https:\/\/revistacampus.uandes.cl\/2024\/wp-content\/uploads\/2024\/09\/La-conjuncion-una-clave-antropologica-Jorge-Pena2-210x300.jpg 210w, https:\/\/revistacampus.uandes.cl\/2024\/wp-content\/uploads\/2024\/09\/La-conjuncion-una-clave-antropologica-Jorge-Pena2-768x1095.jpg 768w, https:\/\/revistacampus.uandes.cl\/2024\/wp-content\/uploads\/2024\/09\/La-conjuncion-una-clave-antropologica-Jorge-Pena2-1078x1536.jpg 1078w, https:\/\/revistacampus.uandes.cl\/2024\/wp-content\/uploads\/2024\/09\/La-conjuncion-una-clave-antropologica-Jorge-Pena2.jpg 1403w\" sizes=\"(max-width: 718px) 100vw, 718px\" \/><\/figure>\n<\/div><\/div>\n\n\n\n<div class=\"wp-block-column is-layout-flow wp-block-column-is-layout-flow\" style=\"flex-basis:66.66%\">\n<h2 class=\"wp-block-heading\"><strong>LA CONJUNCI\u00d3N: UNA CLAVE ANTROPOL\u00d3GICA<\/strong> <sub>Unidualidad de la condici\u00f3n humana<\/sub><\/h2>\n\n\n\n<p style=\"font-size:22px\"><sub><strong>Autor<\/strong>: Jorge Pe\u00f1a Vial<\/sub><br><sub><strong>Editorial<\/strong>: Ediciones UDP<\/sub><br><sub><strong>P\u00e1ginas<\/strong>: 620<\/sub><br><sub><strong>A\u00f1o<\/strong>: 2023<\/sub><\/p>\n\n\n\n<p>La b\u00fasqueda de la igualdad impregna todos los aspectos de la vida social, generando tanto avances como tensiones. En el sistema educativo, la fragilidad del principio de autoridad se manifiesta de manera especialmente aguda. Este ensayo explora c\u00f3mo justificar la autoridad en la sala de clases y el significado de educar en democracia, es decir, educar a un igual. Daniel Mansuy Huerta aborda estas cuestiones desde un enfoque novedoso y reflexiona sobre la naturaleza del v\u00ednculo educativo y el desaf\u00edo de rehabilitarlo.<\/p>\n<\/div>\n<\/div>\n\n\n\n<div style=\"height:20px\" aria-hidden=\"true\" class=\"wp-block-spacer\"><\/div>\n\n\n\n<hr class=\"wp-block-separator has-text-color has-alpha-channel-opacity has-background\" style=\"background-color:#e00e17;color:#e00e17\"\/>\n\n\n\n<div style=\"height:20px\" aria-hidden=\"true\" class=\"wp-block-spacer\"><\/div>\n\n\n\n<div class=\"wp-block-columns is-layout-flex wp-container-core-columns-is-layout-9d6595d7 wp-block-columns-is-layout-flex\">\n<div class=\"wp-block-column is-layout-flow wp-block-column-is-layout-flow\" style=\"flex-basis:66.66%\">\n<h2 class=\"wp-block-heading\"><strong>MIGRACI\u00d3N: Desaf\u00edos y oportunidades en Am\u00e9rica Latina<\/strong><\/h2>\n\n\n\n<p style=\"font-size:22px\"><sub><strong>Autor<\/strong>: Pedro Iacobelli Delpiano, et al.<br><strong>Editorial<\/strong>: Ediciones Uniandes<br><strong>P\u00e1ginas<\/strong>: 157<br><strong>A\u00f1o<\/strong>: 2024<\/sub><\/p>\n\n\n\n<p>Desde una perspectiva que considera a los migrantes como una parte sustancial de las sociedades, esta edici\u00f3n acad\u00e9mica, realizada junto con Eduardo Gonz\u00e1lez y Luis S\u00e1nchez, destaca las din\u00e1micas de inclusi\u00f3n y exclusi\u00f3n, as\u00ed como las dificultades derivadas de pol\u00edticas o culturas excluyentes. El libro se enfoca en el asentamiento como un desaf\u00edo cada vez m\u00e1s complejo y ampl\u00eda la perspectiva de integraci\u00f3n, para comprender las migraciones en su diversidad, dimensiones y conexiones transnacionales.<\/p>\n<\/div>\n\n\n\n<div class=\"wp-block-column is-layout-flow wp-block-column-is-layout-flow\" style=\"flex-basis:33.33%\"><div class=\"wp-block-image\">\n<figure class=\"aligncenter size-large is-resized\"><img loading=\"lazy\" decoding=\"async\" width=\"694\" height=\"1024\" src=\"https:\/\/revistacampus.uandes.cl\/2024\/wp-content\/uploads\/2024\/09\/migracion-694x1024.jpg\" alt=\"\" class=\"wp-image-1580\" style=\"aspect-ratio:0.6666666666666666;object-fit:cover;width:277px;height:auto\" srcset=\"https:\/\/revistacampus.uandes.cl\/2024\/wp-content\/uploads\/2024\/09\/migracion-694x1024.jpg 694w, https:\/\/revistacampus.uandes.cl\/2024\/wp-content\/uploads\/2024\/09\/migracion-203x300.jpg 203w, https:\/\/revistacampus.uandes.cl\/2024\/wp-content\/uploads\/2024\/09\/migracion-768x1133.jpg 768w, https:\/\/revistacampus.uandes.cl\/2024\/wp-content\/uploads\/2024\/09\/migracion-1041x1536.jpg 1041w, https:\/\/revistacampus.uandes.cl\/2024\/wp-content\/uploads\/2024\/09\/migracion.jpg 1356w\" sizes=\"(max-width: 694px) 100vw, 694px\" \/><\/figure>\n<\/div><\/div>\n<\/div>\n\n\n\n<div style=\"height:20px\" aria-hidden=\"true\" class=\"wp-block-spacer\"><\/div>\n\n\n\n<div style=\"height:20px\" aria-hidden=\"true\" class=\"wp-block-spacer\"><\/div>\n\n\n\n<hr class=\"wp-block-separator has-text-color has-alpha-channel-opacity has-background\" style=\"background-color:#e00e17;color:#e00e17\"\/>\n\n\n\n<div style=\"height:20px\" aria-hidden=\"true\" class=\"wp-block-spacer\"><\/div>\n\n\n\n<div class=\"wp-block-columns is-layout-flex wp-container-core-columns-is-layout-9d6595d7 wp-block-columns-is-layout-flex\">\n<div class=\"wp-block-column is-layout-flow wp-block-column-is-layout-flow\" style=\"flex-basis:33.33%\"><div class=\"wp-block-image\">\n<figure class=\"aligncenter size-large is-resized\"><img loading=\"lazy\" decoding=\"async\" width=\"718\" height=\"1024\" src=\"https:\/\/revistacampus.uandes.cl\/2024\/wp-content\/uploads\/2024\/09\/La-brevedad-de-la-vida-Patricio-Dominguez-718x1024.jpg\" alt=\"\" class=\"wp-image-1583\" style=\"aspect-ratio:0.6666666666666666;object-fit:cover;width:264px;height:auto\" srcset=\"https:\/\/revistacampus.uandes.cl\/2024\/wp-content\/uploads\/2024\/09\/La-brevedad-de-la-vida-Patricio-Dominguez-718x1024.jpg 718w, https:\/\/revistacampus.uandes.cl\/2024\/wp-content\/uploads\/2024\/09\/La-brevedad-de-la-vida-Patricio-Dominguez-210x300.jpg 210w, https:\/\/revistacampus.uandes.cl\/2024\/wp-content\/uploads\/2024\/09\/La-brevedad-de-la-vida-Patricio-Dominguez-768x1095.jpg 768w, https:\/\/revistacampus.uandes.cl\/2024\/wp-content\/uploads\/2024\/09\/La-brevedad-de-la-vida-Patricio-Dominguez-1078x1536.jpg 1078w, https:\/\/revistacampus.uandes.cl\/2024\/wp-content\/uploads\/2024\/09\/La-brevedad-de-la-vida-Patricio-Dominguez.jpg 1403w\" sizes=\"(max-width: 718px) 100vw, 718px\" \/><\/figure>\n<\/div><\/div>\n\n\n\n<div class=\"wp-block-column is-layout-flow wp-block-column-is-layout-flow\" style=\"flex-basis:66.66%\">\n<h2 class=\"wp-block-heading\"><strong>LA BREVEDAD DE LA VIDA<\/strong><\/h2>\n\n\n\n<p style=\"font-size:22px\"><sub><strong>Autor<\/strong>: S\u00e9neca<br><strong>Introducci\u00f3n, traducci\u00f3n y notas<\/strong>: Patricio Dom\u00ednguez Vald\u00e9s<br><strong>Editorial<\/strong>: Herder<br><strong>P\u00e1ginas<\/strong>: 120<br><strong>A\u00f1o<\/strong>: 2024<\/sub><\/p>\n\n\n\n<p>S\u00e9neca (4 a. C. \u2013 65 d. C.) aborda un tema de sorprendente actualidad: la sensaci\u00f3n de p\u00e9rdida de tiempo. En su obra, el fil\u00f3sofo destaca que la vida parece corta debido a nuestra manera de vivir, llena de vicios y ocupaciones superfluas. La dedicaci\u00f3n a la sabidur\u00eda es, para S\u00e9neca, la \u00fanica forma de vivir provechosamente. Invita a reevaluar el uso del tiempo y a cuestionar un estilo de vida marcado por el ajetreo, la dispersi\u00f3n y la vanidad.<\/p>\n<\/div>\n<\/div>\n\n\n\n<div style=\"height:20px\" aria-hidden=\"true\" class=\"wp-block-spacer\"><\/div>\n\n\n\n<hr class=\"wp-block-separator has-text-color has-alpha-channel-opacity has-background\" style=\"background-color:#e00e17;color:#e00e17\"\/>\n\n\n\n<div style=\"height:20px\" aria-hidden=\"true\" class=\"wp-block-spacer\"><\/div>\n\n\n\n<div class=\"wp-block-columns is-layout-flex wp-container-core-columns-is-layout-9d6595d7 wp-block-columns-is-layout-flex\">\n<div class=\"wp-block-column is-layout-flow wp-block-column-is-layout-flow\" style=\"flex-basis:66.66%\">\n<h2 class=\"wp-block-heading\"><strong>OBRAS. JUAN DE DIOS VIAL LARRA\u00cdN<\/strong><\/h2>\n\n\n\n<p style=\"font-size:22px\"><sub><strong>Editor<\/strong>: Alejandro Vigo Pacheco<br><strong>Editorial<\/strong>: Eunsa<br><strong>A\u00f1o<\/strong>: 2023<br><strong>P\u00e1ginas<\/strong>: 540 (tomo 1)<\/sub><\/p>\n\n\n\n<p>En el centenario de su nacimiento, <em>Obras<\/em> compila el legado filos\u00f3fico del profesor Juan de Dios Vial Larra\u00edn a trav\u00e9s de sus escritos m\u00e1s importantes publicados en forma de libro. El primer volumen, dividido en dos partes, incluye sus interpretaciones y comentarios sobre obras fundamentales de Plat\u00f3n, Arist\u00f3teles, Descartes y Kant. El volumen II se enfoca en temas metaf\u00edsicos, mientras que el volumen III aborda trabajos relacionados con la \u00e9tica y la antropolog\u00eda.<\/p>\n<\/div>\n\n\n\n<div class=\"wp-block-column is-layout-flow wp-block-column-is-layout-flow\" style=\"flex-basis:33.33%\"><div class=\"wp-block-image\">\n<figure class=\"aligncenter size-large is-resized\"><img loading=\"lazy\" decoding=\"async\" width=\"727\" height=\"1024\" src=\"https:\/\/revistacampus.uandes.cl\/2024\/wp-content\/uploads\/2024\/09\/edition-142000-727x1024.jpg\" alt=\"\" class=\"wp-image-1585\" style=\"aspect-ratio:0.6666666666666666;object-fit:cover;width:264px;height:auto\" srcset=\"https:\/\/revistacampus.uandes.cl\/2024\/wp-content\/uploads\/2024\/09\/edition-142000-727x1024.jpg 727w, https:\/\/revistacampus.uandes.cl\/2024\/wp-content\/uploads\/2024\/09\/edition-142000-213x300.jpg 213w, https:\/\/revistacampus.uandes.cl\/2024\/wp-content\/uploads\/2024\/09\/edition-142000-768x1082.jpg 768w, https:\/\/revistacampus.uandes.cl\/2024\/wp-content\/uploads\/2024\/09\/edition-142000-1090x1536.jpg 1090w, https:\/\/revistacampus.uandes.cl\/2024\/wp-content\/uploads\/2024\/09\/edition-142000.jpg 1419w\" sizes=\"(max-width: 727px) 100vw, 727px\" \/><\/figure>\n<\/div><\/div>\n<\/div>\n\n\n\n<div style=\"height:20px\" aria-hidden=\"true\" class=\"wp-block-spacer\"><\/div>\n\n\n\n<hr class=\"wp-block-separator has-text-color has-alpha-channel-opacity has-background\" style=\"background-color:#e00e17;color:#e00e17\"\/>\n\n\n\n<div style=\"height:20px\" aria-hidden=\"true\" class=\"wp-block-spacer\"><\/div>\n\n\n\n<div class=\"wp-block-columns is-layout-flex wp-container-core-columns-is-layout-9d6595d7 wp-block-columns-is-layout-flex\">\n<div class=\"wp-block-column is-layout-flow wp-block-column-is-layout-flow\" style=\"flex-basis:33.33%\"><div class=\"wp-block-image\">\n<figure class=\"aligncenter size-large is-resized\"><img loading=\"lazy\" decoding=\"async\" width=\"682\" height=\"1024\" src=\"https:\/\/revistacampus.uandes.cl\/2024\/wp-content\/uploads\/2024\/09\/Regimenes-politicos-en-america-del-sur-Macarena-Cordero-682x1024.jpg\" alt=\"\" class=\"wp-image-1587\" style=\"aspect-ratio:0.6666666666666666;object-fit:cover;width:264px;height:auto\" srcset=\"https:\/\/revistacampus.uandes.cl\/2024\/wp-content\/uploads\/2024\/09\/Regimenes-politicos-en-america-del-sur-Macarena-Cordero-682x1024.jpg 682w, https:\/\/revistacampus.uandes.cl\/2024\/wp-content\/uploads\/2024\/09\/Regimenes-politicos-en-america-del-sur-Macarena-Cordero-200x300.jpg 200w, https:\/\/revistacampus.uandes.cl\/2024\/wp-content\/uploads\/2024\/09\/Regimenes-politicos-en-america-del-sur-Macarena-Cordero-768x1152.jpg 768w, https:\/\/revistacampus.uandes.cl\/2024\/wp-content\/uploads\/2024\/09\/Regimenes-politicos-en-america-del-sur-Macarena-Cordero-1024x1536.jpg 1024w, https:\/\/revistacampus.uandes.cl\/2024\/wp-content\/uploads\/2024\/09\/Regimenes-politicos-en-america-del-sur-Macarena-Cordero.jpg 1333w\" sizes=\"(max-width: 682px) 100vw, 682px\" \/><\/figure>\n<\/div><\/div>\n\n\n\n<div class=\"wp-block-column is-layout-flow wp-block-column-is-layout-flow\" style=\"flex-basis:66.66%\">\n<h2 class=\"wp-block-heading\"><strong>REG\u00cdMENES POL\u00cdTICOS EN AM\u00c9RICA DEL SUR (1955-1975)<\/strong><\/h2>\n\n\n\n<p style=\"font-size:22px\"><sub><strong>Autores<\/strong>: Macarena Cordero Fern\u00e1ndez, et al.<br><strong>Editorial<\/strong>: Editorial UPN<br><strong>P\u00e1ginas<\/strong>: 242<br><strong>A\u00f1o<\/strong>: 2023<\/sub><\/p>\n\n\n\n<p>Este libro, resultado de investigaciones de Macarena Cordero, Mart\u00edn Marim\u00f3n y Adolfo Le\u00f3n Atehortua, analiza los tipos de gobierno en Am\u00e9rica del Sur desde finales de los a\u00f1os 50 hasta los a\u00f1os 70. Se enfoca en tres agrupaciones: 1) Democracias restringidas, que abordan los casos de Colombia, Venezuela y Uruguay; 2) Democracia en Chile, especialmente en el contexto de la Unidad Popular; y 3) Las dictaduras del Cono Sur, con \u00e9nfasis en Argentina y Chile.<\/p>\n<\/div>\n<\/div>\n\n\n\n<div style=\"height:20px\" aria-hidden=\"true\" class=\"wp-block-spacer\"><\/div>\n\n\n\n<hr class=\"wp-block-separator has-text-color has-alpha-channel-opacity has-background\" style=\"background-color:#e00e17;color:#e00e17\"\/>\n\n\n\n<div style=\"height:20px\" aria-hidden=\"true\" class=\"wp-block-spacer\"><\/div>\n\n\n\n<div class=\"wp-block-columns is-layout-flex wp-container-core-columns-is-layout-9d6595d7 wp-block-columns-is-layout-flex\">\n<div class=\"wp-block-column is-layout-flow wp-block-column-is-layout-flow\" style=\"flex-basis:66.66%\">\n<h2 class=\"wp-block-heading\"><strong>PARA UNA HISTORIA DE LA URBANIDAD<br>El \u2018Manual de Carre\u00f1o\u2019 americano en Chile del siglo XIX<\/strong><\/h2>\n\n\n\n<p style=\"font-size:22px\"><sub><strong>Autores<\/strong>: Raquel Soaje E. y Manuel Salas F.<br><strong>Editorial<\/strong>: Edifyl, Universidad Nacional de Cuyo<br><strong>P\u00e1ginas<\/strong>: 155<br><strong>A\u00f1o<\/strong>: 2023<\/sub><\/p>\n\n\n\n<p>Este libro analiza la importancia del &#8220;Manual de Carre\u00f1o&#8221; en Chile durante el siglo XIX, explorando c\u00f3mo influy\u00f3 en los modos de comportamiento y las reglas de autocontrol desde la antig\u00fcedad hasta ese siglo en el contexto americano, con un enfoque particular en Chile. La urbanidad fue un aspecto fundamental del curr\u00edculum escolar, esencial para la educaci\u00f3n del &#8220;nuevo soberano&#8221;, objetivo central del &#8220;Estado docente&#8221;.<\/p>\n<\/div>\n\n\n\n<div class=\"wp-block-column is-layout-flow wp-block-column-is-layout-flow\" style=\"flex-basis:33.33%\"><div class=\"wp-block-image\">\n<figure class=\"aligncenter size-large is-resized\"><img loading=\"lazy\" decoding=\"async\" width=\"1024\" height=\"989\" src=\"https:\/\/revistacampus.uandes.cl\/2024\/wp-content\/uploads\/2024\/09\/para-una-historia-de-la-urbanidad-1-1024x989.jpg\" alt=\"\" class=\"wp-image-1589\" style=\"aspect-ratio:1;object-fit:cover;width:264px;height:auto\" srcset=\"https:\/\/revistacampus.uandes.cl\/2024\/wp-content\/uploads\/2024\/09\/para-una-historia-de-la-urbanidad-1-1024x989.jpg 1024w, https:\/\/revistacampus.uandes.cl\/2024\/wp-content\/uploads\/2024\/09\/para-una-historia-de-la-urbanidad-1-300x290.jpg 300w, https:\/\/revistacampus.uandes.cl\/2024\/wp-content\/uploads\/2024\/09\/para-una-historia-de-la-urbanidad-1-768x742.jpg 768w, https:\/\/revistacampus.uandes.cl\/2024\/wp-content\/uploads\/2024\/09\/para-una-historia-de-la-urbanidad-1-1536x1483.jpg 1536w, https:\/\/revistacampus.uandes.cl\/2024\/wp-content\/uploads\/2024\/09\/para-una-historia-de-la-urbanidad-1.jpg 2000w\" sizes=\"(max-width: 1024px) 100vw, 1024px\" \/><\/figure>\n<\/div><\/div>\n<\/div>\n\n\n\n<div style=\"height:20px\" aria-hidden=\"true\" class=\"wp-block-spacer\"><\/div>\n\n\n\n<hr class=\"wp-block-separator has-text-color has-alpha-channel-opacity has-background\" style=\"background-color:#e00e17;color:#e00e17\"\/>\n\n\n\n<div style=\"height:20px\" aria-hidden=\"true\" class=\"wp-block-spacer\"><\/div>\n\n\n\n<div class=\"wp-block-columns is-layout-flex wp-container-core-columns-is-layout-9d6595d7 wp-block-columns-is-layout-flex\">\n<div class=\"wp-block-column is-layout-flow wp-block-column-is-layout-flow\" style=\"flex-basis:33.33%\"><div class=\"wp-block-image\">\n<figure class=\"aligncenter size-large is-resized\"><img loading=\"lazy\" decoding=\"async\" width=\"609\" height=\"1024\" src=\"https:\/\/revistacampus.uandes.cl\/2024\/wp-content\/uploads\/2024\/09\/Registros-fuentes-y-archivos-eclesiasticos-M-Cordeo-y-A-de-la-Taille1-1-609x1024.jpg\" alt=\"\" class=\"wp-image-1592\" style=\"aspect-ratio:0.6666666666666666;object-fit:cover;width:264px;height:auto\" srcset=\"https:\/\/revistacampus.uandes.cl\/2024\/wp-content\/uploads\/2024\/09\/Registros-fuentes-y-archivos-eclesiasticos-M-Cordeo-y-A-de-la-Taille1-1-609x1024.jpg 609w, https:\/\/revistacampus.uandes.cl\/2024\/wp-content\/uploads\/2024\/09\/Registros-fuentes-y-archivos-eclesiasticos-M-Cordeo-y-A-de-la-Taille1-1-178x300.jpg 178w, https:\/\/revistacampus.uandes.cl\/2024\/wp-content\/uploads\/2024\/09\/Registros-fuentes-y-archivos-eclesiasticos-M-Cordeo-y-A-de-la-Taille1-1-768x1292.jpg 768w, https:\/\/revistacampus.uandes.cl\/2024\/wp-content\/uploads\/2024\/09\/Registros-fuentes-y-archivos-eclesiasticos-M-Cordeo-y-A-de-la-Taille1-1-913x1536.jpg 913w, https:\/\/revistacampus.uandes.cl\/2024\/wp-content\/uploads\/2024\/09\/Registros-fuentes-y-archivos-eclesiasticos-M-Cordeo-y-A-de-la-Taille1-1.jpg 1189w\" sizes=\"(max-width: 609px) 100vw, 609px\" \/><\/figure>\n<\/div><\/div>\n\n\n\n<div class=\"wp-block-column is-layout-flow wp-block-column-is-layout-flow\" style=\"flex-basis:66.66%\">\n<h2 class=\"wp-block-heading\"><strong>REGISTROS, FUENTES Y ARCHIVOS ECLESI\u00c1STICOS PARA LA ESCRITURA DE LA HISTORIA<\/strong><\/h2>\n\n\n\n<p style=\"font-size:22px\"><sub><strong>Editoras<\/strong>: Macarena Cordero Fern\u00e1ndez y Alexandrine de La Taille-Tr\u00e9tinville U.<br><strong>Editorial<\/strong>: Cuarto Propio<br><strong>P\u00e1ginas<\/strong>: 400<br><strong>A\u00f1o<\/strong>: 2023<\/sub><\/p>\n\n\n\n<p>Este libro destaca la importancia de los diversos registros conservados en archivos, como documentos, elementos sonoros, objetos e im\u00e1genes, que constituyen la memoria de la humanidad. Es una obra colectiva que revisa diferentes registros eclesi\u00e1sticos, permitiendo visualizar la confluencia de la historia de la Iglesia con otras l\u00edneas de investigaci\u00f3n, como la historia social, cultural o de las mujeres, entre otras.<\/p>\n<\/div>\n<\/div>\n\n\n\n<div style=\"height:20px\" aria-hidden=\"true\" class=\"wp-block-spacer\"><\/div>\n\n\n\n<hr class=\"wp-block-separator has-text-color has-alpha-channel-opacity has-background\" style=\"background-color:#e00e17;color:#e00e17\"\/>\n\n\n\n<div style=\"height:20px\" aria-hidden=\"true\" class=\"wp-block-spacer\"><\/div>\n\n\n\n<div class=\"wp-block-columns is-layout-flex wp-container-core-columns-is-layout-9d6595d7 wp-block-columns-is-layout-flex\">\n<div class=\"wp-block-column is-layout-flow wp-block-column-is-layout-flow\" style=\"flex-basis:66.66%\">\n<h2 class=\"wp-block-heading\"><strong>THE JAPANESE EMPIRE AND LATIN AMERICA<\/strong><\/h2>\n\n\n\n<p style=\"font-size:22px\"><sub><strong>Editores<\/strong>: Pedro Iacobelli Delpiano, et al.<br><strong>Editorial<\/strong>: The University of Hawaii Press<br><strong>P\u00e1ginas<\/strong>: 318<br><strong>A\u00f1o<\/strong>: 2023<\/sub><\/p>\n\n\n\n<p>Esta colecci\u00f3n de ensayos, editada junto con Sidney Xu Lu, examina la influencia del Imperio de Jap\u00f3n en Am\u00e9rica Latina a trav\u00e9s de diversas iniciativas migratorias, culturales, diplom\u00e1ticas y econ\u00f3micas. El libro analiza c\u00f3mo Jap\u00f3n impact\u00f3 las sociedades latinoamericanas y explora el papel de Am\u00e9rica Latina en la expansi\u00f3n japonesa. Al abordar perspectivas transpac\u00edficas, ofrece una nueva visi\u00f3n sobre la importancia global del colonialismo y expansionismo de Jap\u00f3n.<\/p>\n<\/div>\n\n\n\n<div class=\"wp-block-column is-layout-flow wp-block-column-is-layout-flow\" style=\"flex-basis:33.33%\"><div class=\"wp-block-image\">\n<figure class=\"aligncenter size-large is-resized\"><img loading=\"lazy\" decoding=\"async\" width=\"683\" height=\"1024\" src=\"https:\/\/revistacampus.uandes.cl\/2024\/wp-content\/uploads\/2024\/09\/The-japanese-empire-and-latin-america-Pedro-Iacobelli-683x1024.jpg\" alt=\"\" class=\"wp-image-1594\" style=\"aspect-ratio:0.6666666666666666;object-fit:cover;width:264px;height:auto\" srcset=\"https:\/\/revistacampus.uandes.cl\/2024\/wp-content\/uploads\/2024\/09\/The-japanese-empire-and-latin-america-Pedro-Iacobelli-683x1024.jpg 683w, https:\/\/revistacampus.uandes.cl\/2024\/wp-content\/uploads\/2024\/09\/The-japanese-empire-and-latin-america-Pedro-Iacobelli-200x300.jpg 200w, https:\/\/revistacampus.uandes.cl\/2024\/wp-content\/uploads\/2024\/09\/The-japanese-empire-and-latin-america-Pedro-Iacobelli-768x1151.jpg 768w, https:\/\/revistacampus.uandes.cl\/2024\/wp-content\/uploads\/2024\/09\/The-japanese-empire-and-latin-america-Pedro-Iacobelli-1025x1536.jpg 1025w, https:\/\/revistacampus.uandes.cl\/2024\/wp-content\/uploads\/2024\/09\/The-japanese-empire-and-latin-america-Pedro-Iacobelli.jpg 1334w\" sizes=\"(max-width: 683px) 100vw, 683px\" \/><\/figure>\n<\/div><\/div>\n<\/div>\n\n\n\n<div style=\"height:20px\" aria-hidden=\"true\" class=\"wp-block-spacer\"><\/div>\n\n\n\n<hr class=\"wp-block-separator has-text-color has-alpha-channel-opacity has-background\" style=\"background-color:#e00e17;color:#e00e17\"\/>\n\n\n\n<div style=\"height:20px\" aria-hidden=\"true\" class=\"wp-block-spacer\"><\/div>\n\n\n\n<div class=\"wp-block-columns is-layout-flex wp-container-core-columns-is-layout-9d6595d7 wp-block-columns-is-layout-flex\">\n<div class=\"wp-block-column is-layout-flow wp-block-column-is-layout-flow\" style=\"flex-basis:33.33%\"><div class=\"wp-block-image\">\n<figure class=\"aligncenter size-large is-resized\"><img loading=\"lazy\" decoding=\"async\" width=\"659\" height=\"1024\" src=\"https:\/\/revistacampus.uandes.cl\/2024\/wp-content\/uploads\/2024\/09\/Evidentia-Rodrigo-Cordero-659x1024.jpg\" alt=\"\" class=\"wp-image-1596\" style=\"aspect-ratio:0.6666666666666666;object-fit:cover;width:264px;height:auto\" srcset=\"https:\/\/revistacampus.uandes.cl\/2024\/wp-content\/uploads\/2024\/09\/Evidentia-Rodrigo-Cordero-659x1024.jpg 659w, https:\/\/revistacampus.uandes.cl\/2024\/wp-content\/uploads\/2024\/09\/Evidentia-Rodrigo-Cordero-193x300.jpg 193w, https:\/\/revistacampus.uandes.cl\/2024\/wp-content\/uploads\/2024\/09\/Evidentia-Rodrigo-Cordero-768x1193.jpg 768w, https:\/\/revistacampus.uandes.cl\/2024\/wp-content\/uploads\/2024\/09\/Evidentia-Rodrigo-Cordero-989x1536.jpg 989w, https:\/\/revistacampus.uandes.cl\/2024\/wp-content\/uploads\/2024\/09\/Evidentia-Rodrigo-Cordero.jpg 1288w\" sizes=\"(max-width: 659px) 100vw, 659px\" \/><\/figure>\n<\/div><\/div>\n\n\n\n<div class=\"wp-block-column is-layout-flow wp-block-column-is-layout-flow\" style=\"flex-basis:66.66%\">\n<h2 class=\"wp-block-heading\"><strong>EVIDENTIA<br>Escritura y visualidad en Francis Ponge<\/strong><\/h2>\n\n\n\n<p style=\"font-size:22px\"><sub><strong>Autor<\/strong>: Rodrigo Cordero Cort\u00e9s<br><strong>Editorial<\/strong>: RIL Editores<br><strong>P\u00e1ginas<\/strong>: 258<br><strong>A\u00f1o<\/strong>: 2023<\/sub><\/p>\n\n\n\n<p>La ret\u00f3rica define la evidencia como la capacidad de la palabra para crear una imagen tan v\u00edvida en la imaginaci\u00f3n del receptor que este se convierte en testigo de las acciones u objetos representados. Este libro ofrece una lectura que abarca m\u00e1s de 50 a\u00f1os de la obra del escritor franc\u00e9s Francis Ponge (1899-1988), centr\u00e1ndose en la noci\u00f3n de evidencia, fundamental en su inter\u00e9s por la pintura y la visualidad.<\/p>\n<\/div>\n<\/div>\n\n\n\n<div style=\"height:20px\" aria-hidden=\"true\" class=\"wp-block-spacer\"><\/div>\n\n\n\n<hr class=\"wp-block-separator has-text-color has-alpha-channel-opacity has-background\" style=\"background-color:#e00e17;color:#e00e17\"\/>\n\n\n\n<div style=\"height:20px\" aria-hidden=\"true\" class=\"wp-block-spacer\"><\/div>\n\n\n\n<div class=\"wp-block-columns is-layout-flex wp-container-core-columns-is-layout-9d6595d7 wp-block-columns-is-layout-flex\">\n<div class=\"wp-block-column is-layout-flow wp-block-column-is-layout-flow\" style=\"flex-basis:66.66%\">\n<h2 class=\"wp-block-heading\"><strong>POEMAS (ANTOLOG\u00cdA)<\/strong> <br><sub>Christina Rossetti<br><\/sub><\/h2>\n\n\n\n<p style=\"font-size:22px\"><sub><strong>Traductor<\/strong>: Braulio Fern\u00e1ndez Biggs<br><strong>Editorial<\/strong>: RIL Editores<br><strong>P\u00e1ginas<\/strong>: 222<br><strong>A\u00f1o<\/strong>: 2023<\/sub><\/p>\n\n\n\n<p>Esta antolog\u00eda biling\u00fce recopila la l\u00edrica de Christina Rossetti, una de las grandes poetas inglesas del siglo XIX. En sus poemas, Rossetti explora temas como la muerte, Dios y la belleza, trat\u00e1ndolos con una cotidianidad \u00fanica. La edici\u00f3n incluye una introducci\u00f3n y notas de Soledad Campa\u00f1a, que conectan su biograf\u00eda, influencias literarias y el contexto social de su obra. Adem\u00e1s, se destaca un texto de Julieta Ogaz sobre la fraternidad creativa entre Christina y su hermano, el pintor Dante Gabriel Rossetti, un aspecto crucial para comprender su arte dentro de la Hermandad Prerrafaelita.<\/p>\n<\/div>\n\n\n\n<div class=\"wp-block-column is-layout-flow wp-block-column-is-layout-flow\" style=\"flex-basis:33.33%\"><div class=\"wp-block-image\">\n<figure class=\"aligncenter size-large is-resized\"><img loading=\"lazy\" decoding=\"async\" width=\"648\" height=\"1024\" src=\"https:\/\/revistacampus.uandes.cl\/2024\/wp-content\/uploads\/2024\/09\/Poemas-Antologia-Braulio-Fernandez1-648x1024.jpg\" alt=\"\" class=\"wp-image-1597\" style=\"aspect-ratio:0.6666666666666666;object-fit:cover;width:264px;height:auto\" srcset=\"https:\/\/revistacampus.uandes.cl\/2024\/wp-content\/uploads\/2024\/09\/Poemas-Antologia-Braulio-Fernandez1-648x1024.jpg 648w, https:\/\/revistacampus.uandes.cl\/2024\/wp-content\/uploads\/2024\/09\/Poemas-Antologia-Braulio-Fernandez1-190x300.jpg 190w, https:\/\/revistacampus.uandes.cl\/2024\/wp-content\/uploads\/2024\/09\/Poemas-Antologia-Braulio-Fernandez1-768x1214.jpg 768w, https:\/\/revistacampus.uandes.cl\/2024\/wp-content\/uploads\/2024\/09\/Poemas-Antologia-Braulio-Fernandez1-972x1536.jpg 972w, https:\/\/revistacampus.uandes.cl\/2024\/wp-content\/uploads\/2024\/09\/Poemas-Antologia-Braulio-Fernandez1.jpg 1265w\" sizes=\"(max-width: 648px) 100vw, 648px\" \/><\/figure>\n<\/div><\/div>\n<\/div>\n\n\n\n<div style=\"height:20px\" aria-hidden=\"true\" class=\"wp-block-spacer\"><\/div>\n\n\n\n<hr class=\"wp-block-separator has-text-color has-alpha-channel-opacity has-background\" style=\"background-color:#e00e17;color:#e00e17\"\/>\n\n\n\n<div style=\"height:20px\" aria-hidden=\"true\" class=\"wp-block-spacer\"><\/div>\n\n\n\n<div class=\"wp-block-columns is-layout-flex wp-container-core-columns-is-layout-9d6595d7 wp-block-columns-is-layout-flex\">\n<div class=\"wp-block-column is-layout-flow wp-block-column-is-layout-flow\" style=\"flex-basis:33.33%\"><div class=\"wp-block-image\">\n<figure class=\"aligncenter size-large is-resized\"><img loading=\"lazy\" decoding=\"async\" width=\"660\" height=\"1024\" src=\"https:\/\/revistacampus.uandes.cl\/2024\/wp-content\/uploads\/2024\/09\/Escotida-Miguel-Donoso-660x1024.jpg\" alt=\"\" class=\"wp-image-1599\" style=\"aspect-ratio:0.6666666666666666;object-fit:cover;width:264px;height:auto\" srcset=\"https:\/\/revistacampus.uandes.cl\/2024\/wp-content\/uploads\/2024\/09\/Escotida-Miguel-Donoso-660x1024.jpg 660w, https:\/\/revistacampus.uandes.cl\/2024\/wp-content\/uploads\/2024\/09\/Escotida-Miguel-Donoso-194x300.jpg 194w, https:\/\/revistacampus.uandes.cl\/2024\/wp-content\/uploads\/2024\/09\/Escotida-Miguel-Donoso-768x1191.jpg 768w, https:\/\/revistacampus.uandes.cl\/2024\/wp-content\/uploads\/2024\/09\/Escotida-Miguel-Donoso-991x1536.jpg 991w, https:\/\/revistacampus.uandes.cl\/2024\/wp-content\/uploads\/2024\/09\/Escotida-Miguel-Donoso.jpg 1290w\" sizes=\"(max-width: 660px) 100vw, 660px\" \/><\/figure>\n<\/div><\/div>\n\n\n\n<div class=\"wp-block-column is-layout-flow wp-block-column-is-layout-flow\" style=\"flex-basis:66.66%\">\n<h2 class=\"wp-block-heading\"><strong>ESCOTIDA O VIDA DEL DOCTOR SUTIL ESCOTO, EN VERSO HEROICO<\/strong><br><sub>Fray Gregorio Far\u00edas<br><\/sub><\/h2>\n\n\n\n<p style=\"font-size:22px\"><sub><strong>Estudio<\/strong>, edici\u00f3n y notas: Miguel Donoso Rodr\u00edguez<br><strong>Editorial<\/strong>: Universitaria<br><strong>P\u00e1ginas<\/strong>: 376<br><strong>A\u00f1o<\/strong>: 2023<\/sub><\/p>\n\n\n\n<p>Este in\u00e9dito poema \u00e9pico sacro, escrito en 1744, narra la vida del franciscano escoc\u00e9s John Duns Scoto, conocido como el primer defensor de la doctrina de la Inmaculada Concepci\u00f3n antes de su proclamaci\u00f3n como dogma. La edici\u00f3n ofrece una transcripci\u00f3n del manuscrito original, preservado en el Monasterio Benedictino de Las Condes, acompa\u00f1ada de notas filol\u00f3gicas y teol\u00f3gicas. Adem\u00e1s, incluye un estudio sobre la autor\u00eda de fray Gregorio Far\u00edas, una introducci\u00f3n a la \u00e9pica sacra en Am\u00e9rica y un an\u00e1lisis mariol\u00f3gico del poema.<\/p>\n<\/div>\n<\/div>\n\n\n\n<div style=\"height:20px\" aria-hidden=\"true\" class=\"wp-block-spacer\"><\/div>\n\n\n\n<hr class=\"wp-block-separator has-text-color has-alpha-channel-opacity has-background\" style=\"background-color:#e00e17;color:#e00e17\"\/>\n\n\n\n<div style=\"height:20px\" aria-hidden=\"true\" class=\"wp-block-spacer\"><\/div>\n\n\n\n<div class=\"wp-block-columns is-layout-flex wp-container-core-columns-is-layout-9d6595d7 wp-block-columns-is-layout-flex\">\n<div class=\"wp-block-column is-layout-flow wp-block-column-is-layout-flow\" style=\"flex-basis:66.66%\">\n<h2 class=\"wp-block-heading\"><strong>DE CARA A ASIA: Pautas en la relaci\u00f3n chilena con Jap\u00f3n y China, 1880-1940<\/strong><\/h2>\n\n\n\n<p style=\"font-size:22px\"><sub><strong>Autor<\/strong>: Pedro Iacobelli Delpiano<br><strong>Editorial<\/strong>: Centro de Investigaciones Barros Arana<br><strong>P\u00e1ginas<\/strong>: 130<br><strong>A\u00f1o<\/strong>: 2024<\/sub><\/p>\n\n\n\n<p>Este ensayo se propone enriquecer la comprensi\u00f3n de las relaciones entre Chile y Asia oriental, enfoc\u00e1ndose en el per\u00edodo de mayor interacci\u00f3n entre 1880 y 1940. Examina c\u00f3mo se difundieron los conocimientos entre estas regiones, establece bases para una mejor comprensi\u00f3n de esta historia intercultural y promueve nuevos enfoques que desaf\u00edan las representaciones tradicionales de Asia en Chile y Am\u00e9rica Latina. El autor explora tres \u00e1mbitos clave: el turismo cosmopolita, el comercio, y la percepci\u00f3n popular influenciada por la prensa.<\/p>\n<\/div>\n\n\n\n<div class=\"wp-block-column is-layout-flow wp-block-column-is-layout-flow\" style=\"flex-basis:33.33%\"><div class=\"wp-block-image\">\n<figure class=\"aligncenter size-large is-resized\"><img loading=\"lazy\" decoding=\"async\" width=\"663\" height=\"1024\" src=\"https:\/\/revistacampus.uandes.cl\/2024\/wp-content\/uploads\/2024\/09\/De-cara-a-Asia-Pedro-Iacobelli-663x1024.jpg\" alt=\"\" class=\"wp-image-1602\" style=\"aspect-ratio:0.6666666666666666;object-fit:cover;width:264px;height:auto\" srcset=\"https:\/\/revistacampus.uandes.cl\/2024\/wp-content\/uploads\/2024\/09\/De-cara-a-Asia-Pedro-Iacobelli-663x1024.jpg 663w, https:\/\/revistacampus.uandes.cl\/2024\/wp-content\/uploads\/2024\/09\/De-cara-a-Asia-Pedro-Iacobelli-194x300.jpg 194w, https:\/\/revistacampus.uandes.cl\/2024\/wp-content\/uploads\/2024\/09\/De-cara-a-Asia-Pedro-Iacobelli-768x1187.jpg 768w, https:\/\/revistacampus.uandes.cl\/2024\/wp-content\/uploads\/2024\/09\/De-cara-a-Asia-Pedro-Iacobelli-994x1536.jpg 994w, https:\/\/revistacampus.uandes.cl\/2024\/wp-content\/uploads\/2024\/09\/De-cara-a-Asia-Pedro-Iacobelli.jpg 1294w\" sizes=\"(max-width: 663px) 100vw, 663px\" \/><\/figure>\n<\/div><\/div>\n<\/div>\n\n\n\n<div style=\"height:20px\" aria-hidden=\"true\" class=\"wp-block-spacer\"><\/div>\n\n\n\n<hr class=\"wp-block-separator has-text-color has-alpha-channel-opacity has-background\" style=\"background-color:#e00e17;color:#e00e17\"\/>\n\n\n\n<div style=\"height:20px\" aria-hidden=\"true\" class=\"wp-block-spacer\"><\/div>\n\n\n\n<div class=\"wp-block-columns is-layout-flex wp-container-core-columns-is-layout-9d6595d7 wp-block-columns-is-layout-flex\">\n<div class=\"wp-block-column is-layout-flow wp-block-column-is-layout-flow\" style=\"flex-basis:33.33%\"><div class=\"wp-block-image\">\n<figure class=\"aligncenter size-large is-resized\"><img loading=\"lazy\" decoding=\"async\" width=\"657\" height=\"1024\" src=\"https:\/\/revistacampus.uandes.cl\/2024\/wp-content\/uploads\/2024\/09\/La-escena-en-el-teatro-aureo-y-en-el-teatro-isabelino-Paula-Baldwin-657x1024.jpg\" alt=\"\" class=\"wp-image-1603\" style=\"aspect-ratio:0.6666666666666666;object-fit:cover;width:264px;height:auto\" srcset=\"https:\/\/revistacampus.uandes.cl\/2024\/wp-content\/uploads\/2024\/09\/La-escena-en-el-teatro-aureo-y-en-el-teatro-isabelino-Paula-Baldwin-657x1024.jpg 657w, https:\/\/revistacampus.uandes.cl\/2024\/wp-content\/uploads\/2024\/09\/La-escena-en-el-teatro-aureo-y-en-el-teatro-isabelino-Paula-Baldwin-192x300.jpg 192w, https:\/\/revistacampus.uandes.cl\/2024\/wp-content\/uploads\/2024\/09\/La-escena-en-el-teatro-aureo-y-en-el-teatro-isabelino-Paula-Baldwin-768x1197.jpg 768w, https:\/\/revistacampus.uandes.cl\/2024\/wp-content\/uploads\/2024\/09\/La-escena-en-el-teatro-aureo-y-en-el-teatro-isabelino-Paula-Baldwin-985x1536.jpg 985w, https:\/\/revistacampus.uandes.cl\/2024\/wp-content\/uploads\/2024\/09\/La-escena-en-el-teatro-aureo-y-en-el-teatro-isabelino-Paula-Baldwin.jpg 1283w\" sizes=\"(max-width: 657px) 100vw, 657px\" \/><\/figure>\n<\/div><\/div>\n\n\n\n<div class=\"wp-block-column is-layout-flow wp-block-column-is-layout-flow\" style=\"flex-basis:66.66%\">\n<h2 class=\"wp-block-heading\"><strong>LA ESCENA EN EL TEATRO \u00c1UREO Y EN EL TEATRO ISABELINO<\/strong><\/h2>\n\n\n\n<p style=\"font-size:22px\"><sub><strong>Coordinadora<\/strong>: Paula Baldwin Lind<br><strong>Editorial<\/strong>: Iberoamericana Vervuert<br><strong>P\u00e1ginas<\/strong>: 514<br><strong>A\u00f1o<\/strong>: 2023<\/sub><\/p>\n\n\n\n<p>Este volumen re\u00fane una serie de art\u00edculos que examinan el contexto cultural en el que surgieron los corrales de comedias del Siglo de Oro en Espa\u00f1a y los teatros p\u00fablicos isabelinos de los siglos XVI y XVII en Inglaterra. El libro ofrece un an\u00e1lisis detallado de la arquitectura y el dise\u00f1o de estos espacios teatrales, la distribuci\u00f3n social del p\u00fablico, la organizaci\u00f3n y repertorio de las compa\u00f1\u00edas teatrales, as\u00ed como un estudio de las obras de destacados dramaturgos como Calder\u00f3n de la Barca, Lope de Vega, Shakespeare, y Jonson, entre otros.<\/p>\n<\/div>\n<\/div>\n\n\n\n<div style=\"height:20px\" aria-hidden=\"true\" class=\"wp-block-spacer\"><\/div>\n\n\n\n<hr class=\"wp-block-separator has-text-color has-alpha-channel-opacity has-background\" style=\"background-color:#e00e17;color:#e00e17\"\/>\n\n\n\n<div style=\"height:20px\" aria-hidden=\"true\" class=\"wp-block-spacer\"><\/div>\n\n\n\n<div class=\"wp-block-columns is-layout-flex wp-container-core-columns-is-layout-9d6595d7 wp-block-columns-is-layout-flex\">\n<div class=\"wp-block-column is-layout-flow wp-block-column-is-layout-flow\" style=\"flex-basis:66.66%\">\n<h2 class=\"wp-block-heading\"><strong>SOBRE LA AMISTAD<\/strong><br>Cicer\u00f3n<br><\/h2>\n\n\n\n<p style=\"font-size:22px\"><sub><strong>Introducci\u00f3n, traducci\u00f3n y notas<\/strong>: Patricio Dom\u00ednguez Vald\u00e9s<br><strong>Editorial<\/strong>: Universitaria<br><strong>P\u00e1ginas<\/strong>: 113<br><strong>A\u00f1o<\/strong>: 2024<\/sub><\/p>\n\n\n\n<p>En medio de un contexto de intensas luchas pol\u00edticas, Cicer\u00f3n (106\u201343 a.C.) escribi\u00f3 esta obra con el prop\u00f3sito de ofrecer una gu\u00eda \u00e9tica sobre la amistad, un tema crucial en la filosof\u00eda antigua. El texto aborda preguntas fundamentales sobre la naturaleza de la amistad, como si nace de la carencia, su necesidad para la concordia pol\u00edtica, y si es l\u00edcito hacer cualquier cosa por un amigo. Adem\u00e1s, proporciona consejos pr\u00e1cticos para enfrentar situaciones comunes relacionadas con las amistades, como el rompimiento de relaciones o la selecci\u00f3n adecuada de amigos.<\/p>\n<\/div>\n\n\n\n<div class=\"wp-block-column is-layout-flow wp-block-column-is-layout-flow\" style=\"flex-basis:33.33%\"><div class=\"wp-block-image\">\n<figure class=\"aligncenter size-large is-resized\"><img loading=\"lazy\" decoding=\"async\" width=\"645\" height=\"1024\" src=\"https:\/\/revistacampus.uandes.cl\/2024\/wp-content\/uploads\/2024\/09\/Sobre-la-amistad-Ciceron-Patricio-Dominguez-645x1024.jpg\" alt=\"\" class=\"wp-image-1605\" style=\"aspect-ratio:0.6666666666666666;object-fit:cover;width:264px;height:auto\" srcset=\"https:\/\/revistacampus.uandes.cl\/2024\/wp-content\/uploads\/2024\/09\/Sobre-la-amistad-Ciceron-Patricio-Dominguez-645x1024.jpg 645w, https:\/\/revistacampus.uandes.cl\/2024\/wp-content\/uploads\/2024\/09\/Sobre-la-amistad-Ciceron-Patricio-Dominguez-189x300.jpg 189w, https:\/\/revistacampus.uandes.cl\/2024\/wp-content\/uploads\/2024\/09\/Sobre-la-amistad-Ciceron-Patricio-Dominguez-768x1220.jpg 768w, https:\/\/revistacampus.uandes.cl\/2024\/wp-content\/uploads\/2024\/09\/Sobre-la-amistad-Ciceron-Patricio-Dominguez-967x1536.jpg 967w, https:\/\/revistacampus.uandes.cl\/2024\/wp-content\/uploads\/2024\/09\/Sobre-la-amistad-Ciceron-Patricio-Dominguez.jpg 1259w\" sizes=\"(max-width: 645px) 100vw, 645px\" \/><\/figure>\n<\/div><\/div>\n<\/div>\n\n\n\n<div style=\"height:20px\" aria-hidden=\"true\" class=\"wp-block-spacer\"><\/div>\n\n\n\n<hr class=\"wp-block-separator has-text-color has-alpha-channel-opacity has-background\" style=\"background-color:#e00e17;color:#e00e17\"\/>\n\n\n\n<div style=\"height:20px\" aria-hidden=\"true\" class=\"wp-block-spacer\"><\/div>\n\n\n\n<div class=\"wp-block-columns is-layout-flex wp-container-core-columns-is-layout-9d6595d7 wp-block-columns-is-layout-flex\">\n<div class=\"wp-block-column is-layout-flow wp-block-column-is-layout-flow\" style=\"flex-basis:33.33%\"><div class=\"wp-block-image\">\n<figure class=\"aligncenter size-large is-resized\"><img loading=\"lazy\" decoding=\"async\" width=\"699\" height=\"1024\" src=\"https:\/\/revistacampus.uandes.cl\/2024\/wp-content\/uploads\/2024\/09\/Praxis-e-interpretacion-Gabriela-Rossi-e1725551816805-699x1024.jpg\" alt=\"\" class=\"wp-image-1770\" style=\"aspect-ratio:0.6666666666666666;object-fit:cover;width:264px;height:auto\" srcset=\"https:\/\/revistacampus.uandes.cl\/2024\/wp-content\/uploads\/2024\/09\/Praxis-e-interpretacion-Gabriela-Rossi-e1725551816805-699x1024.jpg 699w, https:\/\/revistacampus.uandes.cl\/2024\/wp-content\/uploads\/2024\/09\/Praxis-e-interpretacion-Gabriela-Rossi-e1725551816805-205x300.jpg 205w, https:\/\/revistacampus.uandes.cl\/2024\/wp-content\/uploads\/2024\/09\/Praxis-e-interpretacion-Gabriela-Rossi-e1725551816805-768x1125.jpg 768w, https:\/\/revistacampus.uandes.cl\/2024\/wp-content\/uploads\/2024\/09\/Praxis-e-interpretacion-Gabriela-Rossi-e1725551816805-1049x1536.jpg 1049w, https:\/\/revistacampus.uandes.cl\/2024\/wp-content\/uploads\/2024\/09\/Praxis-e-interpretacion-Gabriela-Rossi-e1725551816805.jpg 1356w\" sizes=\"(max-width: 699px) 100vw, 699px\" \/><\/figure>\n<\/div><\/div>\n\n\n\n<div class=\"wp-block-column is-layout-flow wp-block-column-is-layout-flow\" style=\"flex-basis:66.66%\">\n<h2 class=\"wp-block-heading\"><strong>PRAXIS E INTERPRETACI\u00d3N<\/strong><br><strong>Un homenaje a Alejandro G. Vigo<\/strong><\/h2>\n\n\n\n<p style=\"font-size:22px\"><sub><strong>Editores<\/strong>: Gabriela Rossi, Patricio Fern\u00e1ndez, Luis Placencia<br><strong>Editorial<\/strong>: Georg Olms Verlag<br><strong>P\u00e1ginas<\/strong>: 496<br><strong>A\u00f1o<\/strong>: 2023<\/sub><\/p>\n\n\n\n<p>Este volumen, editado por Gabriela Rossi, Patricio Fern\u00e1ndez y Luis Placencia, re\u00fane trabajos de destacados autores que exploran los diversos intereses filos\u00f3ficos de Alejandro G. Vigo, incluyendo la filosof\u00eda antigua y su recepci\u00f3n, la filosof\u00eda trascendental y la filosof\u00eda pr\u00e1ctica. Los contribuyentes provienen de Alemania, Argentina, Brasil, Chile, Espa\u00f1a, Estados Unidos y M\u00e9xico, y el libro destaca la profunda influencia de Vigo en la filosof\u00eda de la praxis y en la interpretaci\u00f3n de fil\u00f3sofos como Plat\u00f3n, Arist\u00f3teles, Kant, Husserl y Heidegger.<\/p>\n<\/div>\n<\/div>\n\n\n\n<div style=\"height:20px\" aria-hidden=\"true\" class=\"wp-block-spacer\"><\/div>\n\n\n\n<hr class=\"wp-block-separator has-text-color has-alpha-channel-opacity has-background\" style=\"background-color:#e00e17;color:#e00e17\"\/>\n\n\n\n<div style=\"height:20px\" aria-hidden=\"true\" class=\"wp-block-spacer\"><\/div>\n\n\n\n<div class=\"wp-block-columns is-layout-flex wp-container-core-columns-is-layout-9d6595d7 wp-block-columns-is-layout-flex\">\n<div class=\"wp-block-column is-layout-flow wp-block-column-is-layout-flow\" style=\"flex-basis:66.66%\">\n<h2 class=\"wp-block-heading\"><strong>CREO Y PIENSO<\/strong><br><strong>La fuerza racional de la fe cristiana<\/strong><\/h2>\n\n\n\n<p style=\"font-size:22px\"><sub><strong>Autor<\/strong>: Joaqu\u00edn Garc\u00eda-Huidobro Correa<br><strong>Editorial<\/strong>: Tajamar<br><strong>P\u00e1ginas<\/strong>: 204<br><strong>A\u00f1o<\/strong>: 2024<\/sub><\/p>\n\n\n\n<p>Este libro est\u00e1 dirigido a creyentes, ateos y agn\u00f3sticos, y ofrece una exposici\u00f3n de los fundamentos racionales que sustentan la fe cristiana. Adem\u00e1s, explora la historia cultural del mundo, proporcionando un ant\u00eddoto contra el pesimismo que afecta a muchas personas hoy en d\u00eda. Los cap\u00edtulos est\u00e1n dise\u00f1ados para ser le\u00eddos en cualquier orden, lo que permite una lectura flexible y accesible.<\/p>\n<\/div>\n\n\n\n<div class=\"wp-block-column is-layout-flow wp-block-column-is-layout-flow\" style=\"flex-basis:33.33%\"><div class=\"wp-block-image\">\n<figure class=\"aligncenter size-large is-resized\"><img loading=\"lazy\" decoding=\"async\" width=\"668\" height=\"1024\" src=\"https:\/\/revistacampus.uandes.cl\/2024\/wp-content\/uploads\/2024\/09\/Creo-y-pienso-Joaquin-Garcia-Huidobro-668x1024.jpg\" alt=\"\" class=\"wp-image-1608\" style=\"aspect-ratio:0.6666666666666666;object-fit:cover;width:264px;height:auto\" srcset=\"https:\/\/revistacampus.uandes.cl\/2024\/wp-content\/uploads\/2024\/09\/Creo-y-pienso-Joaquin-Garcia-Huidobro-668x1024.jpg 668w, https:\/\/revistacampus.uandes.cl\/2024\/wp-content\/uploads\/2024\/09\/Creo-y-pienso-Joaquin-Garcia-Huidobro-196x300.jpg 196w, https:\/\/revistacampus.uandes.cl\/2024\/wp-content\/uploads\/2024\/09\/Creo-y-pienso-Joaquin-Garcia-Huidobro-768x1177.jpg 768w, https:\/\/revistacampus.uandes.cl\/2024\/wp-content\/uploads\/2024\/09\/Creo-y-pienso-Joaquin-Garcia-Huidobro-1002x1536.jpg 1002w, https:\/\/revistacampus.uandes.cl\/2024\/wp-content\/uploads\/2024\/09\/Creo-y-pienso-Joaquin-Garcia-Huidobro.jpg 1305w\" sizes=\"(max-width: 668px) 100vw, 668px\" \/><\/figure>\n<\/div><\/div>\n<\/div>\n\n\n\n<div style=\"height:20px\" aria-hidden=\"true\" class=\"wp-block-spacer\"><\/div>\n\n\n\n<hr class=\"wp-block-separator has-text-color has-alpha-channel-opacity has-background\" style=\"background-color:#e00e17;color:#e00e17\"\/>\n\n\n\n<div style=\"height:20px\" aria-hidden=\"true\" class=\"wp-block-spacer\"><\/div>\n\n\n\n<div class=\"wp-block-columns is-layout-flex wp-container-core-columns-is-layout-9d6595d7 wp-block-columns-is-layout-flex\">\n<div class=\"wp-block-column is-layout-flow wp-block-column-is-layout-flow\" style=\"flex-basis:33.33%\"><div class=\"wp-block-image\">\n<figure class=\"aligncenter size-large is-resized\"><img loading=\"lazy\" decoding=\"async\" width=\"674\" height=\"1024\" src=\"https:\/\/revistacampus.uandes.cl\/2024\/wp-content\/uploads\/2024\/09\/The-Aristotelian-Tradition-Manfred-Svensson-674x1024.jpg\" alt=\"\" class=\"wp-image-1611\" style=\"aspect-ratio:0.6666666666666666;object-fit:cover;width:264px;height:auto\" srcset=\"https:\/\/revistacampus.uandes.cl\/2024\/wp-content\/uploads\/2024\/09\/The-Aristotelian-Tradition-Manfred-Svensson-674x1024.jpg 674w, https:\/\/revistacampus.uandes.cl\/2024\/wp-content\/uploads\/2024\/09\/The-Aristotelian-Tradition-Manfred-Svensson-197x300.jpg 197w, https:\/\/revistacampus.uandes.cl\/2024\/wp-content\/uploads\/2024\/09\/The-Aristotelian-Tradition-Manfred-Svensson-768x1167.jpg 768w, https:\/\/revistacampus.uandes.cl\/2024\/wp-content\/uploads\/2024\/09\/The-Aristotelian-Tradition-Manfred-Svensson-1011x1536.jpg 1011w, https:\/\/revistacampus.uandes.cl\/2024\/wp-content\/uploads\/2024\/09\/The-Aristotelian-Tradition-Manfred-Svensson.jpg 1316w\" sizes=\"(max-width: 674px) 100vw, 674px\" \/><\/figure>\n<\/div><\/div>\n\n\n\n<div class=\"wp-block-column is-layout-flow wp-block-column-is-layout-flow\" style=\"flex-basis:66.66%\">\n<h2 class=\"wp-block-heading\"><strong>THE ARISTOTELIAN TRADITION IN EARLY MODERN PROTESTANTISM<\/strong><br><strong>XVI and XVII Century Commentaries on the Ethics and the Politics<\/strong><\/h2>\n\n\n\n<p style=\"font-size:22px\"><sub><strong>Autor<\/strong>: Manfred Svensson<br><strong>Editorial<\/strong>: Oxford University Press<br><strong>P\u00e1ginas<\/strong>: 232<br><strong>A\u00f1o<\/strong>: 2024<\/sub><\/p>\n\n\n\n<p>Este libro cuestiona la idea de que la Reforma protestante rompi\u00f3 con la tradici\u00f3n aristot\u00e9lica, que hab\u00eda sido fundamental en la educaci\u00f3n en filosof\u00eda pr\u00e1ctica durante los per\u00edodos cl\u00e1sico y medieval. Svensson explora los comentarios protestantes a las obras de Arist\u00f3teles, <em>\u00c9tica<\/em> y <em>Pol\u00edtica<\/em>, en los siglos XVI y XVII. El texto discute la herencia medieval y renacentista del aristotelismo, mapea las relaciones entre los comentaristas y examina c\u00f3mo la filosof\u00eda pr\u00e1ctica se relaciona con la fe cristiana en ese contexto.<\/p>\n<\/div>\n<\/div>\n\n\n\n<div style=\"height:20px\" aria-hidden=\"true\" class=\"wp-block-spacer\"><\/div>\n\n\n\n<hr class=\"wp-block-separator has-text-color has-alpha-channel-opacity has-background\" style=\"background-color:#e00e17;color:#e00e17\"\/>\n\n\n\n<div style=\"height:20px\" aria-hidden=\"true\" class=\"wp-block-spacer\"><\/div>\n\n\n\n<div class=\"wp-block-columns is-layout-flex wp-container-core-columns-is-layout-9d6595d7 wp-block-columns-is-layout-flex\">\n<div class=\"wp-block-column is-layout-flow wp-block-column-is-layout-flow\" style=\"flex-basis:66.66%\">\n<h2 class=\"wp-block-heading\"><strong>HISTORIA DE LA FILOSOF\u00cdA<br>Poemas<\/strong><\/h2>\n\n\n\n<p style=\"font-size:22px\"><strong>Autor<\/strong>: P. Jos\u00e9 Miguel Ib\u00e1\u00f1ez Langlois<br><strong>Editorial<\/strong>: Tanto Monta<br><strong>P\u00e1ginas<\/strong>: 267<br><strong>A\u00f1o<\/strong>: 2024<\/p>\n\n\n\n<p>Este libro presenta una historia de la filosof\u00eda en forma de poema, desafiando tanto a fil\u00f3sofos como a cr\u00edticos literarios. La obra plantea interrogantes sobre su naturaleza: \u00bfes una historia veros\u00edmil del pensamiento desde Her\u00e1clito hasta Heidegger? \u00bfO es poes\u00eda o antipoes\u00eda influenciada por Quevedo y Parra? La respuesta depende de la interpretaci\u00f3n del lector, quien encontrar\u00e1 en el texto una mezcla \u00fanica de filosof\u00eda y literatura.<\/p>\n<\/div>\n\n\n\n<div class=\"wp-block-column is-layout-flow wp-block-column-is-layout-flow\" style=\"flex-basis:33.33%\"><div class=\"wp-block-image\">\n<figure class=\"aligncenter size-large is-resized\"><img loading=\"lazy\" decoding=\"async\" width=\"661\" height=\"1024\" src=\"https:\/\/revistacampus.uandes.cl\/2024\/wp-content\/uploads\/2024\/09\/Historia-de-la-Filosofia-JMIbanez-661x1024.jpg\" alt=\"\" class=\"wp-image-1614\" style=\"aspect-ratio:0.6666666666666666;object-fit:cover;width:264px;height:auto\" srcset=\"https:\/\/revistacampus.uandes.cl\/2024\/wp-content\/uploads\/2024\/09\/Historia-de-la-Filosofia-JMIbanez-661x1024.jpg 661w, https:\/\/revistacampus.uandes.cl\/2024\/wp-content\/uploads\/2024\/09\/Historia-de-la-Filosofia-JMIbanez-194x300.jpg 194w, https:\/\/revistacampus.uandes.cl\/2024\/wp-content\/uploads\/2024\/09\/Historia-de-la-Filosofia-JMIbanez-768x1190.jpg 768w, https:\/\/revistacampus.uandes.cl\/2024\/wp-content\/uploads\/2024\/09\/Historia-de-la-Filosofia-JMIbanez-991x1536.jpg 991w, https:\/\/revistacampus.uandes.cl\/2024\/wp-content\/uploads\/2024\/09\/Historia-de-la-Filosofia-JMIbanez.jpg 1291w\" sizes=\"(max-width: 661px) 100vw, 661px\" \/><\/figure>\n<\/div><\/div>\n<\/div>\n\n\n\n<div style=\"height:20px\" aria-hidden=\"true\" class=\"wp-block-spacer\"><\/div>\n\n\n\n<hr class=\"wp-block-separator has-text-color has-alpha-channel-opacity has-background\" style=\"background-color:#e00e17;color:#e00e17\"\/>\n\n\n\n<div style=\"height:20px\" aria-hidden=\"true\" class=\"wp-block-spacer\"><\/div>\n\n\n\n<div class=\"wp-block-columns is-layout-flex wp-container-core-columns-is-layout-9d6595d7 wp-block-columns-is-layout-flex\">\n<div class=\"wp-block-column is-layout-flow wp-block-column-is-layout-flow\" style=\"flex-basis:33.33%\"><div class=\"wp-block-image\">\n<figure class=\"aligncenter size-large is-resized\"><img loading=\"lazy\" decoding=\"async\" width=\"670\" height=\"1024\" src=\"https:\/\/revistacampus.uandes.cl\/2024\/wp-content\/uploads\/2024\/09\/Political-Economy-Institutions-and-Virtue-Matias-Petersen-670x1024.jpg\" alt=\"\" class=\"wp-image-1616\" style=\"aspect-ratio:0.6666666666666666;object-fit:cover;width:264px;height:auto\" srcset=\"https:\/\/revistacampus.uandes.cl\/2024\/wp-content\/uploads\/2024\/09\/Political-Economy-Institutions-and-Virtue-Matias-Petersen-670x1024.jpg 670w, https:\/\/revistacampus.uandes.cl\/2024\/wp-content\/uploads\/2024\/09\/Political-Economy-Institutions-and-Virtue-Matias-Petersen-196x300.jpg 196w, https:\/\/revistacampus.uandes.cl\/2024\/wp-content\/uploads\/2024\/09\/Political-Economy-Institutions-and-Virtue-Matias-Petersen-768x1174.jpg 768w, https:\/\/revistacampus.uandes.cl\/2024\/wp-content\/uploads\/2024\/09\/Political-Economy-Institutions-and-Virtue-Matias-Petersen-1005x1536.jpg 1005w, https:\/\/revistacampus.uandes.cl\/2024\/wp-content\/uploads\/2024\/09\/Political-Economy-Institutions-and-Virtue-Matias-Petersen.jpg 1308w\" sizes=\"(max-width: 670px) 100vw, 670px\" \/><\/figure>\n<\/div><\/div>\n\n\n\n<div class=\"wp-block-column is-layout-flow wp-block-column-is-layout-flow\" style=\"flex-basis:66.66%\">\n<h2 class=\"wp-block-heading\"><strong>POLITICAL ECONOMY, INSTITUTIONS AND VIRTUE<\/strong><br><strong>Alasdair MacIntyre\u2019s Revolutionary Aristotelianism<\/strong><\/h2>\n\n\n\n<p style=\"font-size:22px\"><sub><strong>Autor<\/strong>: Mat\u00edas Petersen Cort\u00e9s<br><strong>Editorial<\/strong>: Routledge<br><strong>P\u00e1ginas<\/strong>: 136<br><strong>A\u00f1o<\/strong>: 2024<\/sub><\/p>\n\n\n\n<p>Este libro explora la corriente del &#8220;aristotelismo revolucionario&#8221;, inspirado en la filosof\u00eda moral de Alasdair MacIntyre, que critica radicalmente el Estado y el mercado. Examina la justificaci\u00f3n de esta cr\u00edtica a trav\u00e9s de la filosof\u00eda de MacIntyre y analiza qu\u00e9 formas de organizaci\u00f3n social son compatibles con sus propuestas. Combinando filosof\u00eda pol\u00edtica y teor\u00eda econ\u00f3mica, el texto eval\u00faa la viabilidad pr\u00e1ctica de algunas de las propuestas pol\u00edticas y econ\u00f3micas de MacIntyre.<\/p>\n<\/div>\n<\/div>\n\n\n\n<div style=\"height:20px\" aria-hidden=\"true\" class=\"wp-block-spacer\"><\/div>\n\n\n\n<hr class=\"wp-block-separator has-text-color has-alpha-channel-opacity has-background\" style=\"background-color:#e00e17;color:#e00e17\"\/>\n\n\n\n<div style=\"height:20px\" aria-hidden=\"true\" class=\"wp-block-spacer\"><\/div>\n\n\n\n<div class=\"wp-block-columns is-layout-flex wp-container-core-columns-is-layout-9d6595d7 wp-block-columns-is-layout-flex\">\n<div class=\"wp-block-column is-layout-flow wp-block-column-is-layout-flow\" style=\"flex-basis:66.66%\">\n<h2 class=\"wp-block-heading\"><strong>\u00bfQU\u00c9 ME HUBIERA GUSTADO QUE ME ENSE\u00d1ARAN HACE 39 A\u00d1OS CUANDO COMENC\u00c9 MI VIDA ACAD\u00c9MICA EN LA UNIVERSIDAD DE VALPARA\u00cdSO Y NADIE ME DIJO?<\/strong><\/h2>\n\n\n\n<p style=\"font-size:22px\"><sub><strong>Autor<\/strong>: Joaqu\u00edn Garc\u00eda-Huidobro Correa<br><strong>Editorial<\/strong>: Tajamar<br><strong>P\u00e1ginas<\/strong>: 166<br><strong>A\u00f1o<\/strong>: 2024<\/sub><\/p>\n\n\n\n<p>Este libro recopila las ense\u00f1anzas de un curso \u201cextraoficial\u201d dictado por el profesor Garc\u00eda-Huidobro, dirigido a formar futuros acad\u00e9micos. Transcritas por alumnos de posgrado, las clases ofrecen &#8220;recetas de cocinero viejo&#8221; con consejos y estrategias para quienes buscan dedicarse a la ense\u00f1anza e investigaci\u00f3n en la universidad, facilitando as\u00ed su vida acad\u00e9mica.<\/p>\n<\/div>\n\n\n\n<div class=\"wp-block-column is-layout-flow wp-block-column-is-layout-flow\" style=\"flex-basis:33.33%\"><div class=\"wp-block-image\">\n<figure class=\"aligncenter size-large is-resized\"><img loading=\"lazy\" decoding=\"async\" width=\"681\" height=\"1024\" src=\"https:\/\/revistacampus.uandes.cl\/2024\/wp-content\/uploads\/2024\/09\/Que-me-hubiera-gustado-que-me-ensenaran_Joaquin-GH-681x1024.jpg\" alt=\"\" class=\"wp-image-1618\" style=\"aspect-ratio:0.6666666666666666;object-fit:cover;width:264px;height:auto\" srcset=\"https:\/\/revistacampus.uandes.cl\/2024\/wp-content\/uploads\/2024\/09\/Que-me-hubiera-gustado-que-me-ensenaran_Joaquin-GH-681x1024.jpg 681w, https:\/\/revistacampus.uandes.cl\/2024\/wp-content\/uploads\/2024\/09\/Que-me-hubiera-gustado-que-me-ensenaran_Joaquin-GH-200x300.jpg 200w, https:\/\/revistacampus.uandes.cl\/2024\/wp-content\/uploads\/2024\/09\/Que-me-hubiera-gustado-que-me-ensenaran_Joaquin-GH-768x1155.jpg 768w, https:\/\/revistacampus.uandes.cl\/2024\/wp-content\/uploads\/2024\/09\/Que-me-hubiera-gustado-que-me-ensenaran_Joaquin-GH-1021x1536.jpg 1021w, https:\/\/revistacampus.uandes.cl\/2024\/wp-content\/uploads\/2024\/09\/Que-me-hubiera-gustado-que-me-ensenaran_Joaquin-GH.jpg 1330w\" sizes=\"(max-width: 681px) 100vw, 681px\" \/><\/figure>\n<\/div><\/div>\n<\/div>\n\n\n\n<div style=\"height:20px\" aria-hidden=\"true\" class=\"wp-block-spacer\"><\/div>\n\n\n\n<hr class=\"wp-block-separator has-text-color has-alpha-channel-opacity has-background\" style=\"background-color:#e00e17;color:#e00e17\"\/>\n\n\n\n<div style=\"height:20px\" aria-hidden=\"true\" class=\"wp-block-spacer\"><\/div>\n\n\n\n<div class=\"wp-block-columns is-layout-flex wp-container-core-columns-is-layout-9d6595d7 wp-block-columns-is-layout-flex\">\n<div class=\"wp-block-column is-layout-flow wp-block-column-is-layout-flow\" style=\"flex-basis:33.33%\"><div class=\"wp-block-image\">\n<figure class=\"aligncenter size-large is-resized\"><img loading=\"lazy\" decoding=\"async\" width=\"960\" height=\"1024\" src=\"https:\/\/revistacampus.uandes.cl\/2024\/wp-content\/uploads\/2024\/09\/Revista-Trilce-Zenaida-Suarez-960x1024.jpg\" alt=\"\" class=\"wp-image-1620\" style=\"width:264px;height:auto\" srcset=\"https:\/\/revistacampus.uandes.cl\/2024\/wp-content\/uploads\/2024\/09\/Revista-Trilce-Zenaida-Suarez-960x1024.jpg 960w, https:\/\/revistacampus.uandes.cl\/2024\/wp-content\/uploads\/2024\/09\/Revista-Trilce-Zenaida-Suarez-281x300.jpg 281w, https:\/\/revistacampus.uandes.cl\/2024\/wp-content\/uploads\/2024\/09\/Revista-Trilce-Zenaida-Suarez-768x819.jpg 768w, https:\/\/revistacampus.uandes.cl\/2024\/wp-content\/uploads\/2024\/09\/Revista-Trilce-Zenaida-Suarez-1440x1536.jpg 1440w, https:\/\/revistacampus.uandes.cl\/2024\/wp-content\/uploads\/2024\/09\/Revista-Trilce-Zenaida-Suarez.jpg 1875w\" sizes=\"(max-width: 960px) 100vw, 960px\" \/><\/figure>\n<\/div><\/div>\n\n\n\n<div class=\"wp-block-column is-layout-flow wp-block-column-is-layout-flow\" style=\"flex-basis:66.66%\">\n<h2 class=\"wp-block-heading\"><strong>REVISTA TRILCE<\/strong><br><strong>Homenaje a Omar Lara<\/strong><\/h2>\n\n\n\n<p style=\"font-size:22px\"><sub><strong>Editores<\/strong>: Zenaida Su\u00e1rez, et al.<br><strong>Editorial<\/strong>: Af\u00f3tico<br><strong>P\u00e1ginas<\/strong>: 74<br><strong>A\u00f1o<\/strong>: 2022<\/sub><\/p>\n\n\n\n<p>Este monogr\u00e1fico rinde homenaje a Omar Lara, el creador de la revista <em>Trilce<\/em>, destacando su tenacidad en mantener la publicaci\u00f3n viva durante 58 a\u00f1os. <em>Trilce<\/em> ha tenido un alcance significativo en el mundo hisp\u00e1nico y ha sido un espacio prestigioso para poetas, cr\u00edticos y narradores, incluyendo figuras como Bertolt Brecht, Guillaume Apollinaire, Octavio Paz, Roberto Bola\u00f1o, Ra\u00fal Zurita y Pablo Neruda.<\/p>\n<\/div>\n<\/div>\n\n\n\n<div style=\"height:20px\" aria-hidden=\"true\" class=\"wp-block-spacer\"><\/div>\n\n\n\n<hr class=\"wp-block-separator has-text-color has-alpha-channel-opacity has-background\" style=\"background-color:#e00e17;color:#e00e17\"\/>\n\n\n\n<div style=\"height:20px\" aria-hidden=\"true\" class=\"wp-block-spacer\"><\/div>\n\n\n\n<div class=\"wp-block-columns is-layout-flex wp-container-core-columns-is-layout-9d6595d7 wp-block-columns-is-layout-flex\">\n<div class=\"wp-block-column is-layout-flow wp-block-column-is-layout-flow\" style=\"flex-basis:66.66%\">\n<h2 class=\"wp-block-heading\"><strong>LA BELLEZA Y EL ARTE<br>Est\u00e9tica y filosof\u00eda del arte<\/strong><\/h2>\n\n\n\n<p style=\"font-size:22px\"><sub><strong>Autor<\/strong>: P. Jos\u00e9 Miguel Ib\u00e1\u00f1ez Langlois<br><strong>Editorial<\/strong>: Rialp<br><strong>P\u00e1ginas<\/strong>: 270<br><strong>A\u00f1o<\/strong>: 2023<\/sub><\/p>\n\n\n\n<p>Este libro busca equilibrar la experiencia art\u00edstica con el saber filos\u00f3fico. Aborda dos grandes interrogantes: \u00bfqu\u00e9 es la belleza? y \u00bfqu\u00e9 es el arte? A trav\u00e9s de grandes obras maestras, el autor explora la inspiraci\u00f3n en el proceso creativo, as\u00ed como la relaci\u00f3n del arte con la moral y la religi\u00f3n. Ofrece ejemplos sugestivos y reflexiones actuales para una comprensi\u00f3n m\u00e1s profunda de estos conceptos.<\/p>\n<\/div>\n\n\n\n<div class=\"wp-block-column is-layout-flow wp-block-column-is-layout-flow\" style=\"flex-basis:33.33%\"><div class=\"wp-block-image\">\n<figure class=\"aligncenter size-large is-resized\"><img loading=\"lazy\" decoding=\"async\" width=\"690\" height=\"1024\" src=\"https:\/\/revistacampus.uandes.cl\/2024\/wp-content\/uploads\/2024\/09\/La-belleza-y-el-arte-JMIbanez-690x1024.jpg\" alt=\"\" class=\"wp-image-1621\" style=\"width:264px;height:auto\" srcset=\"https:\/\/revistacampus.uandes.cl\/2024\/wp-content\/uploads\/2024\/09\/La-belleza-y-el-arte-JMIbanez-690x1024.jpg 690w, https:\/\/revistacampus.uandes.cl\/2024\/wp-content\/uploads\/2024\/09\/La-belleza-y-el-arte-JMIbanez-202x300.jpg 202w, https:\/\/revistacampus.uandes.cl\/2024\/wp-content\/uploads\/2024\/09\/La-belleza-y-el-arte-JMIbanez-768x1140.jpg 768w, https:\/\/revistacampus.uandes.cl\/2024\/wp-content\/uploads\/2024\/09\/La-belleza-y-el-arte-JMIbanez-1034x1536.jpg 1034w, https:\/\/revistacampus.uandes.cl\/2024\/wp-content\/uploads\/2024\/09\/La-belleza-y-el-arte-JMIbanez.jpg 1347w\" sizes=\"(max-width: 690px) 100vw, 690px\" \/><\/figure>\n<\/div><\/div>\n<\/div>\n\n\n\n<div style=\"height:20px\" aria-hidden=\"true\" class=\"wp-block-spacer\"><\/div>\n\n\n\n<hr class=\"wp-block-separator has-text-color has-alpha-channel-opacity has-background\" style=\"background-color:#e00e17;color:#e00e17\"\/>\n\n\n\n<div style=\"height:20px\" aria-hidden=\"true\" class=\"wp-block-spacer\"><\/div>\n\n\n\n<div class=\"wp-block-columns is-layout-flex wp-container-core-columns-is-layout-9d6595d7 wp-block-columns-is-layout-flex\">\n<div class=\"wp-block-column is-layout-flow wp-block-column-is-layout-flow\" style=\"flex-basis:33.33%\"><div class=\"wp-block-image\">\n<figure class=\"aligncenter size-large is-resized\"><img loading=\"lazy\" decoding=\"async\" width=\"718\" height=\"1024\" src=\"https:\/\/revistacampus.uandes.cl\/2024\/wp-content\/uploads\/2024\/09\/UANDES-en-el-Corazon-de-Jesus-Sebastian-Urruticoechea-718x1024.jpg\" alt=\"\" class=\"wp-image-1624\" style=\"width:264px;height:auto\" srcset=\"https:\/\/revistacampus.uandes.cl\/2024\/wp-content\/uploads\/2024\/09\/UANDES-en-el-Corazon-de-Jesus-Sebastian-Urruticoechea-718x1024.jpg 718w, https:\/\/revistacampus.uandes.cl\/2024\/wp-content\/uploads\/2024\/09\/UANDES-en-el-Corazon-de-Jesus-Sebastian-Urruticoechea-210x300.jpg 210w, https:\/\/revistacampus.uandes.cl\/2024\/wp-content\/uploads\/2024\/09\/UANDES-en-el-Corazon-de-Jesus-Sebastian-Urruticoechea-768x1095.jpg 768w, https:\/\/revistacampus.uandes.cl\/2024\/wp-content\/uploads\/2024\/09\/UANDES-en-el-Corazon-de-Jesus-Sebastian-Urruticoechea-1078x1536.jpg 1078w, https:\/\/revistacampus.uandes.cl\/2024\/wp-content\/uploads\/2024\/09\/UANDES-en-el-Corazon-de-Jesus-Sebastian-Urruticoechea.jpg 1403w\" sizes=\"(max-width: 718px) 100vw, 718px\" \/><\/figure>\n<\/div><\/div>\n\n\n\n<div class=\"wp-block-column is-layout-flow wp-block-column-is-layout-flow\" style=\"flex-basis:66.66%\">\n<h2 class=\"wp-block-heading\"><strong>UANDES, EN EL CORAZ\u00d3N DE JES\u00daS<\/strong><\/h2>\n\n\n\n<p style=\"font-size:22px\"><sub><strong>Editores<\/strong>: P. Sebasti\u00e1n Urruticoechea R\u00edos, et al.<br><strong>Edici\u00f3n<\/strong>: Universidad de los Andes<br><strong>P\u00e1ginas<\/strong>: 47<br><strong>A\u00f1o<\/strong>: 2024<\/sub><\/p>\n\n\n\n<p>Esta obra, editada junto con Mar\u00eda Luisa Lecaros, ofrece una invitaci\u00f3n diaria durante el mes del Sagrado Coraz\u00f3n a explorar los tesoros del Coraz\u00f3n de Jes\u00fas. Cada uno de sus tres cap\u00edtulos presenta un texto breve de la Sagrada Escritura seleccionado para el d\u00eda, una reflexi\u00f3n de un santo relacionado con el texto y una revelaci\u00f3n particular dirigida, generalmente, a Santa Margarita Mar\u00eda o a Santa Faustina.<\/p>\n<\/div>\n<\/div>\n\n\n\n<div style=\"height:20px\" aria-hidden=\"true\" class=\"wp-block-spacer\"><\/div>\n\n\n\n<hr class=\"wp-block-separator has-text-color has-alpha-channel-opacity has-background\" style=\"background-color:#e00e17;color:#e00e17\"\/>\n\n\n\n<div style=\"height:20px\" aria-hidden=\"true\" class=\"wp-block-spacer\"><\/div>\n\n\n\n<div class=\"wp-block-columns is-layout-flex wp-container-core-columns-is-layout-9d6595d7 wp-block-columns-is-layout-flex\">\n<div class=\"wp-block-column is-layout-flow wp-block-column-is-layout-flow\" style=\"flex-basis:66.66%\">\n<h2 class=\"wp-block-heading\"><strong>CHILE BAJO LA CONSTITUCI\u00d3N POL\u00cdTICA DE 1925. <\/strong><br><strong>Luces y sombras de un r\u00e9gimen de gobierno en un contexto de cambios globales<\/strong><\/h2>\n\n\n\n<p style=\"font-size:22px\"><sub><strong>Editor<\/strong>: Enrique Brahm Garc\u00eda<br><strong>Editorial<\/strong>: Tirant Lo Blanch<br><strong>P\u00e1ginas<\/strong>: 400<br><strong>A\u00f1o<\/strong>: 2024<\/sub><\/p>\n\n\n\n<p>En el contexto del proceso constituyente en Chile, el Instituto de Historia UANDES organiz\u00f3 un seminario para analizar una de las constituciones m\u00e1s exitosas y duraderas de la historia del pa\u00eds: la de 1925. Las ponencias, presentadas por investigadores de universidades y centros de estudio de prestigio, exploran los or\u00edgenes del texto constitucional, sus fortalezas y debilidades, y la compleja realidad hist\u00f3rica en la que se aplic\u00f3.<\/p>\n<\/div>\n\n\n\n<div class=\"wp-block-column is-layout-flow wp-block-column-is-layout-flow\" style=\"flex-basis:33.33%\"><div class=\"wp-block-image\">\n<figure class=\"aligncenter size-large is-resized\"><img loading=\"lazy\" decoding=\"async\" width=\"719\" height=\"1024\" src=\"https:\/\/revistacampus.uandes.cl\/2024\/wp-content\/uploads\/2024\/09\/Chile-bajo-la-Constitucion-politica-de-1925-Enrique-Brahm-719x1024.jpg\" alt=\"\" class=\"wp-image-1627\" style=\"width:264px;height:auto\" srcset=\"https:\/\/revistacampus.uandes.cl\/2024\/wp-content\/uploads\/2024\/09\/Chile-bajo-la-Constitucion-politica-de-1925-Enrique-Brahm-719x1024.jpg 719w, https:\/\/revistacampus.uandes.cl\/2024\/wp-content\/uploads\/2024\/09\/Chile-bajo-la-Constitucion-politica-de-1925-Enrique-Brahm-211x300.jpg 211w, https:\/\/revistacampus.uandes.cl\/2024\/wp-content\/uploads\/2024\/09\/Chile-bajo-la-Constitucion-politica-de-1925-Enrique-Brahm-768x1093.jpg 768w, https:\/\/revistacampus.uandes.cl\/2024\/wp-content\/uploads\/2024\/09\/Chile-bajo-la-Constitucion-politica-de-1925-Enrique-Brahm-1079x1536.jpg 1079w, https:\/\/revistacampus.uandes.cl\/2024\/wp-content\/uploads\/2024\/09\/Chile-bajo-la-Constitucion-politica-de-1925-Enrique-Brahm.jpg 1405w\" sizes=\"(max-width: 719px) 100vw, 719px\" \/><\/figure>\n<\/div><\/div>\n<\/div>\n\n\n\n<div style=\"height:20px\" aria-hidden=\"true\" class=\"wp-block-spacer\"><\/div>\n\n\n\n<hr class=\"wp-block-separator has-text-color has-alpha-channel-opacity has-background\" style=\"background-color:#e00e17;color:#e00e17\"\/>\n\n\n\n<div style=\"height:20px\" aria-hidden=\"true\" class=\"wp-block-spacer\"><\/div>\n\n\n\n<div class=\"wp-block-columns is-layout-flex wp-container-core-columns-is-layout-9d6595d7 wp-block-columns-is-layout-flex\">\n<div class=\"wp-block-column is-layout-flow wp-block-column-is-layout-flow\" style=\"flex-basis:33.33%\"><div class=\"wp-block-image\">\n<figure class=\"aligncenter size-large is-resized\"><img loading=\"lazy\" decoding=\"async\" width=\"657\" height=\"1024\" src=\"https:\/\/revistacampus.uandes.cl\/2024\/wp-content\/uploads\/2024\/09\/Captura-de-Pantalla-2024-08-12-a-las-07.38.10-657x1024.jpg\" alt=\"\" class=\"wp-image-1628\" style=\"width:264px;height:auto\" srcset=\"https:\/\/revistacampus.uandes.cl\/2024\/wp-content\/uploads\/2024\/09\/Captura-de-Pantalla-2024-08-12-a-las-07.38.10-657x1024.jpg 657w, https:\/\/revistacampus.uandes.cl\/2024\/wp-content\/uploads\/2024\/09\/Captura-de-Pantalla-2024-08-12-a-las-07.38.10-193x300.jpg 193w, https:\/\/revistacampus.uandes.cl\/2024\/wp-content\/uploads\/2024\/09\/Captura-de-Pantalla-2024-08-12-a-las-07.38.10-768x1196.jpg 768w, https:\/\/revistacampus.uandes.cl\/2024\/wp-content\/uploads\/2024\/09\/Captura-de-Pantalla-2024-08-12-a-las-07.38.10-986x1536.jpg 986w, https:\/\/revistacampus.uandes.cl\/2024\/wp-content\/uploads\/2024\/09\/Captura-de-Pantalla-2024-08-12-a-las-07.38.10.jpg 1284w\" sizes=\"(max-width: 657px) 100vw, 657px\" \/><figcaption class=\"wp-element-caption\">Screenshot<\/figcaption><\/figure>\n<\/div><\/div>\n\n\n\n<div class=\"wp-block-column is-layout-flow wp-block-column-is-layout-flow\" style=\"flex-basis:66.66%\">\n<h2 class=\"wp-block-heading\"><strong>EL TRANSHUMANISMO<\/strong><\/h2>\n\n\n\n<p style=\"font-size:22px\"><sub><strong>Editor<\/strong>: Sebasti\u00e1n Contreras Aguirre<br><strong>Editorial<\/strong>: Eunsa<br><strong>P\u00e1ginas<\/strong>: 318<br><strong>A\u00f1o<\/strong>: 2023<\/sub><\/p>\n\n\n\n<p>La tecnolog\u00eda ha alcanzado l\u00edmites impensados, planteando nuevos desaf\u00edos para la \u00e9tica y la antropolog\u00eda filos\u00f3fica. Este libro explora el transhumanismo desde diversas perspectivas disciplinarias, con un enfoque en el ser humano y la reflexi\u00f3n moral. No cuestiona la tecnolog\u00eda en s\u00ed, sino que subraya que, cuando el ser humano est\u00e1 en el centro, no todas las mejoras o estrategias cient\u00edficas son necesariamente v\u00e1lidas.<\/p>\n<\/div>\n<\/div>\n\n\n\n<div style=\"height:20px\" aria-hidden=\"true\" class=\"wp-block-spacer\"><\/div>\n\n\n\n<hr class=\"wp-block-separator has-text-color has-alpha-channel-opacity has-background\" style=\"background-color:#e00e17;color:#e00e17\"\/>\n\n\n\n<div style=\"height:20px\" aria-hidden=\"true\" class=\"wp-block-spacer\"><\/div>\n\n\n\n<div class=\"wp-block-columns is-layout-flex wp-container-core-columns-is-layout-9d6595d7 wp-block-columns-is-layout-flex\">\n<div class=\"wp-block-column is-layout-flow wp-block-column-is-layout-flow\" style=\"flex-basis:33.33%\"><div class=\"wp-block-image\">\n<figure class=\"aligncenter size-large is-resized\"><img loading=\"lazy\" decoding=\"async\" width=\"792\" height=\"1024\" src=\"https:\/\/revistacampus.uandes.cl\/2024\/wp-content\/uploads\/2024\/09\/Curso-de-derecho-civil-_-Obligaciones-Hernan-Corral-792x1024.jpg\" alt=\"\" class=\"wp-image-1630\" style=\"width:264px;height:auto\" srcset=\"https:\/\/revistacampus.uandes.cl\/2024\/wp-content\/uploads\/2024\/09\/Curso-de-derecho-civil-_-Obligaciones-Hernan-Corral-792x1024.jpg 792w, https:\/\/revistacampus.uandes.cl\/2024\/wp-content\/uploads\/2024\/09\/Curso-de-derecho-civil-_-Obligaciones-Hernan-Corral-232x300.jpg 232w, https:\/\/revistacampus.uandes.cl\/2024\/wp-content\/uploads\/2024\/09\/Curso-de-derecho-civil-_-Obligaciones-Hernan-Corral-768x993.jpg 768w, https:\/\/revistacampus.uandes.cl\/2024\/wp-content\/uploads\/2024\/09\/Curso-de-derecho-civil-_-Obligaciones-Hernan-Corral-1188x1536.jpg 1188w, https:\/\/revistacampus.uandes.cl\/2024\/wp-content\/uploads\/2024\/09\/Curso-de-derecho-civil-_-Obligaciones-Hernan-Corral.jpg 1547w\" sizes=\"(max-width: 792px) 100vw, 792px\" \/><figcaption class=\"wp-element-caption\">Screenshot<\/figcaption><\/figure>\n<\/div><\/div>\n\n\n\n<div class=\"wp-block-column is-layout-flow wp-block-column-is-layout-flow\" style=\"flex-basis:66.66%\">\n<h2 class=\"wp-block-heading\"><strong>CURSO DE DERECHO CIVIL: OBLIGACIONES<\/strong><\/h2>\n\n\n\n<p style=\"font-size:22px\"><sub><strong>Autor<\/strong>: Hern\u00e1n Corral Talciani<br><strong>Editorial<\/strong>: Thomson Reuters<br><strong>P\u00e1ginas<\/strong>: 835<br><strong>A\u00f1o<\/strong>: 2023<\/sub><\/p>\n\n\n\n<p>Este tercer volumen analiza las obligaciones en siete partes. Comienza por el v\u00ednculo obligacional y sus fuentes, y sigue con la clasificaci\u00f3n de las obligaciones. Luego, estudia el cumplimiento obligacional, prosigue con el incumplimiento y los medios de tutela del acreedor, y analiza otros medios de tutela de las relaciones obligatorias bilaterales. La pen\u00faltima parte se dedica a las modificaciones y transmisiones de las obligaciones, y la \u00faltima, al estudio de los modos de extinci\u00f3n de estas.<\/p>\n<\/div>\n<\/div>\n\n\n\n<div style=\"height:20px\" aria-hidden=\"true\" class=\"wp-block-spacer\"><\/div>\n\n\n\n<hr class=\"wp-block-separator has-text-color has-alpha-channel-opacity has-background\" style=\"background-color:#e00e17;color:#e00e17\"\/>\n\n\n\n<div style=\"height:20px\" aria-hidden=\"true\" class=\"wp-block-spacer\"><\/div>\n\n\n\n<div class=\"wp-block-columns is-layout-flex wp-container-core-columns-is-layout-9d6595d7 wp-block-columns-is-layout-flex\">\n<div class=\"wp-block-column is-layout-flow wp-block-column-is-layout-flow\" style=\"flex-basis:66.66%\">\n<h2 class=\"wp-block-heading\"><strong>MIEDO INSUPERABLE Y ESTADO DE NECESIDAD<br>Casos de cr\u00edmenes y simples delitos contra las personas<\/strong><\/h2>\n\n\n\n<p style=\"font-size:22px\"><sub><strong>Autor<\/strong>: Rodrigo Guerra Espinosa<br><strong>Editorial<\/strong>: Tirant lo Blanch<br><strong>P\u00e1ginas<\/strong>: 176<br><strong>A\u00f1o<\/strong>: 2023<\/sub><\/p>\n\n\n\n<p>En el marco del Proyecto Fondecyt 11190024, este libro contribuye a la diferenciaci\u00f3n dogm\u00e1tica de las eximentes de responsabilidad, fundamentales para la comprensi\u00f3n de la teor\u00eda del delito. Toma como referencia la regulaci\u00f3n chilena a trav\u00e9s de diferentes casos complejos de extrema necesidad. No es solo un trabajo sobre el miedo insuperable y el estado de necesidad, sino tambi\u00e9n una invitaci\u00f3n a reflexionar sobre casos dif\u00edciles en un contexto filos\u00f3fico-jur\u00eddico, social y cultural.<\/p>\n<\/div>\n\n\n\n<div class=\"wp-block-column is-layout-flow wp-block-column-is-layout-flow\" style=\"flex-basis:33.33%\"><div class=\"wp-block-image\">\n<figure class=\"aligncenter size-large is-resized\"><img loading=\"lazy\" decoding=\"async\" width=\"711\" height=\"1024\" src=\"https:\/\/revistacampus.uandes.cl\/2024\/wp-content\/uploads\/2024\/09\/Miedo-insuperable-y-estado-de-necesidad-Rodrigo-Guerra-711x1024.jpg\" alt=\"\" class=\"wp-image-1631\" style=\"width:264px;height:auto\" srcset=\"https:\/\/revistacampus.uandes.cl\/2024\/wp-content\/uploads\/2024\/09\/Miedo-insuperable-y-estado-de-necesidad-Rodrigo-Guerra-711x1024.jpg 711w, https:\/\/revistacampus.uandes.cl\/2024\/wp-content\/uploads\/2024\/09\/Miedo-insuperable-y-estado-de-necesidad-Rodrigo-Guerra-208x300.jpg 208w, https:\/\/revistacampus.uandes.cl\/2024\/wp-content\/uploads\/2024\/09\/Miedo-insuperable-y-estado-de-necesidad-Rodrigo-Guerra-768x1106.jpg 768w, https:\/\/revistacampus.uandes.cl\/2024\/wp-content\/uploads\/2024\/09\/Miedo-insuperable-y-estado-de-necesidad-Rodrigo-Guerra-1067x1536.jpg 1067w, https:\/\/revistacampus.uandes.cl\/2024\/wp-content\/uploads\/2024\/09\/Miedo-insuperable-y-estado-de-necesidad-Rodrigo-Guerra.jpg 1389w\" sizes=\"(max-width: 711px) 100vw, 711px\" \/><figcaption class=\"wp-element-caption\">Screenshot<\/figcaption><\/figure>\n<\/div><\/div>\n<\/div>\n\n\n\n<div style=\"height:20px\" aria-hidden=\"true\" class=\"wp-block-spacer\"><\/div>\n\n\n\n<hr class=\"wp-block-separator has-text-color has-alpha-channel-opacity has-background\" style=\"background-color:#e00e17;color:#e00e17\"\/>\n\n\n\n<div style=\"height:20px\" aria-hidden=\"true\" class=\"wp-block-spacer\"><\/div>\n\n\n\n<div class=\"wp-block-columns is-layout-flex wp-container-core-columns-is-layout-9d6595d7 wp-block-columns-is-layout-flex\">\n<div class=\"wp-block-column is-layout-flow wp-block-column-is-layout-flow\" style=\"flex-basis:33.33%\"><div class=\"wp-block-image\">\n<figure class=\"aligncenter size-large is-resized\"><img loading=\"lazy\" decoding=\"async\" width=\"663\" height=\"1024\" src=\"https:\/\/revistacampus.uandes.cl\/2024\/wp-content\/uploads\/2024\/09\/CONSTITUCION-HISTORICA-e1725552094213-663x1024.jpg\" alt=\"\" class=\"wp-image-1632\" style=\"width:264px;height:auto\" srcset=\"https:\/\/revistacampus.uandes.cl\/2024\/wp-content\/uploads\/2024\/09\/CONSTITUCION-HISTORICA-e1725552094213-663x1024.jpg 663w, https:\/\/revistacampus.uandes.cl\/2024\/wp-content\/uploads\/2024\/09\/CONSTITUCION-HISTORICA-e1725552094213-194x300.jpg 194w, https:\/\/revistacampus.uandes.cl\/2024\/wp-content\/uploads\/2024\/09\/CONSTITUCION-HISTORICA-e1725552094213-768x1186.jpg 768w, https:\/\/revistacampus.uandes.cl\/2024\/wp-content\/uploads\/2024\/09\/CONSTITUCION-HISTORICA-e1725552094213-995x1536.jpg 995w, https:\/\/revistacampus.uandes.cl\/2024\/wp-content\/uploads\/2024\/09\/CONSTITUCION-HISTORICA-e1725552094213.jpg 1286w\" sizes=\"(max-width: 663px) 100vw, 663px\" \/><\/figure>\n<\/div><\/div>\n\n\n\n<div class=\"wp-block-column is-layout-flow wp-block-column-is-layout-flow\" style=\"flex-basis:66.66%\">\n<h2 class=\"wp-block-heading\"><strong>CONSTITUCI\u00d3N POL\u00cdTICA DE LA REP\u00daBLICA DE CHILE EDICI\u00d3N HIST\u00d3RICA <\/strong><br><strong>Origen y trazabilidad de sus normas desde 1812 hasta hoy<\/strong><\/h2>\n\n\n\n<p style=\"font-size:22px\"><sub><strong>Autor<\/strong>: Jaime Arancibia Mattar<br><strong>Editorial<\/strong>: DER Ediciones<br><strong>P\u00e1ginas<\/strong>: 176<br><strong>A\u00f1o<\/strong>: 2023<\/sub><\/p>\n\n\n\n<p>Destaca, mediante colores y notas asociadas, la fuente primera y el itinerario seguido por cada una de las disposiciones de la Constituci\u00f3n. As\u00ed, es posible familiarizarse con sus autores y la valoraci\u00f3n o ratificaci\u00f3n por los ciudadanos de ayer y hoy. Cada expresi\u00f3n fue coloreada seg\u00fan el per\u00edodo en que apareci\u00f3 por primera vez, distinguiendo cuatro per\u00edodos: 1812-1925, 1925-1973, 1973-1989, 1989-2023. En la nota al pie se indican los art\u00edculos correspondientes.<\/p>\n<\/div>\n<\/div>\n\n\n\n<div style=\"height:20px\" aria-hidden=\"true\" class=\"wp-block-spacer\"><\/div>\n\n\n\n<hr class=\"wp-block-separator has-text-color has-alpha-channel-opacity has-background\" style=\"background-color:#e00e17;color:#e00e17\"\/>\n\n\n\n<div style=\"height:20px\" aria-hidden=\"true\" class=\"wp-block-spacer\"><\/div>\n\n\n\n<div class=\"wp-block-columns is-layout-flex wp-container-core-columns-is-layout-9d6595d7 wp-block-columns-is-layout-flex\">\n<div class=\"wp-block-column is-layout-flow wp-block-column-is-layout-flow\" style=\"flex-basis:33.33%\"><div class=\"wp-block-image\">\n<figure class=\"aligncenter size-large is-resized\"><img loading=\"lazy\" decoding=\"async\" width=\"671\" height=\"1024\" src=\"https:\/\/revistacampus.uandes.cl\/2024\/wp-content\/uploads\/2024\/09\/Acto-y-procedimiento-administrativo-Arancibia-Flores-y-Gomez-e1725552236225-671x1024.jpg\" alt=\"\" class=\"wp-image-1633\" style=\"width:264px;height:auto\" srcset=\"https:\/\/revistacampus.uandes.cl\/2024\/wp-content\/uploads\/2024\/09\/Acto-y-procedimiento-administrativo-Arancibia-Flores-y-Gomez-e1725552236225-671x1024.jpg 671w, https:\/\/revistacampus.uandes.cl\/2024\/wp-content\/uploads\/2024\/09\/Acto-y-procedimiento-administrativo-Arancibia-Flores-y-Gomez-e1725552236225-197x300.jpg 197w, https:\/\/revistacampus.uandes.cl\/2024\/wp-content\/uploads\/2024\/09\/Acto-y-procedimiento-administrativo-Arancibia-Flores-y-Gomez-e1725552236225-768x1173.jpg 768w, https:\/\/revistacampus.uandes.cl\/2024\/wp-content\/uploads\/2024\/09\/Acto-y-procedimiento-administrativo-Arancibia-Flores-y-Gomez-e1725552236225-1006x1536.jpg 1006w, https:\/\/revistacampus.uandes.cl\/2024\/wp-content\/uploads\/2024\/09\/Acto-y-procedimiento-administrativo-Arancibia-Flores-y-Gomez-e1725552236225.jpg 1310w\" sizes=\"(max-width: 671px) 100vw, 671px\" \/><\/figure>\n<\/div><\/div>\n\n\n\n<div class=\"wp-block-column is-layout-flow wp-block-column-is-layout-flow\" style=\"flex-basis:66.66%\">\n<h2 class=\"wp-block-heading\"><strong>ACTO Y PROCEDIMIENTO ADMINISTRATIVO<br>An\u00e1lisis normativo, dogm\u00e1tico y jurisprudencial a veinte a\u00f1os de la ley N\u00ba 19.880<\/strong><\/h2>\n\n\n\n<p style=\"font-size:22px\"><sub><strong>Autores<\/strong>: Jaime Arancibia M., Juan Carlos Flores R. y Rosa G\u00f3mez G.<br><strong>Editorial<\/strong>: DER Ediciones<br><strong>P\u00e1ginas<\/strong>: 346<br><strong>A\u00f1o<\/strong>: 2023<\/sub><\/p>\n\n\n\n<p>Analiza los art\u00edculos de la Ley de Bases del Procedimiento Administrativo (LBPA), que regula los actos de los \u00f3rganos de la administraci\u00f3n del Estado, bajo una perspectiva normativa, dogm\u00e1tica y jurisprudencial, a veinte a\u00f1os de su publicaci\u00f3n. Proporciona una aproximaci\u00f3n interpretativa acerca de las normas de traducci\u00f3n electr\u00f3nica incorporadas recientemente y una recopilaci\u00f3n de la doctrina nacional sobre acto y procedimiento administrativo publicada desde la entrada en vigor de la Ley.<\/p>\n<\/div>\n<\/div>\n\n\n\n<div style=\"height:20px\" aria-hidden=\"true\" class=\"wp-block-spacer\"><\/div>\n\n\n\n<hr class=\"wp-block-separator has-text-color has-alpha-channel-opacity has-background\" style=\"background-color:#e00e17;color:#e00e17\"\/>\n\n\n\n<div style=\"height:20px\" aria-hidden=\"true\" class=\"wp-block-spacer\"><\/div>\n\n\n\n<div class=\"wp-block-columns is-layout-flex wp-container-core-columns-is-layout-9d6595d7 wp-block-columns-is-layout-flex\">\n<div class=\"wp-block-column is-layout-flow wp-block-column-is-layout-flow\" style=\"flex-basis:66.66%\">\n<h2 class=\"wp-block-heading\"><strong>REVISI\u00d3N DEL ACTO ADMINISTRATIVO Recursos administrativos, invalidaci\u00f3n, revocaci\u00f3n, caducidad y decaimiento<\/strong><\/h2>\n\n\n\n<p style=\"font-size:22px\"><sub><strong>Autor<\/strong>: Juan Carlos Flores Rivas<br><strong>Editorial<\/strong>: DER Ediciones<br><strong>P\u00e1ginas<\/strong>: 212<br><strong>A\u00f1o<\/strong>: 2023<\/sub><\/p>\n\n\n\n<p>Contribuyendo a la discusi\u00f3n acad\u00e9mica a casi 20 a\u00f1os de la Ley N\u00b0 19.880, estudia los mecanismos dispuestos para revisar los actos administrativos. Examina los recursos administrativos y jurisdiccionales disponibles para solicitar la revisi\u00f3n, as\u00ed como el ejercicio de potestades administrativas de autocontrol frente a actos viciados, cuyos efectos no son compatibles con el inter\u00e9s general, o ante el incumplimiento de cargas u obligaciones esenciales del acto.<\/p>\n<\/div>\n\n\n\n<div class=\"wp-block-column is-layout-flow wp-block-column-is-layout-flow\" style=\"flex-basis:33.33%\"><div class=\"wp-block-image\">\n<figure class=\"aligncenter size-large is-resized\"><img loading=\"lazy\" decoding=\"async\" width=\"675\" height=\"1024\" src=\"https:\/\/revistacampus.uandes.cl\/2024\/wp-content\/uploads\/2024\/09\/Revision-del-acto-administrativo-Juan-Carlos-Flores-e1725552200550-675x1024.jpg\" alt=\"\" class=\"wp-image-1636\" style=\"width:264px;height:auto\" srcset=\"https:\/\/revistacampus.uandes.cl\/2024\/wp-content\/uploads\/2024\/09\/Revision-del-acto-administrativo-Juan-Carlos-Flores-e1725552200550-675x1024.jpg 675w, https:\/\/revistacampus.uandes.cl\/2024\/wp-content\/uploads\/2024\/09\/Revision-del-acto-administrativo-Juan-Carlos-Flores-e1725552200550-198x300.jpg 198w, https:\/\/revistacampus.uandes.cl\/2024\/wp-content\/uploads\/2024\/09\/Revision-del-acto-administrativo-Juan-Carlos-Flores-e1725552200550-768x1164.jpg 768w, https:\/\/revistacampus.uandes.cl\/2024\/wp-content\/uploads\/2024\/09\/Revision-del-acto-administrativo-Juan-Carlos-Flores-e1725552200550-1013x1536.jpg 1013w, https:\/\/revistacampus.uandes.cl\/2024\/wp-content\/uploads\/2024\/09\/Revision-del-acto-administrativo-Juan-Carlos-Flores-e1725552200550.jpg 1310w\" sizes=\"(max-width: 675px) 100vw, 675px\" \/><\/figure>\n<\/div><\/div>\n<\/div>\n\n\n\n<div style=\"height:20px\" aria-hidden=\"true\" class=\"wp-block-spacer\"><\/div>\n\n\n\n<hr class=\"wp-block-separator has-text-color has-alpha-channel-opacity has-background\" style=\"background-color:#e00e17;color:#e00e17\"\/>\n\n\n\n<div style=\"height:20px\" aria-hidden=\"true\" class=\"wp-block-spacer\"><\/div>\n\n\n\n<div class=\"wp-block-columns is-layout-flex wp-container-core-columns-is-layout-9d6595d7 wp-block-columns-is-layout-flex\">\n<div class=\"wp-block-column is-layout-flow wp-block-column-is-layout-flow\" style=\"flex-basis:66.66%\">\n<h2 class=\"wp-block-heading\"><strong>DERECHOS DE DA\u00d1OS Y RESPONSABILIDAD CIVIL<\/strong><br><strong>Temas actuales y futuros<\/strong><\/h2>\n\n\n\n<p style=\"font-size:22px\"><sub><strong>Editor<\/strong>: Gian Franco Rosso Elorriaga<br><strong>Editorial<\/strong>: Tirant lo Blanch<br><strong>P\u00e1ginas<\/strong>: 390<br><strong>A\u00f1o<\/strong>: 2023<\/sub><\/p>\n\n\n\n<p>La noci\u00f3n de Derecho de da\u00f1os comprende la multiplicidad de reg\u00edmenes de cobertura de riesgos existentes en la actualidad, de los cuales la responsabilidad civil es solo una especie. El libro recopila las investigaciones relativas a esos otros reg\u00edmenes llevadas adelante por profesores que imparten el Mag\u00edster en Derecho de Da\u00f1os y Responsabilidad Civil de la Universidad de los Andes, afiliados a esta casa de estudios e invitados de otras instituciones.<\/p>\n<\/div>\n\n\n\n<div class=\"wp-block-column is-layout-flow wp-block-column-is-layout-flow\" style=\"flex-basis:33.33%\"><div class=\"wp-block-image\">\n<figure class=\"aligncenter size-large is-resized\"><img loading=\"lazy\" decoding=\"async\" width=\"713\" height=\"1024\" src=\"https:\/\/revistacampus.uandes.cl\/2024\/wp-content\/uploads\/2024\/09\/Derechos-de-danos-y-responsabilidad-civil-Yasna-Otarola-713x1024.jpg\" alt=\"\" class=\"wp-image-1638\" style=\"width:264px;height:auto\" srcset=\"https:\/\/revistacampus.uandes.cl\/2024\/wp-content\/uploads\/2024\/09\/Derechos-de-danos-y-responsabilidad-civil-Yasna-Otarola-713x1024.jpg 713w, https:\/\/revistacampus.uandes.cl\/2024\/wp-content\/uploads\/2024\/09\/Derechos-de-danos-y-responsabilidad-civil-Yasna-Otarola-209x300.jpg 209w, https:\/\/revistacampus.uandes.cl\/2024\/wp-content\/uploads\/2024\/09\/Derechos-de-danos-y-responsabilidad-civil-Yasna-Otarola-768x1103.jpg 768w, https:\/\/revistacampus.uandes.cl\/2024\/wp-content\/uploads\/2024\/09\/Derechos-de-danos-y-responsabilidad-civil-Yasna-Otarola-1069x1536.jpg 1069w, https:\/\/revistacampus.uandes.cl\/2024\/wp-content\/uploads\/2024\/09\/Derechos-de-danos-y-responsabilidad-civil-Yasna-Otarola.jpg 1392w\" sizes=\"(max-width: 713px) 100vw, 713px\" \/><\/figure>\n<\/div><\/div>\n<\/div>\n\n\n\n<div style=\"height:20px\" aria-hidden=\"true\" class=\"wp-block-spacer\"><\/div>\n\n\n\n<hr class=\"wp-block-separator has-text-color has-alpha-channel-opacity has-background\" style=\"background-color:#e00e17;color:#e00e17\"\/>\n\n\n\n<div style=\"height:20px\" aria-hidden=\"true\" class=\"wp-block-spacer\"><\/div>\n\n\n\n<div class=\"wp-block-columns is-layout-flex wp-container-core-columns-is-layout-9d6595d7 wp-block-columns-is-layout-flex\">\n<div class=\"wp-block-column is-layout-flow wp-block-column-is-layout-flow\" style=\"flex-basis:33.33%\"><div class=\"wp-block-image\">\n<figure class=\"aligncenter size-large is-resized\"><img loading=\"lazy\" decoding=\"async\" width=\"637\" height=\"1024\" src=\"https:\/\/revistacampus.uandes.cl\/2024\/wp-content\/uploads\/2024\/09\/Los-delitos-de-cultivo-y-trafico-de-drogas-ofensividad-y-dolo-Tatiana-Vargas-637x1024.jpg\" alt=\"\" class=\"wp-image-1639\" style=\"width:264px;height:auto\" srcset=\"https:\/\/revistacampus.uandes.cl\/2024\/wp-content\/uploads\/2024\/09\/Los-delitos-de-cultivo-y-trafico-de-drogas-ofensividad-y-dolo-Tatiana-Vargas-637x1024.jpg 637w, https:\/\/revistacampus.uandes.cl\/2024\/wp-content\/uploads\/2024\/09\/Los-delitos-de-cultivo-y-trafico-de-drogas-ofensividad-y-dolo-Tatiana-Vargas-187x300.jpg 187w, https:\/\/revistacampus.uandes.cl\/2024\/wp-content\/uploads\/2024\/09\/Los-delitos-de-cultivo-y-trafico-de-drogas-ofensividad-y-dolo-Tatiana-Vargas-768x1235.jpg 768w, https:\/\/revistacampus.uandes.cl\/2024\/wp-content\/uploads\/2024\/09\/Los-delitos-de-cultivo-y-trafico-de-drogas-ofensividad-y-dolo-Tatiana-Vargas-955x1536.jpg 955w, https:\/\/revistacampus.uandes.cl\/2024\/wp-content\/uploads\/2024\/09\/Los-delitos-de-cultivo-y-trafico-de-drogas-ofensividad-y-dolo-Tatiana-Vargas.jpg 1244w\" sizes=\"(max-width: 637px) 100vw, 637px\" \/><\/figure>\n<\/div><\/div>\n\n\n\n<div class=\"wp-block-column is-layout-flow wp-block-column-is-layout-flow\" style=\"flex-basis:66.66%\">\n<h2 class=\"wp-block-heading\"><strong>LOS DELITOS DE CULTIVO Y TR\u00c1FICO DE DROGAS: OFENSIVIDAD Y DOLO<\/strong><\/h2>\n\n\n\n<p style=\"font-size:22px\"><sub><strong>Autores<\/strong>: Tatiana Vargas Pinto, et al.<br><strong>Editorial<\/strong>: Tirant lo Blanch<br><strong>P\u00e1ginas<\/strong>: 64<br><strong>A\u00f1o<\/strong>: 2023<\/sub><\/p>\n\n\n\n<p>Junto con Carlos K\u00fcnsem\u00fcller y Nicol\u00e1s Oxman, aborda el contenido conceptual del delito de cultivo y el aspecto subjetivo de los il\u00edcitos de tr\u00e1fico de drogas, desde un punto de vista te\u00f3rico y pr\u00e1ctico. Ofrece una interpretaci\u00f3n objetivada del contenido del dolo y del \u201c\u00e1nimo de tr\u00e1fico\u201d, un an\u00e1lisis coherente con el principio de culpabilidad y el respeto a la presunci\u00f3n de inocencia.<\/p>\n<\/div>\n<\/div>\n\n\n\n<div style=\"height:20px\" aria-hidden=\"true\" class=\"wp-block-spacer\"><\/div>\n\n\n\n<hr class=\"wp-block-separator has-text-color has-alpha-channel-opacity has-background\" style=\"background-color:#e00e17;color:#e00e17\"\/>\n\n\n\n<div style=\"height:20px\" aria-hidden=\"true\" class=\"wp-block-spacer\"><\/div>\n\n\n\n<div class=\"wp-block-columns is-layout-flex wp-container-core-columns-is-layout-9d6595d7 wp-block-columns-is-layout-flex\">\n<div class=\"wp-block-column is-layout-flow wp-block-column-is-layout-flow\" style=\"flex-basis:66.66%\">\n<h2 class=\"wp-block-heading\"><strong>LAS PARTES EN EL PROCESO <\/strong><br><strong>IX Jornadas Nacionales de Derecho Procesal<\/strong><\/h2>\n\n\n\n<p style=\"font-size:22px\"><sub><strong>Coordinadores<\/strong>: Orlando Poblete Iturrate y Flavia Cilveti Medina<br><strong>Editorial<\/strong>: Tirant Lo Blanch<br><strong>P\u00e1ginas<\/strong>: 954<br><strong>A\u00f1o<\/strong>: 2024<\/sub><\/p>\n\n\n\n<p>La dedicaci\u00f3n de las IX Jornadas de Derecho Procesal al estudio de las partes busca avanzar en la mejor comprensi\u00f3n de este concepto clave y determinante del proceso jurisdiccional, a la vez que aquilatar su evoluci\u00f3n y sus consecuencias. Esta obra colectiva re\u00fane el trabajo presentado en las IX Jornadas, organizadas por 13 universidades e institutos dedicados al derecho procesal, y cuya sede fue la Universidad de los Andes.<\/p>\n<\/div>\n\n\n\n<div class=\"wp-block-column is-layout-flow wp-block-column-is-layout-flow\" style=\"flex-basis:33.33%\"><div class=\"wp-block-image\">\n<figure class=\"aligncenter size-large is-resized\"><img loading=\"lazy\" decoding=\"async\" width=\"727\" height=\"1024\" src=\"https:\/\/revistacampus.uandes.cl\/2024\/wp-content\/uploads\/2024\/09\/Las-Partes-en-el-Proceso-Orlando-Poblete-e1725552301511-727x1024.jpg\" alt=\"\" class=\"wp-image-1640\" style=\"width:264px;height:auto\" srcset=\"https:\/\/revistacampus.uandes.cl\/2024\/wp-content\/uploads\/2024\/09\/Las-Partes-en-el-Proceso-Orlando-Poblete-e1725552301511-727x1024.jpg 727w, https:\/\/revistacampus.uandes.cl\/2024\/wp-content\/uploads\/2024\/09\/Las-Partes-en-el-Proceso-Orlando-Poblete-e1725552301511-213x300.jpg 213w, https:\/\/revistacampus.uandes.cl\/2024\/wp-content\/uploads\/2024\/09\/Las-Partes-en-el-Proceso-Orlando-Poblete-e1725552301511-768x1082.jpg 768w, https:\/\/revistacampus.uandes.cl\/2024\/wp-content\/uploads\/2024\/09\/Las-Partes-en-el-Proceso-Orlando-Poblete-e1725552301511-1091x1536.jpg 1091w, https:\/\/revistacampus.uandes.cl\/2024\/wp-content\/uploads\/2024\/09\/Las-Partes-en-el-Proceso-Orlando-Poblete-e1725552301511.jpg 1413w\" sizes=\"(max-width: 727px) 100vw, 727px\" \/><\/figure>\n<\/div><\/div>\n<\/div>\n\n\n\n<div style=\"height:20px\" aria-hidden=\"true\" class=\"wp-block-spacer\"><\/div>\n\n\n\n<hr class=\"wp-block-separator has-text-color has-alpha-channel-opacity has-background\" style=\"background-color:#e00e17;color:#e00e17\"\/>\n\n\n\n<div style=\"height:20px\" aria-hidden=\"true\" class=\"wp-block-spacer\"><\/div>\n\n\n\n<div class=\"wp-block-columns is-layout-flex wp-container-core-columns-is-layout-9d6595d7 wp-block-columns-is-layout-flex\">\n<div class=\"wp-block-column is-layout-flow wp-block-column-is-layout-flow\" style=\"flex-basis:33.33%\"><div class=\"wp-block-image\">\n<figure class=\"aligncenter size-large is-resized\"><img loading=\"lazy\" decoding=\"async\" width=\"707\" height=\"1024\" src=\"https:\/\/revistacampus.uandes.cl\/2024\/wp-content\/uploads\/2024\/09\/Crimenes-de-lesa-humanidad-Gonzalo-Garcia-707x1024.jpg\" alt=\"\" class=\"wp-image-1641\" style=\"width:264px;height:auto\" srcset=\"https:\/\/revistacampus.uandes.cl\/2024\/wp-content\/uploads\/2024\/09\/Crimenes-de-lesa-humanidad-Gonzalo-Garcia-707x1024.jpg 707w, https:\/\/revistacampus.uandes.cl\/2024\/wp-content\/uploads\/2024\/09\/Crimenes-de-lesa-humanidad-Gonzalo-Garcia-207x300.jpg 207w, https:\/\/revistacampus.uandes.cl\/2024\/wp-content\/uploads\/2024\/09\/Crimenes-de-lesa-humanidad-Gonzalo-Garcia-768x1112.jpg 768w, https:\/\/revistacampus.uandes.cl\/2024\/wp-content\/uploads\/2024\/09\/Crimenes-de-lesa-humanidad-Gonzalo-Garcia-1061x1536.jpg 1061w, https:\/\/revistacampus.uandes.cl\/2024\/wp-content\/uploads\/2024\/09\/Crimenes-de-lesa-humanidad-Gonzalo-Garcia.jpg 1381w\" sizes=\"(max-width: 707px) 100vw, 707px\" \/><\/figure>\n<\/div><\/div>\n\n\n\n<div class=\"wp-block-column is-layout-flow wp-block-column-is-layout-flow\" style=\"flex-basis:66.66%\">\n<h2 class=\"wp-block-heading\"><strong>CR\u00cdMENES DE LESA HUMANIDAD Y ACTUACI\u00d3N DE LA POLIC\u00cdA EN EL ESTALLIDO SOCIAL<\/strong><\/h2>\n\n\n\n<p style=\"font-size:22px\"><sub><strong>Autores<\/strong>: Gonzalo Garc\u00eda Palominos, et al.<br><strong>Editorial<\/strong>: Tirant Lo Blanch<br><strong>P\u00e1ginas<\/strong>: 340<br><strong>A\u00f1o<\/strong>: 2023<\/sub><\/p>\n\n\n\n<p>En el contexto de masividad y violencia en la movilizaci\u00f3n pol\u00edtico-social, surgi\u00f3 la interrogante acerca de si los hechos que caracterizaron la respuesta estatal, con ciertos \u201cpatrones comunes\u201d de comportamiento, podr\u00edan ser subsumidos en el crimen de lesa humanidad tipificado en los arts. 1\u00b0 y ss. de la Ley N\u00b0 20.357. Junto con Lautaro Contreras, el libro pretende ser un aporte a los di\u00e1logos que la sociedad civil ha sostenido a prop\u00f3sito del estallido, desde una mirada dogm\u00e1tica penal.<\/p>\n<\/div>\n<\/div>\n\n\n\n<div style=\"height:20px\" aria-hidden=\"true\" class=\"wp-block-spacer\"><\/div>\n\n\n\n<hr class=\"wp-block-separator has-text-color has-alpha-channel-opacity has-background\" style=\"background-color:#e00e17;color:#e00e17\"\/>\n\n\n\n<div style=\"height:20px\" aria-hidden=\"true\" class=\"wp-block-spacer\"><\/div>\n\n\n\n<div class=\"wp-block-columns is-layout-flex wp-container-core-columns-is-layout-9d6595d7 wp-block-columns-is-layout-flex\">\n<div class=\"wp-block-column is-layout-flow wp-block-column-is-layout-flow\" style=\"flex-basis:66.66%\">\n<h2 class=\"wp-block-heading\"><strong>CURSO DE DERECHO PROCESAL CIVIL<br>Tomos I (4\u00aa ed.), II (4\u00aa ed.) y III (2\u00aa ed.)<\/strong><\/h2>\n\n\n\n<p style=\"font-size:22px\"><sub><strong>Autor<\/strong>: Alejandro Romero Seguel<br><strong>Editorial<\/strong>: Ediciones UC<br><strong>P\u00e1ginas<\/strong>: (1) 198, (2) 324, (3) 200<br><strong>A\u00f1o<\/strong>: 2024<\/sub><\/p>\n\n\n\n<p>En estos tomos se explica la forma c\u00f3mo se solicita la protecci\u00f3n jur\u00eddica en el proceso civil, mediante el ejercicio del derecho de acci\u00f3n y su nexo con los presupuestos procesales relativos al \u00f3rgano jurisdiccional, a las partes y al procedimiento. Este Curso se ha convertido en un cl\u00e1sico en la ense\u00f1anza del derecho procesal en Chile. Su cita frecuente en las sentencias de los tribunales revela la utilidad pr\u00e1ctica que ha adquirido este trabajo, que se presenta actualizado.<\/p>\n<\/div>\n\n\n\n<div class=\"wp-block-column is-layout-flow wp-block-column-is-layout-flow\" style=\"flex-basis:33.33%\"><div class=\"wp-block-image\">\n<figure class=\"aligncenter size-large is-resized\"><img loading=\"lazy\" decoding=\"async\" width=\"741\" height=\"1024\" src=\"https:\/\/revistacampus.uandes.cl\/2024\/wp-content\/uploads\/2024\/09\/Curso-de-Derecho-Procesal-Civil-Alejandro-Romero-741x1024.jpg\" alt=\"\" class=\"wp-image-1643\" style=\"width:264px;height:auto\" srcset=\"https:\/\/revistacampus.uandes.cl\/2024\/wp-content\/uploads\/2024\/09\/Curso-de-Derecho-Procesal-Civil-Alejandro-Romero-741x1024.jpg 741w, https:\/\/revistacampus.uandes.cl\/2024\/wp-content\/uploads\/2024\/09\/Curso-de-Derecho-Procesal-Civil-Alejandro-Romero-217x300.jpg 217w, https:\/\/revistacampus.uandes.cl\/2024\/wp-content\/uploads\/2024\/09\/Curso-de-Derecho-Procesal-Civil-Alejandro-Romero-768x1061.jpg 768w, https:\/\/revistacampus.uandes.cl\/2024\/wp-content\/uploads\/2024\/09\/Curso-de-Derecho-Procesal-Civil-Alejandro-Romero-1112x1536.jpg 1112w, https:\/\/revistacampus.uandes.cl\/2024\/wp-content\/uploads\/2024\/09\/Curso-de-Derecho-Procesal-Civil-Alejandro-Romero.jpg 1448w\" sizes=\"(max-width: 741px) 100vw, 741px\" \/><\/figure>\n<\/div><\/div>\n<\/div>\n\n\n\n<div style=\"height:20px\" aria-hidden=\"true\" class=\"wp-block-spacer\"><\/div>\n\n\n\n<hr class=\"wp-block-separator has-text-color has-alpha-channel-opacity has-background\" style=\"background-color:#e00e17;color:#e00e17\"\/>\n\n\n\n<div style=\"height:20px\" aria-hidden=\"true\" class=\"wp-block-spacer\"><\/div>\n\n\n\n<div class=\"wp-block-columns is-layout-flex wp-container-core-columns-is-layout-9d6595d7 wp-block-columns-is-layout-flex\">\n<div class=\"wp-block-column is-layout-flow wp-block-column-is-layout-flow\" style=\"flex-basis:33.33%\"><div class=\"wp-block-image\">\n<figure class=\"aligncenter size-large is-resized\"><img loading=\"lazy\" decoding=\"async\" width=\"668\" height=\"1024\" src=\"https:\/\/revistacampus.uandes.cl\/2024\/wp-content\/uploads\/2024\/09\/Uso-de-la-fuerza-Tatiana-Vargas-668x1024.jpg\" alt=\"\" class=\"wp-image-1645\" style=\"width:264px;height:auto\" srcset=\"https:\/\/revistacampus.uandes.cl\/2024\/wp-content\/uploads\/2024\/09\/Uso-de-la-fuerza-Tatiana-Vargas-668x1024.jpg 668w, https:\/\/revistacampus.uandes.cl\/2024\/wp-content\/uploads\/2024\/09\/Uso-de-la-fuerza-Tatiana-Vargas-196x300.jpg 196w, https:\/\/revistacampus.uandes.cl\/2024\/wp-content\/uploads\/2024\/09\/Uso-de-la-fuerza-Tatiana-Vargas-768x1178.jpg 768w, https:\/\/revistacampus.uandes.cl\/2024\/wp-content\/uploads\/2024\/09\/Uso-de-la-fuerza-Tatiana-Vargas-1001x1536.jpg 1001w, https:\/\/revistacampus.uandes.cl\/2024\/wp-content\/uploads\/2024\/09\/Uso-de-la-fuerza-Tatiana-Vargas.jpg 1304w\" sizes=\"(max-width: 668px) 100vw, 668px\" \/><\/figure>\n<\/div><\/div>\n\n\n\n<div class=\"wp-block-column is-layout-flow wp-block-column-is-layout-flow\" style=\"flex-basis:66.66%\">\n<h2 class=\"wp-block-heading\"><strong>USO DE LA FUERZA POR FUNCIONARIOS ESTATALES<\/strong><br><strong>L\u00edmites y excesos<\/strong><\/h2>\n\n\n\n<p style=\"font-size:22px\"><sub><strong>Autor<\/strong>: Tatiana Vargas Pinto, et al.<br><strong>Editorial<\/strong>: DER Ediciones<br><strong>P\u00e1ginas<\/strong>: 148<br><strong>A\u00f1o<\/strong>: 2024<\/sub><\/p>\n\n\n\n<p>Este manual, realizado junto con Tania Gajardo, examina la normativa internacional, el marco jur\u00eddico nacional, los l\u00edmites de las actuaciones policiales y las pautas de actuaciones leg\u00edtimas que definen excesos y eventuales responsabilidades en el uso de la fuerza policial. Se enfrenta al rol de los jueces respecto de los l\u00edmites para el uso de la fuerza en el proceso penal, con un an\u00e1lisis de casos, e incluye las \u00faltimas modificaciones legales de 2023 y fallos recientes.<\/p>\n<\/div>\n<\/div>\n\n\n\n<div style=\"height:20px\" aria-hidden=\"true\" class=\"wp-block-spacer\"><\/div>\n\n\n\n<hr class=\"wp-block-separator has-text-color has-alpha-channel-opacity has-background\" style=\"background-color:#e00e17;color:#e00e17\"\/>\n\n\n\n<div style=\"height:20px\" aria-hidden=\"true\" class=\"wp-block-spacer\"><\/div>\n\n\n\n<div class=\"wp-block-columns is-layout-flex wp-container-core-columns-is-layout-9d6595d7 wp-block-columns-is-layout-flex\">\n<div class=\"wp-block-column is-layout-flow wp-block-column-is-layout-flow\" style=\"flex-basis:66.66%\">\n<h2 class=\"wp-block-heading\"><strong>THE EMERALD HANDBOOK ON CRYPTOASSETS <\/strong><br><strong>Investment Opportunities and Challenges<\/strong><\/h2>\n\n\n\n<p style=\"font-size:22px\"><sub><strong>Editores<\/strong>: Hugo Benedetti Espinoza, et al.<br><strong>Editorial<\/strong>: Emerald Publishing Limited<br><strong>P\u00e1ginas<\/strong>: 424<br><strong>A\u00f1o<\/strong>: 2023<\/sub><\/p>\n\n\n\n<p>La introducci\u00f3n de Bitcoin como el primer criptoactivo en 2009 marc\u00f3 el comienzo de una nueva era. Junto a los norteamericanos H. Kent Baker, Ehsan Nikbakht y Sean Stein Smith, este libro combina las contribuciones de acad\u00e9micos y profesionales en una sola revisi\u00f3n. Desde lo te\u00f3rico hasta lo pr\u00e1ctico, refleja las \u00faltimas investigaciones y ofrece una gu\u00eda para comprender los criptoactivos y su papel en las carteras de inversi\u00f3n.<\/p>\n<\/div>\n\n\n\n<div class=\"wp-block-column is-layout-flow wp-block-column-is-layout-flow\" style=\"flex-basis:33.33%\"><div class=\"wp-block-image\">\n<figure class=\"aligncenter size-large is-resized\"><img loading=\"lazy\" decoding=\"async\" width=\"680\" height=\"1024\" src=\"https:\/\/revistacampus.uandes.cl\/2024\/wp-content\/uploads\/2024\/09\/The-emerald-680x1024.jpg\" alt=\"\" class=\"wp-image-1647\" style=\"width:264px;height:auto\" srcset=\"https:\/\/revistacampus.uandes.cl\/2024\/wp-content\/uploads\/2024\/09\/The-emerald-680x1024.jpg 680w, https:\/\/revistacampus.uandes.cl\/2024\/wp-content\/uploads\/2024\/09\/The-emerald-199x300.jpg 199w, https:\/\/revistacampus.uandes.cl\/2024\/wp-content\/uploads\/2024\/09\/The-emerald-768x1156.jpg 768w, https:\/\/revistacampus.uandes.cl\/2024\/wp-content\/uploads\/2024\/09\/The-emerald-1021x1536.jpg 1021w, https:\/\/revistacampus.uandes.cl\/2024\/wp-content\/uploads\/2024\/09\/The-emerald.jpg 1329w\" sizes=\"(max-width: 680px) 100vw, 680px\" \/><\/figure>\n<\/div><\/div>\n<\/div>\n\n\n\n<div style=\"height:20px\" aria-hidden=\"true\" class=\"wp-block-spacer\"><\/div>\n\n\n\n<hr class=\"wp-block-separator has-text-color has-alpha-channel-opacity has-background\" style=\"background-color:#e00e17;color:#e00e17\"\/>\n\n\n\n<div style=\"height:20px\" aria-hidden=\"true\" class=\"wp-block-spacer\"><\/div>\n\n\n\n<div class=\"wp-block-columns is-layout-flex wp-container-core-columns-is-layout-9d6595d7 wp-block-columns-is-layout-flex\">\n<div class=\"wp-block-column is-layout-flow wp-block-column-is-layout-flow\" style=\"flex-basis:33.33%\"><div class=\"wp-block-image\">\n<figure class=\"aligncenter size-large is-resized\"><img loading=\"lazy\" decoding=\"async\" width=\"719\" height=\"1024\" src=\"https:\/\/revistacampus.uandes.cl\/2024\/wp-content\/uploads\/2024\/09\/Dano-e-interes-Manuel-Grasso-719x1024.jpg\" alt=\"\" class=\"wp-image-1649\" style=\"width:264px;height:auto\" srcset=\"https:\/\/revistacampus.uandes.cl\/2024\/wp-content\/uploads\/2024\/09\/Dano-e-interes-Manuel-Grasso-719x1024.jpg 719w, https:\/\/revistacampus.uandes.cl\/2024\/wp-content\/uploads\/2024\/09\/Dano-e-interes-Manuel-Grasso-211x300.jpg 211w, https:\/\/revistacampus.uandes.cl\/2024\/wp-content\/uploads\/2024\/09\/Dano-e-interes-Manuel-Grasso-768x1094.jpg 768w, https:\/\/revistacampus.uandes.cl\/2024\/wp-content\/uploads\/2024\/09\/Dano-e-interes-Manuel-Grasso-1078x1536.jpg 1078w, https:\/\/revistacampus.uandes.cl\/2024\/wp-content\/uploads\/2024\/09\/Dano-e-interes-Manuel-Grasso.jpg 1404w\" sizes=\"(max-width: 719px) 100vw, 719px\" \/><\/figure>\n<\/div><\/div>\n\n\n\n<div class=\"wp-block-column is-layout-flow wp-block-column-is-layout-flow\" style=\"flex-basis:66.66%\">\n<h2 class=\"wp-block-heading\"><strong>DA\u00d1O E INTER\u00c9S<br>El problema de la cuantificaci\u00f3n de la condena en el derecho<\/strong><\/h2>\n\n\n\n<p style=\"font-size:22px\"><sub><strong>Autores<\/strong>: Manuel Grasso<br><strong>Editorial<\/strong>: Universidad Externado de Colombia<br><strong>P\u00e1ginas<\/strong>: 570<br><strong>A\u00f1o<\/strong>: 2024<\/sub><\/p>\n\n\n\n<p>Este libro reconstruye los contextos originarios de producci\u00f3n y aplicaci\u00f3n de algunas soluciones que sirvieron de base para la elaboraci\u00f3n de los conceptos, principios y reglas que conforman las disciplinas modernas del resarcimiento del da\u00f1o. Da cuenta de los debates entre juristas acerca del car\u00e1cter justo o injusto de las soluciones, los intentos de expansi\u00f3n de esas soluciones a casos an\u00e1logos y los problemas que se generan en su concreta aplicaci\u00f3n.<\/p>\n<\/div>\n<\/div>\n\n\n\n<div style=\"height:20px\" aria-hidden=\"true\" class=\"wp-block-spacer\"><\/div>\n\n\n\n<hr class=\"wp-block-separator has-text-color has-alpha-channel-opacity has-background\" style=\"background-color:#e00e17;color:#e00e17\"\/>\n\n\n\n<div style=\"height:20px\" aria-hidden=\"true\" class=\"wp-block-spacer\"><\/div>\n\n\n\n<div class=\"wp-block-columns is-layout-flex wp-container-core-columns-is-layout-9d6595d7 wp-block-columns-is-layout-flex\">\n<div class=\"wp-block-column is-layout-flow wp-block-column-is-layout-flow\" style=\"flex-basis:66.66%\">\n<h2 class=\"wp-block-heading\"><strong>ANTROPOLOG\u00cdA Y AFECTIVIDAD Orientaciones para la educaci\u00f3n de la sexualidad y el amor humano<\/strong><\/h2>\n\n\n\n<p style=\"font-size:22px\"><sub><strong>Editora<\/strong>: Alejandra Fern\u00e1ndez Quiroga<br><strong>Editorial<\/strong>: Eunsa<br><strong>P\u00e1ginas<\/strong>: 330<br><strong>A\u00f1o<\/strong>: 2023<\/sub><\/p>\n\n\n\n<p>El amor no es cosa que se aprenda, \u00a1y sin embargo no hay nada que sea m\u00e1s necesario ense\u00f1ar! (San Juan Pablo II). Acogiendo este llamado, el libro invita a padres, educadores y profesores de religi\u00f3n a indagar en la verdad y belleza en torno a la sexualidad y el amor humano. Tomando en cuenta los cambios culturales, busca acompa\u00f1ar y guiar, a la luz del Magisterio de la Iglesia, a quienes tienen a su cargo la inmensa tarea de educar en el amor.<\/p>\n<\/div>\n\n\n\n<div class=\"wp-block-column is-layout-flow wp-block-column-is-layout-flow\" style=\"flex-basis:33.33%\"><div class=\"wp-block-image\">\n<figure class=\"aligncenter size-large is-resized\"><img loading=\"lazy\" decoding=\"async\" width=\"702\" height=\"1024\" src=\"https:\/\/revistacampus.uandes.cl\/2024\/wp-content\/uploads\/2024\/09\/Antropologia-y-afectividad-Alejandra-Fernandez-702x1024.jpg\" alt=\"\" class=\"wp-image-1650\" style=\"width:264px;height:auto\" srcset=\"https:\/\/revistacampus.uandes.cl\/2024\/wp-content\/uploads\/2024\/09\/Antropologia-y-afectividad-Alejandra-Fernandez-702x1024.jpg 702w, https:\/\/revistacampus.uandes.cl\/2024\/wp-content\/uploads\/2024\/09\/Antropologia-y-afectividad-Alejandra-Fernandez-206x300.jpg 206w, https:\/\/revistacampus.uandes.cl\/2024\/wp-content\/uploads\/2024\/09\/Antropologia-y-afectividad-Alejandra-Fernandez-768x1120.jpg 768w, https:\/\/revistacampus.uandes.cl\/2024\/wp-content\/uploads\/2024\/09\/Antropologia-y-afectividad-Alejandra-Fernandez-1054x1536.jpg 1054w, https:\/\/revistacampus.uandes.cl\/2024\/wp-content\/uploads\/2024\/09\/Antropologia-y-afectividad-Alejandra-Fernandez.jpg 1372w\" sizes=\"(max-width: 702px) 100vw, 702px\" \/><\/figure>\n<\/div><\/div>\n<\/div>\n\n\n\n<div style=\"height:20px\" aria-hidden=\"true\" class=\"wp-block-spacer\"><\/div>\n\n\n\n<hr class=\"wp-block-separator has-text-color has-alpha-channel-opacity has-background\" style=\"background-color:#e00e17;color:#e00e17\"\/>\n\n\n\n<div style=\"height:20px\" aria-hidden=\"true\" class=\"wp-block-spacer\"><\/div>\n\n\n\n<div class=\"wp-block-columns is-layout-flex wp-container-core-columns-is-layout-9d6595d7 wp-block-columns-is-layout-flex\">\n<div class=\"wp-block-column is-layout-flow wp-block-column-is-layout-flow\" style=\"flex-basis:33.33%\"><div class=\"wp-block-image\">\n<figure class=\"aligncenter size-large is-resized\"><img loading=\"lazy\" decoding=\"async\" width=\"811\" height=\"1024\" src=\"https:\/\/revistacampus.uandes.cl\/2024\/wp-content\/uploads\/2024\/09\/Menu-para-dos-2-e1725552459520-811x1024.jpg\" alt=\"\" class=\"wp-image-1652\" style=\"width:264px;height:auto\" srcset=\"https:\/\/revistacampus.uandes.cl\/2024\/wp-content\/uploads\/2024\/09\/Menu-para-dos-2-e1725552459520-811x1024.jpg 811w, https:\/\/revistacampus.uandes.cl\/2024\/wp-content\/uploads\/2024\/09\/Menu-para-dos-2-e1725552459520-238x300.jpg 238w, https:\/\/revistacampus.uandes.cl\/2024\/wp-content\/uploads\/2024\/09\/Menu-para-dos-2-e1725552459520-768x970.jpg 768w, https:\/\/revistacampus.uandes.cl\/2024\/wp-content\/uploads\/2024\/09\/Menu-para-dos-2-e1725552459520-1216x1536.jpg 1216w, https:\/\/revistacampus.uandes.cl\/2024\/wp-content\/uploads\/2024\/09\/Menu-para-dos-2-e1725552459520.jpg 1560w\" sizes=\"(max-width: 811px) 100vw, 811px\" \/><\/figure>\n<\/div><\/div>\n\n\n\n<div class=\"wp-block-column is-layout-flow wp-block-column-is-layout-flow\" style=\"flex-basis:66.66%\">\n<h2 class=\"wp-block-heading\"><strong>MEN\u00da PARA DOS<br>Nutrici\u00f3n saludable en el embarazo<\/strong><\/h2>\n\n\n\n<p style=\"font-size:22px\"><sub><strong>Autoras<\/strong>: Paula Correa y Carolina Ugarte<br><strong>Edici\u00f3n<\/strong>: Cl\u00ednica Universidad de los Andes<br><strong>P\u00e1ginas<\/strong>: 128<br><strong>A\u00f1o<\/strong>: 2023<\/sub><\/p>\n\n\n\n<p>La vida se gesta en el vientre de la madre y su nutrici\u00f3n es un factor determinante en el desarrollo neuronal y fisiol\u00f3gico de todo ser humano. Todo lo que ella consuma, sienta y piense ser\u00e1 transmitido a su guagua. En este libro, las doctoras buscan orientar a las madres durante su embarazo, entregando conceptos, herramientas y recetas de preparaciones simples y saludables, para que sus hijos nazcan sanos y listos para aprender y crecer.<\/p>\n<\/div>\n<\/div>\n\n\n\n<div style=\"height:20px\" aria-hidden=\"true\" class=\"wp-block-spacer\"><\/div>\n\n\n\n<hr class=\"wp-block-separator has-text-color has-alpha-channel-opacity has-background\" style=\"background-color:#e00e17;color:#e00e17\"\/>\n\n\n\n<div style=\"height:20px\" aria-hidden=\"true\" class=\"wp-block-spacer\"><\/div>\n\n\n\n<div class=\"wp-block-columns is-layout-flex wp-container-core-columns-is-layout-9d6595d7 wp-block-columns-is-layout-flex\">\n<div class=\"wp-block-column is-layout-flow wp-block-column-is-layout-flow\" style=\"flex-basis:66.66%\">\n<h2 class=\"wp-block-heading\"><strong>BIOMIMETICS <\/strong><br><strong>Bridging the Gap<\/strong><\/h2>\n\n\n\n<p style=\"font-size:22px\"><sub><strong>Editor<\/strong>: Ziyad S. Haidar<br><strong>Editorial<\/strong>: Intechopen<br><strong>P\u00e1ginas<\/strong>: 172<br><strong>A\u00f1o<\/strong>: 2023<\/sub><\/p>\n\n\n\n<p>Los biomateriales inteligentes para la ingenier\u00eda de tejidos y la medicina regenerativa son buenos ejemplos de biomim\u00e9tica, innovadora tecnolog\u00eda que cierra la brecha entre el laboratorio y la industria. En un estilo simplificado, el libro aborda la biomim\u00e9tica desde una perspectiva realista y traslacional, discutiendo problemas y ofreciendo soluciones, e incluyendo estudios que van desde lo b\u00e1sico hasta lo cl\u00ednico.<\/p>\n<\/div>\n\n\n\n<div class=\"wp-block-column is-layout-flow wp-block-column-is-layout-flow\" style=\"flex-basis:33.33%\"><div class=\"wp-block-image\">\n<figure class=\"aligncenter size-large is-resized\"><img loading=\"lazy\" decoding=\"async\" width=\"681\" height=\"1024\" src=\"https:\/\/revistacampus.uandes.cl\/2024\/wp-content\/uploads\/2024\/09\/Biomimetics-Bridging-the-Gap-Ziyad-Haidar-681x1024.jpg\" alt=\"\" class=\"wp-image-1654\" style=\"width:264px;height:auto\" srcset=\"https:\/\/revistacampus.uandes.cl\/2024\/wp-content\/uploads\/2024\/09\/Biomimetics-Bridging-the-Gap-Ziyad-Haidar-681x1024.jpg 681w, https:\/\/revistacampus.uandes.cl\/2024\/wp-content\/uploads\/2024\/09\/Biomimetics-Bridging-the-Gap-Ziyad-Haidar-200x300.jpg 200w, https:\/\/revistacampus.uandes.cl\/2024\/wp-content\/uploads\/2024\/09\/Biomimetics-Bridging-the-Gap-Ziyad-Haidar-768x1155.jpg 768w, https:\/\/revistacampus.uandes.cl\/2024\/wp-content\/uploads\/2024\/09\/Biomimetics-Bridging-the-Gap-Ziyad-Haidar-1021x1536.jpg 1021w, https:\/\/revistacampus.uandes.cl\/2024\/wp-content\/uploads\/2024\/09\/Biomimetics-Bridging-the-Gap-Ziyad-Haidar.jpg 1330w\" sizes=\"(max-width: 681px) 100vw, 681px\" \/><\/figure>\n<\/div><\/div>\n<\/div>\n\n\n\n<hr class=\"wp-block-separator has-text-color has-alpha-channel-opacity has-background\" style=\"background-color:#e00e17;color:#e00e17\"\/>\n\n\n\n<div style=\"height:20px\" aria-hidden=\"true\" class=\"wp-block-spacer\"><\/div>\n\n\n\n<div class=\"wp-block-columns is-layout-flex wp-container-core-columns-is-layout-9d6595d7 wp-block-columns-is-layout-flex\">\n<div class=\"wp-block-column is-layout-flow wp-block-column-is-layout-flow\" style=\"flex-basis:33.33%\"><div class=\"wp-block-image\">\n<figure class=\"aligncenter size-large is-resized\"><img loading=\"lazy\" decoding=\"async\" width=\"636\" height=\"1024\" src=\"https:\/\/revistacampus.uandes.cl\/2024\/wp-content\/uploads\/2024\/09\/Artesanos-de-humanidad-Antonio-Amado-636x1024.jpg\" alt=\"\" class=\"wp-image-1656\" style=\"width:264px;height:auto\" srcset=\"https:\/\/revistacampus.uandes.cl\/2024\/wp-content\/uploads\/2024\/09\/Artesanos-de-humanidad-Antonio-Amado-636x1024.jpg 636w, https:\/\/revistacampus.uandes.cl\/2024\/wp-content\/uploads\/2024\/09\/Artesanos-de-humanidad-Antonio-Amado-186x300.jpg 186w, https:\/\/revistacampus.uandes.cl\/2024\/wp-content\/uploads\/2024\/09\/Artesanos-de-humanidad-Antonio-Amado-768x1236.jpg 768w, https:\/\/revistacampus.uandes.cl\/2024\/wp-content\/uploads\/2024\/09\/Artesanos-de-humanidad-Antonio-Amado-955x1536.jpg 955w, https:\/\/revistacampus.uandes.cl\/2024\/wp-content\/uploads\/2024\/09\/Artesanos-de-humanidad-Antonio-Amado.jpg 1243w\" sizes=\"(max-width: 636px) 100vw, 636px\" \/><\/figure>\n<\/div><\/div>\n\n\n\n<div class=\"wp-block-column is-layout-flow wp-block-column-is-layout-flow\" style=\"flex-basis:66.66%\">\n<h2 class=\"wp-block-heading\"><strong>ARTESANOS DE LA HUMANIDAD<\/strong><br><strong>El profesor de Religi\u00f3n bajo las ense\u00f1anzas de Francisco<\/strong><\/h2>\n\n\n\n<p style=\"font-size:22px\"><sub><strong>Autores<\/strong>: Antonio Amado Fern\u00e1ndez y Alejandra Fern\u00e1ndez Quiroga<br><strong>Edici\u00f3n<\/strong>: Universidad de los Andes<br><strong>P\u00e1ginas<\/strong>: 112<br><strong>A\u00f1o<\/strong>: 2024<\/sub><\/p>\n\n\n\n<p>\u201cLa alegr\u00eda del Evangelio es \u00e9sta: somos amados por Dios con ternura y misericordia. Y estamos llamados a hacer resonar este anuncio gozoso en el mundo, testimoni\u00e1ndolo con nuestra vida, para que todos descubran la belleza del amor de Dios manifestado en Jes\u00fas\u201d (Papa Francisco). Acogiendo esta invitaci\u00f3n, el libro recoge diversas ense\u00f1anzas de Francisco, con el fin de acompa\u00f1ar, animar e iluminar a los profesores cristianos y a los docentes de religi\u00f3n en su tarea de transmitir la verdad del Evangelio.<\/p>\n<\/div>\n<\/div>\n\n\n\n<div style=\"height:20px\" aria-hidden=\"true\" class=\"wp-block-spacer\"><\/div>\n\n\n\n<hr class=\"wp-block-separator has-text-color has-alpha-channel-opacity has-background\" style=\"background-color:#e00e17;color:#e00e17\"\/>\n\n\n\n<div style=\"height:20px\" aria-hidden=\"true\" class=\"wp-block-spacer\"><\/div>\n\n\n\n<div class=\"wp-block-columns is-layout-flex wp-container-core-columns-is-layout-9d6595d7 wp-block-columns-is-layout-flex\">\n<div class=\"wp-block-column is-layout-flow wp-block-column-is-layout-flow\" style=\"flex-basis:66.66%\">\n<h2 class=\"wp-block-heading\"><strong>RECONOCIMIENTO NATURAL DE LA FERTILIDAD<\/strong><\/h2>\n\n\n\n<p style=\"font-size:22px\"><sub><strong>Editores<\/strong>: Jos\u00e9 Antonio Arraztoa Valdivielso, et al.<br><strong>Editorial<\/strong>: Eunsa<br><strong>P\u00e1ginas<\/strong>: 423<br><strong>A\u00f1o<\/strong>: 2023<\/sub><\/p>\n\n\n\n<p>La edici\u00f3n, realizada junto con Luis Chiva y Jos\u00e9 Granados, contiene las ponencias del congreso \u201cFertilidad y Sexualidad centrada en la Persona\u201d, realizado en 2021 en la Universidad de Navarra, junto con Veritas Amoris Project y la Universidad de los Andes. Ofrece una reflexi\u00f3n sobre la persona humana que rescata el valor de la corporeidad, integr\u00e1ndola en el don de s\u00ed realizado por los c\u00f3nyuges. Emerge de estas p\u00e1ginas la posibilidad de una medicina al servicio del amor y la esperanza.<\/p>\n<\/div>\n\n\n\n<div class=\"wp-block-column is-layout-flow wp-block-column-is-layout-flow\" style=\"flex-basis:33.33%\"><div class=\"wp-block-image\">\n<figure class=\"aligncenter size-large is-resized\"><img loading=\"lazy\" decoding=\"async\" width=\"607\" height=\"1024\" src=\"https:\/\/revistacampus.uandes.cl\/2024\/wp-content\/uploads\/2024\/09\/Reconocimiento-natural-de-la-fertilidad-Jose-Antonio-Arraztoa-607x1024.jpg\" alt=\"\" class=\"wp-image-1657\" style=\"width:264px;height:auto\" srcset=\"https:\/\/revistacampus.uandes.cl\/2024\/wp-content\/uploads\/2024\/09\/Reconocimiento-natural-de-la-fertilidad-Jose-Antonio-Arraztoa-607x1024.jpg 607w, https:\/\/revistacampus.uandes.cl\/2024\/wp-content\/uploads\/2024\/09\/Reconocimiento-natural-de-la-fertilidad-Jose-Antonio-Arraztoa-178x300.jpg 178w, https:\/\/revistacampus.uandes.cl\/2024\/wp-content\/uploads\/2024\/09\/Reconocimiento-natural-de-la-fertilidad-Jose-Antonio-Arraztoa-768x1295.jpg 768w, https:\/\/revistacampus.uandes.cl\/2024\/wp-content\/uploads\/2024\/09\/Reconocimiento-natural-de-la-fertilidad-Jose-Antonio-Arraztoa-911x1536.jpg 911w, https:\/\/revistacampus.uandes.cl\/2024\/wp-content\/uploads\/2024\/09\/Reconocimiento-natural-de-la-fertilidad-Jose-Antonio-Arraztoa.jpg 1186w\" sizes=\"(max-width: 607px) 100vw, 607px\" \/><\/figure>\n<\/div><\/div>\n<\/div>\n\n\n\n<div style=\"height:20px\" aria-hidden=\"true\" class=\"wp-block-spacer\"><\/div>\n\n\n\n<hr class=\"wp-block-separator has-text-color has-alpha-channel-opacity has-background\" style=\"background-color:#e00e17;color:#e00e17\"\/>\n\n\n\n<div style=\"height:20px\" aria-hidden=\"true\" class=\"wp-block-spacer\"><\/div>\n\n\n\n<div class=\"wp-block-columns is-layout-flex wp-container-core-columns-is-layout-9d6595d7 wp-block-columns-is-layout-flex\">\n<div class=\"wp-block-column is-layout-flow wp-block-column-is-layout-flow\" style=\"flex-basis:33.33%\"><div class=\"wp-block-image\">\n<figure class=\"aligncenter size-large is-resized\"><img loading=\"lazy\" decoding=\"async\" width=\"722\" height=\"1024\" src=\"https:\/\/revistacampus.uandes.cl\/2024\/wp-content\/uploads\/2024\/09\/Thomistic-Philosophy-in-the-Face-of-Evolutionary-Fact-Juan-Eduardo-Carreno-722x1024.jpg\" alt=\"\" class=\"wp-image-1658\" style=\"width:264px;height:auto\" srcset=\"https:\/\/revistacampus.uandes.cl\/2024\/wp-content\/uploads\/2024\/09\/Thomistic-Philosophy-in-the-Face-of-Evolutionary-Fact-Juan-Eduardo-Carreno-722x1024.jpg 722w, https:\/\/revistacampus.uandes.cl\/2024\/wp-content\/uploads\/2024\/09\/Thomistic-Philosophy-in-the-Face-of-Evolutionary-Fact-Juan-Eduardo-Carreno-212x300.jpg 212w, https:\/\/revistacampus.uandes.cl\/2024\/wp-content\/uploads\/2024\/09\/Thomistic-Philosophy-in-the-Face-of-Evolutionary-Fact-Juan-Eduardo-Carreno-768x1089.jpg 768w, https:\/\/revistacampus.uandes.cl\/2024\/wp-content\/uploads\/2024\/09\/Thomistic-Philosophy-in-the-Face-of-Evolutionary-Fact-Juan-Eduardo-Carreno-1083x1536.jpg 1083w, https:\/\/revistacampus.uandes.cl\/2024\/wp-content\/uploads\/2024\/09\/Thomistic-Philosophy-in-the-Face-of-Evolutionary-Fact-Juan-Eduardo-Carreno.jpg 1410w\" sizes=\"(max-width: 722px) 100vw, 722px\" \/><\/figure>\n<\/div><\/div>\n\n\n\n<div class=\"wp-block-column is-layout-flow wp-block-column-is-layout-flow\" style=\"flex-basis:66.66%\">\n<h2 class=\"wp-block-heading\"><strong>THOMISTIC PHILOSOPHY IN THE FACE OF EVOLUTIONARY FACT<\/strong><\/h2>\n\n\n\n<p style=\"font-size:22px\"><sub><strong>Autor<\/strong>: Juan Eduardo Carre\u00f1o Pavez<br><strong>Editorial<\/strong>: Editiones Scholasticae<br><strong>P\u00e1ginas<\/strong>: 764<br><strong>A\u00f1o<\/strong>: 2024<\/sub><\/p>\n\n\n\n<p>El prop\u00f3sito de este libro es integrar la evoluci\u00f3n biol\u00f3gica con los principios de la filosof\u00eda tomista. Desarrolla una tesis interpretativa que argumenta que la variedad de seres vivos corp\u00f3reos es consistente con el pensamiento de Tom\u00e1s de Aquino. Luego, se distinguen dos formas de evoluci\u00f3n, intraespec\u00edfica y transespec\u00edfica, y se analiza su significado ontol\u00f3gico y causalidades. Finalmente, se ofrece un panorama general de la historia evolutiva, con \u00e9nfasis en la antropog\u00e9nesis.<\/p>\n<\/div>\n<\/div>\n\n\n\n<div style=\"height:20px\" aria-hidden=\"true\" class=\"wp-block-spacer\"><\/div>\n\n\n\n<hr class=\"wp-block-separator has-text-color has-alpha-channel-opacity has-background\" style=\"background-color:#e00e17;color:#e00e17\"\/>\n\n\n\n<div style=\"height:20px\" aria-hidden=\"true\" class=\"wp-block-spacer\"><\/div>\n\n\n\n<div class=\"wp-block-columns is-layout-flex wp-container-core-columns-is-layout-9d6595d7 wp-block-columns-is-layout-flex\">\n<div class=\"wp-block-column is-layout-flow wp-block-column-is-layout-flow\" style=\"flex-basis:66.66%\">\n<h2 class=\"wp-block-heading\"><strong>EMPRESAS FAMILIARES<br>Reflexiones inspiradoras que mueven a la acci\u00f3n a empresarios y sus familias<\/strong><\/h2>\n\n\n\n<p style=\"font-size:22px\"><sub><strong>Autor<\/strong>: Jon Mart\u00ednez Echez\u00e1rraga<br><strong>Editorial<\/strong>: Ediciones de la U<br><strong>P\u00e1ginas<\/strong>: 232<br><strong>A\u00f1o<\/strong>: 2023<\/sub><\/p>\n\n\n\n<p>El autor construye una serie de reflexiones inspiradoras que mueven a la acci\u00f3n y aportan al criterio y formaci\u00f3n de cada lector, que puede ser empresario, due\u00f1o o socio de una empresa familiar. Mediante una serie de preguntas, sirve para cuestionarse y planear su ruta al \u00e9xito, porque adem\u00e1s del balance entre familia y empresa, se viven otras situaciones que requieren atenci\u00f3n, como brechas generacionales, organizaci\u00f3n de directivos, consejo familiar, propiedad y herencia.<img loading=\"lazy\" decoding=\"async\" width=\"15\" height=\"15\" class=\"wp-image-402\" style=\"width: 15px;\" src=\"https:\/\/revistacampus.uandes.cl\/2024\/wp-content\/uploads\/2024\/08\/VE-POR-MAS.png\" alt=\"\" srcset=\"https:\/\/revistacampus.uandes.cl\/2024\/wp-content\/uploads\/2024\/08\/VE-POR-MAS.png 250w, https:\/\/revistacampus.uandes.cl\/2024\/wp-content\/uploads\/2024\/08\/VE-POR-MAS-150x150.png 150w\" sizes=\"(max-width: 15px) 100vw, 15px\" \/><\/p>\n<\/div>\n\n\n\n<div class=\"wp-block-column is-layout-flow wp-block-column-is-layout-flow\" style=\"flex-basis:33.33%\"><div class=\"wp-block-image\">\n<figure class=\"aligncenter size-large is-resized\"><img loading=\"lazy\" decoding=\"async\" width=\"716\" height=\"1024\" src=\"https:\/\/revistacampus.uandes.cl\/2024\/wp-content\/uploads\/2024\/09\/Empresas-familiares-Jon-Martinez-716x1024.jpg\" alt=\"\" class=\"wp-image-1660\" style=\"width:264px;height:auto\" srcset=\"https:\/\/revistacampus.uandes.cl\/2024\/wp-content\/uploads\/2024\/09\/Empresas-familiares-Jon-Martinez-716x1024.jpg 716w, https:\/\/revistacampus.uandes.cl\/2024\/wp-content\/uploads\/2024\/09\/Empresas-familiares-Jon-Martinez-210x300.jpg 210w, https:\/\/revistacampus.uandes.cl\/2024\/wp-content\/uploads\/2024\/09\/Empresas-familiares-Jon-Martinez-768x1098.jpg 768w, https:\/\/revistacampus.uandes.cl\/2024\/wp-content\/uploads\/2024\/09\/Empresas-familiares-Jon-Martinez-1074x1536.jpg 1074w, https:\/\/revistacampus.uandes.cl\/2024\/wp-content\/uploads\/2024\/09\/Empresas-familiares-Jon-Martinez.jpg 1399w\" sizes=\"(max-width: 716px) 100vw, 716px\" \/><\/figure>\n<\/div><\/div>\n<\/div>\n","protected":false},"excerpt":{"rendered":"<p>Presentamos todos los libros publicados por acad\u00e9micos UANDES en 2023 e inicios de 2024.<\/p>\n","protected":false},"author":1,"featured_media":1664,"comment_status":"open","ping_status":"open","sticky":false,"template":"","format":"standard","meta":{"footnotes":""},"categories":[7],"tags":[],"class_list":["post-1561","post","type-post","status-publish","format-standard","has-post-thumbnail","hentry","category-investigacion"],"_links":{"self":[{"href":"https:\/\/revistacampus.uandes.cl\/2024\/wp-json\/wp\/v2\/posts\/1561","targetHints":{"allow":["GET"]}}],"collection":[{"href":"https:\/\/revistacampus.uandes.cl\/2024\/wp-json\/wp\/v2\/posts"}],"about":[{"href":"https:\/\/revistacampus.uandes.cl\/2024\/wp-json\/wp\/v2\/types\/post"}],"author":[{"embeddable":true,"href":"https:\/\/revistacampus.uandes.cl\/2024\/wp-json\/wp\/v2\/users\/1"}],"replies":[{"embeddable":true,"href":"https:\/\/revistacampus.uandes.cl\/2024\/wp-json\/wp\/v2\/comments?post=1561"}],"version-history":[{"count":69,"href":"https:\/\/revistacampus.uandes.cl\/2024\/wp-json\/wp\/v2\/posts\/1561\/revisions"}],"predecessor-version":[{"id":2240,"href":"https:\/\/revistacampus.uandes.cl\/2024\/wp-json\/wp\/v2\/posts\/1561\/revisions\/2240"}],"wp:featuredmedia":[{"embeddable":true,"href":"https:\/\/revistacampus.uandes.cl\/2024\/wp-json\/wp\/v2\/media\/1664"}],"wp:attachment":[{"href":"https:\/\/revistacampus.uandes.cl\/2024\/wp-json\/wp\/v2\/media?parent=1561"}],"wp:term":[{"taxonomy":"category","embeddable":true,"href":"https:\/\/revistacampus.uandes.cl\/2024\/wp-json\/wp\/v2\/categories?post=1561"},{"taxonomy":"post_tag","embeddable":true,"href":"https:\/\/revistacampus.uandes.cl\/2024\/wp-json\/wp\/v2\/tags?post=1561"}],"curies":[{"name":"wp","href":"https:\/\/api.w.org\/{rel}","templated":true}]}}