{"id":1514,"date":"2024-09-05T01:02:53","date_gmt":"2024-09-05T04:02:53","guid":{"rendered":"https:\/\/revistacampus.uandes.cl\/2024\/?p=1514"},"modified":"2024-09-06T14:02:06","modified_gmt":"2024-09-06T17:02:06","slug":"alumni-que-van-por-mas","status":"publish","type":"post","link":"https:\/\/revistacampus.uandes.cl\/2024\/alumni-que-van-por-mas\/","title":{"rendered":"Alumni que van por m\u00e1s"},"content":{"rendered":"\n<p class=\"has-background\" style=\"background-color:#e3e3e3\"><img decoding=\"async\" width=\"60\" height=\"60\" class=\"wp-image-402\" style=\"width: 60px;\" src=\"https:\/\/revistacampus.uandes.cl\/2024\/wp-content\/uploads\/2024\/08\/VE-POR-MAS.png\" alt=\"\" srcset=\"https:\/\/revistacampus.uandes.cl\/2024\/wp-content\/uploads\/2024\/08\/VE-POR-MAS.png 250w, https:\/\/revistacampus.uandes.cl\/2024\/wp-content\/uploads\/2024\/08\/VE-POR-MAS-150x150.png 150w\" sizes=\"(max-width: 60px) 100vw, 60px\" \/><br><strong>Nuestros egresados han sido reconocidos<\/strong> en Chile y el mundo, por su aporte profesional y humano en diversos \u00e1mbitos.<br><br>Por Francisca Brahm Garc\u00eda<\/p>\n\n\n\n<div style=\"height:35px\" aria-hidden=\"true\" class=\"wp-block-spacer\"><\/div>\n\n\n\n<h2 class=\"wp-block-heading has-black-color has-text-color has-link-color wp-elements-a10275632d2cab87031a612f432005eb\"><strong>Derecho 2013<\/strong><br><strong><mark style=\"background-color:rgba(0, 0, 0, 0);color:#e00e17\" class=\"has-inline-color\">Constanza Safatle Ferrari<\/mark><\/strong><\/h2>\n\n\n\n<p><em>Integraci\u00f3n de mujeres inmigrantes en Canad\u00e1<\/em><\/p>\n\n\n\n<figure class=\"wp-block-image size-large\"><img fetchpriority=\"high\" decoding=\"async\" width=\"1024\" height=\"682\" src=\"https:\/\/revistacampus.uandes.cl\/2024\/wp-content\/uploads\/2024\/09\/Constanza-Safatle-1-1024x682.jpg\" alt=\"\" class=\"wp-image-1523\" style=\"aspect-ratio:16\/9;object-fit:cover\" srcset=\"https:\/\/revistacampus.uandes.cl\/2024\/wp-content\/uploads\/2024\/09\/Constanza-Safatle-1-1024x682.jpg 1024w, https:\/\/revistacampus.uandes.cl\/2024\/wp-content\/uploads\/2024\/09\/Constanza-Safatle-1-300x200.jpg 300w, https:\/\/revistacampus.uandes.cl\/2024\/wp-content\/uploads\/2024\/09\/Constanza-Safatle-1-768x512.jpg 768w, https:\/\/revistacampus.uandes.cl\/2024\/wp-content\/uploads\/2024\/09\/Constanza-Safatle-1-1536x1024.jpg 1536w, https:\/\/revistacampus.uandes.cl\/2024\/wp-content\/uploads\/2024\/09\/Constanza-Safatle-1.jpg 2000w\" sizes=\"(max-width: 1024px) 100vw, 1024px\" \/><\/figure>\n\n\n\n<p>El ministro de Inmigraci\u00f3n de Canad\u00e1, el ministro de Inmigraci\u00f3n provincial y el Premier Provincial anunciaron una enmienda a la Ley de Sociedades para facilitar que los reci\u00e9n llegados inicien negocios y creen empleos en la provincia de Terranova y Labrador. <strong>Detr\u00e1s de ese cambio estaba la historia de Constanza y <a href=\"https:\/\/newbornlander.ca\/\" target=\"_blank\" rel=\"noreferrer noopener\"><em>Newbornlander<\/em><\/a>.<\/strong> \u201cEn 2015, me traslad\u00e9 con mi marido a vivir a Canad\u00e1 y tuve que comenzar desde cero: no pod\u00eda convalidar mi t\u00edtulo de abogada y no sab\u00eda ingl\u00e9s\u201d, recuerda. Aprendi\u00f3 a coser ropa de guagua en YouTube y, cuando el negocio prosper\u00f3, descubri\u00f3 que muchas otras inmigrantes ten\u00edan dificultades para integrarse al mercado laboral. <strong>Inspir\u00e1ndose en \u201c<a href=\"https:\/\/www.instagram.com\/uandesemprende\/?hl=es-la\" target=\"_blank\" rel=\"noreferrer noopener\">UANDES Emprende<\/a>\u201d, proyecto social que dirigi\u00f3 mientras estudiaba, cre\u00f3 Newbornlander, trabajo que ha sido reconocido con el premio \u201cNegocio Multicultural\u201d y el \u201cYoung Entrepreneur Award\u201d<\/strong>. Hoy tambi\u00e9n ofrece oportunidades laborales, un espacio para aprender ingl\u00e9s, capacitarse en los requisitos de inmigraci\u00f3n, conocer la cultura local, establecer redes de contacto y hacer amistades. Adem\u00e1s, es directora ejecutiva de <a href=\"https:\/\/www.taskforcenl.com\/\" target=\"_blank\" rel=\"noreferrer noopener\"><em>TaskforceNL<\/em><\/a>, organizaci\u00f3n que trabaja por la inclusi\u00f3n de migrantes (<a href=\"https:\/\/www.uandes.cl\/noticias\/constanza-safatle-ferrari-destacada-empresa-social-cambio-legislacion-canadiense-emprendimientos-inmigrantes\/\" target=\"_blank\" rel=\"noreferrer noopener\">ver m\u00e1s<\/a>).<\/p>\n\n\n\n<div style=\"height:35px\" aria-hidden=\"true\" class=\"wp-block-spacer\"><\/div>\n\n\n\n<hr class=\"wp-block-separator has-text-color has-alpha-channel-opacity has-background\" style=\"background-color:#e00e17;color:#e00e17\"\/>\n\n\n\n<div style=\"height:35px\" aria-hidden=\"true\" class=\"wp-block-spacer\"><\/div>\n\n\n\n<h2 class=\"wp-block-heading has-black-color has-text-color has-link-color wp-elements-b20687afe21ad86093ac10ba6f500275\"><strong>Medicina 2022<\/strong><br><strong><mark style=\"background-color:rgba(0, 0, 0, 0);color:#e00e17\" class=\"has-inline-color\">Andrea Carrillo Emperanza<\/mark><\/strong><\/h2>\n\n\n\n<p><em>Mejor egresada de Medicina de Chile en 2022<\/em><\/p>\n\n\n\n<figure class=\"wp-block-image size-large\"><img decoding=\"async\" width=\"1024\" height=\"682\" src=\"https:\/\/revistacampus.uandes.cl\/2024\/wp-content\/uploads\/2024\/09\/Andrea-Carrillo-4-1024x682.jpg\" alt=\"\" class=\"wp-image-1524\" style=\"aspect-ratio:16\/9;object-fit:cover\" srcset=\"https:\/\/revistacampus.uandes.cl\/2024\/wp-content\/uploads\/2024\/09\/Andrea-Carrillo-4-1024x682.jpg 1024w, https:\/\/revistacampus.uandes.cl\/2024\/wp-content\/uploads\/2024\/09\/Andrea-Carrillo-4-300x200.jpg 300w, https:\/\/revistacampus.uandes.cl\/2024\/wp-content\/uploads\/2024\/09\/Andrea-Carrillo-4-768x512.jpg 768w, https:\/\/revistacampus.uandes.cl\/2024\/wp-content\/uploads\/2024\/09\/Andrea-Carrillo-4-1536x1024.jpg 1536w, https:\/\/revistacampus.uandes.cl\/2024\/wp-content\/uploads\/2024\/09\/Andrea-Carrillo-4.jpg 2000w\" sizes=\"(max-width: 1024px) 100vw, 1024px\" \/><figcaption class=\"wp-element-caption\"><sup><em>Andrea Carrillo junto al decano de la Facultad de Medicina, Antonio Vukusich.<\/em><\/sup><\/figcaption><\/figure>\n\n\n\n<p><br><strong>Cuando el Colegio M\u00e9dico reconoci\u00f3 a los mejores egresados de las facultades de Medicina del pa\u00eds, la <a href=\"https:\/\/www.uandes.cl\/noticias\/andrea-carrillo-emperanza-med22-fue-la-mejor-egresada-de-medicina-de-chile-en-2022\/\" target=\"_blank\" rel=\"noreferrer noopener\">Dra. Carrillo obtuvo el Premio de Honor<\/a>, al resaltar por sus atributos acad\u00e9micos, profesionales y humanos. <\/strong>\u201cMe tom\u00f3 por sorpresa ser reconocida por una instituci\u00f3n de tanta importancia y trayectoria\u201d, asegur\u00f3 agradecida. \u201cEsto es un reconocimiento que no solo recae sobre m\u00ed, sino sobre muchas personas que me han acompa\u00f1ado en mi formaci\u00f3n. Mi familia y amigos, cuyo apoyo, paciencia y cari\u00f1o permitieron mi estudio; el equipo de la Universidad de los Andes, su dedicaci\u00f3n y profesionalismo; mis compa\u00f1eros, con quienes compart\u00ed en distintas instancias de servicio social en la carrera; y, por supuesto, mis pacientes, quienes confiaron en m\u00ed y me permitieron aprender de ellos.\u201d <strong>Luego de ejercer como docente de Pediatr\u00eda en la UANDES en 2023, fue aceptada para hacer su residencia en Espa\u00f1a.<\/strong> Gracias a su excelente examen en la convocatoria de M\u00e9dico Interno Residente (MIR) 2024, se convirti\u00f3 en la <strong><a href=\"https:\/\/www.consalud.es\/formacion\/mir\/mejpr-mir-psiquiatria-infantil-vuelve-elegir-maranon_142507_102.html\" target=\"_blank\" rel=\"noreferrer noopener\">mejor aspirante a la beca<\/a> de Psiquiatr\u00eda Infantil y de la Adolescencia<\/strong> en el <a href=\"https:\/\/www.comunidad.madrid\/hospital\/gregoriomaranon\/\">Hospital General Universitario Gregorio Mara\u00f1\u00f3n<\/a> en Madrid.<\/p>\n\n\n\n<div style=\"height:35px\" aria-hidden=\"true\" class=\"wp-block-spacer\"><\/div>\n\n\n\n<hr class=\"wp-block-separator has-text-color has-alpha-channel-opacity has-background\" style=\"background-color:#e00e17;color:#e00e17\"\/>\n\n\n\n<div style=\"height:35px\" aria-hidden=\"true\" class=\"wp-block-spacer\"><\/div>\n\n\n\n<h2 class=\"wp-block-heading has-black-color has-text-color has-link-color wp-elements-3248a9a4daf61df2da90adb619eb5c94\"><strong>Doctorado en Derecho 2016<\/strong><br><strong><mark style=\"background-color:rgba(0, 0, 0, 0);color:#e00e17\" class=\"has-inline-color\">Marcela Peredo Rojas<\/mark><\/strong><\/h2>\n\n\n\n<p><em>Ministra del Tribunal Constitucional<\/em><\/p>\n\n\n\n<figure class=\"wp-block-image size-large\"><img loading=\"lazy\" decoding=\"async\" width=\"1024\" height=\"682\" src=\"https:\/\/revistacampus.uandes.cl\/2024\/wp-content\/uploads\/2024\/09\/Marcela-Peredo-1-1024x682.jpg\" alt=\"\" class=\"wp-image-1525\" style=\"aspect-ratio:16\/9;object-fit:cover\" srcset=\"https:\/\/revistacampus.uandes.cl\/2024\/wp-content\/uploads\/2024\/09\/Marcela-Peredo-1-1024x682.jpg 1024w, https:\/\/revistacampus.uandes.cl\/2024\/wp-content\/uploads\/2024\/09\/Marcela-Peredo-1-300x200.jpg 300w, https:\/\/revistacampus.uandes.cl\/2024\/wp-content\/uploads\/2024\/09\/Marcela-Peredo-1-768x512.jpg 768w, https:\/\/revistacampus.uandes.cl\/2024\/wp-content\/uploads\/2024\/09\/Marcela-Peredo-1-1536x1024.jpg 1536w, https:\/\/revistacampus.uandes.cl\/2024\/wp-content\/uploads\/2024\/09\/Marcela-Peredo-1.jpg 2000w\" sizes=\"(max-width: 1024px) 100vw, 1024px\" \/><\/figure>\n\n\n\n<p><br>Despu\u00e9s de <strong><a href=\"https:\/\/revistacampus.uandes.cl\/2023\/jaime-arancibia-y-marcela-peredo\/\" target=\"_blank\" rel=\"noreferrer noopener\">participar en la Comisi\u00f3n Experta<\/a> del \u00faltimo <a href=\"https:\/\/www.procesoconstitucional.cl\/comision-experta\/\" target=\"_blank\" rel=\"noreferrer noopener\">Proceso Constitucional<\/a><\/strong>, en la <em>subcomisi\u00f3n de Principios, Derechos Civiles y Pol\u00edticos<\/em>, la abogada <strong>fue propuesta por la C\u00e1mara de Diputadas y Diputados para <a href=\"https:\/\/www2.tribunalconstitucional.cl\/integracion-actual\/\" target=\"_blank\" rel=\"noreferrer noopener\">integrar el Tribunal Constitucional de Chile<\/a> y ratificada por el Senado para ser uno de sus 10 miembros<\/strong>, hasta enero de 2033. La doctora en Derecho fue tambi\u00e9n profesora de la carrera en nuestra casa de estudios e investigadora del <strong>Observatorio Constitucional <a href=\"https:\/\/www.uandes.cl\/polis\/\">POLIS UANDES<\/a><\/strong>. Marcela es mag\u00edster en Derecho P\u00fablico, con menci\u00f3n en Derecho Constitucional, y mag\u00edster en Investigaci\u00f3n Jur\u00eddica. Fue asesora jur\u00eddica del <strong>Ministerio de Justicia<\/strong>, abogada examinadora de marcas en el <strong>Ministerio de Econom\u00eda<\/strong> y profesora visitante en la <strong>Universidad de Notre Dame<\/strong> a trav\u00e9s del programa <em>Fulbright Visiting Fellow<\/em>.<\/p>\n\n\n\n<div style=\"height:36px\" aria-hidden=\"true\" class=\"wp-block-spacer\"><\/div>\n\n\n\n<hr class=\"wp-block-separator has-text-color has-alpha-channel-opacity has-background\" style=\"background-color:#e00e17;color:#e00e17\"\/>\n\n\n\n<div style=\"height:36px\" aria-hidden=\"true\" class=\"wp-block-spacer\"><\/div>\n\n\n\n<h2 class=\"wp-block-heading has-black-color has-text-color has-link-color wp-elements-82005161c2e0d8a4cd4d83d935ad8096\"><strong>Administraci\u00f3n de Servicios 2020<\/strong><br><strong><mark style=\"background-color:rgba(0, 0, 0, 0);color:#e00e17\" class=\"has-inline-color\">Nicoletta Gennaro Espinosa<\/mark><\/strong><\/h2>\n\n\n\n<p><em>Premio \u201cWomen in Mobility\u201d en Londres<\/em><\/p>\n\n\n\n<figure class=\"wp-block-image size-large\"><img loading=\"lazy\" decoding=\"async\" width=\"1024\" height=\"682\" src=\"https:\/\/revistacampus.uandes.cl\/2024\/wp-content\/uploads\/2024\/09\/Nicoletta-Gennaro-ok-1024x682.jpg\" alt=\"\" class=\"wp-image-1526\" style=\"aspect-ratio:16\/9;object-fit:cover\" srcset=\"https:\/\/revistacampus.uandes.cl\/2024\/wp-content\/uploads\/2024\/09\/Nicoletta-Gennaro-ok-1024x682.jpg 1024w, https:\/\/revistacampus.uandes.cl\/2024\/wp-content\/uploads\/2024\/09\/Nicoletta-Gennaro-ok-300x200.jpg 300w, https:\/\/revistacampus.uandes.cl\/2024\/wp-content\/uploads\/2024\/09\/Nicoletta-Gennaro-ok-768x512.jpg 768w, https:\/\/revistacampus.uandes.cl\/2024\/wp-content\/uploads\/2024\/09\/Nicoletta-Gennaro-ok-1536x1024.jpg 1536w, https:\/\/revistacampus.uandes.cl\/2024\/wp-content\/uploads\/2024\/09\/Nicoletta-Gennaro-ok.jpg 2000w\" sizes=\"(max-width: 1024px) 100vw, 1024px\" \/><\/figure>\n\n\n\n<p><br>El <strong>centro de convenciones ExCel de Londres<\/strong> congreg\u00f3 a l\u00edderes de la industria del transporte para celebrar la r<strong>econocida conferencia <a href=\"https:\/\/www.movecongress.com\/\" target=\"_blank\" rel=\"noreferrer noopener\">MOVE 2023<\/a>, donde se entreg\u00f3, por primera vez, un reconocimiento a las mujeres sobresalientes del \u00e1rea. El <a href=\"https:\/\/www.uandes.cl\/noticias\/nicoletta-gennaro-ads-premio-women-mobility-feria-transporte-londres\/\" target=\"_blank\" rel=\"noreferrer noopener\">premio recay\u00f3 en la directora<\/a> de marketing del Grupo Ascendal<\/strong>, quien ha desarrollado su carrera profesional en Chile, Hong Kong e Inglaterra. \u201cCasi de inmediato, me enamor\u00e9 de la movilidad y de las infinitas posibilidades que presentaba. Me enamor\u00e9 del impacto positivo que mi trabajo podr\u00eda tener y de la plataforma que me proporcion\u00f3\u201d, destac\u00f3 Nicoletta sobre su trayectoria en la industria de la movilidad. \u201cEs f\u00e1cil quererla, porque <strong>cuando hablamos de movilidad, nos referimos a algo m\u00e1s que simplemente transporte f\u00edsico; hablamos de movilidad econ\u00f3mica, empoderamiento, acceso a la educaci\u00f3n y la libertad de tomar decisiones<\/strong> que dan forma a nuestros propios destinos\u201d, agreg\u00f3 la miembro fundador del <a href=\"https:\/\/www.ascendalgroup.com\/\" target=\"_blank\" rel=\"noreferrer noopener\">Grupo Ascendal<\/a>, cuyo objetivo es implementar soluciones para lograr cambios en c\u00f3mo se percibe, acepta y entrega el transporte p\u00fablico.<\/p>\n\n\n\n<div style=\"height:39px\" aria-hidden=\"true\" class=\"wp-block-spacer\"><\/div>\n\n\n\n<hr class=\"wp-block-separator has-text-color has-alpha-channel-opacity has-background\" style=\"background-color:#e00e17;color:#e00e17\"\/>\n\n\n\n<div style=\"height:39px\" aria-hidden=\"true\" class=\"wp-block-spacer\"><\/div>\n\n\n\n<h2 class=\"wp-block-heading has-black-color has-text-color has-link-color wp-elements-a79da0d45902d1fb9420914d7e172aa0\"><strong>Enfermer\u00eda 2022<\/strong><br><strong><mark style=\"background-color:rgba(0, 0, 0, 0);color:#e00e17\" class=\"has-inline-color\">Cinco enfermeras UANDES<\/mark><\/strong><\/h2>\n\n\n\n<p><em>Voluntarias en hospital de Nairobi, Kenia<\/em><\/p>\n\n\n\n<figure class=\"wp-block-image size-large\"><img loading=\"lazy\" decoding=\"async\" width=\"1024\" height=\"780\" src=\"https:\/\/revistacampus.uandes.cl\/2024\/wp-content\/uploads\/2024\/09\/5-enfermeras-UANDES-2-1-1024x780.jpg\" alt=\"\" class=\"wp-image-1528\" style=\"aspect-ratio:16\/9;object-fit:cover\" srcset=\"https:\/\/revistacampus.uandes.cl\/2024\/wp-content\/uploads\/2024\/09\/5-enfermeras-UANDES-2-1-1024x780.jpg 1024w, https:\/\/revistacampus.uandes.cl\/2024\/wp-content\/uploads\/2024\/09\/5-enfermeras-UANDES-2-1-300x228.jpg 300w, https:\/\/revistacampus.uandes.cl\/2024\/wp-content\/uploads\/2024\/09\/5-enfermeras-UANDES-2-1-768x585.jpg 768w, https:\/\/revistacampus.uandes.cl\/2024\/wp-content\/uploads\/2024\/09\/5-enfermeras-UANDES-2-1.jpg 1500w\" sizes=\"(max-width: 1024px) 100vw, 1024px\" \/><\/figure>\n\n\n\n<p><br><strong>Jacinta Vial, Josefina Pozo, Natalia Villaroel, Anne Marie Teuber e Isidora Kaplan<\/strong> <a href=\"https:\/\/www.uandes.cl\/noticias\/alumni-de-enfermeria-realizan-voluntariado-en-hospital-de-nairobi-kenya\/\" target=\"_blank\" rel=\"noreferrer noopener\">viajaron a \u00c1frica para realizar un voluntariado<\/a> en el <a href=\"https:\/\/daktariafrica.com\/hospital\/55\" target=\"_blank\" rel=\"noreferrer noopener\"><em>Tigoni District Hospital<\/em><\/a>, en el municipio de Limuru, entre junio y septiembre de 2023. \u201cComo enfermeras hemos aportado en todo lo que es realizar curaciones, administrar medicamentos, acompa\u00f1ar a las madres durante el trabajo de parto y hacernos cargo del reci\u00e9n nacido, aseo y confort de los pacientes, toma de signos vitales, vacunaci\u00f3n, asistencia durante ces\u00e1reas, entre otras\u201d, cuenta <strong>Jacinta Vial<\/strong>. \u201cHa sido una tremenda experiencia, enriquecedora tanto en el \u00e1mbito personal como en el profesional. Hemos podido empoderarnos en nuestro rol de enfermeras, d\u00e1ndonos cuenta de todo lo que somos capaces de hacer y c\u00f3mo nos hemos logrado adaptar a las distintas situaciones\u201d, afirma quien <strong>hoy se desempe\u00f1a como enfermera pedi\u00e1trica en el Hospital Luis Calvo Mackenna. Sus amigas Isidora y Anne Marie actualmente ejercen como enfermeras en <a href=\"http:\/\/www.clinicauandes.cl\" target=\"_blank\" rel=\"noreferrer noopener\">Cl\u00ednica UANDES<\/a>; Natalia, en la Cl\u00ednica UC Christus; y Josefina, en el CESFAM de Lo Barnechea<\/strong>.<\/p>\n\n\n\n<div style=\"height:39px\" aria-hidden=\"true\" class=\"wp-block-spacer\"><\/div>\n\n\n\n<hr class=\"wp-block-separator has-text-color has-alpha-channel-opacity has-background\" style=\"background-color:#e00e17;color:#e00e17\"\/>\n\n\n\n<div style=\"height:39px\" aria-hidden=\"true\" class=\"wp-block-spacer\"><\/div>\n\n\n\n<h2 class=\"wp-block-heading has-black-color has-text-color has-link-color wp-elements-9da74105bb00e8b73ed60ee9091c06ce\"><strong>Derecho 1994 | Ingenier\u00eda Comercial 1996<\/strong><br><strong><mark style=\"background-color:rgba(0, 0, 0, 0);color:#e00e17\" class=\"has-inline-color\">Macarena Cubillos y Sebasti\u00e1n Fern\u00e1ndez<\/mark><\/strong><\/h2>\n\n\n\n<p><em>Primeros alumniUANDES en el Directorio de la Asociaci\u00f3n de Amigos<\/em><\/p>\n\n\n\n<div class=\"wp-block-columns is-layout-flex wp-container-core-columns-is-layout-9d6595d7 wp-block-columns-is-layout-flex\">\n<div class=\"wp-block-column is-layout-flow wp-block-column-is-layout-flow\" style=\"flex-basis:50%\">\n<figure class=\"wp-block-image size-large\"><img loading=\"lazy\" decoding=\"async\" width=\"681\" height=\"1024\" src=\"https:\/\/revistacampus.uandes.cl\/2024\/wp-content\/uploads\/2024\/09\/Macarena-Cubillos-2-681x1024.jpg\" alt=\"\" class=\"wp-image-1529\" style=\"aspect-ratio:1;object-fit:cover\" srcset=\"https:\/\/revistacampus.uandes.cl\/2024\/wp-content\/uploads\/2024\/09\/Macarena-Cubillos-2-681x1024.jpg 681w, https:\/\/revistacampus.uandes.cl\/2024\/wp-content\/uploads\/2024\/09\/Macarena-Cubillos-2-200x300.jpg 200w, https:\/\/revistacampus.uandes.cl\/2024\/wp-content\/uploads\/2024\/09\/Macarena-Cubillos-2-768x1154.jpg 768w, https:\/\/revistacampus.uandes.cl\/2024\/wp-content\/uploads\/2024\/09\/Macarena-Cubillos-2-1022x1536.jpg 1022w, https:\/\/revistacampus.uandes.cl\/2024\/wp-content\/uploads\/2024\/09\/Macarena-Cubillos-2.jpg 1331w\" sizes=\"(max-width: 681px) 100vw, 681px\" \/><\/figure>\n<\/div>\n\n\n\n<div class=\"wp-block-column is-layout-flow wp-block-column-is-layout-flow\" style=\"flex-basis:50%\">\n<figure class=\"wp-block-image size-large\"><img loading=\"lazy\" decoding=\"async\" width=\"681\" height=\"1024\" src=\"https:\/\/revistacampus.uandes.cl\/2024\/wp-content\/uploads\/2024\/09\/Sebastian-Fernandez-1-681x1024.jpg\" alt=\"\" class=\"wp-image-1530\" style=\"aspect-ratio:1;object-fit:cover\" srcset=\"https:\/\/revistacampus.uandes.cl\/2024\/wp-content\/uploads\/2024\/09\/Sebastian-Fernandez-1-681x1024.jpg 681w, https:\/\/revistacampus.uandes.cl\/2024\/wp-content\/uploads\/2024\/09\/Sebastian-Fernandez-1-200x300.jpg 200w, https:\/\/revistacampus.uandes.cl\/2024\/wp-content\/uploads\/2024\/09\/Sebastian-Fernandez-1-768x1154.jpg 768w, https:\/\/revistacampus.uandes.cl\/2024\/wp-content\/uploads\/2024\/09\/Sebastian-Fernandez-1-1022x1536.jpg 1022w, https:\/\/revistacampus.uandes.cl\/2024\/wp-content\/uploads\/2024\/09\/Sebastian-Fernandez-1.jpg 1331w\" sizes=\"(max-width: 681px) 100vw, 681px\" \/><\/figure>\n<\/div>\n<\/div>\n\n\n\n<p><strong>Macarena, egresada de la primera generaci\u00f3n de Derecho<\/strong>, se convirti\u00f3 en la primera alumniUANDES en integrar el <a href=\"https:\/\/www.uandes.cl\/filantropia-y-donaciones\/nosotros\/#AAA\" target=\"_blank\" rel=\"noreferrer noopener\">directorio de la Asociaci\u00f3n de Amigos de la Universidad de los Andes<\/a>, junto con <strong>Sebasti\u00e1n Fern\u00e1ndez, egresado de la primera generaci\u00f3n de Ingenier\u00eda Comercial<\/strong>. \u201cSer iniciadora del alumnado de la UANDES y haber sido escogida este a\u00f1o como parte del Directorio es un honor entra\u00f1able. Hay mucho que agradecer para servir\u201d, asegura la abogada independiente. \u201cEs una oportunidad \u00fanica de seguir formando parte de un proyecto destinado a hacer un mejor Chile y a brindar oportunidades de desarrollo a todas las personas\u201d, complementa Sebasti\u00e1n, gerente general de <em>Conexi\u00f3n Energ\u00eda<\/em>. La Asociaci\u00f3n de Amigos existe desde los inicios de la UANDES y est\u00e1 compuesta por <strong>personas que creen que la mejor manera de contribuir al progreso del pa\u00eds es dar apoyo a la educaci\u00f3n de excelencia y a proyectos de investigaci\u00f3n que impacten positivamente a Chile<\/strong>.<img loading=\"lazy\" decoding=\"async\" width=\"15\" height=\"15\" class=\"wp-image-402\" style=\"width: 15px;\" src=\"https:\/\/revistacampus.uandes.cl\/2024\/wp-content\/uploads\/2024\/08\/VE-POR-MAS.png\" alt=\"\" srcset=\"https:\/\/revistacampus.uandes.cl\/2024\/wp-content\/uploads\/2024\/08\/VE-POR-MAS.png 250w, https:\/\/revistacampus.uandes.cl\/2024\/wp-content\/uploads\/2024\/08\/VE-POR-MAS-150x150.png 150w\" sizes=\"(max-width: 15px) 100vw, 15px\" \/><\/p>\n\n\n\n<p><\/p>\n","protected":false},"excerpt":{"rendered":"<p>Nuestros egresados han sido reconocidos en Chile y el mundo, por su aporte profesional y humano en diversos \u00e1mbitos. Por Francisca Brahm Garc\u00eda Derecho 2013Constanza Safatle Ferrari Integraci\u00f3n de mujeres inmigrantes en Canad\u00e1 El ministro de Inmigraci\u00f3n de Canad\u00e1, el ministro de Inmigraci\u00f3n provincial y el Premier Provincial anunciaron una enmienda a la Ley de [&hellip;]<\/p>\n","protected":false},"author":1,"featured_media":1755,"comment_status":"open","ping_status":"open","sticky":false,"template":"","format":"standard","meta":{"footnotes":""},"categories":[41,10,1],"tags":[],"class_list":["post-1514","post","type-post","status-publish","format-standard","has-post-thumbnail","hentry","category-estudiantes-uandes","category-estudiantes","category-sin-categoria"],"_links":{"self":[{"href":"https:\/\/revistacampus.uandes.cl\/2024\/wp-json\/wp\/v2\/posts\/1514","targetHints":{"allow":["GET"]}}],"collection":[{"href":"https:\/\/revistacampus.uandes.cl\/2024\/wp-json\/wp\/v2\/posts"}],"about":[{"href":"https:\/\/revistacampus.uandes.cl\/2024\/wp-json\/wp\/v2\/types\/post"}],"author":[{"embeddable":true,"href":"https:\/\/revistacampus.uandes.cl\/2024\/wp-json\/wp\/v2\/users\/1"}],"replies":[{"embeddable":true,"href":"https:\/\/revistacampus.uandes.cl\/2024\/wp-json\/wp\/v2\/comments?post=1514"}],"version-history":[{"count":43,"href":"https:\/\/revistacampus.uandes.cl\/2024\/wp-json\/wp\/v2\/posts\/1514\/revisions"}],"predecessor-version":[{"id":2146,"href":"https:\/\/revistacampus.uandes.cl\/2024\/wp-json\/wp\/v2\/posts\/1514\/revisions\/2146"}],"wp:featuredmedia":[{"embeddable":true,"href":"https:\/\/revistacampus.uandes.cl\/2024\/wp-json\/wp\/v2\/media\/1755"}],"wp:attachment":[{"href":"https:\/\/revistacampus.uandes.cl\/2024\/wp-json\/wp\/v2\/media?parent=1514"}],"wp:term":[{"taxonomy":"category","embeddable":true,"href":"https:\/\/revistacampus.uandes.cl\/2024\/wp-json\/wp\/v2\/categories?post=1514"},{"taxonomy":"post_tag","embeddable":true,"href":"https:\/\/revistacampus.uandes.cl\/2024\/wp-json\/wp\/v2\/tags?post=1514"}],"curies":[{"name":"wp","href":"https:\/\/api.w.org\/{rel}","templated":true}]}}