{"id":1464,"date":"2024-09-02T12:45:36","date_gmt":"2024-09-02T15:45:36","guid":{"rendered":"https:\/\/revistacampus.uandes.cl\/2024\/?p=1464"},"modified":"2024-09-06T12:47:53","modified_gmt":"2024-09-06T15:47:53","slug":"destacados-investigacion","status":"publish","type":"post","link":"https:\/\/revistacampus.uandes.cl\/2024\/destacados-investigacion\/","title":{"rendered":"Destacados Investigaci\u00f3n"},"content":{"rendered":"\n<p class=\"has-background\" style=\"background-color:#e3e3e3\"><img decoding=\"async\" width=\"60\" height=\"60\" class=\"wp-image-402\" style=\"width: 60px;\" src=\"https:\/\/revistacampus.uandes.cl\/2024\/wp-content\/uploads\/2024\/08\/VE-POR-MAS.png\" alt=\"\" srcset=\"https:\/\/revistacampus.uandes.cl\/2024\/wp-content\/uploads\/2024\/08\/VE-POR-MAS.png 250w, https:\/\/revistacampus.uandes.cl\/2024\/wp-content\/uploads\/2024\/08\/VE-POR-MAS-150x150.png 150w\" sizes=\"(max-width: 60px) 100vw, 60px\" \/><br>Por Francisca Brahm Garc\u00eda<\/p>\n\n\n\n<div style=\"height:36px\" aria-hidden=\"true\" class=\"wp-block-spacer\"><\/div>\n\n\n\n<div class=\"wp-block-columns is-layout-flex wp-container-core-columns-is-layout-9d6595d7 wp-block-columns-is-layout-flex\">\n<div class=\"wp-block-column is-layout-flow wp-block-column-is-layout-flow\" style=\"flex-basis:50%\">\n<h2 class=\"wp-block-heading\">Compromiso con la investigaci\u00f3n de vanguardia<\/h2>\n\n\n\n<p><strong>19 investigadores se adjudicaron un <a href=\"https:\/\/www.uandes.cl\/noticias\/uandes-logra-exitosa-tasa-de-adjudicacion-en-postulacion-de-fondecyt-regular\/\" target=\"_blank\" rel=\"noreferrer noopener\">Fondecyt Regular 2024<\/a><\/strong>, mostrando una notable alza en esta convocatoria de ANID. Con un 45,2%, <strong>la tasa de adjudicaci\u00f3n UANDES ha ido en aumento y ha superado consistentemente la tasa nacional <\/strong>promedio de 34% durante los \u00faltimos cinco a\u00f1os. Nuestros acad\u00e9micos aportan as\u00ed a la investigaci\u00f3n cient\u00edfico-tecnol\u00f3gica de excelencia en diversas \u00e1reas del conocimiento, seguidos por nuestros investigadores j\u00f3venes, que se adjudicaron cuatro proyectos en el \u00faltimo <strong>concurso de Iniciaci\u00f3n<\/strong>. Adem\u00e1s, sumamos a cuatro nuevos profesionales gracias a la <strong>convocatoria para Postdoctorado<\/strong>. (<a href=\"https:\/\/www.uandes.cl\/noticias\/resultados-de-adjudicacion-de-concursos-fondecyt-2024\/\" target=\"_blank\" rel=\"noreferrer noopener\">Ver resultados Iniciaci\u00f3n y Postdoctorado<\/a>)<\/p>\n<\/div>\n\n\n\n<div class=\"wp-block-column is-layout-flow wp-block-column-is-layout-flow\" style=\"flex-basis:50%\">\n<div style=\"height:60px\" aria-hidden=\"true\" class=\"wp-block-spacer\"><\/div>\n\n\n\n<figure class=\"wp-block-image size-full is-resized\"><img fetchpriority=\"high\" decoding=\"async\" width=\"1024\" height=\"512\" src=\"https:\/\/revistacampus.uandes.cl\/2024\/wp-content\/uploads\/2024\/09\/UANDES.png\" alt=\"\" class=\"wp-image-1465\" style=\"aspect-ratio:1.3333333333333333;object-fit:cover;width:416px;height:auto\" srcset=\"https:\/\/revistacampus.uandes.cl\/2024\/wp-content\/uploads\/2024\/09\/UANDES.png 1024w, https:\/\/revistacampus.uandes.cl\/2024\/wp-content\/uploads\/2024\/09\/UANDES-300x150.png 300w, https:\/\/revistacampus.uandes.cl\/2024\/wp-content\/uploads\/2024\/09\/UANDES-768x384.png 768w\" sizes=\"(max-width: 1024px) 100vw, 1024px\" \/><\/figure>\n<\/div>\n<\/div>\n\n\n\n<div style=\"height:38px\" aria-hidden=\"true\" class=\"wp-block-spacer\"><\/div>\n\n\n\n<hr class=\"wp-block-separator has-text-color has-alpha-channel-opacity has-background\" style=\"background-color:#e00e17;color:#e00e17\"\/>\n\n\n\n<div style=\"height:38px\" aria-hidden=\"true\" class=\"wp-block-spacer\"><\/div>\n\n\n\n<h2 class=\"wp-block-heading\">El valor de la trayectoria<\/h2>\n\n\n\n<div class=\"wp-block-columns is-layout-flex wp-container-core-columns-is-layout-9d6595d7 wp-block-columns-is-layout-flex\">\n<div class=\"wp-block-column is-layout-flow wp-block-column-is-layout-flow\">\n<figure class=\"wp-block-image size-large\"><img decoding=\"async\" width=\"1024\" height=\"1024\" src=\"https:\/\/revistacampus.uandes.cl\/2024\/wp-content\/uploads\/2024\/09\/62_5_-ai-brush-removebg-wgqygne9-1024x1024.png\" alt=\"\" class=\"wp-image-1466\" srcset=\"https:\/\/revistacampus.uandes.cl\/2024\/wp-content\/uploads\/2024\/09\/62_5_-ai-brush-removebg-wgqygne9-1024x1024.png 1024w, https:\/\/revistacampus.uandes.cl\/2024\/wp-content\/uploads\/2024\/09\/62_5_-ai-brush-removebg-wgqygne9-300x300.png 300w, https:\/\/revistacampus.uandes.cl\/2024\/wp-content\/uploads\/2024\/09\/62_5_-ai-brush-removebg-wgqygne9-150x150.png 150w, https:\/\/revistacampus.uandes.cl\/2024\/wp-content\/uploads\/2024\/09\/62_5_-ai-brush-removebg-wgqygne9-768x768.png 768w, https:\/\/revistacampus.uandes.cl\/2024\/wp-content\/uploads\/2024\/09\/62_5_-ai-brush-removebg-wgqygne9.png 1080w\" sizes=\"(max-width: 1024px) 100vw, 1024px\" \/><\/figure>\n<\/div>\n\n\n\n<div class=\"wp-block-column is-layout-flow wp-block-column-is-layout-flow\">\n<figure class=\"wp-block-image size-large\"><img loading=\"lazy\" decoding=\"async\" width=\"1024\" height=\"1024\" src=\"https:\/\/revistacampus.uandes.cl\/2024\/wp-content\/uploads\/2024\/09\/62_5___1_-ai-brush-removebg-fqz75kig-1024x1024.png\" alt=\"\" class=\"wp-image-1467\" srcset=\"https:\/\/revistacampus.uandes.cl\/2024\/wp-content\/uploads\/2024\/09\/62_5___1_-ai-brush-removebg-fqz75kig-1024x1024.png 1024w, https:\/\/revistacampus.uandes.cl\/2024\/wp-content\/uploads\/2024\/09\/62_5___1_-ai-brush-removebg-fqz75kig-300x300.png 300w, https:\/\/revistacampus.uandes.cl\/2024\/wp-content\/uploads\/2024\/09\/62_5___1_-ai-brush-removebg-fqz75kig-150x150.png 150w, https:\/\/revistacampus.uandes.cl\/2024\/wp-content\/uploads\/2024\/09\/62_5___1_-ai-brush-removebg-fqz75kig-768x768.png 768w, https:\/\/revistacampus.uandes.cl\/2024\/wp-content\/uploads\/2024\/09\/62_5___1_-ai-brush-removebg-fqz75kig.png 1080w\" sizes=\"(max-width: 1024px) 100vw, 1024px\" \/><\/figure>\n<\/div>\n\n\n\n<div class=\"wp-block-column is-layout-flow wp-block-column-is-layout-flow\">\n<figure class=\"wp-block-image size-large\"><img loading=\"lazy\" decoding=\"async\" width=\"1024\" height=\"1024\" src=\"https:\/\/revistacampus.uandes.cl\/2024\/wp-content\/uploads\/2024\/09\/62_5___2_-ai-brush-removebg-tu3ltpum-1024x1024.png\" alt=\"\" class=\"wp-image-1468\" srcset=\"https:\/\/revistacampus.uandes.cl\/2024\/wp-content\/uploads\/2024\/09\/62_5___2_-ai-brush-removebg-tu3ltpum-1024x1024.png 1024w, https:\/\/revistacampus.uandes.cl\/2024\/wp-content\/uploads\/2024\/09\/62_5___2_-ai-brush-removebg-tu3ltpum-300x300.png 300w, https:\/\/revistacampus.uandes.cl\/2024\/wp-content\/uploads\/2024\/09\/62_5___2_-ai-brush-removebg-tu3ltpum-150x150.png 150w, https:\/\/revistacampus.uandes.cl\/2024\/wp-content\/uploads\/2024\/09\/62_5___2_-ai-brush-removebg-tu3ltpum-768x768.png 768w, https:\/\/revistacampus.uandes.cl\/2024\/wp-content\/uploads\/2024\/09\/62_5___2_-ai-brush-removebg-tu3ltpum.png 1080w\" sizes=\"(max-width: 1024px) 100vw, 1024px\" \/><\/figure>\n<\/div>\n<\/div>\n\n\n\n<p>Los profesores <a href=\"https:\/\/www.uandes.cl\/personas\/fernando-figueroa-elizalde-2\/\" target=\"_blank\" rel=\"noreferrer noopener\"><strong>Fernando Figueroa<\/strong><\/a>, <strong><a href=\"https:\/\/www.uandes.cl\/personas\/maria-ignacia-vial-undurraga\/\" target=\"_blank\" rel=\"noreferrer noopener\">Ignacia Vial<\/a><\/strong> y <strong><a href=\"https:\/\/www.uandes.cl\/personas\/alejandro-vigo-pacheco\/\" target=\"_blank\" rel=\"noreferrer noopener\">Alejandro Vigo<\/a><\/strong> son un ejemplo del reconocimiento que reciben los acad\u00e9micos UANDES por su aporte cient\u00edfico. El <strong>Dr. Figueroa se incorpor\u00f3 como miembro honorario a la Academia Chilena de Medicina<\/strong> (<a href=\"https:\/\/www.uandes.cl\/noticias\/dr-fernando-figueroa-elizalde-se-incorpora-a-la-academia-chilena-de-medicina\/\">ver m\u00e1s<\/a>), convirti\u00e9ndose en el primer representante UANDES en esta Academia del Instituto de Chile. La <strong>profesora Vial fue la primera chilena elegida<\/strong> como miembro del Consejo de Gobierno (2024-2028) del Instituto Internacional para la Unificaci\u00f3n del Derecho Privado (<a href=\"https:\/\/www.unidroit.org\/\" target=\"_blank\" rel=\"noreferrer noopener\">UNIDROIT<\/a>) (<a href=\"https:\/\/www.uandes.cl\/noticias\/chile-integra-por-primera-vez-el-consejo-de-unidroit-con-la-eleccion-de-maria-ignacia-vial-como-miembro\/\" target=\"_blank\" rel=\"noreferrer noopener\">ver m\u00e1s<\/a>). Y el <strong>acad\u00e9mico de Filosof\u00eda recibi\u00f3 el Premio Franco Volpi<\/strong>, en Argentina (<a href=\"https:\/\/www.uandes.cl\/noticias\/alejandro-vigo-es-distinguido-con-el-premio-internacional-franco-volpi\/\" target=\"_blank\" rel=\"noreferrer noopener\">ver m\u00e1s<\/a>), <strong>y el libro homenaje<\/strong> \u201cMetaf\u00edsica de la vida, homenaje a Alejandro Vigo\u201d, en M\u00e9xico (<a href=\"https:\/\/www.uandes.cl\/noticias\/alejandro-vigo-recibe-reconocimiento-y-publican-libro-en-su-honor-en-mexico\/\" target=\"_blank\" rel=\"noreferrer noopener\">ver m\u00e1s<\/a>).<\/p>\n\n\n\n<div style=\"height:45px\" aria-hidden=\"true\" class=\"wp-block-spacer\"><\/div>\n\n\n\n<hr class=\"wp-block-separator has-text-color has-alpha-channel-opacity has-background\" style=\"background-color:#e00e17;color:#e00e17\"\/>\n\n\n\n<div style=\"height:38px\" aria-hidden=\"true\" class=\"wp-block-spacer\"><\/div>\n\n\n\n<div class=\"wp-block-columns is-layout-flex wp-container-core-columns-is-layout-9d6595d7 wp-block-columns-is-layout-flex\">\n<div class=\"wp-block-column is-layout-flow wp-block-column-is-layout-flow\">\n<h2 class=\"wp-block-heading\">Avances cient\u00edficos en Cl\u00ednica UANDES<\/h2>\n\n\n\n<p>Con 34 servicios cl\u00ednicos en investigaci\u00f3n, 65 proyectos de investigaci\u00f3n o difusi\u00f3n cient\u00edfica presentados y 66 publicaciones en revistas de impacto, 2023 demostr\u00f3 el <strong>exponencial crecimiento de la investigaci\u00f3n en nuestra cl\u00ednica universitaria<\/strong>, coordinada por la <strong>Unidad de Docencia, Investigaci\u00f3n y Desarrollo Profesional (<a href=\"https:\/\/www.clinicauandes.cl\/docencia-investigacion-extension-cientifica\" target=\"_blank\" rel=\"noreferrer noopener\">DIDeP<\/a>)<\/strong>. Una de las razones es el fomento de estudios semilla ejecutados por investigadores incipientes y estudiantes, para adquirir experiencia. Sus efectos se observan hoy en el aumento de los estudios con dise\u00f1os m\u00e1s complejos, que atraen financiamiento p\u00fablico y privado, con el objetivo de mejorar la calidad de vida de las personas.<\/p>\n<\/div>\n\n\n\n<div class=\"wp-block-column is-vertically-aligned-center is-layout-flow wp-block-column-is-layout-flow\">\n<figure class=\"wp-block-image size-large is-resized\"><img loading=\"lazy\" decoding=\"async\" width=\"1024\" height=\"681\" src=\"https:\/\/revistacampus.uandes.cl\/2024\/wp-content\/uploads\/2024\/09\/Avances-cientificos-en-Clinica-UANDES-1024x681.jpg\" alt=\"\" class=\"wp-image-1469\" style=\"width:516px;height:auto\" srcset=\"https:\/\/revistacampus.uandes.cl\/2024\/wp-content\/uploads\/2024\/09\/Avances-cientificos-en-Clinica-UANDES-1024x681.jpg 1024w, https:\/\/revistacampus.uandes.cl\/2024\/wp-content\/uploads\/2024\/09\/Avances-cientificos-en-Clinica-UANDES-300x200.jpg 300w, https:\/\/revistacampus.uandes.cl\/2024\/wp-content\/uploads\/2024\/09\/Avances-cientificos-en-Clinica-UANDES-768x511.jpg 768w, https:\/\/revistacampus.uandes.cl\/2024\/wp-content\/uploads\/2024\/09\/Avances-cientificos-en-Clinica-UANDES-1536x1022.jpg 1536w, https:\/\/revistacampus.uandes.cl\/2024\/wp-content\/uploads\/2024\/09\/Avances-cientificos-en-Clinica-UANDES.jpg 2000w\" sizes=\"(max-width: 1024px) 100vw, 1024px\" \/><\/figure>\n<\/div>\n<\/div>\n\n\n\n<div style=\"height:45px\" aria-hidden=\"true\" class=\"wp-block-spacer\"><\/div>\n\n\n\n<hr class=\"wp-block-separator has-text-color has-alpha-channel-opacity has-background\" style=\"background-color:#e00e17;color:#e00e17\"\/>\n\n\n\n<div style=\"height:45px\" aria-hidden=\"true\" class=\"wp-block-spacer\"><\/div>\n\n\n\n<div class=\"wp-block-columns is-layout-flex wp-container-core-columns-is-layout-9d6595d7 wp-block-columns-is-layout-flex\">\n<div class=\"wp-block-column is-layout-flow wp-block-column-is-layout-flow\" style=\"flex-basis:50%\">\n<figure class=\"wp-block-image size-large is-resized\"><img loading=\"lazy\" decoding=\"async\" width=\"820\" height=\"1024\" src=\"https:\/\/revistacampus.uandes.cl\/2024\/wp-content\/uploads\/2024\/09\/El-Proyecto-de-Constitucion-Explicado-820x1024.jpg\" alt=\"\" class=\"wp-image-1474\" style=\"width:378px;height:auto\" srcset=\"https:\/\/revistacampus.uandes.cl\/2024\/wp-content\/uploads\/2024\/09\/El-Proyecto-de-Constitucion-Explicado-820x1024.jpg 820w, https:\/\/revistacampus.uandes.cl\/2024\/wp-content\/uploads\/2024\/09\/El-Proyecto-de-Constitucion-Explicado-240x300.jpg 240w, https:\/\/revistacampus.uandes.cl\/2024\/wp-content\/uploads\/2024\/09\/El-Proyecto-de-Constitucion-Explicado-768x959.jpg 768w, https:\/\/revistacampus.uandes.cl\/2024\/wp-content\/uploads\/2024\/09\/El-Proyecto-de-Constitucion-Explicado-1230x1536.jpg 1230w, https:\/\/revistacampus.uandes.cl\/2024\/wp-content\/uploads\/2024\/09\/El-Proyecto-de-Constitucion-Explicado.jpg 1601w\" sizes=\"(max-width: 820px) 100vw, 820px\" \/><\/figure>\n<\/div>\n\n\n\n<div class=\"wp-block-column is-vertically-aligned-center is-layout-flow wp-block-column-is-layout-flow\" style=\"flex-basis:50%\">\n<h2 class=\"wp-block-heading\">El proyecto de Constituci\u00f3n explicado<\/h2>\n\n\n\n<p>Con el objetivo de aportar en la comprensi\u00f3n de la propuesta constitucional que se plebiscit\u00f3 en diciembre, <strong>el equipo de investigadores de <a href=\"https:\/\/www.uandes.cl\/polis\/\" target=\"_blank\" rel=\"noreferrer noopener\">POLIS<\/a>, Observatorio Constitucional UANDES, desarroll\u00f3 un an\u00e1lisis, cap\u00edtulo por cap\u00edtulo, del texto emanado del Consejo Constitucional<\/strong>. Las <a href=\"https:\/\/www.uandes.cl\/polis\/el-proyecto-de-constitucion-explicado\/\" target=\"_blank\" rel=\"noreferrer noopener\">17 gu\u00edas<\/a> se compartieron semanalmente a trav\u00e9s de la red de <strong>diarios regionales de El Mercurio<\/strong>. En cada publicaci\u00f3n, el lector acced\u00eda a los antecedentes m\u00e1s relevantes del proyecto, a las principales diferencias e innovaciones respecto de la Constituci\u00f3n vigente y a un c\u00f3digo QR para llegar a los art\u00edculos completos del cap\u00edtulo analizado.<\/p>\n<\/div>\n<\/div>\n\n\n\n<div style=\"height:45px\" aria-hidden=\"true\" class=\"wp-block-spacer\"><\/div>\n\n\n\n<hr class=\"wp-block-separator has-text-color has-alpha-channel-opacity has-background\" style=\"background-color:#e00e17;color:#e00e17\"\/>\n\n\n\n<div style=\"height:45px\" aria-hidden=\"true\" class=\"wp-block-spacer\"><\/div>\n\n\n\n<div class=\"wp-block-columns is-layout-flex wp-container-core-columns-is-layout-9d6595d7 wp-block-columns-is-layout-flex\">\n<div class=\"wp-block-column is-layout-flow wp-block-column-is-layout-flow\">\n<h2 class=\"wp-block-heading\">Jornada de investigaci\u00f3n y doctorado<\/h2>\n\n\n\n<p>Con la intenci\u00f3n de dar a conocer la oferta acad\u00e9mica de los doctorados y lo que significa estudiar un programa de esta naturaleza, <strong>la <a href=\"https:\/\/www.uandes.cl\/investigacion-y-doctorado\/\" target=\"_blank\" rel=\"noreferrer noopener\">Direcci\u00f3n de Investigaci\u00f3n y Doctorado<\/a> realiz\u00f3 este <a href=\"https:\/\/www.uandes.cl\/noticias\/primera-jornada-de-investigacion-y-doctorado\/\" target=\"_blank\" rel=\"noreferrer noopener\">primer evento<\/a><\/strong>, orientado a personas interesadas en abordar este desaf\u00edo acad\u00e9mico. Los asistentes pudieron conocer las l\u00edneas de investigaci\u00f3n y el sello propio de cada uno de los <strong><a href=\"https:\/\/www.uandes.cl\/investigacion-y-doctorado\/doctorados\/\" target=\"_blank\" rel=\"noreferrer noopener\">siete doctorados<\/a> \u2014Ingenier\u00eda, Derecho, Biomedicina, Comunicaciones, Odontolog\u00eda, Filosof\u00eda e Historia<\/strong>\u2014, as\u00ed como los criterios de admisi\u00f3n, becas, beneficios y claustro acad\u00e9mico.<\/p>\n<\/div>\n\n\n\n<div class=\"wp-block-column is-layout-flow wp-block-column-is-layout-flow\">\n<figure class=\"wp-block-image size-large is-resized\"><img loading=\"lazy\" decoding=\"async\" width=\"1024\" height=\"682\" src=\"https:\/\/revistacampus.uandes.cl\/2024\/wp-content\/uploads\/2024\/09\/Jornada-de-Investigacion-y-Doctorado-2-1024x682.jpg\" alt=\"\" class=\"wp-image-1480\" style=\"aspect-ratio:1;object-fit:cover;width:379px;height:auto\" srcset=\"https:\/\/revistacampus.uandes.cl\/2024\/wp-content\/uploads\/2024\/09\/Jornada-de-Investigacion-y-Doctorado-2-1024x682.jpg 1024w, https:\/\/revistacampus.uandes.cl\/2024\/wp-content\/uploads\/2024\/09\/Jornada-de-Investigacion-y-Doctorado-2-300x200.jpg 300w, https:\/\/revistacampus.uandes.cl\/2024\/wp-content\/uploads\/2024\/09\/Jornada-de-Investigacion-y-Doctorado-2-768x512.jpg 768w, https:\/\/revistacampus.uandes.cl\/2024\/wp-content\/uploads\/2024\/09\/Jornada-de-Investigacion-y-Doctorado-2-1536x1024.jpg 1536w, https:\/\/revistacampus.uandes.cl\/2024\/wp-content\/uploads\/2024\/09\/Jornada-de-Investigacion-y-Doctorado-2.jpg 2000w\" sizes=\"(max-width: 1024px) 100vw, 1024px\" \/><\/figure>\n<\/div>\n<\/div>\n\n\n\n<div style=\"height:45px\" aria-hidden=\"true\" class=\"wp-block-spacer\"><\/div>\n\n\n\n<hr class=\"wp-block-separator has-text-color has-alpha-channel-opacity has-background\" style=\"background-color:#e00e17;color:#e00e17\"\/>\n\n\n\n<div style=\"height:45px\" aria-hidden=\"true\" class=\"wp-block-spacer\"><\/div>\n\n\n\n<div class=\"wp-block-columns is-layout-flex wp-container-core-columns-is-layout-9d6595d7 wp-block-columns-is-layout-flex\">\n<div class=\"wp-block-column is-layout-flow wp-block-column-is-layout-flow\">\n<figure class=\"wp-block-image size-large is-resized\"><img loading=\"lazy\" decoding=\"async\" width=\"1024\" height=\"1024\" src=\"https:\/\/revistacampus.uandes.cl\/2024\/wp-content\/uploads\/2024\/09\/62_5___3_-ai-brush-removebg-0i68pdg-1024x1024.png\" alt=\"\" class=\"wp-image-1483\" style=\"width:457px;height:auto\" srcset=\"https:\/\/revistacampus.uandes.cl\/2024\/wp-content\/uploads\/2024\/09\/62_5___3_-ai-brush-removebg-0i68pdg-1024x1024.png 1024w, https:\/\/revistacampus.uandes.cl\/2024\/wp-content\/uploads\/2024\/09\/62_5___3_-ai-brush-removebg-0i68pdg-300x300.png 300w, https:\/\/revistacampus.uandes.cl\/2024\/wp-content\/uploads\/2024\/09\/62_5___3_-ai-brush-removebg-0i68pdg-150x150.png 150w, https:\/\/revistacampus.uandes.cl\/2024\/wp-content\/uploads\/2024\/09\/62_5___3_-ai-brush-removebg-0i68pdg-768x768.png 768w, https:\/\/revistacampus.uandes.cl\/2024\/wp-content\/uploads\/2024\/09\/62_5___3_-ai-brush-removebg-0i68pdg.png 1080w\" sizes=\"(max-width: 1024px) 100vw, 1024px\" \/><\/figure>\n<\/div>\n\n\n\n<div class=\"wp-block-column is-vertically-aligned-center is-layout-flow wp-block-column-is-layout-flow\">\n<h2 class=\"wp-block-heading\">El impacto de IMPACT<\/h2>\n\n\n\n<p><strong>El <a href=\"https:\/\/centroimpact.cl\/\" target=\"_blank\" rel=\"noreferrer noopener\">centro de excelencia IMPACT<\/a>, liderado por la UANDES<\/strong>, re\u00fane a investigadores de diversas disciplinas de cinco universidades nacionales diferentes para <strong>llevar a la pr\u00e1ctica cl\u00ednica nuevos tratamientos y terapias avanzadas que permitan mejorar la salud humana<\/strong>. Este trabajo interdisciplinario y mancomunado ha resultado en 94 publicaciones cient\u00edficas, 16 proyectos Fondecyt, 49 tesis de pre y postgrado, y 15 ensayos cl\u00ednicos en ejecuci\u00f3n, adem\u00e1s de 56 actividades de vinculaci\u00f3n y 9 seminarios cient\u00edficos internacionales, durante el per\u00edodo 2021-2023.<\/p>\n<\/div>\n<\/div>\n\n\n\n<div style=\"height:45px\" aria-hidden=\"true\" class=\"wp-block-spacer\"><\/div>\n\n\n\n<hr class=\"wp-block-separator has-text-color has-alpha-channel-opacity has-background\" style=\"background-color:#e00e17;color:#e00e17\"\/>\n\n\n\n<div style=\"height:45px\" aria-hidden=\"true\" class=\"wp-block-spacer\"><\/div>\n\n\n\n<div class=\"wp-block-columns is-layout-flex wp-container-core-columns-is-layout-9d6595d7 wp-block-columns-is-layout-flex\">\n<div class=\"wp-block-column is-vertically-aligned-center is-layout-flow wp-block-column-is-layout-flow\">\n<h2 class=\"wp-block-heading\">Congreso Latinoamericano de Educaci\u00f3n Humanista<\/h2>\n\n\n\n<figure class=\"wp-block-image size-large is-resized\"><img loading=\"lazy\" decoding=\"async\" width=\"1024\" height=\"682\" src=\"https:\/\/revistacampus.uandes.cl\/2024\/wp-content\/uploads\/2024\/09\/Congreso-Latinoamericano-de-Educacion-Humanista-1024x682.jpg\" alt=\"\" class=\"wp-image-1486\" style=\"width:514px;height:auto\" srcset=\"https:\/\/revistacampus.uandes.cl\/2024\/wp-content\/uploads\/2024\/09\/Congreso-Latinoamericano-de-Educacion-Humanista-1024x682.jpg 1024w, https:\/\/revistacampus.uandes.cl\/2024\/wp-content\/uploads\/2024\/09\/Congreso-Latinoamericano-de-Educacion-Humanista-300x200.jpg 300w, https:\/\/revistacampus.uandes.cl\/2024\/wp-content\/uploads\/2024\/09\/Congreso-Latinoamericano-de-Educacion-Humanista-768x512.jpg 768w, https:\/\/revistacampus.uandes.cl\/2024\/wp-content\/uploads\/2024\/09\/Congreso-Latinoamericano-de-Educacion-Humanista-1536x1024.jpg 1536w, https:\/\/revistacampus.uandes.cl\/2024\/wp-content\/uploads\/2024\/09\/Congreso-Latinoamericano-de-Educacion-Humanista.jpg 2000w\" sizes=\"(max-width: 1024px) 100vw, 1024px\" \/><\/figure>\n<\/div>\n\n\n\n<div class=\"wp-block-column is-vertically-aligned-bottom is-layout-flow wp-block-column-is-layout-flow\">\n<p>M\u00e1s de 60 participantes de Estados Unidos, Espa\u00f1a, Brasil, M\u00e9xico, Argentina, Uruguay, Per\u00fa y Chile se reunieron en la UANDES bajo el lema <strong>\u201cEl canon hisp\u00e1nico: definici\u00f3n, influencias y cruces\u201d<\/strong>. <strong>Organizado por el <a href=\"https:\/\/www.uandes.cl\/nosotros\/centro-de-estudios-generales\/\" target=\"_blank\" rel=\"noreferrer noopener\">Centro de Estudios Generales<\/a><\/strong>, el congreso explor\u00f3 las obras y autores hispanoamericanos que desempe\u00f1an un papel crucial en la educaci\u00f3n humanista de la regi\u00f3n. Con 40 ponencias distribuidas en 10 mesas tem\u00e1ticas, durante dos d\u00edas se abord\u00f3 la recepci\u00f3n de los cl\u00e1sicos en la Modernidad, el arte de la escritura en Am\u00e9rica Latina, autores fundamentales para un canon latinoamericano, perspectivas actuales y desaf\u00edos para la educaci\u00f3n humanista, entre otros (<a href=\"https:\/\/www.uandes.cl\/noticias\/primer-congreso-latinoamericano-de-educacion-humanista-aborda-el-canon-hispanico-en-la-universidad-de-los-andes\/\" target=\"_blank\" rel=\"noreferrer noopener\">ver m\u00e1s<\/a>).<\/p>\n<\/div>\n<\/div>\n\n\n\n<div style=\"height:45px\" aria-hidden=\"true\" class=\"wp-block-spacer\"><\/div>\n\n\n\n<hr class=\"wp-block-separator has-text-color has-alpha-channel-opacity has-background\" style=\"background-color:#e00e17;color:#e00e17\"\/>\n\n\n\n<div style=\"height:45px\" aria-hidden=\"true\" class=\"wp-block-spacer\"><\/div>\n\n\n\n<h2 class=\"wp-block-heading has-text-align-center\">Colaboraci\u00f3n por el bienestar animal en la ciencia<\/h2>\n\n\n\n<div class=\"wp-block-columns is-layout-flex wp-container-core-columns-is-layout-9d6595d7 wp-block-columns-is-layout-flex\">\n<div class=\"wp-block-column is-vertically-aligned-center is-layout-flow wp-block-column-is-layout-flow\">\n<p>El nuevo <strong>Comit\u00e9 Institucional para el Cuidado y Uso de Animales de Laboratorio (CICUAL)<\/strong> tiene por misi\u00f3n asesorar al <strong>Comit\u00e9 \u00c9tico Cient\u00edfico (<a href=\"https:\/\/www.uandes.cl\/investigacion-y-doctorado\/comite-etico-cientifico\/\" target=\"_blank\" rel=\"noreferrer noopener\">CEC<\/a>)<\/strong> en la evaluaci\u00f3n de protocolos de investigaci\u00f3n que involucren la participaci\u00f3n de animales por parte de miembros de la comunidad universitaria. Este equipo especializado en manejo \u00e9tico de animales est\u00e1 orientado a garantizar su bienestar durante los estudios que se realizan con roedores en los <strong>centros de investigaci\u00f3n <a href=\"https:\/\/www.uandes.cl\/ciib\/\" target=\"_blank\" rel=\"noreferrer noopener\">CiiB<\/a>, <a href=\"https:\/\/centroimpact.cl\/\">IMPACT<\/a> o <a href=\"https:\/\/c4c.cl\/es-es\/inicio\/\" target=\"_blank\" rel=\"noreferrer noopener\">C4C<\/a>, para contribuir con soluciones biom\u00e9dicas innovadoras que impacten positivamente en la salud de las personas<\/strong> (<a href=\"https:\/\/www.uandes.cl\/noticias\/cec-y-cicual-se-reunen-para-estrechar-lazos-de-colaboracion\/\" target=\"_blank\" rel=\"noreferrer noopener\">ver m\u00e1s<\/a>).<\/p>\n<\/div>\n\n\n\n<div class=\"wp-block-column is-layout-flow wp-block-column-is-layout-flow\">\n<figure class=\"wp-block-image size-large\"><img loading=\"lazy\" decoding=\"async\" width=\"1024\" height=\"794\" src=\"https:\/\/revistacampus.uandes.cl\/2024\/wp-content\/uploads\/2024\/09\/Colaboracion-por-el-bienestar-animal-en-la-ciencia-e1725479110851-1024x794.jpg\" alt=\"\" class=\"wp-image-1492\" srcset=\"https:\/\/revistacampus.uandes.cl\/2024\/wp-content\/uploads\/2024\/09\/Colaboracion-por-el-bienestar-animal-en-la-ciencia-e1725479110851-1024x794.jpg 1024w, https:\/\/revistacampus.uandes.cl\/2024\/wp-content\/uploads\/2024\/09\/Colaboracion-por-el-bienestar-animal-en-la-ciencia-e1725479110851-300x233.jpg 300w, https:\/\/revistacampus.uandes.cl\/2024\/wp-content\/uploads\/2024\/09\/Colaboracion-por-el-bienestar-animal-en-la-ciencia-e1725479110851-768x596.jpg 768w, https:\/\/revistacampus.uandes.cl\/2024\/wp-content\/uploads\/2024\/09\/Colaboracion-por-el-bienestar-animal-en-la-ciencia-e1725479110851.jpg 1426w\" sizes=\"(max-width: 1024px) 100vw, 1024px\" \/><\/figure>\n<\/div>\n<\/div>\n\n\n\n<div style=\"height:45px\" aria-hidden=\"true\" class=\"wp-block-spacer\"><\/div>\n\n\n\n<hr class=\"wp-block-separator has-text-color has-alpha-channel-opacity has-background\" style=\"background-color:#e00e17;color:#e00e17\"\/>\n\n\n\n<div style=\"height:45px\" aria-hidden=\"true\" class=\"wp-block-spacer\"><\/div>\n\n\n\n<figure class=\"wp-block-image size-large is-resized\"><img loading=\"lazy\" decoding=\"async\" width=\"1024\" height=\"683\" src=\"https:\/\/revistacampus.uandes.cl\/2024\/wp-content\/uploads\/2024\/09\/Visita-del-Premio-Nobel-de-Economia-1024x683.jpg\" alt=\"\" class=\"wp-image-1495\" style=\"aspect-ratio:1.7777777777777777;object-fit:cover;width:841px;height:auto\" srcset=\"https:\/\/revistacampus.uandes.cl\/2024\/wp-content\/uploads\/2024\/09\/Visita-del-Premio-Nobel-de-Economia-1024x683.jpg 1024w, https:\/\/revistacampus.uandes.cl\/2024\/wp-content\/uploads\/2024\/09\/Visita-del-Premio-Nobel-de-Economia-300x200.jpg 300w, https:\/\/revistacampus.uandes.cl\/2024\/wp-content\/uploads\/2024\/09\/Visita-del-Premio-Nobel-de-Economia-768x512.jpg 768w, https:\/\/revistacampus.uandes.cl\/2024\/wp-content\/uploads\/2024\/09\/Visita-del-Premio-Nobel-de-Economia-1536x1025.jpg 1536w, https:\/\/revistacampus.uandes.cl\/2024\/wp-content\/uploads\/2024\/09\/Visita-del-Premio-Nobel-de-Economia.jpg 2000w\" sizes=\"(max-width: 1024px) 100vw, 1024px\" \/><figcaption class=\"wp-element-caption\"><sub><strong>Javier Enrione<\/strong>, vicerrector de Investigaci\u00f3n; <strong>\u00c1lvaro Garc\u00eda<\/strong>, vicedecano acad\u00e9mico de Ingenier\u00eda; <strong>Karin J\u00fcrgensen<\/strong>, decana de Ingenier\u00eda; <strong>Joshua Angrist<\/strong>, Premio Nobel de Econom\u00eda; <strong>Rector Jos\u00e9 Antonio Guzm\u00e1n<\/strong>; <strong>Pelusa Orellana<\/strong>, directora de Investigaci\u00f3n de Educaci\u00f3n; y <strong>Jos\u00e9 Miguel Simi\u00e1n<\/strong>, vicerrector acad\u00e9mico.<\/sub><\/figcaption><\/figure>\n\n\n\n<h2 class=\"wp-block-heading\">Visita del Premio Nobel de Econom\u00eda<\/h2>\n\n\n\n<p><a href=\"https:\/\/economics.mit.edu\/people\/faculty\/josh-angrist\" target=\"_blank\" rel=\"noreferrer noopener\">Joshua Angrist<\/a>, galardonado en 2021 por su contribuci\u00f3n metodol\u00f3gica al an\u00e1lisis de las relaciones causales, fue el ponente principal del <strong><a href=\"https:\/\/www.uandes.cl\/noticias\/premio-nobel-de-economia-2021-visita-uandes-y-realiza-conferencia-en-el-workshop-on-economics-of-education\/\" target=\"_blank\" rel=\"noreferrer noopener\"><em>Workshop on Economics of Education<\/em><\/a>, organizado por el profesor de la Facultad de Ciencias Econ\u00f3micas y Empresariales, <a href=\"https:\/\/www.uandes.cl\/personas\/andres-barrios\/\" target=\"_blank\" rel=\"noreferrer noopener\">Andr\u00e9s Barrios<\/a><\/strong>. El acad\u00e9mico del <a href=\"https:\/\/www.mit.edu\/\" target=\"_blank\" rel=\"noreferrer noopener\">MIT<\/a> es uno de los m\u00e1s destacados economistas del mundo en temas laborales, urbanos y de la educaci\u00f3n, quien estudia los efectos de las pol\u00edticas p\u00fablicas y los cambios en las circunstancias econ\u00f3micas o sociales. Durante el taller, se reuni\u00f3 con acad\u00e9micos expertos en econom\u00eda de la educaci\u00f3n, donde compartieron sus investigaciones recientes en este campo.<\/p>\n\n\n\n<div style=\"height:45px\" aria-hidden=\"true\" class=\"wp-block-spacer\"><\/div>\n\n\n\n<hr class=\"wp-block-separator has-text-color has-alpha-channel-opacity has-background\" style=\"background-color:#e00e17;color:#e00e17\"\/>\n\n\n\n<div style=\"height:45px\" aria-hidden=\"true\" class=\"wp-block-spacer\"><\/div>\n\n\n\n<div class=\"wp-block-columns is-layout-flex wp-container-core-columns-is-layout-9d6595d7 wp-block-columns-is-layout-flex\">\n<div class=\"wp-block-column is-layout-flow wp-block-column-is-layout-flow\">\n<figure class=\"wp-block-image size-large\"><img loading=\"lazy\" decoding=\"async\" width=\"1024\" height=\"682\" src=\"https:\/\/revistacampus.uandes.cl\/2024\/wp-content\/uploads\/2024\/09\/Pilar-Gimenez-4-1024x682.jpg\" alt=\"\" class=\"wp-image-1500\" style=\"aspect-ratio:9\/16;object-fit:cover\" srcset=\"https:\/\/revistacampus.uandes.cl\/2024\/wp-content\/uploads\/2024\/09\/Pilar-Gimenez-4-1024x682.jpg 1024w, https:\/\/revistacampus.uandes.cl\/2024\/wp-content\/uploads\/2024\/09\/Pilar-Gimenez-4-300x200.jpg 300w, https:\/\/revistacampus.uandes.cl\/2024\/wp-content\/uploads\/2024\/09\/Pilar-Gimenez-4-768x512.jpg 768w, https:\/\/revistacampus.uandes.cl\/2024\/wp-content\/uploads\/2024\/09\/Pilar-Gimenez-4-1536x1024.jpg 1536w, https:\/\/revistacampus.uandes.cl\/2024\/wp-content\/uploads\/2024\/09\/Pilar-Gimenez-4.jpg 2000w\" sizes=\"(max-width: 1024px) 100vw, 1024px\" \/><figcaption class=\"wp-element-caption\"><sub>Pilar Gim\u00e9nez<\/sub><\/figcaption><\/figure>\n<\/div>\n\n\n\n<div class=\"wp-block-column is-layout-flow wp-block-column-is-layout-flow\">\n<figure class=\"wp-block-image size-full\"><img loading=\"lazy\" decoding=\"async\" width=\"517\" height=\"837\" src=\"https:\/\/revistacampus.uandes.cl\/2024\/wp-content\/uploads\/2024\/09\/SantiagoTruffa1.jpg\" alt=\"\" class=\"wp-image-1555\" style=\"aspect-ratio:9\/16;object-fit:cover\" srcset=\"https:\/\/revistacampus.uandes.cl\/2024\/wp-content\/uploads\/2024\/09\/SantiagoTruffa1.jpg 517w, https:\/\/revistacampus.uandes.cl\/2024\/wp-content\/uploads\/2024\/09\/SantiagoTruffa1-185x300.jpg 185w\" sizes=\"(max-width: 517px) 100vw, 517px\" \/><figcaption class=\"wp-element-caption\"><sub>Santiago Truffa<\/sub><\/figcaption><\/figure>\n<\/div>\n\n\n\n<div class=\"wp-block-column is-layout-flow wp-block-column-is-layout-flow\">\n<figure class=\"wp-block-image size-medium\"><img loading=\"lazy\" decoding=\"async\" width=\"300\" height=\"256\" src=\"https:\/\/revistacampus.uandes.cl\/2024\/wp-content\/uploads\/2024\/09\/Wilfredo-Gonzalez-1-300x256.jpg\" alt=\"\" class=\"wp-image-1503\" style=\"aspect-ratio:9\/16;object-fit:cover\" srcset=\"https:\/\/revistacampus.uandes.cl\/2024\/wp-content\/uploads\/2024\/09\/Wilfredo-Gonzalez-1-300x256.jpg 300w, https:\/\/revistacampus.uandes.cl\/2024\/wp-content\/uploads\/2024\/09\/Wilfredo-Gonzalez-1-1024x872.jpg 1024w, https:\/\/revistacampus.uandes.cl\/2024\/wp-content\/uploads\/2024\/09\/Wilfredo-Gonzalez-1-768x654.jpg 768w, https:\/\/revistacampus.uandes.cl\/2024\/wp-content\/uploads\/2024\/09\/Wilfredo-Gonzalez-1-1536x1308.jpg 1536w, https:\/\/revistacampus.uandes.cl\/2024\/wp-content\/uploads\/2024\/09\/Wilfredo-Gonzalez-1.jpg 1566w\" sizes=\"(max-width: 300px) 100vw, 300px\" \/><figcaption class=\"wp-element-caption\"><sub>Wilfredo Gonz\u00e1lez<\/sub><\/figcaption><\/figure>\n<\/div>\n\n\n\n<div class=\"wp-block-column is-layout-flow wp-block-column-is-layout-flow\">\n<figure class=\"wp-block-image size-large\"><img loading=\"lazy\" decoding=\"async\" width=\"1024\" height=\"1007\" src=\"https:\/\/revistacampus.uandes.cl\/2024\/wp-content\/uploads\/2024\/09\/Daniel-Otuno-1-1024x1007.jpg\" alt=\"\" class=\"wp-image-1505\" style=\"aspect-ratio:9\/16;object-fit:cover\" srcset=\"https:\/\/revistacampus.uandes.cl\/2024\/wp-content\/uploads\/2024\/09\/Daniel-Otuno-1-1024x1007.jpg 1024w, https:\/\/revistacampus.uandes.cl\/2024\/wp-content\/uploads\/2024\/09\/Daniel-Otuno-1-300x295.jpg 300w, https:\/\/revistacampus.uandes.cl\/2024\/wp-content\/uploads\/2024\/09\/Daniel-Otuno-1-768x755.jpg 768w, https:\/\/revistacampus.uandes.cl\/2024\/wp-content\/uploads\/2024\/09\/Daniel-Otuno-1.jpg 1354w\" sizes=\"(max-width: 1024px) 100vw, 1024px\" \/><figcaption class=\"wp-element-caption\"><sub>Daniel Ortu\u00f1o<\/sub><\/figcaption><\/figure>\n<\/div>\n\n\n\n<div class=\"wp-block-column is-layout-flow wp-block-column-is-layout-flow\">\n<figure class=\"wp-block-image size-large\"><img loading=\"lazy\" decoding=\"async\" width=\"993\" height=\"1024\" src=\"https:\/\/revistacampus.uandes.cl\/2024\/wp-content\/uploads\/2024\/09\/Marcela-Tenorio-1-1-993x1024.jpg\" alt=\"\" class=\"wp-image-1507\" style=\"aspect-ratio:9\/16;object-fit:cover\" srcset=\"https:\/\/revistacampus.uandes.cl\/2024\/wp-content\/uploads\/2024\/09\/Marcela-Tenorio-1-1-993x1024.jpg 993w, https:\/\/revistacampus.uandes.cl\/2024\/wp-content\/uploads\/2024\/09\/Marcela-Tenorio-1-1-291x300.jpg 291w, https:\/\/revistacampus.uandes.cl\/2024\/wp-content\/uploads\/2024\/09\/Marcela-Tenorio-1-1-768x792.jpg 768w, https:\/\/revistacampus.uandes.cl\/2024\/wp-content\/uploads\/2024\/09\/Marcela-Tenorio-1-1.jpg 1292w\" sizes=\"(max-width: 993px) 100vw, 993px\" \/><figcaption class=\"wp-element-caption\"><sub>Marcela Tenorio<\/sub><\/figcaption><\/figure>\n<\/div>\n<\/div>\n\n\n\n<h2 class=\"wp-block-heading\">Primeros fondos BiCI<\/h2>\n\n\n\n<p><strong><a href=\"https:\/\/www.uandes.cl\/noticias\/uandes-adjudica-el-primer-fondo-interno-bici\/\" target=\"_blank\" rel=\"noreferrer noopener\">Cinco investigadores se adjudicaron<\/a> la convocatoria 2023 del proyecto <em>Bidirectional Commitment in Innovation<\/em> (<a href=\"https:\/\/www.uandes.cl\/bici\/\" target=\"_blank\" rel=\"noreferrer noopener\">BiCI<\/a>)<\/strong>, que impulsa la <strong>Investigaci\u00f3n y Desarrollo Comprometidos (I+Dc) <\/strong>con la sociedad. <strong><a href=\"https:\/\/www.uandes.cl\/personas\/pilar-gimenez\/\" target=\"_blank\" rel=\"noreferrer noopener\">Pilar Gim\u00e9nez<\/a>, directora del <a href=\"https:\/\/www.uandes.cl\/cet\/\" target=\"_blank\" rel=\"noreferrer noopener\">Centro de Estudios Territoriales<\/a><\/strong>, abordar\u00e1 la planificaci\u00f3n territorial de las comunas, mientras que <strong><a href=\"https:\/\/ese.cl\/ese\/academico\/full-time\/santiago-truffa\/2019-03-07\/163725.html\" target=\"_blank\" rel=\"noreferrer noopener\">Santiago Truffa,<\/a> del <a href=\"https:\/\/ese.cl\/\" target=\"_blank\" rel=\"noreferrer noopener\">ESE Business School<\/a><\/strong>, analizar\u00e1 el l\u00edmite urbano de las ciudades. Los acad\u00e9micos de <strong>Odontolog\u00eda <a href=\"https:\/\/www.uandes.cl\/personas\/wilfredo-gonzalez-arriagada\/\" target=\"_blank\" rel=\"noreferrer noopener\">Wilfredo Gonz\u00e1lez<\/a> y <a href=\"https:\/\/www.uandes.cl\/personas\/duniel-ortuno-borroto\/\" target=\"_blank\" rel=\"noreferrer noopener\">Duniel Ortu\u00f1o<\/a><\/strong> se abocar\u00e1n a las complicaciones orales en terapia oncol\u00f3gica y la educaci\u00f3n escolar en salud bucal, respectivamente. Y <strong><a href=\"https:\/\/www.uandes.cl\/personas\/marcela-tenorio-delgado\/\" target=\"_blank\" rel=\"noreferrer noopener\">Marcela Tenorio<\/a>, de Psicolog\u00eda<\/strong>, aplicar\u00e1 \u201c<em>\u00c1gora<\/em>: ejercicios adaptados para el acceso a la justicia de personas con discapacidad intelectual\u201d. <img loading=\"lazy\" decoding=\"async\" width=\"15\" height=\"15\" class=\"wp-image-402\" style=\"width: 15px;\" src=\"https:\/\/revistacampus.uandes.cl\/2024\/wp-content\/uploads\/2024\/08\/VE-POR-MAS.png\" alt=\"\" srcset=\"https:\/\/revistacampus.uandes.cl\/2024\/wp-content\/uploads\/2024\/08\/VE-POR-MAS.png 250w, https:\/\/revistacampus.uandes.cl\/2024\/wp-content\/uploads\/2024\/08\/VE-POR-MAS-150x150.png 150w\" sizes=\"(max-width: 15px) 100vw, 15px\" \/><\/p>\n","protected":false},"excerpt":{"rendered":"<p>Los avances en investigaci\u00f3n, la visita del premio Nobel de Econom\u00eda y el impacto del Centro IMPACT destacan entre los avances cient\u00edficos.<\/p>\n","protected":false},"author":1,"featured_media":1465,"comment_status":"open","ping_status":"open","sticky":false,"template":"","format":"standard","meta":{"footnotes":""},"categories":[7,38,1],"tags":[],"class_list":["post-1464","post","type-post","status-publish","format-standard","has-post-thumbnail","hentry","category-investigacion","category-salud","category-sin-categoria"],"_links":{"self":[{"href":"https:\/\/revistacampus.uandes.cl\/2024\/wp-json\/wp\/v2\/posts\/1464","targetHints":{"allow":["GET"]}}],"collection":[{"href":"https:\/\/revistacampus.uandes.cl\/2024\/wp-json\/wp\/v2\/posts"}],"about":[{"href":"https:\/\/revistacampus.uandes.cl\/2024\/wp-json\/wp\/v2\/types\/post"}],"author":[{"embeddable":true,"href":"https:\/\/revistacampus.uandes.cl\/2024\/wp-json\/wp\/v2\/users\/1"}],"replies":[{"embeddable":true,"href":"https:\/\/revistacampus.uandes.cl\/2024\/wp-json\/wp\/v2\/comments?post=1464"}],"version-history":[{"count":31,"href":"https:\/\/revistacampus.uandes.cl\/2024\/wp-json\/wp\/v2\/posts\/1464\/revisions"}],"predecessor-version":[{"id":1862,"href":"https:\/\/revistacampus.uandes.cl\/2024\/wp-json\/wp\/v2\/posts\/1464\/revisions\/1862"}],"wp:featuredmedia":[{"embeddable":true,"href":"https:\/\/revistacampus.uandes.cl\/2024\/wp-json\/wp\/v2\/media\/1465"}],"wp:attachment":[{"href":"https:\/\/revistacampus.uandes.cl\/2024\/wp-json\/wp\/v2\/media?parent=1464"}],"wp:term":[{"taxonomy":"category","embeddable":true,"href":"https:\/\/revistacampus.uandes.cl\/2024\/wp-json\/wp\/v2\/categories?post=1464"},{"taxonomy":"post_tag","embeddable":true,"href":"https:\/\/revistacampus.uandes.cl\/2024\/wp-json\/wp\/v2\/tags?post=1464"}],"curies":[{"name":"wp","href":"https:\/\/api.w.org\/{rel}","templated":true}]}}