{"id":1347,"date":"2024-09-03T13:32:41","date_gmt":"2024-09-03T16:32:41","guid":{"rendered":"https:\/\/revistacampus.uandes.cl\/2024\/?p=1347"},"modified":"2024-09-26T10:07:19","modified_gmt":"2024-09-26T13:07:19","slug":"monsenor-fernando-ocariz-todo-lo-que-es-racional-en-el-mundo-procede-de-la-mente-de-dios","status":"publish","type":"post","link":"https:\/\/revistacampus.uandes.cl\/2024\/monsenor-fernando-ocariz-todo-lo-que-es-racional-en-el-mundo-procede-de-la-mente-de-dios\/","title":{"rendered":"Monse\u00f1or Fernando Oc\u00e1riz: \u201cTodo lo que es racional en el mundo procede de la mente de Dios\u201d"},"content":{"rendered":"\n<p class=\"has-background\" style=\"background-color:#e3e3e3\"><img decoding=\"async\" width=\"60\" height=\"60\" class=\"wp-image-402\" style=\"width: 60px;\" src=\"https:\/\/revistacampus.uandes.cl\/2024\/wp-content\/uploads\/2024\/08\/VE-POR-MAS.png\" alt=\"\" srcset=\"https:\/\/revistacampus.uandes.cl\/2024\/wp-content\/uploads\/2024\/08\/VE-POR-MAS.png 250w, https:\/\/revistacampus.uandes.cl\/2024\/wp-content\/uploads\/2024\/08\/VE-POR-MAS-150x150.png 150w\" sizes=\"(max-width: 60px) 100vw, 60px\" \/><br><strong>El Rector honorario de la Universidad de los Andes,<\/strong> Monse\u00f1or Fernando Oc\u00e1riz, de visita en Chile, expuso en un encuentro con profesores sobre \u201cLa vivificaci\u00f3n cristiana de las instituciones educativas\u201d el 26 de julio de 2024, coincidiendo con el 50\u00ba aniversario del viaje que realiz\u00f3 san Josemar\u00eda a varios pa\u00edses del continente.<br><br>Por Marta Castillo Albarr\u00e1n<\/p>\n\n\n\n<div style=\"height:39px\" aria-hidden=\"true\" class=\"wp-block-spacer\"><\/div>\n\n\n\n<p><strong>El <a href=\"https:\/\/opusdei.org\/es-cl\/page\/el-prelado\/\" target=\"_blank\" rel=\"noreferrer noopener\">Prelado del Opus Dei, Monse\u00f1or Fernando Oc\u00e1riz<\/a><\/strong>, licenciado en Ciencias F\u00edsicas y doctorado en Teolog\u00eda, visit\u00f3 la Universidad de los Andes y, en un encuentro con m\u00e1s de 300 acad\u00e9micos, <strong>comparti\u00f3 su visi\u00f3n sobre qu\u00e9 significa ser una instituci\u00f3n universitaria de identidad cristiana.<\/strong><\/p>\n\n\n\n<p><a href=\"https:\/\/www.uandes.cl\/noticias\/fernando-ocariz-en-la-universidad-de-los-andes\/\" target=\"_blank\" rel=\"noreferrer noopener\">Durante su presentaci\u00f3n destac\u00f3<\/a> aspectos concretos de esta identidad institucional, como el esfuerzo por la excelencia profesional, la primac\u00eda de la persona, la armon\u00eda entre fe y raz\u00f3n, el amor a la libertad, la colegialidad, la justicia con caridad y su dimensi\u00f3n p\u00fablica, entre otros.<\/p>\n\n\n\n<p>Seg\u00fan sus palabras, <strong>la uni\u00f3n entre universidad y cristianismo no es artificial<\/strong>: \u201cLas universidades nacieron desde el cristianismo por el deseo de saber, de profundizar en el conocimiento del mundo, de las personas, de la realidad, y desde su origen llevan a un conocimiento de Dios\u201d.<\/p>\n\n\n\n<p><strong>Para Mons. Oc\u00e1riz la primac\u00eda de la persona es lo capital<\/strong>: \u201cPorque la identidad cristiana institucional sin el aspecto personal quedar\u00eda como un molde artificial\u201d. Aunque no significa que en la universidad todos tengan que ser cristianos, \u201cs\u00ed hace falta que exista un n\u00facleo de vida cristiana personal que vivifique lo que pueda ser una estructura organizativa\u201d. Una presencia personal y, a la vez, una apertura a quienes sin ser cristianos cooperan con su trabajo.<\/p>\n\n\n\n<div style=\"height:40px\" aria-hidden=\"true\" class=\"wp-block-spacer\"><\/div>\n\n\n<div class=\"wp-block-image\">\n<figure class=\"aligncenter size-large\"><img fetchpriority=\"high\" decoding=\"async\" width=\"1024\" height=\"683\" src=\"https:\/\/revistacampus.uandes.cl\/2024\/wp-content\/uploads\/2024\/09\/IMG_0164-1024x683.jpg\" alt=\"\" class=\"wp-image-1385\" srcset=\"https:\/\/revistacampus.uandes.cl\/2024\/wp-content\/uploads\/2024\/09\/IMG_0164-1024x683.jpg 1024w, https:\/\/revistacampus.uandes.cl\/2024\/wp-content\/uploads\/2024\/09\/IMG_0164-300x200.jpg 300w, https:\/\/revistacampus.uandes.cl\/2024\/wp-content\/uploads\/2024\/09\/IMG_0164-768x512.jpg 768w, https:\/\/revistacampus.uandes.cl\/2024\/wp-content\/uploads\/2024\/09\/IMG_0164-1536x1024.jpg 1536w, https:\/\/revistacampus.uandes.cl\/2024\/wp-content\/uploads\/2024\/09\/IMG_0164.jpg 1920w\" sizes=\"(max-width: 1024px) 100vw, 1024px\" \/><figcaption class=\"wp-element-caption\"><sup>Durante su visita al campus, Mons. Fernando Oc\u00e1riz se reuni\u00f3 con j\u00f3venes de la Pastoral en la ermita y con la comunidad universitaria en la <a href=\"https:\/\/www.uandes.cl\/legatum\/\" target=\"_blank\" rel=\"noreferrer noopener\">escultura Legatum<\/a>, inspirada en san Josemar\u00eda.<\/sup><\/figcaption><\/figure>\n<\/div>\n\n\n<h2 class=\"wp-block-heading\"><strong>Entrega a los dem\u00e1s<\/strong><\/h2>\n\n\n\n<p>Se refiri\u00f3 tambi\u00e9n a c\u00f3mo <strong>la identidad cristiana personal es la identificaci\u00f3n con Jesucristo<\/strong>, \u201cque es la plenitud humana, ya que Cristo es perfecto hombre y perfecto Dios\u201d. Seg\u00fan sus palabras, esa plenitud que implica el cristianismo es la entrega a los dem\u00e1s: \u201cEl servicio, la preocupaci\u00f3n por los dem\u00e1s, tiene una dimensi\u00f3n que se proyecta a la instituci\u00f3n, al ambiente con el que se desarrollan las actividades\u201d.<\/p>\n\n\n\n<p>Para Mons. Oc\u00e1riz, <strong>en la universidad debe haber una verdadera unidad, que la da la preocupaci\u00f3n de unos por otros<\/strong>, \u201cporque cabe siempre una conexi\u00f3n, una colaboraci\u00f3n, un sentirse parte de una unidad que la da el esp\u00edritu universitario y tambi\u00e9n el inter\u00e9s positivo de colaborar\u201d. Y reflexion\u00f3 sobre la importancia de cuidar a las personas, porque \u201ccuidando a cada persona se cuida el conjunto de verdad. Y es como se edifica el conjunto universitario plenamente\u201d.<\/p>\n\n\n\n<div style=\"height:40px\" aria-hidden=\"true\" class=\"wp-block-spacer\"><\/div>\n\n\n\n<figure class=\"wp-block-image size-large\"><img decoding=\"async\" width=\"1024\" height=\"682\" src=\"https:\/\/revistacampus.uandes.cl\/2024\/wp-content\/uploads\/2024\/09\/mg_2533-1024x682.jpg\" alt=\"\" class=\"wp-image-1350\" style=\"aspect-ratio:16\/9;object-fit:cover\" srcset=\"https:\/\/revistacampus.uandes.cl\/2024\/wp-content\/uploads\/2024\/09\/mg_2533-1024x682.jpg 1024w, https:\/\/revistacampus.uandes.cl\/2024\/wp-content\/uploads\/2024\/09\/mg_2533-300x200.jpg 300w, https:\/\/revistacampus.uandes.cl\/2024\/wp-content\/uploads\/2024\/09\/mg_2533-768x512.jpg 768w, https:\/\/revistacampus.uandes.cl\/2024\/wp-content\/uploads\/2024\/09\/mg_2533-1536x1024.jpg 1536w, https:\/\/revistacampus.uandes.cl\/2024\/wp-content\/uploads\/2024\/09\/mg_2533.jpg 2000w\" sizes=\"(max-width: 1024px) 100vw, 1024px\" \/><\/figure>\n\n\n\n<div class=\"wp-block-columns is-layout-flex wp-container-core-columns-is-layout-9d6595d7 wp-block-columns-is-layout-flex\">\n<div class=\"wp-block-column is-layout-flow wp-block-column-is-layout-flow\"><\/div>\n<\/div>\n\n\n\n<h2 class=\"wp-block-heading\"><strong>Identidad cristiana institucional<\/strong><\/h2>\n\n\n\n<p>Uno de los aspectos se\u00f1alados por el Prelado es el <strong>esfuerzo por la excelencia profesional<\/strong>, que, aunque depende de cada persona, debe ser tambi\u00e9n una caracter\u00edstica de la instituci\u00f3n, pues \u201cal ser Cristo perfecto hombre, la dimensi\u00f3n cristiana pide la excelencia profesional\u201d. Record\u00f3 c\u00f3mo san Josemar\u00eda se refer\u00eda a la santificaci\u00f3n del trabajo \u201cporque lo cristiano es lo humano elevado al orden divino\u201d.<\/p>\n\n\n\n<div class=\"wp-block-columns is-layout-flex wp-container-core-columns-is-layout-9d6595d7 wp-block-columns-is-layout-flex\">\n<div class=\"wp-block-column is-layout-flow wp-block-column-is-layout-flow\" style=\"flex-basis:50%\">\n<p><strong>La armon\u00eda entre fe y raz\u00f3n<\/strong> es parte de esta identidad institucional: \u201cLa fe es una luz que ilumina nuestro obrar, influye en la actitud con la que enfrentamos los conocimientos \u2013que son tambi\u00e9n una manifestaci\u00f3n de la realidad de Dios\u2013, porque todo lo que es racional en el mundo procede de la mente de Dios\u201d. A\u00f1adi\u00f3 que Dios sustenta la realidad misma, aunque tambi\u00e9n entra la capacidad de cada uno: \u201cQue Dios ilumina todas las ciencias es una realidad; se puede transmitir una visi\u00f3n cristiana, incluso, en las matem\u00e1ticas\u201d. Afirm\u00f3 tambi\u00e9n que el cristianismo lo podemos introducir en todos los niveles, \u201csin forzar la realidad, porque la realidad est\u00e1 sostenida por Dios\u201d.<\/p>\n<\/div>\n\n\n\n<div class=\"wp-block-column is-layout-flow wp-block-column-is-layout-flow\" style=\"flex-basis:50%\">\n<figure class=\"wp-block-image size-large\"><img loading=\"lazy\" decoding=\"async\" width=\"1024\" height=\"682\" src=\"https:\/\/revistacampus.uandes.cl\/2024\/wp-content\/uploads\/2024\/09\/MG_3295-1024x682.jpg\" alt=\"\" class=\"wp-image-1367\" srcset=\"https:\/\/revistacampus.uandes.cl\/2024\/wp-content\/uploads\/2024\/09\/MG_3295-1024x682.jpg 1024w, https:\/\/revistacampus.uandes.cl\/2024\/wp-content\/uploads\/2024\/09\/MG_3295-300x200.jpg 300w, https:\/\/revistacampus.uandes.cl\/2024\/wp-content\/uploads\/2024\/09\/MG_3295-768x512.jpg 768w, https:\/\/revistacampus.uandes.cl\/2024\/wp-content\/uploads\/2024\/09\/MG_3295-1536x1024.jpg 1536w, https:\/\/revistacampus.uandes.cl\/2024\/wp-content\/uploads\/2024\/09\/MG_3295.jpg 2000w\" sizes=\"(max-width: 1024px) 100vw, 1024px\" \/><figcaption class=\"wp-element-caption\"><sup>Saludo a Federico B\u00e1tiz, director del Centro de Investigaci\u00f3n e Innovaci\u00f3n Biom\u00e9dica, durante el recorrido por el campus universitario.<\/sup><\/figcaption><\/figure>\n<\/div>\n<\/div>\n\n\n\n<p>Otra idea es <strong>la libertad, propia del esp\u00edritu cristiano<\/strong>. \u201cHay que respetar todo lo que es opinable, para no imponer como verdad, como necesario, lo que no lo es\u201d. Anim\u00f3 a fomentar un ambiente de libertad, \u201cl\u00f3gicamente con un ideario, que los alumnos y los profesores puedan respetar\u201d. \u201cPorque la libertad no est\u00e1 re\u00f1ida con las normas. Hay que esforzarse para que esto sea vida. Se puede si se hace con amor, porque es el amor la fuerza de la libertad. Lo que se ama es el bien, por eso cuando descubrimos ese bien amaremos lo obligatorio\u201d.<\/p>\n\n\n\n<p>Tambi\u00e9n <strong>se refiri\u00f3 a la autoridad como servicio<\/strong>, \u201clos cargos universitarios son algo transitorio, y son servicio. Se dejan con la misma disponibilidad con la que se han tomado. Los recambios se viven con toda naturalidad\u201d. Habl\u00f3, adem\u00e1s, de la <strong>colegialidad<\/strong>, \u201cque tiene que ver con la identidad cristiana, porque en el gobierno de la universidad, quien manda no puede ser un tirano. La autoridad tiene que contar con la opini\u00f3n de otros. Que nunca sea quien dirige el que impone, que siempre haya escucha, que es atender, estar dispuestos a aprender de lo que nos dicen los dem\u00e1s\u201d.<\/p>\n\n\n\n<div class=\"wp-block-columns is-layout-flex wp-container-core-columns-is-layout-9d6595d7 wp-block-columns-is-layout-flex\">\n<div class=\"wp-block-column is-layout-flow wp-block-column-is-layout-flow\">\n<figure class=\"wp-block-image size-large\"><img loading=\"lazy\" decoding=\"async\" width=\"1024\" height=\"682\" src=\"https:\/\/revistacampus.uandes.cl\/2024\/wp-content\/uploads\/2024\/09\/IMG_0180-1-1024x682.jpg\" alt=\"\" class=\"wp-image-1362\" srcset=\"https:\/\/revistacampus.uandes.cl\/2024\/wp-content\/uploads\/2024\/09\/IMG_0180-1-1024x682.jpg 1024w, https:\/\/revistacampus.uandes.cl\/2024\/wp-content\/uploads\/2024\/09\/IMG_0180-1-300x200.jpg 300w, https:\/\/revistacampus.uandes.cl\/2024\/wp-content\/uploads\/2024\/09\/IMG_0180-1-768x512.jpg 768w, https:\/\/revistacampus.uandes.cl\/2024\/wp-content\/uploads\/2024\/09\/IMG_0180-1-1536x1024.jpg 1536w, https:\/\/revistacampus.uandes.cl\/2024\/wp-content\/uploads\/2024\/09\/IMG_0180-1.jpg 2000w\" sizes=\"(max-width: 1024px) 100vw, 1024px\" \/><\/figure>\n<\/div>\n\n\n\n<div class=\"wp-block-column is-layout-flow wp-block-column-is-layout-flow\">\n<figure class=\"wp-block-image size-large\"><img loading=\"lazy\" decoding=\"async\" width=\"1024\" height=\"682\" src=\"https:\/\/revistacampus.uandes.cl\/2024\/wp-content\/uploads\/2024\/09\/MG_3447-1024x682.jpg\" alt=\"\" class=\"wp-image-1363\" srcset=\"https:\/\/revistacampus.uandes.cl\/2024\/wp-content\/uploads\/2024\/09\/MG_3447-1024x682.jpg 1024w, https:\/\/revistacampus.uandes.cl\/2024\/wp-content\/uploads\/2024\/09\/MG_3447-300x200.jpg 300w, https:\/\/revistacampus.uandes.cl\/2024\/wp-content\/uploads\/2024\/09\/MG_3447-768x512.jpg 768w, https:\/\/revistacampus.uandes.cl\/2024\/wp-content\/uploads\/2024\/09\/MG_3447-1536x1024.jpg 1536w, https:\/\/revistacampus.uandes.cl\/2024\/wp-content\/uploads\/2024\/09\/MG_3447.jpg 2000w\" sizes=\"(max-width: 1024px) 100vw, 1024px\" \/><\/figure>\n<\/div>\n<\/div>\n\n\n\n<p><strong>Otro rasgo es la justicia<\/strong>, pues \u201cla identidad cristiana exige la plenitud humana y la justicia, que viene elevada con la caridad. Esto se manifiesta en el trato con las personas, en el inter\u00e9s por las personas, luchar contra el ego\u00edsmo\u201d. \u201cNo se puede tratar mal a nadie si queremos ser cristianos\u201d, a\u00f1adi\u00f3.<\/p>\n\n\n\n<p>Mons. Fernando Oc\u00e1riz hizo alusi\u00f3n, igualmente, a la <strong>dimensi\u00f3n p\u00fablica de la comunicaci\u00f3n<\/strong> de una instituci\u00f3n de identidad cristiana: \u201ctiene que notarse en la comunicaci\u00f3n hacia afuera, en publicaciones y actividades p\u00fablicas\u201d.<\/p>\n\n\n\n<div class=\"wp-block-columns is-layout-flex wp-container-core-columns-is-layout-9d6595d7 wp-block-columns-is-layout-flex\">\n<div class=\"wp-block-column is-layout-flow wp-block-column-is-layout-flow\">\n<p>En la oportunidad, el <strong>Rector Jos\u00e9 Antonio Guzm\u00e1n Cruzat<\/strong> agradeci\u00f3 al Prelado los grandes bienes recibidos de sus predecesores a la cabeza del Opus Dei y destac\u00f3 que, desde el primer momento, la Universidad quiso caminar \u201cen la huella de aquel amor apasionado por la verdad, que nos dej\u00f3 trazada <strong>san Josemar\u00eda<\/strong>; en la senda de aquella aspiraci\u00f3n al trabajo santificado, que nos pidi\u00f3 el <strong>beato \u00c1lvaro<\/strong>, primer rector honorario de esta casa de estudios; en la voluntad de ense\u00f1ar todas las asignaturas en cristiano, que nos pidi\u00f3 don <strong>Javier Echevarr\u00eda<\/strong>, y en el af\u00e1n de rigor intelectual y de anhelo apost\u00f3lico que encarna, Padre, su persona\u201d. <strong>Como se\u00f1al de esta gratitud, le hizo entrega de la Medalla de Oro de la Universidad<\/strong>. <img loading=\"lazy\" decoding=\"async\" width=\"15\" height=\"15\" class=\"wp-image-402\" style=\"width: 15px;\" src=\"https:\/\/revistacampus.uandes.cl\/2024\/wp-content\/uploads\/2024\/08\/VE-POR-MAS.png\" alt=\"\" srcset=\"https:\/\/revistacampus.uandes.cl\/2024\/wp-content\/uploads\/2024\/08\/VE-POR-MAS.png 250w, https:\/\/revistacampus.uandes.cl\/2024\/wp-content\/uploads\/2024\/08\/VE-POR-MAS-150x150.png 150w\" sizes=\"(max-width: 15px) 100vw, 15px\" \/><\/p>\n<\/div>\n\n\n\n<div class=\"wp-block-column is-layout-flow wp-block-column-is-layout-flow\">\n<figure class=\"wp-block-image size-large\"><img loading=\"lazy\" decoding=\"async\" width=\"1024\" height=\"840\" src=\"https:\/\/revistacampus.uandes.cl\/2024\/wp-content\/uploads\/2024\/09\/MG_2763-1-1024x840.jpg\" alt=\"\" class=\"wp-image-1386\" srcset=\"https:\/\/revistacampus.uandes.cl\/2024\/wp-content\/uploads\/2024\/09\/MG_2763-1-1024x840.jpg 1024w, https:\/\/revistacampus.uandes.cl\/2024\/wp-content\/uploads\/2024\/09\/MG_2763-1-300x246.jpg 300w, https:\/\/revistacampus.uandes.cl\/2024\/wp-content\/uploads\/2024\/09\/MG_2763-1-768x630.jpg 768w, https:\/\/revistacampus.uandes.cl\/2024\/wp-content\/uploads\/2024\/09\/MG_2763-1.jpg 1413w\" sizes=\"(max-width: 1024px) 100vw, 1024px\" \/><\/figure>\n<\/div>\n<\/div>\n\n\n\n<figure class=\"wp-block-embed is-type-video is-provider-youtube wp-block-embed-youtube wp-embed-aspect-16-9 wp-has-aspect-ratio\"><div class=\"wp-block-embed__wrapper\">\n<iframe title=\"Clase del prelado del Opus Dei, Fernando Oc\u00e1riz en la Universidad de los Andes, Chile\" width=\"800\" height=\"450\" src=\"https:\/\/www.youtube.com\/embed\/_1kBRYvNCvU?feature=oembed\" frameborder=\"0\" allow=\"accelerometer; autoplay; clipboard-write; encrypted-media; gyroscope; picture-in-picture; web-share\" referrerpolicy=\"strict-origin-when-cross-origin\" allowfullscreen><\/iframe>\n<\/div><\/figure>\n\n\n\n<div style=\"height:100px\" aria-hidden=\"true\" class=\"wp-block-spacer\"><\/div>\n\n\n\n<div class=\"wp-block-columns has-background is-layout-flex wp-container-core-columns-is-layout-9d6595d7 wp-block-columns-is-layout-flex\" style=\"background-color:#eeeeee\">\n<div class=\"wp-block-column is-layout-flow wp-block-column-is-layout-flow\" style=\"flex-basis:100%\">\n<h2 class=\"wp-block-heading\"><strong>A 50 a\u00f1os de la visita de san Josemar\u00eda<\/strong><\/h2>\n\n\n\n<figure class=\"wp-block-embed is-type-video is-provider-youtube wp-block-embed-youtube wp-embed-aspect-16-9 wp-has-aspect-ratio\"><div class=\"wp-block-embed__wrapper\">\n<iframe title=\"50 an\u0303os del viaje de San Josemar\u00eda a Chile, recordado por el Rector de la Universidad de los Andes.\" width=\"800\" height=\"450\" src=\"https:\/\/www.youtube.com\/embed\/ETCklmOGiVw?feature=oembed\" frameborder=\"0\" allow=\"accelerometer; autoplay; clipboard-write; encrypted-media; gyroscope; picture-in-picture; web-share\" referrerpolicy=\"strict-origin-when-cross-origin\" allowfullscreen><\/iframe>\n<\/div><\/figure>\n\n\n\n<div class=\"wp-block-columns is-layout-flex wp-container-core-columns-is-layout-9d6595d7 wp-block-columns-is-layout-flex\">\n<div class=\"wp-block-column is-layout-flow wp-block-column-is-layout-flow\" style=\"flex-basis:60%\">\n<p style=\"font-size:17px\"><strong>En 2024 se conmemor\u00f3 el 50\u00b0 aniversario del viaje que realiz\u00f3 san Josemar\u00eda, fundador del Opus Dei, a varios pa\u00edses latinoamericanos<\/strong>, por lo que durante junio la comunidad universitaria particip\u00f3 de diferentes actividades relacionadas con su visita.<\/p>\n\n\n\n<p style=\"font-size:17px\">Entre las actividades destacan la <strong>exposici\u00f3n \u201c50 a\u00f1os de san Josemar\u00eda en Am\u00e9rica Latina\u201d<\/strong>, dispuesta en el hall del edificio Biblioteca durante todo el mes; <strong>cuatro charlas acerca de su mensaje<\/strong>, y el <strong>lanzamiento del libro <em>San Josemar\u00eda en Chile: Hablar de Dios y de las cosas de Dios<\/em>, escrito por las periodistas Mar\u00eda Jos\u00e9 Lecaros y Mar\u00eda Teresa \u00c1lamos.<\/strong><\/p>\n\n\n\n<p style=\"font-size:17px\">La obra, <strong>presentada por el vicario del Opus Dei en Chile, P. \u00c1lvaro Palacios, y el P. Jos\u00e9 Miguel Ib\u00e1\u00f1ez<\/strong>, doctor en Filosof\u00eda y cr\u00edtico literario, recoge palabras pronunciadas por san Josemar\u00eda durante los 12 d\u00edas que pas\u00f3 en Chile.<\/p>\n\n\n\n<p style=\"font-size:17px\">Adem\u00e1s, y como es tradici\u00f3n en la Universidad, el 26 de junio se realiz\u00f3 la <strong>visita de misericordia<\/strong> al Hogar Nuestra Se\u00f1ora de los \u00c1ngeles despu\u00e9s de la <strong>Misa por San Josemar\u00eda<\/strong>. Y el jueves 27 se jug\u00f3 el <strong>campeonato de p\u00e1del<\/strong> en su nombre.<\/p>\n\n\n\n<figure class=\"wp-block-image size-full\"><img loading=\"lazy\" decoding=\"async\" width=\"1024\" height=\"683\" src=\"https:\/\/revistacampus.uandes.cl\/2024\/wp-content\/uploads\/2024\/09\/MG_0902-1-1024x683-1.jpg\" alt=\"\" class=\"wp-image-1388\" srcset=\"https:\/\/revistacampus.uandes.cl\/2024\/wp-content\/uploads\/2024\/09\/MG_0902-1-1024x683-1.jpg 1024w, https:\/\/revistacampus.uandes.cl\/2024\/wp-content\/uploads\/2024\/09\/MG_0902-1-1024x683-1-300x200.jpg 300w, https:\/\/revistacampus.uandes.cl\/2024\/wp-content\/uploads\/2024\/09\/MG_0902-1-1024x683-1-768x512.jpg 768w\" sizes=\"(max-width: 1024px) 100vw, 1024px\" \/><\/figure>\n<\/div>\n\n\n\n<div class=\"wp-block-column is-layout-flow wp-block-column-is-layout-flow\" style=\"flex-basis:40%\">\n<figure class=\"wp-block-image size-full\"><img loading=\"lazy\" decoding=\"async\" width=\"1024\" height=\"683\" src=\"https:\/\/revistacampus.uandes.cl\/2024\/wp-content\/uploads\/2024\/09\/MG_0534-1024x683-1.jpg\" alt=\"\" class=\"wp-image-1387\" srcset=\"https:\/\/revistacampus.uandes.cl\/2024\/wp-content\/uploads\/2024\/09\/MG_0534-1024x683-1.jpg 1024w, https:\/\/revistacampus.uandes.cl\/2024\/wp-content\/uploads\/2024\/09\/MG_0534-1024x683-1-300x200.jpg 300w, https:\/\/revistacampus.uandes.cl\/2024\/wp-content\/uploads\/2024\/09\/MG_0534-1024x683-1-768x512.jpg 768w\" sizes=\"(max-width: 1024px) 100vw, 1024px\" \/><\/figure>\n\n\n\n<figure class=\"wp-block-image size-full\"><img loading=\"lazy\" decoding=\"async\" width=\"1024\" height=\"612\" src=\"https:\/\/revistacampus.uandes.cl\/2024\/wp-content\/uploads\/2024\/09\/WhatsApp-Image-2024-06-27-at-14.54.05-1024x768-1-e1725387812548.jpeg\" alt=\"\" class=\"wp-image-1389\" style=\"object-fit:cover\" srcset=\"https:\/\/revistacampus.uandes.cl\/2024\/wp-content\/uploads\/2024\/09\/WhatsApp-Image-2024-06-27-at-14.54.05-1024x768-1-e1725387812548.jpeg 1024w, https:\/\/revistacampus.uandes.cl\/2024\/wp-content\/uploads\/2024\/09\/WhatsApp-Image-2024-06-27-at-14.54.05-1024x768-1-e1725387812548-300x179.jpeg 300w, https:\/\/revistacampus.uandes.cl\/2024\/wp-content\/uploads\/2024\/09\/WhatsApp-Image-2024-06-27-at-14.54.05-1024x768-1-e1725387812548-768x459.jpeg 768w\" sizes=\"(max-width: 1024px) 100vw, 1024px\" \/><\/figure>\n\n\n\n<figure class=\"wp-block-image size-full\"><img loading=\"lazy\" decoding=\"async\" width=\"1024\" height=\"683\" src=\"https:\/\/revistacampus.uandes.cl\/2024\/wp-content\/uploads\/2024\/09\/MG_4841-1024x683-1.jpg\" alt=\"\" class=\"wp-image-1390\" srcset=\"https:\/\/revistacampus.uandes.cl\/2024\/wp-content\/uploads\/2024\/09\/MG_4841-1024x683-1.jpg 1024w, https:\/\/revistacampus.uandes.cl\/2024\/wp-content\/uploads\/2024\/09\/MG_4841-1024x683-1-300x200.jpg 300w, https:\/\/revistacampus.uandes.cl\/2024\/wp-content\/uploads\/2024\/09\/MG_4841-1024x683-1-768x512.jpg 768w\" sizes=\"(max-width: 1024px) 100vw, 1024px\" \/><\/figure>\n\n\n\n<figure class=\"wp-block-image size-full\"><img loading=\"lazy\" decoding=\"async\" width=\"1024\" height=\"561\" src=\"https:\/\/revistacampus.uandes.cl\/2024\/wp-content\/uploads\/2024\/09\/MG_4870-1024x683-1-e1725388080491.jpg\" alt=\"\" class=\"wp-image-1395\" srcset=\"https:\/\/revistacampus.uandes.cl\/2024\/wp-content\/uploads\/2024\/09\/MG_4870-1024x683-1-e1725388080491.jpg 1024w, https:\/\/revistacampus.uandes.cl\/2024\/wp-content\/uploads\/2024\/09\/MG_4870-1024x683-1-e1725388080491-300x164.jpg 300w, https:\/\/revistacampus.uandes.cl\/2024\/wp-content\/uploads\/2024\/09\/MG_4870-1024x683-1-e1725388080491-768x421.jpg 768w\" sizes=\"(max-width: 1024px) 100vw, 1024px\" \/><\/figure>\n<\/div>\n<\/div>\n<\/div>\n<\/div>\n","protected":false},"excerpt":{"rendered":"<p>El Rector honorario de la Universidad de los Andes, Monse\u00f1or Fernando Oc\u00e1riz, de visita en Chile, expuso en un encuentro con profesores sobre \u201cLa vivificaci\u00f3n cristiana de las instituciones educativas\u201d el 26 de julio de 2024, coincidiendo con el 50\u00ba aniversario del viaje que realiz\u00f3 san Josemar\u00eda a varios pa\u00edses del continente. Por Marta Castillo [&hellip;]<\/p>\n","protected":false},"author":1,"featured_media":1353,"comment_status":"open","ping_status":"open","sticky":false,"template":"","format":"standard","meta":{"footnotes":""},"categories":[8],"tags":[37],"class_list":["post-1347","post","type-post","status-publish","format-standard","has-post-thumbnail","hentry","category-academia","tag-rector-honorario-de-la-universidad-de-los-andes"],"_links":{"self":[{"href":"https:\/\/revistacampus.uandes.cl\/2024\/wp-json\/wp\/v2\/posts\/1347","targetHints":{"allow":["GET"]}}],"collection":[{"href":"https:\/\/revistacampus.uandes.cl\/2024\/wp-json\/wp\/v2\/posts"}],"about":[{"href":"https:\/\/revistacampus.uandes.cl\/2024\/wp-json\/wp\/v2\/types\/post"}],"author":[{"embeddable":true,"href":"https:\/\/revistacampus.uandes.cl\/2024\/wp-json\/wp\/v2\/users\/1"}],"replies":[{"embeddable":true,"href":"https:\/\/revistacampus.uandes.cl\/2024\/wp-json\/wp\/v2\/comments?post=1347"}],"version-history":[{"count":22,"href":"https:\/\/revistacampus.uandes.cl\/2024\/wp-json\/wp\/v2\/posts\/1347\/revisions"}],"predecessor-version":[{"id":1404,"href":"https:\/\/revistacampus.uandes.cl\/2024\/wp-json\/wp\/v2\/posts\/1347\/revisions\/1404"}],"wp:featuredmedia":[{"embeddable":true,"href":"https:\/\/revistacampus.uandes.cl\/2024\/wp-json\/wp\/v2\/media\/1353"}],"wp:attachment":[{"href":"https:\/\/revistacampus.uandes.cl\/2024\/wp-json\/wp\/v2\/media?parent=1347"}],"wp:term":[{"taxonomy":"category","embeddable":true,"href":"https:\/\/revistacampus.uandes.cl\/2024\/wp-json\/wp\/v2\/categories?post=1347"},{"taxonomy":"post_tag","embeddable":true,"href":"https:\/\/revistacampus.uandes.cl\/2024\/wp-json\/wp\/v2\/tags?post=1347"}],"curies":[{"name":"wp","href":"https:\/\/api.w.org\/{rel}","templated":true}]}}