{"id":1340,"date":"2024-09-02T13:22:27","date_gmt":"2024-09-02T16:22:27","guid":{"rendered":"https:\/\/revistacampus.uandes.cl\/2024\/?p=1340"},"modified":"2024-09-26T10:07:12","modified_gmt":"2024-09-26T13:07:12","slug":"el-legado-de-juan-de-dios-vial-larrain","status":"publish","type":"post","link":"https:\/\/revistacampus.uandes.cl\/2024\/el-legado-de-juan-de-dios-vial-larrain\/","title":{"rendered":"El legado de Juan de Dios Vial Larra\u00edn"},"content":{"rendered":"\n<p class=\"has-text-align-center has-small-font-size\">Manuel Jos\u00e9 Vial, Consejero de Rector\u00eda e hijo de Juan de Dios, y el profesor Alejandro Vigo revisan el primer volumen de &#8220;Obras&#8221; en la biblioteca donada por la familia Vial Echeverr\u00eda y que se instal\u00f3 en la Rector\u00eda de la Universidad tal y como se encontraba en el departamento del fil\u00f3sofo.<\/p>\n\n\n\n<p class=\"has-background\" style=\"background-color:#e3e3e3\"><img decoding=\"async\" width=\"60\" height=\"60\" class=\"wp-image-402\" style=\"width: 60px;\" src=\"https:\/\/revistacampus.uandes.cl\/2024\/wp-content\/uploads\/2024\/08\/VE-POR-MAS.png\" alt=\"\" srcset=\"https:\/\/revistacampus.uandes.cl\/2024\/wp-content\/uploads\/2024\/08\/VE-POR-MAS.png 250w, https:\/\/revistacampus.uandes.cl\/2024\/wp-content\/uploads\/2024\/08\/VE-POR-MAS-150x150.png 150w\" sizes=\"(max-width: 60px) 100vw, 60px\" \/><br><strong>La Universidad de los Andes<\/strong> alberga hoy gran parte del itinerario intelectual del Premio Nacional de Humanidades y Ciencias Sociales, gracias a la revisi\u00f3n cr\u00edtica de sus obras, su biblioteca personal y al proyecto de C\u00e1tedra Juan de Dios Vial Larra\u00edn, a cargo del profesor Alejandro Vigo.<br><br>Por Florencia Moya Cid<\/p>\n\n\n\n<p>En el centenario del nacimiento del reconocido fil\u00f3sofo y abogado (1924-2019) <a href=\"https:\/\/www.uandes.cl\/noticias\/lanzan-libro-obras-juan-de-dios-vial-larrain-un-aporte-de-valor-perenne-digno-de-ser-rescatado-conservado-y-transmitido\/\" target=\"_blank\" rel=\"noreferrer noopener\"><strong>se present\u00f3 en la Universidad de los Andes el primero de los cuatro vol\u00famenes del libro \u201cObras. Juan de Dios Vial Larra\u00edn\u201d<\/strong><\/a>, que recoge las principales interpretaciones del acad\u00e9mico sobre Plat\u00f3n, Arist\u00f3teles y Descartes. Y que es tambi\u00e9n la base de su propia visi\u00f3n acerca del desarrollo de la metaf\u00edsica.<\/p>\n\n\n\n<p>La direcci\u00f3n de las Obras estuvo a cargo de<strong> <a href=\"https:\/\/www.uandes.cl\/personas\/alejandro-vigo-pacheco\/\" target=\"_blank\" rel=\"noreferrer noopener\">Alejandro Vigo<\/a>, acad\u00e9mico del Instituto de Filosof\u00eda<\/strong> de la Universidad de los Andes, y de <strong>Luciano Gar\u00f3falo, doctor en Filosof\u00eda<\/strong> de nuestra casa de estudios, quien realiz\u00f3 el aparato cr\u00edtico de los textos. Sus <a href=\"https:\/\/www.eunsa.es\/libro\/obras-completas-juan-de-dios-vial-i-1_149565\/\" target=\"_blank\" rel=\"noreferrer noopener\">cuatro vol\u00famenes fueron editados por EUNSA<\/a>, Espa\u00f1a, y coeditados por las universidades de Chile y Cat\u00f3lica, donde el profesor Vial Larra\u00edn realiz\u00f3 gran parte de su carrera acad\u00e9mica.<\/p>\n\n\n\n<p>Junto con la publicaci\u00f3n, la Universidad de los Andes cre\u00f3 la <strong>C\u00e1tedra Juan de Dios Vial Larra\u00edn<\/strong>, a cargo del profesor Vigo, y ha tenido el <strong>honor de recibir su biblioteca personal, que da vida a la antesala del Consejo Superior, en el edificio Central<\/strong>. En ella se pueden encontrar alrededor de mil libros que pertenecieron al fil\u00f3sofo y que fueron donados como una contribuci\u00f3n a la formaci\u00f3n intelectual.<\/p>\n\n\n\n<p><strong>Juan de Dios Vial Larra\u00edn<\/strong> fue profesor de filosof\u00eda en la Universidad de Chile, en la Pontificia Universidad Cat\u00f3lica de Chile y en otras instituciones, como la Universidad de los Andes, donde dict\u00f3 la clase magistral el d\u00eda de su inauguraci\u00f3n. Hoy, a los pies de la cordillera, su contribuci\u00f3n a la investigaci\u00f3n y a la docencia se mantiene viva para las futuras generaciones. <img decoding=\"async\" width=\"15\" height=\"15\" class=\"wp-image-402\" style=\"width: 15px;\" src=\"https:\/\/revistacampus.uandes.cl\/2024\/wp-content\/uploads\/2024\/08\/VE-POR-MAS.png\" alt=\"\" srcset=\"https:\/\/revistacampus.uandes.cl\/2024\/wp-content\/uploads\/2024\/08\/VE-POR-MAS.png 250w, https:\/\/revistacampus.uandes.cl\/2024\/wp-content\/uploads\/2024\/08\/VE-POR-MAS-150x150.png 150w\" sizes=\"(max-width: 15px) 100vw, 15px\" \/><\/p>\n","protected":false},"excerpt":{"rendered":"<p>Manuel Jos\u00e9 Vial, Consejero de Rector\u00eda e hijo de Juan de Dios, y el profesor Alejandro Vigo revisan el primer volumen de &#8220;Obras&#8221; en la biblioteca donada por la familia Vial Echeverr\u00eda y que se instal\u00f3 en la Rector\u00eda de la Universidad tal y como se encontraba en el departamento del fil\u00f3sofo. La Universidad de [&hellip;]<\/p>\n","protected":false},"author":1,"featured_media":1341,"comment_status":"open","ping_status":"open","sticky":false,"template":"","format":"standard","meta":{"footnotes":""},"categories":[9],"tags":[],"class_list":["post-1340","post","type-post","status-publish","format-standard","has-post-thumbnail","hentry","category-destacados"],"_links":{"self":[{"href":"https:\/\/revistacampus.uandes.cl\/2024\/wp-json\/wp\/v2\/posts\/1340","targetHints":{"allow":["GET"]}}],"collection":[{"href":"https:\/\/revistacampus.uandes.cl\/2024\/wp-json\/wp\/v2\/posts"}],"about":[{"href":"https:\/\/revistacampus.uandes.cl\/2024\/wp-json\/wp\/v2\/types\/post"}],"author":[{"embeddable":true,"href":"https:\/\/revistacampus.uandes.cl\/2024\/wp-json\/wp\/v2\/users\/1"}],"replies":[{"embeddable":true,"href":"https:\/\/revistacampus.uandes.cl\/2024\/wp-json\/wp\/v2\/comments?post=1340"}],"version-history":[{"count":4,"href":"https:\/\/revistacampus.uandes.cl\/2024\/wp-json\/wp\/v2\/posts\/1340\/revisions"}],"predecessor-version":[{"id":1409,"href":"https:\/\/revistacampus.uandes.cl\/2024\/wp-json\/wp\/v2\/posts\/1340\/revisions\/1409"}],"wp:featuredmedia":[{"embeddable":true,"href":"https:\/\/revistacampus.uandes.cl\/2024\/wp-json\/wp\/v2\/media\/1341"}],"wp:attachment":[{"href":"https:\/\/revistacampus.uandes.cl\/2024\/wp-json\/wp\/v2\/media?parent=1340"}],"wp:term":[{"taxonomy":"category","embeddable":true,"href":"https:\/\/revistacampus.uandes.cl\/2024\/wp-json\/wp\/v2\/categories?post=1340"},{"taxonomy":"post_tag","embeddable":true,"href":"https:\/\/revistacampus.uandes.cl\/2024\/wp-json\/wp\/v2\/tags?post=1340"}],"curies":[{"name":"wp","href":"https:\/\/api.w.org\/{rel}","templated":true}]}}