{"id":1331,"date":"2024-09-03T13:02:34","date_gmt":"2024-09-03T16:02:34","guid":{"rendered":"https:\/\/revistacampus.uandes.cl\/2024\/?p=1331"},"modified":"2024-09-06T13:39:58","modified_gmt":"2024-09-06T16:39:58","slug":"colores-del-campus","status":"publish","type":"post","link":"https:\/\/revistacampus.uandes.cl\/2024\/colores-del-campus\/","title":{"rendered":"Colores del campus"},"content":{"rendered":"\n<p class=\"has-background\" style=\"background-color:#e3e3e3\"><img decoding=\"async\" width=\"60\" height=\"60\" class=\"wp-image-402\" style=\"width: 60px;\" src=\"https:\/\/revistacampus.uandes.cl\/2024\/wp-content\/uploads\/2024\/08\/VE-POR-MAS.png\" alt=\"\" srcset=\"https:\/\/revistacampus.uandes.cl\/2024\/wp-content\/uploads\/2024\/08\/VE-POR-MAS.png 250w, https:\/\/revistacampus.uandes.cl\/2024\/wp-content\/uploads\/2024\/08\/VE-POR-MAS-150x150.png 150w\" sizes=\"(max-width: 60px) 100vw, 60px\" \/><br><strong>A trav\u00e9s de cuatro recorridos tem\u00e1ticos<\/strong>, el campus muestra la cultura y la historia de la Universidad en un entorno especialmente dise\u00f1ado para sustentar el modelo acad\u00e9mico.<br><br>Por Nicole Kazazian Rojas<\/p>\n\n\n\n<div style=\"height:30px\" aria-hidden=\"true\" class=\"wp-block-spacer\"><\/div>\n\n\n\n<p>Ubicado a los pies de la cordillera, en las 58 hect\u00e1reas del campus coexisten grandes \u00e1reas verdes con espacios para la ense\u00f1anza y la investigaci\u00f3n, claustro acad\u00e9mico y vida universitaria, deporte y esparcimiento, cultura, arte y reflexi\u00f3n.<\/p>\n\n\n\n<p>A trav\u00e9s del proyecto <strong><a href=\"https:\/\/www.uandes.cl\/nosotros\/#campus-universitario\" target=\"_blank\" rel=\"noreferrer noopener\">Campus UANDES: nuestra casa com\u00fan<\/a><\/strong>, la Universidad desarrolla iniciativas que buscan promover su cuidado y conocimiento. Una de ellas corresponde a las <strong>\u201c<em><a href=\"https:\/\/www.uandes.cl\/rutas-del-campus\/\" target=\"_blank\" rel=\"noreferrer noopener\">Rutas del Campus<\/a><\/em>\u201d<\/strong>, que, a trav\u00e9s de cuatro recorridos tem\u00e1ticos, invita a la comunidad universitaria y externa a descubrir parte de la historia y arquitectura de sus edificios, las esculturas y el Museo de Artes, las aves que d\u00eda a d\u00eda acompa\u00f1an con su canto y la flora que da vida a los jardines.<\/p>\n\n\n\n<p>As\u00ed, manteniendo sus puertas abiertas a todo p\u00fablico, la Universidad de los Andes, entre 2022 y 2023, realiz\u00f3 diversas actividades guiadas vinculadas a estas rutas. Adem\u00e1s, en <a href=\"http:\/\/www.uandes.cl\/rutas-del-campus\">www.uandes.cl\/rutas-del-campus<\/a> dispone de gu\u00edas para que cada persona pueda recorrer aut\u00f3nomamente cada una de ellas.<\/p>\n\n\n\n<div style=\"height:43px\" aria-hidden=\"true\" class=\"wp-block-spacer\"><\/div>\n\n\n\n<div class=\"wp-block-columns is-layout-flex wp-container-core-columns-is-layout-9d6595d7 wp-block-columns-is-layout-flex\">\n<div class=\"wp-block-column is-layout-flow wp-block-column-is-layout-flow\">\n<h2 class=\"wp-block-heading\"><em>Ruta del Arte<\/em><\/h2>\n\n\n\n<figure class=\"wp-block-image size-full\"><img fetchpriority=\"high\" decoding=\"async\" width=\"1000\" height=\"666\" src=\"https:\/\/revistacampus.uandes.cl\/2024\/wp-content\/uploads\/2024\/09\/MG_4500.jpg\" alt=\"\" class=\"wp-image-1413\" srcset=\"https:\/\/revistacampus.uandes.cl\/2024\/wp-content\/uploads\/2024\/09\/MG_4500.jpg 1000w, https:\/\/revistacampus.uandes.cl\/2024\/wp-content\/uploads\/2024\/09\/MG_4500-300x200.jpg 300w, https:\/\/revistacampus.uandes.cl\/2024\/wp-content\/uploads\/2024\/09\/MG_4500-768x511.jpg 768w\" sizes=\"(max-width: 1000px) 100vw, 1000px\" \/><\/figure>\n\n\n\n<p>Recorre las principales esculturas de distintos artistas nacionales emplazadas en el campus, adem\u00e1s del <a href=\"https:\/\/www.uandes.cl\/extension\/museo-de-artes\/\" target=\"_blank\" rel=\"noreferrer noopener\">Museo de Artes UANDES<\/a>, que alberga pinturas y esculturas del per\u00edodo virreinal americano, \u00edconos rusos y otras colecciones.<\/p>\n<\/div>\n\n\n\n<div class=\"wp-block-column is-layout-flow wp-block-column-is-layout-flow\">\n<h2 class=\"wp-block-heading\"><em>Ruta de las Aves<\/em><\/h2>\n\n\n\n<figure class=\"wp-block-image size-full\"><img decoding=\"async\" width=\"1000\" height=\"666\" src=\"https:\/\/revistacampus.uandes.cl\/2024\/wp-content\/uploads\/2024\/09\/MG_5769.jpg\" alt=\"\" class=\"wp-image-1414\" srcset=\"https:\/\/revistacampus.uandes.cl\/2024\/wp-content\/uploads\/2024\/09\/MG_5769.jpg 1000w, https:\/\/revistacampus.uandes.cl\/2024\/wp-content\/uploads\/2024\/09\/MG_5769-300x200.jpg 300w, https:\/\/revistacampus.uandes.cl\/2024\/wp-content\/uploads\/2024\/09\/MG_5769-768x511.jpg 768w\" sizes=\"(max-width: 1000px) 100vw, 1000px\" \/><\/figure>\n\n\n\n<p>Dirige a distintas estaciones del campus, en las que se invita a agudizar los sentidos para descubrir las variadas especies que habitan cada lugar. Bajo el proyecto \u201cNuestra casa com\u00fan\u201d se han catalogado 21 especies de aves.<\/p>\n<\/div>\n<\/div>\n\n\n\n<div class=\"wp-block-columns is-layout-flex wp-container-core-columns-is-layout-9d6595d7 wp-block-columns-is-layout-flex\">\n<div class=\"wp-block-column is-layout-flow wp-block-column-is-layout-flow\">\n<h2 class=\"wp-block-heading\"><em>Ruta de la Flora<\/em><\/h2>\n\n\n\n<figure class=\"wp-block-image size-full\"><img loading=\"lazy\" decoding=\"async\" width=\"1000\" height=\"666\" src=\"https:\/\/revistacampus.uandes.cl\/2024\/wp-content\/uploads\/2024\/09\/MG_5221.jpg\" alt=\"\" class=\"wp-image-1415\" srcset=\"https:\/\/revistacampus.uandes.cl\/2024\/wp-content\/uploads\/2024\/09\/MG_5221.jpg 1000w, https:\/\/revistacampus.uandes.cl\/2024\/wp-content\/uploads\/2024\/09\/MG_5221-300x200.jpg 300w, https:\/\/revistacampus.uandes.cl\/2024\/wp-content\/uploads\/2024\/09\/MG_5221-768x511.jpg 768w\" sizes=\"(max-width: 1000px) 100vw, 1000px\" \/><\/figure>\n\n\n\n<p>Es un trayecto por 12 estaciones, que se agrupan en tres sectores: lugares de encuentro, senderos y lugares de estar, y jardines y patios de flor. En ellas se pueden descubrir el colorido, aroma y particularidades de las distintas especies que dan vida a estos sitios seg\u00fan la estaci\u00f3n del a\u00f1o.<\/p>\n<\/div>\n\n\n\n<div class=\"wp-block-column is-layout-flow wp-block-column-is-layout-flow\">\n<h2 class=\"wp-block-heading\"><em>Ruta Arquitect\u00f3nica<\/em><\/h2>\n\n\n\n<figure class=\"wp-block-image size-full\"><img loading=\"lazy\" decoding=\"async\" width=\"1000\" height=\"666\" src=\"https:\/\/revistacampus.uandes.cl\/2024\/wp-content\/uploads\/2024\/09\/mg_8374.jpg\" alt=\"\" class=\"wp-image-1416\" srcset=\"https:\/\/revistacampus.uandes.cl\/2024\/wp-content\/uploads\/2024\/09\/mg_8374.jpg 1000w, https:\/\/revistacampus.uandes.cl\/2024\/wp-content\/uploads\/2024\/09\/mg_8374-300x200.jpg 300w, https:\/\/revistacampus.uandes.cl\/2024\/wp-content\/uploads\/2024\/09\/mg_8374-768x511.jpg 768w\" sizes=\"(max-width: 1000px) 100vw, 1000px\" \/><\/figure>\n\n\n\n<p>Es un recorrido por los principales edificios de la Universidad: la historia de cu\u00e1ndo y por qui\u00e9nes fueron construidos, su explicaci\u00f3n en relaci\u00f3n con las necesidades institucionales y alg\u00fan detalle que vale la pena reparar, ya sea por su belleza o dato anecd\u00f3tico. <img loading=\"lazy\" decoding=\"async\" width=\"15\" height=\"15\" class=\"wp-image-402\" style=\"width: 15px;\" src=\"https:\/\/revistacampus.uandes.cl\/2024\/wp-content\/uploads\/2024\/08\/VE-POR-MAS.png\" alt=\"\" srcset=\"https:\/\/revistacampus.uandes.cl\/2024\/wp-content\/uploads\/2024\/08\/VE-POR-MAS.png 250w, https:\/\/revistacampus.uandes.cl\/2024\/wp-content\/uploads\/2024\/08\/VE-POR-MAS-150x150.png 150w\" sizes=\"(max-width: 15px) 100vw, 15px\" \/><\/p>\n<\/div>\n<\/div>\n\n\n\n<p><\/p>\n","protected":false},"excerpt":{"rendered":"<p>A trav\u00e9s de cuatro recorridos tem\u00e1ticos, el campus muestra la cultura y la historia de la Universidad en un entorno especialmente dise\u00f1ado para sustentar el modelo acad\u00e9mico. Por Nicole Kazazian Rojas Ubicado a los pies de la cordillera, en las 58 hect\u00e1reas del campus coexisten grandes \u00e1reas verdes con espacios para la ense\u00f1anza y la [&hellip;]<\/p>\n","protected":false},"author":1,"featured_media":1334,"comment_status":"open","ping_status":"open","sticky":false,"template":"","format":"standard","meta":{"footnotes":""},"categories":[39,9,1],"tags":[35],"class_list":["post-1331","post","type-post","status-publish","format-standard","has-post-thumbnail","hentry","category-cultura","category-destacados","category-sin-categoria","tag-arquitectura-arte-flora-y-aves"],"_links":{"self":[{"href":"https:\/\/revistacampus.uandes.cl\/2024\/wp-json\/wp\/v2\/posts\/1331","targetHints":{"allow":["GET"]}}],"collection":[{"href":"https:\/\/revistacampus.uandes.cl\/2024\/wp-json\/wp\/v2\/posts"}],"about":[{"href":"https:\/\/revistacampus.uandes.cl\/2024\/wp-json\/wp\/v2\/types\/post"}],"author":[{"embeddable":true,"href":"https:\/\/revistacampus.uandes.cl\/2024\/wp-json\/wp\/v2\/users\/1"}],"replies":[{"embeddable":true,"href":"https:\/\/revistacampus.uandes.cl\/2024\/wp-json\/wp\/v2\/comments?post=1331"}],"version-history":[{"count":7,"href":"https:\/\/revistacampus.uandes.cl\/2024\/wp-json\/wp\/v2\/posts\/1331\/revisions"}],"predecessor-version":[{"id":1417,"href":"https:\/\/revistacampus.uandes.cl\/2024\/wp-json\/wp\/v2\/posts\/1331\/revisions\/1417"}],"wp:featuredmedia":[{"embeddable":true,"href":"https:\/\/revistacampus.uandes.cl\/2024\/wp-json\/wp\/v2\/media\/1334"}],"wp:attachment":[{"href":"https:\/\/revistacampus.uandes.cl\/2024\/wp-json\/wp\/v2\/media?parent=1331"}],"wp:term":[{"taxonomy":"category","embeddable":true,"href":"https:\/\/revistacampus.uandes.cl\/2024\/wp-json\/wp\/v2\/categories?post=1331"},{"taxonomy":"post_tag","embeddable":true,"href":"https:\/\/revistacampus.uandes.cl\/2024\/wp-json\/wp\/v2\/tags?post=1331"}],"curies":[{"name":"wp","href":"https:\/\/api.w.org\/{rel}","templated":true}]}}