{"id":1310,"date":"2024-09-05T03:42:44","date_gmt":"2024-09-05T06:42:44","guid":{"rendered":"https:\/\/revistacampus.uandes.cl\/2024\/?p=1310"},"modified":"2024-09-06T14:21:59","modified_gmt":"2024-09-06T17:21:59","slug":"estudiantes-lideres","status":"publish","type":"post","link":"https:\/\/revistacampus.uandes.cl\/2024\/estudiantes-lideres\/","title":{"rendered":"Estudiantes L\u00edderes"},"content":{"rendered":"\n<h2 class=\"wp-block-heading\"><strong>Primer encuentro de agrupaciones estudiantiles para la internacionalizaci\u00f3n<\/strong><\/h2>\n\n\n\n<p>40 estudiantes de 13 instituciones de educaci\u00f3n superior del pa\u00eds se reunieron en esta <a href=\"https:\/\/www.uandes.cl\/noticias\/uandes-y-puc-organizan-primer-encuentro-agrupaciones-estudiantiles-para-la-internacionalizacion\/\" target=\"_blank\" rel=\"noreferrer noopener\">actividad organizada por la UANDES y la UC<\/a> para compartir y enriquecer experiencias de inserci\u00f3n cultural y social de estudiantes extranjeros de movilidad y potenciar futuras colaboraciones entre universidades chilenas. Los <strong>estudiantes UANDES William Carter y Javiera Libuy (ING), Sebasti\u00e1n Arriagada (DER) y Bel\u00e9n Mu\u00f1oz (FONO)<\/strong> representaron a sus compa\u00f1eros del <em>ICLUB<\/em>, agrupaci\u00f3n de voluntarios para la internacionalizaci\u00f3n universitaria.<\/p>\n\n\n\n<div style=\"height:38px\" aria-hidden=\"true\" class=\"wp-block-spacer\"><\/div>\n\n\n\n<hr class=\"wp-block-separator has-text-color has-alpha-channel-opacity has-background\" style=\"background-color:#ee1d26;color:#ee1d26\"\/>\n\n\n\n<div style=\"height:38px\" aria-hidden=\"true\" class=\"wp-block-spacer\"><\/div>\n\n\n\n<h2 class=\"wp-block-heading\"><strong>Estudiantes de derecho apoyan a la CIDH<\/strong><\/h2>\n\n\n\n<div class=\"wp-block-columns is-layout-flex wp-container-core-columns-is-layout-9d6595d7 wp-block-columns-is-layout-flex\">\n<div class=\"wp-block-column is-vertically-aligned-center is-layout-flow wp-block-column-is-layout-flow\">\n<figure class=\"wp-block-image size-large is-resized\"><img fetchpriority=\"high\" decoding=\"async\" width=\"1024\" height=\"768\" src=\"https:\/\/revistacampus.uandes.cl\/2024\/wp-content\/uploads\/2024\/09\/Estudiantes-de-Derecho-apoyan-a-la-CIDH-1024x768.jpg\" alt=\"\" class=\"wp-image-1312\" style=\"aspect-ratio:16\/9;object-fit:cover;width:auto;height:300px\" srcset=\"https:\/\/revistacampus.uandes.cl\/2024\/wp-content\/uploads\/2024\/09\/Estudiantes-de-Derecho-apoyan-a-la-CIDH-1024x768.jpg 1024w, https:\/\/revistacampus.uandes.cl\/2024\/wp-content\/uploads\/2024\/09\/Estudiantes-de-Derecho-apoyan-a-la-CIDH-300x225.jpg 300w, https:\/\/revistacampus.uandes.cl\/2024\/wp-content\/uploads\/2024\/09\/Estudiantes-de-Derecho-apoyan-a-la-CIDH-768x576.jpg 768w, https:\/\/revistacampus.uandes.cl\/2024\/wp-content\/uploads\/2024\/09\/Estudiantes-de-Derecho-apoyan-a-la-CIDH-1536x1152.jpg 1536w, https:\/\/revistacampus.uandes.cl\/2024\/wp-content\/uploads\/2024\/09\/Estudiantes-de-Derecho-apoyan-a-la-CIDH.jpg 2000w\" sizes=\"(max-width: 1024px) 100vw, 1024px\" \/><\/figure>\n<\/div>\n\n\n\n<div class=\"wp-block-column is-vertically-aligned-center is-layout-flow wp-block-column-is-layout-flow\">\n<figure class=\"wp-block-image size-large is-resized\"><img decoding=\"async\" width=\"1024\" height=\"683\" src=\"https:\/\/revistacampus.uandes.cl\/2024\/wp-content\/uploads\/2024\/09\/Estudiantes-de-Derecho-apoyan-a-la-CIDH-1-1024x683.jpg\" alt=\"\" class=\"wp-image-1446\" style=\"aspect-ratio:16\/9;object-fit:cover;width:auto;height:300px\" srcset=\"https:\/\/revistacampus.uandes.cl\/2024\/wp-content\/uploads\/2024\/09\/Estudiantes-de-Derecho-apoyan-a-la-CIDH-1-1024x683.jpg 1024w, https:\/\/revistacampus.uandes.cl\/2024\/wp-content\/uploads\/2024\/09\/Estudiantes-de-Derecho-apoyan-a-la-CIDH-1-300x200.jpg 300w, https:\/\/revistacampus.uandes.cl\/2024\/wp-content\/uploads\/2024\/09\/Estudiantes-de-Derecho-apoyan-a-la-CIDH-1-768x512.jpg 768w, https:\/\/revistacampus.uandes.cl\/2024\/wp-content\/uploads\/2024\/09\/Estudiantes-de-Derecho-apoyan-a-la-CIDH-1-1536x1024.jpg 1536w, https:\/\/revistacampus.uandes.cl\/2024\/wp-content\/uploads\/2024\/09\/Estudiantes-de-Derecho-apoyan-a-la-CIDH-1.jpg 1920w\" sizes=\"(max-width: 1024px) 100vw, 1024px\" \/><\/figure>\n<\/div>\n<\/div>\n\n\n\n<p>Los alumnos de &#8220;<a href=\"https:\/\/www.uandes.cl\/polis-estudiantil\/\" target=\"_blank\" rel=\"noreferrer noopener\">POLIS-Estudiantil<\/a>&#8220;, grupo de estudios de <strong>Derecho Constitucional y Derecho Internacional de los Derechos Humanos<\/strong>, investigaron para <a href=\"https:\/\/www.uandes.cl\/noticias\/alumnos-de-la-facultad-de-derecho-analizan-solicitudes-de-opinion-consultiva-ante-la-corte-interamericana-de-derechos-humanos\/\" target=\"_blank\" rel=\"noreferrer noopener\">entregar observaciones escritas sobre dos Solicitudes de Opini\u00f3n Consultiva<\/a>, presentadas ante la <em>Corte Interamericana de Derechos Humanos<\/em> (CIDH). Una se refiere a la aclaraci\u00f3n del alcance del Derecho al Cuidado y su interrelaci\u00f3n con otros derechos, presentada por Argentina, y la otra es la solicitud de aclaraci\u00f3n de las obligaciones estatales en respuesta a la emergencia clim\u00e1tica ante el Derecho Internacional de los Derechos Humanos, presentada por Colombia y Chile.<\/p>\n\n\n\n<div style=\"height:38px\" aria-hidden=\"true\" class=\"wp-block-spacer\"><\/div>\n\n\n\n<hr class=\"wp-block-separator has-text-color has-alpha-channel-opacity has-background\" style=\"background-color:#ee1d26;color:#ee1d26\"\/>\n\n\n\n<div style=\"height:38px\" aria-hidden=\"true\" class=\"wp-block-spacer\"><\/div>\n\n\n\n<div class=\"wp-block-columns is-layout-flex wp-container-core-columns-is-layout-9d6595d7 wp-block-columns-is-layout-flex\">\n<div class=\"wp-block-column is-vertically-aligned-center is-layout-flow wp-block-column-is-layout-flow\">\n<h2 class=\"wp-block-heading\"><strong>Premio educaci\u00f3n financiera 2023<\/strong><\/h2>\n\n\n\n<p>El reportaje \u201cAhorro de las familias chilenas sigue en la UTI despu\u00e9s de que el 2022 cayera a terreno negativo por primera vez en la historia\u201d fue elegido como la mejor nota de Educaci\u00f3n Financiera del a\u00f1o por la <em>Asociaci\u00f3n de Fondos Mutuos de Chile<\/em>. Sus autores, <strong>Constanza Brice\u00f1o y Raphael M\u00e9ndez<\/strong>, son miembros del <strong>Laboratorio de Contenidos Period\u00edsticos<\/strong> de la <a href=\"https:\/\/www.uandes.cl\/facultad\/facultad-de-comunicacion\/\" target=\"_blank\" rel=\"noreferrer noopener\">Facultad de Comunicaci\u00f3n<\/a>, estudiantes que semana a semana publican contenido para la secci\u00f3n Econom\u00eda y Negocios del diario <a href=\"https:\/\/digital.elmercurio.com\/\" target=\"_blank\" rel=\"noreferrer noopener\">El Mercurio<\/a>, bajo la gu\u00eda de sus profesores. (<a href=\"https:\/\/www.uandes.cl\/noticias\/estudiantes-de-la-facultad-de-comunicacion-son-galardonados-con-el-premio-educacion-financiera-2023\/\" target=\"_blank\" rel=\"noreferrer noopener\">Ver m\u00e1s<\/a>)<\/p>\n<\/div>\n\n\n\n<div class=\"wp-block-column is-layout-flow wp-block-column-is-layout-flow\"><div class=\"wp-block-image\">\n<figure class=\"aligncenter size-large is-resized\"><img decoding=\"async\" width=\"768\" height=\"1024\" src=\"https:\/\/revistacampus.uandes.cl\/2024\/wp-content\/uploads\/2024\/09\/Premio-Educacion-Financiera-2023-2-768x1024.jpg\" alt=\"\" class=\"wp-image-1320\" style=\"width:361px;height:auto\" srcset=\"https:\/\/revistacampus.uandes.cl\/2024\/wp-content\/uploads\/2024\/09\/Premio-Educacion-Financiera-2023-2-768x1024.jpg 768w, https:\/\/revistacampus.uandes.cl\/2024\/wp-content\/uploads\/2024\/09\/Premio-Educacion-Financiera-2023-2-225x300.jpg 225w, https:\/\/revistacampus.uandes.cl\/2024\/wp-content\/uploads\/2024\/09\/Premio-Educacion-Financiera-2023-2-1152x1536.jpg 1152w, https:\/\/revistacampus.uandes.cl\/2024\/wp-content\/uploads\/2024\/09\/Premio-Educacion-Financiera-2023-2.jpg 1500w\" sizes=\"(max-width: 768px) 100vw, 768px\" \/><\/figure>\n<\/div><\/div>\n<\/div>\n\n\n\n<div style=\"height:38px\" aria-hidden=\"true\" class=\"wp-block-spacer\"><\/div>\n\n\n\n<hr class=\"wp-block-separator has-text-color has-alpha-channel-opacity has-background\" style=\"background-color:#ee1d26;color:#ee1d26\"\/>\n\n\n\n<div style=\"height:38px\" aria-hidden=\"true\" class=\"wp-block-spacer\"><\/div>\n\n\n\n<h2 class=\"wp-block-heading\"><strong>Primeras alumnas realizan doble titulaci\u00f3n en UIC Barcelona<\/strong><\/h2>\n\n\n\n<div class=\"wp-block-columns is-layout-flex wp-container-core-columns-is-layout-9d6595d7 wp-block-columns-is-layout-flex\">\n<div class=\"wp-block-column is-layout-flow wp-block-column-is-layout-flow\" style=\"flex-basis:50%\"><div class=\"wp-block-image\">\n<figure class=\"aligncenter size-large\"><img loading=\"lazy\" decoding=\"async\" width=\"1024\" height=\"1024\" src=\"https:\/\/revistacampus.uandes.cl\/2024\/wp-content\/uploads\/2024\/09\/62_5___12_-ai-brush-removebg-dxbyens-1024x1024.png\" alt=\"\" class=\"wp-image-1323\" style=\"object-fit:cover\" srcset=\"https:\/\/revistacampus.uandes.cl\/2024\/wp-content\/uploads\/2024\/09\/62_5___12_-ai-brush-removebg-dxbyens-1024x1024.png 1024w, https:\/\/revistacampus.uandes.cl\/2024\/wp-content\/uploads\/2024\/09\/62_5___12_-ai-brush-removebg-dxbyens-300x300.png 300w, https:\/\/revistacampus.uandes.cl\/2024\/wp-content\/uploads\/2024\/09\/62_5___12_-ai-brush-removebg-dxbyens-150x150.png 150w, https:\/\/revistacampus.uandes.cl\/2024\/wp-content\/uploads\/2024\/09\/62_5___12_-ai-brush-removebg-dxbyens-768x768.png 768w, https:\/\/revistacampus.uandes.cl\/2024\/wp-content\/uploads\/2024\/09\/62_5___12_-ai-brush-removebg-dxbyens.png 1080w\" sizes=\"(max-width: 1024px) 100vw, 1024px\" \/><\/figure>\n<\/div><\/div>\n\n\n\n<div class=\"wp-block-column is-vertically-aligned-center is-layout-flow wp-block-column-is-layout-flow\" style=\"flex-basis:50%\">\n<p><strong>Antonia Delaporte y Valentina \u00c1lvarez<\/strong> llevan un a\u00f1o en la <a href=\"https:\/\/www.uic.es\/es\" target=\"_blank\" rel=\"noreferrer noopener\">Universitat Internacional de Catalunya<\/a> para finalizar sus estudios y obtener as\u00ed el <a href=\"https:\/\/www.uandes.cl\/doble-grado-internacional-en-odontologia\/\">doble grado internacional en Odontolog\u00eda<\/a>, gracias al convenio entre ambas casas de estudio. \u201cEs una gran oportunidad para mi futuro profesional, ya que podr\u00e9 ejercer no solo en Chile, sino que tambi\u00e9n en el extranjero\u201d, afirma Valentina sobre la posibilidad que tienen dos estudiantes por generaci\u00f3n. \u201cRealmente ha sido una experiencia \u00fanica e incre\u00edble\u2026 he tenido la oportunidad de ampliar mis conocimientos\u201d, agrega Antonia sobre este programa que inicia en la UANDES y culmina con dos a\u00f1os en Espa\u00f1a.<\/p>\n<\/div>\n<\/div>\n\n\n\n<div style=\"height:38px\" aria-hidden=\"true\" class=\"wp-block-spacer\"><\/div>\n\n\n\n<hr class=\"wp-block-separator has-text-color has-alpha-channel-opacity has-background\" style=\"background-color:#ee1d26;color:#ee1d26\"\/>\n\n\n\n<div style=\"height:38px\" aria-hidden=\"true\" class=\"wp-block-spacer\"><\/div>\n\n\n\n<div class=\"wp-block-columns is-layout-flex wp-container-core-columns-is-layout-9d6595d7 wp-block-columns-is-layout-flex\">\n<div class=\"wp-block-column is-layout-flow wp-block-column-is-layout-flow\">\n<h2 class=\"wp-block-heading\"><strong>Ganadores en competencia mundial de trading de inversiones<\/strong><\/h2>\n\n\n\n<p><strong>Mar\u00eda Bacarreza, Gonzalo Garc\u00eda de la Pastora, Macarena L\u00f3pez, Francisca Guzm\u00e1n y Juan Manuel Mira<\/strong>, estudiantes del curso <em>Applied Portfolio Management<\/em> de Ingenier\u00eda Comercial, <strong>obtuvieron el premio en la categor\u00eda <em>Lowest Max Drawdown<\/em><\/strong> en la competencia organizada por <em><a href=\"https:\/\/cmtassociation.org\/\" target=\"_blank\" rel=\"noreferrer noopener\">CMT Association<\/a><\/em>, por obtener la mejor rentabilidad de las inversiones, cuidando el riesgo. \u201cQue nuestros alumnos hayan tenido el mejor research y hayan ganado la competencia es una clara se\u00f1al de sus capacidades y excelencia acad\u00e9mica\u201d, asegura su <strong>profesor, <a href=\"https:\/\/www.uandes.cl\/personas\/mario-tessada\/\" target=\"_blank\" rel=\"noreferrer noopener\">Mario Tessada<\/a><\/strong> (a la izquierda en la foto). <img loading=\"lazy\" decoding=\"async\" width=\"15\" height=\"15\" class=\"wp-image-402\" style=\"width: 15px;\" src=\"https:\/\/revistacampus.uandes.cl\/2024\/wp-content\/uploads\/2024\/08\/VE-POR-MAS.png\" alt=\"\" srcset=\"https:\/\/revistacampus.uandes.cl\/2024\/wp-content\/uploads\/2024\/08\/VE-POR-MAS.png 250w, https:\/\/revistacampus.uandes.cl\/2024\/wp-content\/uploads\/2024\/08\/VE-POR-MAS-150x150.png 150w\" sizes=\"(max-width: 15px) 100vw, 15px\" \/><\/p>\n<\/div>\n\n\n\n<div class=\"wp-block-column is-vertically-aligned-center is-layout-flow wp-block-column-is-layout-flow\"><div class=\"wp-block-image\">\n<figure class=\"aligncenter size-large is-resized\"><img loading=\"lazy\" decoding=\"async\" width=\"1024\" height=\"768\" src=\"https:\/\/revistacampus.uandes.cl\/2024\/wp-content\/uploads\/2024\/09\/Ganadores-en-competencia-mundial-de-Trading-de-Inversiones-2-1024x768.jpg\" alt=\"\" class=\"wp-image-1326\" style=\"width:596px;height:auto\" srcset=\"https:\/\/revistacampus.uandes.cl\/2024\/wp-content\/uploads\/2024\/09\/Ganadores-en-competencia-mundial-de-Trading-de-Inversiones-2-1024x768.jpg 1024w, https:\/\/revistacampus.uandes.cl\/2024\/wp-content\/uploads\/2024\/09\/Ganadores-en-competencia-mundial-de-Trading-de-Inversiones-2-300x225.jpg 300w, https:\/\/revistacampus.uandes.cl\/2024\/wp-content\/uploads\/2024\/09\/Ganadores-en-competencia-mundial-de-Trading-de-Inversiones-2-768x576.jpg 768w, https:\/\/revistacampus.uandes.cl\/2024\/wp-content\/uploads\/2024\/09\/Ganadores-en-competencia-mundial-de-Trading-de-Inversiones-2-1536x1152.jpg 1536w, https:\/\/revistacampus.uandes.cl\/2024\/wp-content\/uploads\/2024\/09\/Ganadores-en-competencia-mundial-de-Trading-de-Inversiones-2.jpg 2000w\" sizes=\"(max-width: 1024px) 100vw, 1024px\" \/><\/figure>\n<\/div><\/div>\n<\/div>\n","protected":false},"excerpt":{"rendered":"<p>Su liderazgo cruza las fronteras en temas legales, financieros o acad\u00e9micos a trav\u00e9s de diferentes iniciativas.<\/p>\n","protected":false},"author":1,"featured_media":1311,"comment_status":"open","ping_status":"open","sticky":false,"template":"","format":"standard","meta":{"footnotes":""},"categories":[41,10,1],"tags":[],"class_list":["post-1310","post","type-post","status-publish","format-standard","has-post-thumbnail","hentry","category-estudiantes-uandes","category-estudiantes","category-sin-categoria"],"_links":{"self":[{"href":"https:\/\/revistacampus.uandes.cl\/2024\/wp-json\/wp\/v2\/posts\/1310","targetHints":{"allow":["GET"]}}],"collection":[{"href":"https:\/\/revistacampus.uandes.cl\/2024\/wp-json\/wp\/v2\/posts"}],"about":[{"href":"https:\/\/revistacampus.uandes.cl\/2024\/wp-json\/wp\/v2\/types\/post"}],"author":[{"embeddable":true,"href":"https:\/\/revistacampus.uandes.cl\/2024\/wp-json\/wp\/v2\/users\/1"}],"replies":[{"embeddable":true,"href":"https:\/\/revistacampus.uandes.cl\/2024\/wp-json\/wp\/v2\/comments?post=1310"}],"version-history":[{"count":22,"href":"https:\/\/revistacampus.uandes.cl\/2024\/wp-json\/wp\/v2\/posts\/1310\/revisions"}],"predecessor-version":[{"id":2158,"href":"https:\/\/revistacampus.uandes.cl\/2024\/wp-json\/wp\/v2\/posts\/1310\/revisions\/2158"}],"wp:featuredmedia":[{"embeddable":true,"href":"https:\/\/revistacampus.uandes.cl\/2024\/wp-json\/wp\/v2\/media\/1311"}],"wp:attachment":[{"href":"https:\/\/revistacampus.uandes.cl\/2024\/wp-json\/wp\/v2\/media?parent=1310"}],"wp:term":[{"taxonomy":"category","embeddable":true,"href":"https:\/\/revistacampus.uandes.cl\/2024\/wp-json\/wp\/v2\/categories?post=1310"},{"taxonomy":"post_tag","embeddable":true,"href":"https:\/\/revistacampus.uandes.cl\/2024\/wp-json\/wp\/v2\/tags?post=1310"}],"curies":[{"name":"wp","href":"https:\/\/api.w.org\/{rel}","templated":true}]}}