{"id":1284,"date":"2024-09-05T02:21:46","date_gmt":"2024-09-05T05:21:46","guid":{"rendered":"https:\/\/revistacampus.uandes.cl\/2024\/?p=1284"},"modified":"2024-09-06T12:18:10","modified_gmt":"2024-09-06T15:18:10","slug":"estudiantes-en-accion","status":"publish","type":"post","link":"https:\/\/revistacampus.uandes.cl\/2024\/estudiantes-en-accion\/","title":{"rendered":"Estudiantes en Acci\u00f3n"},"content":{"rendered":"\n<h2 class=\"wp-block-heading\"><strong>15 a\u00f1os de la ADAE<\/strong><\/h2>\n\n\n\n<div class=\"wp-block-columns is-layout-flex wp-container-core-columns-is-layout-9d6595d7 wp-block-columns-is-layout-flex\">\n<div class=\"wp-block-column is-layout-flow wp-block-column-is-layout-flow\" style=\"flex-basis:50%\">\n<p>La celebraci\u00f3n del aniversario de la <strong><a href=\"https:\/\/www.uandes.cl\/estudiantes\/vida-universitaria\/adae\/\" target=\"_blank\" rel=\"noreferrer noopener\">Academia de Artes Esc\u00e9nicas<\/a> (ADAE)<\/strong> comenz\u00f3 con su <a href=\"https:\/\/www.uandes.cl\/noticias\/academia-artes-escenicas-primera-vez-santiago-actividades-vinculacion-panguipulli\/\" target=\"_blank\" rel=\"noreferrer noopener\">primera presentaci\u00f3n fuera de Santiago<\/a>. El elenco de <em>Casimiro y la Carmen<\/em>, junto al equipo directivo y autoridades universitarias, present\u00f3 dos funciones en el Teatro Educativo de las Artes de Panguipulli, adem\u00e1s de sostener actividades de vinculaci\u00f3n con escolares y la comunidad Trullun Mapu, de Cayumapu Alto. <\/p>\n\n\n\n<p>M\u00e1s adelante, en nuestro cl\u00e1sico anfiteatro de Ciencias, dio vida a su 15\u00b0 espect\u00e1culo, centrado en una versi\u00f3n chilena original del personaje de la novela de Charles Dickens, <em>Oliver Twist<\/em>. M\u00e1s de 2.300 espectadores pudieron disfrutar con los cantos, bailes y m\u00fasica de <a href=\"https:\/\/www.uandes.cl\/noticias\/oliver-2300-espectadores-15-teatro-musical\/\" target=\"_blank\" rel=\"noreferrer noopener\"><em><strong>Oliver \u00bfes posible un mundo mejor<\/strong><\/em><\/a>, protagonizado por una treintena de estudiantes de distintas carreras.<\/p>\n<\/div>\n\n\n\n<div class=\"wp-block-column is-layout-flow wp-block-column-is-layout-flow\" style=\"flex-basis:50%\">\n<figure class=\"wp-block-image size-large\"><img fetchpriority=\"high\" decoding=\"async\" width=\"1024\" height=\"685\" src=\"https:\/\/revistacampus.uandes.cl\/2024\/wp-content\/uploads\/2024\/09\/15-anos-de-la-ADAE-Panguipulli-2-1024x685.jpg\" alt=\"\" class=\"wp-image-1286\" style=\"aspect-ratio:4\/3;object-fit:cover\" srcset=\"https:\/\/revistacampus.uandes.cl\/2024\/wp-content\/uploads\/2024\/09\/15-anos-de-la-ADAE-Panguipulli-2-1024x685.jpg 1024w, https:\/\/revistacampus.uandes.cl\/2024\/wp-content\/uploads\/2024\/09\/15-anos-de-la-ADAE-Panguipulli-2-300x201.jpg 300w, https:\/\/revistacampus.uandes.cl\/2024\/wp-content\/uploads\/2024\/09\/15-anos-de-la-ADAE-Panguipulli-2-768x513.jpg 768w, https:\/\/revistacampus.uandes.cl\/2024\/wp-content\/uploads\/2024\/09\/15-anos-de-la-ADAE-Panguipulli-2-1536x1027.jpg 1536w, https:\/\/revistacampus.uandes.cl\/2024\/wp-content\/uploads\/2024\/09\/15-anos-de-la-ADAE-Panguipulli-2.jpg 2000w\" sizes=\"(max-width: 1024px) 100vw, 1024px\" \/><\/figure>\n<\/div>\n<\/div>\n\n\n\n<div style=\"height:35px\" aria-hidden=\"true\" class=\"wp-block-spacer\"><\/div>\n\n\n\n<hr class=\"wp-block-separator has-text-color has-cyan-bluish-gray-color has-alpha-channel-opacity has-cyan-bluish-gray-background-color has-background\"\/>\n\n\n\n<div style=\"height:35px\" aria-hidden=\"true\" class=\"wp-block-spacer\"><\/div>\n\n\n\n<div class=\"wp-block-columns is-layout-flex wp-container-core-columns-is-layout-9d6595d7 wp-block-columns-is-layout-flex\">\n<div class=\"wp-block-column is-layout-flow wp-block-column-is-layout-flow\">\n<h2 class=\"wp-block-heading\"><strong>Premios Cantera 2023<\/strong><\/h2>\n\n\n\n<figure class=\"wp-block-image size-large\"><img decoding=\"async\" width=\"1024\" height=\"737\" src=\"https:\/\/revistacampus.uandes.cl\/2024\/wp-content\/uploads\/2024\/09\/Premios-Cantera-2023-e1725399986750-1024x737.jpg\" alt=\"\" class=\"wp-image-1289\" srcset=\"https:\/\/revistacampus.uandes.cl\/2024\/wp-content\/uploads\/2024\/09\/Premios-Cantera-2023-e1725399986750-1024x737.jpg 1024w, https:\/\/revistacampus.uandes.cl\/2024\/wp-content\/uploads\/2024\/09\/Premios-Cantera-2023-e1725399986750-300x216.jpg 300w, https:\/\/revistacampus.uandes.cl\/2024\/wp-content\/uploads\/2024\/09\/Premios-Cantera-2023-e1725399986750-768x553.jpg 768w, https:\/\/revistacampus.uandes.cl\/2024\/wp-content\/uploads\/2024\/09\/Premios-Cantera-2023-e1725399986750-1536x1106.jpg 1536w, https:\/\/revistacampus.uandes.cl\/2024\/wp-content\/uploads\/2024\/09\/Premios-Cantera-2023-e1725399986750.jpg 1570w\" sizes=\"(max-width: 1024px) 100vw, 1024px\" \/><\/figure>\n<\/div>\n\n\n\n<div class=\"wp-block-column is-vertically-aligned-bottom is-layout-flow wp-block-column-is-layout-flow\">\n<p>Luego de recibir apoyo a trav\u00e9s de charlas y mentor\u00edas, tres proyectos de emprendimiento e innovaci\u00f3n social recibieron financiamiento a trav\u00e9s de <a href=\"https:\/\/www.uandes.cl\/noticias\/proyectos-emprendimiento-innovacion-social-educacion-salud-cantera\/\" target=\"_blank\" rel=\"noreferrer noopener\">Cantera UANDES<\/a>. El primer lugar lo obtuvo <strong>\u201cVoluntariado 2.0: Salud Calle\u201d, liderado por Mar\u00eda de la Luz Rojas<\/strong>, egresada de Kinesiolog\u00eda en 2022. <strong>\u201cPediatr\u00eda Educa\u201d, representado por la egresada de Pediatr\u00eda Antonia Fuentes<\/strong>, obtuvo el segundo lugar con la idea de acompa\u00f1ar a padres y cuidadores en la crianza de los ni\u00f1os. Y el tercer lugar fue para el emblem\u00e1tico proyecto <strong>SOFI -Salud Oral Familiar Integral-, recibido por la alumna de Odontolog\u00eda Josefina Gonz\u00e1lez<\/strong>.<\/p>\n<\/div>\n<\/div>\n\n\n\n<div style=\"height:35px\" aria-hidden=\"true\" class=\"wp-block-spacer\"><\/div>\n\n\n\n<div style=\"height:35px\" aria-hidden=\"true\" class=\"wp-block-spacer\"><\/div>\n\n\n\n<hr class=\"wp-block-separator has-text-color has-cyan-bluish-gray-color has-alpha-channel-opacity has-cyan-bluish-gray-background-color has-background\"\/>\n\n\n\n<div style=\"height:35px\" aria-hidden=\"true\" class=\"wp-block-spacer\"><\/div>\n\n\n\n<div class=\"wp-block-columns is-layout-flex wp-container-core-columns-is-layout-9d6595d7 wp-block-columns-is-layout-flex\">\n<div class=\"wp-block-column is-layout-flow wp-block-column-is-layout-flow\">\n<h2 class=\"wp-block-heading\"><strong>600 j\u00f3venes participan en CONADEO 2023<\/strong><\/h2>\n\n\n\n<figure class=\"wp-block-image size-large is-resized\"><img decoding=\"async\" width=\"1024\" height=\"678\" src=\"https:\/\/revistacampus.uandes.cl\/2024\/wp-content\/uploads\/2024\/09\/600-jovenes-participan-en-CONADEO-2023-1024x678.jpg\" alt=\"\" class=\"wp-image-1298\" style=\"width:564px;height:auto\" srcset=\"https:\/\/revistacampus.uandes.cl\/2024\/wp-content\/uploads\/2024\/09\/600-jovenes-participan-en-CONADEO-2023-1024x678.jpg 1024w, https:\/\/revistacampus.uandes.cl\/2024\/wp-content\/uploads\/2024\/09\/600-jovenes-participan-en-CONADEO-2023-300x199.jpg 300w, https:\/\/revistacampus.uandes.cl\/2024\/wp-content\/uploads\/2024\/09\/600-jovenes-participan-en-CONADEO-2023-768x509.jpg 768w, https:\/\/revistacampus.uandes.cl\/2024\/wp-content\/uploads\/2024\/09\/600-jovenes-participan-en-CONADEO-2023-1536x1018.jpg 1536w, https:\/\/revistacampus.uandes.cl\/2024\/wp-content\/uploads\/2024\/09\/600-jovenes-participan-en-CONADEO-2023.jpg 2000w\" sizes=\"(max-width: 1024px) 100vw, 1024px\" \/><\/figure>\n<\/div>\n\n\n\n<div class=\"wp-block-column is-vertically-aligned-bottom is-layout-flow wp-block-column-is-layout-flow\">\n<p>El <strong><a href=\"https:\/\/www.uandes.cl\/noticias\/mas-de-600-alumnos-de-odontologia-de-todo-el-pais-participaron-en-el-conadeo-2023\/\" target=\"_blank\" rel=\"noreferrer noopener\">Congreso Nacional de Estudiantes de Odontolog\u00eda (CONADEO)<\/a><\/strong> recibi\u00f3 a estudiantes de diferentes regiones del pa\u00eds para este encuentro anual, que fue organizado por la <em><a href=\"https:\/\/www.calciouandes.com\/calcio\" target=\"_blank\" rel=\"noreferrer noopener\">Comisi\u00f3n de Alumnos Cient\u00edfica de Odontolog\u00eda<\/a><\/em> de la Universidad de los Andes (CALCIO). \u201cSomos un equipo de 15 alumnos de pregrado que se juntaron peri\u00f3dicamente a planificar hasta el m\u00e1s m\u00ednimo detalle que se nos cruz\u00f3 por la mente, con una visi\u00f3n conjunta de c\u00f3mo quer\u00edamos que se vieran y sintieran estas 3 jornadas\u201d, explic\u00f3 la <strong>presidenta de CALCIO, Roc\u00edo Maturana<\/strong>. En la oportunidad, tambi\u00e9n se llev\u00f3 a cabo un concurso cient\u00edfico para que los participantes presentaran sus trabajos de investigaci\u00f3n.<\/p>\n<\/div>\n<\/div>\n\n\n\n<div style=\"height:35px\" aria-hidden=\"true\" class=\"wp-block-spacer\"><\/div>\n\n\n\n<hr class=\"wp-block-separator has-text-color has-cyan-bluish-gray-color has-alpha-channel-opacity has-cyan-bluish-gray-background-color has-background\"\/>\n\n\n\n<div style=\"height:35px\" aria-hidden=\"true\" class=\"wp-block-spacer\"><\/div>\n\n\n\n<h2 class=\"wp-block-heading\"><strong>Proyectos incubados se adjudican FAIS<\/strong><\/h2>\n\n\n\n<div class=\"wp-block-columns is-layout-flex wp-container-core-columns-is-layout-9d6595d7 wp-block-columns-is-layout-flex\">\n<div class=\"wp-block-column is-layout-flow wp-block-column-is-layout-flow\" style=\"flex-basis:50%\">\n<p>De un total de 46 propuestas inscritas, ocho proyectos llegaron a la final de la <a href=\"https:\/\/www.uandes.cl\/noticias\/incubadora-de-innovacion-sostenible-cierra-con-exito-su-tercera-version\/\" target=\"_blank\" rel=\"noreferrer noopener\">tercera versi\u00f3n de la Incubadora de Innovaci\u00f3n Sostenible<\/a>. A trav\u00e9s de la plataforma de <em><a href=\"https:\/\/www.digevoventures.com\/\" target=\"_blank\" rel=\"noreferrer noopener\">Digevo Ventures<\/a><\/em>, los estudiantes accedieron a herramientas y mentores para armar su plan de negocio, dar forma a su proyecto y elaborar un Producto M\u00ednimo Viable. Luego de cuatro meses de trabajo, los participantes (alumnos de <a href=\"https:\/\/www.uandes.cl\/carrera\/ingenieria-comercial\/\" target=\"_blank\" rel=\"noreferrer noopener\">Ingenier\u00eda Comercial<\/a>, del <a href=\"https:\/\/postgradosuandes.cl\/magister\/innovacion-sostenible\/\" target=\"_blank\" rel=\"noreferrer noopener\">Mag\u00edster en Innovaci\u00f3n Sostenible<\/a> y docentes de <a href=\"https:\/\/www.uandes.cl\/carrera\/fonoaudiologia\/\" target=\"_blank\" rel=\"noreferrer noopener\">Fonoaudiolog\u00eda <\/a>y <a href=\"https:\/\/www.uandes.cl\/carrera\/odontologia\/\" target=\"_blank\" rel=\"noreferrer noopener\">Odontolog\u00eda<\/a>) presentaron su <em>pitch <\/em>frente a un jurado conformado por expertos de sectores como banca, venture capital, inteligencia artificial e innovaci\u00f3n, y obtuvieron financiamiento a trav\u00e9s del <strong>Fondo de Innovaci\u00f3n Social (FAIS)<\/strong>.<\/p>\n<\/div>\n\n\n\n<div class=\"wp-block-column is-layout-flow wp-block-column-is-layout-flow\" style=\"flex-basis:50%\">\n<figure class=\"wp-block-image size-large\"><img loading=\"lazy\" decoding=\"async\" width=\"1024\" height=\"682\" src=\"https:\/\/revistacampus.uandes.cl\/2024\/wp-content\/uploads\/2024\/09\/Proyectos-incubados-se-adjudican-FAIS-1024x682.jpg\" alt=\"\" class=\"wp-image-1303\" srcset=\"https:\/\/revistacampus.uandes.cl\/2024\/wp-content\/uploads\/2024\/09\/Proyectos-incubados-se-adjudican-FAIS-1024x682.jpg 1024w, https:\/\/revistacampus.uandes.cl\/2024\/wp-content\/uploads\/2024\/09\/Proyectos-incubados-se-adjudican-FAIS-300x200.jpg 300w, https:\/\/revistacampus.uandes.cl\/2024\/wp-content\/uploads\/2024\/09\/Proyectos-incubados-se-adjudican-FAIS-768x512.jpg 768w, https:\/\/revistacampus.uandes.cl\/2024\/wp-content\/uploads\/2024\/09\/Proyectos-incubados-se-adjudican-FAIS-1536x1024.jpg 1536w, https:\/\/revistacampus.uandes.cl\/2024\/wp-content\/uploads\/2024\/09\/Proyectos-incubados-se-adjudican-FAIS.jpg 2000w\" sizes=\"(max-width: 1024px) 100vw, 1024px\" \/><\/figure>\n<\/div>\n<\/div>\n\n\n\n<div style=\"height:35px\" aria-hidden=\"true\" class=\"wp-block-spacer\"><\/div>\n\n\n\n<hr class=\"wp-block-separator has-text-color has-cyan-bluish-gray-color has-alpha-channel-opacity has-cyan-bluish-gray-background-color has-background\"\/>\n\n\n\n<div style=\"height:35px\" aria-hidden=\"true\" class=\"wp-block-spacer\"><\/div>\n\n\n\n<h2 class=\"wp-block-heading\"><strong>Primer concierto formando la m\u00fasica<\/strong><\/h2>\n\n\n\n<figure class=\"wp-block-image size-large\"><img loading=\"lazy\" decoding=\"async\" width=\"1024\" height=\"410\" src=\"https:\/\/revistacampus.uandes.cl\/2024\/wp-content\/uploads\/2024\/09\/Primer-concierto-Formando-la-Musica-2-e1725400572525-1024x410.jpg\" alt=\"\" class=\"wp-image-1305\" srcset=\"https:\/\/revistacampus.uandes.cl\/2024\/wp-content\/uploads\/2024\/09\/Primer-concierto-Formando-la-Musica-2-e1725400572525-1024x410.jpg 1024w, https:\/\/revistacampus.uandes.cl\/2024\/wp-content\/uploads\/2024\/09\/Primer-concierto-Formando-la-Musica-2-e1725400572525-300x120.jpg 300w, https:\/\/revistacampus.uandes.cl\/2024\/wp-content\/uploads\/2024\/09\/Primer-concierto-Formando-la-Musica-2-e1725400572525-768x307.jpg 768w, https:\/\/revistacampus.uandes.cl\/2024\/wp-content\/uploads\/2024\/09\/Primer-concierto-Formando-la-Musica-2-e1725400572525-1536x614.jpg 1536w, https:\/\/revistacampus.uandes.cl\/2024\/wp-content\/uploads\/2024\/09\/Primer-concierto-Formando-la-Musica-2-e1725400572525.jpg 1900w\" sizes=\"(max-width: 1024px) 100vw, 1024px\" \/><\/figure>\n\n\n\n<p>La <a href=\"http:\/\/uandes.cl\" target=\"_blank\" rel=\"noreferrer noopener\">Universidad de los Andes<\/a>, en alianza con la <em>Corporaci\u00f3n Cultural de Lo Barnechea<\/em>, present\u00f3 en concierto al <em>Coro y Orquesta de Alumnos<\/em>, junto a la <em>Orquesta Infantil y Juvenil de Lo Barnechea<\/em>. <strong>Los tres elencos art\u00edsticos <a href=\"https:\/\/www.uandes.cl\/eventos\/concierto-formando-musica\/\" target=\"_blank\" rel=\"noreferrer noopener\">interpretaron obras<\/a><\/strong> desde el romanticismo de Tchaikovsky hasta grandes \u00e9xitos de Elvis Presley y The Beatles, en el Aula Magna de Biblioteca.<\/p>\n","protected":false},"excerpt":{"rendered":"<p>La formaci\u00f3n integral se evidencia a trav\u00e9s de las artes esc\u00e9nicas, la m\u00fasica, los proyectos de innovaci\u00f3n social y los congresos estudiantiles.<\/p>\n","protected":false},"author":1,"featured_media":1285,"comment_status":"open","ping_status":"open","sticky":false,"template":"","format":"standard","meta":{"footnotes":""},"categories":[41,10,1],"tags":[],"class_list":["post-1284","post","type-post","status-publish","format-standard","has-post-thumbnail","hentry","category-estudiantes-uandes","category-estudiantes","category-sin-categoria"],"_links":{"self":[{"href":"https:\/\/revistacampus.uandes.cl\/2024\/wp-json\/wp\/v2\/posts\/1284","targetHints":{"allow":["GET"]}}],"collection":[{"href":"https:\/\/revistacampus.uandes.cl\/2024\/wp-json\/wp\/v2\/posts"}],"about":[{"href":"https:\/\/revistacampus.uandes.cl\/2024\/wp-json\/wp\/v2\/types\/post"}],"author":[{"embeddable":true,"href":"https:\/\/revistacampus.uandes.cl\/2024\/wp-json\/wp\/v2\/users\/1"}],"replies":[{"embeddable":true,"href":"https:\/\/revistacampus.uandes.cl\/2024\/wp-json\/wp\/v2\/comments?post=1284"}],"version-history":[{"count":17,"href":"https:\/\/revistacampus.uandes.cl\/2024\/wp-json\/wp\/v2\/posts\/1284\/revisions"}],"predecessor-version":[{"id":1866,"href":"https:\/\/revistacampus.uandes.cl\/2024\/wp-json\/wp\/v2\/posts\/1284\/revisions\/1866"}],"wp:featuredmedia":[{"embeddable":true,"href":"https:\/\/revistacampus.uandes.cl\/2024\/wp-json\/wp\/v2\/media\/1285"}],"wp:attachment":[{"href":"https:\/\/revistacampus.uandes.cl\/2024\/wp-json\/wp\/v2\/media?parent=1284"}],"wp:term":[{"taxonomy":"category","embeddable":true,"href":"https:\/\/revistacampus.uandes.cl\/2024\/wp-json\/wp\/v2\/categories?post=1284"},{"taxonomy":"post_tag","embeddable":true,"href":"https:\/\/revistacampus.uandes.cl\/2024\/wp-json\/wp\/v2\/tags?post=1284"}],"curies":[{"name":"wp","href":"https:\/\/api.w.org\/{rel}","templated":true}]}}