{"id":1232,"date":"2024-09-02T18:44:34","date_gmt":"2024-09-02T21:44:34","guid":{"rendered":"https:\/\/revistacampus.uandes.cl\/2024\/?p=1232"},"modified":"2024-09-05T19:53:46","modified_gmt":"2024-09-05T22:53:46","slug":"estudiantes-deportistas","status":"publish","type":"post","link":"https:\/\/revistacampus.uandes.cl\/2024\/estudiantes-deportistas\/","title":{"rendered":"Estudiantes Deportistas"},"content":{"rendered":"\n<h1 class=\"wp-block-heading\"><mark style=\"background-color:rgba(0, 0, 0, 0);color:#e00e17\" class=\"has-inline-color\">De Santiago 2023 a Par\u00eds 2024<\/mark><\/h1>\n\n\n\n<p><strong><a href=\"https:\/\/www.instagram.com\/martinsaenzsm\/?hl=es\" target=\"_blank\" rel=\"noreferrer noopener\">Mart\u00edn S\u00e1enz<\/a> (ICOM) roz\u00f3 el bronce en la final de los 110m vallas de los \u00faltimos juegos panamericanos<\/strong>. Con 14,05\u201d estuvo a solo una cent\u00e9sima de colgarse una medalla en el Estadio Nacional. Y este a\u00f1o, luego de competir en Francia, Polonia y Suiza durante junio, el <em>recordman <\/em>chileno de la disciplina clasific\u00f3 entre los 40 seleccionados para la cita de los anillos. Luego de su <strong>primera participaci\u00f3n en unos Juegos Ol\u00edmpicos<\/strong>, el segundo semestre <strong>vuelve a defender los colores de la UANDES<\/strong> en los campeonatos universitarios de posta y vallas, mostrando que su compromiso con el deporte es a todo nivel.<\/p>\n\n\n\n<div style=\"height:30px\" aria-hidden=\"true\" class=\"wp-block-spacer\"><\/div>\n\n\n\n<hr class=\"wp-block-separator has-text-color has-alpha-channel-opacity has-background\" style=\"background-color:#e00e17;color:#e00e17\"\/>\n\n\n\n<div style=\"height:30px\" aria-hidden=\"true\" class=\"wp-block-spacer\"><\/div>\n\n\n\n<h1 class=\"wp-block-heading\"><strong><mark style=\"background-color:rgba(0, 0, 0, 0);color:#e00e17\" class=\"has-inline-color\">Campeona de taekwondo y m\u00e1s<\/mark><\/strong><\/h1>\n\n\n\n<div class=\"wp-block-columns is-layout-flex wp-container-core-columns-is-layout-9d6595d7 wp-block-columns-is-layout-flex\">\n<div class=\"wp-block-column is-layout-flow wp-block-column-is-layout-flow\">\n<figure class=\"wp-block-image size-large\"><img fetchpriority=\"high\" decoding=\"async\" width=\"768\" height=\"1024\" src=\"https:\/\/revistacampus.uandes.cl\/2024\/wp-content\/uploads\/2024\/09\/Campeona-de-taekwondo-y-mas-2-768x1024.jpg\" alt=\"\" class=\"wp-image-1234\" style=\"aspect-ratio:1;object-fit:cover\" srcset=\"https:\/\/revistacampus.uandes.cl\/2024\/wp-content\/uploads\/2024\/09\/Campeona-de-taekwondo-y-mas-2-768x1024.jpg 768w, https:\/\/revistacampus.uandes.cl\/2024\/wp-content\/uploads\/2024\/09\/Campeona-de-taekwondo-y-mas-2-225x300.jpg 225w, https:\/\/revistacampus.uandes.cl\/2024\/wp-content\/uploads\/2024\/09\/Campeona-de-taekwondo-y-mas-2-1152x1536.jpg 1152w, https:\/\/revistacampus.uandes.cl\/2024\/wp-content\/uploads\/2024\/09\/Campeona-de-taekwondo-y-mas-2.jpg 1500w\" sizes=\"(max-width: 768px) 100vw, 768px\" \/><\/figure>\n<\/div>\n\n\n\n<div class=\"wp-block-column is-layout-flow wp-block-column-is-layout-flow\">\n<figure class=\"wp-block-image size-large\"><img decoding=\"async\" width=\"1024\" height=\"1024\" src=\"https:\/\/revistacampus.uandes.cl\/2024\/wp-content\/uploads\/2024\/09\/Campeona-de-taekwondo-y-mas-1-1024x1024.jpg\" alt=\"\" class=\"wp-image-1235\" style=\"aspect-ratio:1;object-fit:cover\" srcset=\"https:\/\/revistacampus.uandes.cl\/2024\/wp-content\/uploads\/2024\/09\/Campeona-de-taekwondo-y-mas-1-1024x1024.jpg 1024w, https:\/\/revistacampus.uandes.cl\/2024\/wp-content\/uploads\/2024\/09\/Campeona-de-taekwondo-y-mas-1-300x300.jpg 300w, https:\/\/revistacampus.uandes.cl\/2024\/wp-content\/uploads\/2024\/09\/Campeona-de-taekwondo-y-mas-1-150x150.jpg 150w, https:\/\/revistacampus.uandes.cl\/2024\/wp-content\/uploads\/2024\/09\/Campeona-de-taekwondo-y-mas-1-768x768.jpg 768w, https:\/\/revistacampus.uandes.cl\/2024\/wp-content\/uploads\/2024\/09\/Campeona-de-taekwondo-y-mas-1-1536x1536.jpg 1536w, https:\/\/revistacampus.uandes.cl\/2024\/wp-content\/uploads\/2024\/09\/Campeona-de-taekwondo-y-mas-1.jpg 2000w\" sizes=\"(max-width: 1024px) 100vw, 1024px\" \/><\/figure>\n<\/div>\n<\/div>\n\n\n\n<p>La seleccionada nacional <strong>Javiera O\u2019Ryan, alumna de International Business<\/strong>, ha sido cinco veces <strong><a href=\"https:\/\/www.uandes.cl\/noticias\/alumna-de-international-business-competira-en-7-categorias-en-el-mundial-de-karate-en-estados-unidos-2024\/\" target=\"_blank\" rel=\"noreferrer noopener\">campeona mundial de taekwondo<\/a><\/strong> y seis veces vicecampeona, adem\u00e1s de alzar medallas panamericanas y nacionales en siete categor\u00edas diferentes, tanto de manera individual como grupal. En lo acad\u00e9mico, en 2023 obtuvo el primer lugar en el <em>concurso VOCES por el Bienestar<\/em>, del Grupo Credicorp, y en el concurso de emprendimiento e innovaci\u00f3n <a href=\"https:\/\/www.uandes.cl\/noticias\/ganadores-de-septima-edicion-de-challenger-proponen-reutilizacion-de-cascaras-de-nueces-para-fabricacion-de-juguetes-sustentables\/\" target=\"_blank\" rel=\"noreferrer noopener\">Challengers UANDES<\/a>, junto a sus equipos. Tambi\u00e9n es ayudante e instructor par en su carrera, ha participado en <em>Cantera UANDES<\/em> y se integr\u00f3 al equipo de handbol de la Universidad, para probar un nuevo deporte.<\/p>\n\n\n\n<div style=\"height:30px\" aria-hidden=\"true\" class=\"wp-block-spacer\"><\/div>\n\n\n\n<hr class=\"wp-block-separator has-text-color has-alpha-channel-opacity has-background\" style=\"background-color:#e00e17;color:#e00e17\"\/>\n\n\n\n<div style=\"height:30px\" aria-hidden=\"true\" class=\"wp-block-spacer\"><\/div>\n\n\n\n<h1 class=\"wp-block-heading\"><mark style=\"background-color:rgba(0, 0, 0, 0);color:#e00e17\" class=\"has-inline-color\"><strong>Hockey c\u00e9sped se sube al podio<\/strong><\/mark><\/h1>\n\n\n\n<div class=\"wp-block-columns is-layout-flex wp-container-core-columns-is-layout-9d6595d7 wp-block-columns-is-layout-flex\">\n<div class=\"wp-block-column is-layout-flow wp-block-column-is-layout-flow\">\n<figure class=\"wp-block-image size-large\"><img decoding=\"async\" width=\"1024\" height=\"768\" src=\"https:\/\/revistacampus.uandes.cl\/2024\/wp-content\/uploads\/2024\/09\/Hockey-cesped-se-sube-al-podio-UANDES-1024x768.jpg\" alt=\"\" class=\"wp-image-1238\" style=\"aspect-ratio:1;object-fit:cover\" srcset=\"https:\/\/revistacampus.uandes.cl\/2024\/wp-content\/uploads\/2024\/09\/Hockey-cesped-se-sube-al-podio-UANDES-1024x768.jpg 1024w, https:\/\/revistacampus.uandes.cl\/2024\/wp-content\/uploads\/2024\/09\/Hockey-cesped-se-sube-al-podio-UANDES-300x225.jpg 300w, https:\/\/revistacampus.uandes.cl\/2024\/wp-content\/uploads\/2024\/09\/Hockey-cesped-se-sube-al-podio-UANDES-768x576.jpg 768w, https:\/\/revistacampus.uandes.cl\/2024\/wp-content\/uploads\/2024\/09\/Hockey-cesped-se-sube-al-podio-UANDES-1536x1152.jpg 1536w, https:\/\/revistacampus.uandes.cl\/2024\/wp-content\/uploads\/2024\/09\/Hockey-cesped-se-sube-al-podio-UANDES.jpg 2000w\" sizes=\"(max-width: 1024px) 100vw, 1024px\" \/><\/figure>\n<\/div>\n\n\n\n<div class=\"wp-block-column is-layout-flow wp-block-column-is-layout-flow\">\n<figure class=\"wp-block-image size-large\"><img loading=\"lazy\" decoding=\"async\" width=\"1024\" height=\"576\" src=\"https:\/\/revistacampus.uandes.cl\/2024\/wp-content\/uploads\/2024\/09\/Hockey-cesped-se-sube-al-podio-Diablas-1024x576.jpg\" alt=\"\" class=\"wp-image-1239\" style=\"aspect-ratio:1;object-fit:cover\" srcset=\"https:\/\/revistacampus.uandes.cl\/2024\/wp-content\/uploads\/2024\/09\/Hockey-cesped-se-sube-al-podio-Diablas-1024x576.jpg 1024w, https:\/\/revistacampus.uandes.cl\/2024\/wp-content\/uploads\/2024\/09\/Hockey-cesped-se-sube-al-podio-Diablas-300x169.jpg 300w, https:\/\/revistacampus.uandes.cl\/2024\/wp-content\/uploads\/2024\/09\/Hockey-cesped-se-sube-al-podio-Diablas-768x432.jpg 768w, https:\/\/revistacampus.uandes.cl\/2024\/wp-content\/uploads\/2024\/09\/Hockey-cesped-se-sube-al-podio-Diablas-1536x864.jpg 1536w, https:\/\/revistacampus.uandes.cl\/2024\/wp-content\/uploads\/2024\/09\/Hockey-cesped-se-sube-al-podio-Diablas.jpg 2000w\" sizes=\"(max-width: 1024px) 100vw, 1024px\" \/><\/figure>\n<\/div>\n<\/div>\n\n\n\n<p><strong>La alumna <a href=\"https:\/\/www.fih.hockey\/events\/nations-cup\/women\/fih-hockey-womens-nations-cup-spain-2022-1438\/player\/martinez-amanda-21648\" target=\"_blank\" rel=\"noreferrer noopener\">Amanda Mart\u00ednez<\/a> (Kine) y la alumni <a href=\"https:\/\/www.instagram.com\/domeananias\/?hl=es\" target=\"_blank\" rel=\"noreferrer noopener\">Dom\u00e9nica Anan\u00edas<\/a> (PSI 2023) hicieron historia junto a <a href=\"https:\/\/www.instagram.com\/hockeychiledamas\/?hl=es\" target=\"_blank\" rel=\"noreferrer noopener\">Las Diablas<\/a><\/strong> al colgarse la medalla de bronce en hockey c\u00e9sped femenino en los <em>Juegos Panamericanos Santiago 2023<\/em>. Ese mismo a\u00f1o, la <strong>selecci\u00f3n de la UANDES<\/strong> tambi\u00e9n logr\u00f3 su mejor actuaci\u00f3n al quedarse con la <strong>plata en el torneo de la Asociaci\u00f3n Deportiva de Universidades Privadas (ADUPRI)<\/strong>. Para el equipo fue un gran logro, explica su <strong>capitana Dominga Bone (ENF)<\/strong>, pues llegaron invictas a la final y solo entonces fueron vencidas por la Universidad Cat\u00f3lica, en un deporte que tiene futuro.<\/p>\n\n\n\n<div style=\"height:30px\" aria-hidden=\"true\" class=\"wp-block-spacer\"><\/div>\n\n\n\n<hr class=\"wp-block-separator has-text-color has-alpha-channel-opacity has-background\" style=\"background-color:#e00e17;color:#e00e17\"\/>\n\n\n\n<div style=\"height:30px\" aria-hidden=\"true\" class=\"wp-block-spacer\"><\/div>\n\n\n\n<div class=\"wp-block-columns is-layout-flex wp-container-core-columns-is-layout-9d6595d7 wp-block-columns-is-layout-flex\">\n<div class=\"wp-block-column is-vertically-aligned-center is-layout-flow wp-block-column-is-layout-flow\">\n<h1 class=\"wp-block-heading\"><mark style=\"background-color:rgba(0, 0, 0, 0);color:#e00e17\" class=\"has-inline-color\"><strong>F\u00fatbol tricampe\u00f3n en ldes<\/strong><\/mark><\/h1>\n\n\n\n<figure class=\"wp-block-image size-large is-resized\"><img loading=\"lazy\" decoding=\"async\" width=\"1024\" height=\"682\" src=\"https:\/\/revistacampus.uandes.cl\/2024\/wp-content\/uploads\/2024\/09\/Futbol-tricampeon-en-LDES-e1725398913841-1024x682.jpg\" alt=\"\" class=\"wp-image-1240\" style=\"width:651px;height:auto\" srcset=\"https:\/\/revistacampus.uandes.cl\/2024\/wp-content\/uploads\/2024\/09\/Futbol-tricampeon-en-LDES-e1725398913841-1024x682.jpg 1024w, https:\/\/revistacampus.uandes.cl\/2024\/wp-content\/uploads\/2024\/09\/Futbol-tricampeon-en-LDES-e1725398913841-300x200.jpg 300w, https:\/\/revistacampus.uandes.cl\/2024\/wp-content\/uploads\/2024\/09\/Futbol-tricampeon-en-LDES-e1725398913841-768x512.jpg 768w, https:\/\/revistacampus.uandes.cl\/2024\/wp-content\/uploads\/2024\/09\/Futbol-tricampeon-en-LDES-e1725398913841.jpg 1430w\" sizes=\"(max-width: 1024px) 100vw, 1024px\" \/><\/figure>\n<\/div>\n\n\n\n<div class=\"wp-block-column is-vertically-aligned-bottom is-layout-flow wp-block-column-is-layout-flow\">\n<p>La <strong>selecci\u00f3n masculina alz\u00f3 su tercera copa en el primer semestre de 2023 en la Liga Deportiva de Educaci\u00f3n Superior<\/strong>. Aunque con un solo partido perdido durante todo el campeonato, llegaron a la final con la obligaci\u00f3n de vencer a un fuerte rival: la Universidad de las Am\u00e9ricas. Y lo lograron por uno a cero. \u201cEmpezando el segundo tiempo, le sacaron roja a un compa\u00f1ero, as\u00ed que nos quedamos con uno menos y todav\u00eda ten\u00edamos que ir a hacer el gol. Y el gol sali\u00f3 por una jugada por la banda derecha; salimos r\u00e1pido, un pase a <strong>Juan Pablo Sande<\/strong> fuera del \u00e1rea, que la clava al primer palo, por abajo, muy fuerte, un tiro inatajable\u201d, recuerda el <strong>capit\u00e1n Raimundo Lyon<\/strong>.<\/p>\n<\/div>\n<\/div>\n\n\n\n<div style=\"height:30px\" aria-hidden=\"true\" class=\"wp-block-spacer\"><\/div>\n\n\n\n<hr class=\"wp-block-separator has-text-color has-alpha-channel-opacity has-background\" style=\"background-color:#e00e17;color:#e00e17\"\/>\n\n\n\n<div style=\"height:30px\" aria-hidden=\"true\" class=\"wp-block-spacer\"><\/div>\n\n\n\n<h1 class=\"wp-block-heading\"><mark style=\"background-color:rgba(0, 0, 0, 0);color:#e00e17\" class=\"has-inline-color\"><strong>Tenis femenino clasifica al sudamericano<\/strong><\/mark><\/h1>\n\n\n\n<div class=\"wp-block-columns is-layout-flex wp-container-core-columns-is-layout-9d6595d7 wp-block-columns-is-layout-flex\">\n<div class=\"wp-block-column is-vertically-aligned-center is-layout-flow wp-block-column-is-layout-flow\" style=\"flex-basis:50%\">\n<p><strong>Javiera Lozano (MED) y Constanza Millas (ICOM) <a href=\"https:\/\/www.uandes.cl\/noticias\/seleccion-tenis-femenino-campeona-sudamericano\/\" target=\"_blank\" rel=\"noreferrer noopener\">obtuvieron el primer lugar<\/a> del Campeonato Nacional Universitario de Tenis 2023<\/strong>, al vencer 2-1 en la final al equipo de la Universidad Andr\u00e9s Bello. Esta victoria las dej\u00f3 <strong>clasificadas para competir en el torneo de la Federaci\u00f3n Internacional Sudamericana de Deporte Universitario (FISU)<\/strong>, en octubre de 2024. \u201cSabemos que no es un triunfo solo de nosotras, sino de toda la Universidad. Estamos muy agradecidas de todo el apoyo y queremos seguir represent\u00e1ndola de la mejor manera\u201d, asegura Constanza (a la izquierda de la foto).<\/p>\n<\/div>\n\n\n\n<div class=\"wp-block-column is-layout-flow wp-block-column-is-layout-flow\" style=\"flex-basis:50%\">\n<figure class=\"wp-block-image size-large\"><img loading=\"lazy\" decoding=\"async\" width=\"1024\" height=\"1024\" src=\"https:\/\/revistacampus.uandes.cl\/2024\/wp-content\/uploads\/2024\/09\/62_5___11_-ai-brush-removebg-9msglpka-1024x1024.png\" alt=\"\" class=\"wp-image-1247\" style=\"object-fit:cover\" srcset=\"https:\/\/revistacampus.uandes.cl\/2024\/wp-content\/uploads\/2024\/09\/62_5___11_-ai-brush-removebg-9msglpka-1024x1024.png 1024w, https:\/\/revistacampus.uandes.cl\/2024\/wp-content\/uploads\/2024\/09\/62_5___11_-ai-brush-removebg-9msglpka-300x300.png 300w, https:\/\/revistacampus.uandes.cl\/2024\/wp-content\/uploads\/2024\/09\/62_5___11_-ai-brush-removebg-9msglpka-150x150.png 150w, https:\/\/revistacampus.uandes.cl\/2024\/wp-content\/uploads\/2024\/09\/62_5___11_-ai-brush-removebg-9msglpka-768x768.png 768w, https:\/\/revistacampus.uandes.cl\/2024\/wp-content\/uploads\/2024\/09\/62_5___11_-ai-brush-removebg-9msglpka.png 1080w\" sizes=\"(max-width: 1024px) 100vw, 1024px\" \/><\/figure>\n<\/div>\n<\/div>\n","protected":false},"excerpt":{"rendered":"<p>Representan los colores de la Universidad en los Panamericanos, los Juegos Ol\u00edmpicos, los campeonatos mundiales y las ligas universitarias nacionales.<\/p>\n","protected":false},"author":1,"featured_media":1233,"comment_status":"open","ping_status":"open","sticky":false,"template":"","format":"standard","meta":{"footnotes":""},"categories":[41,10,1],"tags":[],"class_list":["post-1232","post","type-post","status-publish","format-standard","has-post-thumbnail","hentry","category-estudiantes-uandes","category-estudiantes","category-sin-categoria"],"_links":{"self":[{"href":"https:\/\/revistacampus.uandes.cl\/2024\/wp-json\/wp\/v2\/posts\/1232","targetHints":{"allow":["GET"]}}],"collection":[{"href":"https:\/\/revistacampus.uandes.cl\/2024\/wp-json\/wp\/v2\/posts"}],"about":[{"href":"https:\/\/revistacampus.uandes.cl\/2024\/wp-json\/wp\/v2\/types\/post"}],"author":[{"embeddable":true,"href":"https:\/\/revistacampus.uandes.cl\/2024\/wp-json\/wp\/v2\/users\/1"}],"replies":[{"embeddable":true,"href":"https:\/\/revistacampus.uandes.cl\/2024\/wp-json\/wp\/v2\/comments?post=1232"}],"version-history":[{"count":16,"href":"https:\/\/revistacampus.uandes.cl\/2024\/wp-json\/wp\/v2\/posts\/1232\/revisions"}],"predecessor-version":[{"id":1867,"href":"https:\/\/revistacampus.uandes.cl\/2024\/wp-json\/wp\/v2\/posts\/1232\/revisions\/1867"}],"wp:featuredmedia":[{"embeddable":true,"href":"https:\/\/revistacampus.uandes.cl\/2024\/wp-json\/wp\/v2\/media\/1233"}],"wp:attachment":[{"href":"https:\/\/revistacampus.uandes.cl\/2024\/wp-json\/wp\/v2\/media?parent=1232"}],"wp:term":[{"taxonomy":"category","embeddable":true,"href":"https:\/\/revistacampus.uandes.cl\/2024\/wp-json\/wp\/v2\/categories?post=1232"},{"taxonomy":"post_tag","embeddable":true,"href":"https:\/\/revistacampus.uandes.cl\/2024\/wp-json\/wp\/v2\/tags?post=1232"}],"curies":[{"name":"wp","href":"https:\/\/api.w.org\/{rel}","templated":true}]}}