{"id":1207,"date":"2024-09-02T18:11:18","date_gmt":"2024-09-02T21:11:18","guid":{"rendered":"https:\/\/revistacampus.uandes.cl\/2024\/?p=1207"},"modified":"2024-09-05T19:54:10","modified_gmt":"2024-09-05T22:54:10","slug":"estudiantes-comprometidos","status":"publish","type":"post","link":"https:\/\/revistacampus.uandes.cl\/2024\/estudiantes-comprometidos\/","title":{"rendered":"Estudiantes Comprometidos"},"content":{"rendered":"\n<p class=\"has-background\" style=\"background-color:#e3e3e3\"><img decoding=\"async\" width=\"60\" height=\"60\" class=\"wp-image-402\" style=\"width: 60px;\" src=\"https:\/\/revistacampus.uandes.cl\/2024\/wp-content\/uploads\/2024\/08\/VE-POR-MAS.png\" alt=\"\" srcset=\"https:\/\/revistacampus.uandes.cl\/2024\/wp-content\/uploads\/2024\/08\/VE-POR-MAS.png 250w, https:\/\/revistacampus.uandes.cl\/2024\/wp-content\/uploads\/2024\/08\/VE-POR-MAS-150x150.png 150w\" sizes=\"(max-width: 60px) 100vw, 60px\" \/><br>Por Francisca Brahm Garc\u00eda<\/p>\n\n\n\n<div style=\"height:47px\" aria-hidden=\"true\" class=\"wp-block-spacer\"><\/div>\n\n\n\n<h1 class=\"wp-block-heading\"><mark style=\"background-color:rgba(0, 0, 0, 0);color:#e00e17\" class=\"has-inline-color\"><strong>Diploma por m\u00e9rito acad\u00e9mico<\/strong><\/mark><\/h1>\n\n\n\n<p>\u201cEl esfuerzo desplegado para estar ac\u00e1 hoy es, sin ninguna duda, muy grande, y no solo el resultado del trabajo y dedicaci\u00f3n del a\u00f1o pasado, sino un reflejo del esfuerzo de todos estos a\u00f1os de carrera en que fuimos desarrollando un h\u00e1bito y compromiso con el estudio\u201d, expres\u00f3 el <strong>alumno de la Facultad de Derecho Joaqu\u00edn Donoso Eche\u00f1ique<\/strong>, en representaci\u00f3n de sus compa\u00f1eros. En la tradicional ceremonia, <a href=\"https:\/\/www.uandes.cl\/noticias\/merito-academico-un-camino-de-liderazgo-y-servicio\/\"><strong>73 j\u00f3venes de 21 carreras fueron reconocidos<\/strong><\/a> por alcanzar el mejor rendimiento durante el a\u00f1o anterior, acompa\u00f1ados por sus profesores, las principales autoridades universitarias y sus felices familias.<\/p>\n\n\n\n<div style=\"height:30px\" aria-hidden=\"true\" class=\"wp-block-spacer\"><\/div>\n\n\n\n<hr class=\"wp-block-separator has-text-color has-alpha-channel-opacity has-background\" style=\"background-color:#e00e17;color:#e00e17\"\/>\n\n\n\n<div style=\"height:30px\" aria-hidden=\"true\" class=\"wp-block-spacer\"><\/div>\n\n\n\n<h1 class=\"wp-block-heading\"><mark style=\"background-color:rgba(0, 0, 0, 0);color:#e00e17\" class=\"has-inline-color\"><strong>Nuevo c\u00f3digo de honor<\/strong><\/mark><\/h1>\n\n\n\n<div class=\"wp-block-columns is-layout-flex wp-container-core-columns-is-layout-9d6595d7 wp-block-columns-is-layout-flex\">\n<div class=\"wp-block-column is-vertically-aligned-center is-layout-flow wp-block-column-is-layout-flow\">\n<figure class=\"wp-block-image size-large is-resized\"><img fetchpriority=\"high\" decoding=\"async\" width=\"1024\" height=\"682\" src=\"https:\/\/revistacampus.uandes.cl\/2024\/wp-content\/uploads\/2024\/09\/Nuevo-Codigo-de-Honor-1024x682.jpg\" alt=\"\" class=\"wp-image-1214\" style=\"width:550px;height:auto\" srcset=\"https:\/\/revistacampus.uandes.cl\/2024\/wp-content\/uploads\/2024\/09\/Nuevo-Codigo-de-Honor-1024x682.jpg 1024w, https:\/\/revistacampus.uandes.cl\/2024\/wp-content\/uploads\/2024\/09\/Nuevo-Codigo-de-Honor-300x200.jpg 300w, https:\/\/revistacampus.uandes.cl\/2024\/wp-content\/uploads\/2024\/09\/Nuevo-Codigo-de-Honor-768x512.jpg 768w, https:\/\/revistacampus.uandes.cl\/2024\/wp-content\/uploads\/2024\/09\/Nuevo-Codigo-de-Honor-1536x1024.jpg 1536w, https:\/\/revistacampus.uandes.cl\/2024\/wp-content\/uploads\/2024\/09\/Nuevo-Codigo-de-Honor.jpg 2000w\" sizes=\"(max-width: 1024px) 100vw, 1024px\" \/><\/figure>\n<\/div>\n\n\n\n<div class=\"wp-block-column is-layout-flow wp-block-column-is-layout-flow\">\n<p>\u201cHoy celebramos que estamos decididos a trabajar por un mundo en donde los j\u00f3venes llevemos el respeto, la responsabilidad y las buenas pr\u00e1cticas por delante\u201d, resalt\u00f3 <strong>Constanza Brice\u00f1o, presidenta de la Federaci\u00f3n de Estudiantes<\/strong>, en la <a href=\"https:\/\/www.uandes.cl\/noticias\/codigo-honor-presentado-autoridades-estudiantes\/\" target=\"_blank\" rel=\"noreferrer noopener\">ceremonia de presentaci\u00f3n<\/a> del <a href=\"https:\/\/www.uandes.cl\/codigo-de-honor\/\" target=\"_blank\" rel=\"noreferrer noopener\"><strong>C\u00f3digo de Honor UANDES<\/strong><\/a>. Basado en la <em><a href=\"https:\/\/www.uandes.cl\/wp-content\/uploads\/2023\/05\/PIA-Mayo-2023.pdf\" target=\"_blank\" rel=\"noreferrer noopener\">Pol\u00edtica de Integridad Acad\u00e9mica<\/a><\/em>, aprobada en enero de 2023, el C\u00f3digo de Honor es fruto del trabajo colaborativo entre profesores, administrativos y estudiantes para seguir impulsando una cultura \u00e9tica en la comunidad universitaria, que mediante su firma se compromete con los principios de honestidad, justicia, responsabilidad e integridad acad\u00e9mica.<\/p>\n<\/div>\n<\/div>\n\n\n\n<div style=\"height:30px\" aria-hidden=\"true\" class=\"wp-block-spacer\"><\/div>\n\n\n\n<hr class=\"wp-block-separator has-text-color has-alpha-channel-opacity has-background\" style=\"background-color:#e00e17;color:#e00e17\"\/>\n\n\n\n<div style=\"height:30px\" aria-hidden=\"true\" class=\"wp-block-spacer\"><\/div>\n\n\n\n<h1 class=\"wp-block-heading\"><strong><mark style=\"background-color:rgba(0, 0, 0, 0);color:#e00e17\" class=\"has-inline-color\">Encuentro 3xi en valpara\u00edso<\/mark><\/strong><\/h1>\n\n\n\n<div class=\"wp-block-columns is-layout-flex wp-container-core-columns-is-layout-9d6595d7 wp-block-columns-is-layout-flex\">\n<div class=\"wp-block-column is-layout-flow wp-block-column-is-layout-flow\">\n<figure class=\"wp-block-image size-large\"><img decoding=\"async\" width=\"1024\" height=\"576\" src=\"https:\/\/revistacampus.uandes.cl\/2024\/wp-content\/uploads\/2024\/09\/Encuentro-3xi-en-Valparaiso-1-1024x576.jpg\" alt=\"\" class=\"wp-image-1220\" style=\"aspect-ratio:16\/9;object-fit:cover\" srcset=\"https:\/\/revistacampus.uandes.cl\/2024\/wp-content\/uploads\/2024\/09\/Encuentro-3xi-en-Valparaiso-1-1024x576.jpg 1024w, https:\/\/revistacampus.uandes.cl\/2024\/wp-content\/uploads\/2024\/09\/Encuentro-3xi-en-Valparaiso-1-300x169.jpg 300w, https:\/\/revistacampus.uandes.cl\/2024\/wp-content\/uploads\/2024\/09\/Encuentro-3xi-en-Valparaiso-1-768x432.jpg 768w, https:\/\/revistacampus.uandes.cl\/2024\/wp-content\/uploads\/2024\/09\/Encuentro-3xi-en-Valparaiso-1-1536x864.jpg 1536w, https:\/\/revistacampus.uandes.cl\/2024\/wp-content\/uploads\/2024\/09\/Encuentro-3xi-en-Valparaiso-1.jpg 2000w\" sizes=\"(max-width: 1024px) 100vw, 1024px\" \/><\/figure>\n<\/div>\n\n\n\n<div class=\"wp-block-column is-layout-flow wp-block-column-is-layout-flow\">\n<figure class=\"wp-block-image size-large\"><img loading=\"lazy\" decoding=\"async\" width=\"1024\" height=\"768\" src=\"https:\/\/revistacampus.uandes.cl\/2024\/wp-content\/uploads\/2024\/09\/Encuentro-3xi-en-Valparaiso-1024x768.jpg\" alt=\"\" class=\"wp-image-1221\" style=\"aspect-ratio:16\/9;object-fit:cover\" srcset=\"https:\/\/revistacampus.uandes.cl\/2024\/wp-content\/uploads\/2024\/09\/Encuentro-3xi-en-Valparaiso-1024x768.jpg 1024w, https:\/\/revistacampus.uandes.cl\/2024\/wp-content\/uploads\/2024\/09\/Encuentro-3xi-en-Valparaiso-300x225.jpg 300w, https:\/\/revistacampus.uandes.cl\/2024\/wp-content\/uploads\/2024\/09\/Encuentro-3xi-en-Valparaiso-768x576.jpg 768w, https:\/\/revistacampus.uandes.cl\/2024\/wp-content\/uploads\/2024\/09\/Encuentro-3xi-en-Valparaiso-1536x1152.jpg 1536w, https:\/\/revistacampus.uandes.cl\/2024\/wp-content\/uploads\/2024\/09\/Encuentro-3xi-en-Valparaiso.jpg 2000w\" sizes=\"(max-width: 1024px) 100vw, 1024px\" \/><\/figure>\n<\/div>\n<\/div>\n\n\n\n<p><strong>B\u00e1rbara D\u00e9ramond y Daniela Ram\u00edrez, alumnas de <a href=\"https:\/\/www.uandes.cl\/facultad\/parvulo\/\" target=\"_blank\" rel=\"noreferrer noopener\">Educaci\u00f3n de P\u00e1rvulos<\/a><\/strong>, representaron a la Universidad en esta iniciativa fundada por cinco organizaciones para promover, dise\u00f1ar y realizar encuentros acerca de la educaci\u00f3n. Junto al <strong>ministro de Educaci\u00f3n, Nicol\u00e1s Cataldo<\/strong>, y la <strong>subsecretaria de Educaci\u00f3n Parvularia, Claudia Lagos<\/strong>, los asistentes intercambiaron visiones y experiencias sobre educaci\u00f3n inicial, primaria, secundaria y t\u00e9cnico profesional, rural, p\u00fablica y privada. <strong><a href=\"https:\/\/www.uandes.cl\/personas\/bernardita-fuentes-marchant\/\" target=\"_blank\" rel=\"noreferrer noopener\">Bernardita Fuentes<\/a>, directora de la carrera<\/strong> y vicepresidenta del Consejo de la Sociedad Civil de la Subsecretar\u00eda de la Educaci\u00f3n Parvularia, acompa\u00f1\u00f3 a las estudiantes (<a href=\"https:\/\/www.uandes.cl\/noticias\/alumnas-participan-en-encuentro-3xi-en-el-que-se-abordo-la-urgencia-en-la-educacion\/\" target=\"_blank\" rel=\"noreferrer noopener\">ver m\u00e1s<\/a>).<\/p>\n\n\n\n<div style=\"height:30px\" aria-hidden=\"true\" class=\"wp-block-spacer\"><\/div>\n\n\n\n<div style=\"height:30px\" aria-hidden=\"true\" class=\"wp-block-spacer\"><\/div>\n\n\n\n<hr class=\"wp-block-separator has-text-color has-alpha-channel-opacity has-background\" style=\"background-color:#e00e17;color:#e00e17\"\/>\n\n\n\n<div style=\"height:30px\" aria-hidden=\"true\" class=\"wp-block-spacer\"><\/div>\n\n\n\n<h1 class=\"wp-block-heading\"><mark style=\"background-color:rgba(0, 0, 0, 0);color:#e00e17\" class=\"has-inline-color\"><strong>Pew\u00fcn organiza jornada de la juventud en san bernardo<\/strong><\/mark><\/h1>\n\n\n\n<div class=\"wp-block-columns is-layout-flex wp-container-core-columns-is-layout-9d6595d7 wp-block-columns-is-layout-flex\">\n<div class=\"wp-block-column is-layout-flow wp-block-column-is-layout-flow\" style=\"flex-basis:50%\">\n<figure class=\"wp-block-image size-full\"><img loading=\"lazy\" decoding=\"async\" width=\"531\" height=\"531\" src=\"https:\/\/revistacampus.uandes.cl\/2024\/wp-content\/uploads\/2024\/09\/pewun.jpg\" alt=\"\" class=\"wp-image-1427\" style=\"object-fit:cover\" srcset=\"https:\/\/revistacampus.uandes.cl\/2024\/wp-content\/uploads\/2024\/09\/pewun.jpg 531w, https:\/\/revistacampus.uandes.cl\/2024\/wp-content\/uploads\/2024\/09\/pewun-300x300.jpg 300w, https:\/\/revistacampus.uandes.cl\/2024\/wp-content\/uploads\/2024\/09\/pewun-150x150.jpg 150w\" sizes=\"(max-width: 531px) 100vw, 531px\" \/><\/figure>\n<\/div>\n\n\n\n<div class=\"wp-block-column is-vertically-aligned-center is-layout-flow wp-block-column-is-layout-flow\">\n<p>Tres d\u00edas de juegos, deportes, charlas motivacionales, misas, una procesi\u00f3n de velas a la Virgen Mar\u00eda y la ordenaci\u00f3n de seis sacerdotes marcaron la <a href=\"https:\/\/www.uandes.cl\/noticias\/pewun-comunidad-uandes-organiza-jornada-diocesana-de-la-juventud-en-san-bernardo\/\" target=\"_blank\" rel=\"noreferrer noopener\">primera Jornada Diocesana de la Juventud<\/a> de la di\u00f3cesis de San Bernardo, organizada por <a href=\"https:\/\/www.instagram.com\/pewun.uandes\/\" target=\"_blank\" rel=\"noreferrer noopener\">Pew\u00fcn<\/a>, un grupo de<strong> estudiantes, capellanes y profesores de la Facultad de Ciencias Econ\u00f3micas y Empresariales<\/strong>.<\/p>\n\n\n\n<p>Inspirados por la <em>Jornada Mundial de la Juventud<\/em>, 40 voluntarios lideraron las actividades de verano para 60 j\u00f3venes, con la idea de <strong>provocar un brote en la fe<\/strong>. De ah\u00ed viene el nombre del proyecto, que en mapudungun significa \u201cbrotar\u201d.<\/p>\n<\/div>\n<\/div>\n\n\n\n<div style=\"height:30px\" aria-hidden=\"true\" class=\"wp-block-spacer\"><\/div>\n\n\n\n<hr class=\"wp-block-separator has-text-color has-alpha-channel-opacity has-background\" style=\"background-color:#e00e17;color:#e00e17\"\/>\n\n\n\n<div style=\"height:30px\" aria-hidden=\"true\" class=\"wp-block-spacer\"><\/div>\n\n\n\n<h1 class=\"wp-block-heading\"><strong><mark style=\"background-color:rgba(0, 0, 0, 0);color:#e00e17\" class=\"has-inline-color\">Primera directiva de estudiantes de TRIP<\/mark><\/strong><\/h1>\n\n\n\n<div class=\"wp-block-columns is-layout-flex wp-container-core-columns-is-layout-9d6595d7 wp-block-columns-is-layout-flex\">\n<div class=\"wp-block-column is-layout-flow wp-block-column-is-layout-flow\" style=\"flex-basis:50%\"><div class=\"wp-block-image\">\n<figure class=\"aligncenter size-large\"><img loading=\"lazy\" decoding=\"async\" width=\"1024\" height=\"683\" src=\"https:\/\/revistacampus.uandes.cl\/2024\/wp-content\/uploads\/2024\/09\/TRIP-1024x683.jpg\" alt=\"\" class=\"wp-image-1428\" srcset=\"https:\/\/revistacampus.uandes.cl\/2024\/wp-content\/uploads\/2024\/09\/TRIP-1024x683.jpg 1024w, https:\/\/revistacampus.uandes.cl\/2024\/wp-content\/uploads\/2024\/09\/TRIP-300x200.jpg 300w, https:\/\/revistacampus.uandes.cl\/2024\/wp-content\/uploads\/2024\/09\/TRIP-768x512.jpg 768w, https:\/\/revistacampus.uandes.cl\/2024\/wp-content\/uploads\/2024\/09\/TRIP-1536x1024.jpg 1536w, https:\/\/revistacampus.uandes.cl\/2024\/wp-content\/uploads\/2024\/09\/TRIP.jpg 1920w\" sizes=\"(max-width: 1024px) 100vw, 1024px\" \/><figcaption class=\"wp-element-caption\"><sup>Primera directiva de estudiantes de los trabajos voluntarios TRIP<\/sup><\/figcaption><\/figure>\n<\/div><\/div>\n\n\n\n<div class=\"wp-block-column is-layout-flow wp-block-column-is-layout-flow\" style=\"flex-basis:50%\"><div class=\"wp-block-image\">\n<figure class=\"aligncenter size-large\"><img loading=\"lazy\" decoding=\"async\" width=\"1024\" height=\"681\" src=\"https:\/\/revistacampus.uandes.cl\/2024\/wp-content\/uploads\/2024\/09\/Primera-directiva-de-Estudiantes-de-TRIP-5-1024x681.jpg\" alt=\"\" class=\"wp-image-1228\" srcset=\"https:\/\/revistacampus.uandes.cl\/2024\/wp-content\/uploads\/2024\/09\/Primera-directiva-de-Estudiantes-de-TRIP-5-1024x681.jpg 1024w, https:\/\/revistacampus.uandes.cl\/2024\/wp-content\/uploads\/2024\/09\/Primera-directiva-de-Estudiantes-de-TRIP-5-300x200.jpg 300w, https:\/\/revistacampus.uandes.cl\/2024\/wp-content\/uploads\/2024\/09\/Primera-directiva-de-Estudiantes-de-TRIP-5-768x511.jpg 768w, https:\/\/revistacampus.uandes.cl\/2024\/wp-content\/uploads\/2024\/09\/Primera-directiva-de-Estudiantes-de-TRIP-5-1536x1022.jpg 1536w, https:\/\/revistacampus.uandes.cl\/2024\/wp-content\/uploads\/2024\/09\/Primera-directiva-de-Estudiantes-de-TRIP-5.jpg 2000w\" sizes=\"(max-width: 1024px) 100vw, 1024px\" \/><figcaption class=\"wp-element-caption\"><sup>TRIP: Tres Ramas Integradas de la Persona: profesional, social y formativa<\/sup><\/figcaption><\/figure>\n<\/div><\/div>\n<\/div>\n\n\n\n<p>649 personas se vieron beneficiadas por los <strong><a href=\"https:\/\/www.uandes.cl\/estudiantes\/vida-universitaria\/trip\/\" target=\"_blank\" rel=\"noreferrer noopener\">trabajos TRIP <\/a><\/strong>realizados en invierno de 2023. Durante una semana, profesores y estudiantes <a href=\"https:\/\/www.uandes.cl\/noticias\/alumnos-y-profesores-de-la-universidad-de-los-andes-realizan-trabajos-trip-en-paihuano\/\" target=\"_blank\" rel=\"noreferrer noopener\">viajaron a Paihuano<\/a>, Valle del Elqui, para una nueva versi\u00f3n de este voluntariado, impulsado por Vida Universitaria y organizado, por primera vez, por una directiva de estudiantes. Su trabajo continu\u00f3 en enero de 2024, cuando 17 carreras beneficiaron a 660 personas de <a href=\"https:\/\/www.uandes.cl\/noticias\/estudiantes-y-profesores-participaron-en-trabajos-trip-en-cobquecura\/\" target=\"_blank\" rel=\"noreferrer noopener\">Cobquecura, \u00d1uble, donde trabajaron en el Cesfam y en la Posta<\/a>; organizaron una escuela de verano para ni\u00f1os; entregaron asesor\u00eda jur\u00eddica, asesor\u00eda a microemprendedores y apoyo comunicacional al municipio, adem\u00e1s de realizar una feria de salud.<img loading=\"lazy\" decoding=\"async\" width=\"15\" height=\"15\" class=\"wp-image-402\" style=\"width: 15px;\" src=\"https:\/\/revistacampus.uandes.cl\/2024\/wp-content\/uploads\/2024\/08\/VE-POR-MAS.png\" alt=\"\" srcset=\"https:\/\/revistacampus.uandes.cl\/2024\/wp-content\/uploads\/2024\/08\/VE-POR-MAS.png 250w, https:\/\/revistacampus.uandes.cl\/2024\/wp-content\/uploads\/2024\/08\/VE-POR-MAS-150x150.png 150w\" sizes=\"(max-width: 15px) 100vw, 15px\" \/><\/p>\n","protected":false},"excerpt":{"rendered":"<p>Con el C\u00f3digo de Honor UANDES, la excelencia acad\u00e9mica, la educaci\u00f3n de las nuevas generaciones, los trabajos sociales y las misiones.<\/p>\n","protected":false},"author":1,"featured_media":1213,"comment_status":"open","ping_status":"open","sticky":false,"template":"","format":"standard","meta":{"footnotes":""},"categories":[41,10,1],"tags":[],"class_list":["post-1207","post","type-post","status-publish","format-standard","has-post-thumbnail","hentry","category-estudiantes-uandes","category-estudiantes","category-sin-categoria"],"_links":{"self":[{"href":"https:\/\/revistacampus.uandes.cl\/2024\/wp-json\/wp\/v2\/posts\/1207","targetHints":{"allow":["GET"]}}],"collection":[{"href":"https:\/\/revistacampus.uandes.cl\/2024\/wp-json\/wp\/v2\/posts"}],"about":[{"href":"https:\/\/revistacampus.uandes.cl\/2024\/wp-json\/wp\/v2\/types\/post"}],"author":[{"embeddable":true,"href":"https:\/\/revistacampus.uandes.cl\/2024\/wp-json\/wp\/v2\/users\/1"}],"replies":[{"embeddable":true,"href":"https:\/\/revistacampus.uandes.cl\/2024\/wp-json\/wp\/v2\/comments?post=1207"}],"version-history":[{"count":17,"href":"https:\/\/revistacampus.uandes.cl\/2024\/wp-json\/wp\/v2\/posts\/1207\/revisions"}],"predecessor-version":[{"id":1868,"href":"https:\/\/revistacampus.uandes.cl\/2024\/wp-json\/wp\/v2\/posts\/1207\/revisions\/1868"}],"wp:featuredmedia":[{"embeddable":true,"href":"https:\/\/revistacampus.uandes.cl\/2024\/wp-json\/wp\/v2\/media\/1213"}],"wp:attachment":[{"href":"https:\/\/revistacampus.uandes.cl\/2024\/wp-json\/wp\/v2\/media?parent=1207"}],"wp:term":[{"taxonomy":"category","embeddable":true,"href":"https:\/\/revistacampus.uandes.cl\/2024\/wp-json\/wp\/v2\/categories?post=1207"},{"taxonomy":"post_tag","embeddable":true,"href":"https:\/\/revistacampus.uandes.cl\/2024\/wp-json\/wp\/v2\/tags?post=1207"}],"curies":[{"name":"wp","href":"https:\/\/api.w.org\/{rel}","templated":true}]}}