{"id":1166,"date":"2024-09-02T17:45:17","date_gmt":"2024-09-02T20:45:17","guid":{"rendered":"https:\/\/revistacampus.uandes.cl\/2024\/?p=1166"},"modified":"2024-09-05T13:56:16","modified_gmt":"2024-09-05T16:56:16","slug":"universitarios-atienden-atletas-de-clase-mundial","status":"publish","type":"post","link":"https:\/\/revistacampus.uandes.cl\/2024\/universitarios-atienden-atletas-de-clase-mundial\/","title":{"rendered":"Universitarios atienden atletas de clase mundial"},"content":{"rendered":"\n<p><sub><sup>Dr. Mat\u00edas Salineros, jefe m\u00e9dico de Santiago 2023.<\/sup><\/sub><\/p>\n\n\n\n<p class=\"has-background\" style=\"background-color:#e3e3e3\"><img decoding=\"async\" width=\"60\" height=\"60\" class=\"wp-image-402\" style=\"width: 60px;\" src=\"https:\/\/revistacampus.uandes.cl\/2024\/wp-content\/uploads\/2024\/08\/VE-POR-MAS.png\" alt=\"\" srcset=\"https:\/\/revistacampus.uandes.cl\/2024\/wp-content\/uploads\/2024\/08\/VE-POR-MAS.png 250w, https:\/\/revistacampus.uandes.cl\/2024\/wp-content\/uploads\/2024\/08\/VE-POR-MAS-150x150.png 150w\" sizes=\"(max-width: 60px) 100vw, 60px\" \/><br><strong>Estudiantes de Kinesiolog\u00eda, Enfermer\u00eda, Odontolog\u00eda y residentes de Medicina<\/strong> participaron de los Juegos Panamericanos y Parapanamericanos 2023 como parte de los equipos m\u00e9dicos para los casi 7.000 deportistas.<br><br>Por Florencia Moya Cid<\/p>\n\n\n\n<div style=\"height:45px\" aria-hidden=\"true\" class=\"wp-block-spacer\"><\/div>\n\n\n\n<p>Chile fue protagonista de una de las fiestas deportivas m\u00e1s importantes del mundo: los <a href=\"https:\/\/www.santiago2023.org\/es\" target=\"_blank\" rel=\"noreferrer noopener\"><strong>Juegos Panamericanos y Parapanamericanos Santiago 2023<\/strong><\/a>, a los que llegaron deportistas de 41 pa\u00edses. Alumnos de la <a href=\"https:\/\/www.uandes.cl\/carrera\/kinesiologia\/\" target=\"_blank\" rel=\"noreferrer noopener\">Escuela de Kinesiolog\u00eda<\/a>, de la <a href=\"https:\/\/www.uandes.cl\/carrera\/enfermeria\/\" target=\"_blank\" rel=\"noreferrer noopener\">Escuela de Enfermer\u00eda<\/a>, de la <a href=\"https:\/\/www.uandes.cl\/carrera\/odontologia\/\" target=\"_blank\" rel=\"noreferrer noopener\">Facultad de Odontolog\u00eda<\/a> e internos de la <a href=\"https:\/\/postgradosuandes.cl\/especialidad-de-salud\/medicina-de-urgencia\/\" target=\"_blank\" rel=\"noreferrer noopener\">especialidad de Urgencia<\/a> de la <a href=\"https:\/\/www.uandes.cl\/facultad\/facultad-de-medicina\/\" target=\"_blank\" rel=\"noreferrer noopener\">Facultad de Medicina<\/a> asistieron con cuidados m\u00e9dicos a los deportistas y al p\u00fablico en la Villa Ol\u00edmpica y en el Estadio Nacional.<\/p>\n\n\n\n<div class=\"wp-block-columns is-layout-flex wp-container-core-columns-is-layout-9d6595d7 wp-block-columns-is-layout-flex\">\n<div class=\"wp-block-column is-layout-flow wp-block-column-is-layout-flow\" style=\"flex-basis:50%\">\n<figure class=\"wp-block-image size-large\"><img fetchpriority=\"high\" decoding=\"async\" width=\"1024\" height=\"769\" src=\"https:\/\/revistacampus.uandes.cl\/2024\/wp-content\/uploads\/2024\/09\/panamericans-ok-1024x769.jpg\" alt=\"\" class=\"wp-image-1172\" style=\"aspect-ratio:4\/3;object-fit:cover\" srcset=\"https:\/\/revistacampus.uandes.cl\/2024\/wp-content\/uploads\/2024\/09\/panamericans-ok-1024x769.jpg 1024w, https:\/\/revistacampus.uandes.cl\/2024\/wp-content\/uploads\/2024\/09\/panamericans-ok-300x225.jpg 300w, https:\/\/revistacampus.uandes.cl\/2024\/wp-content\/uploads\/2024\/09\/panamericans-ok-768x576.jpg 768w, https:\/\/revistacampus.uandes.cl\/2024\/wp-content\/uploads\/2024\/09\/panamericans-ok-1536x1153.jpg 1536w, https:\/\/revistacampus.uandes.cl\/2024\/wp-content\/uploads\/2024\/09\/panamericans-ok.jpg 2000w\" sizes=\"(max-width: 1024px) 100vw, 1024px\" \/><figcaption class=\"wp-element-caption\"><sub>Estudiantes de la Escuela de Kinesiolog\u00eda junto al profesor Marco Kokaly.<\/sub><\/figcaption><\/figure>\n<\/div>\n\n\n\n<div class=\"wp-block-column is-layout-flow wp-block-column-is-layout-flow\" style=\"flex-basis:50%\">\n<p>\u201cLa participaci\u00f3n de nuestros estudiantes en los mega eventos deportivos fue m\u00e1s que una oportunidad: form\u00f3 parte de su formaci\u00f3n integral acad\u00e9mica, y se transform\u00f3 en una especie de internado que les permiti\u00f3 sumergirse en un ambiente exigente y enriquecedor\u201d, afirma <strong><a href=\"https:\/\/www.uandes.cl\/personas\/marco-antonio-kokaly-farah\/\">Marco Kokaly<\/a>, acad\u00e9mico de la Escuela de Kinesiolog\u00eda<\/strong>. Desde la Villa Ol\u00edmpica hasta los centros deportivos particulares, <strong>los 25 futuros kinesi\u00f3logos desempe\u00f1aron roles fundamentales<\/strong>, abordando demandas cl\u00ednicas y log\u00edsticas de los eventos. Fue una experiencia que les brind\u00f3 una visi\u00f3n m\u00e1s profunda de su labor profesional en un entorno de alto rendimiento.<\/p>\n<\/div>\n<\/div>\n\n\n\n<div style=\"height:30px\" aria-hidden=\"true\" class=\"wp-block-spacer\"><\/div>\n\n\n\n<div class=\"wp-block-columns is-layout-flex wp-container-core-columns-is-layout-9d6595d7 wp-block-columns-is-layout-flex\">\n<div class=\"wp-block-column is-layout-flow wp-block-column-is-layout-flow\" style=\"flex-basis:40%\">\n<p>\u201cLo que m\u00e1s destaco es poder haber sido realmente un aporte y no un simple espectador. Me sent\u00ed parte de un equipo de trabajo, con una responsabilidad en las atenciones que me toc\u00f3 realizar, tanto en el policl\u00ednico de la Villa Panamericana como en cancha\u201d, destaca <strong><a href=\"https:\/\/www.linkedin.com\/in\/juan-pablo-contreras-schlein-5b381b287\/?originalSubdomain=cl\" target=\"_blank\" rel=\"noreferrer noopener\">Juan Pablo Contreras<\/a>, egresado de Kinesiolog\u00eda<\/strong>, quien colabor\u00f3 en Santiago 2023 mientras era alumno.<\/p>\n<\/div>\n\n\n\n<div class=\"wp-block-column is-layout-flow wp-block-column-is-layout-flow\" style=\"flex-basis:60%\">\n<figure class=\"wp-block-image size-large\"><img decoding=\"async\" width=\"1024\" height=\"771\" src=\"https:\/\/revistacampus.uandes.cl\/2024\/wp-content\/uploads\/2024\/09\/WhatsApp-Image-2024-05-03-at-09.43.33-2_2-1024x771.jpg\" alt=\"\" class=\"wp-image-1181\" style=\"aspect-ratio:16\/9;object-fit:cover\" srcset=\"https:\/\/revistacampus.uandes.cl\/2024\/wp-content\/uploads\/2024\/09\/WhatsApp-Image-2024-05-03-at-09.43.33-2_2-1024x771.jpg 1024w, https:\/\/revistacampus.uandes.cl\/2024\/wp-content\/uploads\/2024\/09\/WhatsApp-Image-2024-05-03-at-09.43.33-2_2-300x226.jpg 300w, https:\/\/revistacampus.uandes.cl\/2024\/wp-content\/uploads\/2024\/09\/WhatsApp-Image-2024-05-03-at-09.43.33-2_2-768x578.jpg 768w, https:\/\/revistacampus.uandes.cl\/2024\/wp-content\/uploads\/2024\/09\/WhatsApp-Image-2024-05-03-at-09.43.33-2_2-1536x1157.jpg 1536w, https:\/\/revistacampus.uandes.cl\/2024\/wp-content\/uploads\/2024\/09\/WhatsApp-Image-2024-05-03-at-09.43.33-2_2.jpg 2000w\" sizes=\"(max-width: 1024px) 100vw, 1024px\" \/><figcaption class=\"wp-element-caption\"><sub>Juan Pablo Contreras, como parte del equipo m\u00e9dico en Santiago 2023.<\/sub><\/figcaption><\/figure>\n<\/div>\n<\/div>\n\n\n\n<div class=\"wp-block-columns are-vertically-aligned-top has-white-background-color has-background is-layout-flex wp-container-core-columns-is-layout-9d6595d7 wp-block-columns-is-layout-flex\">\n<div class=\"wp-block-column is-vertically-aligned-top is-layout-flow wp-block-column-is-layout-flow\" style=\"flex-basis:33.34%\">\n<div style=\"height:100px\" aria-hidden=\"true\" class=\"wp-block-spacer\"><\/div>\n\n\n\n<h3 class=\"wp-block-heading has-text-align-center has-vivid-red-color has-text-color has-link-color wp-elements-7b1a5a8bf068d745773d01e63012403f\"><img decoding=\"async\" width=\"60\" height=\"60\" class=\"wp-image-402\" style=\"width: 60px;\" src=\"https:\/\/revistacampus.uandes.cl\/2024\/wp-content\/uploads\/2024\/08\/VE-POR-MAS.png\" alt=\"\" srcset=\"https:\/\/revistacampus.uandes.cl\/2024\/wp-content\/uploads\/2024\/08\/VE-POR-MAS.png 250w, https:\/\/revistacampus.uandes.cl\/2024\/wp-content\/uploads\/2024\/08\/VE-POR-MAS-150x150.png 150w\" sizes=\"(max-width: 60px) 100vw, 60px\" \/><br><\/h3>\n\n\n\n<h3 class=\"wp-block-heading has-text-align-center has-vivid-red-color has-text-color has-link-color wp-elements-11483a6fc93b36fb9dd0572a7fc3559a\"><strong>Par\u00eds 2024<\/strong><em> <br><\/em><\/h3>\n\n\n\n<p class=\"has-text-align-center\">El profesor <a href=\"https:\/\/www.clinicauandes.cl\/profesionales\/perfil\/oscar-migueles-rojas\" target=\"_blank\" rel=\"noreferrer noopener\">\u00d3scar Migueles<\/a> y las alumni <a href=\"https:\/\/www.clinicauandes.cl\/profesionales\/perfil\/francisca-andrea-cunill\" target=\"_blank\" rel=\"noreferrer noopener\">Francisca Cunill<\/a> y <strong>Javiera Brahm<\/strong> fueron parte del equipo m\u00e9dico del <strong>Team Chile<\/strong> en los recientes Juegos Ol\u00edmpicos, mientras que el profesor Marco Kokaly acompa\u00f1\u00f3 a la delegaci\u00f3n chilena de los Juegos Paral\u00edmpicos.<\/p>\n<\/div>\n\n\n\n<div class=\"wp-block-column is-vertically-aligned-top is-layout-flow wp-block-column-is-layout-flow\" style=\"flex-basis:10%\"><\/div>\n\n\n\n<div class=\"wp-block-column is-vertically-aligned-top is-layout-flow wp-block-column-is-layout-flow\" style=\"flex-basis:33.34%\">\n<blockquote class=\"instagram-media\" data-instgrm-permalink=\"https:\/\/www.instagram.com\/reel\/C9lHkPbSUYw\/?utm_source=ig_embed&amp;utm_campaign=loading\" data-instgrm-version=\"14\" style=\" background:#FFF; border:0; border-radius:3px; box-shadow:0 0 1px 0 rgba(0,0,0,0.5),0 1px 10px 0 rgba(0,0,0,0.15); margin: 1px; max-width:540px; min-width:326px; padding:0; width:99.375%; width:-webkit-calc(100% - 2px); width:calc(100% - 2px);\"><div style=\"padding:16px;\"> <a href=\"https:\/\/www.instagram.com\/reel\/C9lHkPbSUYw\/?utm_source=ig_embed&amp;utm_campaign=loading\" style=\" background:#FFFFFF; line-height:0; padding:0 0; text-align:center; text-decoration:none; width:100%;\" target=\"_blank\" rel=\"noopener\"> <div style=\" display: flex; flex-direction: row; align-items: center;\"> <div style=\"background-color: #F4F4F4; border-radius: 50%; flex-grow: 0; height: 40px; margin-right: 14px; width: 40px;\"><\/div> <div style=\"display: flex; flex-direction: column; flex-grow: 1; justify-content: center;\"> <div style=\" background-color: #F4F4F4; border-radius: 4px; flex-grow: 0; height: 14px; margin-bottom: 6px; width: 100px;\"><\/div> <div style=\" background-color: #F4F4F4; border-radius: 4px; flex-grow: 0; height: 14px; width: 60px;\"><\/div><\/div><\/div><div style=\"padding: 19% 0;\"><\/div> <div style=\"display:block; height:50px; margin:0 auto 12px; width:50px;\"><svg width=\"50px\" height=\"50px\" viewBox=\"0 0 60 60\" version=\"1.1\" xmlns=\"https:\/\/www.w3.org\/2000\/svg\" xmlns:xlink=\"https:\/\/www.w3.org\/1999\/xlink\"><g stroke=\"none\" stroke-width=\"1\" fill=\"none\" fill-rule=\"evenodd\"><g transform=\"translate(-511.000000, -20.000000)\" fill=\"#000000\"><g><path d=\"M556.869,30.41 C554.814,30.41 553.148,32.076 553.148,34.131 C553.148,36.186 554.814,37.852 556.869,37.852 C558.924,37.852 560.59,36.186 560.59,34.131 C560.59,32.076 558.924,30.41 556.869,30.41 M541,60.657 C535.114,60.657 530.342,55.887 530.342,50 C530.342,44.114 535.114,39.342 541,39.342 C546.887,39.342 551.658,44.114 551.658,50 C551.658,55.887 546.887,60.657 541,60.657 M541,33.886 C532.1,33.886 524.886,41.1 524.886,50 C524.886,58.899 532.1,66.113 541,66.113 C549.9,66.113 557.115,58.899 557.115,50 C557.115,41.1 549.9,33.886 541,33.886 M565.378,62.101 C565.244,65.022 564.756,66.606 564.346,67.663 C563.803,69.06 563.154,70.057 562.106,71.106 C561.058,72.155 560.06,72.803 558.662,73.347 C557.607,73.757 556.021,74.244 553.102,74.378 C549.944,74.521 548.997,74.552 541,74.552 C533.003,74.552 532.056,74.521 528.898,74.378 C525.979,74.244 524.393,73.757 523.338,73.347 C521.94,72.803 520.942,72.155 519.894,71.106 C518.846,70.057 518.197,69.06 517.654,67.663 C517.244,66.606 516.755,65.022 516.623,62.101 C516.479,58.943 516.448,57.996 516.448,50 C516.448,42.003 516.479,41.056 516.623,37.899 C516.755,34.978 517.244,33.391 517.654,32.338 C518.197,30.938 518.846,29.942 519.894,28.894 C520.942,27.846 521.94,27.196 523.338,26.654 C524.393,26.244 525.979,25.756 528.898,25.623 C532.057,25.479 533.004,25.448 541,25.448 C548.997,25.448 549.943,25.479 553.102,25.623 C556.021,25.756 557.607,26.244 558.662,26.654 C560.06,27.196 561.058,27.846 562.106,28.894 C563.154,29.942 563.803,30.938 564.346,32.338 C564.756,33.391 565.244,34.978 565.378,37.899 C565.522,41.056 565.552,42.003 565.552,50 C565.552,57.996 565.522,58.943 565.378,62.101 M570.82,37.631 C570.674,34.438 570.167,32.258 569.425,30.349 C568.659,28.377 567.633,26.702 565.965,25.035 C564.297,23.368 562.623,22.342 560.652,21.575 C558.743,20.834 556.562,20.326 553.369,20.18 C550.169,20.033 549.148,20 541,20 C532.853,20 531.831,20.033 528.631,20.18 C525.438,20.326 523.257,20.834 521.349,21.575 C519.376,22.342 517.703,23.368 516.035,25.035 C514.368,26.702 513.342,28.377 512.574,30.349 C511.834,32.258 511.326,34.438 511.181,37.631 C511.035,40.831 511,41.851 511,50 C511,58.147 511.035,59.17 511.181,62.369 C511.326,65.562 511.834,67.743 512.574,69.651 C513.342,71.625 514.368,73.296 516.035,74.965 C517.703,76.634 519.376,77.658 521.349,78.425 C523.257,79.167 525.438,79.673 528.631,79.82 C531.831,79.965 532.853,80.001 541,80.001 C549.148,80.001 550.169,79.965 553.369,79.82 C556.562,79.673 558.743,79.167 560.652,78.425 C562.623,77.658 564.297,76.634 565.965,74.965 C567.633,73.296 568.659,71.625 569.425,69.651 C570.167,67.743 570.674,65.562 570.82,62.369 C570.966,59.17 571,58.147 571,50 C571,41.851 570.966,40.831 570.82,37.631\"><\/path><\/g><\/g><\/g><\/svg><\/div><div style=\"padding-top: 8px;\"> <div style=\" color:#3897f0; font-family:Arial,sans-serif; font-size:14px; font-style:normal; font-weight:550; line-height:18px;\">Ver esta publicaci\u00f3n en Instagram<\/div><\/div><div style=\"padding: 12.5% 0;\"><\/div> <div style=\"display: flex; flex-direction: row; margin-bottom: 14px; align-items: center;\"><div> <div style=\"background-color: #F4F4F4; border-radius: 50%; height: 12.5px; width: 12.5px; transform: translateX(0px) translateY(7px);\"><\/div> <div style=\"background-color: #F4F4F4; height: 12.5px; transform: rotate(-45deg) translateX(3px) translateY(1px); width: 12.5px; flex-grow: 0; margin-right: 14px; margin-left: 2px;\"><\/div> <div style=\"background-color: #F4F4F4; border-radius: 50%; height: 12.5px; width: 12.5px; transform: translateX(9px) translateY(-18px);\"><\/div><\/div><div style=\"margin-left: 8px;\"> <div style=\" background-color: #F4F4F4; border-radius: 50%; flex-grow: 0; height: 20px; width: 20px;\"><\/div> <div style=\" width: 0; height: 0; border-top: 2px solid transparent; border-left: 6px solid #f4f4f4; border-bottom: 2px solid transparent; transform: translateX(16px) translateY(-4px) rotate(30deg)\"><\/div><\/div><div style=\"margin-left: auto;\"> <div style=\" width: 0px; border-top: 8px solid #F4F4F4; border-right: 8px solid transparent; transform: translateY(16px);\"><\/div> <div style=\" background-color: #F4F4F4; flex-grow: 0; height: 12px; width: 16px; transform: translateY(-4px);\"><\/div> <div style=\" width: 0; height: 0; border-top: 8px solid #F4F4F4; border-left: 8px solid transparent; transform: translateY(-4px) translateX(8px);\"><\/div><\/div><\/div> <div style=\"display: flex; flex-direction: column; flex-grow: 1; justify-content: center; margin-bottom: 24px;\"> <div style=\" background-color: #F4F4F4; border-radius: 4px; flex-grow: 0; height: 14px; margin-bottom: 6px; width: 224px;\"><\/div> <div style=\" background-color: #F4F4F4; border-radius: 4px; flex-grow: 0; height: 14px; width: 144px;\"><\/div><\/div><\/a><p style=\" color:#c9c8cd; font-family:Arial,sans-serif; font-size:14px; line-height:17px; margin-bottom:0; margin-top:8px; overflow:hidden; padding:8px 0 7px; text-align:center; text-overflow:ellipsis; white-space:nowrap;\"><a href=\"https:\/\/www.instagram.com\/reel\/C9lHkPbSUYw\/?utm_source=ig_embed&amp;utm_campaign=loading\" style=\" color:#c9c8cd; font-family:Arial,sans-serif; font-size:14px; font-style:normal; font-weight:normal; line-height:17px; text-decoration:none;\" target=\"_blank\" rel=\"noopener\">Una publicaci\u00f3n compartida por Kinesiolog\u00eda UANDES (@kinesiologiauandes)<\/a><\/p><\/div><\/blockquote>\n<script async src=\"\/\/www.instagram.com\/embed.js\"><\/script>\n<\/div>\n<\/div>\n\n\n\n<div class=\"wp-block-columns is-layout-flex wp-container-core-columns-is-layout-9d6595d7 wp-block-columns-is-layout-flex\">\n<div class=\"wp-block-column is-layout-flow wp-block-column-is-layout-flow\" style=\"flex-basis:50%\">\n<figure class=\"wp-block-image size-large\"><img loading=\"lazy\" decoding=\"async\" width=\"732\" height=\"1024\" src=\"https:\/\/revistacampus.uandes.cl\/2024\/wp-content\/uploads\/2024\/09\/WhatsApp-Image-2024-05-23-at-09.48.40-5-gigapixel-high-fidelity-v2-2x-732x1024.jpg\" alt=\"\" class=\"wp-image-1169\" style=\"aspect-ratio:4\/3;object-fit:cover\" srcset=\"https:\/\/revistacampus.uandes.cl\/2024\/wp-content\/uploads\/2024\/09\/WhatsApp-Image-2024-05-23-at-09.48.40-5-gigapixel-high-fidelity-v2-2x-732x1024.jpg 732w, https:\/\/revistacampus.uandes.cl\/2024\/wp-content\/uploads\/2024\/09\/WhatsApp-Image-2024-05-23-at-09.48.40-5-gigapixel-high-fidelity-v2-2x-214x300.jpg 214w, https:\/\/revistacampus.uandes.cl\/2024\/wp-content\/uploads\/2024\/09\/WhatsApp-Image-2024-05-23-at-09.48.40-5-gigapixel-high-fidelity-v2-2x-768x1075.jpg 768w, https:\/\/revistacampus.uandes.cl\/2024\/wp-content\/uploads\/2024\/09\/WhatsApp-Image-2024-05-23-at-09.48.40-5-gigapixel-high-fidelity-v2-2x-1097x1536.jpg 1097w, https:\/\/revistacampus.uandes.cl\/2024\/wp-content\/uploads\/2024\/09\/WhatsApp-Image-2024-05-23-at-09.48.40-5-gigapixel-high-fidelity-v2-2x.jpg 1429w\" sizes=\"(max-width: 732px) 100vw, 732px\" \/><figcaption class=\"wp-element-caption\"><sub>El acad\u00e9mico de Kinesiolog\u00eda \u00d3scar Migueles junto al alumno Crist\u00f3bal L\u00f3pez.<\/sub><\/figcaption><\/figure>\n<\/div>\n\n\n\n<div class=\"wp-block-column is-layout-flow wp-block-column-is-layout-flow\" style=\"flex-basis:50%\">\n<p>Antes de su participaci\u00f3n, <a href=\"https:\/\/www.uandes.cl\/noticias\/primer-congreso-coch-de-medicina-y-kinesiologia-en-el-alto-rendimiento\/\" target=\"_blank\" rel=\"noreferrer noopener\">los estudiantes recibieron una capacitaci\u00f3n integral<\/a>, que incluy\u00f3 jornadas de formaci\u00f3n internas y espec\u00edficas sobre deporte y discapacidad. Esto les proporcion\u00f3 las herramientas necesarias para enfrentar los desaf\u00edos \u00fanicos que encontrar\u00edan en los juegos. \u201cPara los alumnos, una de las experiencias m\u00e1s impactantes fue la oportunidad de trabajar con deportistas de \u00e9lite en terreno, tanto convencionales como paral\u00edmpicos. Esta exposici\u00f3n les permiti\u00f3 no solo aplicar sus conocimientos te\u00f3ricos en un contexto real, sino tambi\u00e9n desarrollar una empat\u00eda m\u00e1s profunda hacia las necesidades y desaf\u00edos de los atletas\u201d, subraya <strong><a href=\"https:\/\/www.uandes.cl\/personas\/oscar-migueles\/\">\u00d3scar Migueles<\/a>, acad\u00e9mico de la Escuela de Kinesiolog\u00eda<\/strong>.<\/p>\n<\/div>\n<\/div>\n\n\n\n<div class=\"wp-block-columns is-layout-flex wp-container-core-columns-is-layout-9d6595d7 wp-block-columns-is-layout-flex\">\n<div class=\"wp-block-column is-layout-flow wp-block-column-is-layout-flow\" style=\"flex-basis:50%\">\n<p>\u201cPersonalmente los juegos hicieron crecer a\u00fan m\u00e1s mis ganas de dedicarme al \u00e1rea deportiva y al alto rendimiento. Aprend\u00ed mucho en muy poco tiempo, gener\u00e9 una gran red de contactos y creo que supe aprovechar cada lugar de los Juegos por el cual me toc\u00f3 rotar\u201d, se\u00f1ala el alumni Juan Pablo Contreras. El profesor Migueles agrega que \u201c<strong>la sinergia entre la educaci\u00f3n acad\u00e9mica y la pr\u00e1ctica en un entorno de clase mundial ha demostrado ser invaluable<\/strong>, no solo para los estudiantes, sino para la comunidad de kinesiolog\u00eda en general\u201d.<\/p>\n\n\n\n<p>\u201cLa participaci\u00f3n de los alumnos en estos eventos deja una huella duradera y ejemplifica el compromiso de la Escuela de Kinesiolog\u00eda con la excelencia y la innovaci\u00f3n en el campo del deporte y la rehabilitaci\u00f3n\u201d, concluye el profesor Kokaly.<\/p>\n<\/div>\n\n\n\n<div class=\"wp-block-column is-layout-flow wp-block-column-is-layout-flow\" style=\"flex-basis:50%\">\n<figure class=\"wp-block-image size-large\"><img loading=\"lazy\" decoding=\"async\" width=\"768\" height=\"1024\" src=\"https:\/\/revistacampus.uandes.cl\/2024\/wp-content\/uploads\/2024\/09\/WhatsApp-Image-2024-05-03-at-09.40.54_2-768x1024.jpg\" alt=\"\" class=\"wp-image-1168\" style=\"aspect-ratio:4\/3;object-fit:cover\" srcset=\"https:\/\/revistacampus.uandes.cl\/2024\/wp-content\/uploads\/2024\/09\/WhatsApp-Image-2024-05-03-at-09.40.54_2-768x1024.jpg 768w, https:\/\/revistacampus.uandes.cl\/2024\/wp-content\/uploads\/2024\/09\/WhatsApp-Image-2024-05-03-at-09.40.54_2-225x300.jpg 225w, https:\/\/revistacampus.uandes.cl\/2024\/wp-content\/uploads\/2024\/09\/WhatsApp-Image-2024-05-03-at-09.40.54_2-1152x1536.jpg 1152w, https:\/\/revistacampus.uandes.cl\/2024\/wp-content\/uploads\/2024\/09\/WhatsApp-Image-2024-05-03-at-09.40.54_2.jpg 1500w\" sizes=\"(max-width: 768px) 100vw, 768px\" \/><figcaption class=\"wp-element-caption\"><sub>Juan Pablo Contreras, egresado de Kinesiolog\u00eda, en la Villa Ol\u00edmpica.<\/sub><\/figcaption><\/figure>\n<\/div>\n<\/div>\n\n\n\n<div class=\"wp-block-columns has-background is-layout-flex wp-container-core-columns-is-layout-9d6595d7 wp-block-columns-is-layout-flex\" style=\"background-color:#eeeeee\">\n<div class=\"wp-block-column is-layout-flow wp-block-column-is-layout-flow\" style=\"flex-basis:15%\"><\/div>\n\n\n\n<div class=\"wp-block-column is-vertically-aligned-center is-layout-flow wp-block-column-is-layout-flow\" style=\"flex-basis:70%\">\n<p class=\"has-text-align-center\"><img loading=\"lazy\" decoding=\"async\" width=\"50\" height=\"50\" class=\"wp-image-209\" style=\"width: 50px;\" src=\"https:\/\/revistacampus.uandes.cl\/2024\/wp-content\/uploads\/2024\/08\/comillas-4.png\" alt=\"\" srcset=\"https:\/\/revistacampus.uandes.cl\/2024\/wp-content\/uploads\/2024\/08\/comillas-4.png 360w, https:\/\/revistacampus.uandes.cl\/2024\/wp-content\/uploads\/2024\/08\/comillas-4-300x300.png 300w, https:\/\/revistacampus.uandes.cl\/2024\/wp-content\/uploads\/2024\/08\/comillas-4-150x150.png 150w\" sizes=\"(max-width: 50px) 100vw, 50px\" \/><br>\u201cPara los alumnos, una de las experiencias m\u00e1s impactantes fue la oportunidad de trabajar con deportistas de \u00e9lite en terreno, tanto convencionales como paral\u00edmpicos.\u201d <br><strong>\u00d3scar Migueles, profesor de la Escuela de Kinesiolog\u00eda<\/strong><\/p>\n<\/div>\n\n\n\n<div class=\"wp-block-column is-layout-flow wp-block-column-is-layout-flow\" style=\"flex-basis:15%\"><\/div>\n<\/div>\n\n\n\n<h2 class=\"wp-block-heading\">Convenio Cl\u00ednica UANDES y Team Chile<\/h2>\n\n\n\n<div class=\"wp-block-columns is-layout-flex wp-container-core-columns-is-layout-9d6595d7 wp-block-columns-is-layout-flex\">\n<div class=\"wp-block-column is-layout-flow wp-block-column-is-layout-flow\" style=\"flex-basis:50%\">\n<p><strong>Desde 2019, la cl\u00ednica universitaria tiene un <a href=\"https:\/\/www.clinicauandes.cl\/noticia\/clinica-uandes-reafirma-su-compromiso-con-el-deporte-nacional\" target=\"_blank\" rel=\"noreferrer noopener\">convenio con el Comit\u00e9 Ol\u00edmpico de Chile<\/a> (<a href=\"https:\/\/coch.cl\/\" target=\"_blank\" rel=\"noreferrer noopener\">COCH<\/a>) para la atenci\u00f3n de los deportistas nacionales. <\/strong>Acompa\u00f1amiento m\u00e9dico y kinesiol\u00f3gico en eventos deportivos del ciclo ol\u00edmpico, como los Panamericanos, son algunos de los beneficios. As\u00ed, el <strong><a href=\"https:\/\/www.clinicauandes.cl\/profesionales\/perfil\/dr-matias-salineros-urzua\" target=\"_blank\" rel=\"noreferrer noopener\">Dr. Mat\u00edas Salineros<\/a>, traumat\u00f3logo de la Cl\u00ednica y acad\u00e9mico de la Facultad de Medicina, ejerci\u00f3 como jefe m\u00e9dico de Santiago 2023.<\/strong><\/p>\n<\/div>\n\n\n\n<div class=\"wp-block-column is-layout-flow wp-block-column-is-layout-flow\" style=\"flex-basis:50%\">\n<figure class=\"wp-block-image size-large\"><img loading=\"lazy\" decoding=\"async\" width=\"1024\" height=\"768\" src=\"https:\/\/revistacampus.uandes.cl\/2024\/wp-content\/uploads\/2024\/09\/WhatsApp-Image-2024-05-14-at-18.54.27-gigapixel-high-fidelity-v2-2x-1024x768.jpg\" alt=\"\" class=\"wp-image-1174\" style=\"aspect-ratio:16\/9;object-fit:cover\" srcset=\"https:\/\/revistacampus.uandes.cl\/2024\/wp-content\/uploads\/2024\/09\/WhatsApp-Image-2024-05-14-at-18.54.27-gigapixel-high-fidelity-v2-2x-1024x768.jpg 1024w, https:\/\/revistacampus.uandes.cl\/2024\/wp-content\/uploads\/2024\/09\/WhatsApp-Image-2024-05-14-at-18.54.27-gigapixel-high-fidelity-v2-2x-300x225.jpg 300w, https:\/\/revistacampus.uandes.cl\/2024\/wp-content\/uploads\/2024\/09\/WhatsApp-Image-2024-05-14-at-18.54.27-gigapixel-high-fidelity-v2-2x-768x576.jpg 768w, https:\/\/revistacampus.uandes.cl\/2024\/wp-content\/uploads\/2024\/09\/WhatsApp-Image-2024-05-14-at-18.54.27-gigapixel-high-fidelity-v2-2x-1536x1152.jpg 1536w, https:\/\/revistacampus.uandes.cl\/2024\/wp-content\/uploads\/2024\/09\/WhatsApp-Image-2024-05-14-at-18.54.27-gigapixel-high-fidelity-v2-2x.jpg 2000w\" sizes=\"(max-width: 1024px) 100vw, 1024px\" \/><figcaption class=\"wp-element-caption\"><sup>El Dr. Mat\u00edas Salineros (a la derecha) junto a deportistas del Team Chile.<\/sup><\/figcaption><\/figure>\n<\/div>\n<\/div>\n\n\n\n<div class=\"wp-block-columns is-layout-flex wp-container-core-columns-is-layout-9d6595d7 wp-block-columns-is-layout-flex\">\n<div class=\"wp-block-column is-layout-flow wp-block-column-is-layout-flow\" style=\"flex-basis:50%\">\n<figure class=\"wp-block-image size-large\"><img loading=\"lazy\" decoding=\"async\" width=\"768\" height=\"1024\" src=\"https:\/\/revistacampus.uandes.cl\/2024\/wp-content\/uploads\/2024\/09\/WhatsApp_Image_2024-05-23_at_12.35.38_1-gigapixel-high_fidelity_v2-2x-768x1024.jpg\" alt=\"\" class=\"wp-image-1170\" style=\"aspect-ratio:4\/3;object-fit:cover\" srcset=\"https:\/\/revistacampus.uandes.cl\/2024\/wp-content\/uploads\/2024\/09\/WhatsApp_Image_2024-05-23_at_12.35.38_1-gigapixel-high_fidelity_v2-2x-768x1024.jpg 768w, https:\/\/revistacampus.uandes.cl\/2024\/wp-content\/uploads\/2024\/09\/WhatsApp_Image_2024-05-23_at_12.35.38_1-gigapixel-high_fidelity_v2-2x-225x300.jpg 225w, https:\/\/revistacampus.uandes.cl\/2024\/wp-content\/uploads\/2024\/09\/WhatsApp_Image_2024-05-23_at_12.35.38_1-gigapixel-high_fidelity_v2-2x-1152x1536.jpg 1152w, https:\/\/revistacampus.uandes.cl\/2024\/wp-content\/uploads\/2024\/09\/WhatsApp_Image_2024-05-23_at_12.35.38_1-gigapixel-high_fidelity_v2-2x.jpg 1500w\" sizes=\"(max-width: 768px) 100vw, 768px\" \/><figcaption class=\"wp-element-caption\"><sub>El acad\u00e9mico de Kinesiolog\u00eda Marco Kokaly (abajo, al medio) junto a parte de la delegaci\u00f3n chilena de los Juegos Parapanamericanos.<\/sub><\/figcaption><\/figure>\n<\/div>\n\n\n\n<div class=\"wp-block-column is-layout-flow wp-block-column-is-layout-flow\" style=\"flex-basis:50%\">\n<p>\u201cEste fue un desaf\u00edo incre\u00edble. Ver la realizaci\u00f3n de los Juegos, c\u00f3mo funcionaron, ver a los residentes de Medicina en los Juegos, trabajando de forma voluntaria, la verdad es que fue una satisfacci\u00f3n personal y profesional enorme\u201d, asegura.<\/p>\n\n\n\n<p>En este sentido, destaca dos ideas principales. En primer lugar \u201cel crecimiento profesional de todos los que participamos ah\u00ed, desde los m\u00e1s viejos hasta los m\u00e1s j\u00f3venes, que eran nuestros residentes de Medicina y alumnos de Enfermer\u00eda y Kinesiolog\u00eda\u201d y, en segundo, <strong>\u201cque entendieran lo importante que son estos Juegos, el sacrificio que hacen los deportistas para estar donde est\u00e1n, que nada de lo que tienen es casualidad y que nosotros nos debemos a ellos para que ese trabajo tenga los mejores resultados posibles\u201d<\/strong>. <img loading=\"lazy\" decoding=\"async\" width=\"15\" height=\"15\" class=\"wp-image-402\" style=\"width: 15px;\" src=\"https:\/\/revistacampus.uandes.cl\/2024\/wp-content\/uploads\/2024\/08\/VE-POR-MAS.png\" alt=\"\" srcset=\"https:\/\/revistacampus.uandes.cl\/2024\/wp-content\/uploads\/2024\/08\/VE-POR-MAS.png 250w, https:\/\/revistacampus.uandes.cl\/2024\/wp-content\/uploads\/2024\/08\/VE-POR-MAS-150x150.png 150w\" sizes=\"(max-width: 15px) 100vw, 15px\" \/><\/p>\n<\/div>\n<\/div>\n","protected":false},"excerpt":{"rendered":"<p>Dr. Mat\u00edas Salineros, jefe m\u00e9dico de Santiago 2023. Estudiantes de Kinesiolog\u00eda, Enfermer\u00eda, Odontolog\u00eda y residentes de Medicina participaron de los Juegos Panamericanos y Parapanamericanos 2023 como parte de los equipos m\u00e9dicos para los casi 7.000 deportistas. Por Florencia Moya Cid Chile fue protagonista de una de las fiestas deportivas m\u00e1s importantes del mundo: los Juegos [&hellip;]<\/p>\n","protected":false},"author":1,"featured_media":1167,"comment_status":"open","ping_status":"open","sticky":false,"template":"","format":"standard","meta":{"footnotes":""},"categories":[41,6,38,1],"tags":[],"class_list":["post-1166","post","type-post","status-publish","format-standard","has-post-thumbnail","hentry","category-estudiantes-uandes","category-pais","category-salud","category-sin-categoria"],"_links":{"self":[{"href":"https:\/\/revistacampus.uandes.cl\/2024\/wp-json\/wp\/v2\/posts\/1166","targetHints":{"allow":["GET"]}}],"collection":[{"href":"https:\/\/revistacampus.uandes.cl\/2024\/wp-json\/wp\/v2\/posts"}],"about":[{"href":"https:\/\/revistacampus.uandes.cl\/2024\/wp-json\/wp\/v2\/types\/post"}],"author":[{"embeddable":true,"href":"https:\/\/revistacampus.uandes.cl\/2024\/wp-json\/wp\/v2\/users\/1"}],"replies":[{"embeddable":true,"href":"https:\/\/revistacampus.uandes.cl\/2024\/wp-json\/wp\/v2\/comments?post=1166"}],"version-history":[{"count":21,"href":"https:\/\/revistacampus.uandes.cl\/2024\/wp-json\/wp\/v2\/posts\/1166\/revisions"}],"predecessor-version":[{"id":1348,"href":"https:\/\/revistacampus.uandes.cl\/2024\/wp-json\/wp\/v2\/posts\/1166\/revisions\/1348"}],"wp:featuredmedia":[{"embeddable":true,"href":"https:\/\/revistacampus.uandes.cl\/2024\/wp-json\/wp\/v2\/media\/1167"}],"wp:attachment":[{"href":"https:\/\/revistacampus.uandes.cl\/2024\/wp-json\/wp\/v2\/media?parent=1166"}],"wp:term":[{"taxonomy":"category","embeddable":true,"href":"https:\/\/revistacampus.uandes.cl\/2024\/wp-json\/wp\/v2\/categories?post=1166"},{"taxonomy":"post_tag","embeddable":true,"href":"https:\/\/revistacampus.uandes.cl\/2024\/wp-json\/wp\/v2\/tags?post=1166"}],"curies":[{"name":"wp","href":"https:\/\/api.w.org\/{rel}","templated":true}]}}