{"id":1013,"date":"2024-09-05T03:03:01","date_gmt":"2024-09-05T06:03:01","guid":{"rendered":"https:\/\/revistacampus.uandes.cl\/2024\/?p=1013"},"modified":"2024-09-06T10:32:00","modified_gmt":"2024-09-06T13:32:00","slug":"confien-en-sus-capacidades-suenen-y-aprovechen-las-oportunidades","status":"publish","type":"post","link":"https:\/\/revistacampus.uandes.cl\/2024\/confien-en-sus-capacidades-suenen-y-aprovechen-las-oportunidades\/","title":{"rendered":"\u201cConf\u00eden en sus capacidades, sue\u00f1en y aprovechen las oportunidades\u201d"},"content":{"rendered":"\n<p class=\"has-background\" style=\"background-color:#e3e3e3\"><img decoding=\"async\" width=\"60\" height=\"60\" class=\"wp-image-402\" style=\"width: 60px;\" src=\"https:\/\/revistacampus.uandes.cl\/2024\/wp-content\/uploads\/2024\/08\/VE-POR-MAS.png\" alt=\"\" srcset=\"https:\/\/revistacampus.uandes.cl\/2024\/wp-content\/uploads\/2024\/08\/VE-POR-MAS.png 250w, https:\/\/revistacampus.uandes.cl\/2024\/wp-content\/uploads\/2024\/08\/VE-POR-MAS-150x150.png 150w\" sizes=\"(max-width: 60px) 100vw, 60px\" \/><br><strong>Fernanda Thompson<\/strong>, exalumna del Colegio Almendral de La Pintana y hoy abogada, forma parte de los 6 mil alumniUANDES que han estudiado con alg\u00fan tipo de beca, igual que el odont\u00f3logo V\u00edctor Madariaga.<br><br>Por Julio Rivera Oyarz\u00fan.<\/p>\n\n\n\n<div style=\"height:23px\" aria-hidden=\"true\" class=\"wp-block-spacer\"><\/div>\n\n\n\n<p>La beca permiti\u00f3 a mi familia pagarme la carrera, lo que era esencial para poder terminarla. Todas estas ayudas van sumando de a poco al desarrollo y \u00e9xito profesional de uno\u201d, afirma desde los Pa\u00edses Bajos <strong>V\u00edctor Madariaga, alumniUANDES de la <a href=\"https:\/\/www.uandes.cl\/carrera\/odontologia\/\" target=\"_blank\" rel=\"noreferrer noopener\">Facultad de Odontolog\u00eda<\/a>, titulado en 2017<\/strong>. Desde que termin\u00f3 la carrera vive en Europa con una <a href=\"https:\/\/erasmus-plus.ec.europa.eu\/es\/opportunities\/opportunities-for-individuals\/students\/erasmus-mundus-joint-masters\" target=\"_blank\" rel=\"noreferrer noopener\">beca <em>Erasmus Mundus<\/em><\/a> para estudiar un MSc en Innovaci\u00f3n M\u00e9dica, con doble t\u00edtulo de la <a href=\"https:\/\/www.heidelberg.edu\/\" target=\"_blank\" rel=\"noreferrer noopener\">Universidad de Heidelberg<\/a>, Alemania, y de la <a href=\"https:\/\/www.uu.se\/en\" target=\"_blank\" rel=\"noreferrer noopener\">Universidad de Uppsala<\/a>, Suecia.<\/p>\n\n\n\n<div class=\"wp-block-columns is-layout-flex wp-container-core-columns-is-layout-9d6595d7 wp-block-columns-is-layout-flex\">\n<div class=\"wp-block-column is-layout-flow wp-block-column-is-layout-flow\" style=\"flex-basis:50%\">\n<figure class=\"wp-block-image size-full\"><img fetchpriority=\"high\" decoding=\"async\" width=\"1024\" height=\"512\" src=\"https:\/\/revistacampus.uandes.cl\/2024\/wp-content\/uploads\/2024\/08\/UANDES-9.png\" alt=\"\" class=\"wp-image-1018\" style=\"aspect-ratio:4\/3;object-fit:cover\" srcset=\"https:\/\/revistacampus.uandes.cl\/2024\/wp-content\/uploads\/2024\/08\/UANDES-9.png 1024w, https:\/\/revistacampus.uandes.cl\/2024\/wp-content\/uploads\/2024\/08\/UANDES-9-300x150.png 300w, https:\/\/revistacampus.uandes.cl\/2024\/wp-content\/uploads\/2024\/08\/UANDES-9-768x384.png 768w\" sizes=\"(max-width: 1024px) 100vw, 1024px\" \/><\/figure>\n\n\n\n<p class=\"has-text-align-center\" style=\"font-size:24px\"><img decoding=\"async\" width=\"50\" height=\"50\" class=\"wp-image-209\" style=\"width: 50px;\" src=\"https:\/\/revistacampus.uandes.cl\/2024\/wp-content\/uploads\/2024\/08\/comillas-4.png\" alt=\"\" srcset=\"https:\/\/revistacampus.uandes.cl\/2024\/wp-content\/uploads\/2024\/08\/comillas-4.png 360w, https:\/\/revistacampus.uandes.cl\/2024\/wp-content\/uploads\/2024\/08\/comillas-4-300x300.png 300w, https:\/\/revistacampus.uandes.cl\/2024\/wp-content\/uploads\/2024\/08\/comillas-4-150x150.png 150w\" sizes=\"(max-width: 50px) 100vw, 50px\" \/><br><sub>\u201cLa Universidad te da oportunidades y simplemente hay que tomarlas\u201d<\/sub><br><sub><strong>V\u00edctor Madariaga (ODO \u201917)<\/strong><\/sub><\/p>\n<\/div>\n\n\n\n<div class=\"wp-block-column is-layout-flow wp-block-column-is-layout-flow\" style=\"flex-basis:50%\">\n<p><strong>Hoy est\u00e1 contratado como investigador y candidato a doctor en el Departamento de Odontolog\u00eda del <a href=\"https:\/\/www.ern-eye.eu\/es\/healthcare-providers\/radboud-university-medical-center-nijmegen-netherlands\/\" target=\"_blank\" rel=\"noreferrer noopener\">Centro M\u00e9dico Universitario Radboud en Nijmegen<\/a><\/strong>. Luego de perfeccionarse en el idioma neerland\u00e9s, en 2024 valid\u00f3 su t\u00edtulo de odont\u00f3logo y es parte del registro de prestadores de salud.<\/p>\n\n\n\n<p>Cuando sali\u00f3 de cuarto medio, cumpli\u00f3 con los requisitos econ\u00f3micos y acad\u00e9micos para postular a una beca en la UANDES. Afirma que la investigaci\u00f3n siempre le atrajo: \u201cEn aquel entonces, <a href=\"https:\/\/www.uandes.cl\/personas\/maroun-khoury-abboud\/\" target=\"_blank\" rel=\"noreferrer noopener\">Maroun Khoury<\/a> me abri\u00f3 las puertas de su laboratorio en el que me form\u00e9 como investigador, algo que siempre agradezco. Hoy trabajo en esta \u00e1rea y, en parte, es gracias a esa experiencia. La Universidad te da oportunidades y simplemente hay que tomarlas\u201d, describe el odont\u00f3logo desde el noroeste europeo.<\/p>\n<\/div>\n<\/div>\n\n\n\n<div style=\"height:40px\" aria-hidden=\"true\" class=\"wp-block-spacer\"><\/div>\n\n\n\n<div class=\"wp-block-columns is-layout-flex wp-container-core-columns-is-layout-9d6595d7 wp-block-columns-is-layout-flex\">\n<div class=\"wp-block-column is-layout-flow wp-block-column-is-layout-flow\" style=\"flex-basis:50%\">\n<p><strong>Fernanda Thompson<\/strong> es exalumna del <a href=\"https:\/\/www.colegioalmendral.cl\/\" target=\"_blank\" rel=\"noreferrer noopener\">Colegio Almendral<\/a> en La Pintana y alumniUANDES de la <a href=\"https:\/\/www.uandes.cl\/facultad\/facultad-de-derecho\/\" target=\"_blank\" rel=\"noreferrer noopener\">Facultad de Derecho<\/a>. Durante su paso por la Universidad ten\u00eda que recorrer dos horas en distintas locomociones para llegar al campus San Carlos de Apoquindo, en Las Condes. Agradecida de las oportunidades recibidas, al egresar en 2020 <strong>se dedic\u00f3 a trabajar en la <a href=\"https:\/\/www.nocedal.cl\/wp\/\" target=\"_blank\" rel=\"noreferrer noopener\">Fundaci\u00f3n de Educaci\u00f3n Nocedal<\/a>, como una manera de retribuir a la organizaci\u00f3n de la que depende su colegio<\/strong>. Est\u00e1 a cargo del <a href=\"https:\/\/www.nocedal.cl\/wp\/consultorio-juridico-de-la-fundacion-nocedal-un-apoyo-a-la-comunidad\/\" target=\"_blank\" rel=\"noreferrer noopener\">Consultorio Jur\u00eddico<\/a>, que apoya a los padres y colaboradores mediante asesor\u00eda legal gratuita.<\/p>\n\n\n\n<p>\u201cMi sue\u00f1o siempre fue ser una profesional, y la UANDES me ayud\u00f3 a lograrlo. Por esto les digo: conf\u00eden en sus capacidades, sue\u00f1en y aprovechen las oportunidades. La alternativa que brinda la Universidad es \u00fanica porque deja de lado el factor econ\u00f3mico y permite emparejar la cancha para quienes tenemos talento, pero no recursos\u201d, detalla Fernanda. <strong>\u201cGracias a la Universidad de los Andes y a la Fundaci\u00f3n Nocedal hoy soy una mujer profesional\u201d<\/strong>, destaca la egresada, convencida de que las herramientas entregadas y el prestigio de la instituci\u00f3n contribuyen a desenvolverse de mejor forma al momento de presentar un curr\u00edculo.<\/p>\n<\/div>\n\n\n\n<div class=\"wp-block-column is-layout-flow wp-block-column-is-layout-flow\" style=\"flex-basis:50%\">\n<figure class=\"wp-block-image size-large\"><img loading=\"lazy\" decoding=\"async\" width=\"1024\" height=\"682\" src=\"https:\/\/revistacampus.uandes.cl\/2024\/wp-content\/uploads\/2024\/08\/1721793700482-gigapixel-high-compression-4x-1024x682.jpg\" alt=\"\" class=\"wp-image-1020\" style=\"aspect-ratio:4\/3;object-fit:cover\" srcset=\"https:\/\/revistacampus.uandes.cl\/2024\/wp-content\/uploads\/2024\/08\/1721793700482-gigapixel-high-compression-4x-1024x682.jpg 1024w, https:\/\/revistacampus.uandes.cl\/2024\/wp-content\/uploads\/2024\/08\/1721793700482-gigapixel-high-compression-4x-300x200.jpg 300w, https:\/\/revistacampus.uandes.cl\/2024\/wp-content\/uploads\/2024\/08\/1721793700482-gigapixel-high-compression-4x-768x512.jpg 768w, https:\/\/revistacampus.uandes.cl\/2024\/wp-content\/uploads\/2024\/08\/1721793700482-gigapixel-high-compression-4x-1536x1024.jpg 1536w, https:\/\/revistacampus.uandes.cl\/2024\/wp-content\/uploads\/2024\/08\/1721793700482-gigapixel-high-compression-4x.jpg 2000w\" sizes=\"(max-width: 1024px) 100vw, 1024px\" \/><\/figure>\n\n\n\n<p class=\"has-text-align-center\" style=\"font-size:24px\"><img decoding=\"async\" width=\"50\" height=\"50\" class=\"wp-image-209\" style=\"width: 50px;\" src=\"https:\/\/revistacampus.uandes.cl\/2024\/wp-content\/uploads\/2024\/08\/comillas-4.png\" alt=\"\" srcset=\"https:\/\/revistacampus.uandes.cl\/2024\/wp-content\/uploads\/2024\/08\/comillas-4.png 360w, https:\/\/revistacampus.uandes.cl\/2024\/wp-content\/uploads\/2024\/08\/comillas-4-300x300.png 300w, https:\/\/revistacampus.uandes.cl\/2024\/wp-content\/uploads\/2024\/08\/comillas-4-150x150.png 150w\" sizes=\"(max-width: 50px) 100vw, 50px\" \/><br><sub>\u201cMi sue\u00f1o siempre fue ser una profesional y la UANDES me ayud\u00f3 a lograrlo\u201d<\/sub><br><sub><strong>Fernanda Thompson (DER \u201920)<\/strong><\/sub><\/p>\n<\/div>\n<\/div>\n\n\n\n<h2 class=\"wp-block-heading\">Contribuir desde la educaci\u00f3n<\/h2>\n\n\n\n<p>Con 35 a\u00f1os de vida, la <a href=\"http:\/\/uandes.cl\" target=\"_blank\" rel=\"noreferrer noopener\">Universidad de los Andes<\/a> ha contado con el apoyo de muchas personas, empresas e instituciones, que, a trav\u00e9s de las donaciones, encuentran un modo de contribuir al desarrollo de nuestro pa\u00eds. Por medio de la filantrop\u00eda se ha podido dar formaci\u00f3n a miles de profesionales y acad\u00e9micos con altos niveles de exigencia y rigor intelectual.<\/p>\n\n\n\n<div class=\"wp-block-columns is-layout-flex wp-container-core-columns-is-layout-9d6595d7 wp-block-columns-is-layout-flex\">\n<div class=\"wp-block-column is-layout-flow wp-block-column-is-layout-flow\" style=\"flex-basis:50%\">\n<figure class=\"wp-block-image size-large\"><img loading=\"lazy\" decoding=\"async\" width=\"1024\" height=\"682\" src=\"https:\/\/revistacampus.uandes.cl\/2024\/wp-content\/uploads\/2024\/08\/Juan-Ignacio-Morande-1-1024x682.jpg\" alt=\"\" class=\"wp-image-1021\" srcset=\"https:\/\/revistacampus.uandes.cl\/2024\/wp-content\/uploads\/2024\/08\/Juan-Ignacio-Morande-1-1024x682.jpg 1024w, https:\/\/revistacampus.uandes.cl\/2024\/wp-content\/uploads\/2024\/08\/Juan-Ignacio-Morande-1-300x200.jpg 300w, https:\/\/revistacampus.uandes.cl\/2024\/wp-content\/uploads\/2024\/08\/Juan-Ignacio-Morande-1-768x512.jpg 768w, https:\/\/revistacampus.uandes.cl\/2024\/wp-content\/uploads\/2024\/08\/Juan-Ignacio-Morande-1-1536x1024.jpg 1536w, https:\/\/revistacampus.uandes.cl\/2024\/wp-content\/uploads\/2024\/08\/Juan-Ignacio-Morande-1.jpg 2000w\" sizes=\"(max-width: 1024px) 100vw, 1024px\" \/><\/figure>\n<\/div>\n\n\n\n<div class=\"wp-block-column is-layout-flow wp-block-column-is-layout-flow\" style=\"flex-basis:50%\">\n<p class=\"has-text-align-center\"><img decoding=\"async\" width=\"50\" height=\"50\" class=\"wp-image-209\" style=\"width: 50px;\" src=\"https:\/\/revistacampus.uandes.cl\/2024\/wp-content\/uploads\/2024\/08\/comillas-4.png\" alt=\"\" srcset=\"https:\/\/revistacampus.uandes.cl\/2024\/wp-content\/uploads\/2024\/08\/comillas-4.png 360w, https:\/\/revistacampus.uandes.cl\/2024\/wp-content\/uploads\/2024\/08\/comillas-4-300x300.png 300w, https:\/\/revistacampus.uandes.cl\/2024\/wp-content\/uploads\/2024\/08\/comillas-4-150x150.png 150w\" sizes=\"(max-width: 50px) 100vw, 50px\" \/><br><em>\u201cLos animamos a ser buenos estudiantes, buenas personas y que despu\u00e9s sean buenos embajadores, que transmitan con su trabajo y comportamiento lo que aqu\u00ed recibieron.\u201d<\/em><strong> <\/strong><br><strong>Juan Ignacio Morand\u00e9, director de Avance Institucional<\/strong><\/p>\n<\/div>\n<\/div>\n\n\n\n<div class=\"wp-block-columns is-layout-flex wp-container-core-columns-is-layout-9d6595d7 wp-block-columns-is-layout-flex\">\n<div class=\"wp-block-column is-layout-flow wp-block-column-is-layout-flow\" style=\"flex-basis:75%\">\n<p><strong>El director de <a href=\"https:\/\/www.uandes.cl\/filantropia-y-donaciones\/\" target=\"_blank\" rel=\"noreferrer noopener\">Avance Institucional<\/a>, Juan Ignacio Morand\u00e9<\/strong>, afirma que la Universidad espera que sus estudiantes becados aprovechen esta oportunidad que han recibido, de la que han sido parte sus respectivas familias, su colegio y mucha gente. \u201cLos animamos a ser buenos estudiantes, buenas personas y que despu\u00e9s sean buenos embajadores, que transmitan con su trabajo y comportamiento lo que aqu\u00ed recibieron. Y que se den cuenta de que hay hartas personas y mucho esfuerzo detr\u00e1s de cada beca\u201d, afirma el director del \u00e1rea que se encarga de conseguir las donaciones a trav\u00e9s de la<a href=\"https:\/\/www.uandes.cl\/filantropia-y-donaciones\/nosotros\/#AAA\" target=\"_blank\" rel=\"noreferrer noopener\"> Asociaci\u00f3n de Amigos<\/a> de la Universidad.<\/p>\n\n\n\n<p>Actualmente, el 30% de los estudiantes cuenta con alg\u00fan tipo de apoyo. Uno de ellos son las <strong>becas econ\u00f3micas<\/strong>, otorgada a j\u00f3venes provenientes de colegios subvencionados o municipales, y que representan el 20% del total. Luego est\u00e1 la <strong>Beca Acad\u00e9mica<\/strong>, destinada a quienes cumplan con un puntaje de excelencia, y que representa el 8% de los becados. Y otras <strong>becas tipo convenios<\/strong>, que corresponden al 2% del total de los alumnos de pregrado.<img loading=\"lazy\" decoding=\"async\" width=\"15\" height=\"15\" class=\"wp-image-402\" style=\"width: 15px;\" src=\"https:\/\/revistacampus.uandes.cl\/2024\/wp-content\/uploads\/2024\/08\/VE-POR-MAS.png\" alt=\"\" srcset=\"https:\/\/revistacampus.uandes.cl\/2024\/wp-content\/uploads\/2024\/08\/VE-POR-MAS.png 250w, https:\/\/revistacampus.uandes.cl\/2024\/wp-content\/uploads\/2024\/08\/VE-POR-MAS-150x150.png 150w\" sizes=\"(max-width: 15px) 100vw, 15px\" \/><\/p>\n<\/div>\n\n\n\n<div class=\"wp-block-column is-vertically-aligned-center is-layout-flow wp-block-column-is-layout-flow\" style=\"flex-basis:25%\"><div class=\"wp-block-image\">\n<figure class=\"aligncenter size-large is-resized\"><img loading=\"lazy\" decoding=\"async\" width=\"1024\" height=\"1024\" src=\"https:\/\/revistacampus.uandes.cl\/2024\/wp-content\/uploads\/2024\/08\/62_5___6_-removebg-1024x1024.png\" alt=\"\" class=\"wp-image-1022\" style=\"width:170px;height:auto\" srcset=\"https:\/\/revistacampus.uandes.cl\/2024\/wp-content\/uploads\/2024\/08\/62_5___6_-removebg-1024x1024.png 1024w, https:\/\/revistacampus.uandes.cl\/2024\/wp-content\/uploads\/2024\/08\/62_5___6_-removebg-300x300.png 300w, https:\/\/revistacampus.uandes.cl\/2024\/wp-content\/uploads\/2024\/08\/62_5___6_-removebg-150x150.png 150w, https:\/\/revistacampus.uandes.cl\/2024\/wp-content\/uploads\/2024\/08\/62_5___6_-removebg-768x768.png 768w, https:\/\/revistacampus.uandes.cl\/2024\/wp-content\/uploads\/2024\/08\/62_5___6_-removebg.png 1080w\" sizes=\"(max-width: 1024px) 100vw, 1024px\" \/><\/figure>\n<\/div>\n\n\n<p class=\"has-text-align-center\"><sub>de los estudiantes cuenta <\/sub><br><sub>con alg\u00fan tipo de beca<\/sub><\/p>\n<\/div>\n<\/div>\n\n\n\n<div class=\"wp-block-buttons is-content-justification-center is-layout-flex wp-container-core-buttons-is-layout-16018d1d wp-block-buttons-is-layout-flex\">\n<div class=\"wp-block-button\"><a class=\"wp-block-button__link has-white-color has-vivid-red-background-color has-text-color has-background has-link-color wp-element-button\" href=\"https:\/\/www.uandes.cl\/estudiantes\/becas-y-creditos\/\" style=\"border-radius:0px\" target=\"_blank\" rel=\"noreferrer noopener\">VER BECAS UANDES<\/a><\/div>\n<\/div>\n","protected":false},"excerpt":{"rendered":"<p>Fernanda Thompson, exalumna del Colegio Almendral de La Pintana y hoy abogada, forma parte de los 6 mil alumniUANDES que han estudiado con alg\u00fan tipo de beca, igual que el odont\u00f3logo V\u00edctor Madariaga. Por Julio Rivera Oyarz\u00fan. La beca permiti\u00f3 a mi familia pagarme la carrera, lo que era esencial para poder terminarla. Todas estas [&hellip;]<\/p>\n","protected":false},"author":1,"featured_media":1154,"comment_status":"open","ping_status":"open","sticky":false,"template":"","format":"standard","meta":{"footnotes":""},"categories":[9,41],"tags":[29],"class_list":["post-1013","post","type-post","status-publish","format-standard","has-post-thumbnail","hentry","category-destacados","category-estudiantes-uandes","tag-becados-uandes"],"_links":{"self":[{"href":"https:\/\/revistacampus.uandes.cl\/2024\/wp-json\/wp\/v2\/posts\/1013","targetHints":{"allow":["GET"]}}],"collection":[{"href":"https:\/\/revistacampus.uandes.cl\/2024\/wp-json\/wp\/v2\/posts"}],"about":[{"href":"https:\/\/revistacampus.uandes.cl\/2024\/wp-json\/wp\/v2\/types\/post"}],"author":[{"embeddable":true,"href":"https:\/\/revistacampus.uandes.cl\/2024\/wp-json\/wp\/v2\/users\/1"}],"replies":[{"embeddable":true,"href":"https:\/\/revistacampus.uandes.cl\/2024\/wp-json\/wp\/v2\/comments?post=1013"}],"version-history":[{"count":17,"href":"https:\/\/revistacampus.uandes.cl\/2024\/wp-json\/wp\/v2\/posts\/1013\/revisions"}],"predecessor-version":[{"id":1184,"href":"https:\/\/revistacampus.uandes.cl\/2024\/wp-json\/wp\/v2\/posts\/1013\/revisions\/1184"}],"wp:featuredmedia":[{"embeddable":true,"href":"https:\/\/revistacampus.uandes.cl\/2024\/wp-json\/wp\/v2\/media\/1154"}],"wp:attachment":[{"href":"https:\/\/revistacampus.uandes.cl\/2024\/wp-json\/wp\/v2\/media?parent=1013"}],"wp:term":[{"taxonomy":"category","embeddable":true,"href":"https:\/\/revistacampus.uandes.cl\/2024\/wp-json\/wp\/v2\/categories?post=1013"},{"taxonomy":"post_tag","embeddable":true,"href":"https:\/\/revistacampus.uandes.cl\/2024\/wp-json\/wp\/v2\/tags?post=1013"}],"curies":[{"name":"wp","href":"https:\/\/api.w.org\/{rel}","templated":true}]}}