{"id":1003,"date":"2024-08-30T18:48:15","date_gmt":"2024-08-30T21:48:15","guid":{"rendered":"https:\/\/revistacampus.uandes.cl\/2024\/?p=1003"},"modified":"2024-09-06T13:43:34","modified_gmt":"2024-09-06T16:43:34","slug":"aprender-ayudando","status":"publish","type":"post","link":"https:\/\/revistacampus.uandes.cl\/2024\/aprender-ayudando\/","title":{"rendered":"Aprender ayudando"},"content":{"rendered":"\n<p class=\"has-text-align-center has-small-font-size\"><em>En el gimnasio del colegio Juan Luis Undurraga, cada futuro enfermero mantuvo una conversaci\u00f3n abierta y cercana con un escolar. Tambi\u00e9n trabajan en grupos peque\u00f1os con material did\u00e1ctico personalizado.<\/em><\/p>\n\n\n\n<div style=\"height:41px\" aria-hidden=\"true\" class=\"wp-block-spacer\"><\/div>\n\n\n\n<p class=\"has-background\" style=\"background-color:#e3e3e3\"><img decoding=\"async\" width=\"60\" height=\"60\" class=\"wp-image-402\" style=\"width: 60px;\" src=\"https:\/\/revistacampus.uandes.cl\/2024\/wp-content\/uploads\/2024\/08\/VE-POR-MAS.png\" alt=\"\" srcset=\"https:\/\/revistacampus.uandes.cl\/2024\/wp-content\/uploads\/2024\/08\/VE-POR-MAS.png 250w, https:\/\/revistacampus.uandes.cl\/2024\/wp-content\/uploads\/2024\/08\/VE-POR-MAS-150x150.png 150w\" sizes=\"(max-width: 60px) 100vw, 60px\" \/><br><strong>Diferentes carreras han implementado la metodolog\u00eda \u201cA+S\u201d<\/strong>, un servicio a la comunidad con vinculaci\u00f3n curricular que tiene base en el aprendizaje experiencial, por lo tanto, la reflexi\u00f3n es fundamental y gu\u00eda para lograr resultados que van m\u00e1s all\u00e1 del aprendizaje.<br><br>Por Lucas Bizzarri Lyon<\/p>\n\n\n\n<div style=\"height:41px\" aria-hidden=\"true\" class=\"wp-block-spacer\"><\/div>\n\n\n\n<p>En octubre de 2022, 120 alumnos de <a href=\"https:\/\/www.uandes.cl\/carrera\/enfermeria\/\" target=\"_blank\" rel=\"noreferrer noopener\">Enfermer\u00eda <\/a>se trasladaron al <a href=\"https:\/\/www.beleneduca.cl\/colegioundurraga\/\" target=\"_blank\" rel=\"noreferrer noopener\">colegio Juan Luis Undurraga<\/a>, de Quilicura, para recoger el testimonio de 120 ni\u00f1os de 5\u00b0 b\u00e1sico sobre sus necesidades en educaci\u00f3n para la salud. Los datos reflejan los <strong>requerimientos de aprendizaje de estos ni\u00f1os, que los futuros enfermeros transforman en diagn\u00f3sticos educativos<\/strong> en torno a manejo de emociones, uso de pantallas, autoestima, higiene dental, alimentaci\u00f3n saludable, sue\u00f1o y descanso. Ante esta realidad, <strong>los estudiantes elaboran intervenciones pedag\u00f3gicas que aporten de modo activo y contextualizado a la resoluci\u00f3n de problemas de salud de los escolares<\/strong>. Terminado este trabajo, los universitarios regresan al colegio con material did\u00e1ctico adecuado para cada ni\u00f1o en su situaci\u00f3n y problem\u00e1tica particular.<\/p>\n\n\n\n<div class=\"wp-block-columns is-layout-flex wp-container-core-columns-is-layout-9d6595d7 wp-block-columns-is-layout-flex\">\n<div class=\"wp-block-column is-vertically-aligned-center is-layout-flow wp-block-column-is-layout-flow\">\n<p class=\"has-text-align-center\"><img decoding=\"async\" width=\"50\" height=\"50\" class=\"wp-image-209\" style=\"width: 50px;\" src=\"https:\/\/revistacampus.uandes.cl\/2024\/wp-content\/uploads\/2024\/08\/comillas-4.png\" alt=\"\" srcset=\"https:\/\/revistacampus.uandes.cl\/2024\/wp-content\/uploads\/2024\/08\/comillas-4.png 360w, https:\/\/revistacampus.uandes.cl\/2024\/wp-content\/uploads\/2024\/08\/comillas-4-300x300.png 300w, https:\/\/revistacampus.uandes.cl\/2024\/wp-content\/uploads\/2024\/08\/comillas-4-150x150.png 150w\" sizes=\"(max-width: 50px) 100vw, 50px\" \/><br><em>\u201cEl servicio de los estudiantes de enfermer\u00eda no est\u00e1 preestablecido, sino que surge de las necesidades de la comunidad. Esto otorga grados de incertidumbre, lo que favorece la creatividad y la adaptabilidad de docentes y estudiantes.\u201d<\/em> <br><strong>Carmen Paz Moscoso, acad\u00e9mica de la Escuela de Enfermer\u00eda<\/strong><\/p>\n<\/div>\n\n\n\n<div class=\"wp-block-column is-layout-flow wp-block-column-is-layout-flow\"><div class=\"wp-block-image\">\n<figure class=\"aligncenter size-large is-resized\"><img fetchpriority=\"high\" decoding=\"async\" width=\"1024\" height=\"1024\" src=\"https:\/\/revistacampus.uandes.cl\/2024\/wp-content\/uploads\/2024\/08\/62_5___5_-ai-brush-removebg-ihhvvhyp-1024x1024.png\" alt=\"\" class=\"wp-image-1008\" style=\"width:343px;height:auto\" srcset=\"https:\/\/revistacampus.uandes.cl\/2024\/wp-content\/uploads\/2024\/08\/62_5___5_-ai-brush-removebg-ihhvvhyp-1024x1024.png 1024w, https:\/\/revistacampus.uandes.cl\/2024\/wp-content\/uploads\/2024\/08\/62_5___5_-ai-brush-removebg-ihhvvhyp-300x300.png 300w, https:\/\/revistacampus.uandes.cl\/2024\/wp-content\/uploads\/2024\/08\/62_5___5_-ai-brush-removebg-ihhvvhyp-150x150.png 150w, https:\/\/revistacampus.uandes.cl\/2024\/wp-content\/uploads\/2024\/08\/62_5___5_-ai-brush-removebg-ihhvvhyp-768x768.png 768w, https:\/\/revistacampus.uandes.cl\/2024\/wp-content\/uploads\/2024\/08\/62_5___5_-ai-brush-removebg-ihhvvhyp.png 1080w\" sizes=\"(max-width: 1024px) 100vw, 1024px\" \/><\/figure>\n<\/div><\/div>\n<\/div>\n\n\n\n<p>Esta metodolog\u00eda se conoce como \u201c<a href=\"https:\/\/www.uandes.cl\/noticias\/segunda-version-de-comunidad-de-aprendizaje-as-reune-a-unidades-academicas-y-de-servicio-de-la-uandes\/\" target=\"_blank\" rel=\"noreferrer noopener\">Aprendizaje y Servicio<\/a>\u201d (A+S), pues conjuga el aprendizaje de los estudiantes y el servicio a la comunidad en una actividad curricular. En ese sentido, se pueden lograr resultados de aprendizaje de una asignatura completa ayudando a otros a resolver sus problemas. <strong>En este \u2018servir aprendiendo\u2019 se beneficia el estudiante, la comunidad y se enriquece la propuesta curricular<\/strong>. Carmen Paz Moscoso, acad\u00e9mica de la Escuela de Enfermer\u00eda, carrera pionera en la implementaci\u00f3n de A+S en la UANDES, comenta que hay tres aspectos fundamentales que la convierten en una buena forma de ense\u00f1ar.<\/p>\n\n\n\n<p>Primero, <strong>el trabajo nace desde la necesidad de una comunidad<\/strong>. Las situaciones por resolver son complejas y necesitan una acci\u00f3n colectiva, lo que promueve el desarrollo de habilidades comunicativas, de gesti\u00f3n y trabajo en equipo. Segundo, <strong>al brindar un servicio se aprende de problemas reales<\/strong>, que necesitan soluciones concretas. El estudiante debe poner en acci\u00f3n los conocimientos adquiridos y llevarlos a una acci\u00f3n necesaria para otro, lo que otorga sentido y aprendizaje significativo.<\/p>\n\n\n\n<p>Tercero, \u201c<strong>los problemas de la comunidad aportan desde la realidad con preguntas de investigaci\u00f3n<\/strong>. Para su resoluci\u00f3n, el dise\u00f1o de investigaci\u00f3n-acci\u00f3n surge como un aliado y una oportunidad para que los estudiantes y docentes podamos, desde ese contexto, generar evidencia\u201d, se\u00f1ala Carmen Paz.<\/p>\n\n\n\n<div style=\"height:32px\" aria-hidden=\"true\" class=\"wp-block-spacer\"><\/div>\n\n\n\n<div class=\"wp-block-columns is-layout-flex wp-container-core-columns-is-layout-9d6595d7 wp-block-columns-is-layout-flex\">\n<div class=\"wp-block-column is-layout-flow wp-block-column-is-layout-flow\" style=\"flex-basis:50%\">\n<h2 class=\"wp-block-heading\">La experiencia de enfermer\u00eda<\/h2>\n\n\n\n<p>La Escuela de Enfermer\u00eda lleg\u00f3 al uso de A+S por una necesidad. \u201cLa asignatura de Educaci\u00f3n para la Salud no era muy apreciada por los estudiantes, pero es fundamental para promover y prevenir\u201d, cuenta Carmen Paz. Entonces, adoptaron A+S \u201cy el cambio fue rotundo\u201d. \u201cEl aprendizaje se da de manera mucho m\u00e1s natural: como es necesario para realizar las acciones con la comunidad, <strong>los estudiantes aprenden sin mirar la nota, sinceramente<\/strong>\u201d, explica la acad\u00e9mica.<\/p>\n\n\n\n<p>Asimismo, el diagn\u00f3stico participativo y el trabajo personalizado permiten que los ni\u00f1os conecten con la actividad, logrando una intervenci\u00f3n m\u00e1s efectiva. \u201cVi a los chiquillos interesados, participando activamente en ambos lados\u201d, describe <strong>Jos\u00e9 Miguel Jim\u00e9nez, profesor del colegio de Fundaci\u00f3n Bel\u00e9n Educa<\/strong>, instituci\u00f3n donde se contin\u00faa desarrollando esta asignatura con A+S, porque \u201clo m\u00e1s importante para educar es transformar\u201d, concluye Carmen Paz Moscoso.<\/p>\n\n\n\n<figure class=\"wp-block-embed is-type-rich is-provider-spotify wp-block-embed-spotify wp-embed-aspect-21-9 wp-has-aspect-ratio\"><div class=\"wp-block-embed__wrapper\">\n<iframe title=\"Spotify Embed: La experiencia de la metodolog\u00eda A+S\" style=\"border-radius: 12px\" width=\"100%\" height=\"152\" frameborder=\"0\" allowfullscreen allow=\"autoplay; clipboard-write; encrypted-media; fullscreen; picture-in-picture\" loading=\"lazy\" src=\"https:\/\/open.spotify.com\/embed\/episode\/4WhNjPOR0AZjlFcuInN1aE?si=NNf4YhXcTPi7Ob7Btwn4xQ&#038;utm_source=oembed\"><\/iframe>\n<\/div><\/figure>\n\n\n\n<figure class=\"wp-block-embed is-type-rich is-provider-spotify wp-block-embed-spotify wp-embed-aspect-21-9 wp-has-aspect-ratio\"><div class=\"wp-block-embed__wrapper\">\n<iframe title=\"Spotify Embed: Aprendizaje + Servicio (A+S): construyendo un bien com\u00fan\" style=\"border-radius: 12px\" width=\"100%\" height=\"152\" frameborder=\"0\" allowfullscreen allow=\"autoplay; clipboard-write; encrypted-media; fullscreen; picture-in-picture\" loading=\"lazy\" src=\"https:\/\/open.spotify.com\/embed\/episode\/0pHPHFGEHEYSgwh2LjNNQT?si=6OGbb_rmTV2LF9eJvq5CqQ&#038;utm_source=oembed\"><\/iframe>\n<\/div><\/figure>\n<\/div>\n\n\n\n<div class=\"wp-block-column is-layout-flow wp-block-column-is-layout-flow\" style=\"flex-basis:30%\">\n<figure class=\"wp-block-image size-large\"><img loading=\"lazy\" decoding=\"async\" width=\"472\" height=\"1024\" src=\"https:\/\/revistacampus.uandes.cl\/2024\/wp-content\/uploads\/2024\/08\/AS-1-472x1024.png\" alt=\"\" class=\"wp-image-1142\" srcset=\"https:\/\/revistacampus.uandes.cl\/2024\/wp-content\/uploads\/2024\/08\/AS-1-472x1024.png 472w, https:\/\/revistacampus.uandes.cl\/2024\/wp-content\/uploads\/2024\/08\/AS-1-138x300.png 138w, https:\/\/revistacampus.uandes.cl\/2024\/wp-content\/uploads\/2024\/08\/AS-1.png 542w\" sizes=\"(max-width: 472px) 100vw, 472px\" \/><\/figure>\n<\/div>\n<\/div>\n","protected":false},"excerpt":{"rendered":"<p>En el gimnasio del colegio Juan Luis Undurraga, cada futuro enfermero mantuvo una conversaci\u00f3n abierta y cercana con un escolar. Tambi\u00e9n trabajan en grupos peque\u00f1os con material did\u00e1ctico personalizado. Diferentes carreras han implementado la metodolog\u00eda \u201cA+S\u201d, un servicio a la comunidad con vinculaci\u00f3n curricular que tiene base en el aprendizaje experiencial, por lo tanto, la [&hellip;]<\/p>\n","protected":false},"author":1,"featured_media":1006,"comment_status":"open","ping_status":"open","sticky":false,"template":"","format":"standard","meta":{"footnotes":""},"categories":[8,41],"tags":[],"class_list":["post-1003","post","type-post","status-publish","format-standard","has-post-thumbnail","hentry","category-academia","category-estudiantes-uandes"],"_links":{"self":[{"href":"https:\/\/revistacampus.uandes.cl\/2024\/wp-json\/wp\/v2\/posts\/1003","targetHints":{"allow":["GET"]}}],"collection":[{"href":"https:\/\/revistacampus.uandes.cl\/2024\/wp-json\/wp\/v2\/posts"}],"about":[{"href":"https:\/\/revistacampus.uandes.cl\/2024\/wp-json\/wp\/v2\/types\/post"}],"author":[{"embeddable":true,"href":"https:\/\/revistacampus.uandes.cl\/2024\/wp-json\/wp\/v2\/users\/1"}],"replies":[{"embeddable":true,"href":"https:\/\/revistacampus.uandes.cl\/2024\/wp-json\/wp\/v2\/comments?post=1003"}],"version-history":[{"count":8,"href":"https:\/\/revistacampus.uandes.cl\/2024\/wp-json\/wp\/v2\/posts\/1003\/revisions"}],"predecessor-version":[{"id":1419,"href":"https:\/\/revistacampus.uandes.cl\/2024\/wp-json\/wp\/v2\/posts\/1003\/revisions\/1419"}],"wp:featuredmedia":[{"embeddable":true,"href":"https:\/\/revistacampus.uandes.cl\/2024\/wp-json\/wp\/v2\/media\/1006"}],"wp:attachment":[{"href":"https:\/\/revistacampus.uandes.cl\/2024\/wp-json\/wp\/v2\/media?parent=1003"}],"wp:term":[{"taxonomy":"category","embeddable":true,"href":"https:\/\/revistacampus.uandes.cl\/2024\/wp-json\/wp\/v2\/categories?post=1003"},{"taxonomy":"post_tag","embeddable":true,"href":"https:\/\/revistacampus.uandes.cl\/2024\/wp-json\/wp\/v2\/tags?post=1003"}],"curies":[{"name":"wp","href":"https:\/\/api.w.org\/{rel}","templated":true}]}}