{"id":983,"date":"2023-09-01T14:09:54","date_gmt":"2023-09-01T17:09:54","guid":{"rendered":"https:\/\/revistacampus.uandes.cl\/2023\/?p=983"},"modified":"2023-10-26T17:09:21","modified_gmt":"2023-10-26T20:09:21","slug":"alumni-que-van-por-mas","status":"publish","type":"post","link":"https:\/\/revistacampus.uandes.cl\/2023\/alumni-que-van-por-mas\/","title":{"rendered":"Alumni que van por m\u00e1s"},"content":{"rendered":"\n<p class=\"has-small-font-size\"><strong>Nuestros egresados son los grandes embajadores de este proyecto educativo. Llevan su destreza profesional a lo largo de Chile y alrededor del mundo, aportando capacidad de di\u00e1logo, reflexi\u00f3n y pensamiento cr\u00edtico y creativo, centrados en las necesidades del ser humano.<\/strong><\/p>\n\n\n\n<div class=\"wp-block-stackable-columns stk-block-columns stk-block stk-3c3aec6\" data-block-id=\"3c3aec6\"><style>.stk-3c3aec6{margin-bottom:29px !important}<\/style><div class=\"stk-row stk-inner-blocks stk-block-content stk-content-align stk-3c3aec6-column\">\n<div class=\"wp-block-stackable-column stk-block-column stk-column stk-block stk-db22ab3\" data-v=\"4\" data-block-id=\"db22ab3\"><div class=\"stk-column-wrapper stk-block-column__content stk-container stk-db22ab3-container stk--no-background stk--no-padding\"><div class=\"stk-block-content stk-inner-blocks stk-db22ab3-inner-blocks\">\n<div class=\"wp-block-stackable-columns stk-block-columns stk-block stk-b555e3e\" data-block-id=\"b555e3e\"><div class=\"stk-row stk-inner-blocks stk-block-content stk-content-align stk-b555e3e-column\">\n<div class=\"wp-block-stackable-column stk-block-column stk-column stk-block stk-d9dfb34\" data-v=\"4\" data-block-id=\"d9dfb34\"><style>@media screen and (min-width:768px){.stk-d9dfb34{flex:1 1 calc(40% - var(--stk-column-gap,0px) * 1 \/ 2 ) !important}}<\/style><div class=\"stk-column-wrapper stk-block-column__content stk-container stk-d9dfb34-container stk--no-background stk--no-padding\"><div class=\"stk-block-content stk-inner-blocks stk-d9dfb34-inner-blocks\">\n<div class=\"wp-block-stackable-image stk-block-image stk-block stk-504cdaa\" data-block-id=\"504cdaa\"><style>.stk-504cdaa .stk-img-wrapper{height:350px !important}<\/style><figure class=\"stk-img-wrapper stk-image--shape-stretch\"><img fetchpriority=\"high\" decoding=\"async\" class=\"stk-img wp-image-993\" src=\"https:\/\/revistacampus.uandes.cl\/2023\/wp-content\/uploads\/2023\/09\/ISIDORA-CASAS-DEL-VALLE.jpg\" width=\"527\" height=\"350\" srcset=\"https:\/\/revistacampus.uandes.cl\/2023\/wp-content\/uploads\/2023\/09\/ISIDORA-CASAS-DEL-VALLE.jpg 527w, https:\/\/revistacampus.uandes.cl\/2023\/wp-content\/uploads\/2023\/09\/ISIDORA-CASAS-DEL-VALLE-300x199.jpg 300w\" sizes=\"(max-width: 527px) 100vw, 527px\" \/><\/figure><\/div>\n<\/div><\/div><\/div>\n\n\n\n<div class=\"wp-block-stackable-column stk-block-column stk-column stk-block stk-ad5b664\" data-v=\"4\" data-block-id=\"ad5b664\"><style>@media screen and (min-width:768px){.stk-ad5b664{flex:1 1 calc(60% - var(--stk-column-gap,0px) * 1 \/ 2 ) !important}}<\/style><div class=\"stk-column-wrapper stk-block-column__content stk-container stk-ad5b664-container stk--no-background stk--no-padding\"><div class=\"stk-block-content stk-inner-blocks stk-ad5b664-inner-blocks\">\n<div class=\"wp-block-stackable-text stk-block-text stk-block stk-ae58c2f stk-block-background\" data-block-id=\"ae58c2f\"><style>.stk-ae58c2f{background-color:#003c50 !important;padding-top:5px !important;padding-right:5px !important;padding-bottom:5px !important;padding-left:5px !important;margin-bottom:10px !important}.stk-ae58c2f:before{background-color:#003c50 !important}.stk-ae58c2f .stk-block-text__text{font-size:15px !important;color:#ffffff !important}@media screen and (max-width:1023px){.stk-ae58c2f .stk-block-text__text{font-size:15px !important}}<\/style><p class=\"stk-block-text__text has-text-color\"><strong>DERECHO 2017 Y MIEM 2021<\/strong><\/p><\/div>\n\n\n\n<div class=\"wp-block-stackable-text stk-block-text stk-block stk-f77c673\" data-block-id=\"f77c673\"><style>.stk-f77c673 .stk-block-text__text{font-size:20px !important;color:#003c50 !important}@media screen and (max-width:1023px){.stk-f77c673 .stk-block-text__text{font-size:20px !important}}<\/style><p class=\"stk-block-text__text has-text-color\">Isidora Casas del Valle<\/p><\/div>\n\n\n\n<div class=\"wp-block-stackable-text stk-block-text stk-block stk-dada7bc\" data-block-id=\"dada7bc\"><style>.stk-dada7bc{margin-bottom:10px !important}.stk-dada7bc .stk-block-text__text{font-size:15px !important}@media screen and (max-width:1023px){.stk-dada7bc .stk-block-text__text{font-size:15px !important}}<\/style><p class=\"stk-block-text__text\"><strong>L\u00edder Emergente Espacial<\/strong><\/p><\/div>\n\n\n\n<div class=\"wp-block-stackable-text stk-block-text stk-block stk-c0e18bc\" data-block-id=\"c0e18bc\"><p class=\"stk-block-text__text\">\u201cComo primera chilena en recibir este premio, <strong>fue un honor representar a los j\u00f3venes de mi pa\u00eds en el \u00e1rea espacial<\/strong>, una industria disruptiva y cautivadora, y result\u00f3 ser muy inspirador el compartir este premio con mujeres que ya han estado en el espacio\u201d, asegur\u00f3 Isidora a El Mercurio, luego de ser reconocida por la <a rel=\"noreferrer noopener\" href=\"https:\/\/www.iafastro.org\/\" data-type=\"link\" data-id=\"https:\/\/www.iafastro.org\/\" target=\"_blank\">Federaci\u00f3n Internacional de Astron\u00e1utica (IAF)<\/a>. La abogada aeroespacial, que present\u00f3 un paper sobre los aportes del derecho chileno a la miner\u00eda espacial y particip\u00f3 en un panel de divulgaci\u00f3n cient\u00edfica, form\u00f3 parte de los 30 j\u00f3venes premiados en el <a rel=\"noreferrer noopener\" href=\"https:\/\/iac2022.org\/\" data-type=\"link\" data-id=\"https:\/\/iac2022.org\/\" target=\"_blank\">International Astronautical Congress de Par\u00eds<\/a>. En el <strong>evento, el m\u00e1s importante del mundo espacial<\/strong>, tuvo la oportunidad de compartir con distinguidas astronautas de Blue Origin y Virgin Galactic, acerc\u00e1ndose a su sue\u00f1o de ser una de las primeras astronautas chilenas. Actualmente, trabaja en Comunicaciones del Observatorio Europeo Austral (ESO) y es coordinadora regional de Am\u00e9rica del Sur del Space Generation Advisory Council. (<a href=\"https:\/\/www.uandes.cl\/noticias\/isidora-casas-del-valle-der-17-es-reconocida-como-lider-emergente-espacial-en-la-international-astronautical-congress\/\" target=\"_blank\" rel=\"noreferrer noopener\">Ver m\u00e1s<\/a>)<\/p><\/div>\n<\/div><\/div><\/div>\n<\/div><\/div>\n<\/div><\/div><\/div>\n<\/div><\/div>\n\n\n\n<div class=\"wp-block-stackable-columns stk-block-columns stk-block stk-e5cccf0\" data-block-id=\"e5cccf0\"><div class=\"stk-row stk-inner-blocks stk-block-content stk-content-align stk-e5cccf0-column\">\n<div class=\"wp-block-stackable-column stk-block-column stk-column stk-block stk-207b744\" data-v=\"4\" data-block-id=\"207b744\"><style>@media screen and (min-width:768px){.stk-207b744{flex:1 1 calc(40% - var(--stk-column-gap,0px) * 1 \/ 2 ) !important}}<\/style><div class=\"stk-column-wrapper stk-block-column__content stk-container stk-207b744-container stk--no-background stk--no-padding\"><div class=\"stk-block-content stk-inner-blocks stk-207b744-inner-blocks\">\n<div class=\"wp-block-stackable-image stk-block-image stk-block stk-3cfae2e\" data-block-id=\"3cfae2e\"><style>.stk-3cfae2e .stk-img-wrapper{height:350px !important}<\/style><figure class=\"stk-img-wrapper stk-image--shape-stretch\"><img decoding=\"async\" class=\"stk-img wp-image-1140\" src=\"https:\/\/revistacampus.uandes.cl\/2023\/wp-content\/uploads\/2023\/09\/Deport.jpg\" width=\"527\" height=\"350\" srcset=\"https:\/\/revistacampus.uandes.cl\/2023\/wp-content\/uploads\/2023\/09\/Deport.jpg 527w, https:\/\/revistacampus.uandes.cl\/2023\/wp-content\/uploads\/2023\/09\/Deport-300x199.jpg 300w\" sizes=\"(max-width: 527px) 100vw, 527px\" \/><\/figure><\/div>\n\n\n\n<div class=\"wp-block-stackable-icon-box stk-block-icon-box stk-block stk-fe5e8ba\" data-v=\"2\" data-block-id=\"fe5e8ba\"><div class=\"stk-block-content stk-inner-blocks stk-block-icon-box__content stk-container stk-fe5e8ba-container stk--no-background stk--no-padding\">\n<div class=\"wp-block-stackable-icon-label stk-block-icon-label stk-block stk-916386e\" data-block-id=\"916386e\"><style>.stk-916386e{margin-bottom:0px !important}<\/style><div class=\"stk-row stk-inner-blocks stk-block-content\">\n<div class=\"wp-block-stackable-icon stk-block-icon has-text-align-left stk-block stk-a3a217b\" data-block-id=\"a3a217b\"><span class=\"stk--svg-wrapper\"><div class=\"stk--inner-svg\"><svg style=\"height:0;width:0\"><defs><linearGradient id=\"linear-gradient-a3a217b\" x1=\"0\" x2=\"100%\" y1=\"0\" y2=\"0\"><stop offset=\"0%\" style=\"stop-opacity:1;stop-color:var(--linear-gradient-a-3-a-217-b-color-1)\"><\/stop><stop offset=\"100%\" style=\"stop-opacity:1;stop-color:var(--linear-gradient-a-3-a-217-b-color-2)\"><\/stop><\/linearGradient><\/defs><\/svg><svg data-prefix=\"fa\" data-icon=\"star\" class=\"svg-inline--fa fa-star fa-w-18\" xmlns=\"http:\/\/www.w3.org\/2000\/svg\" viewBox=\"0 0 576 512\" aria-hidden=\"true\" width=\"32\" height=\"32\"><path fill=\"currentColor\" d=\"M259.3 17.8L194 150.2 47.9 171.5c-26.2 3.8-36.7 36.1-17.7 54.6l105.7 103-25 145.5c-4.5 26.3 23.2 46 46.4 33.7L288 439.6l130.7 68.7c23.2 12.2 50.9-7.4 46.4-33.7l-25-145.5 105.7-103c19-18.5 8.5-50.8-17.7-54.6L382 150.2 316.7 17.8c-11.7-23.6-45.6-23.9-57.4 0z\"><\/path><\/svg><\/div><\/span><\/div>\n\n\n\n<div class=\"wp-block-stackable-heading stk-block-heading stk-block-heading--v2 stk-block stk-367ab21\" id=\"emile-ritter-alcanzo-el-oro-en-los-juegos-panamericanos-santiago-2023\" data-block-id=\"367ab21\"><h6 class=\"stk-block-heading__text\">Emile Ritter alcanz\u00f3 el oro en los Juegos Panamericanos Santiago 2023<\/h6><\/div>\n<\/div><\/div>\n<\/div><\/div>\n<\/div><\/div><\/div>\n\n\n\n<div class=\"wp-block-stackable-column stk-block-column stk-column stk-block stk-f90b448\" data-v=\"4\" data-block-id=\"f90b448\"><style>@media screen and (min-width:768px){.stk-f90b448{flex:1 1 calc(60% - var(--stk-column-gap,0px) * 1 \/ 2 ) !important}}<\/style><div class=\"stk-column-wrapper stk-block-column__content stk-container stk-f90b448-container stk--no-background stk--no-padding\"><div class=\"stk-block-content stk-inner-blocks stk-f90b448-inner-blocks\">\n<div class=\"wp-block-stackable-text stk-block-text stk-block stk-2411e32 stk-block-background\" data-block-id=\"2411e32\"><style>.stk-2411e32{background-color:#003c50 !important;padding-top:5px !important;padding-right:5px !important;padding-bottom:5px !important;padding-left:5px !important;margin-bottom:10px !important}.stk-2411e32:before{background-color:#003c50 !important}.stk-2411e32 .stk-block-text__text{font-size:15px !important;color:#ffffff !important}@media screen and (max-width:1023px){.stk-2411e32 .stk-block-text__text{font-size:15px !important}}<\/style><p class=\"stk-block-text__text has-text-color\"><strong>ADMINISTRACI\u00d3N DE SERVICIOS 2018 || INGENIER\u00cdA 2017<\/strong><\/p><\/div>\n\n\n\n<div class=\"wp-block-stackable-text stk-block-text stk-block stk-40cef9a\" data-block-id=\"40cef9a\"><style>.stk-40cef9a .stk-block-text__text{font-size:20px !important;color:#003c50 !important}@media screen and (max-width:1023px){.stk-40cef9a .stk-block-text__text{font-size:20px !important}}<\/style><p class=\"stk-block-text__text has-text-color\">Macarena Borie y Emile Ritter<\/p><\/div>\n\n\n\n<div class=\"wp-block-stackable-text stk-block-text stk-block stk-fd4bc6a\" data-block-id=\"fd4bc6a\"><style>.stk-fd4bc6a{margin-bottom:10px !important}.stk-fd4bc6a .stk-block-text__text{font-size:15px !important}@media screen and (max-width:1023px){.stk-fd4bc6a .stk-block-text__text{font-size:15px !important}}<\/style><p class=\"stk-block-text__text\"><strong>Medallistas de plata en ODESUR 2022<\/strong><\/p><\/div>\n\n\n\n<div class=\"wp-block-stackable-text stk-block-text stk-block stk-8d97e29\" data-block-id=\"8d97e29\"><style>.stk-72ed967{margin-bottom:15px !important}<\/style><p class=\"stk-block-text__text\">El <a href=\"https:\/\/teamchile.cl\/\" data-type=\"link\" data-id=\"https:\/\/teamchile.cl\/\" target=\"_blank\" rel=\"noreferrer noopener\">Team Chile<\/a> obtuvo un <strong>destacado cuarto lugar en la competencia&nbsp; de la Organizaci\u00f3n Deportiva Suramericana (ODESUR)<\/strong>, realizada en Asunci\u00f3n, Paraguay, y dos alumniUANDES fueron parte de los 593 deportistas que alcanzaron el resultado hist\u00f3rico.<\/p><\/div>\n\n\n\n<div class=\"wp-block-stackable-text stk-block-text stk-block stk-08f4c8a\" data-block-id=\"08f4c8a\"><style>.stk-2086633{margin-bottom:15px !important}<\/style><p class=\"stk-block-text__text\"><strong>Macarena obtuvo medalla de plata en la posta con relevo de 4\u00d7100<\/strong> con &#8220;las pumas&#8221;, al igual que en los Juegos Bolivarianos de Valledupar, Colombia. Sobre el buen desempe\u00f1o en las pistas, coment\u00f3 que \u201cnos demostr\u00f3 que estamos para mucho m\u00e1s y estamos trabajando para dar nuestra mejor actuaci\u00f3n en Santiago 2023\u201d.<\/p><\/div>\n\n\n\n<div class=\"wp-block-stackable-text stk-block-text stk-block stk-9e303f2\" data-block-id=\"9e303f2\"><p class=\"stk-block-text__text\">Por su parte, <strong>Emile compiti\u00f3 en esqu\u00ed n\u00e1utico en la especialidad salto y tambi\u00e9n logr\u00f3 medalla de plata<\/strong>. \u201c\u00a1Incre\u00edble experiencia que me deja con hambre de seguir! Gracias a todos quienes con su apoyo hacen que esto siga siendo posible\u201d, asegur\u00f3 el esquiador en sus redes sociales.<\/p><\/div>\n<\/div><\/div><\/div>\n<\/div><\/div>\n\n\n\n<div class=\"wp-block-stackable-columns stk-block-columns stk-block stk-662b593\" data-block-id=\"662b593\"><div class=\"stk-row stk-inner-blocks stk-block-content stk-content-align stk-662b593-column\">\n<div class=\"wp-block-stackable-column stk-block-column stk-column stk-block stk-2dd1253\" data-v=\"4\" data-block-id=\"2dd1253\"><style>@media screen and (min-width:768px){.stk-2dd1253{flex:1 1 calc(40% - var(--stk-column-gap,0px) * 1 \/ 2 ) !important}}<\/style><div class=\"stk-column-wrapper stk-block-column__content stk-container stk-2dd1253-container stk--no-background stk--no-padding\"><div class=\"stk-block-content stk-inner-blocks stk-2dd1253-inner-blocks\">\n<div class=\"wp-block-stackable-image stk-block-image stk-block stk-b771f1f\" data-block-id=\"b771f1f\"><style>.stk-b771f1f .stk-img-wrapper{height:350px !important}<\/style><figure class=\"stk-img-wrapper stk-image--shape-stretch\"><img decoding=\"async\" class=\"stk-img wp-image-1153\" src=\"https:\/\/revistacampus.uandes.cl\/2023\/wp-content\/uploads\/2023\/09\/3ra_col.jpg\" width=\"527\" height=\"350\" srcset=\"https:\/\/revistacampus.uandes.cl\/2023\/wp-content\/uploads\/2023\/09\/3ra_col.jpg 527w, https:\/\/revistacampus.uandes.cl\/2023\/wp-content\/uploads\/2023\/09\/3ra_col-300x199.jpg 300w\" sizes=\"(max-width: 527px) 100vw, 527px\" \/><\/figure><\/div>\n<\/div><\/div><\/div>\n\n\n\n<div class=\"wp-block-stackable-column stk-block-column stk-column stk-block stk-35ec40a\" data-v=\"4\" data-block-id=\"35ec40a\"><style>@media screen and (min-width:768px){.stk-35ec40a{flex:1 1 calc(60% - var(--stk-column-gap,0px) * 1 \/ 2 ) !important}}<\/style><div class=\"stk-column-wrapper stk-block-column__content stk-container stk-35ec40a-container stk--no-background stk--no-padding\"><div class=\"stk-block-content stk-inner-blocks stk-35ec40a-inner-blocks\">\n<div class=\"wp-block-stackable-text stk-block-text stk-block stk-5d113fe stk-block-background\" data-block-id=\"5d113fe\"><style>.stk-5d113fe{background-color:#003c50 !important;padding-top:5px !important;padding-right:5px !important;padding-bottom:5px !important;padding-left:5px !important;margin-bottom:10px !important}.stk-5d113fe:before{background-color:#003c50 !important}.stk-5d113fe .stk-block-text__text{font-size:15px !important;color:#ffffff !important}@media screen and (max-width:1023px){.stk-5d113fe .stk-block-text__text{font-size:15px !important}}<\/style><p class=\"stk-block-text__text has-text-color\"><strong>INGENIER\u00cdA 2013<\/strong><\/p><\/div>\n\n\n\n<div class=\"wp-block-stackable-text stk-block-text stk-block stk-08c3f70\" data-block-id=\"08c3f70\"><style>.stk-08c3f70 .stk-block-text__text{font-size:20px !important;color:#003c50 !important}@media screen and (max-width:1023px){.stk-08c3f70 .stk-block-text__text{font-size:20px !important}}<\/style><p class=\"stk-block-text__text has-text-color\">Jorge G\u00f3mez <\/p><\/div>\n\n\n\n<div class=\"wp-block-stackable-text stk-block-text stk-block stk-217c76a\" data-block-id=\"217c76a\"><p class=\"stk-block-text__text\"><strong style=\"font-size: 15px; white-space-collapse: collapse; color: initial;\">Constructor de tecnolog\u00edas para el Metaverso<\/strong><\/p><\/div>\n\n\n\n<div class=\"wp-block-stackable-text stk-block-text stk-block stk-8b29e43\" data-block-id=\"8b29e43\"><p class=\"stk-block-text__text\">\u201cYo trabajo sobre todo en hardware y en el \u00e1rea de investigaci\u00f3n, donde <strong>vemos las tecnolog\u00edas que se van a ocupar entre cinco y diez a\u00f1os m\u00e1s\u201d<\/strong>, revela el Research Scientist de <a rel=\"noreferrer noopener\" href=\"https:\/\/about.meta.com\/realitylabs\/\" data-type=\"link\" data-id=\"https:\/\/about.meta.com\/realitylabs\/\" target=\"_blank\">Meta Reality Labs<\/a>, donde trabaja desde 2021. Mientras realizaba su doctorado en Electrical and Electronics Engeneering en la <a href=\"https:\/\/www.nd.edu\/\" data-type=\"link\" data-id=\"https:\/\/www.nd.edu\/\" target=\"_blank\" rel=\"noreferrer noopener\">Universidad de Notre Dame<\/a>, en conjunto con la Pontificia Universidad Cat\u00f3lica de Chile, fue recomendado para hacer una pasant\u00eda en Meta Reallity Labs Research. Desde entonces <strong>explora nuevas tecnolog\u00edas para dise\u00f1ar y construir chips<\/strong>, comprobar si son compatibles con distintas arquitecturas y aplicarlas a algoritmos que permitan detectar movimientos, como los de las manos -handtracking- o de pupilas, para saber hacia d\u00f3nde se mira -eyetracking-. \u201cTiene la gracia de que uno debe conocer todos los niveles de la investigaci\u00f3n para tratar de co-optimizar y obtener el mejor desempe\u00f1o, porque debemos hacer anteojos c\u00f3modos, que la gente quiera llevar puestos\u201d, explica.<\/p><\/div>\n<\/div><\/div><\/div>\n<\/div><\/div>\n\n\n\n<div class=\"wp-block-stackable-columns stk-block-columns stk-block stk-73a671d\" data-block-id=\"73a671d\"><div class=\"stk-row stk-inner-blocks stk-block-content stk-content-align stk-73a671d-column\">\n<div class=\"wp-block-stackable-column stk-block-column stk-column stk-block stk-6c1edb3\" data-v=\"4\" data-block-id=\"6c1edb3\"><style>@media screen and (min-width:768px){.stk-6c1edb3{flex:1 1 calc(40% - var(--stk-column-gap,0px) * 1 \/ 2 ) !important}}<\/style><div class=\"stk-column-wrapper stk-block-column__content stk-container stk-6c1edb3-container stk--no-background stk--no-padding\"><div class=\"stk-block-content stk-inner-blocks stk-6c1edb3-inner-blocks\">\n<div class=\"wp-block-stackable-image stk-block-image stk-block stk-22401c7\" data-block-id=\"22401c7\"><style>.stk-22401c7 .stk-img-wrapper{height:350px !important}<\/style><figure class=\"stk-img-wrapper stk-image--shape-stretch\"><img loading=\"lazy\" decoding=\"async\" class=\"stk-img wp-image-1166\" src=\"https:\/\/revistacampus.uandes.cl\/2023\/wp-content\/uploads\/2023\/09\/4ta_foto.jpg\" width=\"527\" height=\"350\" srcset=\"https:\/\/revistacampus.uandes.cl\/2023\/wp-content\/uploads\/2023\/09\/4ta_foto.jpg 527w, https:\/\/revistacampus.uandes.cl\/2023\/wp-content\/uploads\/2023\/09\/4ta_foto-300x199.jpg 300w\" sizes=\"(max-width: 527px) 100vw, 527px\" \/><\/figure><\/div>\n<\/div><\/div><\/div>\n\n\n\n<div class=\"wp-block-stackable-column stk-block-column stk-column stk-block stk-e2f09d9\" data-v=\"4\" data-block-id=\"e2f09d9\"><style>@media screen and (min-width:768px){.stk-e2f09d9{flex:1 1 calc(60% - var(--stk-column-gap,0px) * 1 \/ 2 ) !important}}<\/style><div class=\"stk-column-wrapper stk-block-column__content stk-container stk-e2f09d9-container stk--no-background stk--no-padding\"><div class=\"stk-block-content stk-inner-blocks stk-e2f09d9-inner-blocks\">\n<div class=\"wp-block-stackable-text stk-block-text stk-block stk-83894de stk-block-background\" data-block-id=\"83894de\"><style>.stk-83894de{background-color:#003c50 !important;padding-top:5px !important;padding-right:5px !important;padding-bottom:5px !important;padding-left:5px !important;margin-bottom:10px !important}.stk-83894de:before{background-color:#003c50 !important}.stk-83894de .stk-block-text__text{color:#ffffff !important}<\/style><p class=\"stk-block-text__text has-text-color\"><strong>PADE 2021<\/strong><\/p><\/div>\n\n\n\n<div class=\"wp-block-stackable-text stk-block-text stk-block stk-9aa4d68\" data-block-id=\"9aa4d68\"><style>.stk-9aa4d68{margin-bottom:12px !important}.stk-9aa4d68 .stk-block-text__text{font-size:22px !important;color:#003c50 !important}@media screen and (max-width:1023px){.stk-9aa4d68 .stk-block-text__text{font-size:22px !important}}<\/style><p class=\"stk-block-text__text has-text-color\">Karen Thal<\/p><\/div>\n\n\n\n<div class=\"wp-block-stackable-text stk-block-text stk-block stk-55ec4a5\" data-block-id=\"55ec4a5\"><style>.stk-55ec4a5 .stk-block-text__text{font-size:15px !important}@media screen and (max-width:1023px){.stk-55ec4a5 .stk-block-text__text{font-size:15px !important}}<\/style><p class=\"stk-block-text__text\"><strong>Presidenta del Directorio de ICARE<\/strong><\/p><\/div>\n\n\n\n<div class=\"wp-block-stackable-text stk-block-text stk-block stk-7b4de59\" data-block-id=\"7b4de59\"><p class=\"stk-block-text__text\">\u201cEs un orgullo y lo asumo con mucha responsabilidad\u201d, afirma la <strong>primera mujer en ocupar este cargo en la corporaci\u00f3n que re\u00fane a empresarios y profesionales de la actividad econ\u00f3mica nacional<\/strong>. \u201cEs una buena se\u00f1al que al buscar a quien presidir\u00eda este periodo se haya llegado por primera vez a una mujer&#8230; Espero que el hecho de que una mujer dirija una organizaci\u00f3n nos llame cada vez menos la atenci\u00f3n, y en un futuro no lejano ya no sea un tema\u201d, plantea la directora de Cadem. Adem\u00e1s de promover la excelencia empresarial, su objetivo es seguir potenciando <a href=\"https:\/\/www.icare.cl\/\" data-type=\"link\" data-id=\"https:\/\/www.icare.cl\/\" target=\"_blank\" rel=\"noreferrer noopener\">ICARE<\/a> como \u201cpunto de encuentro para la diversidad de visiones y el debate sobre c\u00f3mo la empresa puede hacer su m\u00e1ximo aporte al pa\u00eds\u201d. Por eso asegura que <strong>su experiencia en el <a href=\"https:\/\/www.ese.cl\/\" data-type=\"link\" data-id=\"https:\/\/www.ese.cl\/\" target=\"_blank\" rel=\"noreferrer noopener\">ESE Business School<\/a> \u201cha sido tremendamente valiosa\u201d<\/strong>, pues le ha permitido actualizar su visi\u00f3n sobre temas de la alta direcci\u00f3n, conocimientos generales con el programa ESE100 y conocer a una red de grandes profesionales. \u201cYo tengo una adicci\u00f3n con el estudio, s\u00e9 que es nerd, pero disfruto estudiando\u201d, bromea.<\/p><\/div>\n<\/div><\/div><\/div>\n<\/div><\/div>\n\n\n\n<div class=\"wp-block-stackable-columns stk-block-columns stk-block stk-263b318\" data-block-id=\"263b318\"><div class=\"stk-row stk-inner-blocks stk-block-content stk-content-align stk-263b318-column\">\n<div class=\"wp-block-stackable-column stk-block-column stk-column stk-block stk-cc66ab1\" data-v=\"4\" data-block-id=\"cc66ab1\"><style>@media screen and (min-width:768px){.stk-cc66ab1{flex:1 1 calc(40% - var(--stk-column-gap,0px) * 1 \/ 2 ) !important}}<\/style><div class=\"stk-column-wrapper stk-block-column__content stk-container stk-cc66ab1-container stk--no-background stk--no-padding\"><div class=\"stk-block-content stk-inner-blocks stk-cc66ab1-inner-blocks\">\n<div class=\"wp-block-stackable-image stk-block-image stk-block stk-de45a21\" data-block-id=\"de45a21\"><style>.stk-de45a21 .stk-img-wrapper{height:350px !important}<\/style><figure class=\"stk-img-wrapper stk-image--shape-stretch\"><img loading=\"lazy\" decoding=\"async\" class=\"stk-img wp-image-1173\" src=\"https:\/\/revistacampus.uandes.cl\/2023\/wp-content\/uploads\/2023\/09\/5ta_foto.jpg\" width=\"527\" height=\"350\" srcset=\"https:\/\/revistacampus.uandes.cl\/2023\/wp-content\/uploads\/2023\/09\/5ta_foto.jpg 527w, https:\/\/revistacampus.uandes.cl\/2023\/wp-content\/uploads\/2023\/09\/5ta_foto-300x199.jpg 300w\" sizes=\"(max-width: 527px) 100vw, 527px\" \/><\/figure><\/div>\n<\/div><\/div><\/div>\n\n\n\n<div class=\"wp-block-stackable-column stk-block-column stk-column stk-block stk-fb27840\" data-v=\"4\" data-block-id=\"fb27840\"><style>@media screen and (min-width:768px){.stk-fb27840{flex:1 1 calc(60% - var(--stk-column-gap,0px) * 1 \/ 2 ) !important}}<\/style><div class=\"stk-column-wrapper stk-block-column__content stk-container stk-fb27840-container stk--no-background stk--no-padding\"><div class=\"stk-block-content stk-inner-blocks stk-fb27840-inner-blocks\">\n<div class=\"wp-block-stackable-text stk-block-text stk-block stk-82b2c9e stk-block-background\" data-block-id=\"82b2c9e\"><style>.stk-82b2c9e{background-color:#003c50 !important;padding-top:5px !important;padding-right:5px !important;padding-bottom:5px !important;padding-left:5px !important;margin-bottom:10px !important}.stk-82b2c9e:before{background-color:#003c50 !important}.stk-82b2c9e .stk-block-text__text{font-size:15px !important;color:#ffffff !important}@media screen and (max-width:1023px){.stk-82b2c9e .stk-block-text__text{font-size:15px !important}}<\/style><p class=\"stk-block-text__text has-text-color\"><strong>MAG\u00cdSTER EN FAMILIA Y MEDIACI\u00d3N 2022<\/strong><\/p><\/div>\n\n\n\n<div class=\"wp-block-stackable-text stk-block-text stk-block stk-8ece01c\" data-block-id=\"8ece01c\"><style>.stk-8ece01c{margin-bottom:12px !important}.stk-8ece01c .stk-block-text__text{font-size:20px !important;color:#003c50 !important}@media screen and (max-width:1023px){.stk-8ece01c .stk-block-text__text{font-size:20px !important}}<\/style><p class=\"stk-block-text__text has-text-color\">TCL(J) Rogelio Requena<\/p><\/div>\n\n\n\n<div class=\"wp-block-stackable-text stk-block-text stk-block stk-3f021ee\" data-block-id=\"3f021ee\"><style>.stk-3f021ee .stk-block-text__text{font-size:15px !important}@media screen and (max-width:1023px){.stk-3f021ee .stk-block-text__text{font-size:15px !important}}<\/style><p class=\"stk-block-text__text\"><strong>Primera Oficina de Mediaci\u00f3n de Carabineros<\/strong><\/p><\/div>\n\n\n\n<div class=\"wp-block-stackable-text stk-block-text stk-block stk-348df2b\" data-block-id=\"348df2b\"><p class=\"stk-block-text__text\">En mayo de 2022, el Departamento de la Defensor\u00eda Jur\u00eddica del Personal, al mando del teniente coronel (J) de Carabineros Rogelio Requena, <strong>inaugur\u00f3 la primera Oficina de Mediaci\u00f3n de la Defensor\u00eda Jur\u00eddica de la instituci\u00f3n<\/strong>. Su finalidad es ampliar la cobertura asistencial en el \u00e1mbito de la familia para el personal en la Regi\u00f3n Metropolitana. Los estudios realizados por el teniente coronel en el <a rel=\"noreferrer noopener\" href=\"https:\/\/www.uandes.cl\/icf\/\" target=\"_blank\">Instituto de Ciencias de la Familia<\/a> le permitieron dar forma a este proyecto, que busca hacer m\u00e1s integrales y acordes a la nueva legislaci\u00f3n en la materia los servicios jur\u00eddicos en el \u00e1mbito de familia, a trav\u00e9s de abogadas y psic\u00f3logas mediadoras de Carabineros. La inauguraci\u00f3n fue en la ceremonia del 95 aniversario institucional y cont\u00f3 con la presencia de la acad\u00e9mica del ICF Carmina Gillmore. (<a href=\"https:\/\/www.uandes.cl\/noticias\/alumni-del-icf-inauguro-primera-oficina-de-medicion-para-carabineros\/\" target=\"_blank\" rel=\"noreferrer noopener\">Ver m\u00e1s<\/a>)<\/p><\/div>\n\n\n\n<div class=\"wp-block-stackable-text stk-block-text stk-block stk-e04a013\" data-block-id=\"e04a013\"><p class=\"stk-block-text__text\"><p class=\"Prrafobsico\" style=\"margin-top:0cm;margin-right:0cm;margin-bottom:5.65pt;\nmargin-left:5.65pt;mso-hyphenate:none;tab-stops:14.0pt\"><\/p><p class=\"Prrafobsico\" style=\"margin-top:0cm;margin-right:0cm;margin-bottom:5.65pt;\nmargin-left:5.65pt;mso-hyphenate:none;tab-stops:14.0pt\"><\/p><\/p><\/div>\n<\/div><\/div><\/div>\n<\/div><\/div>\n\n\n\n<div class=\"wp-block-stackable-columns stk-block-columns stk-block stk-ffe05b5\" data-block-id=\"ffe05b5\"><div class=\"stk-row stk-inner-blocks stk-block-content stk-content-align stk-ffe05b5-column\">\n<div class=\"wp-block-stackable-column stk-block-column stk-column stk-block stk-dc2e3db\" data-v=\"4\" data-block-id=\"dc2e3db\"><style>@media screen and (min-width:768px){.stk-dc2e3db{flex:1 1 calc(40% - var(--stk-column-gap,0px) * 1 \/ 2 ) !important}}<\/style><div class=\"stk-column-wrapper stk-block-column__content stk-container stk-dc2e3db-container stk--no-background stk--no-padding\"><div class=\"stk-block-content stk-inner-blocks stk-dc2e3db-inner-blocks\">\n<div class=\"wp-block-stackable-image stk-block-image stk-block stk-92ea070\" data-block-id=\"92ea070\"><style>.stk-92ea070 .stk-img-wrapper{height:350px !important}<\/style><figure class=\"stk-img-wrapper stk-image--shape-stretch\"><img loading=\"lazy\" decoding=\"async\" class=\"stk-img wp-image-1175\" src=\"https:\/\/revistacampus.uandes.cl\/2023\/wp-content\/uploads\/2023\/09\/6ta_foto.jpg\" width=\"527\" height=\"350\" srcset=\"https:\/\/revistacampus.uandes.cl\/2023\/wp-content\/uploads\/2023\/09\/6ta_foto.jpg 527w, https:\/\/revistacampus.uandes.cl\/2023\/wp-content\/uploads\/2023\/09\/6ta_foto-300x199.jpg 300w\" sizes=\"(max-width: 527px) 100vw, 527px\" \/><\/figure><\/div>\n<\/div><\/div><\/div>\n\n\n\n<div class=\"wp-block-stackable-column stk-block-column stk-column stk-block stk-244726d\" data-v=\"4\" data-block-id=\"244726d\"><style>@media screen and (min-width:768px){.stk-244726d{flex:1 1 calc(60% - var(--stk-column-gap,0px) * 1 \/ 2 ) !important}}<\/style><div class=\"stk-column-wrapper stk-block-column__content stk-container stk-244726d-container stk--no-background stk--no-padding\"><div class=\"stk-block-content stk-inner-blocks stk-244726d-inner-blocks\">\n<div class=\"wp-block-stackable-text stk-block-text stk-block stk-a6073a0 stk-block-background\" data-block-id=\"a6073a0\"><style>.stk-a6073a0{background-color:#003c50 !important;padding-top:5px !important;padding-right:5px !important;padding-bottom:5px !important;padding-left:5px !important;margin-bottom:10px !important}.stk-a6073a0:before{background-color:#003c50 !important}.stk-a6073a0 .stk-block-text__text{font-size:15px !important;color:#ffffff !important}@media screen and (max-width:1023px){.stk-a6073a0 .stk-block-text__text{font-size:15px !important}}<\/style><p class=\"stk-block-text__text has-text-color\"><strong>KINESIOLOG\u00cdA 2019 ||<\/strong><\/p><\/div>\n\n\n\n<div class=\"wp-block-stackable-text stk-block-text stk-block stk-2ab2025\" data-block-id=\"2ab2025\"><style>.stk-2ab2025{margin-bottom:12px !important}.stk-2ab2025 .stk-block-text__text{font-size:20px !important;color:#003c50 !important}@media screen and (max-width:1023px){.stk-2ab2025 .stk-block-text__text{font-size:20px !important}}<\/style><p class=\"stk-block-text__text has-text-color\">David Contreras y Josefina Martin<\/p><\/div>\n\n\n\n<div class=\"wp-block-stackable-text stk-block-text stk-block stk-319d7e8\" data-block-id=\"319d7e8\"><style>.stk-319d7e8 .stk-block-text__text{font-size:15px !important}@media screen and (max-width:1023px){.stk-319d7e8 .stk-block-text__text{font-size:15px !important}}<\/style><p class=\"stk-block-text__text\"><strong>Kinesi\u00f3logos de alto rendimiento en Hispanoam\u00e9rica<\/strong><\/p><\/div>\n\n\n\n<div class=\"wp-block-stackable-text stk-block-text stk-block stk-c012842\" data-block-id=\"c012842\"><style>.stk-c012842{margin-bottom:10px !important}<\/style><p class=\"stk-block-text__text\">Desde diciembre 2021, David se desempe\u00f1a como <strong>kinesi\u00f3logo deportivo del equipo de <a rel=\"noreferrer noopener\" href=\"https:\/\/www.rtve.es\/play\/videos\/natacion\/juegos-europeos-natacion-sincronizada-espana-equipo-oro\/6920669\/\" data-type=\"link\" data-id=\"https:\/\/www.rtve.es\/play\/videos\/natacion\/juegos-europeos-natacion-sincronizada-espana-equipo-oro\/6920669\/\" target=\"_blank\">nado sincronizado de Espa\u00f1a<\/a><\/strong>, que se coron\u00f3 bicampe\u00f3n de los Juegos Ol\u00edmpicos de Europa en junio. \u201cSin duda, el enfoque que da la Universidad me ha ayudado a desarrollar mi carrera. <strong>Trabajar en alto rendimiento da una motivaci\u00f3n especial <\/strong>y te empuja a seguir mejorando y mantenerte actualizado para entregar lo mejor a las deportistas\u201d, comenta el fisioterapeuta. (<a href=\"https:\/\/www.uandes.cl\/noticias\/alumni-de-kinesiologia-forma-parte-del-staff-medico-del-equipo-de-nado-sincronizado-de-espana\/\" target=\"_blank\" rel=\"noreferrer noopener\">Ver m\u00e1s<\/a>)<\/p><\/div>\n\n\n\n<div class=\"wp-block-stackable-text stk-block-text stk-block stk-125f293\" data-block-id=\"125f293\"><p class=\"stk-block-text__text\">Asimismo, <strong>Josefina fue parte del equipo m\u00e9dico<\/strong> que acompa\u00f1\u00f3 a los m\u00e1s de 330 seleccionados chilenos en los <a rel=\"noreferrer noopener\" href=\"https:\/\/www.bolivarianosvalledupar.com\/\" data-type=\"link\" data-id=\"https:\/\/www.bolivarianosvalledupar.com\/\" target=\"_blank\">XIX Juegos Bolivarianos 2022 en Valledupar<\/a>, Colombia, donde la delegaci\u00f3n nacional finaliz\u00f3 en el 4\u00b0 lugar del medallero oficial. En competencias como estas, los profesionales deben atender a los deportistas en la cl\u00ednica de la villa correspondiente y, adem\u00e1s, cubrir deportes en terreno. Por eso asegura que <strong>\u201cser parte del equipo m\u00e9dico en estos Juegos ha sido algo incre\u00edble\u201d.<\/strong> (<a href=\"https:\/\/www.uandes.cl\/noticias\/alumni-de-kinesiologia-forma-parte-del-equipo-medico-en-los-juegos-bolivarianos\/\" target=\"_blank\" rel=\"noreferrer noopener\">Ver m\u00e1s<\/a>)<\/p><\/div>\n<\/div><\/div><\/div>\n<\/div><\/div>\n\n\n\n<div class=\"wp-block-stackable-columns stk-block-columns stk-block stk-42b3292\" data-block-id=\"42b3292\"><div class=\"stk-row stk-inner-blocks stk-block-content stk-content-align stk-42b3292-column\">\n<div class=\"wp-block-stackable-column stk-block-column stk-column stk-block stk-aeb29ca\" data-v=\"4\" data-block-id=\"aeb29ca\"><style>@media screen and (min-width:768px){.stk-aeb29ca{flex:1 1 calc(40% - var(--stk-column-gap,0px) * 1 \/ 2 ) !important}}<\/style><div class=\"stk-column-wrapper stk-block-column__content stk-container stk-aeb29ca-container stk--no-background stk--no-padding\"><div class=\"stk-block-content stk-inner-blocks stk-aeb29ca-inner-blocks\">\n<div class=\"wp-block-stackable-image stk-block-image stk-block stk-4e3e343\" data-block-id=\"4e3e343\"><style>.stk-4e3e343 .stk-img-wrapper{height:350px !important}<\/style><figure class=\"stk-img-wrapper stk-image--shape-stretch\"><img loading=\"lazy\" decoding=\"async\" class=\"stk-img wp-image-1179\" src=\"https:\/\/revistacampus.uandes.cl\/2023\/wp-content\/uploads\/2023\/09\/7ma_foto.jpg\" width=\"527\" height=\"350\" srcset=\"https:\/\/revistacampus.uandes.cl\/2023\/wp-content\/uploads\/2023\/09\/7ma_foto.jpg 527w, https:\/\/revistacampus.uandes.cl\/2023\/wp-content\/uploads\/2023\/09\/7ma_foto-300x199.jpg 300w\" sizes=\"(max-width: 527px) 100vw, 527px\" \/><\/figure><\/div>\n<\/div><\/div><\/div>\n\n\n\n<div class=\"wp-block-stackable-column stk-block-column stk-column stk-block stk-3ecf22b\" data-v=\"4\" data-block-id=\"3ecf22b\"><style>@media screen and (min-width:768px){.stk-3ecf22b{flex:1 1 calc(60% - var(--stk-column-gap,0px) * 1 \/ 2 ) !important}}<\/style><div class=\"stk-column-wrapper stk-block-column__content stk-container stk-3ecf22b-container stk--no-background stk--no-padding\"><div class=\"stk-block-content stk-inner-blocks stk-3ecf22b-inner-blocks\">\n<div class=\"wp-block-stackable-text stk-block-text stk-block stk-ff15e84 stk-block-background\" data-block-id=\"ff15e84\"><style>.stk-ff15e84{background-color:#003c50 !important;padding-top:5px !important;padding-right:5px !important;padding-bottom:5px !important;padding-left:5px !important;margin-bottom:10px !important}.stk-ff15e84:before{background-color:#003c50 !important}.stk-ff15e84 .stk-block-text__text{color:#ffffff !important}<\/style><p class=\"stk-block-text__text has-text-color\"><strong>MEDICINA 2006<\/strong><\/p><\/div>\n\n\n\n<div class=\"wp-block-stackable-text stk-block-text stk-block stk-32b9095\" data-block-id=\"32b9095\"><style>.stk-32b9095 .stk-block-text__text{font-size:20px !important;color:#003c50 !important}@media screen and (max-width:1023px){.stk-32b9095 .stk-block-text__text{font-size:20px !important}}<\/style><p class=\"stk-block-text__text has-text-color\">Felipe Castillo<\/p><\/div>\n\n\n\n<div class=\"wp-block-stackable-text stk-block-text stk-block stk-df22a3d\" data-block-id=\"df22a3d\"><style>.stk-319d7e8 .stk-block-text__text{font-size:15px !important}@media screen and (max-width:1023px){.stk-319d7e8 .stk-block-text__text{font-size:15px !important}}<\/style><p class=\"stk-block-text__text\"><strong>L\u00edder de la Fundaci\u00f3n Lista de Espera (FLDE)<\/strong><\/p><\/div>\n\n\n\n<div class=\"wp-block-stackable-text stk-block-text stk-block stk-e3c293d\" data-block-id=\"e3c293d\"><p class=\"stk-block-text__text\">\u201cComo el nombre de la fundaci\u00f3n lo indica, <strong>estamos comprometidos con reducir las listas de espera<\/strong>. Para 2023 tenemos contemplado realizar 100 cirug\u00edas de am\u00edgdalas, rodilla y mano\u201d, asegura el fundador de <a rel=\"noreferrer noopener\" href=\"https:\/\/www.fundacionlistadeespera.cl\/\" target=\"_blank\">FLDE<\/a>, que en 2021 comenz\u00f3 con un plan piloto en la Regi\u00f3n de Los Lagos, con el objetivo de intervenir de manera oportuna a pacientes que llevan mucho tiempo esperando por la resoluci\u00f3n de sus cirug\u00edas en el sistema p\u00fablico de salud. Gracias a aportes p\u00fablicos y privados, as\u00ed como la vinculaci\u00f3n de distintos actores del sistema de salud, <strong>durante el primer a\u00f1o se realizaron 10 cirug\u00edas; para 2024 se pretende llegar a 1.000<\/strong>, y en 2025 alcanzar las 10.000, aumentando las prestaciones, especialidades y regiones en donde opera la fundaci\u00f3n. Seg\u00fan explica el m\u00e9dico, el \u00fanico requisito es estar en espera de una cirug\u00eda en hospitales p\u00fablicos y estar afiliado a FONASA. Entonces, el paciente puede postular en www.flde.cl, para que una gestora de casos corrobore la informaci\u00f3n y ubique a un cirujano y a una cl\u00ednica para realizar la intervenci\u00f3n, <strong>a un costo que para el paciente no supere el 5% del valor de la prestaci\u00f3n.<\/strong> (<a rel=\"noreferrer noopener\" href=\"https:\/\/www.uandes.cl\/noticias\/felipe-castillo-comprometidos-reducir-listas-espera\/\" target=\"_blank\">Ver m\u00e1s<\/a>)<\/p><\/div>\n<\/div><\/div><\/div>\n<\/div><\/div>\n\n\n\n<div class=\"wp-block-stackable-columns stk-block-columns stk-block stk-91f73d1\" data-block-id=\"91f73d1\"><div class=\"stk-row stk-inner-blocks stk-block-content stk-content-align stk-91f73d1-column\">\n<div class=\"wp-block-stackable-column stk-block-column stk-column stk-block stk-fc24146\" data-v=\"4\" data-block-id=\"fc24146\"><style>@media screen and (min-width:768px){.stk-fc24146{flex:1 1 calc(40% - var(--stk-column-gap,0px) * 1 \/ 2 ) !important}}<\/style><div class=\"stk-column-wrapper stk-block-column__content stk-container stk-fc24146-container stk--no-background stk--no-padding\"><div class=\"stk-block-content stk-inner-blocks stk-fc24146-inner-blocks\">\n<div class=\"wp-block-stackable-image stk-block-image stk-block stk-da0f9d8\" data-block-id=\"da0f9d8\"><style>.stk-da0f9d8 .stk-img-wrapper{height:350px !important}<\/style><figure class=\"stk-img-wrapper stk-image--shape-stretch\"><img loading=\"lazy\" decoding=\"async\" class=\"stk-img wp-image-1181\" src=\"https:\/\/revistacampus.uandes.cl\/2023\/wp-content\/uploads\/2023\/09\/8va_foto.jpg\" width=\"527\" height=\"350\" srcset=\"https:\/\/revistacampus.uandes.cl\/2023\/wp-content\/uploads\/2023\/09\/8va_foto.jpg 527w, https:\/\/revistacampus.uandes.cl\/2023\/wp-content\/uploads\/2023\/09\/8va_foto-300x199.jpg 300w\" sizes=\"(max-width: 527px) 100vw, 527px\" \/><\/figure><\/div>\n<\/div><\/div><\/div>\n\n\n\n<div class=\"wp-block-stackable-column stk-block-column stk-column stk-block stk-712b3b5\" data-v=\"4\" data-block-id=\"712b3b5\"><style>@media screen and (min-width:768px){.stk-712b3b5{flex:1 1 calc(60% - var(--stk-column-gap,0px) * 1 \/ 2 ) !important}}<\/style><div class=\"stk-column-wrapper stk-block-column__content stk-container stk-712b3b5-container stk--no-background stk--no-padding\"><div class=\"stk-block-content stk-inner-blocks stk-712b3b5-inner-blocks\">\n<div class=\"wp-block-stackable-text stk-block-text stk-block stk-0832ae0 stk-block-background\" data-block-id=\"0832ae0\"><style>.stk-0832ae0{background-color:#003c50 !important;padding-top:5px !important;padding-right:5px !important;padding-bottom:5px !important;padding-left:5px !important;margin-bottom:10px !important}.stk-0832ae0:before{background-color:#003c50 !important}.stk-0832ae0 .stk-block-text__text{font-size:15px !important;color:#ffffff !important}@media screen and (max-width:1023px){.stk-0832ae0 .stk-block-text__text{font-size:15px !important}}<\/style><p class=\"stk-block-text__text has-text-color\"><strong>ADS 2000 || MAG\u00cdSTER EN DERECHO DE LA EMPRESA 2019<\/strong><\/p><\/div>\n\n\n\n<div class=\"wp-block-stackable-text stk-block-text stk-block stk-aeb3088\" data-block-id=\"aeb3088\"><style>.stk-aeb3088{margin-bottom:12px !important}.stk-aeb3088 .stk-block-text__text{font-size:20px !important;color:#003c50 !important}@media screen and (max-width:1023px){.stk-aeb3088 .stk-block-text__text{font-size:20px !important}}<\/style><p class=\"stk-block-text__text has-text-color\">Isidora Vicente y Mar\u00eda Teresa Vial<\/p><\/div>\n\n\n\n<div class=\"wp-block-stackable-text stk-block-text stk-block stk-c7677e3\" data-block-id=\"c7677e3\"><style>.stk-c7677e3{margin-bottom:12px !important}<\/style><p class=\"stk-block-text__text\"><strong>Mujeres L\u00edderes 2022<\/strong> <\/p><\/div>\n\n\n\n<div class=\"wp-block-stackable-text stk-block-text stk-block stk-daeaffb\" data-block-id=\"daeaffb\"><style>.stk-c7677e3{margin-bottom:12px !important}<\/style><p class=\"stk-block-text__text\">Entre las m\u00e1s de 12.000 nominaciones de 2022, El Mercurio y Mujeres Empresarias reconocieron a la <a rel=\"noreferrer noopener\" href=\"https:\/\/www.uandes.cl\/carrera\/administracion-de-servicios\/\" target=\"_blank\">administradora de servicios (ADS)<\/a> en la categor\u00eda Servicio Social y a la <a rel=\"noreferrer noopener\" href=\"https:\/\/postgradosuandes.cl\/magister\/master-en-derecho-de-la-empresa\/\" target=\"_blank\">mag\u00edster en Derecho de la Empresa<\/a>, en la categor\u00eda Ejecutivas.<\/p><\/div>\n\n\n\n<div class=\"wp-block-stackable-text stk-block-text stk-block stk-aa70da9\" data-block-id=\"aa70da9\"><style>.stk-aa70da9{margin-bottom:12px !important}<\/style><p class=\"stk-block-text__text\">Isidora, <strong>convencida de que el fortalecimiento del tejido social es la clave para eliminar las desigualdades<\/strong>, dej\u00f3 el mundo corporativo para cofundar y dirigir la <a href=\"https:\/\/fundaciontodas.cl\/\" target=\"_blank\" rel=\"noreferrer noopener\">Fundaci\u00f3n Por Todas<\/a>, \u201cbuscando visibilizar y fortalecer los liderazgos femeninos barriales, articulando una red p\u00fablico-privada que permitiera amplificar el impacto de los proyectos comunitarios locales\u201d, seg\u00fan explic\u00f3 a El Mercurio.<\/p><\/div>\n\n\n\n<div class=\"wp-block-stackable-text stk-block-text stk-block stk-0728e9f\" data-block-id=\"0728e9f\"><p class=\"stk-block-text__text\">Mar\u00eda Teresa, directora de ENEL Generaci\u00f3n, es la <strong>primera presidenta de la <a href=\"https:\/\/www.ccs.cl\/\" data-type=\"link\" data-id=\"https:\/\/www.ccs.cl\/\" target=\"_blank\" rel=\"noreferrer noopener\">C\u00e1mara de Comercio de Santiago<\/a> en m\u00e1s de un siglo.<\/strong> \u201cMi gesti\u00f3n ha tenido un sello marcado por el fomento a la innovaci\u00f3n y el emprendimiento, en especial el femenino, la sostenibilidad y la influencia de los temas de inter\u00e9s del comercio y el pa\u00eds, que tienen como <strong>objetivo impulsar un Chile emprendedor<\/strong>\u201d, explic\u00f3 al diario.<\/p><\/div>\n<\/div><\/div><\/div>\n<\/div><\/div>\n\n\n\n<div class=\"wp-block-stackable-columns stk-block-columns stk-block stk-6e8eebe\" data-block-id=\"6e8eebe\"><div class=\"stk-row stk-inner-blocks stk-block-content stk-content-align stk-6e8eebe-column\">\n<div class=\"wp-block-stackable-column stk-block-column stk-column stk-block stk-a33cc53\" data-v=\"4\" data-block-id=\"a33cc53\"><style>@media screen and (min-width:768px){.stk-a33cc53{flex:1 1 calc(40% - var(--stk-column-gap,0px) * 1 \/ 2 ) !important}}<\/style><div class=\"stk-column-wrapper stk-block-column__content stk-container stk-a33cc53-container stk--no-background stk--no-padding\"><div class=\"stk-block-content stk-inner-blocks stk-a33cc53-inner-blocks\">\n<div class=\"wp-block-stackable-image stk-block-image stk-block stk-008ddb2\" data-block-id=\"008ddb2\"><style>.stk-008ddb2 .stk-img-wrapper{height:350px !important}<\/style><figure class=\"stk-img-wrapper stk-image--shape-stretch\"><img loading=\"lazy\" decoding=\"async\" class=\"stk-img wp-image-1185\" src=\"https:\/\/revistacampus.uandes.cl\/2023\/wp-content\/uploads\/2023\/09\/9na_foto.jpg\" width=\"527\" height=\"350\" srcset=\"https:\/\/revistacampus.uandes.cl\/2023\/wp-content\/uploads\/2023\/09\/9na_foto.jpg 527w, https:\/\/revistacampus.uandes.cl\/2023\/wp-content\/uploads\/2023\/09\/9na_foto-300x199.jpg 300w\" sizes=\"(max-width: 527px) 100vw, 527px\" \/><\/figure><\/div>\n<\/div><\/div><\/div>\n\n\n\n<div class=\"wp-block-stackable-column stk-block-column stk-column stk-block stk-0296831\" data-v=\"4\" data-block-id=\"0296831\"><style>@media screen and (min-width:768px){.stk-0296831{flex:1 1 calc(60% - var(--stk-column-gap,0px) * 1 \/ 2 ) !important}}<\/style><div class=\"stk-column-wrapper stk-block-column__content stk-container stk-0296831-container stk--no-background stk--no-padding\"><div class=\"stk-block-content stk-inner-blocks stk-0296831-inner-blocks\">\n<div class=\"wp-block-stackable-text stk-block-text stk-block stk-953fc00 stk-block-background\" data-block-id=\"953fc00\"><style>.stk-953fc00{background-color:#003c50 !important;padding-top:5px !important;padding-right:5px !important;padding-bottom:5px !important;padding-left:5px !important;margin-bottom:10px !important}.stk-953fc00:before{background-color:#003c50 !important}.stk-953fc00 .stk-block-text__text{font-size:15px !important;color:#ffffff !important}@media screen and (max-width:1023px){.stk-953fc00 .stk-block-text__text{font-size:15px !important}}<\/style><p class=\"stk-block-text__text has-text-color\"><strong>DERECHO 2015<\/strong><\/p><\/div>\n\n\n\n<div class=\"wp-block-stackable-text stk-block-text stk-block stk-064d813\" data-block-id=\"064d813\"><style>.stk-064d813{margin-bottom:12px !important}.stk-064d813 .stk-block-text__text{font-size:20px !important;color:#003c50 !important}@media screen and (max-width:1023px){.stk-064d813 .stk-block-text__text{font-size:20px !important}}<\/style><p class=\"stk-block-text__text has-text-color\">Beatriz Hevia<\/p><\/div>\n\n\n\n<div class=\"wp-block-stackable-text stk-block-text stk-block stk-c60e27d\" data-block-id=\"c60e27d\"><style>.stk-c60e27d .stk-block-text__text{font-size:15px !important}@media screen and (max-width:1023px){.stk-c60e27d .stk-block-text__text{font-size:15px !important}}<\/style><p class=\"stk-block-text__text\"><strong>Presidenta del Consejo Constitucional<\/strong><\/p><\/div>\n\n\n\n<div class=\"wp-block-stackable-text stk-block-text stk-block stk-331fa7c\" data-block-id=\"331fa7c\"><p class=\"stk-block-text__text\">\u201cMi carrera profesional est\u00e1 directamente vinculada a un genuino inter\u00e9s por <strong>construir un pa\u00eds que permita el m\u00e1ximo desarrollo de cada persona<\/strong>, entreg\u00e1ndole la libertad y apoyo para desplegar sus habilidades\u201d, ha se\u00f1alado la abogada osornina, que este a\u00f1o fue electa con la primera mayor\u00eda porcentual para integrar el <a href=\"https:\/\/www.procesoconstitucional.cl\/consejo-constitucional\/\" data-type=\"link\" data-id=\"https:\/\/www.procesoconstitucional.cl\/consejo-constitucional\/\" target=\"_blank\" rel=\"noreferrer noopener\">Consejo Constitucional<\/a> y, luego, como su <strong>presidenta, con mayor\u00eda absoluta<\/strong>. Adem\u00e1s, integra la Comisi\u00f3n de Principios, Derechos Civiles y Pol\u00edticos del Consejo. Antes de asumir esta responsabilidad nacional se hab\u00eda desempe\u00f1ado como asesora legislativa en la C\u00e1mara de Diputados y en el Ministerio de Econom\u00eda, Fomento y Turismo. Tambi\u00e9n como jefa de la comisi\u00f3n de estatutos de la <a href=\"https:\/\/www.uandes.cl\/federacion-de-estudiantes\/\" target=\"_blank\" rel=\"noreferrer noopener\">Federaci\u00f3n de Estudiantes de la Universidad de los Andes<\/a>, FEUANDES. \u201cEstoy convencida de que, m\u00e1s all\u00e1 de nuestras diferencias, si ponemos a las personas y a Chile por delante, y actuamos con seriedad, este proceso puede ser exitoso\u201d, afirm\u00f3 al asumir la presidencia del Consejo, con solo 30 a\u00f1os de edad.<\/p><\/div>\n<\/div><\/div><\/div>\n<\/div><\/div>\n","protected":false},"excerpt":{"rendered":"<p>Nuestros egresados son los grandes embajadores de este proyecto educativo. Llevan su destreza profesional a lo largo de Chile y alrededor del mundo, aportando capacidad de di\u00e1logo, reflexi\u00f3n y pensamiento [&hellip;]<\/p>\n","protected":false},"author":1,"featured_media":1526,"comment_status":"closed","ping_status":"closed","sticky":false,"template":"","format":"standard","meta":{"footnotes":""},"categories":[12],"tags":[],"class_list":["post-983","post","type-post","status-publish","format-standard","has-post-thumbnail","hentry","category-servir"],"gutentor_comment":0,"_links":{"self":[{"href":"https:\/\/revistacampus.uandes.cl\/2023\/wp-json\/wp\/v2\/posts\/983","targetHints":{"allow":["GET"]}}],"collection":[{"href":"https:\/\/revistacampus.uandes.cl\/2023\/wp-json\/wp\/v2\/posts"}],"about":[{"href":"https:\/\/revistacampus.uandes.cl\/2023\/wp-json\/wp\/v2\/types\/post"}],"author":[{"embeddable":true,"href":"https:\/\/revistacampus.uandes.cl\/2023\/wp-json\/wp\/v2\/users\/1"}],"replies":[{"embeddable":true,"href":"https:\/\/revistacampus.uandes.cl\/2023\/wp-json\/wp\/v2\/comments?post=983"}],"version-history":[{"count":41,"href":"https:\/\/revistacampus.uandes.cl\/2023\/wp-json\/wp\/v2\/posts\/983\/revisions"}],"predecessor-version":[{"id":2995,"href":"https:\/\/revistacampus.uandes.cl\/2023\/wp-json\/wp\/v2\/posts\/983\/revisions\/2995"}],"wp:featuredmedia":[{"embeddable":true,"href":"https:\/\/revistacampus.uandes.cl\/2023\/wp-json\/wp\/v2\/media\/1526"}],"wp:attachment":[{"href":"https:\/\/revistacampus.uandes.cl\/2023\/wp-json\/wp\/v2\/media?parent=983"}],"wp:term":[{"taxonomy":"category","embeddable":true,"href":"https:\/\/revistacampus.uandes.cl\/2023\/wp-json\/wp\/v2\/categories?post=983"},{"taxonomy":"post_tag","embeddable":true,"href":"https:\/\/revistacampus.uandes.cl\/2023\/wp-json\/wp\/v2\/tags?post=983"}],"curies":[{"name":"wp","href":"https:\/\/api.w.org\/{rel}","templated":true}]}}