{"id":51,"date":"2023-08-13T12:24:23","date_gmt":"2023-08-13T15:24:23","guid":{"rendered":"https:\/\/www.demo.cosmoswp.com\/demo-7\/?p=241"},"modified":"2023-11-09T12:24:40","modified_gmt":"2023-11-09T15:24:40","slug":"jaime-arancibia-y-marcela-peredo","status":"publish","type":"post","link":"https:\/\/revistacampus.uandes.cl\/2023\/jaime-arancibia-y-marcela-peredo\/","title":{"rendered":"Dos expertos para un desaf\u00edo hist\u00f3rico"},"content":{"rendered":"\n<p class=\"has-small-font-size\"><strong>Se instalaron en las dependencias del Congreso Nacional de Santiago, el <a href=\"https:\/\/www.youtube.com\/watch?v=gtFhSsrLeLM&amp;t=2s\" target=\"_blank\" rel=\"noreferrer noopener\">6 de marzo de 2023<\/a>, junto a otros 22 expertos, con la tarea de dar forma a un anteproyecto de nueva Constituci\u00f3n para Chile.<\/strong><\/p>\n\n\n\n<div class=\"wp-block-stackable-columns stk-block-columns stk-block stk-4255b61\" data-block-id=\"4255b61\"><style>.stk-4255b61{margin-bottom:40px !important}<\/style><div class=\"stk-row stk-inner-blocks stk-block-content stk-content-align stk-4255b61-column\">\n\n<div class=\"wp-block-stackable-column stk-block-column stk-column stk-block stk-eb2feb6\" data-v=\"4\" data-block-id=\"eb2feb6\"><div class=\"stk-column-wrapper stk-block-column__content stk-container stk-eb2feb6-container stk--no-background stk--no-padding\"><div class=\"stk-block-content stk-inner-blocks stk-eb2feb6-inner-blocks\">\n\n<p>\u201cEs muy edificante poner al servicio de tu patria el conocimiento adquirido en d\u00e9cadas de trabajo acad\u00e9mico\u201d, afirm\u00f3<a href=\"https:\/\/www.uandes.cl\/personas\/jaime-arancibia-mattar\/\"> Jaim<\/a><a rel=\"noreferrer noopener\" href=\"https:\/\/www.uandes.cl\/personas\/jaime-arancibia-mattar\/\" target=\"_blank\">e<\/a><a href=\"https:\/\/www.uandes.cl\/personas\/jaime-arancibia-mattar\/\" target=\"_blank\" rel=\"noreferrer noopener\"> Arancibia<\/a> al entregar la propuesta de Carta Magna al \u00f3rgano constitucional electo. \u201cLo m\u00e1s positivo ha sido aprender a concretar acuerdos entre personas que piensan distinto, conversar de temas dif\u00edciles o no resueltos intentando servir al bien com\u00fan\u201d, asegur\u00f3 la profesora <a rel=\"noreferrer noopener\" href=\"https:\/\/www.uandes.cl\/personas\/marcela-peredo-rojas\/\" target=\"_blank\">Marcela Peredo<\/a>.<\/p>\n\n\n<p>Ambos investigadores de <a rel=\"noreferrer noopener\" href=\"https:\/\/www.uandes.cl\/polis\/\" target=\"_blank\"><strong>Polis, el Observatorio Constitucional de la Universidad de los Andes<\/strong><\/a>, pasaron de la actividad cient\u00edfica a la discusi\u00f3n pol\u00edtica con el prop\u00f3sito de \u201cllevar el esp\u00edritu de la Universidad de los Andes al seno de una comisi\u00f3n que ha dado esperanzas de concordia entre los chilenos\u201d, explica el profesor Arancibia.<\/p>\n\n<\/div><\/div><\/div>\n\n\n<div class=\"wp-block-stackable-column stk-block-column stk-column stk-block stk-399b1ce\" data-v=\"4\" data-block-id=\"399b1ce\"><div class=\"stk-column-wrapper stk-block-column__content stk-container stk-399b1ce-container stk--no-background stk--no-padding\"><div class=\"stk-block-content stk-inner-blocks stk-399b1ce-inner-blocks\">\n\n<p>\u201cHa sido un trabajo en equipo con el decano y algunos profesores de la Facultad, muy fruct\u00edfero. Me llevo una excelente impresi\u00f3n de la calidad del personal t\u00e9cnico y de servicio del Congreso, que nos ha ayudado bastante\u201d, asegura al hacer un balance del trabajo realizado para redactar <a href=\"https:\/\/www.procesoconstitucional.cl\/wp-content\/uploads\/2023\/06\/Anteproyecto-Constitucion-Politica-Republica-de-Chile.pdf\" target=\"_blank\" rel=\"noreferrer noopener\">el anteproyecto de Constituci\u00f3n<\/a> entregado el 7 de junio al Consejo Constitucional.<\/p>\n\n\n<p>La profesora Peredo explica que \u201clo complicado ha sido llegar a esos acuerdos, porque ha requerido un esfuerzo intelectual importante, en la l\u00f3gica de que una Constituci\u00f3n supone un acuerdo al menos procedimental\u201d.<\/p>\n\n<\/div><\/div><\/div>\n\n<\/div><\/div>\n\n\n\n<div class=\"wp-block-stackable-columns stk-block-columns stk-block stk-72e9526\" data-block-id=\"72e9526\"><div class=\"stk-row stk-inner-blocks stk-block-content stk-content-align stk-72e9526-column\">\n\n<div class=\"wp-block-stackable-column stk-block-column stk-column stk-block stk-56ebcda\" data-v=\"4\" data-block-id=\"56ebcda\"><style>@media screen and (min-width:768px){.stk-56ebcda{flex:1 1 calc(20% - var(--stk-column-gap,0px) * 2 \/ 3 ) !important}}<\/style><div class=\"stk-column-wrapper stk-block-column__content stk-container stk-56ebcda-container stk--no-background stk--no-padding\"><div class=\"stk-block-content stk-inner-blocks stk-56ebcda-inner-blocks\">\n\n<figure class=\"wp-block-image size-full is-style-rounded\"><img fetchpriority=\"high\" decoding=\"async\" width=\"500\" height=\"500\" src=\"https:\/\/revistacampus.uandes.cl\/2023\/wp-content\/uploads\/2019\/11\/Jaime_Arancibia.jpg\" alt=\"\" class=\"wp-image-1374\" style=\"aspect-ratio:1;object-fit:cover\" srcset=\"https:\/\/revistacampus.uandes.cl\/2023\/wp-content\/uploads\/2019\/11\/Jaime_Arancibia.jpg 500w, https:\/\/revistacampus.uandes.cl\/2023\/wp-content\/uploads\/2019\/11\/Jaime_Arancibia-300x300.jpg 300w, https:\/\/revistacampus.uandes.cl\/2023\/wp-content\/uploads\/2019\/11\/Jaime_Arancibia-150x150.jpg 150w\" sizes=\"(max-width: 500px) 100vw, 500px\" \/><\/figure>\n\n<\/div><\/div><\/div>\n\n\n<div class=\"wp-block-stackable-column stk-block-column stk-column stk-block stk-566b78d\" data-v=\"4\" data-block-id=\"566b78d\"><style>.stk-566b78d{align-self:center !important}@media screen and (min-width:768px){.stk-566b78d{flex:1 1 calc(20% - var(--stk-column-gap,0px) * 2 \/ 3 ) !important}}<\/style><div class=\"stk-column-wrapper stk-block-column__content stk-container stk-566b78d-container stk--no-background stk--no-padding\"><div class=\"stk-block-content stk-inner-blocks stk-566b78d-inner-blocks\">\n\n<div class=\"wp-block-stackable-icon stk-block-icon has-text-align-center stk-block stk-34c9cab\" data-block-id=\"34c9cab\"><style>.stk-34c9cab .stk--svg-wrapper .stk--inner-svg svg:last-child{height:120px !important;width:120px !important}<\/style><span class=\"stk--svg-wrapper\"><div class=\"stk--inner-svg\"><svg style=\"height:0;width:0\"><defs><linearGradient id=\"linear-gradient-34c9cab\" x1=\"0\" x2=\"100%\" y1=\"0\" y2=\"0\"><stop offset=\"0%\" style=\"stop-opacity:1;stop-color:var(--linear-gradient-34-c-9-cab-color-1)\"><\/stop><stop offset=\"100%\" style=\"stop-opacity:1;stop-color:var(--linear-gradient-34-c-9-cab-color-2)\"><\/stop><\/linearGradient><\/defs><\/svg><svg class=\"ugb-custom-icon\" id=\"Capa_1\" data-name=\"Capa 1\" xmlns=\"http:\/\/www.w3.org\/2000\/svg\" xmlns:xlink=\"http:\/\/www.w3.org\/1999\/xlink\" viewBox=\"0 0 178.19 182.05\" aria-hidden=\"true\" width=\"32\" height=\"32\">\n  <defs>\n    <style>\n      .cls-1, .cls-2 {\n        fill: none;\n      }\n      .cls-3 {\n        fill: #7786b6;\n      }\n      .cls-2 {\n        clip-path: url(#clippath);\n      }\n    <\/style>\n    <clipPath id=\"clippath\">\n      <rect class=\"cls-1\" x=\"13.14\" y=\"43.58\" width=\"154.35\" height=\"103.57\"><\/rect>\n    <\/clipPath>\n  <\/defs>\n  <g class=\"cls-2\">\n    <path class=\"cls-3\" d=\"m52.45,147.15c17.79,0,34.71-13.77,34.71-31.85s-12.91-30.7-31.27-30.7c-21.8,0-24.67-7.46-24.67-11.19,0-8.04,4.59-16.64,32.13-27.26l-.86-2.58c-24.67,6.88-49.35,24.1-49.35,59.96,0,17.5,7.75,43.61,39.31,43.61m80.33,0c17.79,0,34.72-13.77,34.72-31.85s-12.91-30.7-31.27-30.7c-21.8,0-24.67-7.46-24.67-11.19,0-8.04,4.59-16.64,32.13-27.26l-.86-2.58c-24.67,6.88-49.35,24.1-49.35,59.96,0,17.5,7.75,43.61,39.3,43.61\"><\/path>\n  <\/g>\n<\/svg><\/div><\/span><\/div>\n\n<\/div><\/div><\/div>\n\n\n<div class=\"wp-block-stackable-column stk-block-column stk-column stk-block stk-5712d42\" data-v=\"4\" data-block-id=\"5712d42\"><style>.stk-5712d42{align-self:center !important}@media screen and (min-width:768px){.stk-5712d42{flex:1 1 calc(60% - var(--stk-column-gap,0px) * 2 \/ 3 ) !important}}<\/style><div class=\"stk-column-wrapper stk-block-column__content stk-container stk-5712d42-container stk--no-background stk--no-padding\"><div class=\"stk-block-content stk-inner-blocks stk-5712d42-inner-blocks\">\n\n<div class=\"wp-block-stackable-text stk-block-text stk-block stk-b7be8de\" data-block-id=\"b7be8de\"><style>.stk-b7be8de .stk-block-text__text{font-size:20px !important}@media screen and (max-width:1023px){.stk-b7be8de .stk-block-text__text{font-size:20px !important}}<\/style><p class=\"stk-block-text__text has-text-align-left\">\u201cLos acad\u00e9micos aportamos actualizaci\u00f3n dogm\u00e1tica, originalidad y profundidad al debate constitucional. El modo de argumentar universitario, orientado al encuentro desinteresado con la verdad\u201d<\/p><\/div>\n\n\n<div class=\"wp-block-stackable-text stk-block-text stk-block stk-db204f4\" data-block-id=\"db204f4\"><p class=\"stk-block-text__text has-text-align-left\"><strong>Jaime Arancibia<\/strong>, acad\u00e9mico UANDES y miembro de la Comisi\u00f3n de Expertos<\/p><\/div>\n\n<\/div><\/div><\/div>\n\n<\/div><\/div>\n\n\n\n<div class=\"wp-block-stackable-columns stk-block-columns stk-block stk-959b4e6\" data-block-id=\"959b4e6\"><style>.stk-959b4e6{margin-bottom:40px !important}<\/style><div class=\"stk-row stk-inner-blocks stk-block-content stk-content-align stk-959b4e6-column\">\n\n<div class=\"wp-block-stackable-column stk-block-column stk-column stk-block stk-92ec44e\" data-v=\"4\" data-block-id=\"92ec44e\"><style>.stk-92ec44e{align-self:center !important}<\/style><div class=\"stk-column-wrapper stk-block-column__content stk-container stk-92ec44e-container stk--no-background stk--no-padding\"><div class=\"stk-block-content stk-inner-blocks stk-92ec44e-inner-blocks\">\n\n<h3 class=\"wp-block-heading has-20-font-size has-text-color\" style=\"color:#7786b6\"><strong>La academia<\/strong><\/h3>\n\n\n<div class=\"wp-block-stackable-text stk-block-text stk-block stk-de869fe\" data-block-id=\"de869fe\"><p class=\"stk-block-text__text\">La contribuci\u00f3n de los acad\u00e9micos y los actores pol\u00edticos ha sido reconocida ampliamente. La autora de numerosos libros y art\u00edculos cient\u00edficos sobre el tema hace \u00e9nfasis en que \u201csu aporte se tradujo en la argumentaci\u00f3n y elaboraci\u00f3n de propuestas de normas que expresan parte de la investigaci\u00f3n en materia constitucional, que hemos realizado hace un tiempo. Creo que los libros en materia de derechos y su protecci\u00f3n, y art\u00edculos que proponen nuevos \u00f3rganos estuvieron al servicio de este anteproyecto\u201d.<\/p><\/div>\n\n\n<div class=\"wp-block-stackable-text stk-block-text stk-block stk-a6c871e\" data-block-id=\"a6c871e\"><p class=\"stk-block-text__text\">Jaime Arancibia complementa que \u201clos acad\u00e9micos aportamos actualizaci\u00f3n dogm\u00e1tica, originalidad y profundidad al debate constitucional. El modo de argumentar universitario, orientado al encuentro desinteresado con la verdad, favorece un di\u00e1logo, un clima abierto a la persuasi\u00f3n y a los acuerdos\u201d.<\/p><\/div>\n\n<\/div><\/div><\/div>\n\n<\/div><\/div>\n\n\n\n<div class=\"wp-block-stackable-columns stk-block-columns stk-block stk-def2554\" data-block-id=\"def2554\"><div class=\"stk-row stk-inner-blocks stk-block-content stk-content-align stk-def2554-column\">\n\n<div class=\"wp-block-stackable-column stk-block-column stk-column stk-block stk-9b452eb\" data-v=\"4\" data-block-id=\"9b452eb\"><style>@media screen and (min-width:768px){.stk-9b452eb{flex:1 1 calc(20% - var(--stk-column-gap,0px) * 2 \/ 3 ) !important}}<\/style><div class=\"stk-column-wrapper stk-block-column__content stk-container stk-9b452eb-container stk--no-background stk--no-padding\"><div class=\"stk-block-content stk-inner-blocks stk-9b452eb-inner-blocks\">\n\n<figure class=\"wp-block-image size-full is-style-rounded\"><img decoding=\"async\" width=\"500\" height=\"500\" src=\"https:\/\/revistacampus.uandes.cl\/2023\/wp-content\/uploads\/2019\/11\/Marcela_Peredo.jpg\" alt=\"\" class=\"wp-image-1389\" style=\"aspect-ratio:1;object-fit:cover\" srcset=\"https:\/\/revistacampus.uandes.cl\/2023\/wp-content\/uploads\/2019\/11\/Marcela_Peredo.jpg 500w, https:\/\/revistacampus.uandes.cl\/2023\/wp-content\/uploads\/2019\/11\/Marcela_Peredo-300x300.jpg 300w, https:\/\/revistacampus.uandes.cl\/2023\/wp-content\/uploads\/2019\/11\/Marcela_Peredo-150x150.jpg 150w\" sizes=\"(max-width: 500px) 100vw, 500px\" \/><\/figure>\n\n<\/div><\/div><\/div>\n\n\n<div class=\"wp-block-stackable-column stk-block-column stk-column stk-block stk-bbdbfa6\" data-v=\"4\" data-block-id=\"bbdbfa6\"><style>.stk-bbdbfa6{align-self:center !important}@media screen and (min-width:768px){.stk-bbdbfa6{flex:1 1 calc(20% - var(--stk-column-gap,0px) * 2 \/ 3 ) !important}}<\/style><div class=\"stk-column-wrapper stk-block-column__content stk-container stk-bbdbfa6-container stk--no-background stk--no-padding\"><div class=\"stk-block-content stk-inner-blocks stk-bbdbfa6-inner-blocks\">\n\n<div class=\"wp-block-stackable-icon stk-block-icon has-text-align-center stk-block stk-ad8f219\" data-block-id=\"ad8f219\"><style>.stk-ad8f219 .stk--svg-wrapper .stk--inner-svg svg:last-child{height:120px !important;width:120px !important}<\/style><span class=\"stk--svg-wrapper\"><div class=\"stk--inner-svg\"><svg style=\"height:0;width:0\"><defs><linearGradient id=\"linear-gradient-ad8f219\" x1=\"0\" x2=\"100%\" y1=\"0\" y2=\"0\"><stop offset=\"0%\" style=\"stop-opacity:1;stop-color:var(--linear-gradient-ad-8-f-219-color-1)\"><\/stop><stop offset=\"100%\" style=\"stop-opacity:1;stop-color:var(--linear-gradient-ad-8-f-219-color-2)\"><\/stop><\/linearGradient><\/defs><\/svg><svg class=\"ugb-custom-icon\" id=\"Capa_1\" data-name=\"Capa 1\" xmlns=\"http:\/\/www.w3.org\/2000\/svg\" xmlns:xlink=\"http:\/\/www.w3.org\/1999\/xlink\" viewBox=\"0 0 178.19 182.05\" aria-hidden=\"true\" width=\"32\" height=\"32\">\n  <defs>\n    <style>\n      .cls-1, .cls-2 {\n        fill: none;\n      }\n      .cls-3 {\n        fill: #7786b6;\n      }\n      .cls-2 {\n        clip-path: url(#clippath);\n      }\n    <\/style>\n    <clipPath id=\"clippath\">\n      <rect class=\"cls-1\" x=\"13.14\" y=\"43.58\" width=\"154.35\" height=\"103.57\"><\/rect>\n    <\/clipPath>\n  <\/defs>\n  <g class=\"cls-2\">\n    <path class=\"cls-3\" d=\"m52.45,147.15c17.79,0,34.71-13.77,34.71-31.85s-12.91-30.7-31.27-30.7c-21.8,0-24.67-7.46-24.67-11.19,0-8.04,4.59-16.64,32.13-27.26l-.86-2.58c-24.67,6.88-49.35,24.1-49.35,59.96,0,17.5,7.75,43.61,39.31,43.61m80.33,0c17.79,0,34.72-13.77,34.72-31.85s-12.91-30.7-31.27-30.7c-21.8,0-24.67-7.46-24.67-11.19,0-8.04,4.59-16.64,32.13-27.26l-.86-2.58c-24.67,6.88-49.35,24.1-49.35,59.96,0,17.5,7.75,43.61,39.3,43.61\"><\/path>\n  <\/g>\n<\/svg><\/div><\/span><\/div>\n\n<\/div><\/div><\/div>\n\n\n<div class=\"wp-block-stackable-column stk-block-column stk-column stk-block stk-f229f7a\" data-v=\"4\" data-block-id=\"f229f7a\"><style>.stk-f229f7a{align-self:center !important}@media screen and (min-width:768px){.stk-f229f7a{flex:1 1 calc(60% - var(--stk-column-gap,0px) * 2 \/ 3 ) !important}}<\/style><div class=\"stk-column-wrapper stk-block-column__content stk-container stk-f229f7a-container stk--no-background stk--no-padding\"><div class=\"stk-block-content stk-inner-blocks stk-f229f7a-inner-blocks\">\n\n<div class=\"wp-block-stackable-text stk-block-text stk-block stk-508603c\" data-block-id=\"508603c\"><style>.stk-b7be8de .stk-block-text__text{font-size:20px !important}@media screen and (max-width:1023px){.stk-b7be8de .stk-block-text__text{font-size:20px !important}}<\/style><p class=\"stk-block-text__text has-text-align-left\">\u201cMe la jugu\u00e9 por principios, libertades y garant\u00edas de mejora. En todas las discusiones de mi subcomisi\u00f3n se debat\u00eda palabra por palabra con buen esp\u00edritu\u201d<\/p><\/div>\n\n\n<div class=\"wp-block-stackable-text stk-block-text stk-block stk-2dd15cb\" data-block-id=\"2dd15cb\"><p class=\"stk-block-text__text has-text-align-left\"><strong>Marcela Peredo,<\/strong> acad\u00e9mica UANDES y miembro de la Comisi\u00f3n de Expertos<\/p><\/div>\n\n<\/div><\/div><\/div>\n\n<\/div><\/div>\n\n\n\n<div class=\"wp-block-stackable-columns stk-block-columns stk-block stk-84e1131\" data-block-id=\"84e1131\"><div class=\"stk-row stk-inner-blocks stk-block-content stk-content-align stk-84e1131-column\">\n\n<div class=\"wp-block-stackable-column stk-block-column stk-column stk-block stk-f8eb700\" data-v=\"4\" data-block-id=\"f8eb700\"><div class=\"stk-column-wrapper stk-block-column__content stk-container stk-f8eb700-container stk--no-background stk--no-padding\"><div class=\"stk-block-content stk-inner-blocks stk-f8eb700-inner-blocks\">\n\n<h3 class=\"wp-block-heading has-20-font-size has-text-color\" style=\"color:#7786b6\"><strong>Jugados<\/strong><\/h3>\n\n\n<div class=\"wp-block-stackable-text stk-block-text stk-block stk-1506f6a\" data-block-id=\"1506f6a\"><p class=\"stk-block-text__text\">Fueron muchos los temas en que los investigadores se la jugaron. Entre ellos, el profesor Arancibia destaca la razonabilidad en la distribuci\u00f3n de recursos p\u00fablicos en educaci\u00f3n, el reconocimiento y apoyo del profesor como pieza clave del esfuerzo educativo de la naci\u00f3n, el debido procedimiento administrativo, la libre competencia, la legalidad de las cargas y bienes p\u00fablicos y la especial protecci\u00f3n de las regiones extremas.<\/p><\/div>\n\n\n<div class=\"wp-block-stackable-text stk-block-text stk-block stk-af78b98\" data-block-id=\"af78b98\"><p class=\"stk-block-text__text\">La profesora Peredo afirma que ella luch\u00f3 por el derecho a la vida y por la libertad religiosa basada en el derecho de los padres a educar a sus hijos seg\u00fan sus convicciones morales y religiosas y que se mantuviera la exenci\u00f3n de contribuciones a la Iglesia; por conservar la garant\u00eda de la esencia de los derechos para que no se vean afectados por cualquier ley y por la inviolabilidad de la dignidad humana; por compatibilizar la solidaridad con la subsidiariedad, es decir, por la autonom\u00eda de los cuerpos intermedios, entre otros temas. \u201cEn resumen, me la jugu\u00e9 por principios, libertades y garant\u00edas de mejora. En todas las discusiones de mi subcomisi\u00f3n se debat\u00eda palabra por palabra con buen esp\u00edritu\u201d, declara.<\/p><\/div>\n\n<\/div><\/div><\/div>\n\n\n<div class=\"wp-block-stackable-column stk-block-column stk-column stk-block stk-c41a379\" data-v=\"4\" data-block-id=\"c41a379\"><div class=\"stk-column-wrapper stk-block-column__content stk-container stk-c41a379-container stk--no-background stk--no-padding\"><div class=\"stk-block-content stk-inner-blocks stk-c41a379-inner-blocks\">\n\n<h3 class=\"wp-block-heading has-text-align-left has-20-font-size has-text-color\" style=\"color:#7786b6\"><strong>El anteproyecto<\/strong><\/h3>\n\n\n<div class=\"wp-block-stackable-text stk-block-text stk-block stk-d38f988\" data-block-id=\"d38f988\"><p class=\"stk-block-text__text\">Sobre el texto consensuado, Marcela cree que hay puntos a mejorar, como el sistema pol\u00edtico, materias sobre el Tribunal Constitucional y algunos derechos que pueden ser complementados. \u201cCreo que es sensato, conforme a la composici\u00f3n del \u00f3rgano, que resume muy variadas formas de entender una Constituci\u00f3n\u201d, explica.<\/p><\/div>\n\n\n<div class=\"wp-block-stackable-text stk-block-text stk-block stk-a9a27a7\" data-block-id=\"a9a27a7\"><p class=\"stk-block-text__text\">Jaime asegura que \u201cen t\u00e9rminos generales, considerando que es fruto de un consenso transversal, en el que nadie pod\u00eda imponerse a nadie, es un texto razonable y respetuoso de la tradici\u00f3n constitucional chilena\u201d. En este sentido, mantiene la expectativa de que el Consejo mejore la propuesta de la Comisi\u00f3n Experta, con el mismo esp\u00edritu de colaboraci\u00f3n y entendimiento que ha tenido el proceso hasta ahora.<\/p><\/div>\n\n\n<div class=\"wp-block-stackable-text stk-block-text stk-block stk-a674bc9\" data-block-id=\"a674bc9\"><p class=\"stk-block-text__text\">Marcela espera que puedan avanzar m\u00e1s, respetando la esencia y la inviolabilidad de la dignidad humana. \u201cHay muchas normas que por qu\u00f3rum no pudimos dejar establecidas y creo que ellos s\u00ed podr\u00e1n, pensando en algo que, actualizando la Constituci\u00f3n vigente, la mejore pensando en Chile, y en las necesidades sociales de las personas que en el anteproyecto quedaron reflejadas\u201d, concluye<\/p><\/div>\n\n<\/div><\/div><\/div>\n\n<\/div><\/div>\n\n\n\n<div style=\"height:50px\" aria-hidden=\"true\" class=\"wp-block-spacer\"><\/div>\n\n\n\n<p><\/p>\n\n\n\n<div class=\"wp-block-stackable-columns stk-block-columns stk-block stk-1931f94\" data-block-id=\"1931f94\"><style>.stk-1931f94{margin-bottom:40px !important}<\/style><div class=\"stk-row stk-inner-blocks stk-block-content stk-content-align stk-1931f94-column\">\n\n<div class=\"wp-block-stackable-column stk-block-column stk-column stk-block stk-7491778 stk-block-background\" data-v=\"4\" data-block-id=\"7491778\"><style>.stk-7491778{background-color:#ececec !important}.stk-7491778:before{background-color:#ececec !important}<\/style><div class=\"stk-column-wrapper stk-block-column__content stk-container stk-7491778-container stk--no-background stk--no-padding\"><div class=\"stk-block-content stk-inner-blocks stk-7491778-inner-blocks\">\n\n<div class=\"wp-block-stackable-text stk-block-text stk-block stk-d602fff\" data-block-id=\"d602fff\"><style>.stk-d602fff .stk-block-text__text{font-size:20px !important}@media screen and (max-width:1023px){.stk-d602fff .stk-block-text__text{font-size:20px !important}}<\/style><p class=\"stk-block-text__text\"><strong>Participaci\u00f3n ciudadana<\/strong><\/p><\/div>\n\n\n<p>Con motivo del segundo proceso constituyente se cre\u00f3 la <a href=\"https:\/\/www.secretariadeparticipacion.cl\/\" target=\"_blank\" rel=\"noreferrer noopener\">Secretar\u00eda de Participaci\u00f3n Ciudadana<\/a>, a cargo de la <a href=\"https:\/\/www.uc.cl\/\" target=\"_blank\" rel=\"noreferrer noopener\">Pontificia Universidad Cat\u00f3lica de Chile<\/a> y de la <a href=\"https:\/\/uchile.cl\/\" target=\"_blank\" rel=\"noreferrer noopener\">Universidad de Chile<\/a>, a las que se suman todas las universidades acreditadas del pa\u00eds. El objetivo era crear instancias y mecanismos de participaci\u00f3n para que la ciudadan\u00eda pueda contribuir en el debate constitucional.<\/p>\n\n\n<p>El <a href=\"https:\/\/www.uandes.cl\/personas\/jose-antonio-guzman-cruzat\/\" target=\"_blank\" rel=\"noreferrer noopener\">Rector Jos\u00e9 Antonio Guzm\u00e1n<\/a> nombr\u00f3 al decano -y alumni- de la Facultad de Comunicaci\u00f3n, Crist\u00f3bal Benavides, como coordinador y responsable de estas iniciativas en la UANDES y, a su vez, como nexo entre la Universidad y la Secretar\u00eda. Bajo su liderazgo se gener\u00f3 una serie de actividades entre el 7 de junio y el 7 de julio, como conversatorios y di\u00e1logos autoconvocados, en los que participaron miembros de la comunidad universitaria y p\u00fablicos externos.<\/p>\n\n\n<p>Al finalizar, se entreg\u00f3 al Consejo Constitucional un documento con la informaci\u00f3n recabada, para ser usada como insumo en la discusi\u00f3n, demostrando que \u201cla Universidad ocupa un espacio p\u00fablico de contribuci\u00f3n y de generar espacios de escucha para levantar cu\u00e1les son las principales preocupaciones de los chilenos\u201d, explica el decano.<\/p>\n\n\n<div class=\"wp-block-stackable-text stk-block-text stk-block stk-9eca065\" data-block-id=\"9eca065\"><style>.stk-9eca065 .stk-block-text__text{font-size:20px !important}@media screen and (max-width:1023px){.stk-9eca065 .stk-block-text__text{font-size:20px !important}}<\/style><p class=\"stk-block-text__text\"><strong>alumniUANDES en la discusi\u00f3n<\/strong><\/p><\/div>\n\n\n<p>As\u00ed como <strong><a rel=\"noreferrer noopener\" href=\"https:\/\/www.uandes.cl\/personas\/cristobal-benavides-almarza\/\" target=\"_blank\">Crist\u00f3bal Benavides<\/a> (PER\u201900) y Marcela Peredo, egresada del <a rel=\"noreferrer noopener\" href=\"https:\/\/www.uandes.cl\/investigacion-y-doctorado\/doctorados\/\" target=\"_blank\">Doctorado en Derecho UANDES<\/a><\/strong>, otros alumni de la Universidad han estado al servicio de la redacci\u00f3n de una nueva Constituci\u00f3n para el pa\u00eds. Es el caso de los abogados <strong>Cecilia Flores<\/strong> y <strong>Enrique Garc\u00eda<\/strong>, ambos de la generaci\u00f3n 2007, quienes conformaron el equipo de 14 \u00e1rbitros del Comit\u00e9 T\u00e9cnico de Admisibilidad. Adem\u00e1s, la ciudadan\u00eda eligi\u00f3 en las urnas al doctor en Derecho UANDES <strong>Luis Silva<\/strong> y a los abogados <strong>Beatriz Hevia<\/strong> (DER\u00b415) y <strong>Jorge Ossand\u00f3n<\/strong> (DER\u00b409) como miembros del Consejo Constitucional.<\/p>\n\n<\/div><\/div><\/div>\n\n\n<div class=\"wp-block-stackable-column stk-block-column stk-column stk-block stk-72384c6\" data-v=\"4\" data-block-id=\"72384c6\"><style>.stk-72384c6{align-self:center !important}<\/style><div class=\"stk-column-wrapper stk-block-column__content stk-container stk-72384c6-container stk--no-background stk--no-padding\"><div class=\"stk-block-content stk-inner-blocks stk-72384c6-inner-blocks\">\n\n<div class=\"wp-block-stackable-image stk-block-image stk-block stk-3193adb\" data-block-id=\"3193adb\"><figure class=\"stk-img-wrapper stk-image--shape-stretch\"><img decoding=\"async\" class=\"stk-img wp-image-1379\" src=\"https:\/\/revistacampus.uandes.cl\/2023\/wp-content\/uploads\/2019\/11\/Participacion_Ciudadana.jpg\" width=\"1417\" height=\"945\" srcset=\"https:\/\/revistacampus.uandes.cl\/2023\/wp-content\/uploads\/2019\/11\/Participacion_Ciudadana.jpg 1417w, https:\/\/revistacampus.uandes.cl\/2023\/wp-content\/uploads\/2019\/11\/Participacion_Ciudadana-300x200.jpg 300w, https:\/\/revistacampus.uandes.cl\/2023\/wp-content\/uploads\/2019\/11\/Participacion_Ciudadana-1024x683.jpg 1024w, https:\/\/revistacampus.uandes.cl\/2023\/wp-content\/uploads\/2019\/11\/Participacion_Ciudadana-768x512.jpg 768w\" sizes=\"(max-width: 1417px) 100vw, 1417px\" \/><\/figure><\/div>\n\n\n<div class=\"wp-block-stackable-icon stk-block-icon has-text-align-center stk-block stk-b3368b3\" data-block-id=\"b3368b3\"><style>.stk-b3368b3 .stk--svg-wrapper .stk--inner-svg svg:last-child{height:70px !important;width:70px !important}.stk-b3368b3 .stk--svg-wrapper .stk--inner-svg svg:last-child,.stk-b3368b3 .stk--svg-wrapper .stk--inner-svg svg:last-child :is(g,path,rect,polygon,ellipse){fill:#7786b6 !important}<\/style><span class=\"stk--svg-wrapper\"><div class=\"stk--inner-svg\"><svg style=\"height:0;width:0\"><defs><linearGradient id=\"linear-gradient-b3368b3\" x1=\"0\" x2=\"100%\" y1=\"0\" y2=\"0\"><stop offset=\"0%\" style=\"stop-opacity:1;stop-color:var(--linear-gradient-b-3368-b-3-color-1)\"><\/stop><stop offset=\"100%\" style=\"stop-opacity:1;stop-color:var(--linear-gradient-b-3368-b-3-color-2)\"><\/stop><\/linearGradient><\/defs><\/svg><svg class=\"ugb-custom-icon\" version=\"1.1\" id=\"Capa_1\" xmlns=\"http:\/\/www.w3.org\/2000\/svg\" xmlns:xlink=\"http:\/\/www.w3.org\/1999\/xlink\" x=\"0px\" y=\"0px\" viewBox=\"0 0 155.5 105.1\" style=\"enable-background:new 0 0 155.5 105.1;\" xml:space=\"preserve\" aria-hidden=\"true\" width=\"32\" height=\"32\">\n<style type=\"text\/css\">\n\t.st0{clip-path:url(#SVGID_00000151536633463563545240000013743762346367164552_);}\n\t.st1{fill:#9D1915;}\n<\/style>\n\t<defs>\n\t\t<rect id=\"SVGID_1_\" x=\"0.6\" y=\"0.8\" width=\"154.4\" height=\"103.6\"><\/rect>\n\t<\/defs>\n\t<clipPath id=\"SVGID_00000070120588586119546530000011655523504951448226_\">\n\t\t<use xlink:href=\"#SVGID_1_\" style=\"overflow:visible;\"><\/use>\n\t<\/clipPath>\n\t<g style=\"clip-path:url(#SVGID_00000070120588586119546530000011655523504951448226_);\">\n\t\t<path class=\"st1\" d=\"M39.9,104.4c17.8,0,34.7-13.8,34.7-31.8S61.7,41.8,43.3,41.8c-21.8,0-24.7-7.5-24.7-11.2\n\t\t\tc0-8,4.6-16.6,32.1-27.3l-0.9-2.6C25.2,7.7,0.6,24.9,0.6,60.8C0.6,78.3,8.3,104.4,39.9,104.4 M120.2,104.4\n\t\t\tc17.8,0,34.7-13.8,34.7-31.8S142,41.8,123.6,41.8c-21.8,0-24.7-7.5-24.7-11.2c0-8,4.6-16.6,32.1-27.3l-0.9-2.6\n\t\t\tc-24.7,6.9-49.3,24.1-49.3,60C80.9,78.3,88.6,104.4,120.2,104.4\"><\/path>\n\t<\/g>\n<\/svg><\/div><\/span><\/div>\n\n\n<div class=\"wp-block-stackable-text stk-block-text stk-block stk-48e4f7f\" data-block-id=\"48e4f7f\"><style>.stk-48e4f7f .stk-block-text__text{font-size:20px !important}@media screen and (max-width:1023px){.stk-48e4f7f .stk-block-text__text{font-size:20px !important}}<\/style><p class=\"stk-block-text__text has-text-align-center\">\u201cLa Universidad ocupa un espacio p\u00fablico de contribuci\u00f3n y de generar espacios de escucha para levantar cu\u00e1les son las principales preocupaciones de los chilenos\u201d<\/p><\/div>\n\n\n<div class=\"wp-block-stackable-text stk-block-text stk-block stk-1429b61\" data-block-id=\"1429b61\"><p class=\"stk-block-text__text has-text-align-center\"><strong>Crist\u00f3bal Benavides,<\/strong> decano FCOM y coordinador para la Secretar\u00eda de Participaci\u00f3n Ciudadana<\/p><\/div>\n\n<\/div><\/div><\/div>\n\n<\/div><\/div>\n\n\n\n<div class=\"wp-block-columns is-layout-flex wp-container-core-columns-is-layout-9d6595d7 wp-block-columns-is-layout-flex\">\n<div class=\"wp-block-column is-layout-flow wp-block-column-is-layout-flow\" style=\"flex-basis:20%\"><\/div>\n\n\n\n<div class=\"wp-block-column is-layout-flow wp-block-column-is-layout-flow\" style=\"flex-basis:50%\">\n<figure class=\"wp-block-embed is-type-video is-provider-youtube wp-block-embed-youtube wp-embed-aspect-16-9 wp-has-aspect-ratio\"><div class=\"wp-block-embed__wrapper\">\n<iframe title=\"Miembros de la Comisi\u00f3n Experta analizaron proceso constitucional\" width=\"640\" height=\"360\" src=\"https:\/\/www.youtube.com\/embed\/0T7f-ID1Nz8?feature=oembed\" frameborder=\"0\" allow=\"accelerometer; autoplay; clipboard-write; encrypted-media; gyroscope; picture-in-picture; web-share\" referrerpolicy=\"strict-origin-when-cross-origin\" allowfullscreen><\/iframe>\n<\/div><figcaption class=\"wp-element-caption\">Moderado por Daniel Mansuy, en mayo de 2023 se realiz\u00f3 este encuentro entre Jaime Arancibia, Marcela Peredo y la abogada Paz Anastasiadis.<\/figcaption><\/figure>\n<\/div>\n\n\n\n<div class=\"wp-block-column is-layout-flow wp-block-column-is-layout-flow\" style=\"flex-basis:20%\"><\/div>\n<\/div>\n","protected":false},"excerpt":{"rendered":"<p>Jaime Arancibia y Marcela Peredo<\/p>\n","protected":false},"author":15,"featured_media":2741,"comment_status":"closed","ping_status":"closed","sticky":false,"template":"","format":"standard","meta":{"footnotes":""},"categories":[3],"tags":[],"class_list":["post-51","post","type-post","status-publish","format-standard","has-post-thumbnail","hentry","category-pais"],"gutentor_comment":0,"_links":{"self":[{"href":"https:\/\/revistacampus.uandes.cl\/2023\/wp-json\/wp\/v2\/posts\/51","targetHints":{"allow":["GET"]}}],"collection":[{"href":"https:\/\/revistacampus.uandes.cl\/2023\/wp-json\/wp\/v2\/posts"}],"about":[{"href":"https:\/\/revistacampus.uandes.cl\/2023\/wp-json\/wp\/v2\/types\/post"}],"author":[{"embeddable":true,"href":"https:\/\/revistacampus.uandes.cl\/2023\/wp-json\/wp\/v2\/users\/15"}],"replies":[{"embeddable":true,"href":"https:\/\/revistacampus.uandes.cl\/2023\/wp-json\/wp\/v2\/comments?post=51"}],"version-history":[{"count":87,"href":"https:\/\/revistacampus.uandes.cl\/2023\/wp-json\/wp\/v2\/posts\/51\/revisions"}],"predecessor-version":[{"id":3000,"href":"https:\/\/revistacampus.uandes.cl\/2023\/wp-json\/wp\/v2\/posts\/51\/revisions\/3000"}],"wp:featuredmedia":[{"embeddable":true,"href":"https:\/\/revistacampus.uandes.cl\/2023\/wp-json\/wp\/v2\/media\/2741"}],"wp:attachment":[{"href":"https:\/\/revistacampus.uandes.cl\/2023\/wp-json\/wp\/v2\/media?parent=51"}],"wp:term":[{"taxonomy":"category","embeddable":true,"href":"https:\/\/revistacampus.uandes.cl\/2023\/wp-json\/wp\/v2\/categories?post=51"},{"taxonomy":"post_tag","embeddable":true,"href":"https:\/\/revistacampus.uandes.cl\/2023\/wp-json\/wp\/v2\/tags?post=51"}],"curies":[{"name":"wp","href":"https:\/\/api.w.org\/{rel}","templated":true}]}}