{"id":8069,"date":"2022-07-01T16:13:00","date_gmt":"2022-07-01T20:13:00","guid":{"rendered":"https:\/\/revistacampus.uandes.cl\/2022\/?p=8069"},"modified":"2022-09-08T22:08:19","modified_gmt":"2022-09-09T02:08:19","slug":"nuestras-plumas-proceso-constituyente","status":"publish","type":"post","link":"https:\/\/revistacampus.uandes.cl\/2022\/nuestras-plumas-proceso-constituyente\/","title":{"rendered":"Nuestras Plumas: proceso constituyente"},"content":{"rendered":"\n<div class=\"alignfull wp-block-ugb-container ugb-container borde ugb-a614ea3 ugb-container--v2 ugb-container--design-plain ugb-main-block ugb-main-block--inner-center ugb--has-block-background\"><style>.ugb-a614ea3.ugb-container{background-color:#ededed}.ugb-a614ea3{padding:0 !important}.ugb-a614ea3.ugb-container:before{background-color:#ededed}<\/style><div class=\"ugb-inner-block ugb-inner-block--center\"><div class=\"ugb-block-content\"><div class=\"ugb-container__wrapper ugb-a614ea3-wrapper\"><div class=\"ugb-container__side\"><div class=\"ugb-container__content-wrapper ugb-a614ea3-content-wrapper\">\n<div class=\"wp-block-media-text alignfull is-stacked-on-mobile is-vertically-aligned-center libro\" style=\"grid-template-columns:24% auto\"><figure class=\"wp-block-media-text__media\"><img decoding=\"async\" loading=\"lazy\" width=\"236\" height=\"360\" src=\"https:\/\/revistacampus.uandes.cl\/2022\/wp-content\/uploads\/2022\/09\/sost-y-part1.jpg\" alt=\"\" class=\"wp-image-7831 size-full\" srcset=\"https:\/\/revistacampus.uandes.cl\/2022\/wp-content\/uploads\/2022\/09\/sost-y-part1.jpg 236w, https:\/\/revistacampus.uandes.cl\/2022\/wp-content\/uploads\/2022\/09\/sost-y-part1-197x300.jpg 197w\" sizes=\"(max-width: 236px) 100vw, 236px\" \/><\/figure><div class=\"wp-block-media-text__content\">\n<h4 class=\"has-text-color wp-block-heading\" style=\"color:#ff2e17;text-transform:uppercase\"><strong>Sostenibilidad y Participaci\u00f3n en La Constituci\u00f3n<\/strong><\/h4>\n\n\n\n<p><strong>Editores:<\/strong>&nbsp;<a rel=\"noreferrer noopener\" href=\"https:\/\/www.uandes.cl\/personas\/jaime-arancibia-mattar\/\" target=\"_blank\">Jaime Arancibia<\/a> y <a rel=\"noreferrer noopener\" href=\"https:\/\/www.uandes.cl\/personas\/sebastian-claro-edwards\/\" target=\"_blank\">Sebasti\u00e1n Claro<\/a><br><strong>Edici\u00f3n:<\/strong> El Mercurio<br><strong>P\u00e1ginas:&nbsp;<\/strong>384<\/p>\n\n\n\n<p>Este libro, con informaci\u00f3n detallada y an\u00e1lisis de 19 profesionales -entre abogados, economistas, ingenieros y fil\u00f3sofos-, permite enriquecer el debate sobre las materias en discusi\u00f3n, con el prop\u00f3sito de concretar los anhelos de muchos chilenos. En el contexto del debate constitucional, es indispensable realizar una reflexi\u00f3n profunda acerca de los principios esenciales que permitan concretar los ideales del bien com\u00fan que inspiran la elaboraci\u00f3n de toda carta magna.<\/p>\n<\/div><\/div>\n<\/div><\/div><\/div><\/div><\/div><\/div>\n\n\n\n<div class=\"alignfull wp-block-ugb-container ugb-container borde ugb-1dd6043 ugb-container--v2 ugb-container--design-plain ugb-main-block ugb-main-block--inner-center ugb--has-block-background\"><style>.ugb-1dd6043.ugb-container{background-color:#ffffff}.ugb-1dd6043{padding:0 !important}.ugb-1dd6043.ugb-container:before{background-color:#ffffff}<\/style><div class=\"ugb-inner-block ugb-inner-block--center\"><div class=\"ugb-block-content\"><div class=\"ugb-container__wrapper ugb-1dd6043-wrapper\"><div class=\"ugb-container__side\"><div class=\"ugb-container__content-wrapper ugb-1dd6043-content-wrapper\">\n<div class=\"wp-block-media-text alignfull is-stacked-on-mobile libro\" style=\"grid-template-columns:24% auto\"><figure class=\"wp-block-media-text__media\"><img decoding=\"async\" loading=\"lazy\" width=\"658\" height=\"1024\" src=\"https:\/\/revistacampus.uandes.cl\/2022\/wp-content\/uploads\/2022\/09\/Constitucion-Politica-de-la-Republica-de-Chile-Edicion-Historica-658x1024.jpg\" alt=\"\" class=\"wp-image-7864 size-full\" srcset=\"https:\/\/revistacampus.uandes.cl\/2022\/wp-content\/uploads\/2022\/09\/Constitucion-Politica-de-la-Republica-de-Chile-Edicion-Historica-658x1024.jpg 658w, https:\/\/revistacampus.uandes.cl\/2022\/wp-content\/uploads\/2022\/09\/Constitucion-Politica-de-la-Republica-de-Chile-Edicion-Historica-193x300.jpg 193w, https:\/\/revistacampus.uandes.cl\/2022\/wp-content\/uploads\/2022\/09\/Constitucion-Politica-de-la-Republica-de-Chile-Edicion-Historica-480x747.jpg 480w, https:\/\/revistacampus.uandes.cl\/2022\/wp-content\/uploads\/2022\/09\/Constitucion-Politica-de-la-Republica-de-Chile-Edicion-Historica.jpg 670w\" sizes=\"(max-width: 658px) 100vw, 658px\" \/><\/figure><div class=\"wp-block-media-text__content\">\n<h3 class=\"has-text-color wp-block-heading\" style=\"color:#ff2e17;text-transform:uppercase\">Constituci\u00f3n pol\u00edtica de la Rep\u00fablica de Chile<\/h3>\n\n\n\n<p><strong>Edici\u00f3n Hist\u00f3rica. Origen y trazabilidad de sus normas desde 1812 hasta hoy&nbsp;<\/strong><\/p>\n\n\n\n<p><strong>Autor:<\/strong>&nbsp;<a href=\"https:\/\/investigadores.uandes.cl\/en\/persons\/jaime-arancibia\" target=\"_blank\" rel=\"noreferrer noopener\">Jaime Arancibia&nbsp;<\/a><br><strong>Edici\u00f3n:&nbsp;<\/strong>Universidad de los Andes y&nbsp;El Mercurio&nbsp;<br><strong>P\u00e1ginas:&nbsp;<\/strong>95&nbsp;<\/p>\n\n\n\n<p>Este trabajo, in\u00e9dito en su especie, ilustra el origen y trayectoria de cada una de las normas constitucionales actualmente vigentes, desde los albores de la Rep\u00fablica en el siglo XIX hasta la actualidad. La detallada investigaci\u00f3n realizada por el abogado y acad\u00e9mico permite enriquecer el debate sobre las materias en discusi\u00f3n en el devenir constitucional chileno, transform\u00e1ndose as\u00ed en una obra de referencia ineludible.&nbsp;<\/p>\n<\/div><\/div>\n<\/div><\/div><\/div><\/div><\/div><\/div>\n\n\n\n<div class=\"alignfull wp-block-ugb-container ugb-container borde ugb-65f571d ugb-container--v2 ugb-container--design-plain ugb-main-block ugb-main-block--inner-center ugb--has-block-background\"><style>.ugb-65f571d.ugb-container{background-color:#ededed}.ugb-65f571d{padding:0 !important}.ugb-65f571d.ugb-container:before{background-color:#ededed}<\/style><div class=\"ugb-inner-block ugb-inner-block--center\"><div class=\"ugb-block-content\"><div class=\"ugb-container__wrapper ugb-65f571d-wrapper\"><div class=\"ugb-container__side\"><div class=\"ugb-container__content-wrapper ugb-65f571d-content-wrapper\">\n<div class=\"wp-block-media-text alignfull is-stacked-on-mobile libro\" style=\"grid-template-columns:24% auto\"><figure class=\"wp-block-media-text__media\"><img decoding=\"async\" loading=\"lazy\" width=\"728\" height=\"1024\" src=\"https:\/\/revistacampus.uandes.cl\/2022\/wp-content\/uploads\/2022\/09\/La-Garantia-Politica-de-la-Constitucion-Luis-Alejandro-Silva-728x1024.jpg\" alt=\"\" class=\"wp-image-7865 size-full\" srcset=\"https:\/\/revistacampus.uandes.cl\/2022\/wp-content\/uploads\/2022\/09\/La-Garantia-Politica-de-la-Constitucion-Luis-Alejandro-Silva-728x1024.jpg 728w, https:\/\/revistacampus.uandes.cl\/2022\/wp-content\/uploads\/2022\/09\/La-Garantia-Politica-de-la-Constitucion-Luis-Alejandro-Silva-213x300.jpg 213w, https:\/\/revistacampus.uandes.cl\/2022\/wp-content\/uploads\/2022\/09\/La-Garantia-Politica-de-la-Constitucion-Luis-Alejandro-Silva-768x1080.jpg 768w, https:\/\/revistacampus.uandes.cl\/2022\/wp-content\/uploads\/2022\/09\/La-Garantia-Politica-de-la-Constitucion-Luis-Alejandro-Silva-480x675.jpg 480w, https:\/\/revistacampus.uandes.cl\/2022\/wp-content\/uploads\/2022\/09\/La-Garantia-Politica-de-la-Constitucion-Luis-Alejandro-Silva.jpg 1067w\" sizes=\"(max-width: 728px) 100vw, 728px\" \/><\/figure><div class=\"wp-block-media-text__content\">\n<h3 class=\"has-text-color wp-block-heading\" style=\"color:#ff2e17;text-transform:uppercase\">La garant\u00eda pol\u00edtica de la Constituci\u00f3n<\/h3>\n\n\n\n<p><strong>Autor:<\/strong>&nbsp;<a href=\"https:\/\/investigadores.uandes.cl\/en\/persons\/luis-alejandro-silva-irarr%C3%A1zaval\" target=\"_blank\" rel=\"noreferrer noopener\">Luis Alejandro Silva<\/a>&nbsp;<br><strong>Editorial:&nbsp;<\/strong>Tirant Lo Blanch&nbsp;<br><strong>P\u00e1ginas:&nbsp;<\/strong>208&nbsp;<\/p>\n\n\n\n<p>Esta obra desarrolla la tesis de que la Constituci\u00f3n tiene un guardi\u00e1n pol\u00edtico, el que, junto con los jueces, defiende la supremac\u00eda constitucional. Se apoya en el dise\u00f1o y la pr\u00e1ctica de algunas instituciones como el juicio pol\u00edtico, los estados de excepci\u00f3n constitucional o las emergencias econ\u00f3micas. Busca reivindicar la dimensi\u00f3n pol\u00edtica de la Constituci\u00f3n y su defensa&nbsp;<em>ad hoc<\/em>, frente a una corriente muy popular hoy, que entrega a los jueces el monopolio de su interpretaci\u00f3n definitiva. Ofrece un argumento contra la judicializaci\u00f3n de la vida social catalizada por los derechos fundamentales, y presenta razones para reconocer y reservar un \u00e1mbito para la pol\u00edtica, que no se deja absorber por lo jur\u00eddico.&nbsp;<\/p>\n<\/div><\/div>\n<\/div><\/div><\/div><\/div><\/div><\/div>\n\n\n\n<div class=\"alignfull wp-block-ugb-container ugb-container borde ugb-6f2aa0d ugb-container--v2 ugb-container--design-plain ugb-main-block ugb-main-block--inner-center ugb--has-block-background\"><style>.ugb-6f2aa0d.ugb-container{background-color:#ffffff}.ugb-6f2aa0d{padding:0 !important}.ugb-6f2aa0d.ugb-container:before{background-color:#ffffff}<\/style><div class=\"ugb-inner-block ugb-inner-block--center\"><div class=\"ugb-block-content\"><div class=\"ugb-container__wrapper ugb-6f2aa0d-wrapper\"><div class=\"ugb-container__side\"><div class=\"ugb-container__content-wrapper ugb-6f2aa0d-content-wrapper\">\n<div class=\"wp-block-media-text alignfull is-stacked-on-mobile libro\" style=\"grid-template-columns:24% auto\"><figure class=\"wp-block-media-text__media\"><img decoding=\"async\" loading=\"lazy\" width=\"166\" height=\"240\" src=\"https:\/\/revistacampus.uandes.cl\/2021\/wp-content\/uploads\/2021\/09\/En-defensa-de-la-Constitucion.jpg\" alt=\"\" class=\"wp-image-6204 size-full\"\/><\/figure><div class=\"wp-block-media-text__content\">\n<h3 class=\"has-text-color wp-block-heading\" style=\"color:#ff2e17;text-transform:uppercase\">En defensa de la Constituci\u00f3n<\/h3>\n\n\n\n<p><strong>Autor:<\/strong>&nbsp;<a href=\"https:\/\/www.uandes.cl\/personas\/raul-bertelsen-repetto\/\" target=\"_blank\" rel=\"noreferrer noopener\">Ra\u00fal&nbsp;Bertelsen<\/a>&nbsp;<br><strong>Editorial:<\/strong>&nbsp;Thomson Reuters&nbsp;<br><strong>P\u00e1ginas:&nbsp;<\/strong>184&nbsp;<\/p>\n\n\n\n<p>En este libro el acad\u00e9mico expone las razones principales que, a su juicio, existen para mantener el actual texto constitucional. De manera breve y centr\u00e1ndose en las materias principales de las que se ocupa la Constituci\u00f3n y tambi\u00e9n en las cr\u00edticas que recibe con m\u00e1s frecuencia, sus argumentos se basan en su experiencia como miembro de la Comisi\u00f3n de Estudios de la Constituci\u00f3n vigente,&nbsp;Ministro&nbsp;y&nbsp;Presidente&nbsp;del Tribunal Constitucional de Chile y profesor de Derecho Constitucional durante m\u00e1s de 40 a\u00f1os.&nbsp;<\/p>\n<\/div><\/div>\n<\/div><\/div><\/div><\/div><\/div><\/div>\n\n\n\n<div class=\"alignfull wp-block-ugb-container ugb-container borde ugb-db2cdcc ugb-container--v2 ugb-container--design-plain ugb-main-block ugb-main-block--inner-center ugb--has-block-background\"><style>.ugb-db2cdcc.ugb-container{background-color:#ededed}.ugb-db2cdcc{padding:0 !important}.ugb-db2cdcc.ugb-container:before{background-color:#ededed}<\/style><div class=\"ugb-inner-block ugb-inner-block--center\"><div class=\"ugb-block-content\"><div class=\"ugb-container__wrapper ugb-db2cdcc-wrapper\"><div class=\"ugb-container__side\"><div class=\"ugb-container__content-wrapper ugb-db2cdcc-content-wrapper\">\n<div class=\"wp-block-media-text alignfull is-stacked-on-mobile libro\" style=\"grid-template-columns:24% auto\"><figure class=\"wp-block-media-text__media\"><img decoding=\"async\" loading=\"lazy\" width=\"691\" height=\"983\" src=\"https:\/\/revistacampus.uandes.cl\/2022\/wp-content\/uploads\/2022\/09\/Constitucion-conceptos-indeterminados-y-conceptos-controvertidos.jpg\" alt=\"\" class=\"wp-image-7867 size-full\" srcset=\"https:\/\/revistacampus.uandes.cl\/2022\/wp-content\/uploads\/2022\/09\/Constitucion-conceptos-indeterminados-y-conceptos-controvertidos.jpg 691w, https:\/\/revistacampus.uandes.cl\/2022\/wp-content\/uploads\/2022\/09\/Constitucion-conceptos-indeterminados-y-conceptos-controvertidos-211x300.jpg 211w, https:\/\/revistacampus.uandes.cl\/2022\/wp-content\/uploads\/2022\/09\/Constitucion-conceptos-indeterminados-y-conceptos-controvertidos-480x683.jpg 480w\" sizes=\"(max-width: 691px) 100vw, 691px\" \/><\/figure><div class=\"wp-block-media-text__content\">\n<h3 class=\"has-text-color wp-block-heading\" style=\"color:#ff2e17\">CONSTITUCI\u00d3N, CONCEPTOS INDETERMINADOS Y CONCEPTOS CONTROVERTIDOS<\/h3>\n\n\n\n<p><strong>Un an\u00e1lisis a la luz de la doctrina y de la jurisprudencia del Tribunal Constitucional&nbsp;<\/strong><\/p>\n\n\n\n<p><strong>Autor:<\/strong>&nbsp;<a href=\"https:\/\/investigadores.uandes.cl\/en\/persons\/jos%C3%A9-ignacio-mart%C3%ADnez\" target=\"_blank\" rel=\"noreferrer noopener\">Jos\u00e9 Ignacio Mart\u00ednez<\/a>&nbsp;<br><strong>Editorial:&nbsp;<\/strong>Tirant Lo Blanch&nbsp;<br><strong>P\u00e1ginas:&nbsp;&nbsp;<\/strong>263&nbsp;<\/p>\n\n\n\n<p>Este libro ayuda a formarse una opini\u00f3n respecto de cu\u00e1l deber\u00eda ser la mejor manera de entender los conceptos abiertos que utiliza una Constituci\u00f3n. Analiza el rol que ocupan dichos conceptos en el derecho constitucional y la manera en que han sido recogidos en los sistemas Constitucionales de Estados Unidos, Alemania y Espa\u00f1a. Revisa los problemas que surgen a ra\u00edz de su uso y de la transformaci\u00f3n de conceptos determinados en controvertidos, y ofrece un posible criterio de soluci\u00f3n basado en los fundamentos del constitucionalismo y de la idea de Constituci\u00f3n. Y examina la forma en que aquellos t\u00e9rminos han sido recogidos en la Constituci\u00f3n chilena, y c\u00f3mo han sido interpretados por el Tribunal Constitucional.&nbsp;<\/p>\n<\/div><\/div>\n<\/div><\/div><\/div><\/div><\/div><\/div>\n\n\n\n<div class=\"alignfull wp-block-ugb-container ugb-container borde ugb-2826538 ugb-container--v2 ugb-container--design-plain ugb-main-block ugb-main-block--inner-center ugb--has-block-background\"><style>.ugb-2826538.ugb-container{background-color:#ffffff}.ugb-2826538{padding:0 !important}.ugb-2826538.ugb-container:before{background-color:#ffffff}<\/style><div class=\"ugb-inner-block ugb-inner-block--center\"><div class=\"ugb-block-content\"><div class=\"ugb-container__wrapper ugb-2826538-wrapper\"><div class=\"ugb-container__side\"><div class=\"ugb-container__content-wrapper ugb-2826538-content-wrapper\">\n<div class=\"wp-block-media-text alignfull is-stacked-on-mobile is-vertically-aligned-center libro\" style=\"grid-template-columns:24% auto\"><figure class=\"wp-block-media-text__media\"><img decoding=\"async\" loading=\"lazy\" width=\"709\" height=\"1024\" src=\"https:\/\/revistacampus.uandes.cl\/2022\/wp-content\/uploads\/2022\/08\/derechos-humanos-y-proceso-constituyente-709x1024.jpg\" alt=\"\" class=\"wp-image-7419 size-full\" srcset=\"https:\/\/revistacampus.uandes.cl\/2022\/wp-content\/uploads\/2022\/08\/derechos-humanos-y-proceso-constituyente-709x1024.jpg 709w, https:\/\/revistacampus.uandes.cl\/2022\/wp-content\/uploads\/2022\/08\/derechos-humanos-y-proceso-constituyente-208x300.jpg 208w, https:\/\/revistacampus.uandes.cl\/2022\/wp-content\/uploads\/2022\/08\/derechos-humanos-y-proceso-constituyente-768x1110.jpg 768w, https:\/\/revistacampus.uandes.cl\/2022\/wp-content\/uploads\/2022\/08\/derechos-humanos-y-proceso-constituyente-480x694.jpg 480w, https:\/\/revistacampus.uandes.cl\/2022\/wp-content\/uploads\/2022\/08\/derechos-humanos-y-proceso-constituyente.jpg 984w\" sizes=\"(max-width: 709px) 100vw, 709px\" \/><\/figure><div class=\"wp-block-media-text__content\">\n<h4 class=\"has-text-color wp-block-heading\" style=\"color:#ff2e17;text-transform:uppercase\"><strong>Derechos humanos y proceso constituyente&nbsp;&nbsp;&nbsp;&nbsp;&nbsp;<\/strong><\/h4>\n\n\n\n<p><strong>Autora:<\/strong>&nbsp;<a rel=\"noreferrer noopener\" href=\"https:\/\/www.uandes.cl\/personas\/marcela-peredo-rojas\/\" target=\"_blank\">Marcela Peredo<\/a>&nbsp;&nbsp;&nbsp;&nbsp;&nbsp;&nbsp;&nbsp;<br><strong>Editorial:<\/strong> Thomson Reuters<br><strong>P\u00e1ginas:&nbsp;<\/strong>276<\/p>\n\n\n\n<p>Esta obra tiene como objeto principal ser un motor para la ense\u00f1anza del Derecho Constitucional y la b\u00fasqueda del saber, pero tambi\u00e9n, ser una gu\u00eda en el conocimiento del Derecho Constitucional de la Ley N\u00b0 21.200 y la hoja de ruta que marcar\u00e1 este Proceso Constituyente en Chile, manifestando as\u00ed la contribuci\u00f3n general del Derecho y la sistematizaci\u00f3n del Ordenamiento Jur\u00eddico Constitucional.&nbsp;<\/p>\n<\/div><\/div>\n<\/div><\/div><\/div><\/div><\/div><\/div>\n\n\n\n<div class=\"alignfull wp-block-ugb-container ugb-container borde ugb-dff7863 ugb-container--v2 ugb-container--design-plain ugb-main-block ugb-main-block--inner-center ugb--has-block-background\"><style>.ugb-dff7863.ugb-container{background-color:#ededed}.ugb-dff7863{padding:0 !important}.ugb-dff7863.ugb-container:before{background-color:#ededed}<\/style><div class=\"ugb-inner-block ugb-inner-block--center\"><div class=\"ugb-block-content\"><div class=\"ugb-container__wrapper ugb-dff7863-wrapper\"><div class=\"ugb-container__side\"><div class=\"ugb-container__content-wrapper ugb-dff7863-content-wrapper\">\n<div class=\"wp-block-media-text alignfull is-stacked-on-mobile is-vertically-aligned-center libro\" style=\"grid-template-columns:24% auto\"><figure class=\"wp-block-media-text__media\"><img decoding=\"async\" loading=\"lazy\" width=\"744\" height=\"1024\" src=\"https:\/\/revistacampus.uandes.cl\/2022\/wp-content\/uploads\/2022\/08\/politica-derecho-744x1024.jpg\" alt=\"\" class=\"wp-image-7420 size-full\" srcset=\"https:\/\/revistacampus.uandes.cl\/2022\/wp-content\/uploads\/2022\/08\/politica-derecho-744x1024.jpg 744w, https:\/\/revistacampus.uandes.cl\/2022\/wp-content\/uploads\/2022\/08\/politica-derecho-218x300.jpg 218w, https:\/\/revistacampus.uandes.cl\/2022\/wp-content\/uploads\/2022\/08\/politica-derecho-768x1057.jpg 768w, https:\/\/revistacampus.uandes.cl\/2022\/wp-content\/uploads\/2022\/08\/politica-derecho-480x661.jpg 480w, https:\/\/revistacampus.uandes.cl\/2022\/wp-content\/uploads\/2022\/08\/politica-derecho.jpg 887w\" sizes=\"(max-width: 744px) 100vw, 744px\" \/><\/figure><div class=\"wp-block-media-text__content\">\n<h4 class=\"has-text-color wp-block-heading\" style=\"color:#ff2e17;text-transform:uppercase\"><strong>Pol\u00edtica, Derecho y Constituci\u00f3n<\/strong><\/h4>\n\n\n\n<p><strong>Coordinadores:<\/strong>&nbsp;<a rel=\"noreferrer noopener\" href=\"https:\/\/www.uandes.cl\/personas\/jose-ignacio-martinez-estay\/\" target=\"_blank\">Jos\u00e9 Ignacio Mart\u00ednez<\/a> y <a rel=\"noreferrer noopener\" href=\"https:\/\/www.uandes.cl\/personas\/marcela-peredo-rojas\/\" target=\"_blank\">Marcela Peredo<\/a><br><strong>Editorial:<\/strong> Tirant lo Blanch&nbsp;&nbsp;&nbsp;&nbsp;&nbsp;&nbsp;&nbsp;&nbsp;<br><strong>P\u00e1ginas:&nbsp;<\/strong>1.136<\/p>\n\n\n\n<p>Junto a los editores Alan Bronfman (PUCV) y Celso Cancela (U. de Vigo, Espa\u00f1a), en este volumen se abordan diversas tem\u00e1ticas relacionadas con el derecho constitucional, tanto en lo relativo a los fundamentos de esta disciplina jur\u00eddica, como en sus aspectos pr\u00e1cticos y normativos. Este libro permitir\u00e1 que el lector pueda aproximarse a importantes problemas jur\u00eddicos, que han sido abordados procurando observar esa misma agudeza, profundidad y rigor que el profesor Pereira Menaut ha puesto a lo largo de su vida acad\u00e9mica.&nbsp;<\/p>\n<\/div><\/div>\n<\/div><\/div><\/div><\/div><\/div><\/div>\n\n\n\n<div class=\"alignfull wp-block-ugb-container ugb-container borde ugb-c0541ea ugb-container--v2 ugb-container--design-plain ugb-main-block ugb-main-block--inner-center ugb--has-block-background\"><style>.ugb-c0541ea.ugb-container{background-color:#ffffff}.ugb-c0541ea{padding:0 !important}.ugb-c0541ea.ugb-container:before{background-color:#ffffff}<\/style><div class=\"ugb-inner-block ugb-inner-block--center\"><div class=\"ugb-block-content\"><div class=\"ugb-container__wrapper ugb-c0541ea-wrapper\"><div class=\"ugb-container__side\"><div class=\"ugb-container__content-wrapper ugb-c0541ea-content-wrapper\">\n<div class=\"wp-block-media-text alignfull is-stacked-on-mobile is-vertically-aligned-center libro\" style=\"grid-template-columns:24% auto\"><figure class=\"wp-block-media-text__media\"><img decoding=\"async\" loading=\"lazy\" width=\"712\" height=\"1024\" src=\"https:\/\/revistacampus.uandes.cl\/2022\/wp-content\/uploads\/2022\/08\/Antecedentes-para-una-nueva-constitucion-scaled-1-712x1024.png\" alt=\"\" class=\"wp-image-7421 size-full\" srcset=\"https:\/\/revistacampus.uandes.cl\/2022\/wp-content\/uploads\/2022\/08\/Antecedentes-para-una-nueva-constitucion-scaled-1-712x1024.png 712w, https:\/\/revistacampus.uandes.cl\/2022\/wp-content\/uploads\/2022\/08\/Antecedentes-para-una-nueva-constitucion-scaled-1-209x300.png 209w, https:\/\/revistacampus.uandes.cl\/2022\/wp-content\/uploads\/2022\/08\/Antecedentes-para-una-nueva-constitucion-scaled-1-768x1105.png 768w, https:\/\/revistacampus.uandes.cl\/2022\/wp-content\/uploads\/2022\/08\/Antecedentes-para-una-nueva-constitucion-scaled-1-1068x1536.png 1068w, https:\/\/revistacampus.uandes.cl\/2022\/wp-content\/uploads\/2022\/08\/Antecedentes-para-una-nueva-constitucion-scaled-1-480x691.png 480w, https:\/\/revistacampus.uandes.cl\/2022\/wp-content\/uploads\/2022\/08\/Antecedentes-para-una-nueva-constitucion-scaled-1.png 1336w\" sizes=\"(max-width: 712px) 100vw, 712px\" \/><\/figure><div class=\"wp-block-media-text__content\">\n<h4 class=\"has-text-color wp-block-heading\" style=\"color:#ff2e17;text-transform:uppercase\"><strong>Antecedentes para una nueva Constituci\u00f3n<\/strong>&nbsp;&nbsp;&nbsp;&nbsp;&nbsp;&nbsp;&nbsp;&nbsp;&nbsp;&nbsp; <\/h4>\n\n\n\n<p><strong>Coordinadora:<\/strong>&nbsp;<a rel=\"noreferrer noopener\" href=\"https:\/\/www.uandes.cl\/personas\/marcela-peredo-rojas\/\" target=\"_blank\">Marcela Peredo<\/a><br><strong>Editorial:<\/strong> Tirant lo Blanch&nbsp;&nbsp;&nbsp;&nbsp;&nbsp;&nbsp;&nbsp;&nbsp;<br><strong>P\u00e1ginas:&nbsp;<\/strong>584<\/p>\n\n\n\n<p>El objetivo de este libro es aportar antecedentes hist\u00f3ricos y comparados que resultan relevantes para el proceso de elaboraci\u00f3n de la nueva Constituci\u00f3n. A lo largo de sus p\u00e1ginas el lector encontrar\u00e1 la evoluci\u00f3n hist\u00f3rica de los preceptos e instituciones constitucionales hoy vigentes, y la forma en que han sido abordados en otros sistemas constitucionales. Estos antecedentes van acompa\u00f1ados de an\u00e1lisis, comentarios y propuestas de los autores.<\/p>\n<\/div><\/div>\n<\/div><\/div><\/div><\/div><\/div><\/div>\n","protected":false},"excerpt":{"rendered":"<p>Ocho libros publicaron los acad\u00e9micos UANDES entre 2021 y 2022 para aportar a la reflexi\u00f3n y al an\u00e1lisis sobre el proceso constituyente en Chile<\/p>\n","protected":false},"author":2,"featured_media":7981,"comment_status":"open","ping_status":"open","sticky":false,"template":"","format":"standard","meta":{"inline_featured_image":false,"_mi_skip_tracking":false,"_monsterinsights_sitenote_active":false,"_monsterinsights_sitenote_note":"","_monsterinsights_sitenote_category":0,"footnotes":""},"categories":[50],"tags":[],"featured_image_urls":{"full":["https:\/\/revistacampus.uandes.cl\/2022\/wp-content\/uploads\/2022\/09\/Plumas-constituyentes.jpg",964,719,false],"thumbnail":["https:\/\/revistacampus.uandes.cl\/2022\/wp-content\/uploads\/2022\/09\/Plumas-constituyentes-150x150.jpg",150,150,true],"medium":["https:\/\/revistacampus.uandes.cl\/2022\/wp-content\/uploads\/2022\/09\/Plumas-constituyentes-300x224.jpg",300,224,true],"medium_large":["https:\/\/revistacampus.uandes.cl\/2022\/wp-content\/uploads\/2022\/09\/Plumas-constituyentes-768x573.jpg",768,573,true],"large":["https:\/\/revistacampus.uandes.cl\/2022\/wp-content\/uploads\/2022\/09\/Plumas-constituyentes.jpg",964,719,false],"1536x1536":["https:\/\/revistacampus.uandes.cl\/2022\/wp-content\/uploads\/2022\/09\/Plumas-constituyentes.jpg",964,719,false],"2048x2048":["https:\/\/revistacampus.uandes.cl\/2022\/wp-content\/uploads\/2022\/09\/Plumas-constituyentes.jpg",964,719,false],"thumbnail-medium":["https:\/\/revistacampus.uandes.cl\/2022\/wp-content\/uploads\/2022\/09\/Plumas-constituyentes-480x384.jpg",480,384,true],"thumbnail-square":["https:\/\/revistacampus.uandes.cl\/2022\/wp-content\/uploads\/2022\/09\/Plumas-constituyentes-480x480.jpg",480,480,true],"thumbnail-portrait":["https:\/\/revistacampus.uandes.cl\/2022\/wp-content\/uploads\/2022\/09\/Plumas-constituyentes-480x600.jpg",480,600,true],"thumbnail-large":["https:\/\/revistacampus.uandes.cl\/2022\/wp-content\/uploads\/2022\/09\/Plumas-constituyentes-720x480.jpg",720,480,true],"thumbnail-medium-nocrop":["https:\/\/revistacampus.uandes.cl\/2022\/wp-content\/uploads\/2022\/09\/Plumas-constituyentes-480x358.jpg",480,358,true]},"post_excerpt_stackable":"<p>Ocho libros publicaron los acad\u00e9micos UANDES entre 2021 y 2022 para aportar a la reflexi\u00f3n y al an\u00e1lisis sobre el proceso constituyente en Chile<\/p>\n","category_list":"<a href=\"https:\/\/revistacampus.uandes.cl\/2022\/category\/investigacion-al-servicio-de-la-sociedad\/\" rel=\"category tag\">Investigaci\u00f3n al servicio de la sociedad<\/a>","author_info":{"name":"Revista Campus","url":"https:\/\/revistacampus.uandes.cl\/2022\/author\/campus2020\/"},"comments_num":"0 comments","featured_image_urls_v2":{"full":["https:\/\/revistacampus.uandes.cl\/2022\/wp-content\/uploads\/2022\/09\/Plumas-constituyentes.jpg",964,719,false],"thumbnail":["https:\/\/revistacampus.uandes.cl\/2022\/wp-content\/uploads\/2022\/09\/Plumas-constituyentes-150x150.jpg",150,150,true],"medium":["https:\/\/revistacampus.uandes.cl\/2022\/wp-content\/uploads\/2022\/09\/Plumas-constituyentes-300x224.jpg",300,224,true],"medium_large":["https:\/\/revistacampus.uandes.cl\/2022\/wp-content\/uploads\/2022\/09\/Plumas-constituyentes-768x573.jpg",768,573,true],"large":["https:\/\/revistacampus.uandes.cl\/2022\/wp-content\/uploads\/2022\/09\/Plumas-constituyentes.jpg",964,719,false],"1536x1536":["https:\/\/revistacampus.uandes.cl\/2022\/wp-content\/uploads\/2022\/09\/Plumas-constituyentes.jpg",964,719,false],"2048x2048":["https:\/\/revistacampus.uandes.cl\/2022\/wp-content\/uploads\/2022\/09\/Plumas-constituyentes.jpg",964,719,false],"thumbnail-medium":["https:\/\/revistacampus.uandes.cl\/2022\/wp-content\/uploads\/2022\/09\/Plumas-constituyentes-480x384.jpg",480,384,true],"thumbnail-square":["https:\/\/revistacampus.uandes.cl\/2022\/wp-content\/uploads\/2022\/09\/Plumas-constituyentes-480x480.jpg",480,480,true],"thumbnail-portrait":["https:\/\/revistacampus.uandes.cl\/2022\/wp-content\/uploads\/2022\/09\/Plumas-constituyentes-480x600.jpg",480,600,true],"thumbnail-large":["https:\/\/revistacampus.uandes.cl\/2022\/wp-content\/uploads\/2022\/09\/Plumas-constituyentes-720x480.jpg",720,480,true],"thumbnail-medium-nocrop":["https:\/\/revistacampus.uandes.cl\/2022\/wp-content\/uploads\/2022\/09\/Plumas-constituyentes-480x358.jpg",480,358,true]},"post_excerpt_stackable_v2":"<p>Ocho libros publicaron los acad\u00e9micos UANDES entre 2021 y 2022 para aportar a la reflexi\u00f3n y al an\u00e1lisis sobre el proceso constituyente en Chile<\/p>\n","category_list_v2":"<a href=\"https:\/\/revistacampus.uandes.cl\/2022\/category\/investigacion-al-servicio-de-la-sociedad\/\" rel=\"category tag\">Investigaci\u00f3n al servicio de la sociedad<\/a>","author_info_v2":{"name":"Revista Campus","url":"https:\/\/revistacampus.uandes.cl\/2022\/author\/campus2020\/"},"comments_num_v2":"0 comments","_links":{"self":[{"href":"https:\/\/revistacampus.uandes.cl\/2022\/wp-json\/wp\/v2\/posts\/8069"}],"collection":[{"href":"https:\/\/revistacampus.uandes.cl\/2022\/wp-json\/wp\/v2\/posts"}],"about":[{"href":"https:\/\/revistacampus.uandes.cl\/2022\/wp-json\/wp\/v2\/types\/post"}],"author":[{"embeddable":true,"href":"https:\/\/revistacampus.uandes.cl\/2022\/wp-json\/wp\/v2\/users\/2"}],"replies":[{"embeddable":true,"href":"https:\/\/revistacampus.uandes.cl\/2022\/wp-json\/wp\/v2\/comments?post=8069"}],"version-history":[{"count":2,"href":"https:\/\/revistacampus.uandes.cl\/2022\/wp-json\/wp\/v2\/posts\/8069\/revisions"}],"predecessor-version":[{"id":8172,"href":"https:\/\/revistacampus.uandes.cl\/2022\/wp-json\/wp\/v2\/posts\/8069\/revisions\/8172"}],"wp:featuredmedia":[{"embeddable":true,"href":"https:\/\/revistacampus.uandes.cl\/2022\/wp-json\/wp\/v2\/media\/7981"}],"wp:attachment":[{"href":"https:\/\/revistacampus.uandes.cl\/2022\/wp-json\/wp\/v2\/media?parent=8069"}],"wp:term":[{"taxonomy":"category","embeddable":true,"href":"https:\/\/revistacampus.uandes.cl\/2022\/wp-json\/wp\/v2\/categories?post=8069"},{"taxonomy":"post_tag","embeddable":true,"href":"https:\/\/revistacampus.uandes.cl\/2022\/wp-json\/wp\/v2\/tags?post=8069"}],"curies":[{"name":"wp","href":"https:\/\/api.w.org\/{rel}","templated":true}]}}