{"id":6994,"date":"2022-07-06T18:12:14","date_gmt":"2022-07-06T22:12:14","guid":{"rendered":"https:\/\/revistacampus.uandes.cl\/2022\/?p=6994"},"modified":"2022-09-09T09:45:14","modified_gmt":"2022-09-09T13:45:14","slug":"el-museo-de-artes-uandes-encuentro-con-el-arte-y-la-cultura-para-la-comunidad","status":"publish","type":"post","link":"https:\/\/revistacampus.uandes.cl\/2022\/el-museo-de-artes-uandes-encuentro-con-el-arte-y-la-cultura-para-la-comunidad\/","title":{"rendered":"El Museo de Artes UANDES<br><span class=\"subtitulo\"> Encuentro con el arte y la cultura para la comunidad<\/span>"},"content":{"rendered":"\n<p><strong>Despu\u00e9s de m\u00e1s de una d\u00e9cada difundiendo el arte y el patrimonio a trav\u00e9s de diversas actividades, el espacio cultural universitario super\u00f3 el cierre que impuso la pandemia y volvi\u00f3 a abrir sus puertas con nuevas energ\u00edas, que transformar\u00e1n 2022 en uno de sus a\u00f1os con mayor afluencia de p\u00fablico.<\/strong><\/p>\n\n\n\n<div style=\"height:50px\" aria-hidden=\"true\" class=\"wp-block-spacer\"><\/div>\n\n\n\n<div class=\"wp-block-stackable-separator alignfull stk-block-separator stk--no-padding stk-block stk-7a95aa3\" data-block-id=\"7a95aa3\"><style>.stk-7a95aa3{transform:scaleX(-1) scaleY(-1) !important}.stk-7a95aa3 svg{fill:#000000 !important;filter:none !important}.stk-7a95aa3 .stk-block-separator__inner{height:50px !important}<\/style><div class=\"stk-block-separator__inner\"><svg xmlns=\"http:\/\/www.w3.org\/2000\/svg\" viewBox=\"0 0 1600 200\" class=\"stk-separator__layer-1\" preserveAspectRatio=\"none\" aria-hidden=\"true\"><path d=\"M-10 210h1620V105.2H-10z\"><\/path><\/svg><\/div><\/div>\n\n\n\n<p>Como museo universitario, adem\u00e1s del trabajo cient\u00edfico y la investigaci\u00f3n de las colecciones, <strong>tenemos el compromiso de llegar a una audiencia m\u00e1s amplia<\/strong>, generando un puente para transmitir el saber acad\u00e9mico, pero tambi\u00e9n vincularnos con la comunidad y sus distintas generaciones. Por eso, estamos muy felices de recibir nuevamente al p\u00fablico de manera presencial\u201d, asegur\u00f3 la directora de <a rel=\"noreferrer noopener\" href=\"https:\/\/www.uandes.cl\/extension\/\" target=\"_blank\">Extensi\u00f3n Cultural<\/a>, <a href=\"https:\/\/www.uandes.cl\/personas\/maria-josefina-tocornal-court\/\" target=\"_blank\" rel=\"noreferrer noopener\">Josefina Tocornal<\/a>, al inaugurar en abril la <a rel=\"noreferrer noopener\" href=\"https:\/\/www.youtube.com\/watch?v=cRyv3PJjvTA&amp;t=18s\" target=\"_blank\">exposici\u00f3n ADORADO<\/a>, de la artista pl\u00e1stica Maite Izquierdo, en el <a rel=\"noreferrer noopener\" href=\"https:\/\/www.uandes.cl\/extension\/museo-de-artes\/\" target=\"_blank\">Museo de Artes UANDES.<\/a><\/p>\n\n\n\n<p>As\u00ed, un centenar de personas llegaron hasta el Museo para ser parte de una doble celebraci\u00f3n: la reapertura al p\u00fablico tras dos a\u00f1os de cierre y la inauguraci\u00f3n de la muestra de arte contempor\u00e1neo, creada expresamente para este espacio.<\/p>\n\n\n<div class=\"wp-block-image\">\n<figure class=\"aligncenter size-large\"><img decoding=\"async\" loading=\"lazy\" width=\"1024\" height=\"576\" src=\"https:\/\/revistacampus.uandes.cl\/2022\/wp-content\/uploads\/2022\/08\/MG_3523-1024x576.jpg\" alt=\"\" class=\"wp-image-7245\" srcset=\"https:\/\/revistacampus.uandes.cl\/2022\/wp-content\/uploads\/2022\/08\/MG_3523-1024x576.jpg 1024w, https:\/\/revistacampus.uandes.cl\/2022\/wp-content\/uploads\/2022\/08\/MG_3523-300x169.jpg 300w, https:\/\/revistacampus.uandes.cl\/2022\/wp-content\/uploads\/2022\/08\/MG_3523-768x432.jpg 768w, https:\/\/revistacampus.uandes.cl\/2022\/wp-content\/uploads\/2022\/08\/MG_3523-480x270.jpg 480w, https:\/\/revistacampus.uandes.cl\/2022\/wp-content\/uploads\/2022\/08\/MG_3523.jpg 1134w\" sizes=\"(max-width: 1024px) 100vw, 1024px\" \/><figcaption>El Museo de Artes recibi\u00f3 a un grupo de artistas no videntes de la Fundaci\u00f3n Luz, dando otro paso hacia una nueva forma de relacionarse con la sociedad.<\/figcaption><\/figure><\/div>\n\n\n<p>Pero el camino hacia la reapertura comenz\u00f3 en 2021, cuando el Museo de Artes se adjudic\u00f3 un fondo del <a href=\"https:\/\/www.patrimoniocultural.gob.cl\/\" target=\"_blank\" rel=\"noreferrer noopener\">Servicio Nacional del Patrimonio Cultural<\/a>, el primero de la Universidad, que le permiti\u00f3 renovar su sistema de iluminaci\u00f3n, actualiz\u00e1ndolo tecnol\u00f3gicamente y obteniendo con ello mayor eficiencia energ\u00e9tica, una mejor experiencia para el visitante y nuevas posibilidades de montaje.<\/p>\n\n\n\n<p><strong>\u201cEl Fondo para el Mejoramiento Integral de Museos nos permiti\u00f3 tener un nuevo sistema que ampl\u00eda las opciones para agregar nuevas piezas a la muestra permanente y montar otras temporales<\/strong>, incluso de arte contempor\u00e1neo o instalaciones, que dialoguen con las colecciones originales, como es el caso de ADORADO\u201d, comenta Josefina Tocornal.<\/p>\n\n\n\n<p><strong>Con sus puertas abiertas, el Museo de Artes no dej\u00f3 de generar instancias de encuentro con la comunidad.<\/strong> Entre ellas destacan las que se realizaron en el marco del D\u00eda de los Patrimonios, como visitas guiadas, un encuentro con la artista <a href=\"https:\/\/www.maiteizquierdo.com\/\" target=\"_blank\" rel=\"noreferrer noopener\">Maite Izquierdo<\/a>, actividades art\u00edstico-manuales para toda la familia y m\u00fasica, entre otras.<\/p>\n\n\n\n<h4 class=\"wp-block-heading\"><strong><span style=\"color: #fd7800;\" class=\"stk-highlight\">UN ESPACIO PARA LA INCLUSI\u00d3N&nbsp;<\/span><\/strong><\/h4>\n\n\n\n<p>Tambi\u00e9n se realizaron actividades inclusivas, que son un primer paso hacia una nueva forma de relaci\u00f3n entre el Museo y la sociedad. Para la versi\u00f3n 2022 del <a href=\"https:\/\/www.museoschile.gob.cl\/noticias\/dia-internacional-de-los-museos-0\" target=\"_blank\" rel=\"noreferrer noopener\">D\u00eda Internacional de los Museos<\/a>, el Museo de Artes recibi\u00f3 a un grupo de artistas no videntes de la <a href=\"https:\/\/fundacionluz.cl\/\" target=\"_blank\" rel=\"noreferrer noopener\">Fundaci\u00f3n Luz<\/a> y a personas con discapacidad intelectual que participan en los programas de la <a href=\"https:\/\/www.lascondes.cl\/\" target=\"_blank\" rel=\"noreferrer noopener\">Municipalidad de Las Condes.<\/a><\/p>\n\n\n\n<p>Estas instancias fueron especialmente preparadas para que cada persona pudiese apreciar ADORADO y las colecciones permanentes, de acuerdo con sus propias capacidades. \u201cEl patrimonio, el arte y la cultura son un gran veh\u00edculo para integrar a las personas y a las comunidades entre s\u00ed, fortaleciendo el tejido social\u201d, asegura la directora.<\/p>\n\n\n\n<div class=\"aligncenter wp-block-ugb-icon ugb-icon ugb-fd0aebc ugb-icon--v2 ugb-icon--design-basic ugb-main-block\"><style>.ugb-fd0aebc .ugb-icon__icon .ugb-icon-inner-svg,.ugb-fd0aebc .ugb-icon__icon .ugb-icon-inner-svg svg{width:100px !important;height:100px !important}.ugb-fd0aebc .ugb-icon__icon .ugb-icon-inner-svg{color:##fd7800 !important}.ugb-fd0aebc .ugb-icon__icon{margin-bottom:-18px !important}.ugb-fd0aebc .ugb-icon__icon .ugb-icon-inner-svg,.ugb-fd0aebc .ugb-icon__icon .ugb-icon-inner-svg svg *{color:##fd7800 !important;fill:##fd7800 !important}@media screen and (min-width:768px){.ugb-fd0aebc > .ugb-inner-block > .ugb-block-content > *{padding-top:0px !important;padding-bottom:0px !important;padding-right:0px !important;padding-left:0px !important}}<\/style><div class=\"ugb-inner-block\"><div class=\"ugb-block-content\"><div class=\"ugb-icon__content-wrapper\"><div class=\"ugb-icon__item ugb-icon__item1\"><div class=\"ugb-icon__icon\" rel=\"\"><div class=\"ugb-icon-inner-svg\"><svg class=\"ugb-custom-icon\" xmlns=\"http:\/\/www.w3.org\/2000\/svg\" viewBox=\"0 0 63.67 42.72\"><defs><style>.cls-1{fill:#d67c1c;}<\/style><\/defs><g id=\"Capa_2\" data-name=\"Capa 2\"><g id=\"Capa_1-2\" data-name=\"Capa 1\"><path class=\"cls-1\" d=\"M16.21,42.72c7.34,0,14.32-5.68,14.32-13.13s-5.32-12.67-12.9-12.67c-9,0-10.17-3.07-10.17-4.61C7.46,9,9.35,5.44,20.71,1.07L20.36,0C10.18,2.84,0,9.94,0,24.74c0,7.21,3.2,18,16.21,18m33.14,0c7.34,0,14.32-5.68,14.32-13.13s-5.32-12.67-12.9-12.67c-9,0-10.18-3.07-10.18-4.61,0-3.31,1.9-6.87,13.26-11.24L53.49,0C43.32,2.84,33.14,9.94,33.14,24.74c0,7.21,3.19,18,16.21,18\"><\/path><\/g><\/g><\/svg><\/div><\/div><\/div><\/div><\/div><\/div><\/div>\n\n\n\n<p class=\"has-text-align-center\"><strong><em>\u201cDurante 2022, el museo reabri\u00f3 sus puertas con nuevas oportunidades, manteniendo lo bueno de estos 12 a\u00f1os, pero ofreciendo mejores experiencias de encuentro con el arte y la cultura para la comunidad\u201d.<\/em><\/strong><\/p>\n\n\n\n<p class=\"has-text-align-center\" style=\"font-size:15px\"><strong>Josefina Tocornal, <\/strong>directora de Extensi\u00f3n Cultural<\/p>\n\n\n\n<p>Estas primeras visitas inclusivas sirvieron tambi\u00e9n como puntapi\u00e9 inicial del proyecto \u201cSanter\u00eda popular: rescatando el oficio del tallador en madera, a trav\u00e9s de una experiencia educativa y sensorial\u201d, para el cual la Universidad se adjudic\u00f3 recursos del <a href=\"https:\/\/www.uandes.cl\/noticias\/uandes-se-adjudica-fondart-para-proyecto-santeria-popular-rescatando-el-oficio-del-tallador-en-madera-a-traves-de-una-experiencia-educativa-y-sensorial\/\" target=\"_blank\" rel=\"noreferrer noopener\">Fondo del Patrimonio<\/a>, Concurso Regional 2021, y que permitir\u00e1 desarrollar material did\u00e1ctico apto para personas con discapacidad visual.<\/p>\n\n\n\n<p>\u201cDurante este a\u00f1o, el museo renaci\u00f3 con nuevas oportunidades, manteniendo lo bueno de estos 12 a\u00f1os, pero sumando nuevas y mejores experiencias, pensando en las necesidades de la comunidad\u201d, concluye Josefina Tocornal.<\/p>\n\n\n\n<div class=\"alignfull wp-block-ugb-container ugb-container borde ugb-f9722bc ugb-container--v2 ugb-container--design-plain ugb-main-block ugb-main-block--inner-center ugb--has-block-background\"><style>.ugb-f9722bc.ugb-container{background-color:#ededed}.ugb-f9722bc{padding:0 !important}.ugb-f9722bc.ugb-container:before{background-color:#ededed}<\/style><div class=\"ugb-inner-block ugb-inner-block--center\"><div class=\"ugb-block-content\"><div class=\"ugb-container__wrapper ugb-f9722bc-wrapper\"><div class=\"ugb-container__side\"><div class=\"ugb-container__content-wrapper ugb-f9722bc-content-wrapper\">\n<div class=\"wp-block-ugb-columns ugb-columns ugb-9cb3ed5 ugb-columns--design-plain ugb-columns--columns-2 ugb-main-block\"><style>.ugb-9cb3ed5 > .ugb-inner-block > .ugb-block-content > .ugb-columns__item{grid-template-columns:1.10fr 0.90fr !important}<\/style><div class=\"ugb-inner-block\"><div class=\"ugb-block-content\"><div class=\"ugb-columns__item ugb-9cb3ed5-content-wrapper\">\n<div class=\"wp-block-ugb-column ugb-column ugb-4c2ad07 ugb-column--design-plain ugb-main-block\"><div class=\"ugb-inner-block\"><div class=\"ugb-block-content\"><div class=\"ugb-column__item ugb-4c2ad07-column-wrapper\"><div class=\"ugb-column__content-wrapper\">\n<p><\/p>\n\n\n\n<figure class=\"wp-block-image size-large\"><img decoding=\"async\" loading=\"lazy\" width=\"1024\" height=\"683\" src=\"https:\/\/revistacampus.uandes.cl\/2022\/wp-content\/uploads\/2022\/08\/MG_3058-1024x683.jpg\" alt=\"\" class=\"wp-image-7246\" srcset=\"https:\/\/revistacampus.uandes.cl\/2022\/wp-content\/uploads\/2022\/08\/MG_3058-1024x683.jpg 1024w, https:\/\/revistacampus.uandes.cl\/2022\/wp-content\/uploads\/2022\/08\/MG_3058-300x200.jpg 300w, https:\/\/revistacampus.uandes.cl\/2022\/wp-content\/uploads\/2022\/08\/MG_3058-768x512.jpg 768w, https:\/\/revistacampus.uandes.cl\/2022\/wp-content\/uploads\/2022\/08\/MG_3058-720x480.jpg 720w, https:\/\/revistacampus.uandes.cl\/2022\/wp-content\/uploads\/2022\/08\/MG_3058-480x320.jpg 480w, https:\/\/revistacampus.uandes.cl\/2022\/wp-content\/uploads\/2022\/08\/MG_3058.jpg 1134w\" sizes=\"(max-width: 1024px) 100vw, 1024px\" \/><figcaption>En diciembre de 2021 se realiz\u00f3 el primer concierto de Navidad en el CESA, con la Camerata UANDES y solistas invitados.<\/figcaption><\/figure>\n<\/div><\/div><\/div><\/div><\/div>\n\n\n\n<div class=\"wp-block-ugb-column ugb-column ugb-6af8007 ugb-column--design-plain ugb-main-block\"><div class=\"ugb-inner-block\"><div class=\"ugb-block-content\"><div class=\"ugb-column__item ugb-6af8007-column-wrapper\"><div class=\"ugb-column__content-wrapper\">\n<h4 class=\"wp-block-heading\"><strong><span style=\"color: #fd7800;\" class=\"stk-highlight\">La m\u00fasica en vivo tambi\u00e9n volvi\u00f3 a la UANDES<\/span><\/strong><\/h4>\n\n\n\n<p>As\u00ed como el museo se reencontr\u00f3 con su p\u00fablico, a fines de 2021 la m\u00fasica en vivo capt\u00f3 de nuevo la agenda de la <a rel=\"noreferrer noopener\" href=\"https:\/\/www.uandes.cl\/extension\/\" target=\"_blank\">Direcci\u00f3n de Extensi\u00f3n Cultural<\/a>. La <a rel=\"noreferrer noopener\" href=\"https:\/\/www.uandes.cl\/extension\/camerata-uandes\/\" target=\"_blank\">Camerata UANDES<\/a> <a href=\"https:\/\/www.uandes.cl\/noticias\/volvieron-los-conciertos-de-navidad-de-la-uandes-para-vecinos-de-las-condes-y-san-bernardo\/\" target=\"_blank\" rel=\"noreferrer noopener\">retom\u00f3 los conciertos de Navidad<\/a>, realizando dos presentaciones, en alianza con la Municipalidad de Las Condes y, por primera vez, para colaboradores del <a rel=\"noreferrer noopener\" href=\"https:\/\/saluduandes.cl\/\" target=\"_blank\">Centro de Salud UANDES<\/a> y sus familias, en San Bernardo.<\/p>\n\n\n\n<p>La temporada musical presencial de 2022 se inici\u00f3 en abril con el concierto <a href=\"https:\/\/www.uandes.cl\/extension\/camerata-uandes\/\" target=\"_blank\" rel=\"noreferrer noopener\">\u201cReencuentro: de la ausencia a la celebraci\u00f3n\u201d<\/a>, a cargo de la Camerata UANDES, y los conciertos familiares se reactivaron como parte del programa \u201cDespertando a la m\u00fasica\u201d, liderado por Carmen Lavanchy.<\/p>\n<\/div><\/div><\/div><\/div><\/div>\n<\/div><\/div><\/div><\/div>\n\n\n\n<p>Adem\u00e1s, la Universidad firm\u00f3 un convenio con la <a href=\"https:\/\/amigosdelmunicipal.cl\/\" target=\"_blank\" rel=\"noreferrer noopener\">Corporaci\u00f3n de Amigos del Teatro Municipal<\/a>, para apoyar a j\u00f3venes m\u00fasicos chilenos por medio de la realizaci\u00f3n de conciertos en conjunto y presentaciones de la <a href=\"https:\/\/municipal.cl\/municipal\/orquesta-de-camara-del-municipal-de-santiago\/#:~:text=La%20Orquesta%20de%20C%C3%A1mara%20del,por%20destacados%20j%C3%B3venes%20instrumentistas%20chilenos.\" target=\"_blank\" rel=\"noreferrer noopener\">Orquesta de C\u00e1mara del Municipal de Santiago<\/a> en el campus UANDES.<\/p>\n<\/div><\/div><\/div><\/div><\/div><\/div>\n\n\n\n<h4 class=\"wp-block-heading\"><strong><span style=\"color: #fd7800;\" class=\"stk-highlight\">In\u00e9dita pieza audiovisual une m\u00fasica cl\u00e1sica y poes\u00eda<\/span><\/strong><\/h4>\n\n\n\n<figure class=\"wp-block-image size-large\"><img decoding=\"async\" loading=\"lazy\" width=\"1024\" height=\"542\" src=\"https:\/\/revistacampus.uandes.cl\/2022\/wp-content\/uploads\/2022\/08\/Zurita-recuadro-Museo-de-Artes-1024x542.jpg\" alt=\"\" class=\"wp-image-7261\" srcset=\"https:\/\/revistacampus.uandes.cl\/2022\/wp-content\/uploads\/2022\/08\/Zurita-recuadro-Museo-de-Artes-1024x542.jpg 1024w, https:\/\/revistacampus.uandes.cl\/2022\/wp-content\/uploads\/2022\/08\/Zurita-recuadro-Museo-de-Artes-300x159.jpg 300w, https:\/\/revistacampus.uandes.cl\/2022\/wp-content\/uploads\/2022\/08\/Zurita-recuadro-Museo-de-Artes-768x406.jpg 768w, https:\/\/revistacampus.uandes.cl\/2022\/wp-content\/uploads\/2022\/08\/Zurita-recuadro-Museo-de-Artes-480x254.jpg 480w, https:\/\/revistacampus.uandes.cl\/2022\/wp-content\/uploads\/2022\/08\/Zurita-recuadro-Museo-de-Artes.jpg 1134w\" sizes=\"(max-width: 1024px) 100vw, 1024px\" \/><\/figure>\n\n\n\n<p>Convencida de que el contenido digital lleg\u00f3 para quedarse -sin reemplazar la experiencia presencial-, <strong>la Direcci\u00f3n de Extensi\u00f3n Cultural estren\u00f3 \u201c<a rel=\"noreferrer noopener\" href=\"https:\/\/www.uandes.cl\/noticias\/uandes-y-raul-zurita-crean-en-conjunto-inedita-pieza-audiovisual-que-une-la-musica-clasica-con-la-poesia\/\" target=\"_blank\">Cordilleras<\/a>\u201d, colaboraci\u00f3n m\u00fasico-literaria con el poeta y premio nacional de Literatura Ra\u00fal Zurita, junto a la Camerata UANDES. La pieza audiovisual fue la primera de las cinco <a href=\"https:\/\/www.uandes.cl\/extension\/camerata-uandes#2021\" target=\"_blank\" rel=\"noreferrer noopener\">Sesiones Camerata 2021<\/a><\/strong>, realizadas en colaboraci\u00f3n con diversos artistas e instituciones culturales, para ser difundidas de manera <em>online<\/em>. Asimismo, el poeta particip\u00f3 en el ciclo virtual de encuentros de Extensi\u00f3n <strong>\u201c<a rel=\"noreferrer noopener\" href=\"https:\/\/www.uandes.cl\/ciclo-de-dante\/\" target=\"_blank\">La nueva vida del Dante: 700 a\u00f1os<\/a>\u201d, en una conversaci\u00f3n abierta con <a rel=\"noreferrer noopener\" href=\"https:\/\/www.uandes.cl\/personas\/zenaida-suarez-mayor\/\" target=\"_blank\">Zenaida Su\u00e1rez<\/a>, profesora investigadora del <a rel=\"noreferrer noopener\" href=\"https:\/\/www.uandes.cl\/carrera\/instituto-de-literatura\/\" target=\"_blank\">Instituto de Literatura<\/a><\/strong>.<\/p>\n\n\n\n<iframe loading=\"lazy\" width=\"572\" height=\"321\" src=\"https:\/\/www.youtube.com\/embed\/82ICamrlHUs\" title=\"Sesiones Camerata UANDES \u00b7 \"Cordilleras\" ft. Ra\u00fal Zurita\"\" frameborder=\"0\" allow=\"accelerometer; autoplay; clipboard-write; encrypted-media; gyroscope; picture-in-picture\" allowfullscreen><\/iframe>\n\n\n\n<p class=\"has-text-align-center\"><\/p>\n\n\n\n<p style=\"font-size:15px\">Por: <a href=\"https:\/\/www.uandes.cl\/personas\/nicole-kazazian\/\" target=\"_blank\" rel=\"noreferrer noopener\">Nicole Kazazian<\/a><\/p>\n","protected":false},"excerpt":{"rendered":"<p>Despu\u00e9s de m\u00e1s de una d\u00e9cada difundiendo el arte y el patrimonio a trav\u00e9s de diversas actividades, el espacio cultural universitario super\u00f3 el cierre que impuso la pandemia y volvi\u00f3 a abrir sus puertas con nuevas energ\u00edas, que transformar\u00e1n 2022 en uno de sus a\u00f1os con mayor afluencia de p\u00fablico. Como museo universitario, adem\u00e1s del trabajo cient\u00edfico y la investigaci\u00f3n de las colecciones, tenemos el compromiso de llegar a una audiencia m\u00e1s amplia, generando un puente para transmitir el saber acad\u00e9mico, pero tambi\u00e9n vincularnos con la comunidad y sus distintas generaciones. Por eso, estamos muy felices de recibir nuevamente al<\/p>\n","protected":false},"author":2,"featured_media":7243,"comment_status":"open","ping_status":"open","sticky":false,"template":"","format":"standard","meta":{"inline_featured_image":false,"_mi_skip_tracking":false,"_monsterinsights_sitenote_active":false,"_monsterinsights_sitenote_note":"","_monsterinsights_sitenote_category":0,"footnotes":""},"categories":[52],"tags":[],"featured_image_urls":{"full":["https:\/\/revistacampus.uandes.cl\/2022\/wp-content\/uploads\/2022\/08\/Diapatrimonio-35_R-e1661453311795.jpg",1575,1050,false],"thumbnail":["https:\/\/revistacampus.uandes.cl\/2022\/wp-content\/uploads\/2022\/08\/Diapatrimonio-35_R-e1661453311795-150x150.jpg",150,150,true],"medium":["https:\/\/revistacampus.uandes.cl\/2022\/wp-content\/uploads\/2022\/08\/Diapatrimonio-35_R-e1661453311795-300x200.jpg",300,200,true],"medium_large":["https:\/\/revistacampus.uandes.cl\/2022\/wp-content\/uploads\/2022\/08\/Diapatrimonio-35_R-e1661453311795-768x512.jpg",768,512,true],"large":["https:\/\/revistacampus.uandes.cl\/2022\/wp-content\/uploads\/2022\/08\/Diapatrimonio-35_R-e1661453311795-1024x683.jpg",1024,683,true],"1536x1536":["https:\/\/revistacampus.uandes.cl\/2022\/wp-content\/uploads\/2022\/08\/Diapatrimonio-35_R-e1661453311795-1536x1024.jpg",1536,1024,true],"2048x2048":["https:\/\/revistacampus.uandes.cl\/2022\/wp-content\/uploads\/2022\/08\/Diapatrimonio-35_R-e1661453311795.jpg",1575,1050,false],"thumbnail-medium":["https:\/\/revistacampus.uandes.cl\/2022\/wp-content\/uploads\/2022\/08\/Diapatrimonio-35_R-e1661453311795-480x384.jpg",480,384,true],"thumbnail-square":["https:\/\/revistacampus.uandes.cl\/2022\/wp-content\/uploads\/2022\/08\/Diapatrimonio-35_R-e1661453311795-480x480.jpg",480,480,true],"thumbnail-portrait":["https:\/\/revistacampus.uandes.cl\/2022\/wp-content\/uploads\/2022\/08\/Diapatrimonio-35_R-e1661453311795-480x600.jpg",480,600,true],"thumbnail-large":["https:\/\/revistacampus.uandes.cl\/2022\/wp-content\/uploads\/2022\/08\/Diapatrimonio-35_R-e1661453311795-720x480.jpg",720,480,true],"thumbnail-medium-nocrop":["https:\/\/revistacampus.uandes.cl\/2022\/wp-content\/uploads\/2022\/08\/Diapatrimonio-35_R-e1661453311795-480x320.jpg",480,320,true]},"post_excerpt_stackable":"<p>Despu\u00e9s de m\u00e1s de una d\u00e9cada difundiendo el arte y el patrimonio a trav\u00e9s de diversas actividades, el espacio cultural universitario super\u00f3 el cierre que impuso la pandemia y volvi\u00f3 a abrir sus puertas con nuevas energ\u00edas, que transformar\u00e1n 2022 en uno de sus a\u00f1os con mayor afluencia de p\u00fablico. Como museo universitario, adem\u00e1s del trabajo cient\u00edfico y la investigaci\u00f3n de las colecciones, tenemos el compromiso de llegar a una audiencia m\u00e1s amplia, generando un puente para transmitir el saber acad\u00e9mico, pero tambi\u00e9n vincularnos con la comunidad y sus distintas generaciones. Por eso, estamos muy felices de recibir nuevamente al&hellip;<\/p>\n","category_list":"<a href=\"https:\/\/revistacampus.uandes.cl\/2022\/category\/servir-y-trascender\/\" rel=\"category tag\">Servir y trascender<\/a>","author_info":{"name":"Revista Campus","url":"https:\/\/revistacampus.uandes.cl\/2022\/author\/campus2020\/"},"comments_num":"0 comments","featured_image_urls_v2":{"full":["https:\/\/revistacampus.uandes.cl\/2022\/wp-content\/uploads\/2022\/08\/Diapatrimonio-35_R-e1661453311795.jpg",1575,1050,false],"thumbnail":["https:\/\/revistacampus.uandes.cl\/2022\/wp-content\/uploads\/2022\/08\/Diapatrimonio-35_R-e1661453311795-150x150.jpg",150,150,true],"medium":["https:\/\/revistacampus.uandes.cl\/2022\/wp-content\/uploads\/2022\/08\/Diapatrimonio-35_R-e1661453311795-300x200.jpg",300,200,true],"medium_large":["https:\/\/revistacampus.uandes.cl\/2022\/wp-content\/uploads\/2022\/08\/Diapatrimonio-35_R-e1661453311795-768x512.jpg",768,512,true],"large":["https:\/\/revistacampus.uandes.cl\/2022\/wp-content\/uploads\/2022\/08\/Diapatrimonio-35_R-e1661453311795-1024x683.jpg",1024,683,true],"1536x1536":["https:\/\/revistacampus.uandes.cl\/2022\/wp-content\/uploads\/2022\/08\/Diapatrimonio-35_R-e1661453311795-1536x1024.jpg",1536,1024,true],"2048x2048":["https:\/\/revistacampus.uandes.cl\/2022\/wp-content\/uploads\/2022\/08\/Diapatrimonio-35_R-e1661453311795.jpg",1575,1050,false],"thumbnail-medium":["https:\/\/revistacampus.uandes.cl\/2022\/wp-content\/uploads\/2022\/08\/Diapatrimonio-35_R-e1661453311795-480x384.jpg",480,384,true],"thumbnail-square":["https:\/\/revistacampus.uandes.cl\/2022\/wp-content\/uploads\/2022\/08\/Diapatrimonio-35_R-e1661453311795-480x480.jpg",480,480,true],"thumbnail-portrait":["https:\/\/revistacampus.uandes.cl\/2022\/wp-content\/uploads\/2022\/08\/Diapatrimonio-35_R-e1661453311795-480x600.jpg",480,600,true],"thumbnail-large":["https:\/\/revistacampus.uandes.cl\/2022\/wp-content\/uploads\/2022\/08\/Diapatrimonio-35_R-e1661453311795-720x480.jpg",720,480,true],"thumbnail-medium-nocrop":["https:\/\/revistacampus.uandes.cl\/2022\/wp-content\/uploads\/2022\/08\/Diapatrimonio-35_R-e1661453311795-480x320.jpg",480,320,true]},"post_excerpt_stackable_v2":"<p>Despu\u00e9s de m\u00e1s de una d\u00e9cada difundiendo el arte y el patrimonio a trav\u00e9s de diversas actividades, el espacio cultural universitario super\u00f3 el cierre que impuso la pandemia y volvi\u00f3 a abrir sus puertas con nuevas energ\u00edas, que transformar\u00e1n 2022 en uno de sus a\u00f1os con mayor afluencia de p\u00fablico. Como museo universitario, adem\u00e1s del trabajo cient\u00edfico y la investigaci\u00f3n de las colecciones, tenemos el compromiso de llegar a una audiencia m\u00e1s amplia, generando un puente para transmitir el saber acad\u00e9mico, pero tambi\u00e9n vincularnos con la comunidad y sus distintas generaciones. Por eso, estamos muy felices de recibir nuevamente al&hellip;<\/p>\n","category_list_v2":"<a href=\"https:\/\/revistacampus.uandes.cl\/2022\/category\/servir-y-trascender\/\" rel=\"category tag\">Servir y trascender<\/a>","author_info_v2":{"name":"Revista Campus","url":"https:\/\/revistacampus.uandes.cl\/2022\/author\/campus2020\/"},"comments_num_v2":"0 comments","_links":{"self":[{"href":"https:\/\/revistacampus.uandes.cl\/2022\/wp-json\/wp\/v2\/posts\/6994"}],"collection":[{"href":"https:\/\/revistacampus.uandes.cl\/2022\/wp-json\/wp\/v2\/posts"}],"about":[{"href":"https:\/\/revistacampus.uandes.cl\/2022\/wp-json\/wp\/v2\/types\/post"}],"author":[{"embeddable":true,"href":"https:\/\/revistacampus.uandes.cl\/2022\/wp-json\/wp\/v2\/users\/2"}],"replies":[{"embeddable":true,"href":"https:\/\/revistacampus.uandes.cl\/2022\/wp-json\/wp\/v2\/comments?post=6994"}],"version-history":[{"count":28,"href":"https:\/\/revistacampus.uandes.cl\/2022\/wp-json\/wp\/v2\/posts\/6994\/revisions"}],"predecessor-version":[{"id":8251,"href":"https:\/\/revistacampus.uandes.cl\/2022\/wp-json\/wp\/v2\/posts\/6994\/revisions\/8251"}],"wp:featuredmedia":[{"embeddable":true,"href":"https:\/\/revistacampus.uandes.cl\/2022\/wp-json\/wp\/v2\/media\/7243"}],"wp:attachment":[{"href":"https:\/\/revistacampus.uandes.cl\/2022\/wp-json\/wp\/v2\/media?parent=6994"}],"wp:term":[{"taxonomy":"category","embeddable":true,"href":"https:\/\/revistacampus.uandes.cl\/2022\/wp-json\/wp\/v2\/categories?post=6994"},{"taxonomy":"post_tag","embeddable":true,"href":"https:\/\/revistacampus.uandes.cl\/2022\/wp-json\/wp\/v2\/tags?post=6994"}],"curies":[{"name":"wp","href":"https:\/\/api.w.org\/{rel}","templated":true}]}}