{"id":6983,"date":"2022-07-07T17:36:16","date_gmt":"2022-07-07T21:36:16","guid":{"rendered":"https:\/\/revistacampus.uandes.cl\/2022\/?p=6983"},"modified":"2022-09-08T18:28:27","modified_gmt":"2022-09-08T22:28:27","slug":"alumnique-van-por-mas","status":"publish","type":"post","link":"https:\/\/revistacampus.uandes.cl\/2022\/alumnique-van-por-mas\/","title":{"rendered":"ALUMNI que van por m\u00e1s"},"content":{"rendered":"\n<p><strong>El esp\u00edritu de servicio mueve a estos egresados para lograr un impacto positivo en su entorno, a trav\u00e9s de la investigaci\u00f3n, la educaci\u00f3n, la salud y el emprendimiento. Son un ejemplo de c\u00f3mo los alumniUANDES pueden cambiar la sociedad para mejor, gracias al ejercicio de su profesi\u00f3n.<\/strong><\/p>\n\n\n\n<div style=\"height:50px\" aria-hidden=\"true\" class=\"wp-block-spacer\"><\/div>\n\n\n\n<div class=\"wp-block-stackable-separator alignfull stk-block-separator stk--no-padding stk-block stk-7a95aa3\" data-block-id=\"7a95aa3\"><style>.stk-7a95aa3{transform:scaleX(-1) scaleY(-1) !important}.stk-7a95aa3 svg{fill:#000000 !important;filter:none !important}.stk-7a95aa3 .stk-block-separator__inner{height:50px !important}<\/style><div class=\"stk-block-separator__inner\"><svg xmlns=\"http:\/\/www.w3.org\/2000\/svg\" viewBox=\"0 0 1600 200\" class=\"stk-separator__layer-1\" preserveAspectRatio=\"none\" aria-hidden=\"true\"><path d=\"M-10 210h1620V105.2H-10z\"><\/path><\/svg><\/div><\/div>\n\n\n\n<div class=\"alignfull wp-block-ugb-container ugb-container borde ugb-66eadb7 ugb-container--v2 ugb-container--design-plain ugb-main-block ugb-main-block--inner-center ugb--has-block-background\"><style>.ugb-66eadb7.ugb-container{background-color:#153c4e}.ugb-66eadb7{padding:0 !important}.ugb-66eadb7.ugb-container:before{background-color:#153c4e}<\/style><div class=\"ugb-inner-block ugb-inner-block--center\"><div class=\"ugb-block-content\"><div class=\"ugb-container__wrapper ugb-66eadb7-wrapper\"><div class=\"ugb-container__side\"><div class=\"ugb-container__content-wrapper ugb-66eadb7-content-wrapper\"><div class=\"wp-block-image\">\n<figure class=\"aligncenter size-full is-resized\"><img decoding=\"async\" loading=\"lazy\" src=\"https:\/\/revistacampus.uandes.cl\/2022\/wp-content\/uploads\/2022\/09\/Captura-de-Pantalla-2022-09-02-a-las-12.39.38.png\" alt=\"\" class=\"wp-image-7811\" width=\"197\" height=\"118\" srcset=\"https:\/\/revistacampus.uandes.cl\/2022\/wp-content\/uploads\/2022\/09\/Captura-de-Pantalla-2022-09-02-a-las-12.39.38.png 393w, https:\/\/revistacampus.uandes.cl\/2022\/wp-content\/uploads\/2022\/09\/Captura-de-Pantalla-2022-09-02-a-las-12.39.38-300x179.png 300w\" sizes=\"(max-width: 197px) 100vw, 197px\" \/><\/figure><\/div><\/div><\/div><\/div><\/div><\/div><\/div>\n\n\n<div class=\"wp-block-image\">\n<figure class=\"aligncenter size-full\"><img decoding=\"async\" loading=\"lazy\" width=\"812\" height=\"340\" src=\"https:\/\/revistacampus.uandes.cl\/2022\/wp-content\/uploads\/2022\/08\/prof-_0005__MG_3141-1.jpg\" alt=\"\" class=\"wp-image-7615\" srcset=\"https:\/\/revistacampus.uandes.cl\/2022\/wp-content\/uploads\/2022\/08\/prof-_0005__MG_3141-1.jpg 812w, https:\/\/revistacampus.uandes.cl\/2022\/wp-content\/uploads\/2022\/08\/prof-_0005__MG_3141-1-300x126.jpg 300w, https:\/\/revistacampus.uandes.cl\/2022\/wp-content\/uploads\/2022\/08\/prof-_0005__MG_3141-1-768x322.jpg 768w, https:\/\/revistacampus.uandes.cl\/2022\/wp-content\/uploads\/2022\/08\/prof-_0005__MG_3141-1-480x201.jpg 480w\" sizes=\"(max-width: 812px) 100vw, 812px\" \/><\/figure><\/div>\n\n\n<h3 class=\"wp-block-heading\"><span style=\"color: #ffffff;background-color: #153c4e\" class=\"stk-highlight\">Enfermer\u00eda 2004 y 2007<\/span><\/h3>\n\n\n\n<p><span style=\"color: #002240;\" class=\"stk-highlight\"><span style=\"color: #002240;\" class=\"stk-highlight\"><a href=\"https:\/\/www.uandes.cl\/noticias\/bernardita-achondo-es-nombrada-decana-de-la-facultad-de-enfermeria-y-obstetricia\/\" target=\"_blank\" rel=\"noreferrer noopener\">BERNARDITA ACHONDO<\/a> Y <a href=\"https:\/\/www.uandes.cl\/noticias\/paula-zabala-enf07-es-nombrada-directora-de-la-escuela-de-enfermeria\/\" target=\"_blank\" rel=\"noreferrer noopener\">PAULA ZABALA<\/a><\/span><\/span><\/p>\n\n\n\n<p><em>Autoridades en Enfermer\u00eda UANDES<\/em><\/p>\n\n\n\n<p><strong>Bernardita <\/strong>es la segunda alumniUANDES en asumir un decanato en nuestra Universidad. Desde el a\u00f1o pasado es la decana de la <a href=\"https:\/\/www.uandes.cl\/facultad\/facultad-de-enfermeria-y-obstetricia\/\" target=\"_blank\" rel=\"noreferrer noopener\">Facultad de Enfermer\u00eda y Obstetricia<\/a>, luego de haberse desempe\u00f1ado como vicedecana acad\u00e9mica. \u201cIndependiente del lugar en donde toca trabajar, lo importante es dar lo mejor, con dedicaci\u00f3n, cari\u00f1o, y disfrutar la vocaci\u00f3n que te mueve, el servir donde est\u00e1s\u201d, expres\u00f3 la mag\u00edster en Bio\u00e9tica por el Institut Borja de Bio\u00e9tica, Universidad Ram\u00f3n Llul Barcelona, Espa\u00f1a. Por su parte, <strong>Paula <\/strong>se uni\u00f3 este a\u00f1o al Consejo como directora de la <a href=\"https:\/\/www.uandes.cl\/carrera\/enfermeria\/\" target=\"_blank\" rel=\"noreferrer noopener\">Escuela de Enfermer\u00eda<\/a>. \u201cEspero que mi quehacer est\u00e9 siempre te\u00f1ido y refleje el sello UANDES y la vocaci\u00f3n de servicio y del trabajo bien hecho, con el cari\u00f1o que nos inculcaron profesoras ejemplares y que son, hasta hoy, fuente de inspiraci\u00f3n y gratitud\u201d, manifest\u00f3 la mag\u00edster en Psicolog\u00eda Cl\u00ednica de Adultos por la Universidad de Chile.<\/p>\n\n\n<div class=\"wp-block-image\">\n<figure class=\"aligncenter size-full\"><img decoding=\"async\" loading=\"lazy\" width=\"812\" height=\"340\" src=\"https:\/\/revistacampus.uandes.cl\/2022\/wp-content\/uploads\/2022\/09\/eduardo_wallach-2022.jpg\" alt=\"\" class=\"wp-image-8004\" srcset=\"https:\/\/revistacampus.uandes.cl\/2022\/wp-content\/uploads\/2022\/09\/eduardo_wallach-2022.jpg 812w, https:\/\/revistacampus.uandes.cl\/2022\/wp-content\/uploads\/2022\/09\/eduardo_wallach-2022-300x126.jpg 300w, https:\/\/revistacampus.uandes.cl\/2022\/wp-content\/uploads\/2022\/09\/eduardo_wallach-2022-768x322.jpg 768w, https:\/\/revistacampus.uandes.cl\/2022\/wp-content\/uploads\/2022\/09\/eduardo_wallach-2022-480x201.jpg 480w\" sizes=\"(max-width: 812px) 100vw, 812px\" \/><\/figure><\/div>\n\n\n<h3 class=\"wp-block-heading\"><span style=\"color: #ffffff;background-color: #153c4e\" class=\"stk-highlight\"><strong>INGENIER\u00cdA COMERCIAL 2001 \/ EXECUTIVE MBA 2009 (ESE)<\/strong><\/span><\/h3>\n\n\n\n<p><span style=\"color: #002240;\" class=\"stk-highlight\"><span style=\"color: #002240;\" class=\"stk-highlight\"><a href=\"https:\/\/www.linkedin.com\/in\/eduardowallachkura\/?originalSubdomain=cl\" target=\"_blank\" rel=\"noreferrer noopener\">EDUARDO WALLACH<\/a><\/span><\/span><\/p>\n\n\n\n<p><em>Biotecnolog\u00eda para el bien de las personas<\/em><\/p>\n\n\n\n<p>\u201cNuestro producto principal para detectar drogas es usado en m\u00e1s de 25 millones de personas cada a\u00f1o, ayudando a combatir la crisis de adicci\u00f3n a sustancias prohibidas a nivel mundial\u201d, explica el socio de <em><a rel=\"noreferrer noopener\" href=\"https:\/\/www.kurabiotech.com\/\" target=\"_blank\">Kura Biotech<\/a>,<\/em> empresa chilena de biotecnolog\u00eda, l\u00edder mundial en el desarrollo y producci\u00f3n de reactivos enzim\u00e1ticos para la detecci\u00f3n de drogas, con <strong>clientes como Cl\u00ednica Mayo, el FBI y los Juegos Ol\u00edmpicos<\/strong>. \u201cAdicionalmente, en 2020 lanzamos los <strong>primeros y \u00fanicos <a rel=\"noreferrer noopener\" href=\"https:\/\/www.avenire.com\/\" target=\"_blank\">kits PCR de detecci\u00f3n de Covid-19<\/a> elaborados en Chile y validados por el ISP<\/strong>, entregando soberan\u00eda sanitaria al pa\u00eds\u201d, agrega el actual CEO de esta empresa, que desde 2013 crea valor a partir de desechos org\u00e1nicos y que hoy participa en la industria prote\u00f3mica y gen\u00f3mica aplicada en la medicina de precisi\u00f3n. Paralelamente, Kura cre\u00f3 y lidera la <a rel=\"noreferrer noopener\" href=\"https:\/\/www.eha.cl\/noticia\/local\/empresa-puertovarina-kura-biotech-lider-mundial-en-biotecnologia-y-referente-local-de-colaboracion-con-la-comunidad-14225\" target=\"_blank\"><strong>Fundaci\u00f3n Liquen<\/strong><\/a>, a trav\u00e9s de la cual su equipo de trabajo ha gestionado m\u00e1s de 30 proyectos sociales en cuatro a\u00f1os. \u201cLo que m\u00e1s me gusta es tener la posibilidad de competir de igual a igual en una industria muy competitiva, sin sacrificar valores fundamentales como el cuidado por las personas y nuestra comunidad, adem\u00e1s de demostrar que desde cualquier lugar del mundo es posible hacer ciencia de primer nivel\u201d, concluye desde su oficina central en Puerto Varas.<\/p>\n\n\n<div class=\"wp-block-image\">\n<figure class=\"aligncenter size-full\"><img decoding=\"async\" loading=\"lazy\" width=\"812\" height=\"340\" src=\"https:\/\/revistacampus.uandes.cl\/2022\/wp-content\/uploads\/2022\/08\/prof-_0003_00-Makarenna-Bustimann.jpg\" alt=\"\" class=\"wp-image-7620\" srcset=\"https:\/\/revistacampus.uandes.cl\/2022\/wp-content\/uploads\/2022\/08\/prof-_0003_00-Makarenna-Bustimann.jpg 812w, https:\/\/revistacampus.uandes.cl\/2022\/wp-content\/uploads\/2022\/08\/prof-_0003_00-Makarenna-Bustimann-300x126.jpg 300w, https:\/\/revistacampus.uandes.cl\/2022\/wp-content\/uploads\/2022\/08\/prof-_0003_00-Makarenna-Bustimann-768x322.jpg 768w, https:\/\/revistacampus.uandes.cl\/2022\/wp-content\/uploads\/2022\/08\/prof-_0003_00-Makarenna-Bustimann-480x201.jpg 480w\" sizes=\"(max-width: 812px) 100vw, 812px\" \/><\/figure><\/div>\n\n\n<h3 class=\"wp-block-heading\"><span style=\"color: #ffffff;background-color: #153c4e\" class=\"stk-highlight\"><strong><strong>PEDAGOG\u00cdA B\u00c1SICA 2006<\/strong><\/strong><\/span><\/h3>\n\n\n\n<p><span style=\"color: #002240;\" class=\"stk-highlight\"><span style=\"color: #002240;\" class=\"stk-highlight\"><a href=\"https:\/\/www.uandes.cl\/noticias\/un-pais-con-una-educacion-publica-fuerte-con-valores-y-principios-fundamentales-de-inclusion-igualdad-y-oportunidades-genera-movilidad-social\/\" target=\"_blank\" rel=\"noreferrer noopener\">MAKARENNA BUSTIMAN<\/a><\/span><\/span><\/p>\n\n\n\n<p><em>Directora del Liceo Carmela Carvajal<\/em><\/p>\n\n\n\n<p>\u201cEstaba en la direcci\u00f3n de un colegio p\u00fablico en la comuna de Puente Alto, cuando decid\u00ed postular al <a href=\"https:\/\/www.liceocarmelacarvajal.cl\/\" target=\"_blank\" rel=\"noreferrer noopener\">Liceo Carmela Carvajal<\/a>. Sal\u00ed seleccionada y asum\u00ed la direcci\u00f3n por el per\u00edodo correspondiente\u201d, explica <strong>Makarenna<\/strong>, profesora con menci\u00f3n en Castellano, quien a lo largo de su carrera ha asumido diferentes roles: coordinaci\u00f3n acad\u00e9mica, jefatura t\u00e9cnica pedag\u00f3gica, subdirectora y directora de colegio. \u201cMe gusta mucho el trabajo con los est\u00e1ndares de calidad de un sistema educativo, la medici\u00f3n y el desarrollo permanente\u201d, indica la directora del emblem\u00e1tico establecimiento educacional. Por ello, le gustar\u00eda continuar creciendo en el \u00e1mbito profesional y aportar desde una mirada de gesti\u00f3n institucional del sistema de educaci\u00f3n, ya sea escolar o superior. Tambi\u00e9n ha pensado en participar en proyectos de formaci\u00f3n inicial, con el fin de cerrar la brecha que existe desde lo que significa egresar desde una universidad hasta lograr trabajar en el \u00e1rea de desarrollo escogido. A su juicio, esta es una gran tarea pendiente, y le encantar\u00eda poder desarrollarse en gesti\u00f3n sist\u00e9mica, con impacto a nivel social y nacional.<\/p>\n\n\n\n<div class=\"alignfull wp-block-ugb-container ugb-container borde ugb-d0461e2 ugb-container--v2 ugb-container--design-plain ugb-main-block ugb-main-block--inner-center ugb--has-block-background\"><style>.ugb-d0461e2{padding:0 !important}<\/style><div class=\"ugb-inner-block ugb-inner-block--center\"><div class=\"ugb-block-content\"><div class=\"ugb-container__wrapper ugb-d0461e2-wrapper\"><div class=\"ugb-container__side\"><div class=\"ugb-container__content-wrapper ugb-d0461e2-content-wrapper\">\n<div class=\"wp-block-media-text is-stacked-on-mobile\"><figure class=\"wp-block-media-text__media\"><img decoding=\"async\" loading=\"lazy\" width=\"850\" height=\"849\" src=\"https:\/\/revistacampus.uandes.cl\/2022\/wp-content\/uploads\/2022\/08\/Maria-de-los-Angeles-Rojas-Coaniquem.png\" alt=\"\" class=\"wp-image-7625 size-full\" srcset=\"https:\/\/revistacampus.uandes.cl\/2022\/wp-content\/uploads\/2022\/08\/Maria-de-los-Angeles-Rojas-Coaniquem.png 850w, https:\/\/revistacampus.uandes.cl\/2022\/wp-content\/uploads\/2022\/08\/Maria-de-los-Angeles-Rojas-Coaniquem-300x300.png 300w, https:\/\/revistacampus.uandes.cl\/2022\/wp-content\/uploads\/2022\/08\/Maria-de-los-Angeles-Rojas-Coaniquem-150x150.png 150w, https:\/\/revistacampus.uandes.cl\/2022\/wp-content\/uploads\/2022\/08\/Maria-de-los-Angeles-Rojas-Coaniquem-768x767.png 768w, https:\/\/revistacampus.uandes.cl\/2022\/wp-content\/uploads\/2022\/08\/Maria-de-los-Angeles-Rojas-Coaniquem-480x479.png 480w\" sizes=\"(max-width: 850px) 100vw, 850px\" \/><\/figure><div class=\"wp-block-media-text__content\">\n<h3 class=\"wp-block-heading\"><span style=\"color: #ffffff;background-color: #153c4e\" class=\"stk-highlight\"><strong><strong><strong><strong><strong>MEDICINA 2008<\/strong><\/strong><\/strong><\/strong><\/strong><\/span><\/h3>\n\n\n\n<p><span style=\"color: #002240;\" class=\"stk-highlight\"><span style=\"color: #002240;\" class=\"stk-highlight\"><a href=\"https:\/\/www.youtube.com\/watch?v=lmNmP5kiK2c\" target=\"_blank\" rel=\"noreferrer noopener\">MAR\u00cdA DE LOS \u00c1NGELES ROJAS<\/a><\/span><\/span><\/p>\n\n\n\n<p><em>Directora m\u00e9dica de COANIQUEM<\/em><\/p>\n\n\n\n<p><strong>Mar\u00eda de los \u00c1ngeles <\/strong>trabaja hace 10 a\u00f1os en la <strong>Corporaci\u00f3n de Ayuda al Ni\u00f1o Quemado, <a rel=\"noreferrer noopener\" href=\"https:\/\/coaniquem.cl\/es\/\" target=\"_blank\">COANIQUEM<\/a><\/strong>, instituci\u00f3n enfocada en rehabilitar a ni\u00f1os y adolescentes con quemaduras y otras cicatrices, y desde 2019 se desempe\u00f1a como directora m\u00e9dica de la instituci\u00f3n. \u201cPoder ver lo bien que se sienten nuestros pacientes, sus familias y nuestros profesionales en COANIQUEM es algo que me llena de orgullo, ya que muchos refieren que COANIQUEM es como una familia para ellos\u201d. Para Mar\u00eda de los \u00c1ngeles, la misi\u00f3n de COANIQUEM es \u201cmaravillosa\u201d. \u201cTambi\u00e9n es muy estimulante ver que existe la opci\u00f3n de generar mejoras en la calidad de vida de las personas\u201d, concluye.&nbsp;<\/p>\n<\/div><\/div>\n\n\n\n<div class=\"wp-block-media-text is-stacked-on-mobile\"><figure class=\"wp-block-media-text__media\"><img decoding=\"async\" loading=\"lazy\" width=\"394\" height=\"416\" src=\"https:\/\/revistacampus.uandes.cl\/2022\/wp-content\/uploads\/2022\/08\/Eduardo-BEHRMANN.jpg\" alt=\"\" class=\"wp-image-7626 size-full\" srcset=\"https:\/\/revistacampus.uandes.cl\/2022\/wp-content\/uploads\/2022\/08\/Eduardo-BEHRMANN.jpg 394w, https:\/\/revistacampus.uandes.cl\/2022\/wp-content\/uploads\/2022\/08\/Eduardo-BEHRMANN-284x300.jpg 284w\" sizes=\"(max-width: 394px) 100vw, 394px\" \/><\/figure><div class=\"wp-block-media-text__content\">\n<h3 class=\"wp-block-heading\"><span style=\"color: #ffffff;background-color: #153c4e\" class=\"stk-highlight\"><strong><strong><strong><strong><strong><strong>ADVANCED MANAGEMENT PROGRAM (AMP) 2010<\/strong><\/strong><\/strong><\/strong><\/strong><\/strong><\/span><\/h3>\n\n\n\n<p><span style=\"color: #002240;\" class=\"stk-highlight\"><span style=\"color: #002240;\" class=\"stk-highlight\"><a href=\"https:\/\/www.linkedin.com\/in\/eduardo-behrmann-oettinger-b3979613\/?originalSubdomain=cl\" target=\"_blank\" rel=\"noreferrer noopener\">EDUARDO BEHRMANN<\/a><\/span><\/span><\/p>\n\n\n\n<p><em>Acercar los servicios a las personas en cada rinc\u00f3n de Chile<\/em><\/p>\n\n\n\n<p>Llegamos a las comunas, pueblos y localidades apartadas, acercando los servicios del Estado y de las empresas a la gente. Hoy tenemos presencia entre Iquique y Ays\u00e9n, con 85 cl\u00ednicas y oficinas m\u00f3viles\u201d, explica este t\u00e9cnico en turismo y egresado del <a href=\"https:\/\/ese.cl\/ese\/area-de-interes\/direccion-comercial\/mas-de-1-ano\/amp\/2020-07-15\/185948.html\" target=\"_blank\" rel=\"noreferrer noopener\">AMP <\/a>del <a href=\"https:\/\/ese.cl\/\/\" target=\"_blank\" rel=\"noreferrer noopener\">ESE Business School<\/a> sobre el emprendimiento que lo ha llevado a recorrer Chile sirviendo a las personas.<a href=\"https:\/\/onstreet.cl\/\" target=\"_blank\" rel=\"noreferrer noopener\"> <em>On Street<\/em><\/a> comenz\u00f3 en 2006 como una empresa de publicidad m\u00f3vil, pero cuatro a\u00f1os despu\u00e9s empezaron a ofrecer oficinas m\u00f3viles a entidades p\u00fablicas y privadas, como bancos, APF, isapres y municipalidades. \u201cPara el terremoto de 2010 sacamos los roller de publicidad y pusimos escritorios y sillas, para ofrecer los veh\u00edculos como oficina a las empresas que sufrieron da\u00f1os en sus sucursales\u201d, recuerda. Una d\u00e9cada despu\u00e9s, se transformaron nuevamente para hacer frente a la pandemia de Covid-19. \u201cHoy tenemos 41 cl\u00ednicas m\u00f3viles para el MINSAL, que ofrecen PCR, ant\u00edgenos y vacunas en todo Chile\u201d, asegura, \u201cy esto nos ha permitido realizar salud preventiva en la calle\u201d, comenta el gerente general y socio de la empresa, que actualmente estudia su internacionalizaci\u00f3n.<\/p>\n<\/div><\/div>\n\n\n\n<div class=\"wp-block-media-text is-stacked-on-mobile\"><figure class=\"wp-block-media-text__media\"><img decoding=\"async\" loading=\"lazy\" width=\"850\" height=\"935\" src=\"https:\/\/revistacampus.uandes.cl\/2022\/wp-content\/uploads\/2022\/08\/00-Matias-Birrel.jpg\" alt=\"\" class=\"wp-image-7627 size-full\" srcset=\"https:\/\/revistacampus.uandes.cl\/2022\/wp-content\/uploads\/2022\/08\/00-Matias-Birrel.jpg 850w, https:\/\/revistacampus.uandes.cl\/2022\/wp-content\/uploads\/2022\/08\/00-Matias-Birrel-273x300.jpg 273w, https:\/\/revistacampus.uandes.cl\/2022\/wp-content\/uploads\/2022\/08\/00-Matias-Birrel-768x845.jpg 768w, https:\/\/revistacampus.uandes.cl\/2022\/wp-content\/uploads\/2022\/08\/00-Matias-Birrel-480x528.jpg 480w\" sizes=\"(max-width: 850px) 100vw, 850px\" \/><\/figure><div class=\"wp-block-media-text__content\">\n<h3 class=\"wp-block-heading\"><span style=\"color: #ffffff;background-color: #153c4e\" class=\"stk-highlight\"><strong><strong><strong><strong><strong><strong><strong>INGENIER\u00cdA CIVIL 2020<\/strong><\/strong><\/strong><\/strong><\/strong><\/strong><\/strong><\/span><\/h3>\n\n\n\n<p><span style=\"color: #002240;\" class=\"stk-highlight\"><span style=\"color: #002240;\" class=\"stk-highlight\"><a rel=\"noreferrer noopener\" href=\"https:\/\/www.linkedin.com\/in\/mat%C3%ADas-birrell-b4717b134\/?originalSubdomain=cl\" target=\"_blank\">MAT\u00cdAS BIRRELL<\/a><\/span><\/span><\/p>\n\n\n\n<p><em>Investigaci\u00f3n sobre an\u00e1lisis estructural<\/em><\/p>\n\n\n\n<p>\u201cHemos publicado tres art\u00edculos en revistas cient\u00edficas de alto impacto. Dos de ellos abordan la modelaci\u00f3n de barras de acero de refuerzo para estructuras de hormig\u00f3n armado, mientras que el tercero estudia el comportamiento de suelos arenosos\u201d, explica el egresado de Ingenier\u00eda Civil y actual alumno del <a href=\"https:\/\/www.uandes.cl\/investigacion-y-doctorado\/doctorados\/doctorado-en-ciencias-de-la-ingenieria\/\" target=\"_blank\" rel=\"noreferrer noopener\">Doctorado en Ciencias de la Ingenier\u00eda<\/a>. Las t\u00e9cnicas estudiadas tienen aplicaci\u00f3n en la evaluaci\u00f3n de riesgo s\u00edsmico en la infraestructura existente, como en el dise\u00f1o de nuevas estructuras, estableciendo y evaluando niveles de desempe\u00f1o de forma rigurosa y cuantitativa. En su \u00faltima investigaci\u00f3n, junto con el vicedecano acad\u00e9mico de la <a href=\"https:\/\/www.uandes.cl\/facultad\/facultad-de-ingenieria-y-ciencias-aplicadas\/\" target=\"_blank\" rel=\"noreferrer noopener\">Facultad de Ingenier\u00eda y Ciencias Aplicadas<\/a>, <a href=\"https:\/\/www.uandes.cl\/personas\/rodrigo-astroza-eulufi\/\" target=\"_blank\" rel=\"noreferrer noopener\">Rodrigo Astroza<\/a>, desarrollaron e implementaron metodolog\u00edas de an\u00e1lisis estructural que permitan estar mejor preparados para enfrentar desastres naturales y prevenir sus posibles da\u00f1os, tanto a nivel social como econ\u00f3mico. \u201cPara lograr este objetivo, estudiamos las fuentes de riesgo presentes en el comportamiento real de las estructuras y buscamos incorporarlas de manera cuantitativa en la modelaci\u00f3n estructural\u201d, explica.<\/p>\n<\/div><\/div>\n<\/div><\/div><\/div><\/div><\/div><\/div>\n\n\n\n<div class=\"alignfull wp-block-ugb-container ugb-container borde ugb-84bdd5b ugb-container--v2 ugb-container--design-plain ugb-main-block ugb-main-block--inner-center ugb--has-block-background\"><style>.ugb-84bdd5b.ugb-container{background-color:#153c4e}.ugb-84bdd5b{padding:0 !important}.ugb-84bdd5b.ugb-container:before{background-color:#153c4e}<\/style><div class=\"ugb-inner-block ugb-inner-block--center\"><div class=\"ugb-block-content\"><div class=\"ugb-container__wrapper ugb-84bdd5b-wrapper\"><div class=\"ugb-container__side\"><div class=\"ugb-container__content-wrapper ugb-84bdd5b-content-wrapper\"><div class=\"wp-block-image\">\n<figure class=\"aligncenter size-full is-resized\"><img decoding=\"async\" loading=\"lazy\" src=\"https:\/\/revistacampus.uandes.cl\/2022\/wp-content\/uploads\/2022\/09\/Captura-de-Pantalla-2022-09-02-a-las-12.39.52.png\" alt=\"\" class=\"wp-image-7813\" width=\"200\" height=\"147\" srcset=\"https:\/\/revistacampus.uandes.cl\/2022\/wp-content\/uploads\/2022\/09\/Captura-de-Pantalla-2022-09-02-a-las-12.39.52.png 399w, https:\/\/revistacampus.uandes.cl\/2022\/wp-content\/uploads\/2022\/09\/Captura-de-Pantalla-2022-09-02-a-las-12.39.52-300x220.png 300w\" sizes=\"(max-width: 200px) 100vw, 200px\" \/><\/figure><\/div>\n\n\n<p><span style=\"color: #ffffff;\" class=\"stk-highlight\">El Mercurio reconoci\u00f3 a estas tres egresadas entre los 100 j\u00f3venes l\u00edderes 2022, por su contribuci\u00f3n para mejorar e impactar positivamente en las problem\u00e1ticas m\u00e1s relevantes para el pa\u00eds.<\/span><\/p>\n<\/div><\/div><\/div><\/div><\/div><\/div>\n\n\n<div class=\"wp-block-image\">\n<figure class=\"aligncenter size-full\"><img decoding=\"async\" loading=\"lazy\" width=\"812\" height=\"340\" src=\"https:\/\/revistacampus.uandes.cl\/2022\/wp-content\/uploads\/2022\/08\/prof-_0004_00-Camila-Gotelli-4.jpg\" alt=\"\" class=\"wp-image-7621\" srcset=\"https:\/\/revistacampus.uandes.cl\/2022\/wp-content\/uploads\/2022\/08\/prof-_0004_00-Camila-Gotelli-4.jpg 812w, https:\/\/revistacampus.uandes.cl\/2022\/wp-content\/uploads\/2022\/08\/prof-_0004_00-Camila-Gotelli-4-300x126.jpg 300w, https:\/\/revistacampus.uandes.cl\/2022\/wp-content\/uploads\/2022\/08\/prof-_0004_00-Camila-Gotelli-4-768x322.jpg 768w, https:\/\/revistacampus.uandes.cl\/2022\/wp-content\/uploads\/2022\/08\/prof-_0004_00-Camila-Gotelli-4-480x201.jpg 480w\" sizes=\"(max-width: 812px) 100vw, 812px\" \/><\/figure><\/div>\n\n\n<h3 class=\"wp-block-heading\"><span style=\"color: #ffffff;background-color: #153c4e\" class=\"stk-highlight\"><strong><strong><strong>ENFERMER\u00cdA 2014<\/strong><\/strong><\/strong><\/span><\/h3>\n\n\n\n<p><span style=\"color: #002240;\" class=\"stk-highlight\"><span style=\"color: #002240;\" class=\"stk-highlight\"><a href=\"https:\/\/www.linkedin.com\/in\/camila-francisca-gotelli-rivadeneira-3181a0198\/?originalSubdomain=cl\" target=\"_blank\" rel=\"noreferrer noopener\">CAMILA GOTELLI<\/a><\/span><\/span><\/p>\n\n\n\n<p><em>Gesti\u00f3n de las residencias sanitarias<\/em><\/p>\n\n\n\n<p>La misi\u00f3n era formar equipo y generar una estrategia de despliegue y recursos desde cero, comuna por comuna, con el objetivo de contener el coronavirus en el pa\u00eds, en donde se habilitaron m\u00e1s de 200 residencias sanitarias. Este fue el desaf\u00edo que le plantearon desde el <a rel=\"noreferrer noopener\" href=\"https:\/\/www.minsal.cl\/\" target=\"_blank\">Ministerio de Salud<\/a> a <strong>Camila<\/strong>, quien se desempe\u00f1\u00f3 durante el gobierno de Sebasti\u00e1n Pi\u00f1era como <strong>jefa nacional de las residencias sanitarias<\/strong>. Viaj\u00f3 desde Arica a Puerto Williams, evalu\u00e1ndolas una por una, adem\u00e1s de liderar a los equipos regionales que llevaban las residencias. Posteriormente, en agosto de 2021, asumi\u00f3 la jefatura nacional del <strong>Programa de Control de Aislamiento Domiciliario (PCAD)<\/strong>. Este a\u00f1o, tras el \u00e9xito de la estrategia empleada, fue reconocida a nivel internacional por la <a rel=\"noreferrer noopener\" href=\"https:\/\/www.paho.org\/es\" target=\"_blank\">Organizaci\u00f3n Panamericana de la Salud<\/a> y como una de los <a href=\"https:\/\/www.uandes.cl\/noticias\/alumni-de-enfermeria-es-reconocida-dentro-de-los-100-jovenes-lideres\/\" target=\"_blank\" rel=\"noreferrer noopener\">100 j\u00f3venes l\u00edderes del a\u00f1o 2022<\/a>.<\/p>\n\n\n\n<p><\/p>\n\n\n<div class=\"wp-block-image\">\n<figure class=\"aligncenter size-full\"><img decoding=\"async\" loading=\"lazy\" width=\"812\" height=\"340\" src=\"https:\/\/revistacampus.uandes.cl\/2022\/wp-content\/uploads\/2022\/08\/prof-_0000_IES-99-1.jpg\" alt=\"\" class=\"wp-image-7623\" srcset=\"https:\/\/revistacampus.uandes.cl\/2022\/wp-content\/uploads\/2022\/08\/prof-_0000_IES-99-1.jpg 812w, https:\/\/revistacampus.uandes.cl\/2022\/wp-content\/uploads\/2022\/08\/prof-_0000_IES-99-1-300x126.jpg 300w, https:\/\/revistacampus.uandes.cl\/2022\/wp-content\/uploads\/2022\/08\/prof-_0000_IES-99-1-768x322.jpg 768w, https:\/\/revistacampus.uandes.cl\/2022\/wp-content\/uploads\/2022\/08\/prof-_0000_IES-99-1-480x201.jpg 480w\" sizes=\"(max-width: 812px) 100vw, 812px\" \/><\/figure><\/div>\n\n\n<h3 class=\"wp-block-heading\"><span style=\"color: #ffffff;background-color: #153c4e\" class=\"stk-highlight\"><strong><strong><strong><strong>HISTORIA 2008<\/strong><\/strong><\/strong><\/strong><\/span><\/h3>\n\n\n\n<p><span style=\"color: #002240;\" class=\"stk-highlight\"><span style=\"color: #002240;\" class=\"stk-highlight\"><a href=\"https:\/\/www.linkedin.com\/in\/catalina-siles-33885354\/?trk=public_profile_similar-profiles_profile-result-card_result-card_full-click&amp;originalSubdomain=cl\" target=\"_blank\" rel=\"noreferrer noopener\">CATALINA SILES<\/a><\/span><\/span><\/p>\n\n\n\n<p><em>Poner a la familia en el centro<\/em><\/p>\n\n\n\n<p><strong>Catalina <\/strong>fue reconocida entre los <a href=\"https:\/\/www.uandes.cl\/noticias\/alumni-de-historia-es-destacada-dentro-de-los-100-jovenes-lideres\/\" target=\"_blank\" rel=\"noreferrer noopener\">J\u00f3venes L\u00edderes<\/a> por su investigaci\u00f3n sobre la familia, pues busca que esta tenga un lugar central en la discusi\u00f3n y que las pol\u00edticas p\u00fablicas de los distintos \u00e1mbitos tengan esa perspectiva. Los estudios de Catalina giran en torno a la relevancia que tiene la familia, ayudando al conocimiento de la realidad que viven, a los desaf\u00edos a los que se enfrentan y la importancia que tiene eso para la sociedad. Se resalt\u00f3 la publicaci\u00f3n de la columna que escribi\u00f3 aludiendo a los \u201cpapitos corazones\u201d durante la pandemia, as\u00ed como los informes que ha redactado sobre c\u00f3mo la pol\u00edtica deber\u00eda considerar a la familia, adem\u00e1s de su libro \u201c<a href=\"https:\/\/www.ieschile.cl\/wp-content\/uploads\/2015\/10\/Los-invisibles.prologo.pdf\" target=\"_blank\" rel=\"noreferrer noopener\">Los invisibles<\/a>\u201d, para impulsar y volver la mirada a realidades que muchas veces pasan desapercibidas.<\/p>\n\n\n\n<p><\/p>\n\n\n<div class=\"wp-block-image\">\n<figure class=\"aligncenter size-full\"><img decoding=\"async\" loading=\"lazy\" width=\"812\" height=\"340\" src=\"https:\/\/revistacampus.uandes.cl\/2022\/wp-content\/uploads\/2022\/08\/prof-_0001_Gabriela-Caviedes_R.jpg\" alt=\"\" class=\"wp-image-7624\" srcset=\"https:\/\/revistacampus.uandes.cl\/2022\/wp-content\/uploads\/2022\/08\/prof-_0001_Gabriela-Caviedes_R.jpg 812w, https:\/\/revistacampus.uandes.cl\/2022\/wp-content\/uploads\/2022\/08\/prof-_0001_Gabriela-Caviedes_R-300x126.jpg 300w, https:\/\/revistacampus.uandes.cl\/2022\/wp-content\/uploads\/2022\/08\/prof-_0001_Gabriela-Caviedes_R-768x322.jpg 768w, https:\/\/revistacampus.uandes.cl\/2022\/wp-content\/uploads\/2022\/08\/prof-_0001_Gabriela-Caviedes_R-480x201.jpg 480w\" sizes=\"(max-width: 812px) 100vw, 812px\" \/><\/figure><\/div>\n\n\n<h3 class=\"wp-block-heading\"><span style=\"color: #ffffff;background-color: #153c4e\" class=\"stk-highlight\"><strong><strong><strong><strong>HISTORIA 2008<\/strong><\/strong><\/strong><\/strong><\/span><\/h3>\n\n\n\n<p><span style=\"color: #002240;\" class=\"stk-highlight\"><span style=\"color: #002240;\" class=\"stk-highlight\"><a href=\"https:\/\/www.uandes.cl\/gabriela-caviedes-signos\/\" target=\"_blank\" rel=\"noreferrer noopener\">GABRIELA CAVIEDES<\/a><\/span><\/span><\/p>\n\n\n\n<p><em>En defensa de la mujer<\/em><\/p>\n\n\n\n<p>La investigadora del <a href=\"https:\/\/www.uandes.cl\/signos\/\" target=\"_blank\" rel=\"noreferrer noopener\">Centro Signos UANDES<\/a> recibi\u00f3 la distinci\u00f3n <a href=\"https:\/\/www.uandes.cl\/noticias\/investigadora-de-signos-uandes-fue-elegida-dentro-de-los-100-jovenes-lideres\/\" target=\"_blank\" rel=\"noreferrer noopener\">J\u00f3venes L\u00edderes<\/a> por su aporte al tema del feminismo, centrando su investigaci\u00f3n en la filosof\u00eda francesa contempor\u00e1nea y estudios de g\u00e9nero. Para esta doctora en Filosof\u00eda falta mucho por avanzar en equidad y no le convencen los discursos del feminismo contempor\u00e1neo, por lo que busca recoger ese malestar y darle un espacio en la discusi\u00f3n p\u00fablica. Ha escrito papers y cap\u00edtulos de libros, entre los que sobresale \u201cEl cuerpo desnudo como arma pol\u00edtica. Un an\u00e1lisis desde el pensamiento de Merleau-Ponty\u201d; ha destacado por columnas en la prensa, como \u201cFeminismo sin aborto: una alternativa viable\u201d, y ha participado en seminarios y conferencias en Chile y el extranjero, como \u201cEl feminismo ayer y hoy\u201d en la Universidad Cat\u00f3lica, en pleno mayo feminista de 2018.&nbsp;<\/p>\n","protected":false},"excerpt":{"rendered":"<p>El esp\u00edritu de servicio mueve a estos egresados para lograr un impacto positivo en su entorno, a trav\u00e9s de la investigaci\u00f3n, la educaci\u00f3n, la salud y el emprendimiento. Son un ejemplo de c\u00f3mo los alumniUANDES pueden cambiar la sociedad para mejor, gracias al ejercicio de su profesi\u00f3n. Enfermer\u00eda 2004 y 2007 BERNARDITA ACHONDO Y PAULA ZABALA Autoridades en Enfermer\u00eda UANDES Bernardita es la segunda alumniUANDES en asumir un decanato en nuestra Universidad. Desde el a\u00f1o pasado es la decana de la Facultad de Enfermer\u00eda y Obstetricia, luego de haberse desempe\u00f1ado como vicedecana acad\u00e9mica. \u201cIndependiente del lugar en donde toca trabajar,<\/p>\n","protected":false},"author":2,"featured_media":7863,"comment_status":"open","ping_status":"open","sticky":false,"template":"","format":"standard","meta":{"inline_featured_image":false,"_mi_skip_tracking":false,"_monsterinsights_sitenote_active":false,"_monsterinsights_sitenote_note":"","_monsterinsights_sitenote_category":0,"footnotes":""},"categories":[52],"tags":[],"featured_image_urls":{"full":["https:\/\/revistacampus.uandes.cl\/2022\/wp-content\/uploads\/2022\/08\/alumni-que-van-por-mas.jpg",960,708,false],"thumbnail":["https:\/\/revistacampus.uandes.cl\/2022\/wp-content\/uploads\/2022\/08\/alumni-que-van-por-mas-150x150.jpg",150,150,true],"medium":["https:\/\/revistacampus.uandes.cl\/2022\/wp-content\/uploads\/2022\/08\/alumni-que-van-por-mas-300x221.jpg",300,221,true],"medium_large":["https:\/\/revistacampus.uandes.cl\/2022\/wp-content\/uploads\/2022\/08\/alumni-que-van-por-mas-768x566.jpg",768,566,true],"large":["https:\/\/revistacampus.uandes.cl\/2022\/wp-content\/uploads\/2022\/08\/alumni-que-van-por-mas.jpg",960,708,false],"1536x1536":["https:\/\/revistacampus.uandes.cl\/2022\/wp-content\/uploads\/2022\/08\/alumni-que-van-por-mas.jpg",960,708,false],"2048x2048":["https:\/\/revistacampus.uandes.cl\/2022\/wp-content\/uploads\/2022\/08\/alumni-que-van-por-mas.jpg",960,708,false],"thumbnail-medium":["https:\/\/revistacampus.uandes.cl\/2022\/wp-content\/uploads\/2022\/08\/alumni-que-van-por-mas-480x384.jpg",480,384,true],"thumbnail-square":["https:\/\/revistacampus.uandes.cl\/2022\/wp-content\/uploads\/2022\/08\/alumni-que-van-por-mas-480x480.jpg",480,480,true],"thumbnail-portrait":["https:\/\/revistacampus.uandes.cl\/2022\/wp-content\/uploads\/2022\/08\/alumni-que-van-por-mas-480x600.jpg",480,600,true],"thumbnail-large":["https:\/\/revistacampus.uandes.cl\/2022\/wp-content\/uploads\/2022\/08\/alumni-que-van-por-mas-720x480.jpg",720,480,true],"thumbnail-medium-nocrop":["https:\/\/revistacampus.uandes.cl\/2022\/wp-content\/uploads\/2022\/08\/alumni-que-van-por-mas-480x354.jpg",480,354,true]},"post_excerpt_stackable":"<p>El esp\u00edritu de servicio mueve a estos egresados para lograr un impacto positivo en su entorno, a trav\u00e9s de la investigaci\u00f3n, la educaci\u00f3n, la salud y el emprendimiento. Son un ejemplo de c\u00f3mo los alumniUANDES pueden cambiar la sociedad para mejor, gracias al ejercicio de su profesi\u00f3n. Enfermer\u00eda 2004 y 2007 BERNARDITA ACHONDO Y PAULA ZABALA Autoridades en Enfermer\u00eda UANDES Bernardita es la segunda alumniUANDES en asumir un decanato en nuestra Universidad. Desde el a\u00f1o pasado es la decana de la Facultad de Enfermer\u00eda y Obstetricia, luego de haberse desempe\u00f1ado como vicedecana acad\u00e9mica. \u201cIndependiente del lugar en donde toca trabajar,&hellip;<\/p>\n","category_list":"<a href=\"https:\/\/revistacampus.uandes.cl\/2022\/category\/servir-y-trascender\/\" rel=\"category tag\">Servir y trascender<\/a>","author_info":{"name":"Revista Campus","url":"https:\/\/revistacampus.uandes.cl\/2022\/author\/campus2020\/"},"comments_num":"0 comments","featured_image_urls_v2":{"full":["https:\/\/revistacampus.uandes.cl\/2022\/wp-content\/uploads\/2022\/08\/alumni-que-van-por-mas.jpg",960,708,false],"thumbnail":["https:\/\/revistacampus.uandes.cl\/2022\/wp-content\/uploads\/2022\/08\/alumni-que-van-por-mas-150x150.jpg",150,150,true],"medium":["https:\/\/revistacampus.uandes.cl\/2022\/wp-content\/uploads\/2022\/08\/alumni-que-van-por-mas-300x221.jpg",300,221,true],"medium_large":["https:\/\/revistacampus.uandes.cl\/2022\/wp-content\/uploads\/2022\/08\/alumni-que-van-por-mas-768x566.jpg",768,566,true],"large":["https:\/\/revistacampus.uandes.cl\/2022\/wp-content\/uploads\/2022\/08\/alumni-que-van-por-mas.jpg",960,708,false],"1536x1536":["https:\/\/revistacampus.uandes.cl\/2022\/wp-content\/uploads\/2022\/08\/alumni-que-van-por-mas.jpg",960,708,false],"2048x2048":["https:\/\/revistacampus.uandes.cl\/2022\/wp-content\/uploads\/2022\/08\/alumni-que-van-por-mas.jpg",960,708,false],"thumbnail-medium":["https:\/\/revistacampus.uandes.cl\/2022\/wp-content\/uploads\/2022\/08\/alumni-que-van-por-mas-480x384.jpg",480,384,true],"thumbnail-square":["https:\/\/revistacampus.uandes.cl\/2022\/wp-content\/uploads\/2022\/08\/alumni-que-van-por-mas-480x480.jpg",480,480,true],"thumbnail-portrait":["https:\/\/revistacampus.uandes.cl\/2022\/wp-content\/uploads\/2022\/08\/alumni-que-van-por-mas-480x600.jpg",480,600,true],"thumbnail-large":["https:\/\/revistacampus.uandes.cl\/2022\/wp-content\/uploads\/2022\/08\/alumni-que-van-por-mas-720x480.jpg",720,480,true],"thumbnail-medium-nocrop":["https:\/\/revistacampus.uandes.cl\/2022\/wp-content\/uploads\/2022\/08\/alumni-que-van-por-mas-480x354.jpg",480,354,true]},"post_excerpt_stackable_v2":"<p>El esp\u00edritu de servicio mueve a estos egresados para lograr un impacto positivo en su entorno, a trav\u00e9s de la investigaci\u00f3n, la educaci\u00f3n, la salud y el emprendimiento. Son un ejemplo de c\u00f3mo los alumniUANDES pueden cambiar la sociedad para mejor, gracias al ejercicio de su profesi\u00f3n. Enfermer\u00eda 2004 y 2007 BERNARDITA ACHONDO Y PAULA ZABALA Autoridades en Enfermer\u00eda UANDES Bernardita es la segunda alumniUANDES en asumir un decanato en nuestra Universidad. Desde el a\u00f1o pasado es la decana de la Facultad de Enfermer\u00eda y Obstetricia, luego de haberse desempe\u00f1ado como vicedecana acad\u00e9mica. \u201cIndependiente del lugar en donde toca trabajar,&hellip;<\/p>\n","category_list_v2":"<a href=\"https:\/\/revistacampus.uandes.cl\/2022\/category\/servir-y-trascender\/\" rel=\"category tag\">Servir y trascender<\/a>","author_info_v2":{"name":"Revista Campus","url":"https:\/\/revistacampus.uandes.cl\/2022\/author\/campus2020\/"},"comments_num_v2":"0 comments","_links":{"self":[{"href":"https:\/\/revistacampus.uandes.cl\/2022\/wp-json\/wp\/v2\/posts\/6983"}],"collection":[{"href":"https:\/\/revistacampus.uandes.cl\/2022\/wp-json\/wp\/v2\/posts"}],"about":[{"href":"https:\/\/revistacampus.uandes.cl\/2022\/wp-json\/wp\/v2\/types\/post"}],"author":[{"embeddable":true,"href":"https:\/\/revistacampus.uandes.cl\/2022\/wp-json\/wp\/v2\/users\/2"}],"replies":[{"embeddable":true,"href":"https:\/\/revistacampus.uandes.cl\/2022\/wp-json\/wp\/v2\/comments?post=6983"}],"version-history":[{"count":26,"href":"https:\/\/revistacampus.uandes.cl\/2022\/wp-json\/wp\/v2\/posts\/6983\/revisions"}],"predecessor-version":[{"id":8005,"href":"https:\/\/revistacampus.uandes.cl\/2022\/wp-json\/wp\/v2\/posts\/6983\/revisions\/8005"}],"wp:featuredmedia":[{"embeddable":true,"href":"https:\/\/revistacampus.uandes.cl\/2022\/wp-json\/wp\/v2\/media\/7863"}],"wp:attachment":[{"href":"https:\/\/revistacampus.uandes.cl\/2022\/wp-json\/wp\/v2\/media?parent=6983"}],"wp:term":[{"taxonomy":"category","embeddable":true,"href":"https:\/\/revistacampus.uandes.cl\/2022\/wp-json\/wp\/v2\/categories?post=6983"},{"taxonomy":"post_tag","embeddable":true,"href":"https:\/\/revistacampus.uandes.cl\/2022\/wp-json\/wp\/v2\/tags?post=6983"}],"curies":[{"name":"wp","href":"https:\/\/api.w.org\/{rel}","templated":true}]}}