{"id":6880,"date":"2022-07-01T19:50:10","date_gmt":"2022-07-01T23:50:10","guid":{"rendered":"https:\/\/revistacampus.uandes.cl\/2022\/?p=6880"},"modified":"2022-09-08T18:17:47","modified_gmt":"2022-09-08T22:17:47","slug":"red-de-alumniuandesse-consolida-en-chile-y-el-mundo","status":"publish","type":"post","link":"https:\/\/revistacampus.uandes.cl\/2022\/red-de-alumniuandesse-consolida-en-chile-y-el-mundo\/","title":{"rendered":"Red de alumniUANDES<br><span class=\"subtitulo\">se consolida en Chile y el mundo<\/span>"},"content":{"rendered":"\n<p><strong>Con embajadores en distintos pa\u00edses del mundo y en cada regi\u00f3n del pa\u00eds, se ha generado una comunidad que potencia la colaboraci\u00f3n y crecimiento entre los egresados, al mismo tiempo que se fortalece la red de manera corporativa.<\/strong><\/p>\n\n\n\n<div style=\"height:50px\" aria-hidden=\"true\" class=\"wp-block-spacer\"><\/div>\n\n\n\n<div class=\"wp-block-stackable-separator alignfull stk-block-separator stk--no-padding stk-block stk-7a95aa3\" data-block-id=\"7a95aa3\"><style>.stk-7a95aa3{transform:scaleX(-1) scaleY(-1) !important}.stk-7a95aa3 svg{fill:#000000 !important;filter:none !important}.stk-7a95aa3 .stk-block-separator__inner{height:50px !important}<\/style><div class=\"stk-block-separator__inner\"><svg xmlns=\"http:\/\/www.w3.org\/2000\/svg\" viewBox=\"0 0 1600 200\" class=\"stk-separator__layer-1\" preserveAspectRatio=\"none\" aria-hidden=\"true\"><path d=\"M-10 210h1620V105.2H-10z\"><\/path><\/svg><\/div><\/div>\n\n\n\n<p>Formar redes de apoyo que potencien el desarrollo profesional y la entrega de herramientas para facilitar el ingreso al mundo laboral de los egresados son los principales objetivos de la <strong><a rel=\"noreferrer noopener\" href=\"https:\/\/alumni.uandes.cl\/\" target=\"_blank\">Direcci\u00f3n de Alumni<\/a>.<\/strong><\/p>\n\n\n\n<p>Con este prop\u00f3sito, durante 2021 se robusteci\u00f3 la <a rel=\"noreferrer noopener\" href=\"https:\/\/alumni.uandes.cl\/embajadores\/alumni-en-el-extranjero\" target=\"_blank\"><strong>red de contactos de alumni en el extranjero<\/strong><\/a>, con m\u00e1s de 30 embajadores en 20 pa\u00edses. A trav\u00e9s de reuniones virtuales, los egresados que viven en diversos pa\u00edses de Am\u00e9rica, Asia, Europa y Ocean\u00eda se han puesto en contacto con otros alumni radicados en sus pa\u00edses para ser punto de contacto para nuevos residentes.<\/p>\n\n\n\n<p>\u201cEsta iniciativa interconecta una amplia red de apoyo para uandinos que piensan irse a otro pa\u00eds a estudiar o trabajar. Muchos hemos aprendido c\u00f3mo hacer las cosas a trav\u00e9s de investigaci\u00f3n o prueba\/error, y con este proyecto ya no se hace tan dif\u00edcil, porque los residentes tenemos la experiencia necesaria para orientarlos, resolver preguntas y dar una mano\u201d, se\u00f1ala Carolina Merino, egresada de <a rel=\"noreferrer noopener\" href=\"https:\/\/www.uandes.cl\/carrera\/ingenieria-comercial\/\" target=\"_blank\"><strong>Ingenier\u00eda Comercial<\/strong><\/a> en 2018 y actual embajadora de la red alumniUANDES en Inglaterra.<\/p>\n\n\n<div class=\"wp-block-image\">\n<figure class=\"aligncenter size-large\"><img decoding=\"async\" loading=\"lazy\" width=\"1024\" height=\"683\" src=\"https:\/\/revistacampus.uandes.cl\/2022\/wp-content\/uploads\/2022\/07\/DCAlumni-1024x683.jpg\" alt=\"\" class=\"wp-image-8174\" srcset=\"https:\/\/revistacampus.uandes.cl\/2022\/wp-content\/uploads\/2022\/07\/DCAlumni-1024x683.jpg 1024w, https:\/\/revistacampus.uandes.cl\/2022\/wp-content\/uploads\/2022\/07\/DCAlumni-300x200.jpg 300w, https:\/\/revistacampus.uandes.cl\/2022\/wp-content\/uploads\/2022\/07\/DCAlumni-768x512.jpg 768w, https:\/\/revistacampus.uandes.cl\/2022\/wp-content\/uploads\/2022\/07\/DCAlumni-720x480.jpg 720w, https:\/\/revistacampus.uandes.cl\/2022\/wp-content\/uploads\/2022\/07\/DCAlumni-480x320.jpg 480w, https:\/\/revistacampus.uandes.cl\/2022\/wp-content\/uploads\/2022\/07\/DCAlumni.jpg 1232w\" sizes=\"(max-width: 1024px) 100vw, 1024px\" \/><figcaption>El Directorio Corporativo est\u00e1 conformado por los presidentes de cada directorio alumni por carrera.<\/figcaption><\/figure><\/div>\n\n\n<p>Algo similar ocurre en nuestro pa\u00eds, donde hay <a rel=\"noreferrer noopener\" href=\"https:\/\/alumni.uandes.cl\/embajadores\/alumni-en-regiones\" target=\"_blank\"><strong>24 embajadores cubriendo cada una de las 15 regiones<\/strong><\/a>. Esta red, al igual que la internacional, permite un v\u00ednculo y colaboraci\u00f3n para que los alumni puedan desarrollarse profesionalmente en sus respectivas ciudades, contando con apoyo en el proceso de adaptaci\u00f3n. \u201cEste programa no implica solo grupos de personas que est\u00e1n a disposici\u00f3n de otros egresados, sino que son representantes de alumniUANDES en cada regi\u00f3n\u201d, comenta Carolina Moreno, coordinadora de Fidelizaci\u00f3n de la Direcci\u00f3n de Alumni.<\/p>\n\n\n\n<div class=\"wp-block-ugb-columns ugb-columns ugb-9b0b960 ugb-columns--design-plain ugb-columns--columns-4 ugb-main-block\"><div class=\"ugb-inner-block\"><div class=\"ugb-block-content\"><div class=\"ugb-columns__item ugb-9b0b960-content-wrapper\">\n<div class=\"wp-block-ugb-column ugb-column ugb-8cef2d3 ugb-column--design-plain ugb-main-block\"><div class=\"ugb-inner-block\"><div class=\"ugb-block-content\"><div class=\"ugb-column__item ugb-8cef2d3-column-wrapper\"><div class=\"ugb-column__content-wrapper\">\n<figure class=\"wp-block-image size-full is-style-rounded\"><img decoding=\"async\" loading=\"lazy\" width=\"500\" height=\"500\" src=\"https:\/\/revistacampus.uandes.cl\/2022\/wp-content\/uploads\/2022\/08\/capa-_0002_Foto6.jpg\" alt=\"\" class=\"wp-image-7602\" srcset=\"https:\/\/revistacampus.uandes.cl\/2022\/wp-content\/uploads\/2022\/08\/capa-_0002_Foto6.jpg 500w, https:\/\/revistacampus.uandes.cl\/2022\/wp-content\/uploads\/2022\/08\/capa-_0002_Foto6-300x300.jpg 300w, https:\/\/revistacampus.uandes.cl\/2022\/wp-content\/uploads\/2022\/08\/capa-_0002_Foto6-150x150.jpg 150w, https:\/\/revistacampus.uandes.cl\/2022\/wp-content\/uploads\/2022\/08\/capa-_0002_Foto6-480x480.jpg 480w\" sizes=\"(max-width: 500px) 100vw, 500px\" \/><\/figure>\n<\/div><\/div><\/div><\/div><\/div>\n\n\n\n<div class=\"wp-block-ugb-column ugb-column ugb-1371801 ugb-column--design-plain ugb-main-block\"><div class=\"ugb-inner-block\"><div class=\"ugb-block-content\"><div class=\"ugb-column__item ugb-1371801-column-wrapper\"><div class=\"ugb-column__content-wrapper\">\n<figure class=\"wp-block-image size-full is-style-rounded\"><img decoding=\"async\" loading=\"lazy\" width=\"500\" height=\"500\" src=\"https:\/\/revistacampus.uandes.cl\/2022\/wp-content\/uploads\/2022\/08\/capa-_0000_WhatsApp-Image-2021-06-15-at-09.33.11.jpg\" alt=\"\" class=\"wp-image-7603\" srcset=\"https:\/\/revistacampus.uandes.cl\/2022\/wp-content\/uploads\/2022\/08\/capa-_0000_WhatsApp-Image-2021-06-15-at-09.33.11.jpg 500w, https:\/\/revistacampus.uandes.cl\/2022\/wp-content\/uploads\/2022\/08\/capa-_0000_WhatsApp-Image-2021-06-15-at-09.33.11-300x300.jpg 300w, https:\/\/revistacampus.uandes.cl\/2022\/wp-content\/uploads\/2022\/08\/capa-_0000_WhatsApp-Image-2021-06-15-at-09.33.11-150x150.jpg 150w, https:\/\/revistacampus.uandes.cl\/2022\/wp-content\/uploads\/2022\/08\/capa-_0000_WhatsApp-Image-2021-06-15-at-09.33.11-480x480.jpg 480w\" sizes=\"(max-width: 500px) 100vw, 500px\" \/><\/figure>\n<\/div><\/div><\/div><\/div><\/div>\n\n\n\n<div class=\"wp-block-ugb-column ugb-column ugb-0128f93 ugb-column--design-plain ugb-main-block\"><div class=\"ugb-inner-block\"><div class=\"ugb-block-content\"><div class=\"ugb-column__item ugb-0128f93-column-wrapper\"><div class=\"ugb-column__content-wrapper\">\n<figure class=\"wp-block-image size-full is-style-rounded\"><img decoding=\"async\" loading=\"lazy\" width=\"500\" height=\"500\" src=\"https:\/\/revistacampus.uandes.cl\/2022\/wp-content\/uploads\/2022\/08\/capa-_0003_descarga.jpg\" alt=\"\" class=\"wp-image-7607\" srcset=\"https:\/\/revistacampus.uandes.cl\/2022\/wp-content\/uploads\/2022\/08\/capa-_0003_descarga.jpg 500w, https:\/\/revistacampus.uandes.cl\/2022\/wp-content\/uploads\/2022\/08\/capa-_0003_descarga-300x300.jpg 300w, https:\/\/revistacampus.uandes.cl\/2022\/wp-content\/uploads\/2022\/08\/capa-_0003_descarga-150x150.jpg 150w, https:\/\/revistacampus.uandes.cl\/2022\/wp-content\/uploads\/2022\/08\/capa-_0003_descarga-480x480.jpg 480w\" sizes=\"(max-width: 500px) 100vw, 500px\" \/><\/figure>\n<\/div><\/div><\/div><\/div><\/div>\n\n\n\n<div class=\"wp-block-ugb-column ugb-column ugb-6b79e3b ugb-column--design-plain ugb-main-block\"><div class=\"ugb-inner-block\"><div class=\"ugb-block-content\"><div class=\"ugb-column__item ugb-6b79e3b-column-wrapper\"><div class=\"ugb-column__content-wrapper\">\n<figure class=\"wp-block-image size-full is-style-rounded\"><img decoding=\"async\" loading=\"lazy\" width=\"500\" height=\"500\" src=\"https:\/\/revistacampus.uandes.cl\/2022\/wp-content\/uploads\/2022\/08\/capa-_0001_WhatsApp-Image-2021-06-10-at-08.05.54.jpg\" alt=\"\" class=\"wp-image-7605\" srcset=\"https:\/\/revistacampus.uandes.cl\/2022\/wp-content\/uploads\/2022\/08\/capa-_0001_WhatsApp-Image-2021-06-10-at-08.05.54.jpg 500w, https:\/\/revistacampus.uandes.cl\/2022\/wp-content\/uploads\/2022\/08\/capa-_0001_WhatsApp-Image-2021-06-10-at-08.05.54-300x300.jpg 300w, https:\/\/revistacampus.uandes.cl\/2022\/wp-content\/uploads\/2022\/08\/capa-_0001_WhatsApp-Image-2021-06-10-at-08.05.54-150x150.jpg 150w, https:\/\/revistacampus.uandes.cl\/2022\/wp-content\/uploads\/2022\/08\/capa-_0001_WhatsApp-Image-2021-06-10-at-08.05.54-480x480.jpg 480w\" sizes=\"(max-width: 500px) 100vw, 500px\" \/><\/figure>\n<\/div><\/div><\/div><\/div><\/div>\n<\/div><\/div><\/div><\/div>\n\n\n\n<div class=\"wp-block-columns is-layout-flex wp-container-3 wp-block-columns-is-layout-flex\">\n<div class=\"wp-block-column is-layout-flow wp-block-column-is-layout-flow\">\n<div class=\"wp-block-stackable-count-up lineacero stk-block-count-up stk-block stk-c6cc523\" data-block-id=\"c6cc523\"><style>.stk-c6cc523{margin-bottom:0px !important}<\/style><div class=\"stk-block-count-up__text has-text-align-center\"><strong>+30<\/strong><\/div><\/div>\n\n\n\n<h3 class=\"has-text-align-center lineacero wp-block-heading\">embajadores<\/h3>\n\n\n\n<h2 class=\"has-text-align-center lineacero wp-block-heading\"><span style=\"color: #f50000;\" class=\"stk-highlight\"><strong>en 20 pa\u00edses<\/strong><\/span><\/h2>\n<\/div>\n\n\n\n<div class=\"wp-block-column is-layout-flow wp-block-column-is-layout-flow\">\n<div class=\"wp-block-stackable-count-up lineacero stk-block-count-up stk-block stk-3f9a9f9\" data-block-id=\"3f9a9f9\"><style>.stk-3f9a9f9{margin-bottom:1px !important}<\/style><div class=\"stk-block-count-up__text has-text-align-center\"><strong>+20<\/strong><\/div><\/div>\n\n\n\n<h3 class=\"has-text-align-center lineacero wp-block-heading\">embajadores<\/h3>\n\n\n\n<h2 class=\"has-text-align-center lineacero wp-block-heading\"><strong><span style=\"color: #f50000;\" class=\"stk-highlight\">15 regiones de Chile<\/span><\/strong><\/h2>\n<\/div>\n<\/div>\n\n\n\n<p><\/p>\n\n\n\n<p>Los egresados tambi\u00e9n se mantienen en contacto e informados a trav\u00e9s de los 15 directorios de alumni de todas las carreras de la UANDES. A su vez, los presidentes de cada uno de ellos conforman el <a rel=\"noreferrer noopener\" href=\"https:\/\/alumni.uandes.cl\/directorio-alumni\" target=\"_blank\"><strong>Directorio Alumni Corporativo<\/strong><\/a>, que aborda materias propias de la Universidad, como la docencia, investigaci\u00f3n o vinculaci\u00f3n con el medio, y las de alumniUANDES, como la formaci\u00f3n para el desarrollo profesional o fidelizaci\u00f3n.<\/p>\n\n\n\n<p>Por: Mar\u00eda Paz Larrondo<\/p>\n","protected":false},"excerpt":{"rendered":"<p>Con embajadores en distintos pa\u00edses del mundo y en cada regi\u00f3n del pa\u00eds, se ha generado una comunidad que potencia la colaboraci\u00f3n y crecimiento entre los egresados, al mismo tiempo que se fortalece la red de manera corporativa. Formar redes de apoyo que potencien el desarrollo profesional y la entrega de herramientas para facilitar el ingreso al mundo laboral de los egresados son los principales objetivos de la Direcci\u00f3n de Alumni. Con este prop\u00f3sito, durante 2021 se robusteci\u00f3 la red de contactos de alumni en el extranjero, con m\u00e1s de 30 embajadores en 20 pa\u00edses. A trav\u00e9s de reuniones virtuales,<\/p>\n","protected":false},"author":2,"featured_media":7974,"comment_status":"open","ping_status":"open","sticky":false,"template":"","format":"standard","meta":{"inline_featured_image":false,"_mi_skip_tracking":false,"_monsterinsights_sitenote_active":false,"_monsterinsights_sitenote_note":"","_monsterinsights_sitenote_category":0,"footnotes":""},"categories":[52],"tags":[],"featured_image_urls":{"full":["https:\/\/revistacampus.uandes.cl\/2022\/wp-content\/uploads\/2022\/08\/red_alumni_uandes.png",2000,1074,false],"thumbnail":["https:\/\/revistacampus.uandes.cl\/2022\/wp-content\/uploads\/2022\/08\/red_alumni_uandes-150x150.png",150,150,true],"medium":["https:\/\/revistacampus.uandes.cl\/2022\/wp-content\/uploads\/2022\/08\/red_alumni_uandes-300x161.png",300,161,true],"medium_large":["https:\/\/revistacampus.uandes.cl\/2022\/wp-content\/uploads\/2022\/08\/red_alumni_uandes-768x412.png",768,412,true],"large":["https:\/\/revistacampus.uandes.cl\/2022\/wp-content\/uploads\/2022\/08\/red_alumni_uandes-1024x550.png",1024,550,true],"1536x1536":["https:\/\/revistacampus.uandes.cl\/2022\/wp-content\/uploads\/2022\/08\/red_alumni_uandes-1536x825.png",1536,825,true],"2048x2048":["https:\/\/revistacampus.uandes.cl\/2022\/wp-content\/uploads\/2022\/08\/red_alumni_uandes.png",2000,1074,false],"thumbnail-medium":["https:\/\/revistacampus.uandes.cl\/2022\/wp-content\/uploads\/2022\/08\/red_alumni_uandes-480x384.png",480,384,true],"thumbnail-square":["https:\/\/revistacampus.uandes.cl\/2022\/wp-content\/uploads\/2022\/08\/red_alumni_uandes-480x480.png",480,480,true],"thumbnail-portrait":["https:\/\/revistacampus.uandes.cl\/2022\/wp-content\/uploads\/2022\/08\/red_alumni_uandes-480x600.png",480,600,true],"thumbnail-large":["https:\/\/revistacampus.uandes.cl\/2022\/wp-content\/uploads\/2022\/08\/red_alumni_uandes-720x480.png",720,480,true],"thumbnail-medium-nocrop":["https:\/\/revistacampus.uandes.cl\/2022\/wp-content\/uploads\/2022\/08\/red_alumni_uandes-480x258.png",480,258,true]},"post_excerpt_stackable":"<p>Con embajadores en distintos pa\u00edses del mundo y en cada regi\u00f3n del pa\u00eds, se ha generado una comunidad que potencia la colaboraci\u00f3n y crecimiento entre los egresados, al mismo tiempo que se fortalece la red de manera corporativa. Formar redes de apoyo que potencien el desarrollo profesional y la entrega de herramientas para facilitar el ingreso al mundo laboral de los egresados son los principales objetivos de la Direcci\u00f3n de Alumni. Con este prop\u00f3sito, durante 2021 se robusteci\u00f3 la red de contactos de alumni en el extranjero, con m\u00e1s de 30 embajadores en 20 pa\u00edses. A trav\u00e9s de reuniones virtuales,&hellip;<\/p>\n","category_list":"<a href=\"https:\/\/revistacampus.uandes.cl\/2022\/category\/servir-y-trascender\/\" rel=\"category tag\">Servir y trascender<\/a>","author_info":{"name":"Revista Campus","url":"https:\/\/revistacampus.uandes.cl\/2022\/author\/campus2020\/"},"comments_num":"0 comments","featured_image_urls_v2":{"full":["https:\/\/revistacampus.uandes.cl\/2022\/wp-content\/uploads\/2022\/08\/red_alumni_uandes.png",2000,1074,false],"thumbnail":["https:\/\/revistacampus.uandes.cl\/2022\/wp-content\/uploads\/2022\/08\/red_alumni_uandes-150x150.png",150,150,true],"medium":["https:\/\/revistacampus.uandes.cl\/2022\/wp-content\/uploads\/2022\/08\/red_alumni_uandes-300x161.png",300,161,true],"medium_large":["https:\/\/revistacampus.uandes.cl\/2022\/wp-content\/uploads\/2022\/08\/red_alumni_uandes-768x412.png",768,412,true],"large":["https:\/\/revistacampus.uandes.cl\/2022\/wp-content\/uploads\/2022\/08\/red_alumni_uandes-1024x550.png",1024,550,true],"1536x1536":["https:\/\/revistacampus.uandes.cl\/2022\/wp-content\/uploads\/2022\/08\/red_alumni_uandes-1536x825.png",1536,825,true],"2048x2048":["https:\/\/revistacampus.uandes.cl\/2022\/wp-content\/uploads\/2022\/08\/red_alumni_uandes.png",2000,1074,false],"thumbnail-medium":["https:\/\/revistacampus.uandes.cl\/2022\/wp-content\/uploads\/2022\/08\/red_alumni_uandes-480x384.png",480,384,true],"thumbnail-square":["https:\/\/revistacampus.uandes.cl\/2022\/wp-content\/uploads\/2022\/08\/red_alumni_uandes-480x480.png",480,480,true],"thumbnail-portrait":["https:\/\/revistacampus.uandes.cl\/2022\/wp-content\/uploads\/2022\/08\/red_alumni_uandes-480x600.png",480,600,true],"thumbnail-large":["https:\/\/revistacampus.uandes.cl\/2022\/wp-content\/uploads\/2022\/08\/red_alumni_uandes-720x480.png",720,480,true],"thumbnail-medium-nocrop":["https:\/\/revistacampus.uandes.cl\/2022\/wp-content\/uploads\/2022\/08\/red_alumni_uandes-480x258.png",480,258,true]},"post_excerpt_stackable_v2":"<p>Con embajadores en distintos pa\u00edses del mundo y en cada regi\u00f3n del pa\u00eds, se ha generado una comunidad que potencia la colaboraci\u00f3n y crecimiento entre los egresados, al mismo tiempo que se fortalece la red de manera corporativa. Formar redes de apoyo que potencien el desarrollo profesional y la entrega de herramientas para facilitar el ingreso al mundo laboral de los egresados son los principales objetivos de la Direcci\u00f3n de Alumni. Con este prop\u00f3sito, durante 2021 se robusteci\u00f3 la red de contactos de alumni en el extranjero, con m\u00e1s de 30 embajadores en 20 pa\u00edses. A trav\u00e9s de reuniones virtuales,&hellip;<\/p>\n","category_list_v2":"<a href=\"https:\/\/revistacampus.uandes.cl\/2022\/category\/servir-y-trascender\/\" rel=\"category tag\">Servir y trascender<\/a>","author_info_v2":{"name":"Revista Campus","url":"https:\/\/revistacampus.uandes.cl\/2022\/author\/campus2020\/"},"comments_num_v2":"0 comments","_links":{"self":[{"href":"https:\/\/revistacampus.uandes.cl\/2022\/wp-json\/wp\/v2\/posts\/6880"}],"collection":[{"href":"https:\/\/revistacampus.uandes.cl\/2022\/wp-json\/wp\/v2\/posts"}],"about":[{"href":"https:\/\/revistacampus.uandes.cl\/2022\/wp-json\/wp\/v2\/types\/post"}],"author":[{"embeddable":true,"href":"https:\/\/revistacampus.uandes.cl\/2022\/wp-json\/wp\/v2\/users\/2"}],"replies":[{"embeddable":true,"href":"https:\/\/revistacampus.uandes.cl\/2022\/wp-json\/wp\/v2\/comments?post=6880"}],"version-history":[{"count":19,"href":"https:\/\/revistacampus.uandes.cl\/2022\/wp-json\/wp\/v2\/posts\/6880\/revisions"}],"predecessor-version":[{"id":8181,"href":"https:\/\/revistacampus.uandes.cl\/2022\/wp-json\/wp\/v2\/posts\/6880\/revisions\/8181"}],"wp:featuredmedia":[{"embeddable":true,"href":"https:\/\/revistacampus.uandes.cl\/2022\/wp-json\/wp\/v2\/media\/7974"}],"wp:attachment":[{"href":"https:\/\/revistacampus.uandes.cl\/2022\/wp-json\/wp\/v2\/media?parent=6880"}],"wp:term":[{"taxonomy":"category","embeddable":true,"href":"https:\/\/revistacampus.uandes.cl\/2022\/wp-json\/wp\/v2\/categories?post=6880"},{"taxonomy":"post_tag","embeddable":true,"href":"https:\/\/revistacampus.uandes.cl\/2022\/wp-json\/wp\/v2\/tags?post=6880"}],"curies":[{"name":"wp","href":"https:\/\/api.w.org\/{rel}","templated":true}]}}