{"id":6872,"date":"2022-07-02T19:38:07","date_gmt":"2022-07-02T23:38:07","guid":{"rendered":"https:\/\/revistacampus.uandes.cl\/2022\/?p=6872"},"modified":"2022-09-08T18:18:02","modified_gmt":"2022-09-08T22:18:02","slug":"nuestro-compromiso-con-chile","status":"publish","type":"post","link":"https:\/\/revistacampus.uandes.cl\/2022\/nuestro-compromiso-con-chile\/","title":{"rendered":"NUESTRO COMPROMISO<br> con Chile"},"content":{"rendered":"\n<p><strong>Junto con la actualizaci\u00f3n de la Pol\u00edtica, la creaci\u00f3n de un Modelo y de un fondo concursable para incentivar el desarrollo de iniciativas de <a href=\"https:\/\/www.uandes.cl\/nosotros\/informacion-institucional\/vinculacion-con-el-medio\/\" target=\"_blank\" rel=\"noreferrer noopener\">Vinculaci\u00f3n con el Medio<\/a>, la Universidad ha creado diversas instancias para que toda la comunidad universitaria viva el prop\u00f3sito de <em>conectar, servir y crear valor para y con la sociedad.<\/em><\/strong><\/p>\n\n\n\n<div style=\"height:50px\" aria-hidden=\"true\" class=\"wp-block-spacer\"><\/div>\n\n\n\n<div class=\"wp-block-stackable-separator alignfull stk-block-separator stk--no-padding stk-block stk-7a95aa3\" data-block-id=\"7a95aa3\"><style>.stk-7a95aa3{transform:scaleX(-1) scaleY(-1) !important}.stk-7a95aa3 svg{fill:#000000 !important;filter:none !important}.stk-7a95aa3 .stk-block-separator__inner{height:50px !important}<\/style><div class=\"stk-block-separator__inner\"><svg xmlns=\"http:\/\/www.w3.org\/2000\/svg\" viewBox=\"0 0 1600 200\" class=\"stk-separator__layer-1\" preserveAspectRatio=\"none\" aria-hidden=\"true\"><path d=\"M-10 210h1620V105.2H-10z\"><\/path><\/svg><\/div><\/div>\n\n\n\n<p>Vivimos tiempos de cambios r\u00e1pidos y profundos. <a href=\"https:\/\/www.youtube.com\/watch?v=9D8sRzuBt0o\" target=\"_blank\" rel=\"noreferrer noopener\">El compromiso de la UANDES<\/a> es poder conectarse con su entorno relevante interno y externo, escuchar sus necesidades y generar respuestas co-creadas: pertinentes, oportunas y sistem\u00e1ticas por medio de nuestras capacidades y tambi\u00e9n las del entorno. Cada miembro de la comunidad UANDES est\u00e1 llamado a generar un impacto positivo en Chile, pero tambi\u00e9n para la Universidad\u201d, explica el vicerrector de Relaciones Universitarias, <a rel=\"noreferrer noopener\" href=\"https:\/\/www.uandes.cl\/personas\/matias-vial-v\/\" target=\"_blank\">Mat\u00edas Vial.<\/a><\/p>\n\n\n<div class=\"wp-block-image\">\n<figure class=\"aligncenter size-large\"><img decoding=\"async\" loading=\"lazy\" width=\"1024\" height=\"683\" src=\"https:\/\/revistacampus.uandes.cl\/2022\/wp-content\/uploads\/2022\/08\/MG_9774-1024x683.jpg\" alt=\"\" class=\"wp-image-7576\" srcset=\"https:\/\/revistacampus.uandes.cl\/2022\/wp-content\/uploads\/2022\/08\/MG_9774-1024x683.jpg 1024w, https:\/\/revistacampus.uandes.cl\/2022\/wp-content\/uploads\/2022\/08\/MG_9774-300x200.jpg 300w, https:\/\/revistacampus.uandes.cl\/2022\/wp-content\/uploads\/2022\/08\/MG_9774-768x512.jpg 768w, https:\/\/revistacampus.uandes.cl\/2022\/wp-content\/uploads\/2022\/08\/MG_9774-720x480.jpg 720w, https:\/\/revistacampus.uandes.cl\/2022\/wp-content\/uploads\/2022\/08\/MG_9774-480x320.jpg 480w, https:\/\/revistacampus.uandes.cl\/2022\/wp-content\/uploads\/2022\/08\/MG_9774.jpg 1417w\" sizes=\"(max-width: 1024px) 100vw, 1024px\" \/><figcaption>El vicerrector de Relaciones Universitarias, Mat\u00edas Vial, presenta a la comunidad universitaria la actualizaci\u00f3n de la <a href=\"https:\/\/www.uandes.cl\/nosotros\/informacion-institucional\/vinculacion-con-el-medio\/politica\/\" target=\"_blank\" rel=\"noreferrer noopener\">Pol\u00edtica de Vinculaci\u00f3n con el Medio.<\/a><\/figcaption><\/figure><\/div>\n\n\n<p>Es por eso que durante 2021 y 2022 esta Vicerrector\u00eda junto con la jefatura de Vinculaci\u00f3n con el Medio (VcM) han implementado diversas instancias para cumplir con ese prop\u00f3sito. Por ejemplo, en un evento realizado en noviembre de 2021 se present\u00f3 la <a href=\"https:\/\/www.uandes.cl\/wp-content\/uploads\/2021\/11\/Politica-Vinculacion-con-el-Medio-UANDES.pdf\" target=\"_blank\" rel=\"noreferrer noopener\">actualizaci\u00f3n de la Pol\u00edtica<\/a> y el <a href=\"https:\/\/www.uandes.cl\/wp-content\/uploads\/2022\/03\/MODELO_com.pdf\" target=\"_blank\" rel=\"noreferrer noopener\">nuevo Modelo de Vinculaci\u00f3n con el Medio<\/a>, los que buscan facilitar la comprensi\u00f3n de su concepto y sentido para guiar a todo aquel que quiera impulsar una iniciativa.<\/p>\n\n\n\n<div class=\"aligncenter wp-block-ugb-icon ugb-icon ugb-fd0aebc ugb-icon--v2 ugb-icon--design-basic ugb-main-block\"><style>.ugb-fd0aebc .ugb-icon__icon .ugb-icon-inner-svg,.ugb-fd0aebc .ugb-icon__icon .ugb-icon-inner-svg svg{width:100px !important;height:100px !important}.ugb-fd0aebc .ugb-icon__icon .ugb-icon-inner-svg{color:#0093a2 !important}.ugb-fd0aebc .ugb-icon__icon{margin-bottom:-18px !important}.ugb-fd0aebc .ugb-icon__icon .ugb-icon-inner-svg,.ugb-fd0aebc .ugb-icon__icon .ugb-icon-inner-svg svg *{color:#0093a2 !important;fill:#0093a2 !important}@media screen and (min-width:768px){.ugb-fd0aebc > .ugb-inner-block > .ugb-block-content > *{padding-top:0px !important;padding-bottom:0px !important;padding-right:0px !important;padding-left:0px !important}}<\/style><div class=\"ugb-inner-block\"><div class=\"ugb-block-content\"><div class=\"ugb-icon__content-wrapper\"><div class=\"ugb-icon__item ugb-icon__item1\"><div class=\"ugb-icon__icon\" rel=\"\"><div class=\"ugb-icon-inner-svg\"><svg class=\"ugb-custom-icon\" xmlns=\"http:\/\/www.w3.org\/2000\/svg\" viewBox=\"0 0 63.67 42.72\"><defs><style>.cls-1{fill:#d67c1c;}<\/style><\/defs><g id=\"Capa_2\" data-name=\"Capa 2\"><g id=\"Capa_1-2\" data-name=\"Capa 1\"><path class=\"cls-1\" d=\"M16.21,42.72c7.34,0,14.32-5.68,14.32-13.13s-5.32-12.67-12.9-12.67c-9,0-10.17-3.07-10.17-4.61C7.46,9,9.35,5.44,20.71,1.07L20.36,0C10.18,2.84,0,9.94,0,24.74c0,7.21,3.2,18,16.21,18m33.14,0c7.34,0,14.32-5.68,14.32-13.13s-5.32-12.67-12.9-12.67c-9,0-10.18-3.07-10.18-4.61,0-3.31,1.9-6.87,13.26-11.24L53.49,0C43.32,2.84,33.14,9.94,33.14,24.74c0,7.21,3.19,18,16.21,18\"><\/path><\/g><\/g><\/svg><\/div><\/div><\/div><\/div><\/div><\/div><\/div>\n\n\n\n<p class=\"has-text-align-center\"><strong><em>\u201cCada miembro de la comunidad UANDES est\u00e1 llamado a generar un impacto positivo en Chile, pero tambi\u00e9n para la<\/em><\/strong> <strong><em>Universidad\u201d.<\/em><\/strong><\/p>\n\n\n\n<p class=\"has-text-align-center\"><strong>Mat\u00edas Vial,<\/strong> vicerrector de Relaciones Universitarias<\/p>\n\n\n\n<p>\u201cNecesitamos tener una actualizaci\u00f3n y mejora continua permanente en nuestra manera de relacionarnos con el entorno y en l\u00ednea con los tiempos que vivimos. <strong>La Pol\u00edtica y Modelo de Vinculaci\u00f3n con el Medio responden a eso, al estar alineados con la Misi\u00f3n, Visi\u00f3n y el Plan Estrat\u00e9gico de la UANDES\u201d<\/strong>, comenta el vicerrector sobre dichos documentos.<\/p>\n\n\n\n<h4 class=\"wp-block-heading\"><strong><span style=\"color: #0093a2;\" class=\"stk-highlight\">Exitosa primera versi\u00f3n<\/span><\/strong><\/h4>\n\n\n\n<p>En esta l\u00ednea, en mayo de 2022 se lanz\u00f3 la primera versi\u00f3n del <a href=\"https:\/\/www.uandes.cl\/nosotros\/informacion-institucional\/vinculacion-con-el-medio\/fondo\/\" target=\"_blank\" rel=\"noreferrer noopener\">Fondo de Incentivo a la Vinculaci\u00f3n con el Medio<\/a>, concurso abierto a toda la comunidad universitaria -estudiantes, profesores, administrativos y alumni-, que premi\u00f3 a los siete mejores proyectos de los m\u00e1s de 40 que postularon, exitosa participaci\u00f3n que refleja el inter\u00e9s por dar respuesta a las m\u00e1s diversas necesidades.<\/p>\n\n\n\n<p>Adem\u00e1s, se realizan encuentros de manera permanente con unidades acad\u00e9micas y de servicio, y con representantes del <a href=\"https:\/\/uandesonline.cl\/ese-business-school\/\" target=\"_blank\" rel=\"noreferrer noopener\">ESE Business School<\/a>, <a href=\"https:\/\/saluduandes.cl\/\" target=\"_blank\" rel=\"noreferrer noopener\">Centro de Salud UANDES de San Bernardo<\/a> y <a href=\"https:\/\/www.clinicauandes.cl\/home\" target=\"_blank\" rel=\"noreferrer noopener\">Cl\u00ednica Universidad de los Andes<\/a>, para mejorar los procesos, ayudar a desarrollar m\u00e1s y mejores iniciativas y a sistematizar el registro del impacto que genera cada proyecto.<\/p>\n\n\n\n<div class=\"wp-block-columns is-layout-flex wp-container-2 wp-block-columns-is-layout-flex\">\n<div class=\"wp-block-column has-background is-layout-flow wp-block-column-is-layout-flow\" style=\"background-color:#ededed\">\n<h4 class=\"has-text-align-center wp-block-heading\">   <strong><span style=\"color: #0093a2;\" class=\"stk-highlight\">GANADORES DEL FONDO VCM 2022<\/span><\/strong><\/h4>\n\n\n\n<div class=\"wp-block-media-text has-background\" style=\"background-color:#ededed;grid-template-columns:21% auto\"><figure class=\"wp-block-media-text__media\"><img decoding=\"async\" loading=\"lazy\" width=\"150\" height=\"150\" src=\"https:\/\/revistacampus.uandes.cl\/2022\/wp-content\/uploads\/2022\/08\/icon-_0006_centro-150x150.jpg\" alt=\"\" class=\"wp-image-7577 size-thumbnail\" srcset=\"https:\/\/revistacampus.uandes.cl\/2022\/wp-content\/uploads\/2022\/08\/icon-_0006_centro-150x150.jpg 150w, https:\/\/revistacampus.uandes.cl\/2022\/wp-content\/uploads\/2022\/08\/icon-_0006_centro-300x300.jpg 300w, https:\/\/revistacampus.uandes.cl\/2022\/wp-content\/uploads\/2022\/08\/icon-_0006_centro.jpg 471w\" sizes=\"(max-width: 150px) 100vw, 150px\" \/><\/figure><div class=\"wp-block-media-text__content\">\n<p><strong><span style=\"color: #0093a2;\" class=\"stk-highlight\">Centro Asistencial Docente&nbsp;<\/span><\/strong><\/p>\n\n\n\n<p>Atenci\u00f3n de Terapia Ocupacional gratuita para ni\u00f1os Escuela de Terapia Ocupacional<\/p>\n<\/div><\/div>\n\n\n\n<div class=\"wp-block-media-text has-background\" style=\"background-color:#ededed;grid-template-columns:21% auto\"><figure class=\"wp-block-media-text__media\"><img decoding=\"async\" loading=\"lazy\" width=\"471\" height=\"470\" src=\"https:\/\/revistacampus.uandes.cl\/2022\/wp-content\/uploads\/2022\/08\/icon-_0005_bilateral.jpg\" alt=\"\" class=\"wp-image-7587 size-thumbnail\" srcset=\"https:\/\/revistacampus.uandes.cl\/2022\/wp-content\/uploads\/2022\/08\/icon-_0005_bilateral.jpg 471w, https:\/\/revistacampus.uandes.cl\/2022\/wp-content\/uploads\/2022\/08\/icon-_0005_bilateral-300x300.jpg 300w, https:\/\/revistacampus.uandes.cl\/2022\/wp-content\/uploads\/2022\/08\/icon-_0005_bilateral-150x150.jpg 150w\" sizes=\"(max-width: 471px) 100vw, 471px\" \/><\/figure><div class=\"wp-block-media-text__content\">\n<p><strong><span style=\"color: #0093a2;\" class=\"stk-highlight\"><strong>Bilateral<\/strong><\/span><\/strong><\/p>\n\n\n\n<p>Gesti\u00f3n de mecanismos de colaboraci\u00f3n jur\u00eddica con municipios del pa\u00eds&nbsp;Facultad de Derecho<\/p>\n<\/div><\/div>\n\n\n\n<div class=\"wp-block-media-text has-background\" style=\"background-color:#ededed;grid-template-columns:21% auto\"><figure class=\"wp-block-media-text__media\"><img decoding=\"async\" loading=\"lazy\" width=\"471\" height=\"470\" src=\"https:\/\/revistacampus.uandes.cl\/2022\/wp-content\/uploads\/2022\/08\/icon-_0004_formacion.jpg\" alt=\"\" class=\"wp-image-7588 size-thumbnail\" srcset=\"https:\/\/revistacampus.uandes.cl\/2022\/wp-content\/uploads\/2022\/08\/icon-_0004_formacion.jpg 471w, https:\/\/revistacampus.uandes.cl\/2022\/wp-content\/uploads\/2022\/08\/icon-_0004_formacion-300x300.jpg 300w, https:\/\/revistacampus.uandes.cl\/2022\/wp-content\/uploads\/2022\/08\/icon-_0004_formacion-150x150.jpg 150w\" sizes=\"(max-width: 471px) 100vw, 471px\" \/><\/figure><div class=\"wp-block-media-text__content\">\n<p><strong><span style=\"color: #0093a2;\" class=\"stk-highlight\"><strong>Formaci\u00f3n de Monitores en Salud Oral<\/strong><\/span><\/strong><\/p>\n\n\n\n<p>Programa de capacitaci\u00f3n vecinal en San Bernardo Facultad de Odontolog\u00eda<\/p>\n<\/div><\/div>\n\n\n\n<div class=\"wp-block-media-text has-background\" style=\"background-color:#ededed;grid-template-columns:21% auto\"><figure class=\"wp-block-media-text__media\"><img decoding=\"async\" loading=\"lazy\" width=\"471\" height=\"470\" src=\"https:\/\/revistacampus.uandes.cl\/2022\/wp-content\/uploads\/2022\/08\/fixicon-_0003_consulting.jpg\" alt=\"\" class=\"wp-image-7591 size-thumbnail\" srcset=\"https:\/\/revistacampus.uandes.cl\/2022\/wp-content\/uploads\/2022\/08\/fixicon-_0003_consulting.jpg 471w, https:\/\/revistacampus.uandes.cl\/2022\/wp-content\/uploads\/2022\/08\/fixicon-_0003_consulting-300x300.jpg 300w, https:\/\/revistacampus.uandes.cl\/2022\/wp-content\/uploads\/2022\/08\/fixicon-_0003_consulting-150x150.jpg 150w\" sizes=\"(max-width: 471px) 100vw, 471px\" \/><\/figure><div class=\"wp-block-media-text__content\">\n<p><strong><span style=\"color: #0093a2;\" class=\"stk-highlight\"><strong><strong>UANDES Consulting Club<\/strong><\/strong><\/span><\/strong><\/p>\n\n\n\n<p>Programa de capacitaci\u00f3n vecinal en San Bernardo Facultad de Odontolog\u00eda<\/p>\n<\/div><\/div>\n\n\n\n<div class=\"wp-block-media-text has-background\" style=\"background-color:#ededed;grid-template-columns:21% auto\"><figure class=\"wp-block-media-text__media\"><img decoding=\"async\" loading=\"lazy\" width=\"471\" height=\"470\" src=\"https:\/\/revistacampus.uandes.cl\/2022\/wp-content\/uploads\/2022\/08\/icon-_0002_llamado.jpg\" alt=\"\" class=\"wp-image-7592 size-thumbnail\" srcset=\"https:\/\/revistacampus.uandes.cl\/2022\/wp-content\/uploads\/2022\/08\/icon-_0002_llamado.jpg 471w, https:\/\/revistacampus.uandes.cl\/2022\/wp-content\/uploads\/2022\/08\/icon-_0002_llamado-300x300.jpg 300w, https:\/\/revistacampus.uandes.cl\/2022\/wp-content\/uploads\/2022\/08\/icon-_0002_llamado-150x150.jpg 150w\" sizes=\"(max-width: 471px) 100vw, 471px\" \/><\/figure><div class=\"wp-block-media-text__content\">\n<p><strong><span style=\"color: #0093a2;\" class=\"stk-highlight\"><strong><strong><strong>Un llamado a conectarnos<\/strong><\/strong><\/strong><\/span><\/strong><\/p>\n\n\n\n<p>Instancias para poner en valor la agenda p\u00fablica y la participaci\u00f3n ciudadana&nbsp;Centro Signos UANDES<\/p>\n<\/div><\/div>\n\n\n\n<div class=\"wp-block-media-text has-background\" style=\"background-color:#ededed;grid-template-columns:21% auto\"><figure class=\"wp-block-media-text__media\"><img decoding=\"async\" loading=\"lazy\" width=\"471\" height=\"470\" src=\"https:\/\/revistacampus.uandes.cl\/2022\/wp-content\/uploads\/2022\/08\/icon-_0001_opinion.jpg\" alt=\"\" class=\"wp-image-7593 size-thumbnail\" srcset=\"https:\/\/revistacampus.uandes.cl\/2022\/wp-content\/uploads\/2022\/08\/icon-_0001_opinion.jpg 471w, https:\/\/revistacampus.uandes.cl\/2022\/wp-content\/uploads\/2022\/08\/icon-_0001_opinion-300x300.jpg 300w, https:\/\/revistacampus.uandes.cl\/2022\/wp-content\/uploads\/2022\/08\/icon-_0001_opinion-150x150.jpg 150w\" sizes=\"(max-width: 471px) 100vw, 471px\" \/><\/figure><div class=\"wp-block-media-text__content\">\n<p><strong><span style=\"color: #0093a2;\" class=\"stk-highlight\"><strong><strong><strong><strong>Mi opini\u00f3n importa<\/strong><\/strong><\/strong><\/strong><\/span><\/strong><\/p>\n\n\n\n<p>Talleres educativos sobre comunicaci\u00f3n para j\u00f3venes de III y IV medio&nbsp;Facultad de Comunicaci\u00f3n<\/p>\n<\/div><\/div>\n\n\n\n<div class=\"wp-block-media-text has-background\" style=\"background-color:#ededed;grid-template-columns:21% auto\"><figure class=\"wp-block-media-text__media\"><img decoding=\"async\" loading=\"lazy\" width=\"471\" height=\"470\" src=\"https:\/\/revistacampus.uandes.cl\/2022\/wp-content\/uploads\/2022\/08\/icon-_0000_desafios.jpg\" alt=\"\" class=\"wp-image-7594 size-thumbnail\" srcset=\"https:\/\/revistacampus.uandes.cl\/2022\/wp-content\/uploads\/2022\/08\/icon-_0000_desafios.jpg 471w, https:\/\/revistacampus.uandes.cl\/2022\/wp-content\/uploads\/2022\/08\/icon-_0000_desafios-300x300.jpg 300w, https:\/\/revistacampus.uandes.cl\/2022\/wp-content\/uploads\/2022\/08\/icon-_0000_desafios-150x150.jpg 150w\" sizes=\"(max-width: 471px) 100vw, 471px\" \/><\/figure><div class=\"wp-block-media-text__content\">\n<p><strong><span style=\"color: #0093a2;\" class=\"stk-highlight\"><strong><strong><strong><strong><strong>Desaf\u00edos Giving Day<\/strong><\/strong><\/strong><\/strong><\/strong><\/span><\/strong><\/p>\n\n\n\n<p>Dise\u00f1o de actividades para crear mayor conciencia filantr\u00f3pica&nbsp;Direcci\u00f3n de Avance Institucional<\/p>\n<\/div><\/div>\n<\/div>\n<\/div>\n\n\n\n<p style=\"font-size:15px\">Por: <a href=\"https:\/\/www.uandes.cl\/personas\/nicole-kazazian\/\" target=\"_blank\" rel=\"noreferrer noopener\">Nicole Kazazian<\/a><\/p>\n","protected":false},"excerpt":{"rendered":"<p>Junto con la actualizaci\u00f3n de la Pol\u00edtica, la creaci\u00f3n de un Modelo y de un fondo concursable para incentivar el desarrollo de iniciativas de Vinculaci\u00f3n con el Medio, la Universidad ha creado diversas instancias para que toda la comunidad universitaria viva el prop\u00f3sito de conectar, servir y crear valor para y con la sociedad. Vivimos tiempos de cambios r\u00e1pidos y profundos. El compromiso de la UANDES es poder conectarse con su entorno relevante interno y externo, escuchar sus necesidades y generar respuestas co-creadas: pertinentes, oportunas y sistem\u00e1ticas por medio de nuestras capacidades y tambi\u00e9n las del entorno. Cada miembro de<\/p>\n","protected":false},"author":2,"featured_media":7960,"comment_status":"open","ping_status":"open","sticky":false,"template":"","format":"standard","meta":{"inline_featured_image":false,"_mi_skip_tracking":false,"_monsterinsights_sitenote_active":false,"_monsterinsights_sitenote_note":"","_monsterinsights_sitenote_category":0,"footnotes":""},"categories":[52],"tags":[],"featured_image_urls":{"full":["https:\/\/revistacampus.uandes.cl\/2022\/wp-content\/uploads\/2022\/08\/compromiso22.jpg",1495,972,false],"thumbnail":["https:\/\/revistacampus.uandes.cl\/2022\/wp-content\/uploads\/2022\/08\/compromiso22-150x150.jpg",150,150,true],"medium":["https:\/\/revistacampus.uandes.cl\/2022\/wp-content\/uploads\/2022\/08\/compromiso22-300x195.jpg",300,195,true],"medium_large":["https:\/\/revistacampus.uandes.cl\/2022\/wp-content\/uploads\/2022\/08\/compromiso22-768x499.jpg",768,499,true],"large":["https:\/\/revistacampus.uandes.cl\/2022\/wp-content\/uploads\/2022\/08\/compromiso22-1024x666.jpg",1024,666,true],"1536x1536":["https:\/\/revistacampus.uandes.cl\/2022\/wp-content\/uploads\/2022\/08\/compromiso22.jpg",1495,972,false],"2048x2048":["https:\/\/revistacampus.uandes.cl\/2022\/wp-content\/uploads\/2022\/08\/compromiso22.jpg",1495,972,false],"thumbnail-medium":["https:\/\/revistacampus.uandes.cl\/2022\/wp-content\/uploads\/2022\/08\/compromiso22-480x384.jpg",480,384,true],"thumbnail-square":["https:\/\/revistacampus.uandes.cl\/2022\/wp-content\/uploads\/2022\/08\/compromiso22-480x480.jpg",480,480,true],"thumbnail-portrait":["https:\/\/revistacampus.uandes.cl\/2022\/wp-content\/uploads\/2022\/08\/compromiso22-480x600.jpg",480,600,true],"thumbnail-large":["https:\/\/revistacampus.uandes.cl\/2022\/wp-content\/uploads\/2022\/08\/compromiso22-720x480.jpg",720,480,true],"thumbnail-medium-nocrop":["https:\/\/revistacampus.uandes.cl\/2022\/wp-content\/uploads\/2022\/08\/compromiso22-480x312.jpg",480,312,true]},"post_excerpt_stackable":"<p>Junto con la actualizaci\u00f3n de la Pol\u00edtica, la creaci\u00f3n de un Modelo y de un fondo concursable para incentivar el desarrollo de iniciativas de Vinculaci\u00f3n con el Medio, la Universidad ha creado diversas instancias para que toda la comunidad universitaria viva el prop\u00f3sito de conectar, servir y crear valor para y con la sociedad. Vivimos tiempos de cambios r\u00e1pidos y profundos. El compromiso de la UANDES es poder conectarse con su entorno relevante interno y externo, escuchar sus necesidades y generar respuestas co-creadas: pertinentes, oportunas y sistem\u00e1ticas por medio de nuestras capacidades y tambi\u00e9n las del entorno. Cada miembro de&hellip;<\/p>\n","category_list":"<a href=\"https:\/\/revistacampus.uandes.cl\/2022\/category\/servir-y-trascender\/\" rel=\"category tag\">Servir y trascender<\/a>","author_info":{"name":"Revista Campus","url":"https:\/\/revistacampus.uandes.cl\/2022\/author\/campus2020\/"},"comments_num":"0 comments","featured_image_urls_v2":{"full":["https:\/\/revistacampus.uandes.cl\/2022\/wp-content\/uploads\/2022\/08\/compromiso22.jpg",1495,972,false],"thumbnail":["https:\/\/revistacampus.uandes.cl\/2022\/wp-content\/uploads\/2022\/08\/compromiso22-150x150.jpg",150,150,true],"medium":["https:\/\/revistacampus.uandes.cl\/2022\/wp-content\/uploads\/2022\/08\/compromiso22-300x195.jpg",300,195,true],"medium_large":["https:\/\/revistacampus.uandes.cl\/2022\/wp-content\/uploads\/2022\/08\/compromiso22-768x499.jpg",768,499,true],"large":["https:\/\/revistacampus.uandes.cl\/2022\/wp-content\/uploads\/2022\/08\/compromiso22-1024x666.jpg",1024,666,true],"1536x1536":["https:\/\/revistacampus.uandes.cl\/2022\/wp-content\/uploads\/2022\/08\/compromiso22.jpg",1495,972,false],"2048x2048":["https:\/\/revistacampus.uandes.cl\/2022\/wp-content\/uploads\/2022\/08\/compromiso22.jpg",1495,972,false],"thumbnail-medium":["https:\/\/revistacampus.uandes.cl\/2022\/wp-content\/uploads\/2022\/08\/compromiso22-480x384.jpg",480,384,true],"thumbnail-square":["https:\/\/revistacampus.uandes.cl\/2022\/wp-content\/uploads\/2022\/08\/compromiso22-480x480.jpg",480,480,true],"thumbnail-portrait":["https:\/\/revistacampus.uandes.cl\/2022\/wp-content\/uploads\/2022\/08\/compromiso22-480x600.jpg",480,600,true],"thumbnail-large":["https:\/\/revistacampus.uandes.cl\/2022\/wp-content\/uploads\/2022\/08\/compromiso22-720x480.jpg",720,480,true],"thumbnail-medium-nocrop":["https:\/\/revistacampus.uandes.cl\/2022\/wp-content\/uploads\/2022\/08\/compromiso22-480x312.jpg",480,312,true]},"post_excerpt_stackable_v2":"<p>Junto con la actualizaci\u00f3n de la Pol\u00edtica, la creaci\u00f3n de un Modelo y de un fondo concursable para incentivar el desarrollo de iniciativas de Vinculaci\u00f3n con el Medio, la Universidad ha creado diversas instancias para que toda la comunidad universitaria viva el prop\u00f3sito de conectar, servir y crear valor para y con la sociedad. Vivimos tiempos de cambios r\u00e1pidos y profundos. El compromiso de la UANDES es poder conectarse con su entorno relevante interno y externo, escuchar sus necesidades y generar respuestas co-creadas: pertinentes, oportunas y sistem\u00e1ticas por medio de nuestras capacidades y tambi\u00e9n las del entorno. Cada miembro de&hellip;<\/p>\n","category_list_v2":"<a href=\"https:\/\/revistacampus.uandes.cl\/2022\/category\/servir-y-trascender\/\" rel=\"category tag\">Servir y trascender<\/a>","author_info_v2":{"name":"Revista Campus","url":"https:\/\/revistacampus.uandes.cl\/2022\/author\/campus2020\/"},"comments_num_v2":"0 comments","_links":{"self":[{"href":"https:\/\/revistacampus.uandes.cl\/2022\/wp-json\/wp\/v2\/posts\/6872"}],"collection":[{"href":"https:\/\/revistacampus.uandes.cl\/2022\/wp-json\/wp\/v2\/posts"}],"about":[{"href":"https:\/\/revistacampus.uandes.cl\/2022\/wp-json\/wp\/v2\/types\/post"}],"author":[{"embeddable":true,"href":"https:\/\/revistacampus.uandes.cl\/2022\/wp-json\/wp\/v2\/users\/2"}],"replies":[{"embeddable":true,"href":"https:\/\/revistacampus.uandes.cl\/2022\/wp-json\/wp\/v2\/comments?post=6872"}],"version-history":[{"count":17,"href":"https:\/\/revistacampus.uandes.cl\/2022\/wp-json\/wp\/v2\/posts\/6872\/revisions"}],"predecessor-version":[{"id":8097,"href":"https:\/\/revistacampus.uandes.cl\/2022\/wp-json\/wp\/v2\/posts\/6872\/revisions\/8097"}],"wp:featuredmedia":[{"embeddable":true,"href":"https:\/\/revistacampus.uandes.cl\/2022\/wp-json\/wp\/v2\/media\/7960"}],"wp:attachment":[{"href":"https:\/\/revistacampus.uandes.cl\/2022\/wp-json\/wp\/v2\/media?parent=6872"}],"wp:term":[{"taxonomy":"category","embeddable":true,"href":"https:\/\/revistacampus.uandes.cl\/2022\/wp-json\/wp\/v2\/categories?post=6872"},{"taxonomy":"post_tag","embeddable":true,"href":"https:\/\/revistacampus.uandes.cl\/2022\/wp-json\/wp\/v2\/tags?post=6872"}],"curies":[{"name":"wp","href":"https:\/\/api.w.org\/{rel}","templated":true}]}}