{"id":6870,"date":"2022-07-03T19:27:39","date_gmt":"2022-07-03T23:27:39","guid":{"rendered":"https:\/\/revistacampus.uandes.cl\/2022\/?p=6870"},"modified":"2022-09-08T18:18:11","modified_gmt":"2022-09-08T22:18:11","slug":"mediacion-en-lineaformando-profesionales-para-mediar-en-todo-chile","status":"publish","type":"post","link":"https:\/\/revistacampus.uandes.cl\/2022\/mediacion-en-lineaformando-profesionales-para-mediar-en-todo-chile\/","title":{"rendered":"Mediaci\u00f3n en l\u00ednea:<br><span class=\"subtitulo\">Formando profesionales para mediar en todo Chile<\/span>"},"content":{"rendered":"\n<p><strong>El Post\u00edtulo en Mediaci\u00f3n Familiar del Instituto de Ciencias de la Familia se imparte de manera semipresencial, lo que ha permitido llegar por primera vez a alumnos de regiones a lo largo del pa\u00eds.<\/strong><\/p>\n\n\n\n<div style=\"height:50px\" aria-hidden=\"true\" class=\"wp-block-spacer\"><\/div>\n\n\n\n<div class=\"wp-block-stackable-separator alignfull stk-block-separator stk--no-padding stk-block stk-7a95aa3\" data-block-id=\"7a95aa3\"><style>.stk-7a95aa3{transform:scaleX(-1) scaleY(-1) !important}.stk-7a95aa3 svg{fill:#000000 !important;filter:none !important}.stk-7a95aa3 .stk-block-separator__inner{height:50px !important}<\/style><div class=\"stk-block-separator__inner\"><svg xmlns=\"http:\/\/www.w3.org\/2000\/svg\" viewBox=\"0 0 1600 200\" class=\"stk-separator__layer-1\" preserveAspectRatio=\"none\" aria-hidden=\"true\"><path d=\"M-10 210h1620V105.2H-10z\"><\/path><\/svg><\/div><\/div>\n\n\n\n<p><strong>La mediaci\u00f3n es un sistema para resolver conflictos entre dos o m\u00e1s personas<\/strong>, donde un tercero imparcial, o \u201cmediador\u201d, ayuda a las partes a encontrar una soluci\u00f3n pac\u00edfica. \u201cImplica entrenarnos en habilidades y competencias sociales, que enriquecen nuestra vida en comunidad, a nivel personal y familiar\u201d, explica la mediadora <strong><a rel=\"noreferrer noopener\" href=\"https:\/\/www.uandes.cl\/personas\/patricia-arechaga\/\" data-type=\"URL\" data-id=\"https:\/\/www.uandes.cl\/personas\/patricia-arechaga\/\" target=\"_blank\">Patricia Ar\u00e9chaga<\/a>, profesora del <a href=\"https:\/\/www.uandes.cl\/icf\/\" target=\"_blank\" rel=\"noreferrer noopener\">Instituto de Ciencias de la Familia<\/a>, ICF.<\/strong><\/p>\n\n\n\n<p>Este proceso, que por esencia parece muy presencial, se ha trasladado al mundo <em>online <\/em>gracias a la<strong> Ley 21.394<\/strong>, que desde 2021 valida la <strong>mediaci\u00f3n en l\u00ednea para acercar la justicia a las personas.<\/strong> \u201cEste servicio permitir\u00e1 que los padres puedan solucionar sus diferencias desde donde quieran, sin necesidad de realizar traslados, y con la posibilidad de llegar a un acuerdo r\u00e1pidamente\u201d, anunciaba en su sitio web el <strong><a href=\"https:\/\/www.minjusticia.gob.cl\/\" data-type=\"URL\" data-id=\"https:\/\/www.minjusticia.gob.cl\/\" target=\"_blank\" rel=\"noreferrer noopener\">Ministerio de Justicia y Derechos Humanos.<\/a><\/strong><\/p>\n\n\n\n<div class=\"wp-block-ugb-columns ugb-columns ugb-59250e7 ugb-columns--design-plain ugb-columns--columns-2 ugb-main-block\"><style>.ugb-59250e7-content-wrapper > .ugb-column{align-items:center !important}.ugb-59250e7-content-wrapper > .ugb-column > .ugb-inner-block{height:auto !important}<\/style><div class=\"ugb-inner-block\"><div class=\"ugb-block-content\"><div class=\"ugb-columns__item ugb-59250e7-content-wrapper\">\n<div class=\"wp-block-ugb-column ugb-column ugb-cbc3d74 ugb-column--design-plain ugb-main-block\"><div class=\"ugb-inner-block\"><div class=\"ugb-block-content\"><div class=\"ugb-column__item ugb-cbc3d74-column-wrapper\"><div class=\"ugb-column__content-wrapper\"><div class=\"wp-block-image is-style-rounded\">\n<figure class=\"aligncenter size-full\"><img decoding=\"async\" loading=\"lazy\" width=\"371\" height=\"371\" src=\"https:\/\/revistacampus.uandes.cl\/2022\/wp-content\/uploads\/2022\/08\/perfiljimena-valenzuela_LOW.jpg\" alt=\"\" class=\"wp-image-7569\" srcset=\"https:\/\/revistacampus.uandes.cl\/2022\/wp-content\/uploads\/2022\/08\/perfiljimena-valenzuela_LOW.jpg 371w, https:\/\/revistacampus.uandes.cl\/2022\/wp-content\/uploads\/2022\/08\/perfiljimena-valenzuela_LOW-300x300.jpg 300w, https:\/\/revistacampus.uandes.cl\/2022\/wp-content\/uploads\/2022\/08\/perfiljimena-valenzuela_LOW-150x150.jpg 150w\" sizes=\"(max-width: 371px) 100vw, 371px\" \/><\/figure><\/div><\/div><\/div><\/div><\/div><\/div>\n\n\n\n<div class=\"wp-block-ugb-column ugb-column ugb-872ba8b ugb-column--design-plain ugb-main-block\"><div class=\"ugb-inner-block\"><div class=\"ugb-block-content\"><div class=\"ugb-column__item ugb-872ba8b-column-wrapper\"><div class=\"ugb-column__content-wrapper\">\n<p class=\"has-text-align-center\"><strong><em>\u201cEl mediador debe lograr una correcta percepci\u00f3n y contenci\u00f3n de las emociones a trav\u00e9s de la pantalla, de manera de mantener el valor de lo que se genera en los mediados y sus movimientos en el proceso presencial\u201d.<\/em><\/strong><\/p>\n\n\n\n<p class=\"has-text-align-center\" style=\"font-size:15px\"><strong>Jimena Valenzuela<\/strong>, directora del ICF.<\/p>\n<\/div><\/div><\/div><\/div><\/div>\n<\/div><\/div><\/div><\/div>\n\n\n\n<p>Anticip\u00e1ndose a este escenario, en 2020 el ICF realiz\u00f3 un curso internacional para formar docentes de esta y otras universidades en la metodolog\u00eda, lo que dio como resultado que el <strong><a href=\"https:\/\/postgradosuandes.cl\/diplomados\/postitulo-en-mediacion-familiar\/\" data-type=\"URL\" data-id=\"https:\/\/postgradosuandes.cl\/diplomados\/postitulo-en-mediacion-familiar\/\" target=\"_blank\" rel=\"noreferrer noopener\">Post\u00edtulo en Mediaci\u00f3n Familiar<\/a> <\/strong>se impartiera en modalidad semipresencial, con clases en vivo <em>online<\/em> y solo una semana intensiva en el campus. Esta decisi\u00f3n permiti\u00f3 llegar a diferentes regiones del pa\u00eds, donde existe una fuerte necesidad de estos especialistas y deriv\u00f3 en un aumento en la matr\u00edcula de alumnos de regiones que pas\u00f3 de 10% a 40%.<\/p>\n\n\n\n<p>La psic\u00f3loga Romina Saavedra, de la ciudad de Arica, es una de ellas, pues no habr\u00eda podido hacer este post\u00edtulo de otra manera: \u201cEsta modalidad me permiti\u00f3 programar mis tiempos entre lo que es la vida personal y laboral y complementarlo con los estudios\u201d, asegura.<\/p>\n\n\n\n<h3 class=\"wp-block-heading\"><strong>Metodolog\u00eda <em>ad hoc<\/em><\/strong><\/h3>\n\n\n\n<p>Para mantener la calidad de la formaci\u00f3n presencial, el ICF implement\u00f3 una metodolog\u00eda para que los alumnos hagan la pr\u00e1ctica:&nbsp; mediar casos simulados con actores y juegos de roles con la gu\u00eda y <em>feedback<\/em> de profesores expertos. Esta innovaci\u00f3n favoreci\u00f3 un aprendizaje pr\u00e1ctico y l\u00fadico y enriqueci\u00f3 el debate entre los alumnos que vienen de profesiones y realidades diversas y de regiones de todo el territorio nacional.<\/p>\n\n\n\n<p>\u201cMediar en l\u00ednea requiere un aprendizaje espec\u00edfico, porque se ense\u00f1an nuevas formas de conducci\u00f3n y conocimientos necesarios e imprescindibles de la utilizaci\u00f3n de la tecnolog\u00eda. Se debe asegurar el cumplimento de los principios que la fundamentan en un contexto<em> online<\/em> y la firma de documentos y acuerdos. <strong>El mediador debe lograr una correcta percepci\u00f3n y contenci\u00f3n de las emociones a trav\u00e9s de la pantalla, de manera de mantener el valor de lo que se genera en los mediados y sus movimientos en el proceso presencial\u201d<\/strong>, concluye la directora del ICF, <strong><a href=\"https:\/\/www.uandes.cl\/personas\/jimena-valenzuela-del-valle\/\" data-type=\"URL\" data-id=\"https:\/\/www.uandes.cl\/personas\/jimena-valenzuela-del-valle\/\" target=\"_blank\" rel=\"noreferrer noopener\">Jimena Valenzuela<\/a><\/strong>, sobre la tarea de facilitar la comunicaci\u00f3n en di\u00e1logos dif\u00edciles.<\/p>\n\n\n\n<p style=\"font-size:15px\">Por: <a href=\"https:\/\/www.uandes.cl\/personas\/maria-ignacia-manriquez\/\" target=\"_blank\" rel=\"noreferrer noopener\">Mar\u00eda Ignacia Manr\u00edquez<\/a><\/p>\n","protected":false},"excerpt":{"rendered":"<p>El Post\u00edtulo en Mediaci\u00f3n Familiar del Instituto de Ciencias de la Familia se imparte de manera semipresencial, lo que ha permitido llegar por primera vez a alumnos de regiones a lo largo del pa\u00eds. La mediaci\u00f3n es un sistema para resolver conflictos entre dos o m\u00e1s personas, donde un tercero imparcial, o \u201cmediador\u201d, ayuda a las partes a encontrar una soluci\u00f3n pac\u00edfica. \u201cImplica entrenarnos en habilidades y competencias sociales, que enriquecen nuestra vida en comunidad, a nivel personal y familiar\u201d, explica la mediadora Patricia Ar\u00e9chaga, profesora del Instituto de Ciencias de la Familia, ICF. Este proceso, que por esencia parece<\/p>\n","protected":false},"author":2,"featured_media":7568,"comment_status":"open","ping_status":"open","sticky":false,"template":"","format":"standard","meta":{"inline_featured_image":false,"_mi_skip_tracking":false,"_monsterinsights_sitenote_active":false,"_monsterinsights_sitenote_note":"","_monsterinsights_sitenote_category":0,"footnotes":""},"categories":[52],"tags":[],"featured_image_urls":{"full":["https:\/\/revistacampus.uandes.cl\/2022\/wp-content\/uploads\/2022\/08\/portada-mediadores-editable-copia.jpg",1450,769,false],"thumbnail":["https:\/\/revistacampus.uandes.cl\/2022\/wp-content\/uploads\/2022\/08\/portada-mediadores-editable-copia-150x150.jpg",150,150,true],"medium":["https:\/\/revistacampus.uandes.cl\/2022\/wp-content\/uploads\/2022\/08\/portada-mediadores-editable-copia-300x159.jpg",300,159,true],"medium_large":["https:\/\/revistacampus.uandes.cl\/2022\/wp-content\/uploads\/2022\/08\/portada-mediadores-editable-copia-768x407.jpg",768,407,true],"large":["https:\/\/revistacampus.uandes.cl\/2022\/wp-content\/uploads\/2022\/08\/portada-mediadores-editable-copia-1024x543.jpg",1024,543,true],"1536x1536":["https:\/\/revistacampus.uandes.cl\/2022\/wp-content\/uploads\/2022\/08\/portada-mediadores-editable-copia.jpg",1450,769,false],"2048x2048":["https:\/\/revistacampus.uandes.cl\/2022\/wp-content\/uploads\/2022\/08\/portada-mediadores-editable-copia.jpg",1450,769,false],"thumbnail-medium":["https:\/\/revistacampus.uandes.cl\/2022\/wp-content\/uploads\/2022\/08\/portada-mediadores-editable-copia-480x384.jpg",480,384,true],"thumbnail-square":["https:\/\/revistacampus.uandes.cl\/2022\/wp-content\/uploads\/2022\/08\/portada-mediadores-editable-copia-480x480.jpg",480,480,true],"thumbnail-portrait":["https:\/\/revistacampus.uandes.cl\/2022\/wp-content\/uploads\/2022\/08\/portada-mediadores-editable-copia-480x600.jpg",480,600,true],"thumbnail-large":["https:\/\/revistacampus.uandes.cl\/2022\/wp-content\/uploads\/2022\/08\/portada-mediadores-editable-copia-720x480.jpg",720,480,true],"thumbnail-medium-nocrop":["https:\/\/revistacampus.uandes.cl\/2022\/wp-content\/uploads\/2022\/08\/portada-mediadores-editable-copia-480x255.jpg",480,255,true]},"post_excerpt_stackable":"<p>El Post\u00edtulo en Mediaci\u00f3n Familiar del Instituto de Ciencias de la Familia se imparte de manera semipresencial, lo que ha permitido llegar por primera vez a alumnos de regiones a lo largo del pa\u00eds. La mediaci\u00f3n es un sistema para resolver conflictos entre dos o m\u00e1s personas, donde un tercero imparcial, o \u201cmediador\u201d, ayuda a las partes a encontrar una soluci\u00f3n pac\u00edfica. \u201cImplica entrenarnos en habilidades y competencias sociales, que enriquecen nuestra vida en comunidad, a nivel personal y familiar\u201d, explica la mediadora Patricia Ar\u00e9chaga, profesora del Instituto de Ciencias de la Familia, ICF. Este proceso, que por esencia parece&hellip;<\/p>\n","category_list":"<a href=\"https:\/\/revistacampus.uandes.cl\/2022\/category\/servir-y-trascender\/\" rel=\"category tag\">Servir y trascender<\/a>","author_info":{"name":"Revista Campus","url":"https:\/\/revistacampus.uandes.cl\/2022\/author\/campus2020\/"},"comments_num":"0 comments","featured_image_urls_v2":{"full":["https:\/\/revistacampus.uandes.cl\/2022\/wp-content\/uploads\/2022\/08\/portada-mediadores-editable-copia.jpg",1450,769,false],"thumbnail":["https:\/\/revistacampus.uandes.cl\/2022\/wp-content\/uploads\/2022\/08\/portada-mediadores-editable-copia-150x150.jpg",150,150,true],"medium":["https:\/\/revistacampus.uandes.cl\/2022\/wp-content\/uploads\/2022\/08\/portada-mediadores-editable-copia-300x159.jpg",300,159,true],"medium_large":["https:\/\/revistacampus.uandes.cl\/2022\/wp-content\/uploads\/2022\/08\/portada-mediadores-editable-copia-768x407.jpg",768,407,true],"large":["https:\/\/revistacampus.uandes.cl\/2022\/wp-content\/uploads\/2022\/08\/portada-mediadores-editable-copia-1024x543.jpg",1024,543,true],"1536x1536":["https:\/\/revistacampus.uandes.cl\/2022\/wp-content\/uploads\/2022\/08\/portada-mediadores-editable-copia.jpg",1450,769,false],"2048x2048":["https:\/\/revistacampus.uandes.cl\/2022\/wp-content\/uploads\/2022\/08\/portada-mediadores-editable-copia.jpg",1450,769,false],"thumbnail-medium":["https:\/\/revistacampus.uandes.cl\/2022\/wp-content\/uploads\/2022\/08\/portada-mediadores-editable-copia-480x384.jpg",480,384,true],"thumbnail-square":["https:\/\/revistacampus.uandes.cl\/2022\/wp-content\/uploads\/2022\/08\/portada-mediadores-editable-copia-480x480.jpg",480,480,true],"thumbnail-portrait":["https:\/\/revistacampus.uandes.cl\/2022\/wp-content\/uploads\/2022\/08\/portada-mediadores-editable-copia-480x600.jpg",480,600,true],"thumbnail-large":["https:\/\/revistacampus.uandes.cl\/2022\/wp-content\/uploads\/2022\/08\/portada-mediadores-editable-copia-720x480.jpg",720,480,true],"thumbnail-medium-nocrop":["https:\/\/revistacampus.uandes.cl\/2022\/wp-content\/uploads\/2022\/08\/portada-mediadores-editable-copia-480x255.jpg",480,255,true]},"post_excerpt_stackable_v2":"<p>El Post\u00edtulo en Mediaci\u00f3n Familiar del Instituto de Ciencias de la Familia se imparte de manera semipresencial, lo que ha permitido llegar por primera vez a alumnos de regiones a lo largo del pa\u00eds. La mediaci\u00f3n es un sistema para resolver conflictos entre dos o m\u00e1s personas, donde un tercero imparcial, o \u201cmediador\u201d, ayuda a las partes a encontrar una soluci\u00f3n pac\u00edfica. \u201cImplica entrenarnos en habilidades y competencias sociales, que enriquecen nuestra vida en comunidad, a nivel personal y familiar\u201d, explica la mediadora Patricia Ar\u00e9chaga, profesora del Instituto de Ciencias de la Familia, ICF. Este proceso, que por esencia parece&hellip;<\/p>\n","category_list_v2":"<a href=\"https:\/\/revistacampus.uandes.cl\/2022\/category\/servir-y-trascender\/\" rel=\"category tag\">Servir y trascender<\/a>","author_info_v2":{"name":"Revista Campus","url":"https:\/\/revistacampus.uandes.cl\/2022\/author\/campus2020\/"},"comments_num_v2":"0 comments","_links":{"self":[{"href":"https:\/\/revistacampus.uandes.cl\/2022\/wp-json\/wp\/v2\/posts\/6870"}],"collection":[{"href":"https:\/\/revistacampus.uandes.cl\/2022\/wp-json\/wp\/v2\/posts"}],"about":[{"href":"https:\/\/revistacampus.uandes.cl\/2022\/wp-json\/wp\/v2\/types\/post"}],"author":[{"embeddable":true,"href":"https:\/\/revistacampus.uandes.cl\/2022\/wp-json\/wp\/v2\/users\/2"}],"replies":[{"embeddable":true,"href":"https:\/\/revistacampus.uandes.cl\/2022\/wp-json\/wp\/v2\/comments?post=6870"}],"version-history":[{"count":9,"href":"https:\/\/revistacampus.uandes.cl\/2022\/wp-json\/wp\/v2\/posts\/6870\/revisions"}],"predecessor-version":[{"id":8206,"href":"https:\/\/revistacampus.uandes.cl\/2022\/wp-json\/wp\/v2\/posts\/6870\/revisions\/8206"}],"wp:featuredmedia":[{"embeddable":true,"href":"https:\/\/revistacampus.uandes.cl\/2022\/wp-json\/wp\/v2\/media\/7568"}],"wp:attachment":[{"href":"https:\/\/revistacampus.uandes.cl\/2022\/wp-json\/wp\/v2\/media?parent=6870"}],"wp:term":[{"taxonomy":"category","embeddable":true,"href":"https:\/\/revistacampus.uandes.cl\/2022\/wp-json\/wp\/v2\/categories?post=6870"},{"taxonomy":"post_tag","embeddable":true,"href":"https:\/\/revistacampus.uandes.cl\/2022\/wp-json\/wp\/v2\/tags?post=6870"}],"curies":[{"name":"wp","href":"https:\/\/api.w.org\/{rel}","templated":true}]}}