{"id":6859,"date":"2022-07-04T19:19:44","date_gmt":"2022-07-04T23:19:44","guid":{"rendered":"https:\/\/revistacampus.uandes.cl\/2022\/?p=6859"},"modified":"2022-09-08T18:18:20","modified_gmt":"2022-09-08T22:18:20","slug":"centro-para-la-ensenanza-de-la-religion-el-desafio-de-acercar-la-religion-catolica-a-los-jovenes-de-hoy","status":"publish","type":"post","link":"https:\/\/revistacampus.uandes.cl\/2022\/centro-para-la-ensenanza-de-la-religion-el-desafio-de-acercar-la-religion-catolica-a-los-jovenes-de-hoy\/","title":{"rendered":"<span class=\"subtitulo\">Centro para la Ense\u00f1anza de la Religi\u00f3n:<\/span><br> El desaf\u00edo de acercar la religi\u00f3n cat\u00f3lica a los j\u00f3venes de hoy"},"content":{"rendered":"\n<p><strong>Ante los desaf\u00edos que enfrentan los profesores y las escuelas de nuestro pa\u00eds para ense\u00f1ar la fe cristiana, el Centro para la Ense\u00f1anza de la Religi\u00f3n busca entregar formaci\u00f3n doctrinal y pedag\u00f3gica actualizada a la luz del magisterio de la Iglesia.<\/strong><\/p>\n\n\n\n<div style=\"height:50px\" aria-hidden=\"true\" class=\"wp-block-spacer\"><\/div>\n\n\n\n<div class=\"wp-block-stackable-separator alignfull stk-block-separator stk--no-padding stk-block stk-7a95aa3\" data-block-id=\"7a95aa3\"><style>.stk-7a95aa3{transform:scaleX(-1) scaleY(-1) !important}.stk-7a95aa3 svg{fill:#000000 !important;filter:none !important}.stk-7a95aa3 .stk-block-separator__inner{height:50px !important}<\/style><div class=\"stk-block-separator__inner\"><svg xmlns=\"http:\/\/www.w3.org\/2000\/svg\" viewBox=\"0 0 1600 200\" class=\"stk-separator__layer-1\" preserveAspectRatio=\"none\" aria-hidden=\"true\"><path d=\"M-10 210h1620V105.2H-10z\"><\/path><\/svg><\/div><\/div>\n\n\n\n<p>En \u00e9poca de r\u00e1pidos cambios, cuando la sobreinformaci\u00f3n abunda, los adolescentes se hacen preguntas sobre la doctrina cristiana, que quienes ense\u00f1an la religi\u00f3n cat\u00f3lica no siempre est\u00e1n preparados para responder. Es por eso que, en enero de 2021, <strong>la <a href=\"http:\/\/www.uandes.cl\" target=\"_blank\" rel=\"noreferrer noopener\">Universidad de los Andes<\/a> cre\u00f3 el<a href=\"https:\/\/www.uandes.cl\/cer\/\" target=\"_blank\" rel=\"noreferrer noopener\"> Centro para la Ense\u00f1anza de la Religi\u00f3n Cat\u00f3lica<\/a> (CER), cuya misi\u00f3n es apoyar el quehacer profesional de profesores de religi\u00f3n de todo Chile.<\/strong><\/p>\n\n\n\n<p>\u201cEl auge de la secularizaci\u00f3n y de la indiferencia religiosa nos incentiva a una innovadora creatividad en la pedagog\u00eda de la fe, y exige a los profesores una profunda formaci\u00f3n disciplinar y una actualizaci\u00f3n permanente de sus estrategias did\u00e1cticas, para llegar a las mentes y los corazones de sus estudiantes con la grandeza de la revelaci\u00f3n divina\u201d, explica <strong><a href=\"https:\/\/www.uandes.cl\/personas\/sofia-de-leon-bassi\/\" target=\"_blank\" rel=\"noreferrer noopener\">Sof\u00eda de Le\u00f3n<\/a>, directora del CER<\/strong>.<\/p>\n\n\n<div class=\"wp-block-image\">\n<figure class=\"aligncenter size-large\"><img decoding=\"async\" loading=\"lazy\" width=\"1024\" height=\"462\" src=\"https:\/\/revistacampus.uandes.cl\/2022\/wp-content\/uploads\/2022\/09\/centro-234241-1024x462.png\" alt=\"\" class=\"wp-image-7815\" srcset=\"https:\/\/revistacampus.uandes.cl\/2022\/wp-content\/uploads\/2022\/09\/centro-234241-1024x462.png 1024w, https:\/\/revistacampus.uandes.cl\/2022\/wp-content\/uploads\/2022\/09\/centro-234241-300x135.png 300w, https:\/\/revistacampus.uandes.cl\/2022\/wp-content\/uploads\/2022\/09\/centro-234241-768x347.png 768w, https:\/\/revistacampus.uandes.cl\/2022\/wp-content\/uploads\/2022\/09\/centro-234241-480x217.png 480w, https:\/\/revistacampus.uandes.cl\/2022\/wp-content\/uploads\/2022\/09\/centro-234241.png 1316w\" sizes=\"(max-width: 1024px) 100vw, 1024px\" \/><figcaption>Antonio Amado, consejero del CER; Cristina Err\u00e1zuriz, rectora subrogante; Solange Favereau, consejera del CER; Luis Romera, profesor de Filosof\u00eda en la Pontificia Universidad de la Santa Cruz en Roma; Javier Segura, delegado de Ense\u00f1anza de la Di\u00f3cesis de Getafe, Espa\u00f1a; Sof\u00eda de Le\u00f3n, directora del CER, e Ignacio Illanes, decano de la Facultad de Educaci\u00f3n, participaron en el Congreso de la Ense\u00f1anza de la Religi\u00f3n Cat\u00f3lica.<\/figcaption><\/figure><\/div>\n\n\n<p>\u201cQueremos que el CER sea un lugar de encuentro y de di\u00e1logo para los profesores y, a la vez, un lugar de desarrollo profesional. Es imprescindible que la clase de religi\u00f3n tenga la seriedad y la calidad propias de su materia y se busca producir una verdadera transformaci\u00f3n en este sentido, para irradiar as\u00ed desde cada aula la verdad de Jesucristo\u201d, agrega.<\/p>\n\n\n\n<h4 class=\"wp-block-heading\"><strong><span style=\"color: #009ea1;\" class=\"stk-highlight\">Seminarios y congresos<\/span><\/strong><\/h4>\n\n\n\n<p>Entre sus m\u00faltiples actividades<strong>, el CER organiz\u00f3 una serie de seminarios en la arquidi\u00f3cesis de Puerto Montt, con los que se ha llegado a m\u00e1s de 100 profesores de religi\u00f3n de distintas localidades de la Regi\u00f3n de los Lagos<\/strong> (<a href=\"https:\/\/www.uandes.cl\/noticias\/profesores-de-la-arquidiocesis-de-puerto-montt-se-perfeccionaron-en-jornada-organizada-por-el-cer-uandes\/\" target=\"_blank\" rel=\"noreferrer noopener\">ver m\u00e1s<\/a>). \u201cFue un regalo esperanzador para compartir con mis estudiantes; me siento agradecido por cada una de las personas que vinieron a compartir su conocimiento y vida en esta experiencia\u201d, coment\u00f3 <strong>Daniel Mena, profesor de religi\u00f3n del colegio Inmaculada Concepci\u00f3n de Puerto Varas<\/strong>.<\/p>\n\n\n\n<div class=\"aligncenter wp-block-ugb-icon ugb-icon ugb-fd0aebc ugb-icon--v2 ugb-icon--design-basic ugb-main-block\"><style>.ugb-fd0aebc .ugb-icon__icon .ugb-icon-inner-svg,.ugb-fd0aebc .ugb-icon__icon .ugb-icon-inner-svg svg{width:100px !important;height:100px !important}.ugb-fd0aebc .ugb-icon__icon .ugb-icon-inner-svg{color:#009ea1 !important}.ugb-fd0aebc .ugb-icon__icon{margin-bottom:-18px !important}.ugb-fd0aebc .ugb-icon__icon .ugb-icon-inner-svg,.ugb-fd0aebc .ugb-icon__icon .ugb-icon-inner-svg svg *{color:#009ea1 !important;fill:#009ea1 !important}@media screen and (min-width:768px){.ugb-fd0aebc > .ugb-inner-block > .ugb-block-content > *{padding-top:0px !important;padding-bottom:0px !important;padding-right:0px !important;padding-left:0px !important}}<\/style><div class=\"ugb-inner-block\"><div class=\"ugb-block-content\"><div class=\"ugb-icon__content-wrapper\"><div class=\"ugb-icon__item ugb-icon__item1\"><div class=\"ugb-icon__icon\" rel=\"\"><div class=\"ugb-icon-inner-svg\"><svg class=\"ugb-custom-icon\" xmlns=\"http:\/\/www.w3.org\/2000\/svg\" viewBox=\"0 0 63.67 42.72\"><defs><style>.cls-1{fill:#d67c1c;}<\/style><\/defs><g id=\"Capa_2\" data-name=\"Capa 2\"><g id=\"Capa_1-2\" data-name=\"Capa 1\"><path class=\"cls-1\" d=\"M16.21,42.72c7.34,0,14.32-5.68,14.32-13.13s-5.32-12.67-12.9-12.67c-9,0-10.17-3.07-10.17-4.61C7.46,9,9.35,5.44,20.71,1.07L20.36,0C10.18,2.84,0,9.94,0,24.74c0,7.21,3.2,18,16.21,18m33.14,0c7.34,0,14.32-5.68,14.32-13.13s-5.32-12.67-12.9-12.67c-9,0-10.18-3.07-10.18-4.61,0-3.31,1.9-6.87,13.26-11.24L53.49,0C43.32,2.84,33.14,9.94,33.14,24.74c0,7.21,3.19,18,16.21,18\"><\/path><\/g><\/g><\/svg><\/div><\/div><\/div><\/div><\/div><\/div><\/div>\n\n\n\n<p class=\"has-text-align-center\"><strong><em>\u201cPensamos que nuestra labor enfrenta un reto esencial e irrenunciable en pos del esp\u00edritu cristiano de la sociedad\u201d.<\/em><\/strong><\/p>\n\n\n\n<p class=\"has-text-align-center\"><strong>Sof\u00eda de Le\u00f3n, <\/strong>directora del CER<\/p>\n\n\n\n<p>Adem\u00e1s, <strong>este a\u00f1o se realiz\u00f3 el <a rel=\"noreferrer noopener\" href=\"https:\/\/www.uandes.cl\/noticias\/congreso-de-la-ensenanza-de-la-religion-catolica-reunio-a-colegios-de-todo-chile\/\" target=\"_blank\">Primer Congreso de la Ense\u00f1anza de la Religi\u00f3n<\/a> en el campus<\/strong>, que cont\u00f3 con una alta convocatoria. Dos d\u00edas de intensa actividad acad\u00e9mica, con invitados internacionales y expositores nacionales, dieron una mirada esperanzadora a las clases de religi\u00f3n. \u201cMi experiencia fue de aquellas que generan un cambio, de esas que te permiten hacer un \u2018clic\u2019 y cambiar de perspectiva, pues no solo aprend\u00ed mucho, sino que algunas de las ponencias me interpelaron personalmente\u201d, asegur\u00f3 <strong>Mar\u00eda Jos\u00e9 Urenda, profesora de Filosof\u00eda y Ciencias Teol\u00f3gicas del Colegio Mackay<\/strong> de Vi\u00f1a del Mar.<\/p>\n\n\n\n<p>Durante el congreso se realizaron tambi\u00e9n talleres de aplicaci\u00f3n y un panel con experiencias exitosas, que reuni\u00f3 a docentes de diferentes realidades educativas, con el objetivo de compartir metodolog\u00edas innovadoras para apoyar el desarrollo de una buena clase.<\/p>\n\n\n\n<div class=\"wp-block-group is-layout-flow wp-block-group-is-layout-flow\"><div class=\"wp-block-group__inner-container\">\n<div class=\"wp-block-stackable-columns stk-block-columns stk-block stk-2253cdf\" data-block-id=\"2253cdf\"><div class=\"stk-row stk-inner-blocks stk-block-content stk-content-align stk-2253cdf-column\">\n<div class=\"wp-block-stackable-column stk-block-column stk-block-column--v2 stk-column stk-block stk-1048c50\" data-block-id=\"1048c50\"><div class=\"stk-column-wrapper stk-block-column__content stk-container stk-1048c50-container stk--no-background stk--no-padding\"><div class=\"stk-block-content stk-inner-blocks stk-1048c50-inner-blocks\">\n<p class=\"has-background\" style=\"background-color:#f0f1f2\">El CER tambi\u00e9n colabora con el programa de <a href=\"https:\/\/www.uandes.cl\/carrera\/pedagogia-media-en-religion-catolica\/\" target=\"_blank\" rel=\"noreferrer noopener\">Pedagog\u00eda Media en Religi\u00f3n Cat\u00f3lica<\/a>, que en sus cinco a\u00f1os de vida ha graduado a 41 nuevos profesores de religi\u00f3n, de la mano de la <a href=\"https:\/\/www.uandes.cl\/facultad\/facultad-de-educacion\/\" target=\"_blank\" rel=\"noreferrer noopener\">Facultad de Educaci\u00f3n<\/a> y el <a href=\"https:\/\/www.uandes.cl\/nosotros\/centro-de-estudios-generales\/\" target=\"_blank\" rel=\"noreferrer noopener\">Centro de Estudios Generales<\/a>.<\/p>\n<\/div><\/div><\/div>\n<\/div><\/div>\n<\/div><\/div>\n\n\n\n<p style=\"font-size:15px\">Por: <a href=\"https:\/\/www.uandes.cl\/personas\/nicole-kazazian\/\" target=\"_blank\" rel=\"noreferrer noopener\">Nicole Kazazian<\/a><\/p>\n","protected":false},"excerpt":{"rendered":"<p>Ante los desaf\u00edos que enfrentan los profesores y las escuelas de nuestro pa\u00eds para ense\u00f1ar la fe cristiana, el Centro para la Ense\u00f1anza de la Religi\u00f3n busca entregar formaci\u00f3n doctrinal y pedag\u00f3gica actualizada a la luz del magisterio de la Iglesia. En \u00e9poca de r\u00e1pidos cambios, cuando la sobreinformaci\u00f3n abunda, los adolescentes se hacen preguntas sobre la doctrina cristiana, que quienes ense\u00f1an la religi\u00f3n cat\u00f3lica no siempre est\u00e1n preparados para responder. Es por eso que, en enero de 2021, la Universidad de los Andes cre\u00f3 el Centro para la Ense\u00f1anza de la Religi\u00f3n Cat\u00f3lica (CER), cuya misi\u00f3n es apoyar el<\/p>\n","protected":false},"author":2,"featured_media":7564,"comment_status":"open","ping_status":"open","sticky":false,"template":"","format":"standard","meta":{"inline_featured_image":false,"_mi_skip_tracking":false,"_monsterinsights_sitenote_active":false,"_monsterinsights_sitenote_note":"","_monsterinsights_sitenote_category":0,"footnotes":""},"categories":[52],"tags":[],"featured_image_urls":{"full":["https:\/\/revistacampus.uandes.cl\/2022\/wp-content\/uploads\/2022\/08\/oratorio.jpg",2047,1366,false],"thumbnail":["https:\/\/revistacampus.uandes.cl\/2022\/wp-content\/uploads\/2022\/08\/oratorio-150x150.jpg",150,150,true],"medium":["https:\/\/revistacampus.uandes.cl\/2022\/wp-content\/uploads\/2022\/08\/oratorio-300x200.jpg",300,200,true],"medium_large":["https:\/\/revistacampus.uandes.cl\/2022\/wp-content\/uploads\/2022\/08\/oratorio-768x513.jpg",768,513,true],"large":["https:\/\/revistacampus.uandes.cl\/2022\/wp-content\/uploads\/2022\/08\/oratorio-1024x683.jpg",1024,683,true],"1536x1536":["https:\/\/revistacampus.uandes.cl\/2022\/wp-content\/uploads\/2022\/08\/oratorio-1536x1025.jpg",1536,1025,true],"2048x2048":["https:\/\/revistacampus.uandes.cl\/2022\/wp-content\/uploads\/2022\/08\/oratorio.jpg",2047,1366,false],"thumbnail-medium":["https:\/\/revistacampus.uandes.cl\/2022\/wp-content\/uploads\/2022\/08\/oratorio-480x384.jpg",480,384,true],"thumbnail-square":["https:\/\/revistacampus.uandes.cl\/2022\/wp-content\/uploads\/2022\/08\/oratorio-480x480.jpg",480,480,true],"thumbnail-portrait":["https:\/\/revistacampus.uandes.cl\/2022\/wp-content\/uploads\/2022\/08\/oratorio-480x600.jpg",480,600,true],"thumbnail-large":["https:\/\/revistacampus.uandes.cl\/2022\/wp-content\/uploads\/2022\/08\/oratorio-720x480.jpg",720,480,true],"thumbnail-medium-nocrop":["https:\/\/revistacampus.uandes.cl\/2022\/wp-content\/uploads\/2022\/08\/oratorio-480x320.jpg",480,320,true]},"post_excerpt_stackable":"<p>Ante los desaf\u00edos que enfrentan los profesores y las escuelas de nuestro pa\u00eds para ense\u00f1ar la fe cristiana, el Centro para la Ense\u00f1anza de la Religi\u00f3n busca entregar formaci\u00f3n doctrinal y pedag\u00f3gica actualizada a la luz del magisterio de la Iglesia. En \u00e9poca de r\u00e1pidos cambios, cuando la sobreinformaci\u00f3n abunda, los adolescentes se hacen preguntas sobre la doctrina cristiana, que quienes ense\u00f1an la religi\u00f3n cat\u00f3lica no siempre est\u00e1n preparados para responder. Es por eso que, en enero de 2021, la Universidad de los Andes cre\u00f3 el Centro para la Ense\u00f1anza de la Religi\u00f3n Cat\u00f3lica (CER), cuya misi\u00f3n es apoyar el&hellip;<\/p>\n","category_list":"<a href=\"https:\/\/revistacampus.uandes.cl\/2022\/category\/servir-y-trascender\/\" rel=\"category tag\">Servir y trascender<\/a>","author_info":{"name":"Revista Campus","url":"https:\/\/revistacampus.uandes.cl\/2022\/author\/campus2020\/"},"comments_num":"0 comments","featured_image_urls_v2":{"full":["https:\/\/revistacampus.uandes.cl\/2022\/wp-content\/uploads\/2022\/08\/oratorio.jpg",2047,1366,false],"thumbnail":["https:\/\/revistacampus.uandes.cl\/2022\/wp-content\/uploads\/2022\/08\/oratorio-150x150.jpg",150,150,true],"medium":["https:\/\/revistacampus.uandes.cl\/2022\/wp-content\/uploads\/2022\/08\/oratorio-300x200.jpg",300,200,true],"medium_large":["https:\/\/revistacampus.uandes.cl\/2022\/wp-content\/uploads\/2022\/08\/oratorio-768x513.jpg",768,513,true],"large":["https:\/\/revistacampus.uandes.cl\/2022\/wp-content\/uploads\/2022\/08\/oratorio-1024x683.jpg",1024,683,true],"1536x1536":["https:\/\/revistacampus.uandes.cl\/2022\/wp-content\/uploads\/2022\/08\/oratorio-1536x1025.jpg",1536,1025,true],"2048x2048":["https:\/\/revistacampus.uandes.cl\/2022\/wp-content\/uploads\/2022\/08\/oratorio.jpg",2047,1366,false],"thumbnail-medium":["https:\/\/revistacampus.uandes.cl\/2022\/wp-content\/uploads\/2022\/08\/oratorio-480x384.jpg",480,384,true],"thumbnail-square":["https:\/\/revistacampus.uandes.cl\/2022\/wp-content\/uploads\/2022\/08\/oratorio-480x480.jpg",480,480,true],"thumbnail-portrait":["https:\/\/revistacampus.uandes.cl\/2022\/wp-content\/uploads\/2022\/08\/oratorio-480x600.jpg",480,600,true],"thumbnail-large":["https:\/\/revistacampus.uandes.cl\/2022\/wp-content\/uploads\/2022\/08\/oratorio-720x480.jpg",720,480,true],"thumbnail-medium-nocrop":["https:\/\/revistacampus.uandes.cl\/2022\/wp-content\/uploads\/2022\/08\/oratorio-480x320.jpg",480,320,true]},"post_excerpt_stackable_v2":"<p>Ante los desaf\u00edos que enfrentan los profesores y las escuelas de nuestro pa\u00eds para ense\u00f1ar la fe cristiana, el Centro para la Ense\u00f1anza de la Religi\u00f3n busca entregar formaci\u00f3n doctrinal y pedag\u00f3gica actualizada a la luz del magisterio de la Iglesia. En \u00e9poca de r\u00e1pidos cambios, cuando la sobreinformaci\u00f3n abunda, los adolescentes se hacen preguntas sobre la doctrina cristiana, que quienes ense\u00f1an la religi\u00f3n cat\u00f3lica no siempre est\u00e1n preparados para responder. Es por eso que, en enero de 2021, la Universidad de los Andes cre\u00f3 el Centro para la Ense\u00f1anza de la Religi\u00f3n Cat\u00f3lica (CER), cuya misi\u00f3n es apoyar el&hellip;<\/p>\n","category_list_v2":"<a href=\"https:\/\/revistacampus.uandes.cl\/2022\/category\/servir-y-trascender\/\" rel=\"category tag\">Servir y trascender<\/a>","author_info_v2":{"name":"Revista Campus","url":"https:\/\/revistacampus.uandes.cl\/2022\/author\/campus2020\/"},"comments_num_v2":"0 comments","_links":{"self":[{"href":"https:\/\/revistacampus.uandes.cl\/2022\/wp-json\/wp\/v2\/posts\/6859"}],"collection":[{"href":"https:\/\/revistacampus.uandes.cl\/2022\/wp-json\/wp\/v2\/posts"}],"about":[{"href":"https:\/\/revistacampus.uandes.cl\/2022\/wp-json\/wp\/v2\/types\/post"}],"author":[{"embeddable":true,"href":"https:\/\/revistacampus.uandes.cl\/2022\/wp-json\/wp\/v2\/users\/2"}],"replies":[{"embeddable":true,"href":"https:\/\/revistacampus.uandes.cl\/2022\/wp-json\/wp\/v2\/comments?post=6859"}],"version-history":[{"count":10,"href":"https:\/\/revistacampus.uandes.cl\/2022\/wp-json\/wp\/v2\/posts\/6859\/revisions"}],"predecessor-version":[{"id":8219,"href":"https:\/\/revistacampus.uandes.cl\/2022\/wp-json\/wp\/v2\/posts\/6859\/revisions\/8219"}],"wp:featuredmedia":[{"embeddable":true,"href":"https:\/\/revistacampus.uandes.cl\/2022\/wp-json\/wp\/v2\/media\/7564"}],"wp:attachment":[{"href":"https:\/\/revistacampus.uandes.cl\/2022\/wp-json\/wp\/v2\/media?parent=6859"}],"wp:term":[{"taxonomy":"category","embeddable":true,"href":"https:\/\/revistacampus.uandes.cl\/2022\/wp-json\/wp\/v2\/categories?post=6859"},{"taxonomy":"post_tag","embeddable":true,"href":"https:\/\/revistacampus.uandes.cl\/2022\/wp-json\/wp\/v2\/tags?post=6859"}],"curies":[{"name":"wp","href":"https:\/\/api.w.org\/{rel}","templated":true}]}}