{"id":6833,"date":"2022-07-05T19:05:52","date_gmt":"2022-07-05T23:05:52","guid":{"rendered":"https:\/\/revistacampus.uandes.cl\/2022\/?p=6833"},"modified":"2022-09-08T18:28:44","modified_gmt":"2022-09-08T22:28:44","slug":"destacados-clinica-2022","status":"publish","type":"post","link":"https:\/\/revistacampus.uandes.cl\/2022\/destacados-clinica-2022\/","title":{"rendered":"Destacados Cl\u00ednica"},"content":{"rendered":"\n<div style=\"height:50px\" aria-hidden=\"true\" class=\"wp-block-spacer\"><\/div>\n\n\n\n<div class=\"wp-block-stackable-separator alignfull stk-block-separator stk--no-padding stk-block stk-7a95aa3\" data-block-id=\"7a95aa3\"><style>.stk-7a95aa3{transform:scaleX(-1) scaleY(-1) !important}.stk-7a95aa3 svg{fill:#000000 !important;filter:none !important}.stk-7a95aa3 .stk-block-separator__inner{height:50px !important}<\/style><div class=\"stk-block-separator__inner\"><svg xmlns=\"http:\/\/www.w3.org\/2000\/svg\" viewBox=\"0 0 1600 200\" class=\"stk-separator__layer-1\" preserveAspectRatio=\"none\" aria-hidden=\"true\"><path d=\"M-10 210h1620V105.2H-10z\"><\/path><\/svg><\/div><\/div>\n\n\n\n<div class=\"alignfull wp-block-ugb-container ugb-container borde ugb-1c3c7ff ugb-container--v2 ugb-container--design-plain ugb-main-block ugb-main-block--inner-center ugb--has-block-background\"><style>.ugb-1c3c7ff.ugb-container{background-color:#ffffff}.ugb-1c3c7ff{padding:0 !important}.ugb-1c3c7ff.ugb-container:before{background-color:#ffffff}<\/style><div class=\"ugb-inner-block ugb-inner-block--center\"><div class=\"ugb-block-content\"><div class=\"ugb-container__wrapper ugb-1c3c7ff-wrapper\"><div class=\"ugb-container__side\"><div class=\"ugb-container__content-wrapper ugb-1c3c7ff-content-wrapper\">\n<div class=\"wp-block-ugb-columns ugb-columns ugb-c77f634 ugb-columns--design-plain ugb-columns--columns-2 ugb-main-block\"><div class=\"ugb-inner-block\"><div class=\"ugb-block-content\"><div class=\"ugb-columns__item ugb-c77f634-content-wrapper\">\n<div class=\"wp-block-ugb-column ugb-column ugb-84d00b5 ugb-column--design-plain ugb-main-block\"><div class=\"ugb-inner-block\"><div class=\"ugb-block-content\"><div class=\"ugb-column__item ugb-84d00b5-column-wrapper\"><div class=\"ugb-column__content-wrapper\">\n<figure class=\"wp-block-image size-large\"><img decoding=\"async\" loading=\"lazy\" width=\"1024\" height=\"678\" src=\"https:\/\/revistacampus.uandes.cl\/2022\/wp-content\/uploads\/2022\/09\/Centro_de_Enfermedades_Respiratorias-1024x678.jpg\" alt=\"\" class=\"wp-image-8129\" srcset=\"https:\/\/revistacampus.uandes.cl\/2022\/wp-content\/uploads\/2022\/09\/Centro_de_Enfermedades_Respiratorias-1024x678.jpg 1024w, https:\/\/revistacampus.uandes.cl\/2022\/wp-content\/uploads\/2022\/09\/Centro_de_Enfermedades_Respiratorias-300x199.jpg 300w, https:\/\/revistacampus.uandes.cl\/2022\/wp-content\/uploads\/2022\/09\/Centro_de_Enfermedades_Respiratorias-768x509.jpg 768w, https:\/\/revistacampus.uandes.cl\/2022\/wp-content\/uploads\/2022\/09\/Centro_de_Enfermedades_Respiratorias-1536x1018.jpg 1536w, https:\/\/revistacampus.uandes.cl\/2022\/wp-content\/uploads\/2022\/09\/Centro_de_Enfermedades_Respiratorias-2048x1357.jpg 2048w, https:\/\/revistacampus.uandes.cl\/2022\/wp-content\/uploads\/2022\/09\/Centro_de_Enfermedades_Respiratorias-480x318.jpg 480w\" sizes=\"(max-width: 1024px) 100vw, 1024px\" \/><\/figure>\n<\/div><\/div><\/div><\/div><\/div>\n\n\n\n<div class=\"wp-block-ugb-column ugb-column ugb-18603e1 ugb-column--design-plain ugb-main-block\"><div class=\"ugb-inner-block\"><div class=\"ugb-block-content\"><div class=\"ugb-column__item ugb-18603e1-column-wrapper\"><div class=\"ugb-column__content-wrapper\">\n<h4 class=\"wp-block-heading\"><span style=\"color: #8ccb00;\" class=\"stk-highlight\">Centro de Enfermedades Respiratorias<\/span><\/h4>\n\n\n\n<p>En marzo de 2022, la <a href=\"http:\/\/www.clinicauandes.cl\" target=\"_blank\" rel=\"noreferrer noopener\">Cl\u00ednica Universidad de los Andes<\/a> inaugur\u00f3 oficialmente las instalaciones de su nuevo <a href=\"https:\/\/www.clinicauandes.cl\/centros-y-programas\/centros\/centro-de-enfermedades-respiratorias\" target=\"_blank\" rel=\"noreferrer noopener\"><strong>Centro de Enfermedades Respiratorias y Alergias<\/strong><\/a>, totalizando <a href=\"https:\/\/www.clinicauandes.cl\/centros-y-programas\" target=\"_blank\" rel=\"noreferrer noopener\">11 centros de atenci\u00f3n especializados<\/a>. Este re\u00fane en un solo lugar consultas m\u00e9dicas, quir\u00fargicas, laboratorio pulmonar, laboratorio de alergias y un gimnasio de rehabilitaci\u00f3n pulmonar, adem\u00e1s de varios programas de atenci\u00f3n, a cargo de un equipo multidisciplinario de m\u00e9dicos, enfermeras, TENS, tecn\u00f3logos m\u00e9dicos y kinesi\u00f3logos.<\/p>\n<\/div><\/div><\/div><\/div><\/div>\n<\/div><\/div><\/div><\/div>\n<\/div><\/div><\/div><\/div><\/div><\/div>\n\n\n\n<div class=\"alignfull wp-block-ugb-container ugb-container borde ugb-9afc8ed ugb-container--v2 ugb-container--design-plain ugb-main-block ugb-main-block--inner-center ugb--has-block-background\"><style>.ugb-9afc8ed.ugb-container{background-color:#ededed}.ugb-9afc8ed{padding:0 !important}.ugb-9afc8ed.ugb-container:before{background-color:#ededed}<\/style><div class=\"ugb-inner-block ugb-inner-block--center\"><div class=\"ugb-block-content\"><div class=\"ugb-container__wrapper ugb-9afc8ed-wrapper\"><div class=\"ugb-container__side\"><div class=\"ugb-container__content-wrapper ugb-9afc8ed-content-wrapper\">\n<div class=\"wp-block-ugb-columns ugb-columns ugb-e090885 ugb-columns--design-plain ugb-columns--columns-2 ugb-main-block\"><style>.ugb-e090885-content-wrapper > .ugb-column{align-items:center !important}.ugb-e090885-content-wrapper > .ugb-column > .ugb-inner-block{height:auto !important}<\/style><div class=\"ugb-inner-block\"><div class=\"ugb-block-content\"><div class=\"ugb-columns__item ugb-e090885-content-wrapper\">\n<div class=\"wp-block-ugb-column ugb-column ugb-0d7c524 ugb-column--design-plain ugb-main-block\"><div class=\"ugb-inner-block\"><div class=\"ugb-block-content\"><div class=\"ugb-column__item ugb-0d7c524-column-wrapper\"><div class=\"ugb-column__content-wrapper\">\n<h4 class=\"wp-block-heading\"><span style=\"color: #8ccb00;\" class=\"stk-highlight\">Pioneros en cirug\u00eda intrauterina<\/span><\/h4>\n\n\n\n<p><strong>La <a rel=\"noreferrer noopener\" href=\"http:\/\/www.clinicauandes.cl\" target=\"_blank\">Cl\u00ednica UANDES<\/a> es uno de los 10 establecimientos a nivel mundial, y el \u00fanico en Chile, que realiza<a rel=\"noreferrer noopener\" href=\"https:\/\/www.clinicauandes.cl\/noticia\/cirugia-fetal-endoscopica-corrige-espina-bifida\" target=\"_blank\"> cirug\u00eda fetal endosc\u00f3pica<\/a> para corregir la espina b\u00edfida abierta, o mielomeningocele<\/strong>. Este procedimiento, realizado por el <a rel=\"noreferrer noopener\" href=\"https:\/\/www.clinicauandes.cl\/maternidad\" target=\"_blank\">Equipo de Medicina Materno Fetal<\/a>, permite cerrar la malformaci\u00f3n de la columna y aminorar los riesgos maternos. La probabilidad de v\u00e1lvula por hidrocefalia se reduce a la mitad y un porcentaje importante de los ni\u00f1os operados es capaz de caminar, lo que genera una serie de beneficios neurol\u00f3gicos. El equipo, liderado por los doctores <a rel=\"noreferrer noopener\" href=\"https:\/\/www.clinicauandes.cl\/profesionales\/perfil\/dr-masami-yamamoto-cortes\" target=\"_blank\">Masami Yamamoto<\/a>, <a rel=\"noreferrer noopener\" href=\"https:\/\/www.clinicauandes.cl\/profesionales\/perfil\/dr-felipe-moyano-perez\" target=\"_blank\">Felipe Moyano<\/a> y <a rel=\"noreferrer noopener\" href=\"https:\/\/www.clinicauandes.cl\/profesionales\/perfil\/dr-horacio-figueroa-diesel\" target=\"_blank\">Horacio Figueroa<\/a>, ya <strong>ha realizado 20 cirug\u00edas en cuatro a\u00f1os, casi la mitad de ellas a trav\u00e9s de la <a rel=\"noreferrer noopener\" href=\"https:\/\/fuandes.cl\/\" target=\"_blank\">Fundaci\u00f3n UANDES<\/a><\/strong>, mejorando la calidad de vida de los ni\u00f1os y sus familias.<\/p>\n<\/div><\/div><\/div><\/div><\/div>\n\n\n\n<div class=\"wp-block-ugb-column ugb-column ugb-5d5a071 ugb-column--design-plain ugb-main-block\"><div class=\"ugb-inner-block\"><div class=\"ugb-block-content\"><div class=\"ugb-column__item ugb-5d5a071-column-wrapper\"><div class=\"ugb-column__content-wrapper\">\n<figure class=\"wp-block-image size-large\"><img decoding=\"async\" loading=\"lazy\" width=\"1024\" height=\"494\" src=\"https:\/\/revistacampus.uandes.cl\/2022\/wp-content\/uploads\/2022\/09\/medicos2022-1024x494.jpg\" alt=\"\" class=\"wp-image-8142\" srcset=\"https:\/\/revistacampus.uandes.cl\/2022\/wp-content\/uploads\/2022\/09\/medicos2022-1024x494.jpg 1024w, https:\/\/revistacampus.uandes.cl\/2022\/wp-content\/uploads\/2022\/09\/medicos2022-300x145.jpg 300w, https:\/\/revistacampus.uandes.cl\/2022\/wp-content\/uploads\/2022\/09\/medicos2022-768x371.jpg 768w, https:\/\/revistacampus.uandes.cl\/2022\/wp-content\/uploads\/2022\/09\/medicos2022-1536x742.jpg 1536w, https:\/\/revistacampus.uandes.cl\/2022\/wp-content\/uploads\/2022\/09\/medicos2022-2048x989.jpg 2048w, https:\/\/revistacampus.uandes.cl\/2022\/wp-content\/uploads\/2022\/09\/medicos2022-480x232.jpg 480w\" sizes=\"(max-width: 1024px) 100vw, 1024px\" \/><\/figure>\n<\/div><\/div><\/div><\/div><\/div>\n<\/div><\/div><\/div><\/div>\n<\/div><\/div><\/div><\/div><\/div><\/div>\n\n\n\n<div class=\"alignfull wp-block-ugb-container ugb-container borde ugb-46844b4 ugb-container--v2 ugb-container--design-plain ugb-main-block ugb-main-block--inner-center ugb--has-block-background\"><style>.ugb-46844b4{padding:0 !important}<\/style><div class=\"ugb-inner-block ugb-inner-block--center\"><div class=\"ugb-block-content\"><div class=\"ugb-container__wrapper ugb-46844b4-wrapper\"><div class=\"ugb-container__side\"><div class=\"ugb-container__content-wrapper ugb-46844b4-content-wrapper\">\n<div class=\"wp-block-ugb-columns ugb-columns ugb-bbcd43e ugb-columns--design-plain ugb-columns--columns-2 ugb-main-block\"><style>.ugb-bbcd43e-content-wrapper > .ugb-column{align-items:center !important}.ugb-bbcd43e-content-wrapper > .ugb-column > .ugb-inner-block{height:auto !important}<\/style><div class=\"ugb-inner-block\"><div class=\"ugb-block-content\"><div class=\"ugb-columns__item ugb-bbcd43e-content-wrapper\">\n<div class=\"wp-block-ugb-column ugb-column ugb-9f0f280 ugb-column--design-plain ugb-main-block\"><div class=\"ugb-inner-block\"><div class=\"ugb-block-content\"><div class=\"ugb-column__item ugb-9f0f280-column-wrapper\"><div class=\"ugb-column__content-wrapper\">\n<figure class=\"wp-block-image size-large\"><img decoding=\"async\" loading=\"lazy\" width=\"1024\" height=\"683\" src=\"https:\/\/revistacampus.uandes.cl\/2022\/wp-content\/uploads\/2022\/09\/Fundacion_UANDES_22R-1024x683.jpg\" alt=\"\" class=\"wp-image-8139\" srcset=\"https:\/\/revistacampus.uandes.cl\/2022\/wp-content\/uploads\/2022\/09\/Fundacion_UANDES_22R-1024x683.jpg 1024w, https:\/\/revistacampus.uandes.cl\/2022\/wp-content\/uploads\/2022\/09\/Fundacion_UANDES_22R-300x200.jpg 300w, https:\/\/revistacampus.uandes.cl\/2022\/wp-content\/uploads\/2022\/09\/Fundacion_UANDES_22R-768x512.jpg 768w, https:\/\/revistacampus.uandes.cl\/2022\/wp-content\/uploads\/2022\/09\/Fundacion_UANDES_22R-720x480.jpg 720w, https:\/\/revistacampus.uandes.cl\/2022\/wp-content\/uploads\/2022\/09\/Fundacion_UANDES_22R-480x320.jpg 480w, https:\/\/revistacampus.uandes.cl\/2022\/wp-content\/uploads\/2022\/09\/Fundacion_UANDES_22R.jpg 1417w\" sizes=\"(max-width: 1024px) 100vw, 1024px\" \/><\/figure>\n<\/div><\/div><\/div><\/div><\/div>\n\n\n\n<div class=\"wp-block-ugb-column ugb-column ugb-bfcf8e3 ugb-column--design-plain ugb-main-block\"><div class=\"ugb-inner-block\"><div class=\"ugb-block-content\"><div class=\"ugb-column__item ugb-bfcf8e3-column-wrapper\"><div class=\"ugb-column__content-wrapper\">\n<h4 class=\"wp-block-heading\"><span style=\"color: #8ccb00;\" class=\"stk-highlight\">M\u00e1s de 1.100 pacientes atendidos gratuitamente<\/span><\/h4>\n\n\n\n<p>Hace tres a\u00f1os se cre\u00f3 la <strong><a rel=\"noreferrer noopener\" href=\"https:\/\/www.clinicauandes.cl\/responsabilidad-social\/cirugias-de-beneficiencia\" target=\"_blank\">Fundaci\u00f3n UANDES<\/a>, con el objetivo de impactar en la calidad de vida de las personas y terminar con sus a\u00f1os de espera para ser operados<\/strong>. Con su apoyo, el primer trimestre de 2022 m\u00e1s de 300 personas en condici\u00f3n de vulnerabilidad, que se encontraban esperando una cirug\u00eda en hospitales p\u00fablicos, <strong>pudieron ser intervenidas gratuitamente en la <a rel=\"noreferrer noopener\" href=\"http:\/\/www.clinicauandes.cl\" target=\"_blank\">Cl\u00ednica Universidad de los Andes<\/a><\/strong>, <strong>totalizando <a href=\"https:\/\/www.clinicauandes.cl\/noticia\/con-donaciones-financiamos-297-cirugias-de-beneficencia-el-primer-semestre\" target=\"_blank\" rel=\"noreferrer noopener\">m\u00e1s de mil beneficiados<\/a> desde su creaci\u00f3n<\/strong>. \u201cEste hito se concret\u00f3 gracias al compromiso de muchos: equipos de hospitales, de la Cl\u00ednica y donantes\u201d, cuenta <strong>Francisca Ducci, gerente de la Fundaci\u00f3n<\/strong>. \u201cLa pandemia le trajo muchas complicaciones al sector de la salud, lo que nos supuso muchos desaf\u00edos, y nos anima a trabajar por quienes esperan por una cirug\u00eda\u201d.<\/p>\n<\/div><\/div><\/div><\/div><\/div>\n<\/div><\/div><\/div><\/div>\n<\/div><\/div><\/div><\/div><\/div><\/div>\n","protected":false},"excerpt":{"rendered":"<p>El nuevo Centro de Enfermedades Respiratorias, superar los mil pacientes atendidos gratuitamente a trav\u00e9s de la Fundaci\u00f3n UANDES y el equipo pionero en cirug\u00eda intrauterina son algunas de las novedades de la Cl\u00ednica UANDES.<\/p>\n","protected":false},"author":2,"featured_media":8138,"comment_status":"open","ping_status":"open","sticky":false,"template":"","format":"standard","meta":{"inline_featured_image":false,"_mi_skip_tracking":false,"_monsterinsights_sitenote_active":false,"_monsterinsights_sitenote_note":"","_monsterinsights_sitenote_category":0,"footnotes":""},"categories":[52],"tags":[],"featured_image_urls":{"full":["https:\/\/revistacampus.uandes.cl\/2022\/wp-content\/uploads\/2022\/09\/Fundacion_UANDES_R.jpg",1417,945,false],"thumbnail":["https:\/\/revistacampus.uandes.cl\/2022\/wp-content\/uploads\/2022\/09\/Fundacion_UANDES_R-150x150.jpg",150,150,true],"medium":["https:\/\/revistacampus.uandes.cl\/2022\/wp-content\/uploads\/2022\/09\/Fundacion_UANDES_R-300x200.jpg",300,200,true],"medium_large":["https:\/\/revistacampus.uandes.cl\/2022\/wp-content\/uploads\/2022\/09\/Fundacion_UANDES_R-768x512.jpg",768,512,true],"large":["https:\/\/revistacampus.uandes.cl\/2022\/wp-content\/uploads\/2022\/09\/Fundacion_UANDES_R-1024x683.jpg",1024,683,true],"1536x1536":["https:\/\/revistacampus.uandes.cl\/2022\/wp-content\/uploads\/2022\/09\/Fundacion_UANDES_R.jpg",1417,945,false],"2048x2048":["https:\/\/revistacampus.uandes.cl\/2022\/wp-content\/uploads\/2022\/09\/Fundacion_UANDES_R.jpg",1417,945,false],"thumbnail-medium":["https:\/\/revistacampus.uandes.cl\/2022\/wp-content\/uploads\/2022\/09\/Fundacion_UANDES_R-480x384.jpg",480,384,true],"thumbnail-square":["https:\/\/revistacampus.uandes.cl\/2022\/wp-content\/uploads\/2022\/09\/Fundacion_UANDES_R-480x480.jpg",480,480,true],"thumbnail-portrait":["https:\/\/revistacampus.uandes.cl\/2022\/wp-content\/uploads\/2022\/09\/Fundacion_UANDES_R-480x600.jpg",480,600,true],"thumbnail-large":["https:\/\/revistacampus.uandes.cl\/2022\/wp-content\/uploads\/2022\/09\/Fundacion_UANDES_R-720x480.jpg",720,480,true],"thumbnail-medium-nocrop":["https:\/\/revistacampus.uandes.cl\/2022\/wp-content\/uploads\/2022\/09\/Fundacion_UANDES_R-480x320.jpg",480,320,true]},"post_excerpt_stackable":"<p>El nuevo Centro de Enfermedades Respiratorias, superar los mil pacientes atendidos gratuitamente a trav\u00e9s de la Fundaci\u00f3n UANDES y el equipo pionero en cirug\u00eda intrauterina son algunas de las novedades de la Cl\u00ednica UANDES.<\/p>\n","category_list":"<a href=\"https:\/\/revistacampus.uandes.cl\/2022\/category\/servir-y-trascender\/\" rel=\"category tag\">Servir y trascender<\/a>","author_info":{"name":"Revista Campus","url":"https:\/\/revistacampus.uandes.cl\/2022\/author\/campus2020\/"},"comments_num":"0 comments","featured_image_urls_v2":{"full":["https:\/\/revistacampus.uandes.cl\/2022\/wp-content\/uploads\/2022\/09\/Fundacion_UANDES_R.jpg",1417,945,false],"thumbnail":["https:\/\/revistacampus.uandes.cl\/2022\/wp-content\/uploads\/2022\/09\/Fundacion_UANDES_R-150x150.jpg",150,150,true],"medium":["https:\/\/revistacampus.uandes.cl\/2022\/wp-content\/uploads\/2022\/09\/Fundacion_UANDES_R-300x200.jpg",300,200,true],"medium_large":["https:\/\/revistacampus.uandes.cl\/2022\/wp-content\/uploads\/2022\/09\/Fundacion_UANDES_R-768x512.jpg",768,512,true],"large":["https:\/\/revistacampus.uandes.cl\/2022\/wp-content\/uploads\/2022\/09\/Fundacion_UANDES_R-1024x683.jpg",1024,683,true],"1536x1536":["https:\/\/revistacampus.uandes.cl\/2022\/wp-content\/uploads\/2022\/09\/Fundacion_UANDES_R.jpg",1417,945,false],"2048x2048":["https:\/\/revistacampus.uandes.cl\/2022\/wp-content\/uploads\/2022\/09\/Fundacion_UANDES_R.jpg",1417,945,false],"thumbnail-medium":["https:\/\/revistacampus.uandes.cl\/2022\/wp-content\/uploads\/2022\/09\/Fundacion_UANDES_R-480x384.jpg",480,384,true],"thumbnail-square":["https:\/\/revistacampus.uandes.cl\/2022\/wp-content\/uploads\/2022\/09\/Fundacion_UANDES_R-480x480.jpg",480,480,true],"thumbnail-portrait":["https:\/\/revistacampus.uandes.cl\/2022\/wp-content\/uploads\/2022\/09\/Fundacion_UANDES_R-480x600.jpg",480,600,true],"thumbnail-large":["https:\/\/revistacampus.uandes.cl\/2022\/wp-content\/uploads\/2022\/09\/Fundacion_UANDES_R-720x480.jpg",720,480,true],"thumbnail-medium-nocrop":["https:\/\/revistacampus.uandes.cl\/2022\/wp-content\/uploads\/2022\/09\/Fundacion_UANDES_R-480x320.jpg",480,320,true]},"post_excerpt_stackable_v2":"<p>El nuevo Centro de Enfermedades Respiratorias, superar los mil pacientes atendidos gratuitamente a trav\u00e9s de la Fundaci\u00f3n UANDES y el equipo pionero en cirug\u00eda intrauterina son algunas de las novedades de la Cl\u00ednica UANDES.<\/p>\n","category_list_v2":"<a href=\"https:\/\/revistacampus.uandes.cl\/2022\/category\/servir-y-trascender\/\" rel=\"category tag\">Servir y trascender<\/a>","author_info_v2":{"name":"Revista Campus","url":"https:\/\/revistacampus.uandes.cl\/2022\/author\/campus2020\/"},"comments_num_v2":"0 comments","_links":{"self":[{"href":"https:\/\/revistacampus.uandes.cl\/2022\/wp-json\/wp\/v2\/posts\/6833"}],"collection":[{"href":"https:\/\/revistacampus.uandes.cl\/2022\/wp-json\/wp\/v2\/posts"}],"about":[{"href":"https:\/\/revistacampus.uandes.cl\/2022\/wp-json\/wp\/v2\/types\/post"}],"author":[{"embeddable":true,"href":"https:\/\/revistacampus.uandes.cl\/2022\/wp-json\/wp\/v2\/users\/2"}],"replies":[{"embeddable":true,"href":"https:\/\/revistacampus.uandes.cl\/2022\/wp-json\/wp\/v2\/comments?post=6833"}],"version-history":[{"count":15,"href":"https:\/\/revistacampus.uandes.cl\/2022\/wp-json\/wp\/v2\/posts\/6833\/revisions"}],"predecessor-version":[{"id":8179,"href":"https:\/\/revistacampus.uandes.cl\/2022\/wp-json\/wp\/v2\/posts\/6833\/revisions\/8179"}],"wp:featuredmedia":[{"embeddable":true,"href":"https:\/\/revistacampus.uandes.cl\/2022\/wp-json\/wp\/v2\/media\/8138"}],"wp:attachment":[{"href":"https:\/\/revistacampus.uandes.cl\/2022\/wp-json\/wp\/v2\/media?parent=6833"}],"wp:term":[{"taxonomy":"category","embeddable":true,"href":"https:\/\/revistacampus.uandes.cl\/2022\/wp-json\/wp\/v2\/categories?post=6833"},{"taxonomy":"post_tag","embeddable":true,"href":"https:\/\/revistacampus.uandes.cl\/2022\/wp-json\/wp\/v2\/tags?post=6833"}],"curies":[{"name":"wp","href":"https:\/\/api.w.org\/{rel}","templated":true}]}}