{"id":6624,"date":"2022-07-08T20:59:41","date_gmt":"2022-07-09T00:59:41","guid":{"rendered":"https:\/\/revistacampus.uandes.cl\/2022\/?p=6624"},"modified":"2022-09-08T18:19:23","modified_gmt":"2022-09-08T22:19:23","slug":"programa-de-acompanamiento-al-paciente-y-su-familia-de-la-clinica-uandes-lo-que-mueve-es-el-bien-del-otro","status":"publish","type":"post","link":"https:\/\/revistacampus.uandes.cl\/2022\/programa-de-acompanamiento-al-paciente-y-su-familia-de-la-clinica-uandes-lo-que-mueve-es-el-bien-del-otro\/","title":{"rendered":"<span class=\"subtitulo\">Programa de Acompa\u00f1amiento al Paciente y su Familia de la Cl\u00ednica UANDES<\/span><br> \u201cLo que mueve es el bien del otro\u201d"},"content":{"rendered":"\n<p><strong>Son hombres y mujeres, que donan su tiempo, entregan apoyo, acompa\u00f1an y escuchan a quienes, producto de una enfermedad, deben estar semanas o meses hospitalizados. Ellos ofrecen compa\u00f1\u00eda sin esperar retribuci\u00f3n, y aseguran recibir mucho m\u00e1s de lo que dan.<\/strong><\/p>\n\n\n\n<div style=\"height:50px\" aria-hidden=\"true\" class=\"wp-block-spacer\"><\/div>\n\n\n\n<div class=\"wp-block-stackable-separator alignfull stk-block-separator stk--no-padding stk-block stk-7a95aa3\" data-block-id=\"7a95aa3\"><style>.stk-7a95aa3{transform:scaleX(-1) scaleY(-1) !important}.stk-7a95aa3 svg{fill:#000000 !important;filter:none !important}.stk-7a95aa3 .stk-block-separator__inner{height:50px !important}<\/style><div class=\"stk-block-separator__inner\"><svg xmlns=\"http:\/\/www.w3.org\/2000\/svg\" viewBox=\"0 0 1600 200\" class=\"stk-separator__layer-1\" preserveAspectRatio=\"none\" aria-hidden=\"true\"><path d=\"M-10 210h1620V105.2H-10z\"><\/path><\/svg><\/div><\/div>\n\n\n\n<p>No son m\u00e9dicos ni forman parte del personal cl\u00ednico, pero su labor puede ser clave para la recuperaci\u00f3n y mejor\u00eda emocional de los enfermos. Son estudiantes de distintas carreras de la UANDES y tambi\u00e9n miembros de la comunidad, que participan voluntariamente en el <strong><a rel=\"noreferrer noopener\" href=\"https:\/\/www.clinicauandes.cl\/responsabilidad-social\/voluntariado\" target=\"_blank\">Programa de Acompa\u00f1amiento al Paciente y su Familia<\/a> de la <a rel=\"noreferrer noopener\" href=\"https:\/\/www.clinicauandes.cl\/\" target=\"_blank\">Cl\u00ednica Universidad de los Andes<\/a><\/strong>.<\/p>\n\n\n\n<div class=\"wp-block-ugb-columns ugb-columns ugb-33ee81f ugb-columns--design-plain ugb-columns--columns-2 ugb-main-block\"><style>.ugb-33ee81f > .ugb-inner-block > .ugb-block-content > .ugb-columns__item{grid-template-columns:1.20fr 0.80fr !important}<\/style><div class=\"ugb-inner-block\"><div class=\"ugb-block-content\"><div class=\"ugb-columns__item ugb-33ee81f-content-wrapper\">\n<div class=\"wp-block-ugb-column ugb-column ugb-73853e7 ugb-column--design-plain ugb-main-block\"><div class=\"ugb-inner-block\"><div class=\"ugb-block-content\"><div class=\"ugb-column__item ugb-73853e7-column-wrapper\"><div class=\"ugb-column__content-wrapper\">\n<p>Inspirado en la atenci\u00f3n de <a rel=\"noreferrer noopener\" href=\"https:\/\/opusdei.org\/es-es\/saint-josemaria\/\" target=\"_blank\">san Josemar\u00eda<\/a> a los enfermos, el programa comenz\u00f3 en 2017 para apoyar a quienes eran derivados de hospitales p\u00fablicos, proven\u00edan de distintas regiones del pa\u00eds y no ten\u00edan recursos ni redes de apoyo. Con el paso del tiempo, su \u00e1mbito de acci\u00f3n se ha ampliado y hoy asisten a todos los pacientes que, por uno u otro motivo, necesitan de su apoyo.<\/p>\n\n\n\n<p>\u00bfEn qu\u00e9 consiste su trabajo? \u201cEs estar presente\u201d, se\u00f1ala <strong>Sebasti\u00e1n Saba, alumno de <a href=\"https:\/\/www.uandes.cl\/carrera\/medicina\/\" target=\"_blank\" rel=\"noreferrer noopener\">Medicina UANDES<\/a><\/strong>, uno de los 30 voluntarios acreditados para acompa\u00f1ar, escuchar, entregar momentos de distracci\u00f3n y dar una mano a quienes est\u00e1n hospitalizados.<\/p>\n\n\n\n<p>Sebasti\u00e1n, como muchos otros, fue testigo de la soledad que se vivi\u00f3 en pandemia. Esto lo motiv\u00f3 a unirse a este proyecto. \u201cMucha gente no lo pas\u00f3 bien, y cuando se tiene una enfermedad, uno est\u00e1 con menos disposici\u00f3n a enfrentar sus problemas. Como voluntario, espero contribuir a que las personas tengan un mejor pasar con la enfermedad\u201d.<\/p>\n<\/div><\/div><\/div><\/div><\/div>\n\n\n\n<div class=\"wp-block-ugb-column ugb-column ugb-042b9f9 ugb-column--design-plain ugb-main-block\"><div class=\"ugb-inner-block\"><div class=\"ugb-block-content\"><div class=\"ugb-column__item ugb-042b9f9-column-wrapper\"><div class=\"ugb-column__content-wrapper\">\n<figure class=\"wp-block-image size-large\"><img decoding=\"async\" loading=\"lazy\" width=\"576\" height=\"1024\" src=\"https:\/\/revistacampus.uandes.cl\/2022\/wp-content\/uploads\/2022\/08\/image0--576x1024.jpg\" alt=\"\" class=\"wp-image-7457\" srcset=\"https:\/\/revistacampus.uandes.cl\/2022\/wp-content\/uploads\/2022\/08\/image0--576x1024.jpg 576w, https:\/\/revistacampus.uandes.cl\/2022\/wp-content\/uploads\/2022\/08\/image0--169x300.jpg 169w, https:\/\/revistacampus.uandes.cl\/2022\/wp-content\/uploads\/2022\/08\/image0--480x853.jpg 480w, https:\/\/revistacampus.uandes.cl\/2022\/wp-content\/uploads\/2022\/08\/image0-.jpg 720w\" sizes=\"(max-width: 576px) 100vw, 576px\" \/><figcaption>El programa de Acompa\u00f1amiento tambi\u00e9n ofrece apoyo a trav\u00e9s de la <a href=\"https:\/\/bancoderopa.cl\/\" target=\"_blank\" rel=\"noreferrer noopener\">fundaci\u00f3n Banco de Ropa<\/a>, como es el caso de este paciente haitiano derivado del Hospital Regional de Los Andes.<\/figcaption><\/figure>\n<\/div><\/div><\/div><\/div><\/div>\n<\/div><\/div><\/div><\/div>\n\n\n\n<p><strong>Mar\u00eda Paz Court es vecina de la Cl\u00ednica<\/strong>, y hace dos a\u00f1os es voluntaria. Para ella, los d\u00edas que visita a enfermos son sagrados. \u201cOjal\u00e1 tuviera m\u00e1s tiempo. Me siento feliz colaborando. Es entrega de verdad. Uno no espera nada a cambio, pero al final recibes mucho. Creces y te sientes m\u00e1s pleno\u201d.<\/p>\n\n\n\n<p>Una de las vivencias que recuerda Mar\u00eda Paz, fue darle apego a un reci\u00e9n nacido. \u201cComo su mam\u00e1 estaba con depresi\u00f3n posparto, ten\u00eda que estar con ella dos veces a la semana. Tengo tres hijos, y s\u00e9 que este v\u00ednculo afectivo es esencial para su desarrollo. Le hablaba y abrazaba para que sintiera mi calor, y supiera que no estaba solo, que estaba seguro y protegido. Me dio un poco de pena, pero me sent\u00ed muy \u00fatil y agradecida por esos momentos\u201d.<\/p>\n\n\n<div class=\"wp-block-image\">\n<figure class=\"aligncenter size-large\"><img decoding=\"async\" loading=\"lazy\" width=\"1024\" height=\"683\" src=\"https:\/\/revistacampus.uandes.cl\/2022\/wp-content\/uploads\/2022\/08\/00-Biblioruedas-Voluntariado-1024x683.jpg\" alt=\"\" class=\"wp-image-7460\" srcset=\"https:\/\/revistacampus.uandes.cl\/2022\/wp-content\/uploads\/2022\/08\/00-Biblioruedas-Voluntariado-1024x683.jpg 1024w, https:\/\/revistacampus.uandes.cl\/2022\/wp-content\/uploads\/2022\/08\/00-Biblioruedas-Voluntariado-300x200.jpg 300w, https:\/\/revistacampus.uandes.cl\/2022\/wp-content\/uploads\/2022\/08\/00-Biblioruedas-Voluntariado-768x512.jpg 768w, https:\/\/revistacampus.uandes.cl\/2022\/wp-content\/uploads\/2022\/08\/00-Biblioruedas-Voluntariado-720x480.jpg 720w, https:\/\/revistacampus.uandes.cl\/2022\/wp-content\/uploads\/2022\/08\/00-Biblioruedas-Voluntariado-480x320.jpg 480w, https:\/\/revistacampus.uandes.cl\/2022\/wp-content\/uploads\/2022\/08\/00-Biblioruedas-Voluntariado.jpg 1417w\" sizes=\"(max-width: 1024px) 100vw, 1024px\" \/><figcaption><br>En 2017, la Cl\u00ednica y la Universidad pusieron en marcha el proyecto <a href=\"https:\/\/www.clinicauandes.cl\/noticia\/fomentar-la-lectura-entre-los-pacientes-hospitalizados-agiliza-su-recuperacion\" target=\"_blank\" rel=\"noreferrer noopener\">Biblioruedas<\/a>, para poner la lectura a disposici\u00f3n de los pacientes hospitalizados. Hoy son los voluntarios del Programa de Acompa\u00f1amiento quienes ofrecen los libros y se encargan de le\u00e9rselos a los pacientes.<\/figcaption><\/figure><\/div>\n\n\n<p>El segundo semestre de 2020, y como parte del Programa, se incorpor\u00f3 una nueva iniciativa: la <strong><a rel=\"noreferrer noopener\" href=\"https:\/\/www.clinicauandes.cl\/servicios-y-unidades\/atencion-a-domicilio\" target=\"_blank\">Atenci\u00f3n a Domicilio<\/a> del Centro de Prevenci\u00f3n y Cuidado del Adulto Mayor<\/strong>. En plena crisis sanitaria, <strong>Catalina Figueroa, estudiante de <a rel=\"noreferrer noopener\" href=\"https:\/\/www.uandes.cl\/carrera\/kinesiologia\/\" target=\"_blank\">Kinesiolog\u00eda UANDES<\/a><\/strong>, comenz\u00f3 a visitar a dos hermanas, una de ellas estaba postrada y padec\u00eda de Alzheimer. \u201cIba dos veces a la semana para conversar y ayudarlas en las labores de la casa. Como los recursos eran escasos, y necesitaban insumos para las curaciones, se nos ocurri\u00f3 la idea de vender los limones de su huerta y crear la campa\u00f1a \u201cLim\u00f3n Solidario\u201d. El agradecimiento que uno recibe te llena de alegr\u00eda, te agranda el coraz\u00f3n. Solo he dado un poco de tiempo y cari\u00f1o, y he recibido mucho m\u00e1s\u201d.<\/p>\n\n\n\n<figure class=\"wp-block-embed is-type-video is-provider-youtube wp-block-embed-youtube wp-embed-aspect-16-9 wp-has-aspect-ratio\"><div class=\"wp-block-embed__wrapper\">\n<iframe loading=\"lazy\" title=\"Voluntariado Cl\u00ednica Universidad de los Andes\" width=\"1080\" height=\"608\" src=\"https:\/\/www.youtube.com\/embed\/UwTlhJXW89g?feature=oembed\" frameborder=\"0\" allow=\"accelerometer; autoplay; clipboard-write; encrypted-media; gyroscope; picture-in-picture\" allowfullscreen><\/iframe>\n<\/div><\/figure>\n\n\n\n<div class=\"alignfull wp-block-ugb-container ugb-container borde ugb-6de809b ugb-container--v2 ugb-container--design-plain ugb-main-block ugb-main-block--inner-center ugb--has-block-background\"><style>.ugb-6de809b.ugb-container{background-color:#ededed}.ugb-6de809b{padding:0 !important}.ugb-6de809b.ugb-container:before{background-color:#ededed}<\/style><div class=\"ugb-inner-block ugb-inner-block--center\"><div class=\"ugb-block-content\"><div class=\"ugb-container__wrapper ugb-6de809b-wrapper\"><div class=\"ugb-container__side\"><div class=\"ugb-container__content-wrapper ugb-6de809b-content-wrapper\">\n<div class=\"wp-block-ugb-columns ugb-columns ugb-6172648 ugb-columns--design-plain ugb-columns--columns-2 ugb-main-block\"><style>.ugb-6172648 > .ugb-inner-block > .ugb-block-content > .ugb-columns__item{grid-template-columns:0.60fr 1.40fr !important}.ugb-6172648-content-wrapper > .ugb-column{align-items:center !important}.ugb-6172648-content-wrapper > .ugb-column > .ugb-inner-block{height:auto !important}<\/style><div class=\"ugb-inner-block\"><div class=\"ugb-block-content\"><div class=\"ugb-columns__item ugb-6172648-content-wrapper\">\n<div class=\"wp-block-ugb-column ugb-column ugb-06448a1 ugb-column--design-plain ugb-main-block\"><div class=\"ugb-inner-block\"><div class=\"ugb-block-content\"><div class=\"ugb-column__item ugb-06448a1-column-wrapper\"><div class=\"ugb-column__content-wrapper\"><div class=\"wp-block-image is-style-rounded\">\n<figure class=\"aligncenter size-full is-resized\"><img decoding=\"async\" loading=\"lazy\" src=\"https:\/\/revistacampus.uandes.cl\/2022\/wp-content\/uploads\/2022\/08\/00-Gabriela-Cuevas-Jefa-Voluntariado.jpg\" alt=\"\" class=\"wp-image-7453\" width=\"221\" height=\"221\" srcset=\"https:\/\/revistacampus.uandes.cl\/2022\/wp-content\/uploads\/2022\/08\/00-Gabriela-Cuevas-Jefa-Voluntariado.jpg 882w, https:\/\/revistacampus.uandes.cl\/2022\/wp-content\/uploads\/2022\/08\/00-Gabriela-Cuevas-Jefa-Voluntariado-300x300.jpg 300w, https:\/\/revistacampus.uandes.cl\/2022\/wp-content\/uploads\/2022\/08\/00-Gabriela-Cuevas-Jefa-Voluntariado-150x150.jpg 150w, https:\/\/revistacampus.uandes.cl\/2022\/wp-content\/uploads\/2022\/08\/00-Gabriela-Cuevas-Jefa-Voluntariado-768x770.jpg 768w, https:\/\/revistacampus.uandes.cl\/2022\/wp-content\/uploads\/2022\/08\/00-Gabriela-Cuevas-Jefa-Voluntariado-480x481.jpg 480w\" sizes=\"(max-width: 221px) 100vw, 221px\" \/><figcaption>Gabriela Cuevas,<br>jefa del Programa de Acompa\u00f1amiento al Paciente y su Familia<\/figcaption><\/figure><\/div><\/div><\/div><\/div><\/div><\/div>\n\n\n\n<div class=\"wp-block-ugb-column ugb-column ugb-ad1947a ugb-column--design-plain ugb-main-block\"><div class=\"ugb-inner-block\"><div class=\"ugb-block-content\"><div class=\"ugb-column__item ugb-ad1947a-column-wrapper\"><div class=\"ugb-column__content-wrapper\">\n<p><strong><span style=\"color: #8ccb00;\" class=\"stk-highlight\">PROGRAMA DE VOLUNTARIADO<\/span><\/strong><\/p>\n\n\n\n<p>Alimentaci\u00f3n, compa\u00f1\u00eda y distracci\u00f3n de pacientes y menores de edad; apego a los reci\u00e9n nacidos, pr\u00e9stamo de libros y lectura, entrega de ropa, art\u00edculos de aseo personal, visitas a domicilio a pacientes geri\u00e1tricos, adem\u00e1s de apoyo espiritual por parte de los capellanes, son algunos de los servicios que ofrece el Programa.<\/p>\n<\/div><\/div><\/div><\/div><\/div>\n<\/div><\/div><\/div><\/div>\n<\/div><\/div><\/div><\/div><\/div><\/div>\n\n\n\n<div class=\"wp-block-ugb-columns ugb-columns ugb-7089d0e ugb-columns--design-plain ugb-columns--columns-2 ugb-main-block\"><style>.ugb-7089d0e-content-wrapper > .ugb-column{align-items:center !important}.ugb-7089d0e-content-wrapper > .ugb-column > .ugb-inner-block{height:auto !important}<\/style><div class=\"ugb-inner-block\"><div class=\"ugb-block-content\"><div class=\"ugb-columns__item ugb-7089d0e-content-wrapper\">\n<div class=\"wp-block-ugb-column ugb-column ugb-707430e ugb-column--design-plain ugb-main-block\"><div class=\"ugb-inner-block\"><div class=\"ugb-block-content\"><div class=\"ugb-column__item ugb-707430e-column-wrapper\"><div class=\"ugb-column__content-wrapper\">\n<h4 class=\"wp-block-heading\"><strong><span style=\"color: #8ccb00;\" class=\"stk-highlight\">TRABAJO COMPLEMENTARIO<\/span><\/strong><\/h4>\n\n\n\n<figure class=\"wp-block-image size-full is-style-default\"><img decoding=\"async\" loading=\"lazy\" width=\"480\" height=\"640\" src=\"https:\/\/revistacampus.uandes.cl\/2022\/wp-content\/uploads\/2022\/08\/image1_R.jpg\" alt=\"\" class=\"wp-image-7461\" srcset=\"https:\/\/revistacampus.uandes.cl\/2022\/wp-content\/uploads\/2022\/08\/image1_R.jpg 480w, https:\/\/revistacampus.uandes.cl\/2022\/wp-content\/uploads\/2022\/08\/image1_R-225x300.jpg 225w\" sizes=\"(max-width: 480px) 100vw, 480px\" \/><figcaption><br>Sebasti\u00e1n Saba, alumno de Medicina y uno de los 30 voluntarios acreditados<\/figcaption><\/figure>\n<\/div><\/div><\/div><\/div><\/div>\n\n\n\n<div class=\"wp-block-ugb-column ugb-column ugb-d645fd9 ugb-column--design-plain ugb-main-block\"><div class=\"ugb-inner-block\"><div class=\"ugb-block-content\"><div class=\"ugb-column__item ugb-d645fd9-column-wrapper\"><div class=\"ugb-column__content-wrapper\">\n<p>\u201cEst\u00e1 comprobado cl\u00ednicamente que el paciente necesita una motivaci\u00f3n que lo ayude a sanarse y, muchas veces, es la distracci\u00f3n que le puede ofrecer una persona distinta, que, en este caso, es el voluntario\u201d, explica <strong>Gabriela Cuevas, jefa del Programa<\/strong>. Este trabajo est\u00e1 \u00edntimamente vinculado con la misi\u00f3n y los valores de la Cl\u00ednica, ya que es un aporte fundamental para la atenci\u00f3n de la persona y su familia, mediante la calidez humana y el apoyo afectivo, que complementa la asistencia del personal sanitario.<\/p>\n<\/div><\/div><\/div><\/div><\/div>\n<\/div><\/div><\/div><\/div>\n\n\n\n<p>\u201cLo que mueve a los voluntarios es el bien del otro\u201d, destaca Gabriela, quien se encarga de seleccionar a los interesados, capacitarlos, levantar las necesidades de los pacientes, y planificar las visitas. \u201cEs importante tener un orden de prioridades, saber qu\u00e9 pacientes necesitan m\u00e1s compa\u00f1\u00eda o atenci\u00f3n. Por ejemplo, cuando aumentan los problemas respiratorios, como ahora, implementamos algunas iniciativas en las salas de espera de la Urgencia, ofreci\u00e9ndo caf\u00e9, comida, distracci\u00f3n, y as\u00ed hacerles m\u00e1s amena y llevadera la angustia y preocupaci\u00f3n que tienen. Esa es nuestra labor\u201d.<\/p>\n\n\n\n<div class=\"wp-block-ugb-columns ugb-columns ugb-b803c1e ugb-columns--design-plain ugb-columns--columns-2 ugb-main-block\"><style>.ugb-b803c1e > .ugb-inner-block > .ugb-block-content > .ugb-columns__item{grid-template-columns:0.40fr 1.60fr !important}.ugb-b803c1e-content-wrapper > .ugb-column{align-items:center !important}.ugb-b803c1e-content-wrapper > .ugb-column > .ugb-inner-block{height:auto !important}<\/style><div class=\"ugb-inner-block\"><div class=\"ugb-block-content\"><div class=\"ugb-columns__item ugb-b803c1e-content-wrapper\">\n<div class=\"wp-block-ugb-column ugb-column ugb-cdd4c94 ugb-column--design-plain ugb-main-block\"><div class=\"ugb-inner-block\"><div class=\"ugb-block-content\"><div class=\"ugb-column__item ugb-cdd4c94-column-wrapper\"><div class=\"ugb-column__content-wrapper\"><div class=\"wp-block-image\">\n<figure class=\"aligncenter size-full is-resized\"><img decoding=\"async\" loading=\"lazy\" src=\"https:\/\/revistacampus.uandes.cl\/2022\/wp-content\/uploads\/2022\/08\/elemento1-1.png\" alt=\"\" class=\"wp-image-7463\" width=\"100\" height=\"136\" srcset=\"https:\/\/revistacampus.uandes.cl\/2022\/wp-content\/uploads\/2022\/08\/elemento1-1.png 400w, https:\/\/revistacampus.uandes.cl\/2022\/wp-content\/uploads\/2022\/08\/elemento1-1-221x300.png 221w\" sizes=\"(max-width: 100px) 100vw, 100px\" \/><\/figure><\/div><\/div><\/div><\/div><\/div><\/div>\n\n\n\n<div class=\"wp-block-ugb-column ugb-column ugb-67615b0 ugb-column--design-plain ugb-main-block\"><div class=\"ugb-inner-block\"><div class=\"ugb-block-content\"><div class=\"ugb-column__item ugb-67615b0-column-wrapper\"><div class=\"ugb-column__content-wrapper\">\n<p class=\"has-text-align-left\"><em><strong>La Cl\u00ednica UANDES tambi\u00e9n ofrece acompa\u00f1amiento espiritual a los enfermos que lo soliciten, a trav\u00e9s de los capellanes. Es un soporte adicional que favorece la contenci\u00f3n, reecontrarse con la fe y dar tranquilidad.<\/strong><\/em><\/p>\n<\/div><\/div><\/div><\/div><\/div>\n<\/div><\/div><\/div><\/div>\n\n\n\n<p>Con este mismo prop\u00f3sito, el centro docente asistencial realiz\u00f3 una alianza con la Universidad para que alumnos pudieran participar. \u201cPensamos en darles la oportunidad de servir, destinando parte de su tiempo a una causa de enorme valor, cuya misi\u00f3n es aliviar a quien est\u00e1 sufriendo. En la medida que tengamos m\u00e1s alumnos interesados, estamos evaluando la posibilidad de llevar el programa a hospitales p\u00fablicos\u201d, afirma <strong>Gabriela Cuevas<\/strong>.<\/p>\n\n\n\n<p style=\"font-size:15px\">Por: Karin Grollmus<\/p>\n","protected":false},"excerpt":{"rendered":"<p>Son hombres y mujeres, que donan su tiempo, entregan apoyo, acompa\u00f1an y escuchan a quienes, producto de una enfermedad, deben estar semanas o meses hospitalizados. Ellos ofrecen compa\u00f1\u00eda sin esperar retribuci\u00f3n, y aseguran recibir mucho m\u00e1s de lo que dan. No son m\u00e9dicos ni forman parte del personal cl\u00ednico, pero su labor puede ser clave para la recuperaci\u00f3n y mejor\u00eda emocional de los enfermos. Son estudiantes de distintas carreras de la UANDES y tambi\u00e9n miembros de la comunidad, que participan voluntariamente en el Programa de Acompa\u00f1amiento al Paciente y su Familia de la Cl\u00ednica Universidad de los Andes. Inspirado en<\/p>\n","protected":false},"author":2,"featured_media":7451,"comment_status":"open","ping_status":"open","sticky":false,"template":"","format":"standard","meta":{"inline_featured_image":false,"_mi_skip_tracking":false,"_monsterinsights_sitenote_active":false,"_monsterinsights_sitenote_note":"","_monsterinsights_sitenote_category":0,"footnotes":""},"categories":[52],"tags":[],"featured_image_urls":{"full":["https:\/\/revistacampus.uandes.cl\/2022\/wp-content\/uploads\/2022\/08\/programa2.jpg",1772,1292,false],"thumbnail":["https:\/\/revistacampus.uandes.cl\/2022\/wp-content\/uploads\/2022\/08\/programa2-150x150.jpg",150,150,true],"medium":["https:\/\/revistacampus.uandes.cl\/2022\/wp-content\/uploads\/2022\/08\/programa2-300x219.jpg",300,219,true],"medium_large":["https:\/\/revistacampus.uandes.cl\/2022\/wp-content\/uploads\/2022\/08\/programa2-768x560.jpg",768,560,true],"large":["https:\/\/revistacampus.uandes.cl\/2022\/wp-content\/uploads\/2022\/08\/programa2-1024x747.jpg",1024,747,true],"1536x1536":["https:\/\/revistacampus.uandes.cl\/2022\/wp-content\/uploads\/2022\/08\/programa2-1536x1120.jpg",1536,1120,true],"2048x2048":["https:\/\/revistacampus.uandes.cl\/2022\/wp-content\/uploads\/2022\/08\/programa2.jpg",1772,1292,false],"thumbnail-medium":["https:\/\/revistacampus.uandes.cl\/2022\/wp-content\/uploads\/2022\/08\/programa2-480x384.jpg",480,384,true],"thumbnail-square":["https:\/\/revistacampus.uandes.cl\/2022\/wp-content\/uploads\/2022\/08\/programa2-480x480.jpg",480,480,true],"thumbnail-portrait":["https:\/\/revistacampus.uandes.cl\/2022\/wp-content\/uploads\/2022\/08\/programa2-480x600.jpg",480,600,true],"thumbnail-large":["https:\/\/revistacampus.uandes.cl\/2022\/wp-content\/uploads\/2022\/08\/programa2-720x480.jpg",720,480,true],"thumbnail-medium-nocrop":["https:\/\/revistacampus.uandes.cl\/2022\/wp-content\/uploads\/2022\/08\/programa2-480x350.jpg",480,350,true]},"post_excerpt_stackable":"<p>Son hombres y mujeres, que donan su tiempo, entregan apoyo, acompa\u00f1an y escuchan a quienes, producto de una enfermedad, deben estar semanas o meses hospitalizados. Ellos ofrecen compa\u00f1\u00eda sin esperar retribuci\u00f3n, y aseguran recibir mucho m\u00e1s de lo que dan. No son m\u00e9dicos ni forman parte del personal cl\u00ednico, pero su labor puede ser clave para la recuperaci\u00f3n y mejor\u00eda emocional de los enfermos. Son estudiantes de distintas carreras de la UANDES y tambi\u00e9n miembros de la comunidad, que participan voluntariamente en el Programa de Acompa\u00f1amiento al Paciente y su Familia de la Cl\u00ednica Universidad de los Andes. Inspirado en&hellip;<\/p>\n","category_list":"<a href=\"https:\/\/revistacampus.uandes.cl\/2022\/category\/servir-y-trascender\/\" rel=\"category tag\">Servir y trascender<\/a>","author_info":{"name":"Revista Campus","url":"https:\/\/revistacampus.uandes.cl\/2022\/author\/campus2020\/"},"comments_num":"0 comments","featured_image_urls_v2":{"full":["https:\/\/revistacampus.uandes.cl\/2022\/wp-content\/uploads\/2022\/08\/programa2.jpg",1772,1292,false],"thumbnail":["https:\/\/revistacampus.uandes.cl\/2022\/wp-content\/uploads\/2022\/08\/programa2-150x150.jpg",150,150,true],"medium":["https:\/\/revistacampus.uandes.cl\/2022\/wp-content\/uploads\/2022\/08\/programa2-300x219.jpg",300,219,true],"medium_large":["https:\/\/revistacampus.uandes.cl\/2022\/wp-content\/uploads\/2022\/08\/programa2-768x560.jpg",768,560,true],"large":["https:\/\/revistacampus.uandes.cl\/2022\/wp-content\/uploads\/2022\/08\/programa2-1024x747.jpg",1024,747,true],"1536x1536":["https:\/\/revistacampus.uandes.cl\/2022\/wp-content\/uploads\/2022\/08\/programa2-1536x1120.jpg",1536,1120,true],"2048x2048":["https:\/\/revistacampus.uandes.cl\/2022\/wp-content\/uploads\/2022\/08\/programa2.jpg",1772,1292,false],"thumbnail-medium":["https:\/\/revistacampus.uandes.cl\/2022\/wp-content\/uploads\/2022\/08\/programa2-480x384.jpg",480,384,true],"thumbnail-square":["https:\/\/revistacampus.uandes.cl\/2022\/wp-content\/uploads\/2022\/08\/programa2-480x480.jpg",480,480,true],"thumbnail-portrait":["https:\/\/revistacampus.uandes.cl\/2022\/wp-content\/uploads\/2022\/08\/programa2-480x600.jpg",480,600,true],"thumbnail-large":["https:\/\/revistacampus.uandes.cl\/2022\/wp-content\/uploads\/2022\/08\/programa2-720x480.jpg",720,480,true],"thumbnail-medium-nocrop":["https:\/\/revistacampus.uandes.cl\/2022\/wp-content\/uploads\/2022\/08\/programa2-480x350.jpg",480,350,true]},"post_excerpt_stackable_v2":"<p>Son hombres y mujeres, que donan su tiempo, entregan apoyo, acompa\u00f1an y escuchan a quienes, producto de una enfermedad, deben estar semanas o meses hospitalizados. Ellos ofrecen compa\u00f1\u00eda sin esperar retribuci\u00f3n, y aseguran recibir mucho m\u00e1s de lo que dan. No son m\u00e9dicos ni forman parte del personal cl\u00ednico, pero su labor puede ser clave para la recuperaci\u00f3n y mejor\u00eda emocional de los enfermos. Son estudiantes de distintas carreras de la UANDES y tambi\u00e9n miembros de la comunidad, que participan voluntariamente en el Programa de Acompa\u00f1amiento al Paciente y su Familia de la Cl\u00ednica Universidad de los Andes. Inspirado en&hellip;<\/p>\n","category_list_v2":"<a href=\"https:\/\/revistacampus.uandes.cl\/2022\/category\/servir-y-trascender\/\" rel=\"category tag\">Servir y trascender<\/a>","author_info_v2":{"name":"Revista Campus","url":"https:\/\/revistacampus.uandes.cl\/2022\/author\/campus2020\/"},"comments_num_v2":"0 comments","_links":{"self":[{"href":"https:\/\/revistacampus.uandes.cl\/2022\/wp-json\/wp\/v2\/posts\/6624"}],"collection":[{"href":"https:\/\/revistacampus.uandes.cl\/2022\/wp-json\/wp\/v2\/posts"}],"about":[{"href":"https:\/\/revistacampus.uandes.cl\/2022\/wp-json\/wp\/v2\/types\/post"}],"author":[{"embeddable":true,"href":"https:\/\/revistacampus.uandes.cl\/2022\/wp-json\/wp\/v2\/users\/2"}],"replies":[{"embeddable":true,"href":"https:\/\/revistacampus.uandes.cl\/2022\/wp-json\/wp\/v2\/comments?post=6624"}],"version-history":[{"count":17,"href":"https:\/\/revistacampus.uandes.cl\/2022\/wp-json\/wp\/v2\/posts\/6624\/revisions"}],"predecessor-version":[{"id":8032,"href":"https:\/\/revistacampus.uandes.cl\/2022\/wp-json\/wp\/v2\/posts\/6624\/revisions\/8032"}],"wp:featuredmedia":[{"embeddable":true,"href":"https:\/\/revistacampus.uandes.cl\/2022\/wp-json\/wp\/v2\/media\/7451"}],"wp:attachment":[{"href":"https:\/\/revistacampus.uandes.cl\/2022\/wp-json\/wp\/v2\/media?parent=6624"}],"wp:term":[{"taxonomy":"category","embeddable":true,"href":"https:\/\/revistacampus.uandes.cl\/2022\/wp-json\/wp\/v2\/categories?post=6624"},{"taxonomy":"post_tag","embeddable":true,"href":"https:\/\/revistacampus.uandes.cl\/2022\/wp-json\/wp\/v2\/tags?post=6624"}],"curies":[{"name":"wp","href":"https:\/\/api.w.org\/{rel}","templated":true}]}}